{"id":114732,"date":"2025-02-13T13:58:09","date_gmt":"2025-02-13T19:58:09","guid":{"rendered":"https:\/\/quehacerpolitico.mx\/?p=114732"},"modified":"2025-02-13T13:58:12","modified_gmt":"2025-02-13T19:58:12","slug":"google-esta-equivocadoanaliza-sheinbaum-presentar-una-denuncia-civil-contra-google-tras-el-cambio-de-nombre-del-golfo-de-mexico-a-golfo-de-america","status":"publish","type":"post","link":"https:\/\/quehacerpolitico.mx\/?p=114732","title":{"rendered":"\u201cGoogle est\u00e1 equivocado\u201d:Analiza Sheinbaum presentar una denuncia civil contra Google tras el cambio de nombre del Golfo de M\u00e9xico a &#8220;Golfo de Am\u00e9rica&#8221;"},"content":{"rendered":"\n<p>Por Redacci\u00f3n QP<\/p>\n\n\n\n<p>Sin embargo, la presidenta se\u00f1al\u00f3 que esperar\u00e1 la respuesta de Google, mientras la Consejer\u00eda Jur\u00eddica de Presidencia se encuentra analizando el asunto<\/p>\n\n\n\n<p>La presidenta&nbsp;<strong>Claudia Sheinbaum<\/strong>&nbsp;indic\u00f3 que su gobierno plantea interponer una demanda civil contra Google por cambiar el nombre del Golfo de M\u00e9xico a Golfo de Am\u00e9rica en&nbsp;<strong>Maps<\/strong>&nbsp;por decisi\u00f3n de Estados Unidos.&nbsp;<\/p>\n\n\n\n<p>En su conferencia matutina, la mandataria explic\u00f3 que la empresa\u00a0<strong>defendi\u00f3 esta modificaci\u00f3n<\/strong>\u00a0en la respuesta a la\u00a0carta enviada por M\u00e9xico.<\/p>\n\n\n\n<figure class=\"wp-block-embed is-type-rich is-provider-twitter wp-block-embed-twitter\"><div class=\"wp-block-embed__wrapper\">\n<blockquote class=\"twitter-tweet\" data-width=\"550\" data-dnt=\"true\"><p lang=\"es\" dir=\"ltr\">Analiza <a href=\"https:\/\/twitter.com\/Claudiashein?ref_src=twsrc%5Etfw\">@Claudiashein<\/a> presentar una denuncia civil contra <a href=\"https:\/\/twitter.com\/hashtag\/Google?src=hash&amp;ref_src=twsrc%5Etfw\">#Google<\/a> tras el cambio de nombre del Golfo de M\u00e9xico a &quot;Golfo de Am\u00e9rica&quot;. <a href=\"https:\/\/t.co\/rg1kywREqq\">pic.twitter.com\/rg1kywREqq<\/a><\/p>&mdash; Manuel Lopez San Martin (@MLopezSanMartin) <a href=\"https:\/\/twitter.com\/MLopezSanMartin\/status\/1890068067805430200?ref_src=twsrc%5Etfw\">February 13, 2025<\/a><\/blockquote><script async src=\"https:\/\/platform.twitter.com\/widgets.js\" charset=\"utf-8\"><\/script>\n<\/div><\/figure>\n\n\n\n<p>Ante esto, Sheinbaum se\u00f1al\u00f3 que el canciller,\u00a0<strong>Juan Ram\u00f3n de la Fuente<\/strong>, contest\u00f3 y regres\u00f3\u00a0la misiva \u201cdiciendo que est\u00e1n equivocados, que no se puede llamar a todo el Golfo de M\u00e9xico como Golfo de Am\u00e9rica\u201d.<\/p>\n\n\n\n<p>En el documento tambi\u00e9n se habr\u00eda incluido el decreto que firm\u00f3 Donald Trump y se explicaron las normas internacionales que impedir\u00edan el cambio.&nbsp;<\/p>\n\n\n\n<p>\u201cSi siguen insistiendo, nosotros tambi\u00e9n ah\u00ed estamos pensando<strong>&nbsp;incluso una demanda,<\/strong>porque incluso est\u00e1 nombrando sobre el territorio mexicano, que es nuestra plataforma continental\u201d, explic\u00f3 a la prensa.&nbsp;<\/p>\n\n\n\n<p>Sin embargo, se\u00f1al\u00f3 que esperar\u00e1 la respuesta de Google, mientras la&nbsp;<strong>Consejer\u00eda Jur\u00eddica de Presidencia<\/strong>&nbsp;se encuentra analizando el asunto.&nbsp;<\/p>\n\n\n\n<p>\u201cEs importante que&nbsp;las empresas privadas que se dedican a la informaci\u00f3n, pues den bien la informaci\u00f3n. Particularmente, una plataforma como esta\u201d, puntualiz\u00f3.&nbsp;<\/p>\n\n\n\n<p>La orden ejecutiva de&nbsp;Donald Trump&nbsp;de cambiar el nombre al&nbsp;cuerpo de agua entr\u00f3 en vigor el primer d\u00eda de su gobierno, este&nbsp;mandato obliga a su administraci\u00f3n a sustituir el nombre en su&nbsp;plataforma continental.&nbsp;<\/p>\n","protected":false},"excerpt":{"rendered":"<p>Por Redacci\u00f3n QP Sin embargo, la presidenta se\u00f1al\u00f3 que esperar\u00e1 la respuesta de Google, mientras&#8230;<\/p>\n","protected":false},"author":2,"featured_media":114733,"comment_status":"open","ping_status":"open","sticky":false,"template":"","format":"standard","meta":{"_monsterinsights_skip_tracking":false,"_monsterinsights_sitenote_active":false,"_monsterinsights_sitenote_note":"","_monsterinsights_sitenote_category":0,"footnotes":""},"categories":[280,2],"tags":[],"class_list":["post-114732","post","type-post","status-publish","format-standard","has-post-thumbnail","hentry","category-nacionales","category-noticias"],"yoast_head":"<!-- This site is optimized with the Yoast SEO plugin v27.3 - https:\/\/yoast.com\/product\/yoast-seo-wordpress\/ -->\n<title>\u201cGoogle est\u00e1 equivocado\u201d:Analiza Sheinbaum presentar una denuncia civil contra Google tras el cambio de nombre del Golfo de M\u00e9xico a &quot;Golfo de Am\u00e9rica&quot; -<\/title>\n<meta name=\"robots\" content=\"index, follow, max-snippet:-1, max-image-preview:large, max-video-preview:-1\" \/>\n<link rel=\"canonical\" href=\"https:\/\/quehacerpolitico.mx\/?p=114732\" \/>\n<meta property=\"og:locale\" content=\"es_MX\" \/>\n<meta property=\"og:type\" content=\"article\" \/>\n<meta property=\"og:title\" content=\"\u201cGoogle est\u00e1 equivocado\u201d:Analiza Sheinbaum presentar una denuncia civil contra Google tras el cambio de nombre del Golfo de M\u00e9xico a &quot;Golfo de Am\u00e9rica&quot; -\" \/>\n<meta property=\"og:description\" content=\"Por Redacci\u00f3n QP Sin embargo, la presidenta se\u00f1al\u00f3 que esperar\u00e1 la respuesta de Google, mientras...\" \/>\n<meta property=\"og:url\" content=\"https:\/\/quehacerpolitico.mx\/?p=114732\" \/>\n<meta property=\"article:published_time\" content=\"2025-02-13T19:58:09+00:00\" \/>\n<meta property=\"article:modified_time\" content=\"2025-02-13T19:58:12+00:00\" \/>\n<meta property=\"og:image\" content=\"https:\/\/quehacerpolitico.mx\/wp-content\/uploads\/2025\/02\/IMG_0573.jpeg\" \/>\n\t<meta property=\"og:image:width\" content=\"1284\" \/>\n\t<meta property=\"og:image:height\" content=\"689\" \/>\n\t<meta property=\"og:image:type\" content=\"image\/jpeg\" \/>\n<meta name=\"author\" content=\"Redacci\u00f3n QP\" \/>\n<meta name=\"twitter:card\" content=\"summary_large_image\" \/>\n<meta name=\"twitter:label1\" content=\"Escrito por\" \/>\n\t<meta name=\"twitter:data1\" content=\"Redacci\u00f3n QP\" \/>\n\t<meta name=\"twitter:label2\" content=\"Tiempo de lectura\" \/>\n\t<meta name=\"twitter:data2\" content=\"2 minutos\" \/>\n<script type=\"application\/ld+json\" class=\"yoast-schema-graph\">{\"@context\":\"https:\\\/\\\/schema.org\",\"@graph\":[{\"@type\":\"Article\",\"@id\":\"https:\\\/\\\/quehacerpolitico.mx\\\/?p=114732#article\",\"isPartOf\":{\"@id\":\"https:\\\/\\\/quehacerpolitico.mx\\\/?p=114732\"},\"author\":{\"name\":\"Redacci\u00f3n QP\",\"@id\":\"https:\\\/\\\/quehacerpolitico.mx\\\/#\\\/schema\\\/person\\\/496d8ad2d1d3f8036101dca7ee39e585\"},\"headline\":\"\u201cGoogle est\u00e1 equivocado\u201d:Analiza Sheinbaum presentar una denuncia civil contra Google tras el cambio de nombre del Golfo de M\u00e9xico a &#8220;Golfo de Am\u00e9rica&#8221;\",\"datePublished\":\"2025-02-13T19:58:09+00:00\",\"dateModified\":\"2025-02-13T19:58:12+00:00\",\"mainEntityOfPage\":{\"@id\":\"https:\\\/\\\/quehacerpolitico.mx\\\/?p=114732\"},\"wordCount\":329,\"commentCount\":0,\"image\":{\"@id\":\"https:\\\/\\\/quehacerpolitico.mx\\\/?p=114732#primaryimage\"},\"thumbnailUrl\":\"https:\\\/\\\/quehacerpolitico.mx\\\/wp-content\\\/uploads\\\/2025\\\/02\\\/IMG_0573.jpeg\",\"articleSection\":[\"Nacionales\",\"Noticias\"],\"inLanguage\":\"es\",\"potentialAction\":[{\"@type\":\"CommentAction\",\"name\":\"Comment\",\"target\":[\"https:\\\/\\\/quehacerpolitico.mx\\\/?p=114732#respond\"]}]},{\"@type\":\"WebPage\",\"@id\":\"https:\\\/\\\/quehacerpolitico.mx\\\/?p=114732\",\"url\":\"https:\\\/\\\/quehacerpolitico.mx\\\/?p=114732\",\"name\":\"\u201cGoogle est\u00e1 equivocado\u201d:Analiza Sheinbaum presentar una denuncia civil contra Google tras el cambio de nombre del Golfo de M\u00e9xico a \\\"Golfo de Am\u00e9rica\\\" -\",\"isPartOf\":{\"@id\":\"https:\\\/\\\/quehacerpolitico.mx\\\/#website\"},\"primaryImageOfPage\":{\"@id\":\"https:\\\/\\\/quehacerpolitico.mx\\\/?p=114732#primaryimage\"},\"image\":{\"@id\":\"https:\\\/\\\/quehacerpolitico.mx\\\/?p=114732#primaryimage\"},\"thumbnailUrl\":\"https:\\\/\\\/quehacerpolitico.mx\\\/wp-content\\\/uploads\\\/2025\\\/02\\\/IMG_0573.jpeg\",\"datePublished\":\"2025-02-13T19:58:09+00:00\",\"dateModified\":\"2025-02-13T19:58:12+00:00\",\"author\":{\"@id\":\"https:\\\/\\\/quehacerpolitico.mx\\\/#\\\/schema\\\/person\\\/496d8ad2d1d3f8036101dca7ee39e585\"},\"breadcrumb\":{\"@id\":\"https:\\\/\\\/quehacerpolitico.mx\\\/?p=114732#breadcrumb\"},\"inLanguage\":\"es\",\"potentialAction\":[{\"@type\":\"ReadAction\",\"target\":[\"https:\\\/\\\/quehacerpolitico.mx\\\/?p=114732\"]}]},{\"@type\":\"ImageObject\",\"inLanguage\":\"es\",\"@id\":\"https:\\\/\\\/quehacerpolitico.mx\\\/?p=114732#primaryimage\",\"url\":\"https:\\\/\\\/quehacerpolitico.mx\\\/wp-content\\\/uploads\\\/2025\\\/02\\\/IMG_0573.jpeg\",\"contentUrl\":\"https:\\\/\\\/quehacerpolitico.mx\\\/wp-content\\\/uploads\\\/2025\\\/02\\\/IMG_0573.jpeg\",\"width\":1284,\"height\":689,\"caption\":\"Screenshot\"},{\"@type\":\"BreadcrumbList\",\"@id\":\"https:\\\/\\\/quehacerpolitico.mx\\\/?p=114732#breadcrumb\",\"itemListElement\":[{\"@type\":\"ListItem\",\"position\":1,\"name\":\"Inicio\",\"item\":\"https:\\\/\\\/quehacerpolitico.mx\\\/\"},{\"@type\":\"ListItem\",\"position\":2,\"name\":\"\u201cGoogle est\u00e1 equivocado\u201d:Analiza Sheinbaum presentar una denuncia civil contra Google tras el cambio de nombre del Golfo de M\u00e9xico a &#8220;Golfo de Am\u00e9rica&#8221;\"}]},{\"@type\":\"WebSite\",\"@id\":\"https:\\\/\\\/quehacerpolitico.mx\\\/#website\",\"url\":\"https:\\\/\\\/quehacerpolitico.mx\\\/\",\"name\":\"\",\"description\":\"\",\"potentialAction\":[{\"@type\":\"SearchAction\",\"target\":{\"@type\":\"EntryPoint\",\"urlTemplate\":\"https:\\\/\\\/quehacerpolitico.mx\\\/?s={search_term_string}\"},\"query-input\":{\"@type\":\"PropertyValueSpecification\",\"valueRequired\":true,\"valueName\":\"search_term_string\"}}],\"inLanguage\":\"es\"},{\"@type\":\"Person\",\"@id\":\"https:\\\/\\\/quehacerpolitico.mx\\\/#\\\/schema\\\/person\\\/496d8ad2d1d3f8036101dca7ee39e585\",\"name\":\"Redacci\u00f3n QP\",\"image\":{\"@type\":\"ImageObject\",\"inLanguage\":\"es\",\"@id\":\"https:\\\/\\\/secure.gravatar.com\\\/avatar\\\/c7164ed6fdec453195284ad24a5ae5b6e1eed2b848477fa2a4787ba9adf39a41?s=96&d=mm&r=g\",\"url\":\"https:\\\/\\\/secure.gravatar.com\\\/avatar\\\/c7164ed6fdec453195284ad24a5ae5b6e1eed2b848477fa2a4787ba9adf39a41?s=96&d=mm&r=g\",\"contentUrl\":\"https:\\\/\\\/secure.gravatar.com\\\/avatar\\\/c7164ed6fdec453195284ad24a5ae5b6e1eed2b848477fa2a4787ba9adf39a41?s=96&d=mm&r=g\",\"caption\":\"Redacci\u00f3n QP\"},\"url\":\"https:\\\/\\\/quehacerpolitico.mx\\\/?author=2\"}]}<\/script>\n<!-- \/ Yoast SEO plugin. -->","yoast_head_json":{"title":"\u201cGoogle est\u00e1 equivocado\u201d:Analiza Sheinbaum presentar una denuncia civil contra Google tras el cambio de nombre del Golfo de M\u00e9xico a \"Golfo de Am\u00e9rica\" -","robots":{"index":"index","follow":"follow","max-snippet":"max-snippet:-1","max-image-preview":"max-image-preview:large","max-video-preview":"max-video-preview:-1"},"canonical":"https:\/\/quehacerpolitico.mx\/?p=114732","og_locale":"es_MX","og_type":"article","og_title":"\u201cGoogle est\u00e1 equivocado\u201d:Analiza Sheinbaum presentar una denuncia civil contra Google tras el cambio de nombre del Golfo de M\u00e9xico a \"Golfo de Am\u00e9rica\" -","og_description":"Por Redacci\u00f3n QP Sin embargo, la presidenta se\u00f1al\u00f3 que esperar\u00e1 la respuesta de Google, mientras...","og_url":"https:\/\/quehacerpolitico.mx\/?p=114732","article_published_time":"2025-02-13T19:58:09+00:00","article_modified_time":"2025-02-13T19:58:12+00:00","og_image":[{"width":1284,"height":689,"url":"https:\/\/quehacerpolitico.mx\/wp-content\/uploads\/2025\/02\/IMG_0573.jpeg","type":"image\/jpeg"}],"author":"Redacci\u00f3n QP","twitter_card":"summary_large_image","twitter_misc":{"Escrito por":"Redacci\u00f3n QP","Tiempo de lectura":"2 minutos"},"schema":{"@context":"https:\/\/schema.org","@graph":[{"@type":"Article","@id":"https:\/\/quehacerpolitico.mx\/?p=114732#article","isPartOf":{"@id":"https:\/\/quehacerpolitico.mx\/?p=114732"},"author":{"name":"Redacci\u00f3n QP","@id":"https:\/\/quehacerpolitico.mx\/#\/schema\/person\/496d8ad2d1d3f8036101dca7ee39e585"},"headline":"\u201cGoogle est\u00e1 equivocado\u201d:Analiza Sheinbaum presentar una denuncia civil contra Google tras el cambio de nombre del Golfo de M\u00e9xico a &#8220;Golfo de Am\u00e9rica&#8221;","datePublished":"2025-02-13T19:58:09+00:00","dateModified":"2025-02-13T19:58:12+00:00","mainEntityOfPage":{"@id":"https:\/\/quehacerpolitico.mx\/?p=114732"},"wordCount":329,"commentCount":0,"image":{"@id":"https:\/\/quehacerpolitico.mx\/?p=114732#primaryimage"},"thumbnailUrl":"https:\/\/quehacerpolitico.mx\/wp-content\/uploads\/2025\/02\/IMG_0573.jpeg","articleSection":["Nacionales","Noticias"],"inLanguage":"es","potentialAction":[{"@type":"CommentAction","name":"Comment","target":["https:\/\/quehacerpolitico.mx\/?p=114732#respond"]}]},{"@type":"WebPage","@id":"https:\/\/quehacerpolitico.mx\/?p=114732","url":"https:\/\/quehacerpolitico.mx\/?p=114732","name":"\u201cGoogle est\u00e1 equivocado\u201d:Analiza Sheinbaum presentar una denuncia civil contra Google tras el cambio de nombre del Golfo de M\u00e9xico a \"Golfo de Am\u00e9rica\" -","isPartOf":{"@id":"https:\/\/quehacerpolitico.mx\/#website"},"primaryImageOfPage":{"@id":"https:\/\/quehacerpolitico.mx\/?p=114732#primaryimage"},"image":{"@id":"https:\/\/quehacerpolitico.mx\/?p=114732#primaryimage"},"thumbnailUrl":"https:\/\/quehacerpolitico.mx\/wp-content\/uploads\/2025\/02\/IMG_0573.jpeg","datePublished":"2025-02-13T19:58:09+00:00","dateModified":"2025-02-13T19:58:12+00:00","author":{"@id":"https:\/\/quehacerpolitico.mx\/#\/schema\/person\/496d8ad2d1d3f8036101dca7ee39e585"},"breadcrumb":{"@id":"https:\/\/quehacerpolitico.mx\/?p=114732#breadcrumb"},"inLanguage":"es","potentialAction":[{"@type":"ReadAction","target":["https:\/\/quehacerpolitico.mx\/?p=114732"]}]},{"@type":"ImageObject","inLanguage":"es","@id":"https:\/\/quehacerpolitico.mx\/?p=114732#primaryimage","url":"https:\/\/quehacerpolitico.mx\/wp-content\/uploads\/2025\/02\/IMG_0573.jpeg","contentUrl":"https:\/\/quehacerpolitico.mx\/wp-content\/uploads\/2025\/02\/IMG_0573.jpeg","width":1284,"height":689,"caption":"Screenshot"},{"@type":"BreadcrumbList","@id":"https:\/\/quehacerpolitico.mx\/?p=114732#breadcrumb","itemListElement":[{"@type":"ListItem","position":1,"name":"Inicio","item":"https:\/\/quehacerpolitico.mx\/"},{"@type":"ListItem","position":2,"name":"\u201cGoogle est\u00e1 equivocado\u201d:Analiza Sheinbaum presentar una denuncia civil contra Google tras el cambio de nombre del Golfo de M\u00e9xico a &#8220;Golfo de Am\u00e9rica&#8221;"}]},{"@type":"WebSite","@id":"https:\/\/quehacerpolitico.mx\/#website","url":"https:\/\/quehacerpolitico.mx\/","name":"","description":"","potentialAction":[{"@type":"SearchAction","target":{"@type":"EntryPoint","urlTemplate":"https:\/\/quehacerpolitico.mx\/?s={search_term_string}"},"query-input":{"@type":"PropertyValueSpecification","valueRequired":true,"valueName":"search_term_string"}}],"inLanguage":"es"},{"@type":"Person","@id":"https:\/\/quehacerpolitico.mx\/#\/schema\/person\/496d8ad2d1d3f8036101dca7ee39e585","name":"Redacci\u00f3n QP","image":{"@type":"ImageObject","inLanguage":"es","@id":"https:\/\/secure.gravatar.com\/avatar\/c7164ed6fdec453195284ad24a5ae5b6e1eed2b848477fa2a4787ba9adf39a41?s=96&d=mm&r=g","url":"https:\/\/secure.gravatar.com\/avatar\/c7164ed6fdec453195284ad24a5ae5b6e1eed2b848477fa2a4787ba9adf39a41?s=96&d=mm&r=g","contentUrl":"https:\/\/secure.gravatar.com\/avatar\/c7164ed6fdec453195284ad24a5ae5b6e1eed2b848477fa2a4787ba9adf39a41?s=96&d=mm&r=g","caption":"Redacci\u00f3n QP"},"url":"https:\/\/quehacerpolitico.mx\/?author=2"}]}},"featured_image_urls":{"full":["https:\/\/quehacerpolitico.mx\/wp-content\/uploads\/2025\/02\/IMG_0573.jpeg",1284,689,false],"thumbnail":["https:\/\/quehacerpolitico.mx\/wp-content\/uploads\/2025\/02\/IMG_0573-150x150.jpeg",150,150,true],"medium":["https:\/\/quehacerpolitico.mx\/wp-content\/uploads\/2025\/02\/IMG_0573-300x161.jpeg",300,161,true],"medium_large":["https:\/\/quehacerpolitico.mx\/wp-content\/uploads\/2025\/02\/IMG_0573-768x412.jpeg",640,343,true],"large":["https:\/\/quehacerpolitico.mx\/wp-content\/uploads\/2025\/02\/IMG_0573-1024x549.jpeg",640,343,true],"1536x1536":["https:\/\/quehacerpolitico.mx\/wp-content\/uploads\/2025\/02\/IMG_0573.jpeg",1284,689,false],"2048x2048":["https:\/\/quehacerpolitico.mx\/wp-content\/uploads\/2025\/02\/IMG_0573.jpeg",1284,689,false],"covernews-featured":["https:\/\/quehacerpolitico.mx\/wp-content\/uploads\/2025\/02\/IMG_0573-1024x549.jpeg",1024,549,true],"covernews-medium":["https:\/\/quehacerpolitico.mx\/wp-content\/uploads\/2025\/02\/IMG_0573-540x340.jpeg",540,340,true]},"author_info":{"display_name":"Redacci\u00f3n QP","author_link":"https:\/\/quehacerpolitico.mx\/?author=2"},"category_info":"<a href=\"https:\/\/quehacerpolitico.mx\/?cat=280\" rel=\"category\">Nacionales<\/a> <a href=\"https:\/\/quehacerpolitico.mx\/?cat=2\" rel=\"category\">Noticias<\/a>","tag_info":"Noticias","comment_count":"0","_links":{"self":[{"href":"https:\/\/quehacerpolitico.mx\/index.php?rest_route=\/wp\/v2\/posts\/114732","targetHints":{"allow":["GET"]}}],"collection":[{"href":"https:\/\/quehacerpolitico.mx\/index.php?rest_route=\/wp\/v2\/posts"}],"about":[{"href":"https:\/\/quehacerpolitico.mx\/index.php?rest_route=\/wp\/v2\/types\/post"}],"author":[{"embeddable":true,"href":"https:\/\/quehacerpolitico.mx\/index.php?rest_route=\/wp\/v2\/users\/2"}],"replies":[{"embeddable":true,"href":"https:\/\/quehacerpolitico.mx\/index.php?rest_route=%2Fwp%2Fv2%2Fcomments&post=114732"}],"version-history":[{"count":1,"href":"https:\/\/quehacerpolitico.mx\/index.php?rest_route=\/wp\/v2\/posts\/114732\/revisions"}],"predecessor-version":[{"id":114734,"href":"https:\/\/quehacerpolitico.mx\/index.php?rest_route=\/wp\/v2\/posts\/114732\/revisions\/114734"}],"wp:featuredmedia":[{"embeddable":true,"href":"https:\/\/quehacerpolitico.mx\/index.php?rest_route=\/wp\/v2\/media\/114733"}],"wp:attachment":[{"href":"https:\/\/quehacerpolitico.mx\/index.php?rest_route=%2Fwp%2Fv2%2Fmedia&parent=114732"}],"wp:term":[{"taxonomy":"category","embeddable":true,"href":"https:\/\/quehacerpolitico.mx\/index.php?rest_route=%2Fwp%2Fv2%2Fcategories&post=114732"},{"taxonomy":"post_tag","embeddable":true,"href":"https:\/\/quehacerpolitico.mx\/index.php?rest_route=%2Fwp%2Fv2%2Ftags&post=114732"}],"curies":[{"name":"wp","href":"https:\/\/api.w.org\/{rel}","templated":true}]}}