{"id":114679,"date":"2025-02-07T14:56:55","date_gmt":"2025-02-07T20:56:55","guid":{"rendered":"https:\/\/quehacerpolitico.mx\/?p=114679"},"modified":"2025-02-07T14:56:58","modified_gmt":"2025-02-07T20:56:58","slug":"sheinbaum-propone-que-cambien-las-letras-de-los-corridos-tumbados-en-vez-de-prohibirlos","status":"publish","type":"post","link":"https:\/\/quehacerpolitico.mx\/?p=114679","title":{"rendered":"Sheinbaum propone que cambien las letras de los corridos tumbados en vez de prohibirlos"},"content":{"rendered":"\n<p>Por Redacci\u00f3n QP<\/p>\n\n\n\n<p>\u201cNo estoy de acuerdo en prohibir, estoy de acuerdo en la concientizaci\u00f3n, en la educaci\u00f3n, en abrir nuevas formas de corridos tumbados que no tengan nada que ver con enaltecer la violencia&#8221;, dijo tras prohibici\u00f3n de este g\u00e9nero en Nayarit<\/p>\n\n\n\n<p>La presidenta de M\u00e9xico,&nbsp;<strong>Claudia Sheinbaum<\/strong>, rechaz\u00f3 estar a favor de&nbsp;<strong>prohibir los corridos tumbados<\/strong>, como lo hizo el gobierno de<strong>&nbsp;Nayarit<\/strong>, estado del occidente del pa\u00eds que el mi\u00e9rcoles public\u00f3 un decreto que proh\u00edbe la interpretaci\u00f3n y reproducci\u00f3n p\u00fablica de m\u00fasica que haga \u201c<strong>apolog\u00eda del delito<\/strong>\u201d.<\/p>\n\n\n\n<p>\u201cNo estoy de acuerdo en prohibir, estoy de acuerdo en la&nbsp;<strong>concientizaci\u00f3n<\/strong>, en la educaci\u00f3n, en abrir nuevas formas de&nbsp;<strong>corridos tumbados<\/strong>&nbsp;que no tengan nada que ver con<strong>&nbsp;enaltecer la violencia<\/strong>, las drogas,&nbsp;<strong>la discriminaci\u00f3n a las mujeres<\/strong>\u201d, se\u00f1al\u00f3 la mandataria durante su conferencia de prensa matutina.<\/p>\n\n\n\n<figure class=\"wp-block-embed is-type-rich is-provider-twitter wp-block-embed-twitter\"><div class=\"wp-block-embed__wrapper\">\n<blockquote class=\"twitter-tweet\" data-width=\"550\" data-dnt=\"true\"><p lang=\"es\" dir=\"ltr\">La presidenta Claudia Sheinbaum dijo no estar de acuerdo en que se prohiban los llamados narcocorridos, en cambio dijo estar de acuerdo en la concientizaci\u00f3n y la educaci\u00f3n, en nuevas formas de corridos tumbados que no enaltezcan la discriminaci\u00f3n hacia las mujeres, la violencia,\u2026 <a href=\"https:\/\/t.co\/AW4AQCOIdJ\">pic.twitter.com\/AW4AQCOIdJ<\/a><\/p>&mdash; Azucena Uresti (@azucenau) <a href=\"https:\/\/twitter.com\/azucenau\/status\/1887886565181145275?ref_src=twsrc%5Etfw\">February 7, 2025<\/a><\/blockquote><script async src=\"https:\/\/platform.twitter.com\/widgets.js\" charset=\"utf-8\"><\/script>\n<\/div><\/figure>\n\n\n\n<p>La reacci\u00f3n de la gobernante mexicana ocurre luego de que&nbsp;<strong>Nayarit&nbsp;<\/strong>publicar\u00e1 en el Peri\u00f3dico Oficial del Estado el decreto que proh\u00edbe la reproducci\u00f3n de&nbsp;<strong>corridos tumbados<\/strong>, narcocorridos, corridos progresivos, b\u00e9licos, alterados y todo g\u00e9nero que promueva la &#8220;<strong>apolog\u00eda del delito<\/strong>&#8221; y &#8220;la violencia&#8221; en eventos p\u00fablicos.<\/p>\n\n\n\n<p>De acuerdo con el documento, esta m\u00fasica no podr\u00e1 reproducirse en plazas, auditorios, estadios y centros de espect\u00e1culos, y la Secretar\u00eda de Seguridad y Protecci\u00f3n Ciudadana del Estado de Nayarit (SSPC) est\u00e1 facultada para \u201c<strong>realizar operativos<\/strong>&nbsp;de inspecci\u00f3n en los eventos p\u00fablicos\u201d para verificar el cumplimiento del decreto.<\/p>\n\n\n\n<p>Adem\u00e1s, le otorga facultades para imponer las&nbsp;<strong>sanciones<\/strong>&nbsp;correspondientes en caso de incumplimiento, las cuales van desde la suspensi\u00f3n temporal o definitiva del evento hasta la revocaci\u00f3n de permisos de funcionamiento del inmueble.<\/p>\n\n\n\n<p>Sheinbaum asegur\u00f3 que es &#8220;muy dif\u00edcil&#8221; prohibir este tipo de m\u00fasica, y resalt\u00f3 que autoridades de&nbsp;<strong>Durango<\/strong>&nbsp;har\u00e1n un festival de&nbsp;<strong>m\u00fasica mexicana<\/strong>&nbsp;que incluye corridos tumbados, \u201cpero con otras letras\u201d pues lo que se busca es reivindicar valores como el amor, la paz, la felicidad y el desamor.<\/p>\n\n\n\n<p>\u201cTodo lo que queremos de la<strong>&nbsp;m\u00fasica mexicana<\/strong>, pero que no sea el enaltecimiento de la violencia\u201d, enfatiz\u00f3.<\/p>\n\n\n\n<p>Tras el reciente y aplastante \u00e9xito de los&nbsp;<strong>corridos tumbados<\/strong>, pol\u00edticos de varios estados del pa\u00eds han tratado de prohibir los conciertos de este g\u00e9nero.&nbsp;<\/p>\n\n\n\n<p>Incluso, el expresidente de M\u00e9xico Andr\u00e9s Manuel L\u00f3pez Obrador (2018-2024) cre\u00f3 una lista de&nbsp;<strong>\u00e9xitos musicales<\/strong>&nbsp;con la que busc\u00f3 mostrar que hay artistas mexicanos que no fomentan un estilo de vida lujoso y lleno de excesos y violencia.<\/p>\n\n\n\n<p>Con informaci\u00f3n de EFE<\/p>\n","protected":false},"excerpt":{"rendered":"<p>Por Redacci\u00f3n QP \u201cNo estoy de acuerdo en prohibir, estoy de acuerdo en la concientizaci\u00f3n,&#8230;<\/p>\n","protected":false},"author":2,"featured_media":114680,"comment_status":"open","ping_status":"open","sticky":false,"template":"","format":"standard","meta":{"_monsterinsights_skip_tracking":false,"_monsterinsights_sitenote_active":false,"_monsterinsights_sitenote_note":"","_monsterinsights_sitenote_category":0,"footnotes":""},"categories":[280,2],"tags":[],"class_list":["post-114679","post","type-post","status-publish","format-standard","has-post-thumbnail","hentry","category-nacionales","category-noticias"],"yoast_head":"<!-- This site is optimized with the Yoast SEO plugin v27.3 - https:\/\/yoast.com\/product\/yoast-seo-wordpress\/ -->\n<title>Sheinbaum propone que cambien las letras de los corridos tumbados en vez de prohibirlos -<\/title>\n<meta name=\"robots\" content=\"index, follow, max-snippet:-1, max-image-preview:large, max-video-preview:-1\" \/>\n<link rel=\"canonical\" href=\"https:\/\/quehacerpolitico.mx\/?p=114679\" \/>\n<meta property=\"og:locale\" content=\"es_MX\" \/>\n<meta property=\"og:type\" content=\"article\" \/>\n<meta property=\"og:title\" content=\"Sheinbaum propone que cambien las letras de los corridos tumbados en vez de prohibirlos -\" \/>\n<meta property=\"og:description\" content=\"Por Redacci\u00f3n QP \u201cNo estoy de acuerdo en prohibir, estoy de acuerdo en la concientizaci\u00f3n,...\" \/>\n<meta property=\"og:url\" content=\"https:\/\/quehacerpolitico.mx\/?p=114679\" \/>\n<meta property=\"article:published_time\" content=\"2025-02-07T20:56:55+00:00\" \/>\n<meta property=\"article:modified_time\" content=\"2025-02-07T20:56:58+00:00\" \/>\n<meta property=\"og:image\" content=\"https:\/\/quehacerpolitico.mx\/wp-content\/uploads\/2025\/02\/IMG_0517.jpeg\" \/>\n\t<meta property=\"og:image:width\" content=\"1120\" \/>\n\t<meta property=\"og:image:height\" content=\"706\" \/>\n\t<meta property=\"og:image:type\" content=\"image\/jpeg\" \/>\n<meta name=\"author\" content=\"Redacci\u00f3n QP\" \/>\n<meta name=\"twitter:card\" content=\"summary_large_image\" \/>\n<meta name=\"twitter:label1\" content=\"Escrito por\" \/>\n\t<meta name=\"twitter:data1\" content=\"Redacci\u00f3n QP\" \/>\n\t<meta name=\"twitter:label2\" content=\"Tiempo de lectura\" \/>\n\t<meta name=\"twitter:data2\" content=\"2 minutos\" \/>\n<script type=\"application\/ld+json\" class=\"yoast-schema-graph\">{\"@context\":\"https:\\\/\\\/schema.org\",\"@graph\":[{\"@type\":\"Article\",\"@id\":\"https:\\\/\\\/quehacerpolitico.mx\\\/?p=114679#article\",\"isPartOf\":{\"@id\":\"https:\\\/\\\/quehacerpolitico.mx\\\/?p=114679\"},\"author\":{\"name\":\"Redacci\u00f3n QP\",\"@id\":\"https:\\\/\\\/quehacerpolitico.mx\\\/#\\\/schema\\\/person\\\/496d8ad2d1d3f8036101dca7ee39e585\"},\"headline\":\"Sheinbaum propone que cambien las letras de los corridos tumbados en vez de prohibirlos\",\"datePublished\":\"2025-02-07T20:56:55+00:00\",\"dateModified\":\"2025-02-07T20:56:58+00:00\",\"mainEntityOfPage\":{\"@id\":\"https:\\\/\\\/quehacerpolitico.mx\\\/?p=114679\"},\"wordCount\":496,\"commentCount\":0,\"image\":{\"@id\":\"https:\\\/\\\/quehacerpolitico.mx\\\/?p=114679#primaryimage\"},\"thumbnailUrl\":\"https:\\\/\\\/quehacerpolitico.mx\\\/wp-content\\\/uploads\\\/2025\\\/02\\\/IMG_0517.jpeg\",\"articleSection\":[\"Nacionales\",\"Noticias\"],\"inLanguage\":\"es\",\"potentialAction\":[{\"@type\":\"CommentAction\",\"name\":\"Comment\",\"target\":[\"https:\\\/\\\/quehacerpolitico.mx\\\/?p=114679#respond\"]}]},{\"@type\":\"WebPage\",\"@id\":\"https:\\\/\\\/quehacerpolitico.mx\\\/?p=114679\",\"url\":\"https:\\\/\\\/quehacerpolitico.mx\\\/?p=114679\",\"name\":\"Sheinbaum propone que cambien las letras de los corridos tumbados en vez de prohibirlos -\",\"isPartOf\":{\"@id\":\"https:\\\/\\\/quehacerpolitico.mx\\\/#website\"},\"primaryImageOfPage\":{\"@id\":\"https:\\\/\\\/quehacerpolitico.mx\\\/?p=114679#primaryimage\"},\"image\":{\"@id\":\"https:\\\/\\\/quehacerpolitico.mx\\\/?p=114679#primaryimage\"},\"thumbnailUrl\":\"https:\\\/\\\/quehacerpolitico.mx\\\/wp-content\\\/uploads\\\/2025\\\/02\\\/IMG_0517.jpeg\",\"datePublished\":\"2025-02-07T20:56:55+00:00\",\"dateModified\":\"2025-02-07T20:56:58+00:00\",\"author\":{\"@id\":\"https:\\\/\\\/quehacerpolitico.mx\\\/#\\\/schema\\\/person\\\/496d8ad2d1d3f8036101dca7ee39e585\"},\"breadcrumb\":{\"@id\":\"https:\\\/\\\/quehacerpolitico.mx\\\/?p=114679#breadcrumb\"},\"inLanguage\":\"es\",\"potentialAction\":[{\"@type\":\"ReadAction\",\"target\":[\"https:\\\/\\\/quehacerpolitico.mx\\\/?p=114679\"]}]},{\"@type\":\"ImageObject\",\"inLanguage\":\"es\",\"@id\":\"https:\\\/\\\/quehacerpolitico.mx\\\/?p=114679#primaryimage\",\"url\":\"https:\\\/\\\/quehacerpolitico.mx\\\/wp-content\\\/uploads\\\/2025\\\/02\\\/IMG_0517.jpeg\",\"contentUrl\":\"https:\\\/\\\/quehacerpolitico.mx\\\/wp-content\\\/uploads\\\/2025\\\/02\\\/IMG_0517.jpeg\",\"width\":1120,\"height\":706,\"caption\":\"Screenshot\"},{\"@type\":\"BreadcrumbList\",\"@id\":\"https:\\\/\\\/quehacerpolitico.mx\\\/?p=114679#breadcrumb\",\"itemListElement\":[{\"@type\":\"ListItem\",\"position\":1,\"name\":\"Inicio\",\"item\":\"https:\\\/\\\/quehacerpolitico.mx\\\/\"},{\"@type\":\"ListItem\",\"position\":2,\"name\":\"Sheinbaum propone que cambien las letras de los corridos tumbados en vez de prohibirlos\"}]},{\"@type\":\"WebSite\",\"@id\":\"https:\\\/\\\/quehacerpolitico.mx\\\/#website\",\"url\":\"https:\\\/\\\/quehacerpolitico.mx\\\/\",\"name\":\"\",\"description\":\"\",\"potentialAction\":[{\"@type\":\"SearchAction\",\"target\":{\"@type\":\"EntryPoint\",\"urlTemplate\":\"https:\\\/\\\/quehacerpolitico.mx\\\/?s={search_term_string}\"},\"query-input\":{\"@type\":\"PropertyValueSpecification\",\"valueRequired\":true,\"valueName\":\"search_term_string\"}}],\"inLanguage\":\"es\"},{\"@type\":\"Person\",\"@id\":\"https:\\\/\\\/quehacerpolitico.mx\\\/#\\\/schema\\\/person\\\/496d8ad2d1d3f8036101dca7ee39e585\",\"name\":\"Redacci\u00f3n QP\",\"image\":{\"@type\":\"ImageObject\",\"inLanguage\":\"es\",\"@id\":\"https:\\\/\\\/secure.gravatar.com\\\/avatar\\\/c7164ed6fdec453195284ad24a5ae5b6e1eed2b848477fa2a4787ba9adf39a41?s=96&d=mm&r=g\",\"url\":\"https:\\\/\\\/secure.gravatar.com\\\/avatar\\\/c7164ed6fdec453195284ad24a5ae5b6e1eed2b848477fa2a4787ba9adf39a41?s=96&d=mm&r=g\",\"contentUrl\":\"https:\\\/\\\/secure.gravatar.com\\\/avatar\\\/c7164ed6fdec453195284ad24a5ae5b6e1eed2b848477fa2a4787ba9adf39a41?s=96&d=mm&r=g\",\"caption\":\"Redacci\u00f3n QP\"},\"url\":\"https:\\\/\\\/quehacerpolitico.mx\\\/?author=2\"}]}<\/script>\n<!-- \/ Yoast SEO plugin. -->","yoast_head_json":{"title":"Sheinbaum propone que cambien las letras de los corridos tumbados en vez de prohibirlos -","robots":{"index":"index","follow":"follow","max-snippet":"max-snippet:-1","max-image-preview":"max-image-preview:large","max-video-preview":"max-video-preview:-1"},"canonical":"https:\/\/quehacerpolitico.mx\/?p=114679","og_locale":"es_MX","og_type":"article","og_title":"Sheinbaum propone que cambien las letras de los corridos tumbados en vez de prohibirlos -","og_description":"Por Redacci\u00f3n QP \u201cNo estoy de acuerdo en prohibir, estoy de acuerdo en la concientizaci\u00f3n,...","og_url":"https:\/\/quehacerpolitico.mx\/?p=114679","article_published_time":"2025-02-07T20:56:55+00:00","article_modified_time":"2025-02-07T20:56:58+00:00","og_image":[{"width":1120,"height":706,"url":"https:\/\/quehacerpolitico.mx\/wp-content\/uploads\/2025\/02\/IMG_0517.jpeg","type":"image\/jpeg"}],"author":"Redacci\u00f3n QP","twitter_card":"summary_large_image","twitter_misc":{"Escrito por":"Redacci\u00f3n QP","Tiempo de lectura":"2 minutos"},"schema":{"@context":"https:\/\/schema.org","@graph":[{"@type":"Article","@id":"https:\/\/quehacerpolitico.mx\/?p=114679#article","isPartOf":{"@id":"https:\/\/quehacerpolitico.mx\/?p=114679"},"author":{"name":"Redacci\u00f3n QP","@id":"https:\/\/quehacerpolitico.mx\/#\/schema\/person\/496d8ad2d1d3f8036101dca7ee39e585"},"headline":"Sheinbaum propone que cambien las letras de los corridos tumbados en vez de prohibirlos","datePublished":"2025-02-07T20:56:55+00:00","dateModified":"2025-02-07T20:56:58+00:00","mainEntityOfPage":{"@id":"https:\/\/quehacerpolitico.mx\/?p=114679"},"wordCount":496,"commentCount":0,"image":{"@id":"https:\/\/quehacerpolitico.mx\/?p=114679#primaryimage"},"thumbnailUrl":"https:\/\/quehacerpolitico.mx\/wp-content\/uploads\/2025\/02\/IMG_0517.jpeg","articleSection":["Nacionales","Noticias"],"inLanguage":"es","potentialAction":[{"@type":"CommentAction","name":"Comment","target":["https:\/\/quehacerpolitico.mx\/?p=114679#respond"]}]},{"@type":"WebPage","@id":"https:\/\/quehacerpolitico.mx\/?p=114679","url":"https:\/\/quehacerpolitico.mx\/?p=114679","name":"Sheinbaum propone que cambien las letras de los corridos tumbados en vez de prohibirlos -","isPartOf":{"@id":"https:\/\/quehacerpolitico.mx\/#website"},"primaryImageOfPage":{"@id":"https:\/\/quehacerpolitico.mx\/?p=114679#primaryimage"},"image":{"@id":"https:\/\/quehacerpolitico.mx\/?p=114679#primaryimage"},"thumbnailUrl":"https:\/\/quehacerpolitico.mx\/wp-content\/uploads\/2025\/02\/IMG_0517.jpeg","datePublished":"2025-02-07T20:56:55+00:00","dateModified":"2025-02-07T20:56:58+00:00","author":{"@id":"https:\/\/quehacerpolitico.mx\/#\/schema\/person\/496d8ad2d1d3f8036101dca7ee39e585"},"breadcrumb":{"@id":"https:\/\/quehacerpolitico.mx\/?p=114679#breadcrumb"},"inLanguage":"es","potentialAction":[{"@type":"ReadAction","target":["https:\/\/quehacerpolitico.mx\/?p=114679"]}]},{"@type":"ImageObject","inLanguage":"es","@id":"https:\/\/quehacerpolitico.mx\/?p=114679#primaryimage","url":"https:\/\/quehacerpolitico.mx\/wp-content\/uploads\/2025\/02\/IMG_0517.jpeg","contentUrl":"https:\/\/quehacerpolitico.mx\/wp-content\/uploads\/2025\/02\/IMG_0517.jpeg","width":1120,"height":706,"caption":"Screenshot"},{"@type":"BreadcrumbList","@id":"https:\/\/quehacerpolitico.mx\/?p=114679#breadcrumb","itemListElement":[{"@type":"ListItem","position":1,"name":"Inicio","item":"https:\/\/quehacerpolitico.mx\/"},{"@type":"ListItem","position":2,"name":"Sheinbaum propone que cambien las letras de los corridos tumbados en vez de prohibirlos"}]},{"@type":"WebSite","@id":"https:\/\/quehacerpolitico.mx\/#website","url":"https:\/\/quehacerpolitico.mx\/","name":"","description":"","potentialAction":[{"@type":"SearchAction","target":{"@type":"EntryPoint","urlTemplate":"https:\/\/quehacerpolitico.mx\/?s={search_term_string}"},"query-input":{"@type":"PropertyValueSpecification","valueRequired":true,"valueName":"search_term_string"}}],"inLanguage":"es"},{"@type":"Person","@id":"https:\/\/quehacerpolitico.mx\/#\/schema\/person\/496d8ad2d1d3f8036101dca7ee39e585","name":"Redacci\u00f3n QP","image":{"@type":"ImageObject","inLanguage":"es","@id":"https:\/\/secure.gravatar.com\/avatar\/c7164ed6fdec453195284ad24a5ae5b6e1eed2b848477fa2a4787ba9adf39a41?s=96&d=mm&r=g","url":"https:\/\/secure.gravatar.com\/avatar\/c7164ed6fdec453195284ad24a5ae5b6e1eed2b848477fa2a4787ba9adf39a41?s=96&d=mm&r=g","contentUrl":"https:\/\/secure.gravatar.com\/avatar\/c7164ed6fdec453195284ad24a5ae5b6e1eed2b848477fa2a4787ba9adf39a41?s=96&d=mm&r=g","caption":"Redacci\u00f3n QP"},"url":"https:\/\/quehacerpolitico.mx\/?author=2"}]}},"featured_image_urls":{"full":["https:\/\/quehacerpolitico.mx\/wp-content\/uploads\/2025\/02\/IMG_0517.jpeg",1120,706,false],"thumbnail":["https:\/\/quehacerpolitico.mx\/wp-content\/uploads\/2025\/02\/IMG_0517-150x150.jpeg",150,150,true],"medium":["https:\/\/quehacerpolitico.mx\/wp-content\/uploads\/2025\/02\/IMG_0517-300x189.jpeg",300,189,true],"medium_large":["https:\/\/quehacerpolitico.mx\/wp-content\/uploads\/2025\/02\/IMG_0517-768x484.jpeg",640,403,true],"large":["https:\/\/quehacerpolitico.mx\/wp-content\/uploads\/2025\/02\/IMG_0517-1024x645.jpeg",640,403,true],"1536x1536":["https:\/\/quehacerpolitico.mx\/wp-content\/uploads\/2025\/02\/IMG_0517.jpeg",1120,706,false],"2048x2048":["https:\/\/quehacerpolitico.mx\/wp-content\/uploads\/2025\/02\/IMG_0517.jpeg",1120,706,false],"covernews-featured":["https:\/\/quehacerpolitico.mx\/wp-content\/uploads\/2025\/02\/IMG_0517-1024x645.jpeg",1024,645,true],"covernews-medium":["https:\/\/quehacerpolitico.mx\/wp-content\/uploads\/2025\/02\/IMG_0517-540x340.jpeg",540,340,true]},"author_info":{"display_name":"Redacci\u00f3n QP","author_link":"https:\/\/quehacerpolitico.mx\/?author=2"},"category_info":"<a href=\"https:\/\/quehacerpolitico.mx\/?cat=280\" rel=\"category\">Nacionales<\/a> <a href=\"https:\/\/quehacerpolitico.mx\/?cat=2\" rel=\"category\">Noticias<\/a>","tag_info":"Noticias","comment_count":"0","_links":{"self":[{"href":"https:\/\/quehacerpolitico.mx\/index.php?rest_route=\/wp\/v2\/posts\/114679","targetHints":{"allow":["GET"]}}],"collection":[{"href":"https:\/\/quehacerpolitico.mx\/index.php?rest_route=\/wp\/v2\/posts"}],"about":[{"href":"https:\/\/quehacerpolitico.mx\/index.php?rest_route=\/wp\/v2\/types\/post"}],"author":[{"embeddable":true,"href":"https:\/\/quehacerpolitico.mx\/index.php?rest_route=\/wp\/v2\/users\/2"}],"replies":[{"embeddable":true,"href":"https:\/\/quehacerpolitico.mx\/index.php?rest_route=%2Fwp%2Fv2%2Fcomments&post=114679"}],"version-history":[{"count":1,"href":"https:\/\/quehacerpolitico.mx\/index.php?rest_route=\/wp\/v2\/posts\/114679\/revisions"}],"predecessor-version":[{"id":114681,"href":"https:\/\/quehacerpolitico.mx\/index.php?rest_route=\/wp\/v2\/posts\/114679\/revisions\/114681"}],"wp:featuredmedia":[{"embeddable":true,"href":"https:\/\/quehacerpolitico.mx\/index.php?rest_route=\/wp\/v2\/media\/114680"}],"wp:attachment":[{"href":"https:\/\/quehacerpolitico.mx\/index.php?rest_route=%2Fwp%2Fv2%2Fmedia&parent=114679"}],"wp:term":[{"taxonomy":"category","embeddable":true,"href":"https:\/\/quehacerpolitico.mx\/index.php?rest_route=%2Fwp%2Fv2%2Fcategories&post=114679"},{"taxonomy":"post_tag","embeddable":true,"href":"https:\/\/quehacerpolitico.mx\/index.php?rest_route=%2Fwp%2Fv2%2Ftags&post=114679"}],"curies":[{"name":"wp","href":"https:\/\/api.w.org\/{rel}","templated":true}]}}