{"id":114675,"date":"2025-02-07T14:39:25","date_gmt":"2025-02-07T20:39:25","guid":{"rendered":"https:\/\/quehacerpolitico.mx\/?p=114675"},"modified":"2025-02-07T14:39:27","modified_gmt":"2025-02-07T20:39:27","slug":"morena-vs-morena-sheinbaum-advierte-que-vetara-la-ley-que-permite-el-cobro-de-adeudos-via-nomina","status":"publish","type":"post","link":"https:\/\/quehacerpolitico.mx\/?p=114675","title":{"rendered":"Morena vs. Morena: Sheinbaum advierte que vetar\u00e1 la ley que permite el cobro de adeudos v\u00eda n\u00f3mina"},"content":{"rendered":"\n<p>Por Redacci\u00f3n QP<\/p>\n\n\n\n<p>Recientemente, los senadores de Morena y grupos pol\u00edticos afines revivieron la iniciativa tambi\u00e9n conocida como cobranza delegada<\/p>\n\n\n\n<p>La presidenta de M\u00e9xico,&nbsp;<strong>Claudia Sheinbaum<\/strong>, advirti\u00f3 a su partido Morena en el Senado de la Rep\u00fablica que vetar\u00e1 la ley que permite el&nbsp;<strong>cobro de adeudos en la n\u00f3mina de los trabajadores.<\/strong><\/p>\n\n\n\n<p>\u201cNosotros no estamos de acuerdo con eso, que quede claro: el&nbsp;<strong>salario del trabajador es el salario del trabajador.<\/strong>&nbsp;Entonces, yo espero que<strong>&nbsp;no la apruebe<\/strong>&nbsp;el Senado de la Rep\u00fablica, y si la llegara a aprobar, la vamos a vetar\u201d, advirti\u00f3.<\/p>\n\n\n\n<figure class=\"wp-block-embed is-type-video is-provider-youtube wp-block-embed-youtube wp-embed-aspect-16-9 wp-has-aspect-ratio\"><div class=\"wp-block-embed__wrapper\">\n<iframe loading=\"lazy\" title=\"Si aprueban cobranza v\u00eda n\u00f3mina, la veto.- CSP\" width=\"640\" height=\"360\" src=\"https:\/\/www.youtube.com\/embed\/XgFP7DvAlvk?feature=oembed\" frameborder=\"0\" allow=\"accelerometer; autoplay; clipboard-write; encrypted-media; gyroscope; picture-in-picture; web-share\" referrerpolicy=\"strict-origin-when-cross-origin\" allowfullscreen><\/iframe>\n<\/div><\/figure>\n\n\n\n<p>En conferencia de prensa, la mandataria insisti\u00f3 que, si bien los legisladores tienen derecho a aprobar la ley, de hacerlo, la vetar\u00eda.<\/p>\n\n\n\n<p>\u201cEl salario de los trabajadores es intocable. Hay otras formas en que las&nbsp;<strong>instituciones de cr\u00e9dito<\/strong>&nbsp;pueden hacer su trabajo para que se&nbsp;<strong>paguen los cr\u00e9ditos<\/strong>, pero no a trav\u00e9s del descuento de n\u00f3mina obligatoria\u201d, insisti\u00f3.<\/p>\n\n\n\n<p>Recientemente, los<strong>&nbsp;senadores de Morena&nbsp;<\/strong>y grupos pol\u00edticos afines revivieron la reforma que permitir\u00eda<strong>&nbsp;embargar el salario<\/strong>&nbsp;de los trabajadores para el pago de cr\u00e9ditos de n\u00f3mina.<\/p>\n\n\n\n<p>El mi\u00e9rcoles, la Comisi\u00f3n de Hacienda del Senado, que preside el morenista<strong>Cuauht\u00e9moc Ochoa<\/strong>, convoc\u00f3 para discutir esa reforma tambi\u00e9n conocida como&nbsp;<strong>cobranza delegada<\/strong>, que ordena a empleadores descontar a trabajadores de salario o cualquier compensaci\u00f3n, el monto por un cr\u00e9dito contra\u00eddo con \u201cempresas nomineras\u201d o Sociedades Financieras de Objeto M\u00faltiple, Entidades No Reguladas (SOFOM). Sin embargo, el senador morenista cancel\u00f3 la reuni\u00f3n sin ninguna explicaci\u00f3n.<\/p>\n\n\n\n<p>Esta propuesta, realizada en 2022 y que hab\u00eda sido rechazada en su momento por el&nbsp;<strong>expresidente Andr\u00e9s Manuel L\u00f3pez Obrador,<\/strong>&nbsp;plantea modificaciones en las normas relacionadas con la Ley General de T\u00edtulos y Operaci\u00f3n de Cr\u00e9dito, la Ley de Organizaciones y Actividades Auxiliares del Cr\u00e9dito, as\u00ed como la Ley de Protecci\u00f3n y Defensa al Usuario de Servicios Financieros.<\/p>\n","protected":false},"excerpt":{"rendered":"<p>Por Redacci\u00f3n QP Recientemente, los senadores de Morena y grupos pol\u00edticos afines revivieron la iniciativa&#8230;<\/p>\n","protected":false},"author":2,"featured_media":114677,"comment_status":"open","ping_status":"open","sticky":false,"template":"","format":"standard","meta":{"_monsterinsights_skip_tracking":false,"_monsterinsights_sitenote_active":false,"_monsterinsights_sitenote_note":"","_monsterinsights_sitenote_category":0,"footnotes":""},"categories":[280,2],"tags":[],"class_list":["post-114675","post","type-post","status-publish","format-standard","has-post-thumbnail","hentry","category-nacionales","category-noticias"],"yoast_head":"<!-- This site is optimized with the Yoast SEO plugin v27.3 - https:\/\/yoast.com\/product\/yoast-seo-wordpress\/ -->\n<title>Morena vs. Morena: Sheinbaum advierte que vetar\u00e1 la ley que permite el cobro de adeudos v\u00eda n\u00f3mina -<\/title>\n<meta name=\"robots\" content=\"index, follow, max-snippet:-1, max-image-preview:large, max-video-preview:-1\" \/>\n<link rel=\"canonical\" href=\"https:\/\/quehacerpolitico.mx\/?p=114675\" \/>\n<meta property=\"og:locale\" content=\"es_MX\" \/>\n<meta property=\"og:type\" content=\"article\" \/>\n<meta property=\"og:title\" content=\"Morena vs. Morena: Sheinbaum advierte que vetar\u00e1 la ley que permite el cobro de adeudos v\u00eda n\u00f3mina -\" \/>\n<meta property=\"og:description\" content=\"Por Redacci\u00f3n QP Recientemente, los senadores de Morena y grupos pol\u00edticos afines revivieron la iniciativa...\" \/>\n<meta property=\"og:url\" content=\"https:\/\/quehacerpolitico.mx\/?p=114675\" \/>\n<meta property=\"article:published_time\" content=\"2025-02-07T20:39:25+00:00\" \/>\n<meta property=\"article:modified_time\" content=\"2025-02-07T20:39:27+00:00\" \/>\n<meta property=\"og:image\" content=\"https:\/\/quehacerpolitico.mx\/wp-content\/uploads\/2025\/02\/IMG_0516-1.jpeg\" \/>\n\t<meta property=\"og:image:width\" content=\"951\" \/>\n\t<meta property=\"og:image:height\" content=\"699\" \/>\n\t<meta property=\"og:image:type\" content=\"image\/jpeg\" \/>\n<meta name=\"author\" content=\"Redacci\u00f3n QP\" \/>\n<meta name=\"twitter:card\" content=\"summary_large_image\" \/>\n<meta name=\"twitter:label1\" content=\"Escrito por\" \/>\n\t<meta name=\"twitter:data1\" content=\"Redacci\u00f3n QP\" \/>\n\t<meta name=\"twitter:label2\" content=\"Tiempo de lectura\" \/>\n\t<meta name=\"twitter:data2\" content=\"2 minutos\" \/>\n<script type=\"application\/ld+json\" class=\"yoast-schema-graph\">{\"@context\":\"https:\\\/\\\/schema.org\",\"@graph\":[{\"@type\":\"Article\",\"@id\":\"https:\\\/\\\/quehacerpolitico.mx\\\/?p=114675#article\",\"isPartOf\":{\"@id\":\"https:\\\/\\\/quehacerpolitico.mx\\\/?p=114675\"},\"author\":{\"name\":\"Redacci\u00f3n QP\",\"@id\":\"https:\\\/\\\/quehacerpolitico.mx\\\/#\\\/schema\\\/person\\\/496d8ad2d1d3f8036101dca7ee39e585\"},\"headline\":\"Morena vs. Morena: Sheinbaum advierte que vetar\u00e1 la ley que permite el cobro de adeudos v\u00eda n\u00f3mina\",\"datePublished\":\"2025-02-07T20:39:25+00:00\",\"dateModified\":\"2025-02-07T20:39:27+00:00\",\"mainEntityOfPage\":{\"@id\":\"https:\\\/\\\/quehacerpolitico.mx\\\/?p=114675\"},\"wordCount\":380,\"commentCount\":0,\"image\":{\"@id\":\"https:\\\/\\\/quehacerpolitico.mx\\\/?p=114675#primaryimage\"},\"thumbnailUrl\":\"https:\\\/\\\/quehacerpolitico.mx\\\/wp-content\\\/uploads\\\/2025\\\/02\\\/IMG_0516-1.jpeg\",\"articleSection\":[\"Nacionales\",\"Noticias\"],\"inLanguage\":\"es\",\"potentialAction\":[{\"@type\":\"CommentAction\",\"name\":\"Comment\",\"target\":[\"https:\\\/\\\/quehacerpolitico.mx\\\/?p=114675#respond\"]}]},{\"@type\":\"WebPage\",\"@id\":\"https:\\\/\\\/quehacerpolitico.mx\\\/?p=114675\",\"url\":\"https:\\\/\\\/quehacerpolitico.mx\\\/?p=114675\",\"name\":\"Morena vs. Morena: Sheinbaum advierte que vetar\u00e1 la ley que permite el cobro de adeudos v\u00eda n\u00f3mina -\",\"isPartOf\":{\"@id\":\"https:\\\/\\\/quehacerpolitico.mx\\\/#website\"},\"primaryImageOfPage\":{\"@id\":\"https:\\\/\\\/quehacerpolitico.mx\\\/?p=114675#primaryimage\"},\"image\":{\"@id\":\"https:\\\/\\\/quehacerpolitico.mx\\\/?p=114675#primaryimage\"},\"thumbnailUrl\":\"https:\\\/\\\/quehacerpolitico.mx\\\/wp-content\\\/uploads\\\/2025\\\/02\\\/IMG_0516-1.jpeg\",\"datePublished\":\"2025-02-07T20:39:25+00:00\",\"dateModified\":\"2025-02-07T20:39:27+00:00\",\"author\":{\"@id\":\"https:\\\/\\\/quehacerpolitico.mx\\\/#\\\/schema\\\/person\\\/496d8ad2d1d3f8036101dca7ee39e585\"},\"breadcrumb\":{\"@id\":\"https:\\\/\\\/quehacerpolitico.mx\\\/?p=114675#breadcrumb\"},\"inLanguage\":\"es\",\"potentialAction\":[{\"@type\":\"ReadAction\",\"target\":[\"https:\\\/\\\/quehacerpolitico.mx\\\/?p=114675\"]}]},{\"@type\":\"ImageObject\",\"inLanguage\":\"es\",\"@id\":\"https:\\\/\\\/quehacerpolitico.mx\\\/?p=114675#primaryimage\",\"url\":\"https:\\\/\\\/quehacerpolitico.mx\\\/wp-content\\\/uploads\\\/2025\\\/02\\\/IMG_0516-1.jpeg\",\"contentUrl\":\"https:\\\/\\\/quehacerpolitico.mx\\\/wp-content\\\/uploads\\\/2025\\\/02\\\/IMG_0516-1.jpeg\",\"width\":951,\"height\":699,\"caption\":\"Screenshot\"},{\"@type\":\"BreadcrumbList\",\"@id\":\"https:\\\/\\\/quehacerpolitico.mx\\\/?p=114675#breadcrumb\",\"itemListElement\":[{\"@type\":\"ListItem\",\"position\":1,\"name\":\"Inicio\",\"item\":\"https:\\\/\\\/quehacerpolitico.mx\\\/\"},{\"@type\":\"ListItem\",\"position\":2,\"name\":\"Morena vs. Morena: Sheinbaum advierte que vetar\u00e1 la ley que permite el cobro de adeudos v\u00eda n\u00f3mina\"}]},{\"@type\":\"WebSite\",\"@id\":\"https:\\\/\\\/quehacerpolitico.mx\\\/#website\",\"url\":\"https:\\\/\\\/quehacerpolitico.mx\\\/\",\"name\":\"\",\"description\":\"\",\"potentialAction\":[{\"@type\":\"SearchAction\",\"target\":{\"@type\":\"EntryPoint\",\"urlTemplate\":\"https:\\\/\\\/quehacerpolitico.mx\\\/?s={search_term_string}\"},\"query-input\":{\"@type\":\"PropertyValueSpecification\",\"valueRequired\":true,\"valueName\":\"search_term_string\"}}],\"inLanguage\":\"es\"},{\"@type\":\"Person\",\"@id\":\"https:\\\/\\\/quehacerpolitico.mx\\\/#\\\/schema\\\/person\\\/496d8ad2d1d3f8036101dca7ee39e585\",\"name\":\"Redacci\u00f3n QP\",\"image\":{\"@type\":\"ImageObject\",\"inLanguage\":\"es\",\"@id\":\"https:\\\/\\\/secure.gravatar.com\\\/avatar\\\/c7164ed6fdec453195284ad24a5ae5b6e1eed2b848477fa2a4787ba9adf39a41?s=96&d=mm&r=g\",\"url\":\"https:\\\/\\\/secure.gravatar.com\\\/avatar\\\/c7164ed6fdec453195284ad24a5ae5b6e1eed2b848477fa2a4787ba9adf39a41?s=96&d=mm&r=g\",\"contentUrl\":\"https:\\\/\\\/secure.gravatar.com\\\/avatar\\\/c7164ed6fdec453195284ad24a5ae5b6e1eed2b848477fa2a4787ba9adf39a41?s=96&d=mm&r=g\",\"caption\":\"Redacci\u00f3n QP\"},\"url\":\"https:\\\/\\\/quehacerpolitico.mx\\\/?author=2\"}]}<\/script>\n<!-- \/ Yoast SEO plugin. -->","yoast_head_json":{"title":"Morena vs. Morena: Sheinbaum advierte que vetar\u00e1 la ley que permite el cobro de adeudos v\u00eda n\u00f3mina -","robots":{"index":"index","follow":"follow","max-snippet":"max-snippet:-1","max-image-preview":"max-image-preview:large","max-video-preview":"max-video-preview:-1"},"canonical":"https:\/\/quehacerpolitico.mx\/?p=114675","og_locale":"es_MX","og_type":"article","og_title":"Morena vs. Morena: Sheinbaum advierte que vetar\u00e1 la ley que permite el cobro de adeudos v\u00eda n\u00f3mina -","og_description":"Por Redacci\u00f3n QP Recientemente, los senadores de Morena y grupos pol\u00edticos afines revivieron la iniciativa...","og_url":"https:\/\/quehacerpolitico.mx\/?p=114675","article_published_time":"2025-02-07T20:39:25+00:00","article_modified_time":"2025-02-07T20:39:27+00:00","og_image":[{"width":951,"height":699,"url":"https:\/\/quehacerpolitico.mx\/wp-content\/uploads\/2025\/02\/IMG_0516-1.jpeg","type":"image\/jpeg"}],"author":"Redacci\u00f3n QP","twitter_card":"summary_large_image","twitter_misc":{"Escrito por":"Redacci\u00f3n QP","Tiempo de lectura":"2 minutos"},"schema":{"@context":"https:\/\/schema.org","@graph":[{"@type":"Article","@id":"https:\/\/quehacerpolitico.mx\/?p=114675#article","isPartOf":{"@id":"https:\/\/quehacerpolitico.mx\/?p=114675"},"author":{"name":"Redacci\u00f3n QP","@id":"https:\/\/quehacerpolitico.mx\/#\/schema\/person\/496d8ad2d1d3f8036101dca7ee39e585"},"headline":"Morena vs. Morena: Sheinbaum advierte que vetar\u00e1 la ley que permite el cobro de adeudos v\u00eda n\u00f3mina","datePublished":"2025-02-07T20:39:25+00:00","dateModified":"2025-02-07T20:39:27+00:00","mainEntityOfPage":{"@id":"https:\/\/quehacerpolitico.mx\/?p=114675"},"wordCount":380,"commentCount":0,"image":{"@id":"https:\/\/quehacerpolitico.mx\/?p=114675#primaryimage"},"thumbnailUrl":"https:\/\/quehacerpolitico.mx\/wp-content\/uploads\/2025\/02\/IMG_0516-1.jpeg","articleSection":["Nacionales","Noticias"],"inLanguage":"es","potentialAction":[{"@type":"CommentAction","name":"Comment","target":["https:\/\/quehacerpolitico.mx\/?p=114675#respond"]}]},{"@type":"WebPage","@id":"https:\/\/quehacerpolitico.mx\/?p=114675","url":"https:\/\/quehacerpolitico.mx\/?p=114675","name":"Morena vs. Morena: Sheinbaum advierte que vetar\u00e1 la ley que permite el cobro de adeudos v\u00eda n\u00f3mina -","isPartOf":{"@id":"https:\/\/quehacerpolitico.mx\/#website"},"primaryImageOfPage":{"@id":"https:\/\/quehacerpolitico.mx\/?p=114675#primaryimage"},"image":{"@id":"https:\/\/quehacerpolitico.mx\/?p=114675#primaryimage"},"thumbnailUrl":"https:\/\/quehacerpolitico.mx\/wp-content\/uploads\/2025\/02\/IMG_0516-1.jpeg","datePublished":"2025-02-07T20:39:25+00:00","dateModified":"2025-02-07T20:39:27+00:00","author":{"@id":"https:\/\/quehacerpolitico.mx\/#\/schema\/person\/496d8ad2d1d3f8036101dca7ee39e585"},"breadcrumb":{"@id":"https:\/\/quehacerpolitico.mx\/?p=114675#breadcrumb"},"inLanguage":"es","potentialAction":[{"@type":"ReadAction","target":["https:\/\/quehacerpolitico.mx\/?p=114675"]}]},{"@type":"ImageObject","inLanguage":"es","@id":"https:\/\/quehacerpolitico.mx\/?p=114675#primaryimage","url":"https:\/\/quehacerpolitico.mx\/wp-content\/uploads\/2025\/02\/IMG_0516-1.jpeg","contentUrl":"https:\/\/quehacerpolitico.mx\/wp-content\/uploads\/2025\/02\/IMG_0516-1.jpeg","width":951,"height":699,"caption":"Screenshot"},{"@type":"BreadcrumbList","@id":"https:\/\/quehacerpolitico.mx\/?p=114675#breadcrumb","itemListElement":[{"@type":"ListItem","position":1,"name":"Inicio","item":"https:\/\/quehacerpolitico.mx\/"},{"@type":"ListItem","position":2,"name":"Morena vs. Morena: Sheinbaum advierte que vetar\u00e1 la ley que permite el cobro de adeudos v\u00eda n\u00f3mina"}]},{"@type":"WebSite","@id":"https:\/\/quehacerpolitico.mx\/#website","url":"https:\/\/quehacerpolitico.mx\/","name":"","description":"","potentialAction":[{"@type":"SearchAction","target":{"@type":"EntryPoint","urlTemplate":"https:\/\/quehacerpolitico.mx\/?s={search_term_string}"},"query-input":{"@type":"PropertyValueSpecification","valueRequired":true,"valueName":"search_term_string"}}],"inLanguage":"es"},{"@type":"Person","@id":"https:\/\/quehacerpolitico.mx\/#\/schema\/person\/496d8ad2d1d3f8036101dca7ee39e585","name":"Redacci\u00f3n QP","image":{"@type":"ImageObject","inLanguage":"es","@id":"https:\/\/secure.gravatar.com\/avatar\/c7164ed6fdec453195284ad24a5ae5b6e1eed2b848477fa2a4787ba9adf39a41?s=96&d=mm&r=g","url":"https:\/\/secure.gravatar.com\/avatar\/c7164ed6fdec453195284ad24a5ae5b6e1eed2b848477fa2a4787ba9adf39a41?s=96&d=mm&r=g","contentUrl":"https:\/\/secure.gravatar.com\/avatar\/c7164ed6fdec453195284ad24a5ae5b6e1eed2b848477fa2a4787ba9adf39a41?s=96&d=mm&r=g","caption":"Redacci\u00f3n QP"},"url":"https:\/\/quehacerpolitico.mx\/?author=2"}]}},"featured_image_urls":{"full":["https:\/\/quehacerpolitico.mx\/wp-content\/uploads\/2025\/02\/IMG_0516-1.jpeg",951,699,false],"thumbnail":["https:\/\/quehacerpolitico.mx\/wp-content\/uploads\/2025\/02\/IMG_0516-1-150x150.jpeg",150,150,true],"medium":["https:\/\/quehacerpolitico.mx\/wp-content\/uploads\/2025\/02\/IMG_0516-1-300x221.jpeg",300,221,true],"medium_large":["https:\/\/quehacerpolitico.mx\/wp-content\/uploads\/2025\/02\/IMG_0516-1-768x564.jpeg",640,470,true],"large":["https:\/\/quehacerpolitico.mx\/wp-content\/uploads\/2025\/02\/IMG_0516-1.jpeg",640,470,false],"1536x1536":["https:\/\/quehacerpolitico.mx\/wp-content\/uploads\/2025\/02\/IMG_0516-1.jpeg",951,699,false],"2048x2048":["https:\/\/quehacerpolitico.mx\/wp-content\/uploads\/2025\/02\/IMG_0516-1.jpeg",951,699,false],"covernews-featured":["https:\/\/quehacerpolitico.mx\/wp-content\/uploads\/2025\/02\/IMG_0516-1.jpeg",951,699,false],"covernews-medium":["https:\/\/quehacerpolitico.mx\/wp-content\/uploads\/2025\/02\/IMG_0516-1-540x340.jpeg",540,340,true]},"author_info":{"display_name":"Redacci\u00f3n QP","author_link":"https:\/\/quehacerpolitico.mx\/?author=2"},"category_info":"<a href=\"https:\/\/quehacerpolitico.mx\/?cat=280\" rel=\"category\">Nacionales<\/a> <a href=\"https:\/\/quehacerpolitico.mx\/?cat=2\" rel=\"category\">Noticias<\/a>","tag_info":"Noticias","comment_count":"0","_links":{"self":[{"href":"https:\/\/quehacerpolitico.mx\/index.php?rest_route=\/wp\/v2\/posts\/114675","targetHints":{"allow":["GET"]}}],"collection":[{"href":"https:\/\/quehacerpolitico.mx\/index.php?rest_route=\/wp\/v2\/posts"}],"about":[{"href":"https:\/\/quehacerpolitico.mx\/index.php?rest_route=\/wp\/v2\/types\/post"}],"author":[{"embeddable":true,"href":"https:\/\/quehacerpolitico.mx\/index.php?rest_route=\/wp\/v2\/users\/2"}],"replies":[{"embeddable":true,"href":"https:\/\/quehacerpolitico.mx\/index.php?rest_route=%2Fwp%2Fv2%2Fcomments&post=114675"}],"version-history":[{"count":1,"href":"https:\/\/quehacerpolitico.mx\/index.php?rest_route=\/wp\/v2\/posts\/114675\/revisions"}],"predecessor-version":[{"id":114678,"href":"https:\/\/quehacerpolitico.mx\/index.php?rest_route=\/wp\/v2\/posts\/114675\/revisions\/114678"}],"wp:featuredmedia":[{"embeddable":true,"href":"https:\/\/quehacerpolitico.mx\/index.php?rest_route=\/wp\/v2\/media\/114677"}],"wp:attachment":[{"href":"https:\/\/quehacerpolitico.mx\/index.php?rest_route=%2Fwp%2Fv2%2Fmedia&parent=114675"}],"wp:term":[{"taxonomy":"category","embeddable":true,"href":"https:\/\/quehacerpolitico.mx\/index.php?rest_route=%2Fwp%2Fv2%2Fcategories&post=114675"},{"taxonomy":"post_tag","embeddable":true,"href":"https:\/\/quehacerpolitico.mx\/index.php?rest_route=%2Fwp%2Fv2%2Ftags&post=114675"}],"curies":[{"name":"wp","href":"https:\/\/api.w.org\/{rel}","templated":true}]}}