{"id":114655,"date":"2025-02-07T13:16:28","date_gmt":"2025-02-07T19:16:28","guid":{"rendered":"https:\/\/quehacerpolitico.mx\/?p=114655"},"modified":"2025-02-07T13:16:31","modified_gmt":"2025-02-07T19:16:31","slug":"rescate-de-la-danza-ndisakui-esfuerzo-en-favor-de-la-memoria-colectiva","status":"publish","type":"post","link":"https:\/\/quehacerpolitico.mx\/?p=114655","title":{"rendered":"RESCATE DE LA DANZA NDISAKUI, ESFUERZO EN FAVOR DE LA MEMORIA COLECTIVA"},"content":{"rendered":"\n<p>Por Redacci\u00f3n QP<\/p>\n\n\n\n<ul class=\"wp-block-list\">\n<li><strong>Con un apoyo de 2 mil d\u00f3lares estadounidenses, IberCultura Viva fortalece dicha pr\u00e1ctica de la comunidad de Tototepec, Guerrero<\/strong><\/li>\n<\/ul>\n\n\n\n<p>Con el prop\u00f3sito de preservar, reconocer y difundir el patrimonio cultural inmaterial, la Secretar\u00eda de Cultura del Gobierno de M\u00e9xico, a trav\u00e9s de la Direcci\u00f3n General de Vinculaci\u00f3n Cultural, recibi\u00f3 a finales del 2024, un apoyo econ\u00f3mico de 2 mil d\u00f3lares estadounidenses por parte del programa IberCultura Viva.<\/p>\n\n\n\n<p>El apoyo forma parte de la l\u00ednea de acci\u00f3n &#8220;Reconocimiento y promoci\u00f3n de portadores\/as y de experiencias comunitarias de gesti\u00f3n de patrimonio cultural inmaterial&#8221;, incluida en su Plan Operativo Anual 2024.<\/p>\n\n\n\n<figure class=\"wp-block-image size-large\"><img loading=\"lazy\" decoding=\"async\" width=\"1024\" height=\"768\" src=\"https:\/\/quehacerpolitico.mx\/wp-content\/uploads\/2025\/02\/image-10-1024x768.jpeg\" alt=\"\" class=\"wp-image-114658\" srcset=\"https:\/\/quehacerpolitico.mx\/wp-content\/uploads\/2025\/02\/image-10-1024x768.jpeg 1024w, https:\/\/quehacerpolitico.mx\/wp-content\/uploads\/2025\/02\/image-10-300x225.jpeg 300w, https:\/\/quehacerpolitico.mx\/wp-content\/uploads\/2025\/02\/image-10-768x576.jpeg 768w, https:\/\/quehacerpolitico.mx\/wp-content\/uploads\/2025\/02\/image-10.jpeg 1280w\" sizes=\"auto, (max-width: 1024px) 100vw, 1024px\" \/><\/figure>\n\n\n\n<figure class=\"wp-block-image size-large\"><img loading=\"lazy\" decoding=\"async\" width=\"768\" height=\"1024\" src=\"https:\/\/quehacerpolitico.mx\/wp-content\/uploads\/2025\/02\/image-9-768x1024.jpeg\" alt=\"\" class=\"wp-image-114657\" srcset=\"https:\/\/quehacerpolitico.mx\/wp-content\/uploads\/2025\/02\/image-9-768x1024.jpeg 768w, https:\/\/quehacerpolitico.mx\/wp-content\/uploads\/2025\/02\/image-9-225x300.jpeg 225w, https:\/\/quehacerpolitico.mx\/wp-content\/uploads\/2025\/02\/image-9-1152x1536.jpeg 1152w, https:\/\/quehacerpolitico.mx\/wp-content\/uploads\/2025\/02\/image-9-1024x1365.jpeg 1024w, https:\/\/quehacerpolitico.mx\/wp-content\/uploads\/2025\/02\/image-9.jpeg 1200w\" sizes=\"auto, (max-width: 768px) 100vw, 768px\" \/><\/figure>\n\n\n\n<p>Gracias a la colaboraci\u00f3n, se llev\u00f3 a cabo el proyecto &#8220;Rescate de la danza ancestral ndisakui (mono gigante) como patrimonio cultural de Tototepec (Yozononi), Tlapa de Comonfort, Guerrero&#8221;, una iniciativa que surgi\u00f3 a partir de las jornadas del Convite cultural \u201cMis ra\u00edces Yozononi\u201d.<\/p>\n\n\n\n<p>Cabe destacar que los Convites culturales son encuentros semanales que, a trav\u00e9s de actividades art\u00edsticas y culturales, fomentan la convivencia entre personas de todas las edades, especialmente en contextos de vulnerabilidad o violencia. Las acciones forman parte del programa Cultura Comunitaria de la Secretar\u00eda de Cultura del Gobierno de M\u00e9xico, impulsando el acceso a la cultura como herramienta de transformaci\u00f3n social.<\/p>\n\n\n\n<p><strong>Un trabajo colectivo para la recuperaci\u00f3n cultural<\/strong><\/p>\n\n\n\n<p>El proyecto intergeneracional permiti\u00f3 rescatar los elementos esenciales de la danza ndisakui, con un acompa\u00f1amiento de la comunidad en su recuperaci\u00f3n y recreaci\u00f3n. Dicha expresi\u00f3n cultural, con m\u00e1s de 150 a\u00f1os de historia, estaba en riesgo de desaparecer, ya que no se hab\u00eda ejecutado en la \u00faltima d\u00e9cada.<\/p>\n\n\n\n<p>Para su rescate, se realizaron acercamientos con habitantes de Tototepec, como la se\u00f1ora Guadalupe Rivera Le\u00f3n, quien proporcion\u00f3 piezas originales de la danza, y el carpintero Guillermo Arias, encargado de replicarlas para su preservaci\u00f3n. Adem\u00e1s, colaboraron con artesanos y especialistas en pirotecnia para recrear el vestuario y los accesorios tradicionales.<\/p>\n\n\n\n<figure class=\"wp-block-image size-large\"><img loading=\"lazy\" decoding=\"async\" width=\"576\" height=\"1024\" src=\"https:\/\/quehacerpolitico.mx\/wp-content\/uploads\/2025\/02\/image-12-576x1024.jpeg\" alt=\"\" class=\"wp-image-114660\" srcset=\"https:\/\/quehacerpolitico.mx\/wp-content\/uploads\/2025\/02\/image-12-576x1024.jpeg 576w, https:\/\/quehacerpolitico.mx\/wp-content\/uploads\/2025\/02\/image-12-169x300.jpeg 169w, https:\/\/quehacerpolitico.mx\/wp-content\/uploads\/2025\/02\/image-12-768x1366.jpeg 768w, https:\/\/quehacerpolitico.mx\/wp-content\/uploads\/2025\/02\/image-12-864x1536.jpeg 864w, https:\/\/quehacerpolitico.mx\/wp-content\/uploads\/2025\/02\/image-12.jpeg 899w\" sizes=\"auto, (max-width: 576px) 100vw, 576px\" \/><\/figure>\n\n\n\n<figure class=\"wp-block-image size-large\"><img loading=\"lazy\" decoding=\"async\" width=\"1024\" height=\"768\" src=\"https:\/\/quehacerpolitico.mx\/wp-content\/uploads\/2025\/02\/image-11-1024x768.jpeg\" alt=\"\" class=\"wp-image-114659\" srcset=\"https:\/\/quehacerpolitico.mx\/wp-content\/uploads\/2025\/02\/image-11-1024x768.jpeg 1024w, https:\/\/quehacerpolitico.mx\/wp-content\/uploads\/2025\/02\/image-11-300x225.jpeg 300w, https:\/\/quehacerpolitico.mx\/wp-content\/uploads\/2025\/02\/image-11-768x576.jpeg 768w, https:\/\/quehacerpolitico.mx\/wp-content\/uploads\/2025\/02\/image-11.jpeg 1280w\" sizes=\"auto, (max-width: 1024px) 100vw, 1024px\" \/><\/figure>\n\n\n\n<p>La danza representa a un hombre y una mujer de gran tama\u00f1o, tallados en madera y recubiertos con petates de palma. La mujer lleva un rebozo negro y el hombre un sombrero y gab\u00e1n de lana, que reflejan la identidad local. En la danza final, ambos se encuentran mientras la pirotecnia artesanal en sus cuerpos ilumina el espect\u00e1culo.<\/p>\n\n\n\n<p><strong>Celebraci\u00f3n y documentaci\u00f3n<\/strong><\/p>\n\n\n\n<p>El esfuerzo culmin\u00f3 en la Capilla de la Virgen de Guadalupe, en Tototepec, una celebraci\u00f3n en la que la comunidad pudo revivir dicha danza, acompa\u00f1ada de la tradicional del torito. Durante la festividad se realiz\u00f3 una procesi\u00f3n en la que se compartieron platillos t\u00edpicos. Aunado a ello, todo el proceso se registr\u00f3 en un cortometraje documental, con lo que se asegura testimonio de la tradici\u00f3n para su mayor difusi\u00f3n y transmisi\u00f3n a futuras generaciones.<\/p>\n\n\n\n<p>El proyecto cont\u00f3 con la participaci\u00f3n de 55 personas, de las cuales m\u00e1s de la mitad son hablantes de la lengua Tu\u2019un Savi.&nbsp;Adem\u00e1s, se logr\u00f3 la promesa de parte del se\u00f1or Sabino Casta\u00f1eda, habitante de Tototepec, para continuar con la danza durante los pr\u00f3ximos cuatro a\u00f1os, como un impulso a su permanencia dentro de la comunidad.<\/p>\n\n\n\n<figure class=\"wp-block-image size-large\"><img loading=\"lazy\" decoding=\"async\" width=\"768\" height=\"1024\" src=\"https:\/\/quehacerpolitico.mx\/wp-content\/uploads\/2025\/02\/image-15-768x1024.jpeg\" alt=\"\" class=\"wp-image-114663\" srcset=\"https:\/\/quehacerpolitico.mx\/wp-content\/uploads\/2025\/02\/image-15-768x1024.jpeg 768w, https:\/\/quehacerpolitico.mx\/wp-content\/uploads\/2025\/02\/image-15-225x300.jpeg 225w, https:\/\/quehacerpolitico.mx\/wp-content\/uploads\/2025\/02\/image-15-1152x1536.jpeg 1152w, https:\/\/quehacerpolitico.mx\/wp-content\/uploads\/2025\/02\/image-15-1024x1365.jpeg 1024w, https:\/\/quehacerpolitico.mx\/wp-content\/uploads\/2025\/02\/image-15.jpeg 1200w\" sizes=\"auto, (max-width: 768px) 100vw, 768px\" \/><\/figure>\n\n\n\n<figure class=\"wp-block-image size-large\"><img loading=\"lazy\" decoding=\"async\" width=\"1024\" height=\"948\" src=\"https:\/\/quehacerpolitico.mx\/wp-content\/uploads\/2025\/02\/image-14-1024x948.jpeg\" alt=\"\" class=\"wp-image-114662\" srcset=\"https:\/\/quehacerpolitico.mx\/wp-content\/uploads\/2025\/02\/image-14-1024x948.jpeg 1024w, https:\/\/quehacerpolitico.mx\/wp-content\/uploads\/2025\/02\/image-14-300x278.jpeg 300w, https:\/\/quehacerpolitico.mx\/wp-content\/uploads\/2025\/02\/image-14-768x711.jpeg 768w, https:\/\/quehacerpolitico.mx\/wp-content\/uploads\/2025\/02\/image-14.jpeg 1159w\" sizes=\"auto, (max-width: 1024px) 100vw, 1024px\" \/><\/figure>\n\n\n\n<figure class=\"wp-block-image size-large\"><img loading=\"lazy\" decoding=\"async\" width=\"1024\" height=\"768\" src=\"https:\/\/quehacerpolitico.mx\/wp-content\/uploads\/2025\/02\/image-13-1024x768.jpeg\" alt=\"\" class=\"wp-image-114661\" srcset=\"https:\/\/quehacerpolitico.mx\/wp-content\/uploads\/2025\/02\/image-13-1024x768.jpeg 1024w, https:\/\/quehacerpolitico.mx\/wp-content\/uploads\/2025\/02\/image-13-300x225.jpeg 300w, https:\/\/quehacerpolitico.mx\/wp-content\/uploads\/2025\/02\/image-13-768x576.jpeg 768w, https:\/\/quehacerpolitico.mx\/wp-content\/uploads\/2025\/02\/image-13.jpeg 1280w\" sizes=\"auto, (max-width: 1024px) 100vw, 1024px\" \/><\/figure>\n\n\n\n<p><strong>IberCultura Viva y el Convite cultural: Impulsores del patrimonio comunitario<\/strong><\/p>\n\n\n\n<p>El apoyo de IberCultura Viva, como programa de cooperaci\u00f3n t\u00e9cnica y financiera entre gobiernos iberoamericanos, ha sido fundamental para fortalecer la diversidad cultural a trav\u00e9s de pol\u00edticas p\u00fablicas y acciones territoriales como esta.<\/p>\n\n\n\n<p>Gracias a dicho esfuerzo entre IberCultura Viva y el Convite cultural \u201cMis ra\u00edces Yozononi\u201d, la danza ndisakui recobra vida en Tototepec, y reafirma la importancia de preservar y fortalecer las expresiones culturales que dan identidad a las comunidades.<\/p>\n","protected":false},"excerpt":{"rendered":"<p>Por Redacci\u00f3n QP Con el prop\u00f3sito de preservar, reconocer y difundir el patrimonio cultural inmaterial,&#8230;<\/p>\n","protected":false},"author":2,"featured_media":114656,"comment_status":"open","ping_status":"open","sticky":false,"template":"","format":"standard","meta":{"_monsterinsights_skip_tracking":false,"_monsterinsights_sitenote_active":false,"_monsterinsights_sitenote_note":"","_monsterinsights_sitenote_category":0,"footnotes":""},"categories":[58],"tags":[],"class_list":["post-114655","post","type-post","status-publish","format-standard","has-post-thumbnail","hentry","category-cultura"],"yoast_head":"<!-- This site is optimized with the Yoast SEO plugin v27.3 - https:\/\/yoast.com\/product\/yoast-seo-wordpress\/ -->\n<title>RESCATE DE LA DANZA NDISAKUI, ESFUERZO EN FAVOR DE LA MEMORIA COLECTIVA -<\/title>\n<meta name=\"robots\" content=\"index, follow, max-snippet:-1, max-image-preview:large, max-video-preview:-1\" \/>\n<link rel=\"canonical\" href=\"https:\/\/quehacerpolitico.mx\/?p=114655\" \/>\n<meta property=\"og:locale\" content=\"es_MX\" \/>\n<meta property=\"og:type\" content=\"article\" \/>\n<meta property=\"og:title\" content=\"RESCATE DE LA DANZA NDISAKUI, ESFUERZO EN FAVOR DE LA MEMORIA COLECTIVA -\" \/>\n<meta property=\"og:description\" content=\"Por Redacci\u00f3n QP Con el prop\u00f3sito de preservar, reconocer y difundir el patrimonio cultural inmaterial,...\" \/>\n<meta property=\"og:url\" content=\"https:\/\/quehacerpolitico.mx\/?p=114655\" \/>\n<meta property=\"article:published_time\" content=\"2025-02-07T19:16:28+00:00\" \/>\n<meta property=\"article:modified_time\" content=\"2025-02-07T19:16:31+00:00\" \/>\n<meta property=\"og:image\" content=\"https:\/\/quehacerpolitico.mx\/wp-content\/uploads\/2025\/02\/IMG_0510.jpeg\" \/>\n\t<meta property=\"og:image:width\" content=\"1600\" \/>\n\t<meta property=\"og:image:height\" content=\"1200\" \/>\n\t<meta property=\"og:image:type\" content=\"image\/jpeg\" \/>\n<meta name=\"author\" content=\"Redacci\u00f3n QP\" \/>\n<meta name=\"twitter:card\" content=\"summary_large_image\" \/>\n<meta name=\"twitter:label1\" content=\"Escrito por\" \/>\n\t<meta name=\"twitter:data1\" content=\"Redacci\u00f3n QP\" \/>\n\t<meta name=\"twitter:label2\" content=\"Tiempo de lectura\" \/>\n\t<meta name=\"twitter:data2\" content=\"3 minutos\" \/>\n<script type=\"application\/ld+json\" class=\"yoast-schema-graph\">{\"@context\":\"https:\\\/\\\/schema.org\",\"@graph\":[{\"@type\":\"Article\",\"@id\":\"https:\\\/\\\/quehacerpolitico.mx\\\/?p=114655#article\",\"isPartOf\":{\"@id\":\"https:\\\/\\\/quehacerpolitico.mx\\\/?p=114655\"},\"author\":{\"name\":\"Redacci\u00f3n QP\",\"@id\":\"https:\\\/\\\/quehacerpolitico.mx\\\/#\\\/schema\\\/person\\\/496d8ad2d1d3f8036101dca7ee39e585\"},\"headline\":\"RESCATE DE LA DANZA NDISAKUI, ESFUERZO EN FAVOR DE LA MEMORIA COLECTIVA\",\"datePublished\":\"2025-02-07T19:16:28+00:00\",\"dateModified\":\"2025-02-07T19:16:31+00:00\",\"mainEntityOfPage\":{\"@id\":\"https:\\\/\\\/quehacerpolitico.mx\\\/?p=114655\"},\"wordCount\":652,\"commentCount\":0,\"image\":{\"@id\":\"https:\\\/\\\/quehacerpolitico.mx\\\/?p=114655#primaryimage\"},\"thumbnailUrl\":\"https:\\\/\\\/quehacerpolitico.mx\\\/wp-content\\\/uploads\\\/2025\\\/02\\\/IMG_0510.jpeg\",\"articleSection\":[\"Cultura y Entretenimiento\"],\"inLanguage\":\"es\",\"potentialAction\":[{\"@type\":\"CommentAction\",\"name\":\"Comment\",\"target\":[\"https:\\\/\\\/quehacerpolitico.mx\\\/?p=114655#respond\"]}]},{\"@type\":\"WebPage\",\"@id\":\"https:\\\/\\\/quehacerpolitico.mx\\\/?p=114655\",\"url\":\"https:\\\/\\\/quehacerpolitico.mx\\\/?p=114655\",\"name\":\"RESCATE DE LA DANZA NDISAKUI, ESFUERZO EN FAVOR DE LA MEMORIA COLECTIVA -\",\"isPartOf\":{\"@id\":\"https:\\\/\\\/quehacerpolitico.mx\\\/#website\"},\"primaryImageOfPage\":{\"@id\":\"https:\\\/\\\/quehacerpolitico.mx\\\/?p=114655#primaryimage\"},\"image\":{\"@id\":\"https:\\\/\\\/quehacerpolitico.mx\\\/?p=114655#primaryimage\"},\"thumbnailUrl\":\"https:\\\/\\\/quehacerpolitico.mx\\\/wp-content\\\/uploads\\\/2025\\\/02\\\/IMG_0510.jpeg\",\"datePublished\":\"2025-02-07T19:16:28+00:00\",\"dateModified\":\"2025-02-07T19:16:31+00:00\",\"author\":{\"@id\":\"https:\\\/\\\/quehacerpolitico.mx\\\/#\\\/schema\\\/person\\\/496d8ad2d1d3f8036101dca7ee39e585\"},\"breadcrumb\":{\"@id\":\"https:\\\/\\\/quehacerpolitico.mx\\\/?p=114655#breadcrumb\"},\"inLanguage\":\"es\",\"potentialAction\":[{\"@type\":\"ReadAction\",\"target\":[\"https:\\\/\\\/quehacerpolitico.mx\\\/?p=114655\"]}]},{\"@type\":\"ImageObject\",\"inLanguage\":\"es\",\"@id\":\"https:\\\/\\\/quehacerpolitico.mx\\\/?p=114655#primaryimage\",\"url\":\"https:\\\/\\\/quehacerpolitico.mx\\\/wp-content\\\/uploads\\\/2025\\\/02\\\/IMG_0510.jpeg\",\"contentUrl\":\"https:\\\/\\\/quehacerpolitico.mx\\\/wp-content\\\/uploads\\\/2025\\\/02\\\/IMG_0510.jpeg\",\"width\":1600,\"height\":1200},{\"@type\":\"BreadcrumbList\",\"@id\":\"https:\\\/\\\/quehacerpolitico.mx\\\/?p=114655#breadcrumb\",\"itemListElement\":[{\"@type\":\"ListItem\",\"position\":1,\"name\":\"Inicio\",\"item\":\"https:\\\/\\\/quehacerpolitico.mx\\\/\"},{\"@type\":\"ListItem\",\"position\":2,\"name\":\"RESCATE DE LA DANZA NDISAKUI, ESFUERZO EN FAVOR DE LA MEMORIA COLECTIVA\"}]},{\"@type\":\"WebSite\",\"@id\":\"https:\\\/\\\/quehacerpolitico.mx\\\/#website\",\"url\":\"https:\\\/\\\/quehacerpolitico.mx\\\/\",\"name\":\"\",\"description\":\"\",\"potentialAction\":[{\"@type\":\"SearchAction\",\"target\":{\"@type\":\"EntryPoint\",\"urlTemplate\":\"https:\\\/\\\/quehacerpolitico.mx\\\/?s={search_term_string}\"},\"query-input\":{\"@type\":\"PropertyValueSpecification\",\"valueRequired\":true,\"valueName\":\"search_term_string\"}}],\"inLanguage\":\"es\"},{\"@type\":\"Person\",\"@id\":\"https:\\\/\\\/quehacerpolitico.mx\\\/#\\\/schema\\\/person\\\/496d8ad2d1d3f8036101dca7ee39e585\",\"name\":\"Redacci\u00f3n QP\",\"image\":{\"@type\":\"ImageObject\",\"inLanguage\":\"es\",\"@id\":\"https:\\\/\\\/secure.gravatar.com\\\/avatar\\\/c7164ed6fdec453195284ad24a5ae5b6e1eed2b848477fa2a4787ba9adf39a41?s=96&d=mm&r=g\",\"url\":\"https:\\\/\\\/secure.gravatar.com\\\/avatar\\\/c7164ed6fdec453195284ad24a5ae5b6e1eed2b848477fa2a4787ba9adf39a41?s=96&d=mm&r=g\",\"contentUrl\":\"https:\\\/\\\/secure.gravatar.com\\\/avatar\\\/c7164ed6fdec453195284ad24a5ae5b6e1eed2b848477fa2a4787ba9adf39a41?s=96&d=mm&r=g\",\"caption\":\"Redacci\u00f3n QP\"},\"url\":\"https:\\\/\\\/quehacerpolitico.mx\\\/?author=2\"}]}<\/script>\n<!-- \/ Yoast SEO plugin. -->","yoast_head_json":{"title":"RESCATE DE LA DANZA NDISAKUI, ESFUERZO EN FAVOR DE LA MEMORIA COLECTIVA -","robots":{"index":"index","follow":"follow","max-snippet":"max-snippet:-1","max-image-preview":"max-image-preview:large","max-video-preview":"max-video-preview:-1"},"canonical":"https:\/\/quehacerpolitico.mx\/?p=114655","og_locale":"es_MX","og_type":"article","og_title":"RESCATE DE LA DANZA NDISAKUI, ESFUERZO EN FAVOR DE LA MEMORIA COLECTIVA -","og_description":"Por Redacci\u00f3n QP Con el prop\u00f3sito de preservar, reconocer y difundir el patrimonio cultural inmaterial,...","og_url":"https:\/\/quehacerpolitico.mx\/?p=114655","article_published_time":"2025-02-07T19:16:28+00:00","article_modified_time":"2025-02-07T19:16:31+00:00","og_image":[{"width":1600,"height":1200,"url":"https:\/\/quehacerpolitico.mx\/wp-content\/uploads\/2025\/02\/IMG_0510.jpeg","type":"image\/jpeg"}],"author":"Redacci\u00f3n QP","twitter_card":"summary_large_image","twitter_misc":{"Escrito por":"Redacci\u00f3n QP","Tiempo de lectura":"3 minutos"},"schema":{"@context":"https:\/\/schema.org","@graph":[{"@type":"Article","@id":"https:\/\/quehacerpolitico.mx\/?p=114655#article","isPartOf":{"@id":"https:\/\/quehacerpolitico.mx\/?p=114655"},"author":{"name":"Redacci\u00f3n QP","@id":"https:\/\/quehacerpolitico.mx\/#\/schema\/person\/496d8ad2d1d3f8036101dca7ee39e585"},"headline":"RESCATE DE LA DANZA NDISAKUI, ESFUERZO EN FAVOR DE LA MEMORIA COLECTIVA","datePublished":"2025-02-07T19:16:28+00:00","dateModified":"2025-02-07T19:16:31+00:00","mainEntityOfPage":{"@id":"https:\/\/quehacerpolitico.mx\/?p=114655"},"wordCount":652,"commentCount":0,"image":{"@id":"https:\/\/quehacerpolitico.mx\/?p=114655#primaryimage"},"thumbnailUrl":"https:\/\/quehacerpolitico.mx\/wp-content\/uploads\/2025\/02\/IMG_0510.jpeg","articleSection":["Cultura y Entretenimiento"],"inLanguage":"es","potentialAction":[{"@type":"CommentAction","name":"Comment","target":["https:\/\/quehacerpolitico.mx\/?p=114655#respond"]}]},{"@type":"WebPage","@id":"https:\/\/quehacerpolitico.mx\/?p=114655","url":"https:\/\/quehacerpolitico.mx\/?p=114655","name":"RESCATE DE LA DANZA NDISAKUI, ESFUERZO EN FAVOR DE LA MEMORIA COLECTIVA -","isPartOf":{"@id":"https:\/\/quehacerpolitico.mx\/#website"},"primaryImageOfPage":{"@id":"https:\/\/quehacerpolitico.mx\/?p=114655#primaryimage"},"image":{"@id":"https:\/\/quehacerpolitico.mx\/?p=114655#primaryimage"},"thumbnailUrl":"https:\/\/quehacerpolitico.mx\/wp-content\/uploads\/2025\/02\/IMG_0510.jpeg","datePublished":"2025-02-07T19:16:28+00:00","dateModified":"2025-02-07T19:16:31+00:00","author":{"@id":"https:\/\/quehacerpolitico.mx\/#\/schema\/person\/496d8ad2d1d3f8036101dca7ee39e585"},"breadcrumb":{"@id":"https:\/\/quehacerpolitico.mx\/?p=114655#breadcrumb"},"inLanguage":"es","potentialAction":[{"@type":"ReadAction","target":["https:\/\/quehacerpolitico.mx\/?p=114655"]}]},{"@type":"ImageObject","inLanguage":"es","@id":"https:\/\/quehacerpolitico.mx\/?p=114655#primaryimage","url":"https:\/\/quehacerpolitico.mx\/wp-content\/uploads\/2025\/02\/IMG_0510.jpeg","contentUrl":"https:\/\/quehacerpolitico.mx\/wp-content\/uploads\/2025\/02\/IMG_0510.jpeg","width":1600,"height":1200},{"@type":"BreadcrumbList","@id":"https:\/\/quehacerpolitico.mx\/?p=114655#breadcrumb","itemListElement":[{"@type":"ListItem","position":1,"name":"Inicio","item":"https:\/\/quehacerpolitico.mx\/"},{"@type":"ListItem","position":2,"name":"RESCATE DE LA DANZA NDISAKUI, ESFUERZO EN FAVOR DE LA MEMORIA COLECTIVA"}]},{"@type":"WebSite","@id":"https:\/\/quehacerpolitico.mx\/#website","url":"https:\/\/quehacerpolitico.mx\/","name":"","description":"","potentialAction":[{"@type":"SearchAction","target":{"@type":"EntryPoint","urlTemplate":"https:\/\/quehacerpolitico.mx\/?s={search_term_string}"},"query-input":{"@type":"PropertyValueSpecification","valueRequired":true,"valueName":"search_term_string"}}],"inLanguage":"es"},{"@type":"Person","@id":"https:\/\/quehacerpolitico.mx\/#\/schema\/person\/496d8ad2d1d3f8036101dca7ee39e585","name":"Redacci\u00f3n QP","image":{"@type":"ImageObject","inLanguage":"es","@id":"https:\/\/secure.gravatar.com\/avatar\/c7164ed6fdec453195284ad24a5ae5b6e1eed2b848477fa2a4787ba9adf39a41?s=96&d=mm&r=g","url":"https:\/\/secure.gravatar.com\/avatar\/c7164ed6fdec453195284ad24a5ae5b6e1eed2b848477fa2a4787ba9adf39a41?s=96&d=mm&r=g","contentUrl":"https:\/\/secure.gravatar.com\/avatar\/c7164ed6fdec453195284ad24a5ae5b6e1eed2b848477fa2a4787ba9adf39a41?s=96&d=mm&r=g","caption":"Redacci\u00f3n QP"},"url":"https:\/\/quehacerpolitico.mx\/?author=2"}]}},"featured_image_urls":{"full":["https:\/\/quehacerpolitico.mx\/wp-content\/uploads\/2025\/02\/IMG_0510.jpeg",1600,1200,false],"thumbnail":["https:\/\/quehacerpolitico.mx\/wp-content\/uploads\/2025\/02\/IMG_0510-150x150.jpeg",150,150,true],"medium":["https:\/\/quehacerpolitico.mx\/wp-content\/uploads\/2025\/02\/IMG_0510-300x225.jpeg",300,225,true],"medium_large":["https:\/\/quehacerpolitico.mx\/wp-content\/uploads\/2025\/02\/IMG_0510-768x576.jpeg",640,480,true],"large":["https:\/\/quehacerpolitico.mx\/wp-content\/uploads\/2025\/02\/IMG_0510-1024x768.jpeg",640,480,true],"1536x1536":["https:\/\/quehacerpolitico.mx\/wp-content\/uploads\/2025\/02\/IMG_0510-1536x1152.jpeg",1536,1152,true],"2048x2048":["https:\/\/quehacerpolitico.mx\/wp-content\/uploads\/2025\/02\/IMG_0510.jpeg",1600,1200,false],"covernews-featured":["https:\/\/quehacerpolitico.mx\/wp-content\/uploads\/2025\/02\/IMG_0510-1024x768.jpeg",1024,768,true],"covernews-medium":["https:\/\/quehacerpolitico.mx\/wp-content\/uploads\/2025\/02\/IMG_0510-540x340.jpeg",540,340,true]},"author_info":{"display_name":"Redacci\u00f3n QP","author_link":"https:\/\/quehacerpolitico.mx\/?author=2"},"category_info":"<a href=\"https:\/\/quehacerpolitico.mx\/?cat=58\" rel=\"category\">Cultura y Entretenimiento<\/a>","tag_info":"Cultura y Entretenimiento","comment_count":"0","_links":{"self":[{"href":"https:\/\/quehacerpolitico.mx\/index.php?rest_route=\/wp\/v2\/posts\/114655","targetHints":{"allow":["GET"]}}],"collection":[{"href":"https:\/\/quehacerpolitico.mx\/index.php?rest_route=\/wp\/v2\/posts"}],"about":[{"href":"https:\/\/quehacerpolitico.mx\/index.php?rest_route=\/wp\/v2\/types\/post"}],"author":[{"embeddable":true,"href":"https:\/\/quehacerpolitico.mx\/index.php?rest_route=\/wp\/v2\/users\/2"}],"replies":[{"embeddable":true,"href":"https:\/\/quehacerpolitico.mx\/index.php?rest_route=%2Fwp%2Fv2%2Fcomments&post=114655"}],"version-history":[{"count":1,"href":"https:\/\/quehacerpolitico.mx\/index.php?rest_route=\/wp\/v2\/posts\/114655\/revisions"}],"predecessor-version":[{"id":114664,"href":"https:\/\/quehacerpolitico.mx\/index.php?rest_route=\/wp\/v2\/posts\/114655\/revisions\/114664"}],"wp:featuredmedia":[{"embeddable":true,"href":"https:\/\/quehacerpolitico.mx\/index.php?rest_route=\/wp\/v2\/media\/114656"}],"wp:attachment":[{"href":"https:\/\/quehacerpolitico.mx\/index.php?rest_route=%2Fwp%2Fv2%2Fmedia&parent=114655"}],"wp:term":[{"taxonomy":"category","embeddable":true,"href":"https:\/\/quehacerpolitico.mx\/index.php?rest_route=%2Fwp%2Fv2%2Fcategories&post=114655"},{"taxonomy":"post_tag","embeddable":true,"href":"https:\/\/quehacerpolitico.mx\/index.php?rest_route=%2Fwp%2Fv2%2Ftags&post=114655"}],"curies":[{"name":"wp","href":"https:\/\/api.w.org\/{rel}","templated":true}]}}