{"id":114628,"date":"2025-02-06T12:49:08","date_gmt":"2025-02-06T18:49:08","guid":{"rendered":"https:\/\/quehacerpolitico.mx\/?p=114628"},"modified":"2025-02-06T12:49:10","modified_gmt":"2025-02-06T18:49:10","slug":"mexico-creara-un-centro-de-diseno-y-fabricacion-de-chips-semiconductores","status":"publish","type":"post","link":"https:\/\/quehacerpolitico.mx\/?p=114628","title":{"rendered":"M\u00e9xico crear\u00e1 un centro de dise\u00f1o y fabricaci\u00f3n de chips semiconductores"},"content":{"rendered":"\n<p>Por Redacci\u00f3n QP<\/p>\n\n\n\n<p>La Presidenta Claudia Sheinbaum afirma que se busca incentivar la manufactura de esta tecnolog\u00eda en Norteam\u00e9rica y sustituir importaciones, en particular de Asia<\/p>\n\n\n\n<p>El\u00a0Gobierno de M\u00e9xico anunci\u00f3 este jueves 6 de febrero de 2025 la creaci\u00f3n de un centro de dise\u00f1o de chips semiconductores a partir de este a\u00f1o, y uno de fabricaci\u00f3n abierto a la inversi\u00f3n privada en 2026\u00a0<mark><strong>para incentivar la manufactura de esta tecnolog\u00eda en Norteam\u00e9rica y sustituir importaciones, en particular de Asia.<\/strong><\/mark><\/p>\n\n\n\n<figure class=\"wp-block-embed is-type-rich is-provider-twitter wp-block-embed-twitter\"><div class=\"wp-block-embed__wrapper\">\n<blockquote class=\"twitter-tweet\" data-width=\"550\" data-dnt=\"true\"><p lang=\"es\" dir=\"ltr\">Presenta <a href=\"https:\/\/twitter.com\/Claudiashein?ref_src=twsrc%5Etfw\">@Claudiashein<\/a> el proyecto &quot;Kutsari&quot;.<br><br>Se establecer\u00e1 el Centro Nacional de Dise\u00f1o de Semiconductores en una primera etapa, y luego un centro de fabricaci\u00f3n. <a href=\"https:\/\/t.co\/6mCS9IZB7O\">pic.twitter.com\/6mCS9IZB7O<\/a><\/p>&mdash; Manuel Lopez San Martin (@MLopezSanMartin) <a href=\"https:\/\/twitter.com\/MLopezSanMartin\/status\/1887533926505120108?ref_src=twsrc%5Etfw\">February 6, 2025<\/a><\/blockquote><script async src=\"https:\/\/platform.twitter.com\/widgets.js\" charset=\"utf-8\"><\/script>\n<\/div><\/figure>\n\n\n\n<p>La Presidenta,\u00a0Claudia Sheinbaum, conform\u00f3 un grupo de cient\u00edficos cuya misi\u00f3n &#8220;es consolidar las capacidades de desarrollo de dispositivos basados en semiconductores en M\u00e9xico&#8221;, expuso en &#8220;La Ma\u00f1anera del Pueblo&#8221; Rosaura Ruiz, la secretaria de Ciencia, Humanidades, Tecnolog\u00eda e Innovaci\u00f3n.<\/p>\n\n\n\n<p>Esto &#8220;mediante la creaci\u00f3n de un centro de dise\u00f1o con viabilidad comercial inmediata y, a mediano plazo, un centro de fabricaci\u00f3n con una visi\u00f3n estrat\u00e9gica&#8221;, detall\u00f3 la funcionaria en Palacio Nacional, aunque no precis\u00f3 el monto de inversi\u00f3n.<\/p>\n\n\n\n<p>En el pa\u00eds existe una oportunidad de mercado porque en 2023 se importaron m\u00e1s de 24 mil millones de d\u00f3lares en circuitos electr\u00f3nicos integrados, argument\u00f3 Edmundo Guti\u00e9rrez Dom\u00ednguez, coordinador nacional del Proyecto de Semiconductores y director general de Innovaci\u00f3n Bienestar de M\u00e9xico.<\/p>\n\n\n\n<p>El proyecto contempla &#8220;consolidar&#8221; el centro de dise\u00f1o en 2027 y la f\u00e1brica en 2029, ya sea como una &#8220;empresa p\u00fablica, privada o mixta&#8221;, describi\u00f3 Guti\u00e9rrez Dom\u00ednguez.<\/p>\n\n\n\n<figure class=\"wp-block-embed is-type-video is-provider-youtube wp-block-embed-youtube wp-embed-aspect-16-9 wp-has-aspect-ratio\"><div class=\"wp-block-embed__wrapper\">\n<iframe loading=\"lazy\" title=\"#Ma\u00f1aneraDelPueblo desde Palacio Nacional. Jueves 06 de febrero 2025\" width=\"640\" height=\"360\" src=\"https:\/\/www.youtube.com\/embed\/wktpIXEsTiQ?feature=oembed\" frameborder=\"0\" allow=\"accelerometer; autoplay; clipboard-write; encrypted-media; gyroscope; picture-in-picture; web-share\" referrerpolicy=\"strict-origin-when-cross-origin\" allowfullscreen><\/iframe>\n<\/div><\/figure>\n\n\n\n<p>&#8220;Y finalmente, cuando alcancemos la consolidaci\u00f3n en los eslabones de dise\u00f1o y fabricaci\u00f3n, completar el tercer eslab\u00f3n de ensambles, pruebas y empaquetamiento, con lo cual habremos establecido los tres eslabones de la cadena de proveedur\u00eda de semiconductores hacia el a\u00f1o 2030&#8221;, apunt\u00f3.<\/p>\n\n\n\n<p><mark><strong>Estos chips servir\u00e1n para sectores clave del pa\u00eds como la industria automotriz, la manufactura de dispositivos m\u00e9dicos, electrodom\u00e9sticos, tecnolog\u00edas de informaci\u00f3n y comunicaci\u00f3n (TIC), sat\u00e9lites y telecomunicaciones,<\/strong><\/mark>&nbsp;anunci\u00f3 el funcionario.<\/p>\n\n\n\n<p>M\u00e9xico ha buscado producir chips semiconductores para la manufactura en Norteam\u00e9rica tras la crisis en la industria automotriz durante la pandemia de COVID-19 por la escasez de estos insumos, que se importan de\u00a0Asia, sobre todo.<\/p>\n\n\n\n<p>Estados Unidos anunci\u00f3 en 2024, durante el Gobierno de Joe Biden (2021-2025) un acuerdo de asociaci\u00f3n con M\u00e9xico para&nbsp;<strong>&#8220;explorar oportunidades en la cadena de valor en semiconductores&#8221;,<\/strong>&nbsp;como parte de un fondo de 500 millones de d\u00f3lares para promover iniciativas con socios comerciales para abastecer de estos insumos.<\/p>\n\n\n\n<p>Sheinbaum destac\u00f3 que el centro de chips es parte de su plan para&nbsp;<mark><strong>consolidar a M\u00e9xico como &#8220;potencia cient\u00edfica&#8221;<\/strong><\/mark>&nbsp;al recordar que en enero present\u00f3 Olinia, la primera armadora mexicana de mini veh\u00edculos el\u00e9ctricos que para finales del sexenio, en 2030, espera fabricar tres modelos.<\/p>\n\n\n\n<p>Con informaci\u00f3n de EFE<\/p>\n","protected":false},"excerpt":{"rendered":"<p>Por Redacci\u00f3n QP La Presidenta Claudia Sheinbaum afirma que se busca incentivar la manufactura de&#8230;<\/p>\n","protected":false},"author":2,"featured_media":114629,"comment_status":"open","ping_status":"open","sticky":false,"template":"","format":"standard","meta":{"_monsterinsights_skip_tracking":false,"_monsterinsights_sitenote_active":false,"_monsterinsights_sitenote_note":"","_monsterinsights_sitenote_category":0,"footnotes":""},"categories":[280,2],"tags":[],"class_list":["post-114628","post","type-post","status-publish","format-standard","has-post-thumbnail","hentry","category-nacionales","category-noticias"],"yoast_head":"<!-- This site is optimized with the Yoast SEO plugin v27.3 - https:\/\/yoast.com\/product\/yoast-seo-wordpress\/ -->\n<title>M\u00e9xico crear\u00e1 un centro de dise\u00f1o y fabricaci\u00f3n de chips semiconductores -<\/title>\n<meta name=\"robots\" content=\"index, follow, max-snippet:-1, max-image-preview:large, max-video-preview:-1\" \/>\n<link rel=\"canonical\" href=\"https:\/\/quehacerpolitico.mx\/?p=114628\" \/>\n<meta property=\"og:locale\" content=\"es_MX\" \/>\n<meta property=\"og:type\" content=\"article\" \/>\n<meta property=\"og:title\" content=\"M\u00e9xico crear\u00e1 un centro de dise\u00f1o y fabricaci\u00f3n de chips semiconductores -\" \/>\n<meta property=\"og:description\" content=\"Por Redacci\u00f3n QP La Presidenta Claudia Sheinbaum afirma que se busca incentivar la manufactura de...\" \/>\n<meta property=\"og:url\" content=\"https:\/\/quehacerpolitico.mx\/?p=114628\" \/>\n<meta property=\"article:published_time\" content=\"2025-02-06T18:49:08+00:00\" \/>\n<meta property=\"article:modified_time\" content=\"2025-02-06T18:49:10+00:00\" \/>\n<meta property=\"og:image\" content=\"https:\/\/quehacerpolitico.mx\/wp-content\/uploads\/2025\/02\/IMG_0492.jpeg\" \/>\n\t<meta property=\"og:image:width\" content=\"1284\" \/>\n\t<meta property=\"og:image:height\" content=\"711\" \/>\n\t<meta property=\"og:image:type\" content=\"image\/jpeg\" \/>\n<meta name=\"author\" content=\"Redacci\u00f3n QP\" \/>\n<meta name=\"twitter:card\" content=\"summary_large_image\" \/>\n<meta name=\"twitter:label1\" content=\"Escrito por\" \/>\n\t<meta name=\"twitter:data1\" content=\"Redacci\u00f3n QP\" \/>\n\t<meta name=\"twitter:label2\" content=\"Tiempo de lectura\" \/>\n\t<meta name=\"twitter:data2\" content=\"3 minutos\" \/>\n<script type=\"application\/ld+json\" class=\"yoast-schema-graph\">{\"@context\":\"https:\\\/\\\/schema.org\",\"@graph\":[{\"@type\":\"Article\",\"@id\":\"https:\\\/\\\/quehacerpolitico.mx\\\/?p=114628#article\",\"isPartOf\":{\"@id\":\"https:\\\/\\\/quehacerpolitico.mx\\\/?p=114628\"},\"author\":{\"name\":\"Redacci\u00f3n QP\",\"@id\":\"https:\\\/\\\/quehacerpolitico.mx\\\/#\\\/schema\\\/person\\\/496d8ad2d1d3f8036101dca7ee39e585\"},\"headline\":\"M\u00e9xico crear\u00e1 un centro de dise\u00f1o y fabricaci\u00f3n de chips semiconductores\",\"datePublished\":\"2025-02-06T18:49:08+00:00\",\"dateModified\":\"2025-02-06T18:49:10+00:00\",\"mainEntityOfPage\":{\"@id\":\"https:\\\/\\\/quehacerpolitico.mx\\\/?p=114628\"},\"wordCount\":523,\"commentCount\":0,\"image\":{\"@id\":\"https:\\\/\\\/quehacerpolitico.mx\\\/?p=114628#primaryimage\"},\"thumbnailUrl\":\"https:\\\/\\\/quehacerpolitico.mx\\\/wp-content\\\/uploads\\\/2025\\\/02\\\/IMG_0492.jpeg\",\"articleSection\":[\"Nacionales\",\"Noticias\"],\"inLanguage\":\"es\",\"potentialAction\":[{\"@type\":\"CommentAction\",\"name\":\"Comment\",\"target\":[\"https:\\\/\\\/quehacerpolitico.mx\\\/?p=114628#respond\"]}]},{\"@type\":\"WebPage\",\"@id\":\"https:\\\/\\\/quehacerpolitico.mx\\\/?p=114628\",\"url\":\"https:\\\/\\\/quehacerpolitico.mx\\\/?p=114628\",\"name\":\"M\u00e9xico crear\u00e1 un centro de dise\u00f1o y fabricaci\u00f3n de chips semiconductores -\",\"isPartOf\":{\"@id\":\"https:\\\/\\\/quehacerpolitico.mx\\\/#website\"},\"primaryImageOfPage\":{\"@id\":\"https:\\\/\\\/quehacerpolitico.mx\\\/?p=114628#primaryimage\"},\"image\":{\"@id\":\"https:\\\/\\\/quehacerpolitico.mx\\\/?p=114628#primaryimage\"},\"thumbnailUrl\":\"https:\\\/\\\/quehacerpolitico.mx\\\/wp-content\\\/uploads\\\/2025\\\/02\\\/IMG_0492.jpeg\",\"datePublished\":\"2025-02-06T18:49:08+00:00\",\"dateModified\":\"2025-02-06T18:49:10+00:00\",\"author\":{\"@id\":\"https:\\\/\\\/quehacerpolitico.mx\\\/#\\\/schema\\\/person\\\/496d8ad2d1d3f8036101dca7ee39e585\"},\"breadcrumb\":{\"@id\":\"https:\\\/\\\/quehacerpolitico.mx\\\/?p=114628#breadcrumb\"},\"inLanguage\":\"es\",\"potentialAction\":[{\"@type\":\"ReadAction\",\"target\":[\"https:\\\/\\\/quehacerpolitico.mx\\\/?p=114628\"]}]},{\"@type\":\"ImageObject\",\"inLanguage\":\"es\",\"@id\":\"https:\\\/\\\/quehacerpolitico.mx\\\/?p=114628#primaryimage\",\"url\":\"https:\\\/\\\/quehacerpolitico.mx\\\/wp-content\\\/uploads\\\/2025\\\/02\\\/IMG_0492.jpeg\",\"contentUrl\":\"https:\\\/\\\/quehacerpolitico.mx\\\/wp-content\\\/uploads\\\/2025\\\/02\\\/IMG_0492.jpeg\",\"width\":1284,\"height\":711,\"caption\":\"Screenshot\"},{\"@type\":\"BreadcrumbList\",\"@id\":\"https:\\\/\\\/quehacerpolitico.mx\\\/?p=114628#breadcrumb\",\"itemListElement\":[{\"@type\":\"ListItem\",\"position\":1,\"name\":\"Inicio\",\"item\":\"https:\\\/\\\/quehacerpolitico.mx\\\/\"},{\"@type\":\"ListItem\",\"position\":2,\"name\":\"M\u00e9xico crear\u00e1 un centro de dise\u00f1o y fabricaci\u00f3n de chips semiconductores\"}]},{\"@type\":\"WebSite\",\"@id\":\"https:\\\/\\\/quehacerpolitico.mx\\\/#website\",\"url\":\"https:\\\/\\\/quehacerpolitico.mx\\\/\",\"name\":\"\",\"description\":\"\",\"potentialAction\":[{\"@type\":\"SearchAction\",\"target\":{\"@type\":\"EntryPoint\",\"urlTemplate\":\"https:\\\/\\\/quehacerpolitico.mx\\\/?s={search_term_string}\"},\"query-input\":{\"@type\":\"PropertyValueSpecification\",\"valueRequired\":true,\"valueName\":\"search_term_string\"}}],\"inLanguage\":\"es\"},{\"@type\":\"Person\",\"@id\":\"https:\\\/\\\/quehacerpolitico.mx\\\/#\\\/schema\\\/person\\\/496d8ad2d1d3f8036101dca7ee39e585\",\"name\":\"Redacci\u00f3n QP\",\"image\":{\"@type\":\"ImageObject\",\"inLanguage\":\"es\",\"@id\":\"https:\\\/\\\/secure.gravatar.com\\\/avatar\\\/c7164ed6fdec453195284ad24a5ae5b6e1eed2b848477fa2a4787ba9adf39a41?s=96&d=mm&r=g\",\"url\":\"https:\\\/\\\/secure.gravatar.com\\\/avatar\\\/c7164ed6fdec453195284ad24a5ae5b6e1eed2b848477fa2a4787ba9adf39a41?s=96&d=mm&r=g\",\"contentUrl\":\"https:\\\/\\\/secure.gravatar.com\\\/avatar\\\/c7164ed6fdec453195284ad24a5ae5b6e1eed2b848477fa2a4787ba9adf39a41?s=96&d=mm&r=g\",\"caption\":\"Redacci\u00f3n QP\"},\"url\":\"https:\\\/\\\/quehacerpolitico.mx\\\/?author=2\"}]}<\/script>\n<!-- \/ Yoast SEO plugin. -->","yoast_head_json":{"title":"M\u00e9xico crear\u00e1 un centro de dise\u00f1o y fabricaci\u00f3n de chips semiconductores -","robots":{"index":"index","follow":"follow","max-snippet":"max-snippet:-1","max-image-preview":"max-image-preview:large","max-video-preview":"max-video-preview:-1"},"canonical":"https:\/\/quehacerpolitico.mx\/?p=114628","og_locale":"es_MX","og_type":"article","og_title":"M\u00e9xico crear\u00e1 un centro de dise\u00f1o y fabricaci\u00f3n de chips semiconductores -","og_description":"Por Redacci\u00f3n QP La Presidenta Claudia Sheinbaum afirma que se busca incentivar la manufactura de...","og_url":"https:\/\/quehacerpolitico.mx\/?p=114628","article_published_time":"2025-02-06T18:49:08+00:00","article_modified_time":"2025-02-06T18:49:10+00:00","og_image":[{"width":1284,"height":711,"url":"https:\/\/quehacerpolitico.mx\/wp-content\/uploads\/2025\/02\/IMG_0492.jpeg","type":"image\/jpeg"}],"author":"Redacci\u00f3n QP","twitter_card":"summary_large_image","twitter_misc":{"Escrito por":"Redacci\u00f3n QP","Tiempo de lectura":"3 minutos"},"schema":{"@context":"https:\/\/schema.org","@graph":[{"@type":"Article","@id":"https:\/\/quehacerpolitico.mx\/?p=114628#article","isPartOf":{"@id":"https:\/\/quehacerpolitico.mx\/?p=114628"},"author":{"name":"Redacci\u00f3n QP","@id":"https:\/\/quehacerpolitico.mx\/#\/schema\/person\/496d8ad2d1d3f8036101dca7ee39e585"},"headline":"M\u00e9xico crear\u00e1 un centro de dise\u00f1o y fabricaci\u00f3n de chips semiconductores","datePublished":"2025-02-06T18:49:08+00:00","dateModified":"2025-02-06T18:49:10+00:00","mainEntityOfPage":{"@id":"https:\/\/quehacerpolitico.mx\/?p=114628"},"wordCount":523,"commentCount":0,"image":{"@id":"https:\/\/quehacerpolitico.mx\/?p=114628#primaryimage"},"thumbnailUrl":"https:\/\/quehacerpolitico.mx\/wp-content\/uploads\/2025\/02\/IMG_0492.jpeg","articleSection":["Nacionales","Noticias"],"inLanguage":"es","potentialAction":[{"@type":"CommentAction","name":"Comment","target":["https:\/\/quehacerpolitico.mx\/?p=114628#respond"]}]},{"@type":"WebPage","@id":"https:\/\/quehacerpolitico.mx\/?p=114628","url":"https:\/\/quehacerpolitico.mx\/?p=114628","name":"M\u00e9xico crear\u00e1 un centro de dise\u00f1o y fabricaci\u00f3n de chips semiconductores -","isPartOf":{"@id":"https:\/\/quehacerpolitico.mx\/#website"},"primaryImageOfPage":{"@id":"https:\/\/quehacerpolitico.mx\/?p=114628#primaryimage"},"image":{"@id":"https:\/\/quehacerpolitico.mx\/?p=114628#primaryimage"},"thumbnailUrl":"https:\/\/quehacerpolitico.mx\/wp-content\/uploads\/2025\/02\/IMG_0492.jpeg","datePublished":"2025-02-06T18:49:08+00:00","dateModified":"2025-02-06T18:49:10+00:00","author":{"@id":"https:\/\/quehacerpolitico.mx\/#\/schema\/person\/496d8ad2d1d3f8036101dca7ee39e585"},"breadcrumb":{"@id":"https:\/\/quehacerpolitico.mx\/?p=114628#breadcrumb"},"inLanguage":"es","potentialAction":[{"@type":"ReadAction","target":["https:\/\/quehacerpolitico.mx\/?p=114628"]}]},{"@type":"ImageObject","inLanguage":"es","@id":"https:\/\/quehacerpolitico.mx\/?p=114628#primaryimage","url":"https:\/\/quehacerpolitico.mx\/wp-content\/uploads\/2025\/02\/IMG_0492.jpeg","contentUrl":"https:\/\/quehacerpolitico.mx\/wp-content\/uploads\/2025\/02\/IMG_0492.jpeg","width":1284,"height":711,"caption":"Screenshot"},{"@type":"BreadcrumbList","@id":"https:\/\/quehacerpolitico.mx\/?p=114628#breadcrumb","itemListElement":[{"@type":"ListItem","position":1,"name":"Inicio","item":"https:\/\/quehacerpolitico.mx\/"},{"@type":"ListItem","position":2,"name":"M\u00e9xico crear\u00e1 un centro de dise\u00f1o y fabricaci\u00f3n de chips semiconductores"}]},{"@type":"WebSite","@id":"https:\/\/quehacerpolitico.mx\/#website","url":"https:\/\/quehacerpolitico.mx\/","name":"","description":"","potentialAction":[{"@type":"SearchAction","target":{"@type":"EntryPoint","urlTemplate":"https:\/\/quehacerpolitico.mx\/?s={search_term_string}"},"query-input":{"@type":"PropertyValueSpecification","valueRequired":true,"valueName":"search_term_string"}}],"inLanguage":"es"},{"@type":"Person","@id":"https:\/\/quehacerpolitico.mx\/#\/schema\/person\/496d8ad2d1d3f8036101dca7ee39e585","name":"Redacci\u00f3n QP","image":{"@type":"ImageObject","inLanguage":"es","@id":"https:\/\/secure.gravatar.com\/avatar\/c7164ed6fdec453195284ad24a5ae5b6e1eed2b848477fa2a4787ba9adf39a41?s=96&d=mm&r=g","url":"https:\/\/secure.gravatar.com\/avatar\/c7164ed6fdec453195284ad24a5ae5b6e1eed2b848477fa2a4787ba9adf39a41?s=96&d=mm&r=g","contentUrl":"https:\/\/secure.gravatar.com\/avatar\/c7164ed6fdec453195284ad24a5ae5b6e1eed2b848477fa2a4787ba9adf39a41?s=96&d=mm&r=g","caption":"Redacci\u00f3n QP"},"url":"https:\/\/quehacerpolitico.mx\/?author=2"}]}},"featured_image_urls":{"full":["https:\/\/quehacerpolitico.mx\/wp-content\/uploads\/2025\/02\/IMG_0492.jpeg",1284,711,false],"thumbnail":["https:\/\/quehacerpolitico.mx\/wp-content\/uploads\/2025\/02\/IMG_0492-150x150.jpeg",150,150,true],"medium":["https:\/\/quehacerpolitico.mx\/wp-content\/uploads\/2025\/02\/IMG_0492-300x166.jpeg",300,166,true],"medium_large":["https:\/\/quehacerpolitico.mx\/wp-content\/uploads\/2025\/02\/IMG_0492-768x425.jpeg",640,354,true],"large":["https:\/\/quehacerpolitico.mx\/wp-content\/uploads\/2025\/02\/IMG_0492-1024x567.jpeg",640,354,true],"1536x1536":["https:\/\/quehacerpolitico.mx\/wp-content\/uploads\/2025\/02\/IMG_0492.jpeg",1284,711,false],"2048x2048":["https:\/\/quehacerpolitico.mx\/wp-content\/uploads\/2025\/02\/IMG_0492.jpeg",1284,711,false],"covernews-featured":["https:\/\/quehacerpolitico.mx\/wp-content\/uploads\/2025\/02\/IMG_0492-1024x567.jpeg",1024,567,true],"covernews-medium":["https:\/\/quehacerpolitico.mx\/wp-content\/uploads\/2025\/02\/IMG_0492-540x340.jpeg",540,340,true]},"author_info":{"display_name":"Redacci\u00f3n QP","author_link":"https:\/\/quehacerpolitico.mx\/?author=2"},"category_info":"<a href=\"https:\/\/quehacerpolitico.mx\/?cat=280\" rel=\"category\">Nacionales<\/a> <a href=\"https:\/\/quehacerpolitico.mx\/?cat=2\" rel=\"category\">Noticias<\/a>","tag_info":"Noticias","comment_count":"0","_links":{"self":[{"href":"https:\/\/quehacerpolitico.mx\/index.php?rest_route=\/wp\/v2\/posts\/114628","targetHints":{"allow":["GET"]}}],"collection":[{"href":"https:\/\/quehacerpolitico.mx\/index.php?rest_route=\/wp\/v2\/posts"}],"about":[{"href":"https:\/\/quehacerpolitico.mx\/index.php?rest_route=\/wp\/v2\/types\/post"}],"author":[{"embeddable":true,"href":"https:\/\/quehacerpolitico.mx\/index.php?rest_route=\/wp\/v2\/users\/2"}],"replies":[{"embeddable":true,"href":"https:\/\/quehacerpolitico.mx\/index.php?rest_route=%2Fwp%2Fv2%2Fcomments&post=114628"}],"version-history":[{"count":1,"href":"https:\/\/quehacerpolitico.mx\/index.php?rest_route=\/wp\/v2\/posts\/114628\/revisions"}],"predecessor-version":[{"id":114630,"href":"https:\/\/quehacerpolitico.mx\/index.php?rest_route=\/wp\/v2\/posts\/114628\/revisions\/114630"}],"wp:featuredmedia":[{"embeddable":true,"href":"https:\/\/quehacerpolitico.mx\/index.php?rest_route=\/wp\/v2\/media\/114629"}],"wp:attachment":[{"href":"https:\/\/quehacerpolitico.mx\/index.php?rest_route=%2Fwp%2Fv2%2Fmedia&parent=114628"}],"wp:term":[{"taxonomy":"category","embeddable":true,"href":"https:\/\/quehacerpolitico.mx\/index.php?rest_route=%2Fwp%2Fv2%2Fcategories&post=114628"},{"taxonomy":"post_tag","embeddable":true,"href":"https:\/\/quehacerpolitico.mx\/index.php?rest_route=%2Fwp%2Fv2%2Ftags&post=114628"}],"curies":[{"name":"wp","href":"https:\/\/api.w.org\/{rel}","templated":true}]}}