{"id":114616,"date":"2025-02-05T14:58:45","date_gmt":"2025-02-05T20:58:45","guid":{"rendered":"https:\/\/quehacerpolitico.mx\/?p=114616"},"modified":"2025-02-05T14:58:48","modified_gmt":"2025-02-05T20:58:48","slug":"lo-que-alguna-vez-fue-un-bosque-lleno-de-pinos-cedros-abetos-y-oyameles-en-lomas-de-tepemecatl-en-el-ajusco-hoy-esta-lleno-de-basura-y-contaminando-el-agua","status":"publish","type":"post","link":"https:\/\/quehacerpolitico.mx\/?p=114616","title":{"rendered":"Lo que alguna vez fue un bosque lleno de pinos, cedros, abetos y oyameles en Lomas de Tepem\u00e9catl en el Ajusco: hoy est\u00e1 lleno de basura y contaminando el agua"},"content":{"rendered":"\n<p>Por Redacci\u00f3n QP<\/p>\n\n\n\n<p>La red de energ\u00eda el\u00e9ctrica se extiende como si fueran las venas de este asentamiento irregular.<\/p>\n\n\n\n<p>Los cables pasan por encima de lo que alguna vez fue un bosque lleno de pinos, cedros, abetos y oyameles, pero que hoy es un devastado paraje del Ajusco llamado Lomas de Tepem\u00e9catl.<\/p>\n\n\n\n<p>Detr\u00e1s del servicio de luz no solo hay ilegalidad, tambi\u00e9n un cacicazgo dominante en la zona, el cual amenaza y hostiga para asegurar el cumplimiento de pagos dudosos a la Comisi\u00f3n Federal de Electricidad (CFE), as\u00ed como para talar \u00e1rboles en beneficio personal.<\/p>\n\n\n\n<p>Agust\u00edn, un comunero de 50 a\u00f1os originario de San Miguel Ajusco, nos platica que el tendido el\u00e9ctrico inici\u00f3 en Lomas de Tepem\u00e9catl aproximadamente en 2013, pero en 2017 se extendi\u00f3 sin control gracias a una pol\u00edtica del gobierno federal a\u00fan en vigor, la cual establece el derecho a la electricidad para todas las comunidades agrarias del pa\u00eds, sobre todo si en ellas habitan grupos vulnerables.<\/p>\n\n\n\n<p>Se trata del convenio 512140602907 \u201cpara la electrificaci\u00f3n de comunidades rurales y zonas urbanas marginadas\u201d publicado por la CFE en el Diario Oficial de la Federaci\u00f3n el 29 de marzo de 2017.<\/p>\n\n\n\n<p>Con el servicio de luz llegaron las casas, las industrias, las bodegas y la mancha urbana ya no se detuvo.<\/p>\n\n\n\n<p>Agust\u00edn nos platica que bajo el amparo de ese convenio, el ex presidente del comisariado de Santo Tom\u00e1s Ajusco -quien lo fue hace tres d\u00e9cadas-, Juan Ch\u00e1vez Garc\u00eda, organiz\u00f3 el pago de la luz a CFE, a raz\u00f3n de 100 pesos por predio.<\/p>\n\n\n\n<p>Denuncias ante la PAOT se\u00f1alan a Juan Ch\u00e1vez junto con otro personaje de nombre V\u00edctor Barrera, como poseedor de un predio de la calle de Tonatzin donde se levanta una planta industrial en la que se recicla PET.<\/p>\n\n\n\n<p>Ese es el sitio donde intervino la Procuradur\u00eda Ambiental y del Ordenamiento Territorial (PAOT) en 2022, por la violaci\u00f3n al uso de suelo forestal-agr\u00edcola y la tala de \u00e1rboles que dio paso a la construcci\u00f3n de una planta de tratamiento de PET llamada Grupo Barrera INNPLAREC.<\/p>\n\n\n\n<p>Por la intervenci\u00f3n de la Procuradur\u00eda Ambiental se colocaron sellos de clausura en esa planta industrial, con el expediente PAOT 2021 2394 SOT 521 y de suspensi\u00f3n de actividades con el expediente PAOT 2021-2394-SOT-5211306.<\/p>\n\n\n\n<p>Esos expedientes, de los que Capital CDMX, derivan de denuncias an\u00f3nimas presentadas ante la Procuradur\u00eda y se\u00f1alan la presunta responsabilidad del ex Comisariado de Santo Tom\u00e1s Ajusco por el da\u00f1o ambiental en esta zona de Lomas de Tepem\u00e9catl.<\/p>\n\n\n\n<p>Del pago de luz con esa cuota fija de 100 pesos que hasta pareciera simb\u00f3lica, se benefician tanto las viviendas grandes y chicas, los negocios de todo tipo, las naves industriales de textiles, una ladrillera, una bodega de Bachoco, un predio de abasto clandestino de gas LP, as\u00ed como las procesadoras de PET.<\/p>\n\n\n\n<p>El pago de luz se hace en una cuenta com\u00fan a la cual todos los vecinos de Lomas de Tepem\u00e9catl le depositan.<\/p>\n\n\n\n<p>Se paga a la CFE a pesar de que los postes, transformadores y cables fueron adquiridos por los habitantes de este asentamiento.<\/p>\n\n\n\n<p>Ello hace sospechar a Agust\u00edn que los dep\u00f3sitos de la cuenta en com\u00fan podr\u00edan estarse desviando y no llegan a la Comisi\u00f3n Federal de Electricidad.<\/p>\n\n\n\n<p>\u201cHoy ya cualquiera se cuelga a los postes, se conectan y desconectan con \u2018diablitos\u2019, por eso dicen quienes coordinan todo esto que los nuevos, los que acaban de llegar m\u00e1s adentro (del asentamiento) ya no quieren pagar, ni siquiera los 100 pesos\u201d, platica el comunero.<\/p>\n\n\n\n<h3 class=\"wp-block-heading\">TRASIEGO DE BASURA<\/h3>\n\n\n\n<p>En Lomas de Tepem\u00e9catl no hay autoridad y por eso muchas actividades il\u00edcitas pueden realizarse a cualquier hora del d\u00eda.<\/p>\n\n\n\n<p>El trasiego de la basura es una de esas actividades que ha encontrado en esta anarqu\u00eda un espacio propicio para su proliferaci\u00f3n de bodegas, naves industriales y plantas recicladoras.<\/p>\n\n\n\n<p>En las quejas an\u00f3nimas ante la PAOT, los denunciantes ya contabilizaban 50 naves industriales en Lomas de Tepem\u00e9catl, todas ellas conectadas ilegalmente al tendido el\u00e9ctrico, asentada en suelo de uso agr\u00edcola y forestal seg\u00fan lo establece el plano de zonificaci\u00f3n incluido en el Programa de Ordenamiento Ecol\u00f3gico vigente desde el a\u00f1o 2000.<\/p>\n\n\n\n<p>La ruta de la basura y sobre todo el reciclaje de PET es otra arista de la rapi\u00f1a ambiental que deja su huella con camiones de redilas y camionetas de 3.5 toneladas cargada de botellas de pl\u00e1stico.<\/p>\n\n\n\n<p>De ello nos platica V\u00edctor, un amigo de Agust\u00edn y vecino de la colonia San Nicol\u00e1s II, una comunidad ubicada a cinco kil\u00f3metros carretera abajo de Lomas de Tepem\u00e9catl.<br>V\u00edctor nos cuenta que en el negocio del reciclaje participan los operadores de los camiones de basura propiedad de la alcald\u00eda, es decir, los empleados del servicio p\u00fablico.<\/p>\n\n\n\n<p>La basura ya depositada en esos camiones le pertenece a la Ciudad, pero este vecino fue testigo de como un bien que en teor\u00eda deb\u00eda ser ya p\u00fablico pas\u00f3 en unos minutos a manos privadas.<\/p>\n\n\n\n<p>En la calle Hocab\u00e1 casi esquina con el kil\u00f3metro 5.5 de la carretera Picacho-Ajusco hay un centro de compra de basura llamado Recycling Center<br>Un kil\u00f3metro m\u00e1s adelante existe otro centro de compra-venta de desperdicio industrial de nombre EKR.<\/p>\n\n\n\n<p>Mientras V\u00edctor arreglaba la llanta de su auto en un vulcanizadora de al lado vio como a EKR lleg\u00f3 un cami\u00f3n de basura y vendi\u00f3 ah\u00ed el fierro, cart\u00f3n y el PET que sali\u00f3 de la recolecci\u00f3n diaria.<\/p>\n\n\n\n<p>Los operadores del cami\u00f3n de basura vend\u00edan ah\u00ed el pl\u00e1stico en vez de trasladarlo a las plantas de tratamiento de residuos que tiene el gobierno de la Ciudad.<br>Ya en el kil\u00f3metro 7 de la misma carretera hay otra planta de compra de residuos llamada Industria Mexicana de Reciclaje SA (IMER).<\/p>\n\n\n\n<p>Durante un recorrido realizado el 28 de enero por la Picacho-Ajusco, casi a las 18:00 horas, Capital CDMX pudo constatar como un cami\u00f3n de basura con r\u00f3tulos de la alcald\u00eda Tlalpan descargaba material reciclado en la planta de EKR.<\/p>\n\n\n\n<p>El tr\u00e1nsito de los veh\u00edculos privados que llevan y traen PET es com\u00fan por toda la Picacho-Ajusco y se debe a que a lo largo de la carretera y dentro de poblaciones como en Lomas de Tepem\u00e9catl han proliferado esas plantas recicladoras.<\/p>\n\n\n\n<figure class=\"wp-block-image size-full\"><img loading=\"lazy\" decoding=\"async\" width=\"985\" height=\"548\" src=\"https:\/\/quehacerpolitico.mx\/wp-content\/uploads\/2025\/02\/image-8.jpeg\" alt=\"\" class=\"wp-image-114618\" srcset=\"https:\/\/quehacerpolitico.mx\/wp-content\/uploads\/2025\/02\/image-8.jpeg 985w, https:\/\/quehacerpolitico.mx\/wp-content\/uploads\/2025\/02\/image-8-300x167.jpeg 300w, https:\/\/quehacerpolitico.mx\/wp-content\/uploads\/2025\/02\/image-8-768x427.jpeg 768w\" sizes=\"auto, (max-width: 985px) 100vw, 985px\" \/><\/figure>\n\n\n\n<p>Cuando apareci\u00f3 esa industria tambi\u00e9n comenzaron a asentarse personas para trabajar ah\u00ed y con esos empleados llegaron sus familias que se quedaron en el suelo de conservaci\u00f3n.<br>Son personas de escasos recursos cuyas viviendas humildes conviven con grandes residencias convertidas en b\u00fankeres.<\/p>\n\n\n\n<p>V\u00edctor y Agust\u00edn dicen que los trabajadores de esas plantas de tratamiento reciben poca paga, pues obtienen 200 pesos por jornadas de 12 horas, incluso en horario nocturno.<\/p>\n\n\n\n<p>Agregan que los empleados no tienen ning\u00fan tipo de prestaci\u00f3n, a pesar del riesgo a su salud, pues todo el tiempo laboran con solventes para retirar las etiquetas de las botellas de pl\u00e1stico.<\/p>\n\n\n\n<p>\u00bfDe d\u00f3nde viene toda esta gente?, le preguntamos a Agust\u00edn cuando caminamos bajo miradas vigilantes por la calle de Tonatzin.<\/p>\n\n\n\n<p>Quien responde es V\u00edctor, pues sospecha que toda esa poblaci\u00f3n viene de Iztapalapa y lo dice porque un d\u00eda en su carro fue tras uno de los camiones que salen de la planta recicladora ubicada en esta calle y los sigui\u00f3 hasta aquella alcald\u00eda del oriente de la Ciudad.<\/p>\n\n\n\n<p>Dej\u00f3 de seguirlos cuando percibi\u00f3 que el conductor del cami\u00f3n se hab\u00eda dado de un auto particular que ven\u00eda tras ellos desde kil\u00f3metros atr\u00e1s.<\/p>\n\n\n\n<p>Tambi\u00e9n lo dice porque ha platicado con esas personas y aunque recelosas, algunas le han dicho que vienen del oriente de la ciudad.<\/p>\n\n\n\n<p>Hoy Agust\u00edn sabe por sus vecinos que tanto ricos como pobres en Lomas de Tepem\u00e9catl esperan la pr\u00f3xima regularizaci\u00f3n del asentamiento, pues fue una promesa de los candidatos del partido Morena durante las elecciones del a\u00f1o pasado.<\/p>\n\n\n\n<p>Conf\u00edan en esa regularizaci\u00f3n pues hace menos de una d\u00e9cada ya ocurri\u00f3 con la colonia de V\u00edctor, la de San Nicol\u00e1s.<\/p>\n\n\n\n<p>Con el afianzamiento de Morena en el poder, tanto en la alcald\u00eda Tlalpan como en el gobierno de la Ciudad de M\u00e9xico, Agust\u00edn no cree que exista la m\u00ednima posibilidad de rescatar el bosque en donde creci\u00f3.<\/p>\n\n\n\n<p>\u201cAh\u00ed est\u00e1 el ejemplo de como gobierna la 4T\u201d, dice desconsolado.<\/p>\n\n\n\n<h3 class=\"wp-block-heading\">HASTA HOTEL DE LUJO<\/h3>\n\n\n\n<p>El da\u00f1o ambiental en Lomas de Tepem\u00e9catl parece irreversible porque el asentamiento irregular se encuentra ya muy consolidado, a tal grado que en el lugar hasta funciona un hotel de lujo.<\/p>\n\n\n\n<p>Se llama Org\u00e1nico Hotel Boutique y con un alojamiento por noche que va de los 5 mil 300 a los 6 mil 500 pesos (seg\u00fan las plataformas digitales de reservaci\u00f3n), ofrece a sus hu\u00e9spedes una experiencia \u00fanica de contacto con el bosque.<\/p>\n\n\n\n<p>Ese Org\u00e1nico Hotel Boutique se localiza en la calle Camino Real 30 de Marzo del poblado San Miguel Ajusco, en Lomas de Tepem\u00e9catl.<\/p>\n\n\n\n<p>A trav\u00e9s de una solicitud con base en la Ley de Transparencia, se le pidi\u00f3 a la Secretar\u00eda de Medio Ambiente (Sedema) que diera cuenta de los permisos, licencias o autorizaciones otorgados a ese hotel para su operaci\u00f3n, as\u00ed como toda la informaci\u00f3n relacionada con ese establecimiento.<\/p>\n\n\n\n<p>La Sedema respondi\u00f3 aceptando que desconoc\u00eda \u201ctotalmente\u201d dicho proyecto y por tanto no pod\u00eda pronunciarse sobre alg\u00fan permiso o autorizaci\u00f3n.<\/p>\n\n\n\n<p>Lo que s\u00ed respondi\u00f3 la Sedema es que a trav\u00e9s de una b\u00fasqueda en el Sistema de Informaci\u00f3n Geogr\u00e1fica, determin\u00f3 que el domicilio de ese hotel de lujo se localiza dentro del suelo de conservaci\u00f3n, de acuerdo con el Programa General de Ordenamiento Ecol\u00f3gico del Distrito Federal.<\/p>\n\n\n\n<p>De hecho, en su respuesta la Sedema sugiri\u00f3 a Capital CDMX presentar una Denuncia Ambiental contra ese hotel, por realizar actividades en suelo de conservaci\u00f3n y violar as\u00ed los art\u00edculos 5 y 46 de la Ley Ambiental de Protecci\u00f3n a la Tierra.<\/p>\n\n\n\n<h3 class=\"wp-block-heading\">300 HECT\u00c1REAS PERDIDAS<\/h3>\n\n\n\n<p>Tambi\u00e9n con base en una solicitud de informaci\u00f3n p\u00fablica se le pidi\u00f3 a la PAOT un diagn\u00f3stico sobre el crecimiento de la mancha urbana dentro del radio de influencia del Parque Nacional Cumbres del Ajusco, as\u00ed como en el paraje Lomas de Tepem\u00e9catl.<\/p>\n\n\n\n<p>La instituci\u00f3n respondi\u00f3 que no contaba con ese diagn\u00f3stico, pero respondi\u00f3 que tiene identificado a Lomas de Tepem\u00e9catl como un Asentamiento Humano Irregular de acuerdo con un inventario que data de 2010.<\/p>\n\n\n\n<p>Tambi\u00e9n inform\u00f3 que de acuerdo con sus par\u00e1metros para medir el \u00e1rea de influencia del Parque Nacional Cumbres del Ajusco, se consider\u00f3 que en un radio de tres kil\u00f3metros alrededor de esa \u00c1rea Natural Protegida se perdieron ya 301 hect\u00e1reas de suelo con cobertura forestal.<\/p>\n\n\n\n<figure class=\"wp-block-image size-large\"><img loading=\"lazy\" decoding=\"async\" width=\"1024\" height=\"575\" src=\"https:\/\/quehacerpolitico.mx\/wp-content\/uploads\/2025\/02\/image-7-1024x575.jpeg\" alt=\"\" class=\"wp-image-114617\" srcset=\"https:\/\/quehacerpolitico.mx\/wp-content\/uploads\/2025\/02\/image-7-1024x575.jpeg 1024w, https:\/\/quehacerpolitico.mx\/wp-content\/uploads\/2025\/02\/image-7-300x169.jpeg 300w, https:\/\/quehacerpolitico.mx\/wp-content\/uploads\/2025\/02\/image-7-768x431.jpeg 768w, https:\/\/quehacerpolitico.mx\/wp-content\/uploads\/2025\/02\/image-7.jpeg 1280w\" sizes=\"auto, (max-width: 1024px) 100vw, 1024px\" \/><\/figure>\n\n\n\n<p>Ese radio de tres kil\u00f3metros abarca tanto los asentamientos irregulares como las comunidades con suelo urbano permitido, es decir, San Miguel y Santo Tom\u00e1s Ajusco.<\/p>\n\n\n\n<p>La PAOT tambi\u00e9n detall\u00f3 que los Asentamientos Humanos Irregulares ubicados dentro de esos tres kil\u00f3metros del \u00e1rea de influencia cubren una superficie de 103 hect\u00e1reas.<\/p>\n\n\n\n<p>Adem\u00e1s, se encontraron 40 denuncias relacionadas con construcciones ilegales dentro del \u00e1rea de influencia de esos tres kil\u00f3metros y cinco de esas denuncias refieren tala clandestina o afectaci\u00f3n de arbolado.<\/p>\n\n\n\n<p>\u201cLa mayor\u00eda de esas denuncias se localizan en la periferia inmediata de algunos pol\u00edgonos de esos asentamientos, por lo que se podr\u00eda considerar como un posible crecimiento de los mismos\u201d, a\u00f1adi\u00f3 la Procuradur\u00eda Ambiental.<\/p>\n\n\n\n<p>Esa instituci\u00f3n tambi\u00e9n detect\u00f3 que 31 de las 40 denuncias se localizan en la zonificaci\u00f3n agroecol\u00f3gica.<\/p>\n\n\n\n<p>Con informaci\u00f3n de Capital-CDMX<\/p>\n","protected":false},"excerpt":{"rendered":"<p>Por Redacci\u00f3n QP La red de energ\u00eda el\u00e9ctrica se extiende como si fueran las venas&#8230;<\/p>\n","protected":false},"author":2,"featured_media":114619,"comment_status":"open","ping_status":"open","sticky":false,"template":"","format":"standard","meta":{"_monsterinsights_skip_tracking":false,"_monsterinsights_sitenote_active":false,"_monsterinsights_sitenote_note":"","_monsterinsights_sitenote_category":0,"footnotes":""},"categories":[55],"tags":[],"class_list":["post-114616","post","type-post","status-publish","format-standard","has-post-thumbnail","hentry","category-cdmx"],"yoast_head":"<!-- This site is optimized with the Yoast SEO plugin v27.3 - https:\/\/yoast.com\/product\/yoast-seo-wordpress\/ -->\n<title>Lo que alguna vez fue un bosque lleno de pinos, cedros, abetos y oyameles en Lomas de Tepem\u00e9catl en el Ajusco: hoy est\u00e1 lleno de basura y contaminando el agua -<\/title>\n<meta name=\"robots\" content=\"index, follow, max-snippet:-1, max-image-preview:large, max-video-preview:-1\" \/>\n<link rel=\"canonical\" href=\"https:\/\/quehacerpolitico.mx\/?p=114616\" \/>\n<meta property=\"og:locale\" content=\"es_MX\" \/>\n<meta property=\"og:type\" content=\"article\" \/>\n<meta property=\"og:title\" content=\"Lo que alguna vez fue un bosque lleno de pinos, cedros, abetos y oyameles en Lomas de Tepem\u00e9catl en el Ajusco: hoy est\u00e1 lleno de basura y contaminando el agua -\" \/>\n<meta property=\"og:description\" content=\"Por Redacci\u00f3n QP La red de energ\u00eda el\u00e9ctrica se extiende como si fueran las venas...\" \/>\n<meta property=\"og:url\" content=\"https:\/\/quehacerpolitico.mx\/?p=114616\" \/>\n<meta property=\"article:published_time\" content=\"2025-02-05T20:58:45+00:00\" \/>\n<meta property=\"article:modified_time\" content=\"2025-02-05T20:58:48+00:00\" \/>\n<meta property=\"og:image\" content=\"https:\/\/quehacerpolitico.mx\/wp-content\/uploads\/2025\/02\/IMG_0474.jpeg\" \/>\n\t<meta property=\"og:image:width\" content=\"671\" \/>\n\t<meta property=\"og:image:height\" content=\"457\" \/>\n\t<meta property=\"og:image:type\" content=\"image\/jpeg\" \/>\n<meta name=\"author\" content=\"Redacci\u00f3n QP\" \/>\n<meta name=\"twitter:card\" content=\"summary_large_image\" \/>\n<meta name=\"twitter:label1\" content=\"Escrito por\" \/>\n\t<meta name=\"twitter:data1\" content=\"Redacci\u00f3n QP\" \/>\n\t<meta name=\"twitter:label2\" content=\"Tiempo de lectura\" \/>\n\t<meta name=\"twitter:data2\" content=\"10 minutos\" \/>\n<script type=\"application\/ld+json\" class=\"yoast-schema-graph\">{\"@context\":\"https:\\\/\\\/schema.org\",\"@graph\":[{\"@type\":\"Article\",\"@id\":\"https:\\\/\\\/quehacerpolitico.mx\\\/?p=114616#article\",\"isPartOf\":{\"@id\":\"https:\\\/\\\/quehacerpolitico.mx\\\/?p=114616\"},\"author\":{\"name\":\"Redacci\u00f3n QP\",\"@id\":\"https:\\\/\\\/quehacerpolitico.mx\\\/#\\\/schema\\\/person\\\/496d8ad2d1d3f8036101dca7ee39e585\"},\"headline\":\"Lo que alguna vez fue un bosque lleno de pinos, cedros, abetos y oyameles en Lomas de Tepem\u00e9catl en el Ajusco: hoy est\u00e1 lleno de basura y contaminando el agua\",\"datePublished\":\"2025-02-05T20:58:45+00:00\",\"dateModified\":\"2025-02-05T20:58:48+00:00\",\"mainEntityOfPage\":{\"@id\":\"https:\\\/\\\/quehacerpolitico.mx\\\/?p=114616\"},\"wordCount\":2034,\"commentCount\":0,\"image\":{\"@id\":\"https:\\\/\\\/quehacerpolitico.mx\\\/?p=114616#primaryimage\"},\"thumbnailUrl\":\"https:\\\/\\\/quehacerpolitico.mx\\\/wp-content\\\/uploads\\\/2025\\\/02\\\/IMG_0474.jpeg\",\"articleSection\":[\"CDMX\"],\"inLanguage\":\"es\",\"potentialAction\":[{\"@type\":\"CommentAction\",\"name\":\"Comment\",\"target\":[\"https:\\\/\\\/quehacerpolitico.mx\\\/?p=114616#respond\"]}]},{\"@type\":\"WebPage\",\"@id\":\"https:\\\/\\\/quehacerpolitico.mx\\\/?p=114616\",\"url\":\"https:\\\/\\\/quehacerpolitico.mx\\\/?p=114616\",\"name\":\"Lo que alguna vez fue un bosque lleno de pinos, cedros, abetos y oyameles en Lomas de Tepem\u00e9catl en el Ajusco: hoy est\u00e1 lleno de basura y contaminando el agua -\",\"isPartOf\":{\"@id\":\"https:\\\/\\\/quehacerpolitico.mx\\\/#website\"},\"primaryImageOfPage\":{\"@id\":\"https:\\\/\\\/quehacerpolitico.mx\\\/?p=114616#primaryimage\"},\"image\":{\"@id\":\"https:\\\/\\\/quehacerpolitico.mx\\\/?p=114616#primaryimage\"},\"thumbnailUrl\":\"https:\\\/\\\/quehacerpolitico.mx\\\/wp-content\\\/uploads\\\/2025\\\/02\\\/IMG_0474.jpeg\",\"datePublished\":\"2025-02-05T20:58:45+00:00\",\"dateModified\":\"2025-02-05T20:58:48+00:00\",\"author\":{\"@id\":\"https:\\\/\\\/quehacerpolitico.mx\\\/#\\\/schema\\\/person\\\/496d8ad2d1d3f8036101dca7ee39e585\"},\"breadcrumb\":{\"@id\":\"https:\\\/\\\/quehacerpolitico.mx\\\/?p=114616#breadcrumb\"},\"inLanguage\":\"es\",\"potentialAction\":[{\"@type\":\"ReadAction\",\"target\":[\"https:\\\/\\\/quehacerpolitico.mx\\\/?p=114616\"]}]},{\"@type\":\"ImageObject\",\"inLanguage\":\"es\",\"@id\":\"https:\\\/\\\/quehacerpolitico.mx\\\/?p=114616#primaryimage\",\"url\":\"https:\\\/\\\/quehacerpolitico.mx\\\/wp-content\\\/uploads\\\/2025\\\/02\\\/IMG_0474.jpeg\",\"contentUrl\":\"https:\\\/\\\/quehacerpolitico.mx\\\/wp-content\\\/uploads\\\/2025\\\/02\\\/IMG_0474.jpeg\",\"width\":671,\"height\":457},{\"@type\":\"BreadcrumbList\",\"@id\":\"https:\\\/\\\/quehacerpolitico.mx\\\/?p=114616#breadcrumb\",\"itemListElement\":[{\"@type\":\"ListItem\",\"position\":1,\"name\":\"Inicio\",\"item\":\"https:\\\/\\\/quehacerpolitico.mx\\\/\"},{\"@type\":\"ListItem\",\"position\":2,\"name\":\"Lo que alguna vez fue un bosque lleno de pinos, cedros, abetos y oyameles en Lomas de Tepem\u00e9catl en el Ajusco: hoy est\u00e1 lleno de basura y contaminando el agua\"}]},{\"@type\":\"WebSite\",\"@id\":\"https:\\\/\\\/quehacerpolitico.mx\\\/#website\",\"url\":\"https:\\\/\\\/quehacerpolitico.mx\\\/\",\"name\":\"\",\"description\":\"\",\"potentialAction\":[{\"@type\":\"SearchAction\",\"target\":{\"@type\":\"EntryPoint\",\"urlTemplate\":\"https:\\\/\\\/quehacerpolitico.mx\\\/?s={search_term_string}\"},\"query-input\":{\"@type\":\"PropertyValueSpecification\",\"valueRequired\":true,\"valueName\":\"search_term_string\"}}],\"inLanguage\":\"es\"},{\"@type\":\"Person\",\"@id\":\"https:\\\/\\\/quehacerpolitico.mx\\\/#\\\/schema\\\/person\\\/496d8ad2d1d3f8036101dca7ee39e585\",\"name\":\"Redacci\u00f3n QP\",\"image\":{\"@type\":\"ImageObject\",\"inLanguage\":\"es\",\"@id\":\"https:\\\/\\\/secure.gravatar.com\\\/avatar\\\/c7164ed6fdec453195284ad24a5ae5b6e1eed2b848477fa2a4787ba9adf39a41?s=96&d=mm&r=g\",\"url\":\"https:\\\/\\\/secure.gravatar.com\\\/avatar\\\/c7164ed6fdec453195284ad24a5ae5b6e1eed2b848477fa2a4787ba9adf39a41?s=96&d=mm&r=g\",\"contentUrl\":\"https:\\\/\\\/secure.gravatar.com\\\/avatar\\\/c7164ed6fdec453195284ad24a5ae5b6e1eed2b848477fa2a4787ba9adf39a41?s=96&d=mm&r=g\",\"caption\":\"Redacci\u00f3n QP\"},\"url\":\"https:\\\/\\\/quehacerpolitico.mx\\\/?author=2\"}]}<\/script>\n<!-- \/ Yoast SEO plugin. -->","yoast_head_json":{"title":"Lo que alguna vez fue un bosque lleno de pinos, cedros, abetos y oyameles en Lomas de Tepem\u00e9catl en el Ajusco: hoy est\u00e1 lleno de basura y contaminando el agua -","robots":{"index":"index","follow":"follow","max-snippet":"max-snippet:-1","max-image-preview":"max-image-preview:large","max-video-preview":"max-video-preview:-1"},"canonical":"https:\/\/quehacerpolitico.mx\/?p=114616","og_locale":"es_MX","og_type":"article","og_title":"Lo que alguna vez fue un bosque lleno de pinos, cedros, abetos y oyameles en Lomas de Tepem\u00e9catl en el Ajusco: hoy est\u00e1 lleno de basura y contaminando el agua -","og_description":"Por Redacci\u00f3n QP La red de energ\u00eda el\u00e9ctrica se extiende como si fueran las venas...","og_url":"https:\/\/quehacerpolitico.mx\/?p=114616","article_published_time":"2025-02-05T20:58:45+00:00","article_modified_time":"2025-02-05T20:58:48+00:00","og_image":[{"width":671,"height":457,"url":"https:\/\/quehacerpolitico.mx\/wp-content\/uploads\/2025\/02\/IMG_0474.jpeg","type":"image\/jpeg"}],"author":"Redacci\u00f3n QP","twitter_card":"summary_large_image","twitter_misc":{"Escrito por":"Redacci\u00f3n QP","Tiempo de lectura":"10 minutos"},"schema":{"@context":"https:\/\/schema.org","@graph":[{"@type":"Article","@id":"https:\/\/quehacerpolitico.mx\/?p=114616#article","isPartOf":{"@id":"https:\/\/quehacerpolitico.mx\/?p=114616"},"author":{"name":"Redacci\u00f3n QP","@id":"https:\/\/quehacerpolitico.mx\/#\/schema\/person\/496d8ad2d1d3f8036101dca7ee39e585"},"headline":"Lo que alguna vez fue un bosque lleno de pinos, cedros, abetos y oyameles en Lomas de Tepem\u00e9catl en el Ajusco: hoy est\u00e1 lleno de basura y contaminando el agua","datePublished":"2025-02-05T20:58:45+00:00","dateModified":"2025-02-05T20:58:48+00:00","mainEntityOfPage":{"@id":"https:\/\/quehacerpolitico.mx\/?p=114616"},"wordCount":2034,"commentCount":0,"image":{"@id":"https:\/\/quehacerpolitico.mx\/?p=114616#primaryimage"},"thumbnailUrl":"https:\/\/quehacerpolitico.mx\/wp-content\/uploads\/2025\/02\/IMG_0474.jpeg","articleSection":["CDMX"],"inLanguage":"es","potentialAction":[{"@type":"CommentAction","name":"Comment","target":["https:\/\/quehacerpolitico.mx\/?p=114616#respond"]}]},{"@type":"WebPage","@id":"https:\/\/quehacerpolitico.mx\/?p=114616","url":"https:\/\/quehacerpolitico.mx\/?p=114616","name":"Lo que alguna vez fue un bosque lleno de pinos, cedros, abetos y oyameles en Lomas de Tepem\u00e9catl en el Ajusco: hoy est\u00e1 lleno de basura y contaminando el agua -","isPartOf":{"@id":"https:\/\/quehacerpolitico.mx\/#website"},"primaryImageOfPage":{"@id":"https:\/\/quehacerpolitico.mx\/?p=114616#primaryimage"},"image":{"@id":"https:\/\/quehacerpolitico.mx\/?p=114616#primaryimage"},"thumbnailUrl":"https:\/\/quehacerpolitico.mx\/wp-content\/uploads\/2025\/02\/IMG_0474.jpeg","datePublished":"2025-02-05T20:58:45+00:00","dateModified":"2025-02-05T20:58:48+00:00","author":{"@id":"https:\/\/quehacerpolitico.mx\/#\/schema\/person\/496d8ad2d1d3f8036101dca7ee39e585"},"breadcrumb":{"@id":"https:\/\/quehacerpolitico.mx\/?p=114616#breadcrumb"},"inLanguage":"es","potentialAction":[{"@type":"ReadAction","target":["https:\/\/quehacerpolitico.mx\/?p=114616"]}]},{"@type":"ImageObject","inLanguage":"es","@id":"https:\/\/quehacerpolitico.mx\/?p=114616#primaryimage","url":"https:\/\/quehacerpolitico.mx\/wp-content\/uploads\/2025\/02\/IMG_0474.jpeg","contentUrl":"https:\/\/quehacerpolitico.mx\/wp-content\/uploads\/2025\/02\/IMG_0474.jpeg","width":671,"height":457},{"@type":"BreadcrumbList","@id":"https:\/\/quehacerpolitico.mx\/?p=114616#breadcrumb","itemListElement":[{"@type":"ListItem","position":1,"name":"Inicio","item":"https:\/\/quehacerpolitico.mx\/"},{"@type":"ListItem","position":2,"name":"Lo que alguna vez fue un bosque lleno de pinos, cedros, abetos y oyameles en Lomas de Tepem\u00e9catl en el Ajusco: hoy est\u00e1 lleno de basura y contaminando el agua"}]},{"@type":"WebSite","@id":"https:\/\/quehacerpolitico.mx\/#website","url":"https:\/\/quehacerpolitico.mx\/","name":"","description":"","potentialAction":[{"@type":"SearchAction","target":{"@type":"EntryPoint","urlTemplate":"https:\/\/quehacerpolitico.mx\/?s={search_term_string}"},"query-input":{"@type":"PropertyValueSpecification","valueRequired":true,"valueName":"search_term_string"}}],"inLanguage":"es"},{"@type":"Person","@id":"https:\/\/quehacerpolitico.mx\/#\/schema\/person\/496d8ad2d1d3f8036101dca7ee39e585","name":"Redacci\u00f3n QP","image":{"@type":"ImageObject","inLanguage":"es","@id":"https:\/\/secure.gravatar.com\/avatar\/c7164ed6fdec453195284ad24a5ae5b6e1eed2b848477fa2a4787ba9adf39a41?s=96&d=mm&r=g","url":"https:\/\/secure.gravatar.com\/avatar\/c7164ed6fdec453195284ad24a5ae5b6e1eed2b848477fa2a4787ba9adf39a41?s=96&d=mm&r=g","contentUrl":"https:\/\/secure.gravatar.com\/avatar\/c7164ed6fdec453195284ad24a5ae5b6e1eed2b848477fa2a4787ba9adf39a41?s=96&d=mm&r=g","caption":"Redacci\u00f3n QP"},"url":"https:\/\/quehacerpolitico.mx\/?author=2"}]}},"featured_image_urls":{"full":["https:\/\/quehacerpolitico.mx\/wp-content\/uploads\/2025\/02\/IMG_0474.jpeg",671,457,false],"thumbnail":["https:\/\/quehacerpolitico.mx\/wp-content\/uploads\/2025\/02\/IMG_0474-150x150.jpeg",150,150,true],"medium":["https:\/\/quehacerpolitico.mx\/wp-content\/uploads\/2025\/02\/IMG_0474-300x204.jpeg",300,204,true],"medium_large":["https:\/\/quehacerpolitico.mx\/wp-content\/uploads\/2025\/02\/IMG_0474.jpeg",640,436,false],"large":["https:\/\/quehacerpolitico.mx\/wp-content\/uploads\/2025\/02\/IMG_0474.jpeg",640,436,false],"1536x1536":["https:\/\/quehacerpolitico.mx\/wp-content\/uploads\/2025\/02\/IMG_0474.jpeg",671,457,false],"2048x2048":["https:\/\/quehacerpolitico.mx\/wp-content\/uploads\/2025\/02\/IMG_0474.jpeg",671,457,false],"covernews-featured":["https:\/\/quehacerpolitico.mx\/wp-content\/uploads\/2025\/02\/IMG_0474.jpeg",671,457,false],"covernews-medium":["https:\/\/quehacerpolitico.mx\/wp-content\/uploads\/2025\/02\/IMG_0474-540x340.jpeg",540,340,true]},"author_info":{"display_name":"Redacci\u00f3n QP","author_link":"https:\/\/quehacerpolitico.mx\/?author=2"},"category_info":"<a href=\"https:\/\/quehacerpolitico.mx\/?cat=55\" rel=\"category\">CDMX<\/a>","tag_info":"CDMX","comment_count":"0","_links":{"self":[{"href":"https:\/\/quehacerpolitico.mx\/index.php?rest_route=\/wp\/v2\/posts\/114616","targetHints":{"allow":["GET"]}}],"collection":[{"href":"https:\/\/quehacerpolitico.mx\/index.php?rest_route=\/wp\/v2\/posts"}],"about":[{"href":"https:\/\/quehacerpolitico.mx\/index.php?rest_route=\/wp\/v2\/types\/post"}],"author":[{"embeddable":true,"href":"https:\/\/quehacerpolitico.mx\/index.php?rest_route=\/wp\/v2\/users\/2"}],"replies":[{"embeddable":true,"href":"https:\/\/quehacerpolitico.mx\/index.php?rest_route=%2Fwp%2Fv2%2Fcomments&post=114616"}],"version-history":[{"count":2,"href":"https:\/\/quehacerpolitico.mx\/index.php?rest_route=\/wp\/v2\/posts\/114616\/revisions"}],"predecessor-version":[{"id":114621,"href":"https:\/\/quehacerpolitico.mx\/index.php?rest_route=\/wp\/v2\/posts\/114616\/revisions\/114621"}],"wp:featuredmedia":[{"embeddable":true,"href":"https:\/\/quehacerpolitico.mx\/index.php?rest_route=\/wp\/v2\/media\/114619"}],"wp:attachment":[{"href":"https:\/\/quehacerpolitico.mx\/index.php?rest_route=%2Fwp%2Fv2%2Fmedia&parent=114616"}],"wp:term":[{"taxonomy":"category","embeddable":true,"href":"https:\/\/quehacerpolitico.mx\/index.php?rest_route=%2Fwp%2Fv2%2Fcategories&post=114616"},{"taxonomy":"post_tag","embeddable":true,"href":"https:\/\/quehacerpolitico.mx\/index.php?rest_route=%2Fwp%2Fv2%2Ftags&post=114616"}],"curies":[{"name":"wp","href":"https:\/\/api.w.org\/{rel}","templated":true}]}}