{"id":114612,"date":"2025-02-05T14:27:23","date_gmt":"2025-02-05T20:27:23","guid":{"rendered":"https:\/\/quehacerpolitico.mx\/?p=114612"},"modified":"2025-02-05T14:27:25","modified_gmt":"2025-02-05T20:27:25","slug":"tengo-miedo-pero-la-vida-sigue-diana-sanchez-barrios-realizo-este-miercoles-su-primera-aparicion-publica-a-tres-meses-y-medio-del-atentado","status":"publish","type":"post","link":"https:\/\/quehacerpolitico.mx\/?p=114612","title":{"rendered":"&#8220;Tengo miedo, pero la vida sigue&#8221;: Diana S\u00e1nchez Barrios realiz\u00f3 este mi\u00e9rcoles su primera aparici\u00f3n p\u00fablica a tres meses y medio del\u00a0atentado"},"content":{"rendered":"\n<p>Por Redacci\u00f3n QP<\/p>\n\n\n\n<p>La lideresa de comerciantes ambulantes lament\u00f3 la muerte de su primo y de otra persona en el ataque ocurrido en calles del Centro Hist\u00f3rico en octubre del a\u00f1o pasado<\/p>\n\n\n\n<p><strong>Diana S\u00e1nchez Barrios<\/strong>, lideresa de comerciantes ambulantes y activista trans, realiz\u00f3 este mi\u00e9rcoles su primera aparici\u00f3n p\u00fablica a tres meses y medio del\u00a0<strong>atentado<\/strong> que sufri\u00f3 en calles del Centro Hist\u00f3rico de la Ciudad de M\u00e9xico, en el que murieron dos personas.<\/p>\n\n\n\n<p>En un conferencia de prensa ofrecida en el Congreso de la capital del pa\u00eds,<strong>&nbsp;S\u00e1nchez Barrios<\/strong>&nbsp;reconoci\u00f3 que sigue temiendo por su vida debido a una serie de amenazas que ha recibido.<\/p>\n\n\n\n<p>&#8220;Tengo miedo, por supuesto, soy un ser humano, por supuesto que tengo miedo, pero la vida sigue, la vida sigue con todas estas adversidades. Y bueno, pues yo estoy muy echada para adelante&#8221;, coment\u00f3.<\/p>\n\n\n\n<figure class=\"wp-block-embed is-type-video is-provider-youtube wp-block-embed-youtube wp-embed-aspect-4-3 wp-has-aspect-ratio\"><div class=\"wp-block-embed__wrapper\">\n<iframe loading=\"lazy\" title=\"\ud83d\udd34 #EnVivo | Conferencia de Prensa Asociaci\u00f3n Parlamentaria Mujeres por... | 05 de Febrero de 2025\" width=\"640\" height=\"480\" src=\"https:\/\/www.youtube.com\/embed\/kZ8weOlaGHs?feature=oembed\" frameborder=\"0\" allow=\"accelerometer; autoplay; clipboard-write; encrypted-media; gyroscope; picture-in-picture; web-share\" referrerpolicy=\"strict-origin-when-cross-origin\" allowfullscreen><\/iframe>\n<\/div><\/figure>\n\n\n\n<p>Asegur\u00f3 que su vida cambi\u00f3 tras el&nbsp;<strong>atentado<\/strong>&nbsp;ocurrido en la&nbsp;calle 5 de Mayo, colonia Centro, y agradeci\u00f3 a la fiscal\u00eda de la Ciudad de M\u00e9xico y a la Jefatura de Gobierno&nbsp;por los avances en la investigaci\u00f3n.<\/p>\n\n\n\n<p>&#8220;La eficacia que tuvo para&nbsp;<strong>detener a las persona<\/strong>s que cometieron&nbsp;este atentado terrible en el que perdi\u00f3 la vida&nbsp;mi&nbsp;<strong>primo David,<\/strong>&nbsp;que&nbsp;<strong>perdi\u00f3 la vida V\u00edctor<\/strong>, en el que casi pierdo la vida con cinco balazos que entraron a mi cuerpo&#8221;, lament\u00f3.<\/p>\n\n\n\n<p>El pasado 5 de noviembre,&nbsp;<strong>tres personas fueron detenidas<\/strong>&nbsp;por las autoridades de la Ciudad de M\u00e9xico por su probable responsabilidad en el ataque armado contra la lideresa de comerciantes ocurrido en calles del Centro Hist\u00f3rico, que dej\u00f3 como saldo dos personas muertas y un herida.<\/p>\n\n\n\n<p>Una de las v\u00edctimas &nbsp;muri\u00f3 en el&nbsp;<strong>ataque<\/strong>, mientras que la otra, identificada como&nbsp;<strong>primo de&nbsp;Diana S\u00e1nchez<\/strong>, falleci\u00f3 d\u00edas despu\u00e9s a causa de las lesiones.<\/p>\n\n\n\n<p>La Secretar\u00eda de Seguridad Ciudadana (SSC) de la Ciudad de M\u00e9xico detall\u00f3 que los detenidos identificados como Iv\u00e1n &#8220;N&#8221;, Gael &#8220;N&#8221; y Shanery &#8220;N&#8221; son investigados por su probable participaci\u00f3n en los<strong>&nbsp;delitos de homicidio calificado y tentativa de transfeminicidio.<\/strong><\/p>\n","protected":false},"excerpt":{"rendered":"<p>Por Redacci\u00f3n QP La lideresa de comerciantes ambulantes lament\u00f3 la muerte de su primo y&#8230;<\/p>\n","protected":false},"author":2,"featured_media":114613,"comment_status":"open","ping_status":"open","sticky":false,"template":"","format":"standard","meta":{"_monsterinsights_skip_tracking":false,"_monsterinsights_sitenote_active":false,"_monsterinsights_sitenote_note":"","_monsterinsights_sitenote_category":0,"footnotes":""},"categories":[55],"tags":[],"class_list":["post-114612","post","type-post","status-publish","format-standard","has-post-thumbnail","hentry","category-cdmx"],"yoast_head":"<!-- This site is optimized with the Yoast SEO plugin v27.3 - https:\/\/yoast.com\/product\/yoast-seo-wordpress\/ -->\n<title>&quot;Tengo miedo, pero la vida sigue&quot;: Diana S\u00e1nchez Barrios realiz\u00f3 este mi\u00e9rcoles su primera aparici\u00f3n p\u00fablica a tres meses y medio del\u00a0atentado -<\/title>\n<meta name=\"robots\" content=\"index, follow, max-snippet:-1, max-image-preview:large, max-video-preview:-1\" \/>\n<link rel=\"canonical\" href=\"https:\/\/quehacerpolitico.mx\/?p=114612\" \/>\n<meta property=\"og:locale\" content=\"es_MX\" \/>\n<meta property=\"og:type\" content=\"article\" \/>\n<meta property=\"og:title\" content=\"&quot;Tengo miedo, pero la vida sigue&quot;: Diana S\u00e1nchez Barrios realiz\u00f3 este mi\u00e9rcoles su primera aparici\u00f3n p\u00fablica a tres meses y medio del\u00a0atentado -\" \/>\n<meta property=\"og:description\" content=\"Por Redacci\u00f3n QP La lideresa de comerciantes ambulantes lament\u00f3 la muerte de su primo y...\" \/>\n<meta property=\"og:url\" content=\"https:\/\/quehacerpolitico.mx\/?p=114612\" \/>\n<meta property=\"article:published_time\" content=\"2025-02-05T20:27:23+00:00\" \/>\n<meta property=\"article:modified_time\" content=\"2025-02-05T20:27:25+00:00\" \/>\n<meta property=\"og:image\" content=\"https:\/\/quehacerpolitico.mx\/wp-content\/uploads\/2025\/02\/IMG_0469.webp\" \/>\n\t<meta property=\"og:image:width\" content=\"960\" \/>\n\t<meta property=\"og:image:height\" content=\"540\" \/>\n\t<meta property=\"og:image:type\" content=\"image\/webp\" \/>\n<meta name=\"author\" content=\"Redacci\u00f3n QP\" \/>\n<meta name=\"twitter:card\" content=\"summary_large_image\" \/>\n<meta name=\"twitter:label1\" content=\"Escrito por\" \/>\n\t<meta name=\"twitter:data1\" content=\"Redacci\u00f3n QP\" \/>\n\t<meta name=\"twitter:label2\" content=\"Tiempo de lectura\" \/>\n\t<meta name=\"twitter:data2\" content=\"2 minutos\" \/>\n<script type=\"application\/ld+json\" class=\"yoast-schema-graph\">{\"@context\":\"https:\\\/\\\/schema.org\",\"@graph\":[{\"@type\":\"Article\",\"@id\":\"https:\\\/\\\/quehacerpolitico.mx\\\/?p=114612#article\",\"isPartOf\":{\"@id\":\"https:\\\/\\\/quehacerpolitico.mx\\\/?p=114612\"},\"author\":{\"name\":\"Redacci\u00f3n QP\",\"@id\":\"https:\\\/\\\/quehacerpolitico.mx\\\/#\\\/schema\\\/person\\\/496d8ad2d1d3f8036101dca7ee39e585\"},\"headline\":\"&#8220;Tengo miedo, pero la vida sigue&#8221;: Diana S\u00e1nchez Barrios realiz\u00f3 este mi\u00e9rcoles su primera aparici\u00f3n p\u00fablica a tres meses y medio del\u00a0atentado\",\"datePublished\":\"2025-02-05T20:27:23+00:00\",\"dateModified\":\"2025-02-05T20:27:25+00:00\",\"mainEntityOfPage\":{\"@id\":\"https:\\\/\\\/quehacerpolitico.mx\\\/?p=114612\"},\"wordCount\":411,\"commentCount\":0,\"image\":{\"@id\":\"https:\\\/\\\/quehacerpolitico.mx\\\/?p=114612#primaryimage\"},\"thumbnailUrl\":\"https:\\\/\\\/quehacerpolitico.mx\\\/wp-content\\\/uploads\\\/2025\\\/02\\\/IMG_0469.webp\",\"articleSection\":[\"CDMX\"],\"inLanguage\":\"es\",\"potentialAction\":[{\"@type\":\"CommentAction\",\"name\":\"Comment\",\"target\":[\"https:\\\/\\\/quehacerpolitico.mx\\\/?p=114612#respond\"]}]},{\"@type\":\"WebPage\",\"@id\":\"https:\\\/\\\/quehacerpolitico.mx\\\/?p=114612\",\"url\":\"https:\\\/\\\/quehacerpolitico.mx\\\/?p=114612\",\"name\":\"\\\"Tengo miedo, pero la vida sigue\\\": Diana S\u00e1nchez Barrios realiz\u00f3 este mi\u00e9rcoles su primera aparici\u00f3n p\u00fablica a tres meses y medio del\u00a0atentado -\",\"isPartOf\":{\"@id\":\"https:\\\/\\\/quehacerpolitico.mx\\\/#website\"},\"primaryImageOfPage\":{\"@id\":\"https:\\\/\\\/quehacerpolitico.mx\\\/?p=114612#primaryimage\"},\"image\":{\"@id\":\"https:\\\/\\\/quehacerpolitico.mx\\\/?p=114612#primaryimage\"},\"thumbnailUrl\":\"https:\\\/\\\/quehacerpolitico.mx\\\/wp-content\\\/uploads\\\/2025\\\/02\\\/IMG_0469.webp\",\"datePublished\":\"2025-02-05T20:27:23+00:00\",\"dateModified\":\"2025-02-05T20:27:25+00:00\",\"author\":{\"@id\":\"https:\\\/\\\/quehacerpolitico.mx\\\/#\\\/schema\\\/person\\\/496d8ad2d1d3f8036101dca7ee39e585\"},\"breadcrumb\":{\"@id\":\"https:\\\/\\\/quehacerpolitico.mx\\\/?p=114612#breadcrumb\"},\"inLanguage\":\"es\",\"potentialAction\":[{\"@type\":\"ReadAction\",\"target\":[\"https:\\\/\\\/quehacerpolitico.mx\\\/?p=114612\"]}]},{\"@type\":\"ImageObject\",\"inLanguage\":\"es\",\"@id\":\"https:\\\/\\\/quehacerpolitico.mx\\\/?p=114612#primaryimage\",\"url\":\"https:\\\/\\\/quehacerpolitico.mx\\\/wp-content\\\/uploads\\\/2025\\\/02\\\/IMG_0469.webp\",\"contentUrl\":\"https:\\\/\\\/quehacerpolitico.mx\\\/wp-content\\\/uploads\\\/2025\\\/02\\\/IMG_0469.webp\",\"width\":960,\"height\":540},{\"@type\":\"BreadcrumbList\",\"@id\":\"https:\\\/\\\/quehacerpolitico.mx\\\/?p=114612#breadcrumb\",\"itemListElement\":[{\"@type\":\"ListItem\",\"position\":1,\"name\":\"Inicio\",\"item\":\"https:\\\/\\\/quehacerpolitico.mx\\\/\"},{\"@type\":\"ListItem\",\"position\":2,\"name\":\"&#8220;Tengo miedo, pero la vida sigue&#8221;: Diana S\u00e1nchez Barrios realiz\u00f3 este mi\u00e9rcoles su primera aparici\u00f3n p\u00fablica a tres meses y medio del\u00a0atentado\"}]},{\"@type\":\"WebSite\",\"@id\":\"https:\\\/\\\/quehacerpolitico.mx\\\/#website\",\"url\":\"https:\\\/\\\/quehacerpolitico.mx\\\/\",\"name\":\"\",\"description\":\"\",\"potentialAction\":[{\"@type\":\"SearchAction\",\"target\":{\"@type\":\"EntryPoint\",\"urlTemplate\":\"https:\\\/\\\/quehacerpolitico.mx\\\/?s={search_term_string}\"},\"query-input\":{\"@type\":\"PropertyValueSpecification\",\"valueRequired\":true,\"valueName\":\"search_term_string\"}}],\"inLanguage\":\"es\"},{\"@type\":\"Person\",\"@id\":\"https:\\\/\\\/quehacerpolitico.mx\\\/#\\\/schema\\\/person\\\/496d8ad2d1d3f8036101dca7ee39e585\",\"name\":\"Redacci\u00f3n QP\",\"image\":{\"@type\":\"ImageObject\",\"inLanguage\":\"es\",\"@id\":\"https:\\\/\\\/secure.gravatar.com\\\/avatar\\\/c7164ed6fdec453195284ad24a5ae5b6e1eed2b848477fa2a4787ba9adf39a41?s=96&d=mm&r=g\",\"url\":\"https:\\\/\\\/secure.gravatar.com\\\/avatar\\\/c7164ed6fdec453195284ad24a5ae5b6e1eed2b848477fa2a4787ba9adf39a41?s=96&d=mm&r=g\",\"contentUrl\":\"https:\\\/\\\/secure.gravatar.com\\\/avatar\\\/c7164ed6fdec453195284ad24a5ae5b6e1eed2b848477fa2a4787ba9adf39a41?s=96&d=mm&r=g\",\"caption\":\"Redacci\u00f3n QP\"},\"url\":\"https:\\\/\\\/quehacerpolitico.mx\\\/?author=2\"}]}<\/script>\n<!-- \/ Yoast SEO plugin. -->","yoast_head_json":{"title":"\"Tengo miedo, pero la vida sigue\": Diana S\u00e1nchez Barrios realiz\u00f3 este mi\u00e9rcoles su primera aparici\u00f3n p\u00fablica a tres meses y medio del\u00a0atentado -","robots":{"index":"index","follow":"follow","max-snippet":"max-snippet:-1","max-image-preview":"max-image-preview:large","max-video-preview":"max-video-preview:-1"},"canonical":"https:\/\/quehacerpolitico.mx\/?p=114612","og_locale":"es_MX","og_type":"article","og_title":"\"Tengo miedo, pero la vida sigue\": Diana S\u00e1nchez Barrios realiz\u00f3 este mi\u00e9rcoles su primera aparici\u00f3n p\u00fablica a tres meses y medio del\u00a0atentado -","og_description":"Por Redacci\u00f3n QP La lideresa de comerciantes ambulantes lament\u00f3 la muerte de su primo y...","og_url":"https:\/\/quehacerpolitico.mx\/?p=114612","article_published_time":"2025-02-05T20:27:23+00:00","article_modified_time":"2025-02-05T20:27:25+00:00","og_image":[{"width":960,"height":540,"url":"https:\/\/quehacerpolitico.mx\/wp-content\/uploads\/2025\/02\/IMG_0469.webp","type":"image\/webp"}],"author":"Redacci\u00f3n QP","twitter_card":"summary_large_image","twitter_misc":{"Escrito por":"Redacci\u00f3n QP","Tiempo de lectura":"2 minutos"},"schema":{"@context":"https:\/\/schema.org","@graph":[{"@type":"Article","@id":"https:\/\/quehacerpolitico.mx\/?p=114612#article","isPartOf":{"@id":"https:\/\/quehacerpolitico.mx\/?p=114612"},"author":{"name":"Redacci\u00f3n QP","@id":"https:\/\/quehacerpolitico.mx\/#\/schema\/person\/496d8ad2d1d3f8036101dca7ee39e585"},"headline":"&#8220;Tengo miedo, pero la vida sigue&#8221;: Diana S\u00e1nchez Barrios realiz\u00f3 este mi\u00e9rcoles su primera aparici\u00f3n p\u00fablica a tres meses y medio del\u00a0atentado","datePublished":"2025-02-05T20:27:23+00:00","dateModified":"2025-02-05T20:27:25+00:00","mainEntityOfPage":{"@id":"https:\/\/quehacerpolitico.mx\/?p=114612"},"wordCount":411,"commentCount":0,"image":{"@id":"https:\/\/quehacerpolitico.mx\/?p=114612#primaryimage"},"thumbnailUrl":"https:\/\/quehacerpolitico.mx\/wp-content\/uploads\/2025\/02\/IMG_0469.webp","articleSection":["CDMX"],"inLanguage":"es","potentialAction":[{"@type":"CommentAction","name":"Comment","target":["https:\/\/quehacerpolitico.mx\/?p=114612#respond"]}]},{"@type":"WebPage","@id":"https:\/\/quehacerpolitico.mx\/?p=114612","url":"https:\/\/quehacerpolitico.mx\/?p=114612","name":"\"Tengo miedo, pero la vida sigue\": Diana S\u00e1nchez Barrios realiz\u00f3 este mi\u00e9rcoles su primera aparici\u00f3n p\u00fablica a tres meses y medio del\u00a0atentado -","isPartOf":{"@id":"https:\/\/quehacerpolitico.mx\/#website"},"primaryImageOfPage":{"@id":"https:\/\/quehacerpolitico.mx\/?p=114612#primaryimage"},"image":{"@id":"https:\/\/quehacerpolitico.mx\/?p=114612#primaryimage"},"thumbnailUrl":"https:\/\/quehacerpolitico.mx\/wp-content\/uploads\/2025\/02\/IMG_0469.webp","datePublished":"2025-02-05T20:27:23+00:00","dateModified":"2025-02-05T20:27:25+00:00","author":{"@id":"https:\/\/quehacerpolitico.mx\/#\/schema\/person\/496d8ad2d1d3f8036101dca7ee39e585"},"breadcrumb":{"@id":"https:\/\/quehacerpolitico.mx\/?p=114612#breadcrumb"},"inLanguage":"es","potentialAction":[{"@type":"ReadAction","target":["https:\/\/quehacerpolitico.mx\/?p=114612"]}]},{"@type":"ImageObject","inLanguage":"es","@id":"https:\/\/quehacerpolitico.mx\/?p=114612#primaryimage","url":"https:\/\/quehacerpolitico.mx\/wp-content\/uploads\/2025\/02\/IMG_0469.webp","contentUrl":"https:\/\/quehacerpolitico.mx\/wp-content\/uploads\/2025\/02\/IMG_0469.webp","width":960,"height":540},{"@type":"BreadcrumbList","@id":"https:\/\/quehacerpolitico.mx\/?p=114612#breadcrumb","itemListElement":[{"@type":"ListItem","position":1,"name":"Inicio","item":"https:\/\/quehacerpolitico.mx\/"},{"@type":"ListItem","position":2,"name":"&#8220;Tengo miedo, pero la vida sigue&#8221;: Diana S\u00e1nchez Barrios realiz\u00f3 este mi\u00e9rcoles su primera aparici\u00f3n p\u00fablica a tres meses y medio del\u00a0atentado"}]},{"@type":"WebSite","@id":"https:\/\/quehacerpolitico.mx\/#website","url":"https:\/\/quehacerpolitico.mx\/","name":"","description":"","potentialAction":[{"@type":"SearchAction","target":{"@type":"EntryPoint","urlTemplate":"https:\/\/quehacerpolitico.mx\/?s={search_term_string}"},"query-input":{"@type":"PropertyValueSpecification","valueRequired":true,"valueName":"search_term_string"}}],"inLanguage":"es"},{"@type":"Person","@id":"https:\/\/quehacerpolitico.mx\/#\/schema\/person\/496d8ad2d1d3f8036101dca7ee39e585","name":"Redacci\u00f3n QP","image":{"@type":"ImageObject","inLanguage":"es","@id":"https:\/\/secure.gravatar.com\/avatar\/c7164ed6fdec453195284ad24a5ae5b6e1eed2b848477fa2a4787ba9adf39a41?s=96&d=mm&r=g","url":"https:\/\/secure.gravatar.com\/avatar\/c7164ed6fdec453195284ad24a5ae5b6e1eed2b848477fa2a4787ba9adf39a41?s=96&d=mm&r=g","contentUrl":"https:\/\/secure.gravatar.com\/avatar\/c7164ed6fdec453195284ad24a5ae5b6e1eed2b848477fa2a4787ba9adf39a41?s=96&d=mm&r=g","caption":"Redacci\u00f3n QP"},"url":"https:\/\/quehacerpolitico.mx\/?author=2"}]}},"featured_image_urls":{"full":["https:\/\/quehacerpolitico.mx\/wp-content\/uploads\/2025\/02\/IMG_0469.webp",960,540,false],"thumbnail":["https:\/\/quehacerpolitico.mx\/wp-content\/uploads\/2025\/02\/IMG_0469-150x150.webp",150,150,true],"medium":["https:\/\/quehacerpolitico.mx\/wp-content\/uploads\/2025\/02\/IMG_0469-300x169.webp",300,169,true],"medium_large":["https:\/\/quehacerpolitico.mx\/wp-content\/uploads\/2025\/02\/IMG_0469-768x432.webp",640,360,true],"large":["https:\/\/quehacerpolitico.mx\/wp-content\/uploads\/2025\/02\/IMG_0469.webp",640,360,false],"1536x1536":["https:\/\/quehacerpolitico.mx\/wp-content\/uploads\/2025\/02\/IMG_0469.webp",960,540,false],"2048x2048":["https:\/\/quehacerpolitico.mx\/wp-content\/uploads\/2025\/02\/IMG_0469.webp",960,540,false],"covernews-featured":["https:\/\/quehacerpolitico.mx\/wp-content\/uploads\/2025\/02\/IMG_0469.webp",960,540,false],"covernews-medium":["https:\/\/quehacerpolitico.mx\/wp-content\/uploads\/2025\/02\/IMG_0469-540x340.webp",540,340,true]},"author_info":{"display_name":"Redacci\u00f3n QP","author_link":"https:\/\/quehacerpolitico.mx\/?author=2"},"category_info":"<a href=\"https:\/\/quehacerpolitico.mx\/?cat=55\" rel=\"category\">CDMX<\/a>","tag_info":"CDMX","comment_count":"0","_links":{"self":[{"href":"https:\/\/quehacerpolitico.mx\/index.php?rest_route=\/wp\/v2\/posts\/114612","targetHints":{"allow":["GET"]}}],"collection":[{"href":"https:\/\/quehacerpolitico.mx\/index.php?rest_route=\/wp\/v2\/posts"}],"about":[{"href":"https:\/\/quehacerpolitico.mx\/index.php?rest_route=\/wp\/v2\/types\/post"}],"author":[{"embeddable":true,"href":"https:\/\/quehacerpolitico.mx\/index.php?rest_route=\/wp\/v2\/users\/2"}],"replies":[{"embeddable":true,"href":"https:\/\/quehacerpolitico.mx\/index.php?rest_route=%2Fwp%2Fv2%2Fcomments&post=114612"}],"version-history":[{"count":2,"href":"https:\/\/quehacerpolitico.mx\/index.php?rest_route=\/wp\/v2\/posts\/114612\/revisions"}],"predecessor-version":[{"id":114615,"href":"https:\/\/quehacerpolitico.mx\/index.php?rest_route=\/wp\/v2\/posts\/114612\/revisions\/114615"}],"wp:featuredmedia":[{"embeddable":true,"href":"https:\/\/quehacerpolitico.mx\/index.php?rest_route=\/wp\/v2\/media\/114613"}],"wp:attachment":[{"href":"https:\/\/quehacerpolitico.mx\/index.php?rest_route=%2Fwp%2Fv2%2Fmedia&parent=114612"}],"wp:term":[{"taxonomy":"category","embeddable":true,"href":"https:\/\/quehacerpolitico.mx\/index.php?rest_route=%2Fwp%2Fv2%2Fcategories&post=114612"},{"taxonomy":"post_tag","embeddable":true,"href":"https:\/\/quehacerpolitico.mx\/index.php?rest_route=%2Fwp%2Fv2%2Ftags&post=114612"}],"curies":[{"name":"wp","href":"https:\/\/api.w.org\/{rel}","templated":true}]}}