{"id":114609,"date":"2025-02-05T13:57:30","date_gmt":"2025-02-05T19:57:30","guid":{"rendered":"https:\/\/quehacerpolitico.mx\/?p=114609"},"modified":"2025-02-05T13:57:32","modified_gmt":"2025-02-05T19:57:32","slug":"sheinbaum-presentara-dos-iniciativas-de-reforma","status":"publish","type":"post","link":"https:\/\/quehacerpolitico.mx\/?p=114609","title":{"rendered":"Sheinbaum presentar\u00e1 dos iniciativas de reforma"},"content":{"rendered":"\n<p>Por Redacci\u00f3n QP<\/p>\n\n\n\n<p>En la ceremonia del aniversario de la promulgaci\u00f3n de la Constituci\u00f3n de 1917, la Presidenta se\u00f1al\u00f3 que no pod\u00eda dejar pasar la fecha para dar el anuncio<\/p>\n\n\n\n<p>Este mi\u00e9rcoles 5 de febrero, la Presidenta de M\u00e9xico,\u00a0Claudia Sheinbaum, anunci\u00f3 dos iniciativas de reformas constitucionales para acabar con &#8220;la reelecci\u00f3n y el nepotismo&#8221;, a la vez que reiter\u00f3 que la elecci\u00f3n judicial sigue en marcha este 2025,\u00a0<strong>al encabezar su primera conmemoraci\u00f3n del D\u00eda de la Constituci\u00f3n.<\/strong><\/p>\n\n\n\n<p>Durante el homenaje por el 108 aniversario de la Constituci\u00f3n mexicana de 1917, Sheinbaum refrend\u00f3 su compromiso de continuidad con las reformas del gobierno anterior y confirm\u00f3 dos nuevas\u00a0reformas\u00a0que ya hab\u00eda anunciado a finales de 2024.<\/p>\n\n\n\n<p><mark><strong>&#8220;Hoy 5 de febrero, no puedo dejar pasar la fecha, as\u00ed que estoy enviando al Congreso de la Uni\u00f3n dos nuevas reformas constitucionales&#8221;,<\/strong><\/mark>&nbsp;expuso la mandataria en el Teatro de la Rep\u00fablica del central estado de Quer\u00e9taro.<br>Se\u00f1al\u00f3 que la primera reforma, &#8220;en honor a la Constituci\u00f3n de 1917&#8221;, es para dejar asentado en la Carta Magna &#8220;la no reelecci\u00f3n a ning\u00fan puesto de elecci\u00f3n popular&#8221;.<\/p>\n\n\n\n<figure class=\"wp-block-embed is-type-rich is-provider-twitter wp-block-embed-twitter\"><div class=\"wp-block-embed__wrapper\">\n<blockquote class=\"twitter-tweet\" data-width=\"550\" data-dnt=\"true\"><p lang=\"es\" dir=\"ltr\">\ud83d\udea8 Env\u00eda <a href=\"https:\/\/twitter.com\/Claudiashein?ref_src=twsrc%5Etfw\">@Claudiashein<\/a> reformas contra la reelecci\u00f3n y nepotismo. <a href=\"https:\/\/t.co\/Jx0PrBGOJw\">pic.twitter.com\/Jx0PrBGOJw<\/a><\/p>&mdash; Manuel Lopez San Martin (@MLopezSanMartin) <a href=\"https:\/\/twitter.com\/MLopezSanMartin\/status\/1887202588778451051?ref_src=twsrc%5Etfw\">February 5, 2025<\/a><\/blockquote><script async src=\"https:\/\/platform.twitter.com\/widgets.js\" charset=\"utf-8\"><\/script>\n<\/div><\/figure>\n\n\n\n<p><strong>&#8220;Sufragio efectivo, no reelecci\u00f3n&#8221;<\/strong>, exclam\u00f3 la Presidenta Sheinbaum, una frase atribuida al revolucionario Francisco I. Madero.<\/p>\n\n\n\n<p>Mientras que la segunda reforma busca establecer\u00a0<mark><strong>&#8220;la prohibici\u00f3n expresa de que ning\u00fan familiar pueda suceder de manera inmediata a otro, trat\u00e1ndose de un puesto de elecci\u00f3n popular&#8221;,<\/strong><\/mark>apunt\u00f3 Sheinbaum.<\/p>\n\n\n\n<p>&#8220;No al nepotismo&#8221;, sostuvo la mandataria.<\/p>\n\n\n\n<h2 class=\"wp-block-heading\">Las reformas, en continuidad con L\u00f3pez Obrador<\/h2>\n\n\n\n<p>Actualmente, la legislaci\u00f3n mexicana permite que diputados y presidentes municipales se postulen para un segundo mandato, posibilidad que Sheinbaum\u00a0<strong>busca eliminar con una reforma electoral pendiente desde el gobierno del expresidente Andr\u00e9s Manuel L\u00f3pez Obrador\u00a0<\/strong>(2018-2024).<\/p>\n\n\n\n<p>Hace justamente un a\u00f1o, en el D\u00eda de la Constituci\u00f3n, L\u00f3pez Obrador present\u00f3 un ambicioso paquete de 20 reformas, -18 constitucionales y 2 legales-, de las cuales cerca de la mitad ya han sido aprobadas.<\/p>\n\n\n\n<p>Sheinbaum celebr\u00f3 el avance del paquete de iniciativas enviadas hace un a\u00f1o por su antecesor&nbsp;<mark><strong>&#8220;para recuperar y ampliar el sentido nacionalista de la Constituci\u00f3n de 1917&#8221;.<\/strong><\/mark><\/p>\n\n\n\n<p>As\u00ed mismo, consider\u00f3 que &#8220;una de las m\u00e1s importantes y profundas reformas que se enviaron y que hoy es parte de la Constituci\u00f3n que todos honramos en respetar es la reforma al poder judicial&#8221;.<\/p>\n\n\n\n<p>&#8220;Con base en el art\u00edculo 39 que establece que todo poder p\u00fablico emana del pueblo y se instituye para beneficio de este, el pueblo decidi\u00f3 que las y los jueces, magistrados y ministros sean electos por el pueblo de M\u00e9xico&#8221;, agreg\u00f3 la Claudia Sheinbaum.<\/p>\n\n\n\n<p>&#8220;As\u00ed que este 1 de junio habr\u00e1 elecci\u00f3n en nuestro pa\u00eds&#8221;, zanj\u00f3 Sheinbaum, sobre la propuesta que ha sido muy criticada por la oposici\u00f3n y organismos internacionales, quienes consideran que amenaza la independencia judicial.<\/p>\n\n\n\n<p>Tambi\u00e9n festej\u00f3 la aprobaci\u00f3n de otras iniciativas &#8220;de gran calado&#8221;, como hacer derechos los programas sociales del gobierno, la garant\u00eda de que el salario no disminuya en t\u00e9rminos reales, la recuperaci\u00f3n del ferrocarril y las empresas p\u00fablicas de energ\u00eda, as\u00ed como el rescate de las paraestatales Pemex y la Comisi\u00f3n Federal de Electricidad (CFE) como empresas p\u00fablicas.<\/p>\n\n\n\n<p>Con informaci\u00f3n de EFE<\/p>\n","protected":false},"excerpt":{"rendered":"<p>Por Redacci\u00f3n QP En la ceremonia del aniversario de la promulgaci\u00f3n de la Constituci\u00f3n de&#8230;<\/p>\n","protected":false},"author":2,"featured_media":114610,"comment_status":"open","ping_status":"open","sticky":false,"template":"","format":"standard","meta":{"_monsterinsights_skip_tracking":false,"_monsterinsights_sitenote_active":false,"_monsterinsights_sitenote_note":"","_monsterinsights_sitenote_category":0,"footnotes":""},"categories":[280,2],"tags":[],"class_list":["post-114609","post","type-post","status-publish","format-standard","has-post-thumbnail","hentry","category-nacionales","category-noticias"],"yoast_head":"<!-- This site is optimized with the Yoast SEO plugin v27.3 - https:\/\/yoast.com\/product\/yoast-seo-wordpress\/ -->\n<title>Sheinbaum presentar\u00e1 dos iniciativas de reforma -<\/title>\n<meta name=\"robots\" content=\"index, follow, max-snippet:-1, max-image-preview:large, max-video-preview:-1\" \/>\n<link rel=\"canonical\" href=\"https:\/\/quehacerpolitico.mx\/?p=114609\" \/>\n<meta property=\"og:locale\" content=\"es_MX\" \/>\n<meta property=\"og:type\" content=\"article\" \/>\n<meta property=\"og:title\" content=\"Sheinbaum presentar\u00e1 dos iniciativas de reforma -\" \/>\n<meta property=\"og:description\" content=\"Por Redacci\u00f3n QP En la ceremonia del aniversario de la promulgaci\u00f3n de la Constituci\u00f3n de...\" \/>\n<meta property=\"og:url\" content=\"https:\/\/quehacerpolitico.mx\/?p=114609\" \/>\n<meta property=\"article:published_time\" content=\"2025-02-05T19:57:30+00:00\" \/>\n<meta property=\"article:modified_time\" content=\"2025-02-05T19:57:32+00:00\" \/>\n<meta property=\"og:image\" content=\"https:\/\/quehacerpolitico.mx\/wp-content\/uploads\/2025\/02\/IMG_0465.jpeg\" \/>\n\t<meta property=\"og:image:width\" content=\"2048\" \/>\n\t<meta property=\"og:image:height\" content=\"1362\" \/>\n\t<meta property=\"og:image:type\" content=\"image\/jpeg\" \/>\n<meta name=\"author\" content=\"Redacci\u00f3n QP\" \/>\n<meta name=\"twitter:card\" content=\"summary_large_image\" \/>\n<meta name=\"twitter:label1\" content=\"Escrito por\" \/>\n\t<meta name=\"twitter:data1\" content=\"Redacci\u00f3n QP\" \/>\n\t<meta name=\"twitter:label2\" content=\"Tiempo de lectura\" \/>\n\t<meta name=\"twitter:data2\" content=\"3 minutos\" \/>\n<script type=\"application\/ld+json\" class=\"yoast-schema-graph\">{\"@context\":\"https:\\\/\\\/schema.org\",\"@graph\":[{\"@type\":\"Article\",\"@id\":\"https:\\\/\\\/quehacerpolitico.mx\\\/?p=114609#article\",\"isPartOf\":{\"@id\":\"https:\\\/\\\/quehacerpolitico.mx\\\/?p=114609\"},\"author\":{\"name\":\"Redacci\u00f3n QP\",\"@id\":\"https:\\\/\\\/quehacerpolitico.mx\\\/#\\\/schema\\\/person\\\/496d8ad2d1d3f8036101dca7ee39e585\"},\"headline\":\"Sheinbaum presentar\u00e1 dos iniciativas de reforma\",\"datePublished\":\"2025-02-05T19:57:30+00:00\",\"dateModified\":\"2025-02-05T19:57:32+00:00\",\"mainEntityOfPage\":{\"@id\":\"https:\\\/\\\/quehacerpolitico.mx\\\/?p=114609\"},\"wordCount\":574,\"commentCount\":0,\"image\":{\"@id\":\"https:\\\/\\\/quehacerpolitico.mx\\\/?p=114609#primaryimage\"},\"thumbnailUrl\":\"https:\\\/\\\/quehacerpolitico.mx\\\/wp-content\\\/uploads\\\/2025\\\/02\\\/IMG_0465.jpeg\",\"articleSection\":[\"Nacionales\",\"Noticias\"],\"inLanguage\":\"es\",\"potentialAction\":[{\"@type\":\"CommentAction\",\"name\":\"Comment\",\"target\":[\"https:\\\/\\\/quehacerpolitico.mx\\\/?p=114609#respond\"]}]},{\"@type\":\"WebPage\",\"@id\":\"https:\\\/\\\/quehacerpolitico.mx\\\/?p=114609\",\"url\":\"https:\\\/\\\/quehacerpolitico.mx\\\/?p=114609\",\"name\":\"Sheinbaum presentar\u00e1 dos iniciativas de reforma -\",\"isPartOf\":{\"@id\":\"https:\\\/\\\/quehacerpolitico.mx\\\/#website\"},\"primaryImageOfPage\":{\"@id\":\"https:\\\/\\\/quehacerpolitico.mx\\\/?p=114609#primaryimage\"},\"image\":{\"@id\":\"https:\\\/\\\/quehacerpolitico.mx\\\/?p=114609#primaryimage\"},\"thumbnailUrl\":\"https:\\\/\\\/quehacerpolitico.mx\\\/wp-content\\\/uploads\\\/2025\\\/02\\\/IMG_0465.jpeg\",\"datePublished\":\"2025-02-05T19:57:30+00:00\",\"dateModified\":\"2025-02-05T19:57:32+00:00\",\"author\":{\"@id\":\"https:\\\/\\\/quehacerpolitico.mx\\\/#\\\/schema\\\/person\\\/496d8ad2d1d3f8036101dca7ee39e585\"},\"breadcrumb\":{\"@id\":\"https:\\\/\\\/quehacerpolitico.mx\\\/?p=114609#breadcrumb\"},\"inLanguage\":\"es\",\"potentialAction\":[{\"@type\":\"ReadAction\",\"target\":[\"https:\\\/\\\/quehacerpolitico.mx\\\/?p=114609\"]}]},{\"@type\":\"ImageObject\",\"inLanguage\":\"es\",\"@id\":\"https:\\\/\\\/quehacerpolitico.mx\\\/?p=114609#primaryimage\",\"url\":\"https:\\\/\\\/quehacerpolitico.mx\\\/wp-content\\\/uploads\\\/2025\\\/02\\\/IMG_0465.jpeg\",\"contentUrl\":\"https:\\\/\\\/quehacerpolitico.mx\\\/wp-content\\\/uploads\\\/2025\\\/02\\\/IMG_0465.jpeg\",\"width\":2048,\"height\":1362},{\"@type\":\"BreadcrumbList\",\"@id\":\"https:\\\/\\\/quehacerpolitico.mx\\\/?p=114609#breadcrumb\",\"itemListElement\":[{\"@type\":\"ListItem\",\"position\":1,\"name\":\"Inicio\",\"item\":\"https:\\\/\\\/quehacerpolitico.mx\\\/\"},{\"@type\":\"ListItem\",\"position\":2,\"name\":\"Sheinbaum presentar\u00e1 dos iniciativas de reforma\"}]},{\"@type\":\"WebSite\",\"@id\":\"https:\\\/\\\/quehacerpolitico.mx\\\/#website\",\"url\":\"https:\\\/\\\/quehacerpolitico.mx\\\/\",\"name\":\"\",\"description\":\"\",\"potentialAction\":[{\"@type\":\"SearchAction\",\"target\":{\"@type\":\"EntryPoint\",\"urlTemplate\":\"https:\\\/\\\/quehacerpolitico.mx\\\/?s={search_term_string}\"},\"query-input\":{\"@type\":\"PropertyValueSpecification\",\"valueRequired\":true,\"valueName\":\"search_term_string\"}}],\"inLanguage\":\"es\"},{\"@type\":\"Person\",\"@id\":\"https:\\\/\\\/quehacerpolitico.mx\\\/#\\\/schema\\\/person\\\/496d8ad2d1d3f8036101dca7ee39e585\",\"name\":\"Redacci\u00f3n QP\",\"image\":{\"@type\":\"ImageObject\",\"inLanguage\":\"es\",\"@id\":\"https:\\\/\\\/secure.gravatar.com\\\/avatar\\\/c7164ed6fdec453195284ad24a5ae5b6e1eed2b848477fa2a4787ba9adf39a41?s=96&d=mm&r=g\",\"url\":\"https:\\\/\\\/secure.gravatar.com\\\/avatar\\\/c7164ed6fdec453195284ad24a5ae5b6e1eed2b848477fa2a4787ba9adf39a41?s=96&d=mm&r=g\",\"contentUrl\":\"https:\\\/\\\/secure.gravatar.com\\\/avatar\\\/c7164ed6fdec453195284ad24a5ae5b6e1eed2b848477fa2a4787ba9adf39a41?s=96&d=mm&r=g\",\"caption\":\"Redacci\u00f3n QP\"},\"url\":\"https:\\\/\\\/quehacerpolitico.mx\\\/?author=2\"}]}<\/script>\n<!-- \/ Yoast SEO plugin. -->","yoast_head_json":{"title":"Sheinbaum presentar\u00e1 dos iniciativas de reforma -","robots":{"index":"index","follow":"follow","max-snippet":"max-snippet:-1","max-image-preview":"max-image-preview:large","max-video-preview":"max-video-preview:-1"},"canonical":"https:\/\/quehacerpolitico.mx\/?p=114609","og_locale":"es_MX","og_type":"article","og_title":"Sheinbaum presentar\u00e1 dos iniciativas de reforma -","og_description":"Por Redacci\u00f3n QP En la ceremonia del aniversario de la promulgaci\u00f3n de la Constituci\u00f3n de...","og_url":"https:\/\/quehacerpolitico.mx\/?p=114609","article_published_time":"2025-02-05T19:57:30+00:00","article_modified_time":"2025-02-05T19:57:32+00:00","og_image":[{"width":2048,"height":1362,"url":"https:\/\/quehacerpolitico.mx\/wp-content\/uploads\/2025\/02\/IMG_0465.jpeg","type":"image\/jpeg"}],"author":"Redacci\u00f3n QP","twitter_card":"summary_large_image","twitter_misc":{"Escrito por":"Redacci\u00f3n QP","Tiempo de lectura":"3 minutos"},"schema":{"@context":"https:\/\/schema.org","@graph":[{"@type":"Article","@id":"https:\/\/quehacerpolitico.mx\/?p=114609#article","isPartOf":{"@id":"https:\/\/quehacerpolitico.mx\/?p=114609"},"author":{"name":"Redacci\u00f3n QP","@id":"https:\/\/quehacerpolitico.mx\/#\/schema\/person\/496d8ad2d1d3f8036101dca7ee39e585"},"headline":"Sheinbaum presentar\u00e1 dos iniciativas de reforma","datePublished":"2025-02-05T19:57:30+00:00","dateModified":"2025-02-05T19:57:32+00:00","mainEntityOfPage":{"@id":"https:\/\/quehacerpolitico.mx\/?p=114609"},"wordCount":574,"commentCount":0,"image":{"@id":"https:\/\/quehacerpolitico.mx\/?p=114609#primaryimage"},"thumbnailUrl":"https:\/\/quehacerpolitico.mx\/wp-content\/uploads\/2025\/02\/IMG_0465.jpeg","articleSection":["Nacionales","Noticias"],"inLanguage":"es","potentialAction":[{"@type":"CommentAction","name":"Comment","target":["https:\/\/quehacerpolitico.mx\/?p=114609#respond"]}]},{"@type":"WebPage","@id":"https:\/\/quehacerpolitico.mx\/?p=114609","url":"https:\/\/quehacerpolitico.mx\/?p=114609","name":"Sheinbaum presentar\u00e1 dos iniciativas de reforma -","isPartOf":{"@id":"https:\/\/quehacerpolitico.mx\/#website"},"primaryImageOfPage":{"@id":"https:\/\/quehacerpolitico.mx\/?p=114609#primaryimage"},"image":{"@id":"https:\/\/quehacerpolitico.mx\/?p=114609#primaryimage"},"thumbnailUrl":"https:\/\/quehacerpolitico.mx\/wp-content\/uploads\/2025\/02\/IMG_0465.jpeg","datePublished":"2025-02-05T19:57:30+00:00","dateModified":"2025-02-05T19:57:32+00:00","author":{"@id":"https:\/\/quehacerpolitico.mx\/#\/schema\/person\/496d8ad2d1d3f8036101dca7ee39e585"},"breadcrumb":{"@id":"https:\/\/quehacerpolitico.mx\/?p=114609#breadcrumb"},"inLanguage":"es","potentialAction":[{"@type":"ReadAction","target":["https:\/\/quehacerpolitico.mx\/?p=114609"]}]},{"@type":"ImageObject","inLanguage":"es","@id":"https:\/\/quehacerpolitico.mx\/?p=114609#primaryimage","url":"https:\/\/quehacerpolitico.mx\/wp-content\/uploads\/2025\/02\/IMG_0465.jpeg","contentUrl":"https:\/\/quehacerpolitico.mx\/wp-content\/uploads\/2025\/02\/IMG_0465.jpeg","width":2048,"height":1362},{"@type":"BreadcrumbList","@id":"https:\/\/quehacerpolitico.mx\/?p=114609#breadcrumb","itemListElement":[{"@type":"ListItem","position":1,"name":"Inicio","item":"https:\/\/quehacerpolitico.mx\/"},{"@type":"ListItem","position":2,"name":"Sheinbaum presentar\u00e1 dos iniciativas de reforma"}]},{"@type":"WebSite","@id":"https:\/\/quehacerpolitico.mx\/#website","url":"https:\/\/quehacerpolitico.mx\/","name":"","description":"","potentialAction":[{"@type":"SearchAction","target":{"@type":"EntryPoint","urlTemplate":"https:\/\/quehacerpolitico.mx\/?s={search_term_string}"},"query-input":{"@type":"PropertyValueSpecification","valueRequired":true,"valueName":"search_term_string"}}],"inLanguage":"es"},{"@type":"Person","@id":"https:\/\/quehacerpolitico.mx\/#\/schema\/person\/496d8ad2d1d3f8036101dca7ee39e585","name":"Redacci\u00f3n QP","image":{"@type":"ImageObject","inLanguage":"es","@id":"https:\/\/secure.gravatar.com\/avatar\/c7164ed6fdec453195284ad24a5ae5b6e1eed2b848477fa2a4787ba9adf39a41?s=96&d=mm&r=g","url":"https:\/\/secure.gravatar.com\/avatar\/c7164ed6fdec453195284ad24a5ae5b6e1eed2b848477fa2a4787ba9adf39a41?s=96&d=mm&r=g","contentUrl":"https:\/\/secure.gravatar.com\/avatar\/c7164ed6fdec453195284ad24a5ae5b6e1eed2b848477fa2a4787ba9adf39a41?s=96&d=mm&r=g","caption":"Redacci\u00f3n QP"},"url":"https:\/\/quehacerpolitico.mx\/?author=2"}]}},"featured_image_urls":{"full":["https:\/\/quehacerpolitico.mx\/wp-content\/uploads\/2025\/02\/IMG_0465.jpeg",2048,1362,false],"thumbnail":["https:\/\/quehacerpolitico.mx\/wp-content\/uploads\/2025\/02\/IMG_0465-150x150.jpeg",150,150,true],"medium":["https:\/\/quehacerpolitico.mx\/wp-content\/uploads\/2025\/02\/IMG_0465-300x200.jpeg",300,200,true],"medium_large":["https:\/\/quehacerpolitico.mx\/wp-content\/uploads\/2025\/02\/IMG_0465-768x511.jpeg",640,426,true],"large":["https:\/\/quehacerpolitico.mx\/wp-content\/uploads\/2025\/02\/IMG_0465-1024x681.jpeg",640,426,true],"1536x1536":["https:\/\/quehacerpolitico.mx\/wp-content\/uploads\/2025\/02\/IMG_0465-1536x1022.jpeg",1536,1022,true],"2048x2048":["https:\/\/quehacerpolitico.mx\/wp-content\/uploads\/2025\/02\/IMG_0465.jpeg",2048,1362,false],"covernews-featured":["https:\/\/quehacerpolitico.mx\/wp-content\/uploads\/2025\/02\/IMG_0465-1024x681.jpeg",1024,681,true],"covernews-medium":["https:\/\/quehacerpolitico.mx\/wp-content\/uploads\/2025\/02\/IMG_0465-540x340.jpeg",540,340,true]},"author_info":{"display_name":"Redacci\u00f3n QP","author_link":"https:\/\/quehacerpolitico.mx\/?author=2"},"category_info":"<a href=\"https:\/\/quehacerpolitico.mx\/?cat=280\" rel=\"category\">Nacionales<\/a> <a href=\"https:\/\/quehacerpolitico.mx\/?cat=2\" rel=\"category\">Noticias<\/a>","tag_info":"Noticias","comment_count":"0","_links":{"self":[{"href":"https:\/\/quehacerpolitico.mx\/index.php?rest_route=\/wp\/v2\/posts\/114609","targetHints":{"allow":["GET"]}}],"collection":[{"href":"https:\/\/quehacerpolitico.mx\/index.php?rest_route=\/wp\/v2\/posts"}],"about":[{"href":"https:\/\/quehacerpolitico.mx\/index.php?rest_route=\/wp\/v2\/types\/post"}],"author":[{"embeddable":true,"href":"https:\/\/quehacerpolitico.mx\/index.php?rest_route=\/wp\/v2\/users\/2"}],"replies":[{"embeddable":true,"href":"https:\/\/quehacerpolitico.mx\/index.php?rest_route=%2Fwp%2Fv2%2Fcomments&post=114609"}],"version-history":[{"count":1,"href":"https:\/\/quehacerpolitico.mx\/index.php?rest_route=\/wp\/v2\/posts\/114609\/revisions"}],"predecessor-version":[{"id":114611,"href":"https:\/\/quehacerpolitico.mx\/index.php?rest_route=\/wp\/v2\/posts\/114609\/revisions\/114611"}],"wp:featuredmedia":[{"embeddable":true,"href":"https:\/\/quehacerpolitico.mx\/index.php?rest_route=\/wp\/v2\/media\/114610"}],"wp:attachment":[{"href":"https:\/\/quehacerpolitico.mx\/index.php?rest_route=%2Fwp%2Fv2%2Fmedia&parent=114609"}],"wp:term":[{"taxonomy":"category","embeddable":true,"href":"https:\/\/quehacerpolitico.mx\/index.php?rest_route=%2Fwp%2Fv2%2Fcategories&post=114609"},{"taxonomy":"post_tag","embeddable":true,"href":"https:\/\/quehacerpolitico.mx\/index.php?rest_route=%2Fwp%2Fv2%2Ftags&post=114609"}],"curies":[{"name":"wp","href":"https:\/\/api.w.org\/{rel}","templated":true}]}}