{"id":114523,"date":"2025-02-03T16:23:43","date_gmt":"2025-02-03T22:23:43","guid":{"rendered":"https:\/\/quehacerpolitico.mx\/?p=114523"},"modified":"2025-02-03T16:23:45","modified_gmt":"2025-02-03T22:23:45","slug":"el-quehacer-politico-internacional-a-traves-de-la-opinion-carolina-alonso-romei-canada-logra-aplazar-un-mes-los-aranceles-de-trump-declarara-terroristas-a-los-carteles-y-designara-a-un-zar-del","status":"publish","type":"post","link":"https:\/\/quehacerpolitico.mx\/?p=114523","title":{"rendered":"El Quehacer Pol\u00edtico Internacional a trav\u00e9s de la opini\u00f3n\/\/\/Carolina Alonso Romei\/\/\/Canad\u00e1 logra aplazar un mes los aranceles de Trump; declarar\u00e1 terroristas a los c\u00e1rteles y designar\u00e1 a un &#8220;zar del fentanilo&#8221;"},"content":{"rendered":"\n<p>Por Carolina Alonso Romei<\/p>\n\n\n\n<p>Internacionalista <\/p>\n\n\n\n<p>Canad\u00e1 asumir\u00e1 compromisos adicionales en la lucha contra el narcotr\u00e1fico y el crimen organizado, como la designaci\u00f3n de un zar del fentanilo, la inclusi\u00f3n de los c\u00e1rteles en la lista de organizaciones terroristas, y la creaci\u00f3n de una fuerza de ataque conjunta con Estados Unidos<\/p>\n\n\n\n<p>El primer ministro canadiense,<strong>&nbsp;Justin Trudeau<\/strong>, revel\u00f3 que tras conversar con el presidente estadounidense,&nbsp;<strong>Donald Trump<\/strong>,&nbsp;<strong>Estados Unidos<\/strong>&nbsp;suspender\u00e1 durante 30 la implementaci\u00f3n de aranceles del 25%.<\/p>\n\n\n\n<p>En un mensaje en las redes sociales, Trudeau declar\u00f3 que Canad\u00e1 nombrar\u00e1 un &#8220;zar&#8221; contra el fentanilo, &#8220;incluir\u00e1 a los carteles de la droga en la lista de organizaciones terroristas, asegurar\u00e1 vigilancia las 24 horas durante siete d\u00edas de la frontera y lanzar\u00e1 un fuerza conjunta de combate Canad\u00e1-Estados Unidos&nbsp;para combatir el crimen organizado, el&nbsp;<strong>fentanilo<\/strong>&nbsp;y el lavado de dinero&#8221;.<\/p>\n\n\n\n<figure class=\"wp-block-image size-large\"><img loading=\"lazy\" decoding=\"async\" width=\"763\" height=\"1024\" src=\"https:\/\/quehacerpolitico.mx\/wp-content\/uploads\/2025\/02\/image-3-763x1024.jpeg\" alt=\"\" class=\"wp-image-114525\" srcset=\"https:\/\/quehacerpolitico.mx\/wp-content\/uploads\/2025\/02\/image-3-763x1024.jpeg 763w, https:\/\/quehacerpolitico.mx\/wp-content\/uploads\/2025\/02\/image-3-224x300.jpeg 224w, https:\/\/quehacerpolitico.mx\/wp-content\/uploads\/2025\/02\/image-3-768x1031.jpeg 768w, https:\/\/quehacerpolitico.mx\/wp-content\/uploads\/2025\/02\/image-3-1145x1536.jpeg 1145w, https:\/\/quehacerpolitico.mx\/wp-content\/uploads\/2025\/02\/image-3-1024x1374.jpeg 1024w, https:\/\/quehacerpolitico.mx\/wp-content\/uploads\/2025\/02\/image-3.jpeg 1290w\" sizes=\"auto, (max-width: 763px) 100vw, 763px\" \/><\/figure>\n\n\n\n<p>El l\u00edder canadiense, que calific\u00f3 como &#8220;buena&#8221; la&nbsp;<strong>conversaci\u00f3n con Trump<\/strong>, a\u00f1adi\u00f3 que ha firmado &#8220;una nueva directriz de inteligencia sobre el crimen organizado y el fentanilo&#8221; que tendr\u00e1 asociados fondos de 200 millones de d\u00f3lares canadienses (unos 136 millones de d\u00f3lares estadounidenses).<\/p>\n\n\n\n<p>&#8220;Los aranceles propuestos ser\u00e1n pausados durante al menos 30 d\u00edas mientras trabajamos juntos&#8221;, concluy\u00f3 Trudeau.<\/p>\n\n\n\n<p>La suspensi\u00f3n temporal de los aranceles se produce pocas horas antes de que<strong>&nbsp;Estados Unidos&nbsp;<\/strong>iniciase la aplicaci\u00f3n de grav\u00e1menes del 10% a las compras de petr\u00f3leo y gas canadienses y del 25% al resto de las importaciones.<\/p>\n\n\n\n<p>Canad\u00e1 anunci\u00f3 el s\u00e1bado que, en represalia por los aranceles, tambi\u00e9n aplicar\u00eda a partir del martes grav\u00e1menes del 25 % a 30 mil&nbsp;millones de d\u00f3lares de exportaciones estadounidenses en el pa\u00eds.<\/p>\n\n\n\n<p>El gobierno canadiense tambi\u00e9n hab\u00eda programado aplicar los mismo aranceles a otros 125 mil millones de importaciones estadounidenses a&nbsp;<strong>partir del 25 de febrero<\/strong>.<\/p>\n\n\n\n<p><strong>Trudeau y Trump<\/strong>&nbsp;mantuvieron una conversaci\u00f3n a primera horas de hoy en la que acordaron volver a conversar a las 3:00 de la tarde (hora local) para intentar llegar a un acuerdo que suspendiese los aranceles.&nbsp;<\/p>\n\n\n\n<p>Antes de producirse la segunda llamada, Trump tambi\u00e9n acord\u00f3 con la presidenta&nbsp;<strong>Claudia Sheinbaum<\/strong>, la suspensi\u00f3n de los aranceles que Estados Unidos iba a empezar a aplicar a los&nbsp;<strong>productos mexicanos<\/strong>&nbsp;a partir del martes.&nbsp;<\/p>\n\n\n\n<p>El presidente estadounidense decidi\u00f3 suspender los aranceles a M\u00e9xico despu\u00e9s de que la mandataria mexicana prometiese enviar a la frontera con Estados Unidos 10 mil&nbsp;soldados para combatir el&nbsp;<strong>tr\u00e1fico de drogas y personas.<\/strong><\/p>\n\n\n\n<p>Con informaci\u00f3n de EFE<\/p>\n","protected":false},"excerpt":{"rendered":"<p>Por Carolina Alonso Romei Internacionalista Canad\u00e1 asumir\u00e1 compromisos adicionales en la lucha contra el narcotr\u00e1fico&#8230;<\/p>\n","protected":false},"author":2,"featured_media":114524,"comment_status":"open","ping_status":"open","sticky":false,"template":"","format":"standard","meta":{"_monsterinsights_skip_tracking":false,"_monsterinsights_sitenote_active":false,"_monsterinsights_sitenote_note":"","_monsterinsights_sitenote_category":0,"footnotes":""},"categories":[1],"tags":[],"class_list":["post-114523","post","type-post","status-publish","format-standard","has-post-thumbnail","hentry","category-sin-categoria"],"yoast_head":"<!-- This site is optimized with the Yoast SEO plugin v27.3 - https:\/\/yoast.com\/product\/yoast-seo-wordpress\/ -->\n<title>El Quehacer Pol\u00edtico Internacional a trav\u00e9s de la opini\u00f3n\/\/\/Carolina Alonso Romei\/\/\/Canad\u00e1 logra aplazar un mes los aranceles de Trump; declarar\u00e1 terroristas a los c\u00e1rteles y designar\u00e1 a un &quot;zar del fentanilo&quot; -<\/title>\n<meta name=\"robots\" content=\"index, follow, max-snippet:-1, max-image-preview:large, max-video-preview:-1\" \/>\n<link rel=\"canonical\" href=\"https:\/\/quehacerpolitico.mx\/?p=114523\" \/>\n<meta property=\"og:locale\" content=\"es_MX\" \/>\n<meta property=\"og:type\" content=\"article\" \/>\n<meta property=\"og:title\" content=\"El Quehacer Pol\u00edtico Internacional a trav\u00e9s de la opini\u00f3n\/\/\/Carolina Alonso Romei\/\/\/Canad\u00e1 logra aplazar un mes los aranceles de Trump; declarar\u00e1 terroristas a los c\u00e1rteles y designar\u00e1 a un &quot;zar del fentanilo&quot; -\" \/>\n<meta property=\"og:description\" content=\"Por Carolina Alonso Romei Internacionalista Canad\u00e1 asumir\u00e1 compromisos adicionales en la lucha contra el narcotr\u00e1fico...\" \/>\n<meta property=\"og:url\" content=\"https:\/\/quehacerpolitico.mx\/?p=114523\" \/>\n<meta property=\"article:published_time\" content=\"2025-02-03T22:23:43+00:00\" \/>\n<meta property=\"article:modified_time\" content=\"2025-02-03T22:23:45+00:00\" \/>\n<meta property=\"og:image\" content=\"https:\/\/quehacerpolitico.mx\/wp-content\/uploads\/2025\/02\/03fa6135-c3fe-44b7-8e96-c6ca323ffebb-3.jpeg\" \/>\n\t<meta property=\"og:image:width\" content=\"963\" \/>\n\t<meta property=\"og:image:height\" content=\"493\" \/>\n\t<meta property=\"og:image:type\" content=\"image\/jpeg\" \/>\n<meta name=\"author\" content=\"Redacci\u00f3n QP\" \/>\n<meta name=\"twitter:card\" content=\"summary_large_image\" \/>\n<meta name=\"twitter:label1\" content=\"Escrito por\" \/>\n\t<meta name=\"twitter:data1\" content=\"Redacci\u00f3n QP\" \/>\n\t<meta name=\"twitter:label2\" content=\"Tiempo de lectura\" \/>\n\t<meta name=\"twitter:data2\" content=\"2 minutos\" \/>\n<script type=\"application\/ld+json\" class=\"yoast-schema-graph\">{\"@context\":\"https:\\\/\\\/schema.org\",\"@graph\":[{\"@type\":\"Article\",\"@id\":\"https:\\\/\\\/quehacerpolitico.mx\\\/?p=114523#article\",\"isPartOf\":{\"@id\":\"https:\\\/\\\/quehacerpolitico.mx\\\/?p=114523\"},\"author\":{\"name\":\"Redacci\u00f3n QP\",\"@id\":\"https:\\\/\\\/quehacerpolitico.mx\\\/#\\\/schema\\\/person\\\/496d8ad2d1d3f8036101dca7ee39e585\"},\"headline\":\"El Quehacer Pol\u00edtico Internacional a trav\u00e9s de la opini\u00f3n\\\/\\\/\\\/Carolina Alonso Romei\\\/\\\/\\\/Canad\u00e1 logra aplazar un mes los aranceles de Trump; declarar\u00e1 terroristas a los c\u00e1rteles y designar\u00e1 a un &#8220;zar del fentanilo&#8221;\",\"datePublished\":\"2025-02-03T22:23:43+00:00\",\"dateModified\":\"2025-02-03T22:23:45+00:00\",\"mainEntityOfPage\":{\"@id\":\"https:\\\/\\\/quehacerpolitico.mx\\\/?p=114523\"},\"wordCount\":476,\"commentCount\":0,\"image\":{\"@id\":\"https:\\\/\\\/quehacerpolitico.mx\\\/?p=114523#primaryimage\"},\"thumbnailUrl\":\"https:\\\/\\\/quehacerpolitico.mx\\\/wp-content\\\/uploads\\\/2025\\\/02\\\/03fa6135-c3fe-44b7-8e96-c6ca323ffebb-3.jpeg\",\"articleSection\":[\"Internacionales\"],\"inLanguage\":\"es\",\"potentialAction\":[{\"@type\":\"CommentAction\",\"name\":\"Comment\",\"target\":[\"https:\\\/\\\/quehacerpolitico.mx\\\/?p=114523#respond\"]}]},{\"@type\":\"WebPage\",\"@id\":\"https:\\\/\\\/quehacerpolitico.mx\\\/?p=114523\",\"url\":\"https:\\\/\\\/quehacerpolitico.mx\\\/?p=114523\",\"name\":\"El Quehacer Pol\u00edtico Internacional a trav\u00e9s de la opini\u00f3n\\\/\\\/\\\/Carolina Alonso Romei\\\/\\\/\\\/Canad\u00e1 logra aplazar un mes los aranceles de Trump; declarar\u00e1 terroristas a los c\u00e1rteles y designar\u00e1 a un \\\"zar del fentanilo\\\" -\",\"isPartOf\":{\"@id\":\"https:\\\/\\\/quehacerpolitico.mx\\\/#website\"},\"primaryImageOfPage\":{\"@id\":\"https:\\\/\\\/quehacerpolitico.mx\\\/?p=114523#primaryimage\"},\"image\":{\"@id\":\"https:\\\/\\\/quehacerpolitico.mx\\\/?p=114523#primaryimage\"},\"thumbnailUrl\":\"https:\\\/\\\/quehacerpolitico.mx\\\/wp-content\\\/uploads\\\/2025\\\/02\\\/03fa6135-c3fe-44b7-8e96-c6ca323ffebb-3.jpeg\",\"datePublished\":\"2025-02-03T22:23:43+00:00\",\"dateModified\":\"2025-02-03T22:23:45+00:00\",\"author\":{\"@id\":\"https:\\\/\\\/quehacerpolitico.mx\\\/#\\\/schema\\\/person\\\/496d8ad2d1d3f8036101dca7ee39e585\"},\"breadcrumb\":{\"@id\":\"https:\\\/\\\/quehacerpolitico.mx\\\/?p=114523#breadcrumb\"},\"inLanguage\":\"es\",\"potentialAction\":[{\"@type\":\"ReadAction\",\"target\":[\"https:\\\/\\\/quehacerpolitico.mx\\\/?p=114523\"]}]},{\"@type\":\"ImageObject\",\"inLanguage\":\"es\",\"@id\":\"https:\\\/\\\/quehacerpolitico.mx\\\/?p=114523#primaryimage\",\"url\":\"https:\\\/\\\/quehacerpolitico.mx\\\/wp-content\\\/uploads\\\/2025\\\/02\\\/03fa6135-c3fe-44b7-8e96-c6ca323ffebb-3.jpeg\",\"contentUrl\":\"https:\\\/\\\/quehacerpolitico.mx\\\/wp-content\\\/uploads\\\/2025\\\/02\\\/03fa6135-c3fe-44b7-8e96-c6ca323ffebb-3.jpeg\",\"width\":963,\"height\":493},{\"@type\":\"BreadcrumbList\",\"@id\":\"https:\\\/\\\/quehacerpolitico.mx\\\/?p=114523#breadcrumb\",\"itemListElement\":[{\"@type\":\"ListItem\",\"position\":1,\"name\":\"Inicio\",\"item\":\"https:\\\/\\\/quehacerpolitico.mx\\\/\"},{\"@type\":\"ListItem\",\"position\":2,\"name\":\"El Quehacer Pol\u00edtico Internacional a trav\u00e9s de la opini\u00f3n\\\/\\\/\\\/Carolina Alonso Romei\\\/\\\/\\\/Canad\u00e1 logra aplazar un mes los aranceles de Trump; declarar\u00e1 terroristas a los c\u00e1rteles y designar\u00e1 a un &#8220;zar del fentanilo&#8221;\"}]},{\"@type\":\"WebSite\",\"@id\":\"https:\\\/\\\/quehacerpolitico.mx\\\/#website\",\"url\":\"https:\\\/\\\/quehacerpolitico.mx\\\/\",\"name\":\"\",\"description\":\"\",\"potentialAction\":[{\"@type\":\"SearchAction\",\"target\":{\"@type\":\"EntryPoint\",\"urlTemplate\":\"https:\\\/\\\/quehacerpolitico.mx\\\/?s={search_term_string}\"},\"query-input\":{\"@type\":\"PropertyValueSpecification\",\"valueRequired\":true,\"valueName\":\"search_term_string\"}}],\"inLanguage\":\"es\"},{\"@type\":\"Person\",\"@id\":\"https:\\\/\\\/quehacerpolitico.mx\\\/#\\\/schema\\\/person\\\/496d8ad2d1d3f8036101dca7ee39e585\",\"name\":\"Redacci\u00f3n QP\",\"image\":{\"@type\":\"ImageObject\",\"inLanguage\":\"es\",\"@id\":\"https:\\\/\\\/secure.gravatar.com\\\/avatar\\\/c7164ed6fdec453195284ad24a5ae5b6e1eed2b848477fa2a4787ba9adf39a41?s=96&d=mm&r=g\",\"url\":\"https:\\\/\\\/secure.gravatar.com\\\/avatar\\\/c7164ed6fdec453195284ad24a5ae5b6e1eed2b848477fa2a4787ba9adf39a41?s=96&d=mm&r=g\",\"contentUrl\":\"https:\\\/\\\/secure.gravatar.com\\\/avatar\\\/c7164ed6fdec453195284ad24a5ae5b6e1eed2b848477fa2a4787ba9adf39a41?s=96&d=mm&r=g\",\"caption\":\"Redacci\u00f3n QP\"},\"url\":\"https:\\\/\\\/quehacerpolitico.mx\\\/?author=2\"}]}<\/script>\n<!-- \/ Yoast SEO plugin. -->","yoast_head_json":{"title":"El Quehacer Pol\u00edtico Internacional a trav\u00e9s de la opini\u00f3n\/\/\/Carolina Alonso Romei\/\/\/Canad\u00e1 logra aplazar un mes los aranceles de Trump; declarar\u00e1 terroristas a los c\u00e1rteles y designar\u00e1 a un \"zar del fentanilo\" -","robots":{"index":"index","follow":"follow","max-snippet":"max-snippet:-1","max-image-preview":"max-image-preview:large","max-video-preview":"max-video-preview:-1"},"canonical":"https:\/\/quehacerpolitico.mx\/?p=114523","og_locale":"es_MX","og_type":"article","og_title":"El Quehacer Pol\u00edtico Internacional a trav\u00e9s de la opini\u00f3n\/\/\/Carolina Alonso Romei\/\/\/Canad\u00e1 logra aplazar un mes los aranceles de Trump; declarar\u00e1 terroristas a los c\u00e1rteles y designar\u00e1 a un \"zar del fentanilo\" -","og_description":"Por Carolina Alonso Romei Internacionalista Canad\u00e1 asumir\u00e1 compromisos adicionales en la lucha contra el narcotr\u00e1fico...","og_url":"https:\/\/quehacerpolitico.mx\/?p=114523","article_published_time":"2025-02-03T22:23:43+00:00","article_modified_time":"2025-02-03T22:23:45+00:00","og_image":[{"width":963,"height":493,"url":"https:\/\/quehacerpolitico.mx\/wp-content\/uploads\/2025\/02\/03fa6135-c3fe-44b7-8e96-c6ca323ffebb-3.jpeg","type":"image\/jpeg"}],"author":"Redacci\u00f3n QP","twitter_card":"summary_large_image","twitter_misc":{"Escrito por":"Redacci\u00f3n QP","Tiempo de lectura":"2 minutos"},"schema":{"@context":"https:\/\/schema.org","@graph":[{"@type":"Article","@id":"https:\/\/quehacerpolitico.mx\/?p=114523#article","isPartOf":{"@id":"https:\/\/quehacerpolitico.mx\/?p=114523"},"author":{"name":"Redacci\u00f3n QP","@id":"https:\/\/quehacerpolitico.mx\/#\/schema\/person\/496d8ad2d1d3f8036101dca7ee39e585"},"headline":"El Quehacer Pol\u00edtico Internacional a trav\u00e9s de la opini\u00f3n\/\/\/Carolina Alonso Romei\/\/\/Canad\u00e1 logra aplazar un mes los aranceles de Trump; declarar\u00e1 terroristas a los c\u00e1rteles y designar\u00e1 a un &#8220;zar del fentanilo&#8221;","datePublished":"2025-02-03T22:23:43+00:00","dateModified":"2025-02-03T22:23:45+00:00","mainEntityOfPage":{"@id":"https:\/\/quehacerpolitico.mx\/?p=114523"},"wordCount":476,"commentCount":0,"image":{"@id":"https:\/\/quehacerpolitico.mx\/?p=114523#primaryimage"},"thumbnailUrl":"https:\/\/quehacerpolitico.mx\/wp-content\/uploads\/2025\/02\/03fa6135-c3fe-44b7-8e96-c6ca323ffebb-3.jpeg","articleSection":["Internacionales"],"inLanguage":"es","potentialAction":[{"@type":"CommentAction","name":"Comment","target":["https:\/\/quehacerpolitico.mx\/?p=114523#respond"]}]},{"@type":"WebPage","@id":"https:\/\/quehacerpolitico.mx\/?p=114523","url":"https:\/\/quehacerpolitico.mx\/?p=114523","name":"El Quehacer Pol\u00edtico Internacional a trav\u00e9s de la opini\u00f3n\/\/\/Carolina Alonso Romei\/\/\/Canad\u00e1 logra aplazar un mes los aranceles de Trump; declarar\u00e1 terroristas a los c\u00e1rteles y designar\u00e1 a un \"zar del fentanilo\" -","isPartOf":{"@id":"https:\/\/quehacerpolitico.mx\/#website"},"primaryImageOfPage":{"@id":"https:\/\/quehacerpolitico.mx\/?p=114523#primaryimage"},"image":{"@id":"https:\/\/quehacerpolitico.mx\/?p=114523#primaryimage"},"thumbnailUrl":"https:\/\/quehacerpolitico.mx\/wp-content\/uploads\/2025\/02\/03fa6135-c3fe-44b7-8e96-c6ca323ffebb-3.jpeg","datePublished":"2025-02-03T22:23:43+00:00","dateModified":"2025-02-03T22:23:45+00:00","author":{"@id":"https:\/\/quehacerpolitico.mx\/#\/schema\/person\/496d8ad2d1d3f8036101dca7ee39e585"},"breadcrumb":{"@id":"https:\/\/quehacerpolitico.mx\/?p=114523#breadcrumb"},"inLanguage":"es","potentialAction":[{"@type":"ReadAction","target":["https:\/\/quehacerpolitico.mx\/?p=114523"]}]},{"@type":"ImageObject","inLanguage":"es","@id":"https:\/\/quehacerpolitico.mx\/?p=114523#primaryimage","url":"https:\/\/quehacerpolitico.mx\/wp-content\/uploads\/2025\/02\/03fa6135-c3fe-44b7-8e96-c6ca323ffebb-3.jpeg","contentUrl":"https:\/\/quehacerpolitico.mx\/wp-content\/uploads\/2025\/02\/03fa6135-c3fe-44b7-8e96-c6ca323ffebb-3.jpeg","width":963,"height":493},{"@type":"BreadcrumbList","@id":"https:\/\/quehacerpolitico.mx\/?p=114523#breadcrumb","itemListElement":[{"@type":"ListItem","position":1,"name":"Inicio","item":"https:\/\/quehacerpolitico.mx\/"},{"@type":"ListItem","position":2,"name":"El Quehacer Pol\u00edtico Internacional a trav\u00e9s de la opini\u00f3n\/\/\/Carolina Alonso Romei\/\/\/Canad\u00e1 logra aplazar un mes los aranceles de Trump; declarar\u00e1 terroristas a los c\u00e1rteles y designar\u00e1 a un &#8220;zar del fentanilo&#8221;"}]},{"@type":"WebSite","@id":"https:\/\/quehacerpolitico.mx\/#website","url":"https:\/\/quehacerpolitico.mx\/","name":"","description":"","potentialAction":[{"@type":"SearchAction","target":{"@type":"EntryPoint","urlTemplate":"https:\/\/quehacerpolitico.mx\/?s={search_term_string}"},"query-input":{"@type":"PropertyValueSpecification","valueRequired":true,"valueName":"search_term_string"}}],"inLanguage":"es"},{"@type":"Person","@id":"https:\/\/quehacerpolitico.mx\/#\/schema\/person\/496d8ad2d1d3f8036101dca7ee39e585","name":"Redacci\u00f3n QP","image":{"@type":"ImageObject","inLanguage":"es","@id":"https:\/\/secure.gravatar.com\/avatar\/c7164ed6fdec453195284ad24a5ae5b6e1eed2b848477fa2a4787ba9adf39a41?s=96&d=mm&r=g","url":"https:\/\/secure.gravatar.com\/avatar\/c7164ed6fdec453195284ad24a5ae5b6e1eed2b848477fa2a4787ba9adf39a41?s=96&d=mm&r=g","contentUrl":"https:\/\/secure.gravatar.com\/avatar\/c7164ed6fdec453195284ad24a5ae5b6e1eed2b848477fa2a4787ba9adf39a41?s=96&d=mm&r=g","caption":"Redacci\u00f3n QP"},"url":"https:\/\/quehacerpolitico.mx\/?author=2"}]}},"featured_image_urls":{"full":["https:\/\/quehacerpolitico.mx\/wp-content\/uploads\/2025\/02\/03fa6135-c3fe-44b7-8e96-c6ca323ffebb-3.jpeg",963,493,false],"thumbnail":["https:\/\/quehacerpolitico.mx\/wp-content\/uploads\/2025\/02\/03fa6135-c3fe-44b7-8e96-c6ca323ffebb-3-150x150.jpeg",150,150,true],"medium":["https:\/\/quehacerpolitico.mx\/wp-content\/uploads\/2025\/02\/03fa6135-c3fe-44b7-8e96-c6ca323ffebb-3-300x154.jpeg",300,154,true],"medium_large":["https:\/\/quehacerpolitico.mx\/wp-content\/uploads\/2025\/02\/03fa6135-c3fe-44b7-8e96-c6ca323ffebb-3-768x393.jpeg",640,328,true],"large":["https:\/\/quehacerpolitico.mx\/wp-content\/uploads\/2025\/02\/03fa6135-c3fe-44b7-8e96-c6ca323ffebb-3.jpeg",640,328,false],"1536x1536":["https:\/\/quehacerpolitico.mx\/wp-content\/uploads\/2025\/02\/03fa6135-c3fe-44b7-8e96-c6ca323ffebb-3.jpeg",963,493,false],"2048x2048":["https:\/\/quehacerpolitico.mx\/wp-content\/uploads\/2025\/02\/03fa6135-c3fe-44b7-8e96-c6ca323ffebb-3.jpeg",963,493,false],"covernews-featured":["https:\/\/quehacerpolitico.mx\/wp-content\/uploads\/2025\/02\/03fa6135-c3fe-44b7-8e96-c6ca323ffebb-3.jpeg",963,493,false],"covernews-medium":["https:\/\/quehacerpolitico.mx\/wp-content\/uploads\/2025\/02\/03fa6135-c3fe-44b7-8e96-c6ca323ffebb-3-540x340.jpeg",540,340,true]},"author_info":{"display_name":"Redacci\u00f3n QP","author_link":"https:\/\/quehacerpolitico.mx\/?author=2"},"category_info":"<a href=\"https:\/\/quehacerpolitico.mx\/?cat=1\" rel=\"category\">Internacionales<\/a>","tag_info":"Internacionales","comment_count":"0","_links":{"self":[{"href":"https:\/\/quehacerpolitico.mx\/index.php?rest_route=\/wp\/v2\/posts\/114523","targetHints":{"allow":["GET"]}}],"collection":[{"href":"https:\/\/quehacerpolitico.mx\/index.php?rest_route=\/wp\/v2\/posts"}],"about":[{"href":"https:\/\/quehacerpolitico.mx\/index.php?rest_route=\/wp\/v2\/types\/post"}],"author":[{"embeddable":true,"href":"https:\/\/quehacerpolitico.mx\/index.php?rest_route=\/wp\/v2\/users\/2"}],"replies":[{"embeddable":true,"href":"https:\/\/quehacerpolitico.mx\/index.php?rest_route=%2Fwp%2Fv2%2Fcomments&post=114523"}],"version-history":[{"count":1,"href":"https:\/\/quehacerpolitico.mx\/index.php?rest_route=\/wp\/v2\/posts\/114523\/revisions"}],"predecessor-version":[{"id":114526,"href":"https:\/\/quehacerpolitico.mx\/index.php?rest_route=\/wp\/v2\/posts\/114523\/revisions\/114526"}],"wp:featuredmedia":[{"embeddable":true,"href":"https:\/\/quehacerpolitico.mx\/index.php?rest_route=\/wp\/v2\/media\/114524"}],"wp:attachment":[{"href":"https:\/\/quehacerpolitico.mx\/index.php?rest_route=%2Fwp%2Fv2%2Fmedia&parent=114523"}],"wp:term":[{"taxonomy":"category","embeddable":true,"href":"https:\/\/quehacerpolitico.mx\/index.php?rest_route=%2Fwp%2Fv2%2Fcategories&post=114523"},{"taxonomy":"post_tag","embeddable":true,"href":"https:\/\/quehacerpolitico.mx\/index.php?rest_route=%2Fwp%2Fv2%2Ftags&post=114523"}],"curies":[{"name":"wp","href":"https:\/\/api.w.org\/{rel}","templated":true}]}}