{"id":11450,"date":"2018-12-12T04:32:25","date_gmt":"2018-12-12T04:32:25","guid":{"rendered":"http:\/\/quehacerpolitico.mx\/la-voz-de-el-chapo-se-escucha-en-el-juicio-presentan-el-video-para-sean-penn-y-kate-del-castillo\/"},"modified":"2018-12-12T04:32:25","modified_gmt":"2018-12-12T04:32:25","slug":"la-voz-de-el-chapo-se-escucha-en-el-juicio-presentan-el-video-para-sean-penn-y-kate-del-castillo","status":"publish","type":"post","link":"https:\/\/quehacerpolitico.mx\/?p=11450","title":{"rendered":"La voz de \u201cEl Chapo\u201d se escucha en el juicio: presentan el VIDEO para Sean Penn y Kate del Castillo"},"content":{"rendered":"<h1>La voz de \u201cEl Chapo\u201d se escucha en el juicio: presentan el VIDEO para Sean Penn y Kate del Castillo<\/h1>\n<p>Por Redacci\u00f3n QP<\/p>\n<p><iframe loading=\"lazy\" title=\"&quot;El Chapo&quot; Guzm\u00e1n habla de su vida en entrevista concedida a Kate del Castillo y Sean Penn\" width=\"640\" height=\"360\" src=\"https:\/\/www.youtube.com\/embed\/AX7weFuJTU0?feature=oembed\" frameborder=\"0\" allow=\"accelerometer; autoplay; clipboard-write; encrypted-media; gyroscope; picture-in-picture; web-share\" referrerpolicy=\"strict-origin-when-cross-origin\" allowfullscreen><\/iframe><\/p>\n<p>La voz de <strong>Joaqu\u00edn \u201cEl Chapo\u201d Guzm\u00e1n<\/strong> se oy\u00f3 por primera vez el martes en la <strong>sala del tribunal<\/strong>donde se celebra su juicio.<\/p>\n<p>Fiscales estadounidenses mostraron <strong>un video de YouTube<\/strong> donde se ve al narcotraficante mexicano con una gorra hablando a la c\u00e1mara. Se trata del video que \u201cEl Chapo\u201d grab\u00f3 para el<strong>actor estadounidense Sean Penn<\/strong> y la actriz mexicana <strong>Kate del Castillo<\/strong> y que, seg\u00fan se dijo en la corte, fue colgado en <strong>internet en el 2015<\/strong>.<\/p>\n<blockquote>\n<p>\u201cEl<strong> narcotr\u00e1fico no depende de una persona<\/strong>. Depende de much\u00edsimas personas\u201d, responde Guzm\u00e1n a preguntas como el impacto que tiene el tr\u00e1fico de drogas en M\u00e9xico.<\/p>\n<\/blockquote>\n<p>La fiscal\u00eda mostr\u00f3 cinco segmentos cortos de ese video en la sala del tribunal, con subt\u00edtulos en ingl\u00e9s.<\/p>\n<p>\u201cEl Chapo\u201d, uno de los narcotraficantes m\u00e1s conocidos, se ha declarado inocente de la acusaci\u00f3n de acumular una fortuna multimillonaria a trav\u00e9s del tr\u00e1fico de toneladas de coca\u00edna y otras drogas desde M\u00e9xico a Estados Unidos. De ser declarado culpable por el jurado enfrentar\u00eda una posible sentencia a cadena perpetua. Esta es la quinta semana de juicio en la corte federal de Brooklyn.<\/p>\n<blockquote>\n<p>Previo al video, se oy\u00f3 el testimonio de Tirso Mart\u00ednez, un mexicano que trabaj\u00f3 para los carteles de Ju\u00e1rez y Sinaloa desde 1995 hasta 2003 y que fue arrestado en 2014.<\/p>\n<\/blockquote>\n<p>Mart\u00ednez, quien se describi\u00f3 como un ex alcoh\u00f3lico y ex cocain\u00f3mano que no sabe leer bien porque abandon\u00f3 la escuela a los 13 a\u00f1os, habl\u00f3 de su trabajo para Vicente Carrillo, alias \u201cViceroy\u201d, ex l\u00edder del cartel de Ju\u00e1rez. Durante mucho tiempo Mart\u00ednez quiso trabajar para Guzm\u00e1n pero cuando \u00e9ste le pidi\u00f3 que lo ayudara a transportar un cargamento de droga a fines de 2001 Mart\u00ednez se puso nervioso.<\/p>\n<p>\u201cMe asust\u00e9. Yo estaba entre la espada y la pared porque yo coordinaba todo con Vicente Carrillo\u201d, dijo Mart\u00ednez. En esos momentos, los Carrillo Fuentes trabajaban con el cartel de Sinaloa de Guzm\u00e1n pero las tensiones entre ambos empezaban a emanar. El testigo, conocido como \u201cEl futbolista\u201d o \u201cEl ingeniero\u201d, dijo que hizo ese y otros transportes de droga para Guzm\u00e1n.<\/p>\n<blockquote>\n<p>A pesar de haber nacido y crecido pobre en Guadalajara, Mart\u00ednez subi\u00f3 de rango en el mundo del narcotr\u00e1fico y, a un nivel medio, lleg\u00f3 a ganar millones de d\u00f3lares de los que, dijo, perdi\u00f3 entre dos y tres millones en peleas de gallos. Tambi\u00e9n era due\u00f1o de varios equipos de f\u00fatbol y lleg\u00f3 a hacerse una cirug\u00eda pl\u00e1stica en el rostro para evitar ser reconocido por las autoridades.<\/p>\n<\/blockquote>\n<p>Explic\u00f3 que uno de los momentos m\u00e1s tensos de su vida fue cuando, en 2001, otro l\u00edder del cartel de Sinaloa, Ismael \u201cEl Mayo\u201d Zambada, le puso una pistola en la cabeza tras acusarlo de haber cambiado coca\u00edna buena por mala en un cargamento de m\u00e1s de 300 kilos.<\/p>\n<p>\u201cMe dijo \u2018no lo mato porque mi ahijado (Vicente Carrillo) me dijo que no le hiciera nada\u2019\u201d, dijo Mart\u00ednez, citando a \u201cEl Mayo\u201d.<\/p>\n<p>\u201cPatas cortas\u201d era el apodo que Mart\u00ednez y Carrillo usaban para referirse a \u201cEl Chapo\u201d, testific\u00f3 Mart\u00ednez. El mexicano lleg\u00f3 a manejar las rutas de tren que el cartel usaba para transportar droga colombiana desde M\u00e9xico a Estados Unidos. Dijo que pod\u00eda ganar entre 200 mil y 300 mil d\u00f3lares por cargamento.<\/p>\n<blockquote>\n<p>Los abogados de \u201cEl Chapo\u201d intentaron desacreditar el martes a Mart\u00ednez al hacerle admitir que muchas cosas que testific\u00f3 sobre Guzm\u00e1n no las sab\u00eda de primera mano sino que se las hab\u00eda dicho un trabajador de Guzm\u00e1n llamado Alfredo V\u00e1squez.<\/p>\n<\/blockquote>\n<p>Mart\u00ednez se ha declarado culpable de narcotr\u00e1fico y a\u00fan no ha sido sentenciado.<\/p>\n<p>El narcotraficante colombiano Juan Carlos Ram\u00edrez Abad\u00eda, alias \u201cEl Chupeta\u201d, quien se hizo multimillonario como l\u00edder del cartel del Norte del Valle y dijo que orden\u00f3 la muerte de unas 150 personas, testific\u00f3 la semana pasada en el juicio.<\/p>\n<p>Con Informaci\u00f3n de AP<\/p>\n","protected":false},"excerpt":{"rendered":"<p>La voz de \u201cEl Chapo\u201d se escucha en el juicio: presentan el VIDEO para Sean Penn y Kate del Castillo<br \/>\nPor Redacci\u00f3n QP<\/p>\n","protected":false},"author":2,"featured_media":11449,"comment_status":"open","ping_status":"open","sticky":false,"template":"","format":"standard","meta":{"_monsterinsights_skip_tracking":false,"_monsterinsights_sitenote_active":false,"_monsterinsights_sitenote_note":"","_monsterinsights_sitenote_category":0,"footnotes":""},"categories":[2],"tags":[],"class_list":["post-11450","post","type-post","status-publish","format-standard","has-post-thumbnail","hentry","category-noticias"],"yoast_head":"<!-- This site is optimized with the Yoast SEO plugin v27.3 - https:\/\/yoast.com\/product\/yoast-seo-wordpress\/ -->\n<title>La voz de \u201cEl Chapo\u201d se escucha en el juicio: presentan el VIDEO para Sean Penn y Kate del Castillo -<\/title>\n<meta name=\"robots\" content=\"index, follow, max-snippet:-1, max-image-preview:large, max-video-preview:-1\" \/>\n<link rel=\"canonical\" href=\"https:\/\/quehacerpolitico.mx\/?p=11450\" \/>\n<meta property=\"og:locale\" content=\"es_MX\" \/>\n<meta property=\"og:type\" content=\"article\" \/>\n<meta property=\"og:title\" content=\"La voz de \u201cEl Chapo\u201d se escucha en el juicio: presentan el VIDEO para Sean Penn y Kate del Castillo -\" \/>\n<meta property=\"og:description\" content=\"La voz de \u201cEl Chapo\u201d se escucha en el juicio: presentan el VIDEO para Sean Penn y Kate del Castillo Por Redacci\u00f3n QP\" \/>\n<meta property=\"og:url\" content=\"https:\/\/quehacerpolitico.mx\/?p=11450\" \/>\n<meta property=\"article:published_time\" content=\"2018-12-12T04:32:25+00:00\" \/>\n<meta name=\"author\" content=\"Redacci\u00f3n QP\" \/>\n<meta name=\"twitter:card\" content=\"summary_large_image\" \/>\n<meta name=\"twitter:label1\" content=\"Escrito por\" \/>\n\t<meta name=\"twitter:data1\" content=\"Redacci\u00f3n QP\" \/>\n\t<meta name=\"twitter:label2\" content=\"Tiempo de lectura\" \/>\n\t<meta name=\"twitter:data2\" content=\"4 minutos\" \/>\n<script type=\"application\/ld+json\" class=\"yoast-schema-graph\">{\"@context\":\"https:\\\/\\\/schema.org\",\"@graph\":[{\"@type\":\"Article\",\"@id\":\"https:\\\/\\\/quehacerpolitico.mx\\\/?p=11450#article\",\"isPartOf\":{\"@id\":\"https:\\\/\\\/quehacerpolitico.mx\\\/?p=11450\"},\"author\":{\"name\":\"Redacci\u00f3n QP\",\"@id\":\"https:\\\/\\\/quehacerpolitico.mx\\\/#\\\/schema\\\/person\\\/496d8ad2d1d3f8036101dca7ee39e585\"},\"headline\":\"La voz de \u201cEl Chapo\u201d se escucha en el juicio: presentan el VIDEO para Sean Penn y Kate del Castillo\",\"datePublished\":\"2018-12-12T04:32:25+00:00\",\"mainEntityOfPage\":{\"@id\":\"https:\\\/\\\/quehacerpolitico.mx\\\/?p=11450\"},\"wordCount\":737,\"commentCount\":0,\"image\":{\"@id\":\"https:\\\/\\\/quehacerpolitico.mx\\\/?p=11450#primaryimage\"},\"thumbnailUrl\":\"\",\"articleSection\":[\"Noticias\"],\"inLanguage\":\"es\",\"potentialAction\":[{\"@type\":\"CommentAction\",\"name\":\"Comment\",\"target\":[\"https:\\\/\\\/quehacerpolitico.mx\\\/?p=11450#respond\"]}]},{\"@type\":\"WebPage\",\"@id\":\"https:\\\/\\\/quehacerpolitico.mx\\\/?p=11450\",\"url\":\"https:\\\/\\\/quehacerpolitico.mx\\\/?p=11450\",\"name\":\"La voz de \u201cEl Chapo\u201d se escucha en el juicio: presentan el VIDEO para Sean Penn y Kate del Castillo -\",\"isPartOf\":{\"@id\":\"https:\\\/\\\/quehacerpolitico.mx\\\/#website\"},\"primaryImageOfPage\":{\"@id\":\"https:\\\/\\\/quehacerpolitico.mx\\\/?p=11450#primaryimage\"},\"image\":{\"@id\":\"https:\\\/\\\/quehacerpolitico.mx\\\/?p=11450#primaryimage\"},\"thumbnailUrl\":\"\",\"datePublished\":\"2018-12-12T04:32:25+00:00\",\"author\":{\"@id\":\"https:\\\/\\\/quehacerpolitico.mx\\\/#\\\/schema\\\/person\\\/496d8ad2d1d3f8036101dca7ee39e585\"},\"breadcrumb\":{\"@id\":\"https:\\\/\\\/quehacerpolitico.mx\\\/?p=11450#breadcrumb\"},\"inLanguage\":\"es\",\"potentialAction\":[{\"@type\":\"ReadAction\",\"target\":[\"https:\\\/\\\/quehacerpolitico.mx\\\/?p=11450\"]}]},{\"@type\":\"ImageObject\",\"inLanguage\":\"es\",\"@id\":\"https:\\\/\\\/quehacerpolitico.mx\\\/?p=11450#primaryimage\",\"url\":\"\",\"contentUrl\":\"\"},{\"@type\":\"BreadcrumbList\",\"@id\":\"https:\\\/\\\/quehacerpolitico.mx\\\/?p=11450#breadcrumb\",\"itemListElement\":[{\"@type\":\"ListItem\",\"position\":1,\"name\":\"Inicio\",\"item\":\"https:\\\/\\\/quehacerpolitico.mx\\\/\"},{\"@type\":\"ListItem\",\"position\":2,\"name\":\"La voz de \u201cEl Chapo\u201d se escucha en el juicio: presentan el VIDEO para Sean Penn y Kate del Castillo\"}]},{\"@type\":\"WebSite\",\"@id\":\"https:\\\/\\\/quehacerpolitico.mx\\\/#website\",\"url\":\"https:\\\/\\\/quehacerpolitico.mx\\\/\",\"name\":\"\",\"description\":\"\",\"potentialAction\":[{\"@type\":\"SearchAction\",\"target\":{\"@type\":\"EntryPoint\",\"urlTemplate\":\"https:\\\/\\\/quehacerpolitico.mx\\\/?s={search_term_string}\"},\"query-input\":{\"@type\":\"PropertyValueSpecification\",\"valueRequired\":true,\"valueName\":\"search_term_string\"}}],\"inLanguage\":\"es\"},{\"@type\":\"Person\",\"@id\":\"https:\\\/\\\/quehacerpolitico.mx\\\/#\\\/schema\\\/person\\\/496d8ad2d1d3f8036101dca7ee39e585\",\"name\":\"Redacci\u00f3n QP\",\"image\":{\"@type\":\"ImageObject\",\"inLanguage\":\"es\",\"@id\":\"https:\\\/\\\/secure.gravatar.com\\\/avatar\\\/c7164ed6fdec453195284ad24a5ae5b6e1eed2b848477fa2a4787ba9adf39a41?s=96&d=mm&r=g\",\"url\":\"https:\\\/\\\/secure.gravatar.com\\\/avatar\\\/c7164ed6fdec453195284ad24a5ae5b6e1eed2b848477fa2a4787ba9adf39a41?s=96&d=mm&r=g\",\"contentUrl\":\"https:\\\/\\\/secure.gravatar.com\\\/avatar\\\/c7164ed6fdec453195284ad24a5ae5b6e1eed2b848477fa2a4787ba9adf39a41?s=96&d=mm&r=g\",\"caption\":\"Redacci\u00f3n QP\"},\"url\":\"https:\\\/\\\/quehacerpolitico.mx\\\/?author=2\"}]}<\/script>\n<!-- \/ Yoast SEO plugin. -->","yoast_head_json":{"title":"La voz de \u201cEl Chapo\u201d se escucha en el juicio: presentan el VIDEO para Sean Penn y Kate del Castillo -","robots":{"index":"index","follow":"follow","max-snippet":"max-snippet:-1","max-image-preview":"max-image-preview:large","max-video-preview":"max-video-preview:-1"},"canonical":"https:\/\/quehacerpolitico.mx\/?p=11450","og_locale":"es_MX","og_type":"article","og_title":"La voz de \u201cEl Chapo\u201d se escucha en el juicio: presentan el VIDEO para Sean Penn y Kate del Castillo -","og_description":"La voz de \u201cEl Chapo\u201d se escucha en el juicio: presentan el VIDEO para Sean Penn y Kate del Castillo Por Redacci\u00f3n QP","og_url":"https:\/\/quehacerpolitico.mx\/?p=11450","article_published_time":"2018-12-12T04:32:25+00:00","author":"Redacci\u00f3n QP","twitter_card":"summary_large_image","twitter_misc":{"Escrito por":"Redacci\u00f3n QP","Tiempo de lectura":"4 minutos"},"schema":{"@context":"https:\/\/schema.org","@graph":[{"@type":"Article","@id":"https:\/\/quehacerpolitico.mx\/?p=11450#article","isPartOf":{"@id":"https:\/\/quehacerpolitico.mx\/?p=11450"},"author":{"name":"Redacci\u00f3n QP","@id":"https:\/\/quehacerpolitico.mx\/#\/schema\/person\/496d8ad2d1d3f8036101dca7ee39e585"},"headline":"La voz de \u201cEl Chapo\u201d se escucha en el juicio: presentan el VIDEO para Sean Penn y Kate del Castillo","datePublished":"2018-12-12T04:32:25+00:00","mainEntityOfPage":{"@id":"https:\/\/quehacerpolitico.mx\/?p=11450"},"wordCount":737,"commentCount":0,"image":{"@id":"https:\/\/quehacerpolitico.mx\/?p=11450#primaryimage"},"thumbnailUrl":"","articleSection":["Noticias"],"inLanguage":"es","potentialAction":[{"@type":"CommentAction","name":"Comment","target":["https:\/\/quehacerpolitico.mx\/?p=11450#respond"]}]},{"@type":"WebPage","@id":"https:\/\/quehacerpolitico.mx\/?p=11450","url":"https:\/\/quehacerpolitico.mx\/?p=11450","name":"La voz de \u201cEl Chapo\u201d se escucha en el juicio: presentan el VIDEO para Sean Penn y Kate del Castillo -","isPartOf":{"@id":"https:\/\/quehacerpolitico.mx\/#website"},"primaryImageOfPage":{"@id":"https:\/\/quehacerpolitico.mx\/?p=11450#primaryimage"},"image":{"@id":"https:\/\/quehacerpolitico.mx\/?p=11450#primaryimage"},"thumbnailUrl":"","datePublished":"2018-12-12T04:32:25+00:00","author":{"@id":"https:\/\/quehacerpolitico.mx\/#\/schema\/person\/496d8ad2d1d3f8036101dca7ee39e585"},"breadcrumb":{"@id":"https:\/\/quehacerpolitico.mx\/?p=11450#breadcrumb"},"inLanguage":"es","potentialAction":[{"@type":"ReadAction","target":["https:\/\/quehacerpolitico.mx\/?p=11450"]}]},{"@type":"ImageObject","inLanguage":"es","@id":"https:\/\/quehacerpolitico.mx\/?p=11450#primaryimage","url":"","contentUrl":""},{"@type":"BreadcrumbList","@id":"https:\/\/quehacerpolitico.mx\/?p=11450#breadcrumb","itemListElement":[{"@type":"ListItem","position":1,"name":"Inicio","item":"https:\/\/quehacerpolitico.mx\/"},{"@type":"ListItem","position":2,"name":"La voz de \u201cEl Chapo\u201d se escucha en el juicio: presentan el VIDEO para Sean Penn y Kate del Castillo"}]},{"@type":"WebSite","@id":"https:\/\/quehacerpolitico.mx\/#website","url":"https:\/\/quehacerpolitico.mx\/","name":"","description":"","potentialAction":[{"@type":"SearchAction","target":{"@type":"EntryPoint","urlTemplate":"https:\/\/quehacerpolitico.mx\/?s={search_term_string}"},"query-input":{"@type":"PropertyValueSpecification","valueRequired":true,"valueName":"search_term_string"}}],"inLanguage":"es"},{"@type":"Person","@id":"https:\/\/quehacerpolitico.mx\/#\/schema\/person\/496d8ad2d1d3f8036101dca7ee39e585","name":"Redacci\u00f3n QP","image":{"@type":"ImageObject","inLanguage":"es","@id":"https:\/\/secure.gravatar.com\/avatar\/c7164ed6fdec453195284ad24a5ae5b6e1eed2b848477fa2a4787ba9adf39a41?s=96&d=mm&r=g","url":"https:\/\/secure.gravatar.com\/avatar\/c7164ed6fdec453195284ad24a5ae5b6e1eed2b848477fa2a4787ba9adf39a41?s=96&d=mm&r=g","contentUrl":"https:\/\/secure.gravatar.com\/avatar\/c7164ed6fdec453195284ad24a5ae5b6e1eed2b848477fa2a4787ba9adf39a41?s=96&d=mm&r=g","caption":"Redacci\u00f3n QP"},"url":"https:\/\/quehacerpolitico.mx\/?author=2"}]}},"featured_image_urls":{"full":"","thumbnail":"","medium":"","medium_large":"","large":"","1536x1536":"","2048x2048":"","covernews-featured":"","covernews-medium":""},"author_info":{"display_name":"Redacci\u00f3n QP","author_link":"https:\/\/quehacerpolitico.mx\/?author=2"},"category_info":"<a href=\"https:\/\/quehacerpolitico.mx\/?cat=2\" rel=\"category\">Noticias<\/a>","tag_info":"Noticias","comment_count":"0","_links":{"self":[{"href":"https:\/\/quehacerpolitico.mx\/index.php?rest_route=\/wp\/v2\/posts\/11450","targetHints":{"allow":["GET"]}}],"collection":[{"href":"https:\/\/quehacerpolitico.mx\/index.php?rest_route=\/wp\/v2\/posts"}],"about":[{"href":"https:\/\/quehacerpolitico.mx\/index.php?rest_route=\/wp\/v2\/types\/post"}],"author":[{"embeddable":true,"href":"https:\/\/quehacerpolitico.mx\/index.php?rest_route=\/wp\/v2\/users\/2"}],"replies":[{"embeddable":true,"href":"https:\/\/quehacerpolitico.mx\/index.php?rest_route=%2Fwp%2Fv2%2Fcomments&post=11450"}],"version-history":[{"count":0,"href":"https:\/\/quehacerpolitico.mx\/index.php?rest_route=\/wp\/v2\/posts\/11450\/revisions"}],"wp:featuredmedia":[{"embeddable":true,"href":"https:\/\/quehacerpolitico.mx\/index.php?rest_route=\/"}],"wp:attachment":[{"href":"https:\/\/quehacerpolitico.mx\/index.php?rest_route=%2Fwp%2Fv2%2Fmedia&parent=11450"}],"wp:term":[{"taxonomy":"category","embeddable":true,"href":"https:\/\/quehacerpolitico.mx\/index.php?rest_route=%2Fwp%2Fv2%2Fcategories&post=11450"},{"taxonomy":"post_tag","embeddable":true,"href":"https:\/\/quehacerpolitico.mx\/index.php?rest_route=%2Fwp%2Fv2%2Ftags&post=11450"}],"curies":[{"name":"wp","href":"https:\/\/api.w.org\/{rel}","templated":true}]}}