{"id":114480,"date":"2025-02-01T15:04:58","date_gmt":"2025-02-01T21:04:58","guid":{"rendered":"https:\/\/quehacerpolitico.mx\/?p=114480"},"modified":"2025-02-01T15:05:01","modified_gmt":"2025-02-01T21:05:01","slug":"yo-no-tengo-preocupacion-porque-la-economia-de-mexico-esta-muy-fuerte-sheinbaum","status":"publish","type":"post","link":"https:\/\/quehacerpolitico.mx\/?p=114480","title":{"rendered":"\u201cYo no tengo preocupaci\u00f3n porque la econom\u00eda de M\u00e9xico est\u00e1 muy fuerte\u201d: Sheinbaum"},"content":{"rendered":"\n<p>Por Redacci\u00f3n QP<\/p>\n\n\n\n<p>La mandataria dijo que si no est\u00e1 preocupada es &#8220;gracias al pueblo de M\u00e9xico, al pueblo trabajador que trabaja todos los d\u00edas para sacar adelante a nuestro pa\u00eds, pero adem\u00e1s por este modelo de desarrollo econ\u00f3mico&#8221;<\/p>\n\n\n\n<p>A pesar de la imposici\u00f3n de&nbsp;<strong>aranceles del 25%&nbsp;<\/strong>que el presidente de Estados Unidos,&nbsp;<strong>Donald Trump<\/strong>, dijo que impondr\u00e1 a M\u00e9xico,&nbsp;la presidenta&nbsp;<strong>Claudia Sheinbaum&nbsp;<\/strong>dijo hoy que la&nbsp;<strong>econom\u00eda del pa\u00eds&nbsp;es s\u00f3lida y que no est\u00e1 preocupada<\/strong>.&nbsp;<\/p>\n\n\n\n<p>As\u00ed lo manifest\u00f3 durante su\u00a0gira en el Estado de M\u00e9xico, en donde encabez\u00f3 la entrega de tarjetas del\u00a0<strong>Programa de Mejoramiento de Vivienda\u00a0<\/strong>para el Bienestar en\u00a0<strong>Valle de Chalco<\/strong>.<\/p>\n\n\n\n<figure class=\"wp-block-embed is-type-rich is-provider-twitter wp-block-embed-twitter\"><div class=\"wp-block-embed__wrapper\">\n<blockquote class=\"twitter-tweet\" data-width=\"550\" data-dnt=\"true\"><p lang=\"es\" dir=\"ltr\">Entrega de tarjetas Vivienda para el Bienestar. Valle de Chalco, Estado de M\u00e9xico <a href=\"https:\/\/t.co\/OyHmjBJesg\">https:\/\/t.co\/OyHmjBJesg<\/a><\/p>&mdash; Gobierno de M\u00e9xico (@GobiernoMX) <a href=\"https:\/\/twitter.com\/GobiernoMX\/status\/1885747515699728850?ref_src=twsrc%5Etfw\">February 1, 2025<\/a><\/blockquote><script async src=\"https:\/\/platform.twitter.com\/widgets.js\" charset=\"utf-8\"><\/script>\n<\/div><\/figure>\n\n\n\n<p>\u201cAyer dec\u00eda que yo no tengo preocupaci\u00f3n porque la econom\u00eda de M\u00e9xico est\u00e1 muy fuerte, muy s\u00f3lida, y eso es gracias al pueblo de M\u00e9xico,&nbsp;<strong>al pueblo trabajador que trabaja todos los d\u00edas&nbsp;<\/strong>para sacar adelante a nuestro pa\u00eds, pero adem\u00e1s por este modelo de desarrollo econ\u00f3mico\u201d, destac\u00f3.<\/p>\n\n\n\n<p>La jefa del Ejecutivo dijo a las personas que se dieron cita en el Deportivo &#8220;Luis Donaldo Colosio Murrieta&#8221; de&nbsp;este municipio que los paisanos que se encuentran en Estados Unidos&nbsp;son&nbsp;<strong>fundamentales para su economia y se les debe tratar con respeto<\/strong>.&nbsp;<\/p>\n\n\n\n<p>\u201cDec\u00eda ayer que era un poco de presunci\u00f3n, pero no me importa, las y los mexicanos somos los mejores trabajadores del campo, somos los mejores trabajadores de la construcci\u00f3n, somos los mejores trabajadores de las f\u00e1bricas, somos los mejores trabajadores de los servicios,&nbsp;<strong>aqu\u00ed nadie puede hablarle mal a un mexicano, una mexicana<\/strong>, a los mexicanos y a las mexicanas se les trata con respeto\u201d, enfatiz\u00f3.<\/p>\n\n\n\n<p>Durante su discurso, Sheinbaum Pardo&nbsp;pidi\u00f3 a los asistentes evitar que haya un divorcio entre la poblaci\u00f3n y su gobierno.<\/p>\n\n\n\n<p>\u201cVamos bien, vamos muy bien, y lo m\u00e1s importante es que&nbsp;<strong>no haya divorcio entre el pueblo&nbsp;y el gobierno<\/strong>, y de m\u00ed pueden tener la certeza que no se me olvida de d\u00f3nde vengo, venimos de un movimiento de transformaci\u00f3n y nunca jam\u00e1s vamos a olvidar esa historia que nos trajo hasta aqu\u00ed, por eso siempre decimos que llevamos en la mente, el coraz\u00f3n y en la historia nuestros principios, nosotros no robamos, no mentimos, y nunca vamos a traicionar al pueblo de M\u00e9xico\u201d, concluy\u00f3.<\/p>\n\n\n\n<p>Por la tarde continuar\u00e1 con la entrega de apoyos de 40 mil pesos a 7 mil hogares correspondientes al Programa de Mejoramiento para la Vienda en los municipios de Ixtapaluca y Chicoloapan, en el Estado de M\u00e9xico.&nbsp;<\/p>\n\n\n\n<p>La presidenta Claudia Sheinbaum&nbsp;estuvo acompa\u00f1ada por&nbsp;<strong>Delfina G\u00f3mez<\/strong>, gobernadora del&nbsp;<strong>Estado de M\u00e9xico<\/strong>;&nbsp;<strong>Citlalli Hern\u00e1ndez<\/strong>, titular de la Secretar\u00eda de la Mujer;&nbsp;<strong>Jes\u00fas Antonio Esteva<\/strong>, secretario de Comunicaciones y Transportes;&nbsp;y&nbsp;<strong>Edna Vega<\/strong>, titular de la Secretar\u00eda de Desarrollo Agrario, Territorial y Urbano, entre otros funcionarios y legisladores.<\/p>\n","protected":false},"excerpt":{"rendered":"<p>Por Redacci\u00f3n QP La mandataria dijo que si no est\u00e1 preocupada es &#8220;gracias al pueblo&#8230;<\/p>\n","protected":false},"author":2,"featured_media":114481,"comment_status":"open","ping_status":"open","sticky":false,"template":"","format":"standard","meta":{"_monsterinsights_skip_tracking":false,"_monsterinsights_sitenote_active":false,"_monsterinsights_sitenote_note":"","_monsterinsights_sitenote_category":0,"footnotes":""},"categories":[280,2],"tags":[],"class_list":["post-114480","post","type-post","status-publish","format-standard","has-post-thumbnail","hentry","category-nacionales","category-noticias"],"yoast_head":"<!-- This site is optimized with the Yoast SEO plugin v27.3 - https:\/\/yoast.com\/product\/yoast-seo-wordpress\/ -->\n<title>\u201cYo no tengo preocupaci\u00f3n porque la econom\u00eda de M\u00e9xico est\u00e1 muy fuerte\u201d: Sheinbaum -<\/title>\n<meta name=\"robots\" content=\"index, follow, max-snippet:-1, max-image-preview:large, max-video-preview:-1\" \/>\n<link rel=\"canonical\" href=\"https:\/\/quehacerpolitico.mx\/?p=114480\" \/>\n<meta property=\"og:locale\" content=\"es_MX\" \/>\n<meta property=\"og:type\" content=\"article\" \/>\n<meta property=\"og:title\" content=\"\u201cYo no tengo preocupaci\u00f3n porque la econom\u00eda de M\u00e9xico est\u00e1 muy fuerte\u201d: Sheinbaum -\" \/>\n<meta property=\"og:description\" content=\"Por Redacci\u00f3n QP La mandataria dijo que si no est\u00e1 preocupada es &#8220;gracias al pueblo...\" \/>\n<meta property=\"og:url\" content=\"https:\/\/quehacerpolitico.mx\/?p=114480\" \/>\n<meta property=\"article:published_time\" content=\"2025-02-01T21:04:58+00:00\" \/>\n<meta property=\"article:modified_time\" content=\"2025-02-01T21:05:01+00:00\" \/>\n<meta property=\"og:image\" content=\"https:\/\/quehacerpolitico.mx\/wp-content\/uploads\/2025\/02\/IMG_0390.jpeg\" \/>\n\t<meta property=\"og:image:width\" content=\"1284\" \/>\n\t<meta property=\"og:image:height\" content=\"716\" \/>\n\t<meta property=\"og:image:type\" content=\"image\/jpeg\" \/>\n<meta name=\"author\" content=\"Redacci\u00f3n QP\" \/>\n<meta name=\"twitter:card\" content=\"summary_large_image\" \/>\n<meta name=\"twitter:label1\" content=\"Escrito por\" \/>\n\t<meta name=\"twitter:data1\" content=\"Redacci\u00f3n QP\" \/>\n\t<meta name=\"twitter:label2\" content=\"Tiempo de lectura\" \/>\n\t<meta name=\"twitter:data2\" content=\"3 minutos\" \/>\n<script type=\"application\/ld+json\" class=\"yoast-schema-graph\">{\"@context\":\"https:\\\/\\\/schema.org\",\"@graph\":[{\"@type\":\"Article\",\"@id\":\"https:\\\/\\\/quehacerpolitico.mx\\\/?p=114480#article\",\"isPartOf\":{\"@id\":\"https:\\\/\\\/quehacerpolitico.mx\\\/?p=114480\"},\"author\":{\"name\":\"Redacci\u00f3n QP\",\"@id\":\"https:\\\/\\\/quehacerpolitico.mx\\\/#\\\/schema\\\/person\\\/496d8ad2d1d3f8036101dca7ee39e585\"},\"headline\":\"\u201cYo no tengo preocupaci\u00f3n porque la econom\u00eda de M\u00e9xico est\u00e1 muy fuerte\u201d: Sheinbaum\",\"datePublished\":\"2025-02-01T21:04:58+00:00\",\"dateModified\":\"2025-02-01T21:05:01+00:00\",\"mainEntityOfPage\":{\"@id\":\"https:\\\/\\\/quehacerpolitico.mx\\\/?p=114480\"},\"wordCount\":551,\"commentCount\":0,\"image\":{\"@id\":\"https:\\\/\\\/quehacerpolitico.mx\\\/?p=114480#primaryimage\"},\"thumbnailUrl\":\"https:\\\/\\\/quehacerpolitico.mx\\\/wp-content\\\/uploads\\\/2025\\\/02\\\/IMG_0390.jpeg\",\"articleSection\":[\"Nacionales\",\"Noticias\"],\"inLanguage\":\"es\",\"potentialAction\":[{\"@type\":\"CommentAction\",\"name\":\"Comment\",\"target\":[\"https:\\\/\\\/quehacerpolitico.mx\\\/?p=114480#respond\"]}]},{\"@type\":\"WebPage\",\"@id\":\"https:\\\/\\\/quehacerpolitico.mx\\\/?p=114480\",\"url\":\"https:\\\/\\\/quehacerpolitico.mx\\\/?p=114480\",\"name\":\"\u201cYo no tengo preocupaci\u00f3n porque la econom\u00eda de M\u00e9xico est\u00e1 muy fuerte\u201d: Sheinbaum -\",\"isPartOf\":{\"@id\":\"https:\\\/\\\/quehacerpolitico.mx\\\/#website\"},\"primaryImageOfPage\":{\"@id\":\"https:\\\/\\\/quehacerpolitico.mx\\\/?p=114480#primaryimage\"},\"image\":{\"@id\":\"https:\\\/\\\/quehacerpolitico.mx\\\/?p=114480#primaryimage\"},\"thumbnailUrl\":\"https:\\\/\\\/quehacerpolitico.mx\\\/wp-content\\\/uploads\\\/2025\\\/02\\\/IMG_0390.jpeg\",\"datePublished\":\"2025-02-01T21:04:58+00:00\",\"dateModified\":\"2025-02-01T21:05:01+00:00\",\"author\":{\"@id\":\"https:\\\/\\\/quehacerpolitico.mx\\\/#\\\/schema\\\/person\\\/496d8ad2d1d3f8036101dca7ee39e585\"},\"breadcrumb\":{\"@id\":\"https:\\\/\\\/quehacerpolitico.mx\\\/?p=114480#breadcrumb\"},\"inLanguage\":\"es\",\"potentialAction\":[{\"@type\":\"ReadAction\",\"target\":[\"https:\\\/\\\/quehacerpolitico.mx\\\/?p=114480\"]}]},{\"@type\":\"ImageObject\",\"inLanguage\":\"es\",\"@id\":\"https:\\\/\\\/quehacerpolitico.mx\\\/?p=114480#primaryimage\",\"url\":\"https:\\\/\\\/quehacerpolitico.mx\\\/wp-content\\\/uploads\\\/2025\\\/02\\\/IMG_0390.jpeg\",\"contentUrl\":\"https:\\\/\\\/quehacerpolitico.mx\\\/wp-content\\\/uploads\\\/2025\\\/02\\\/IMG_0390.jpeg\",\"width\":1284,\"height\":716,\"caption\":\"Screenshot\"},{\"@type\":\"BreadcrumbList\",\"@id\":\"https:\\\/\\\/quehacerpolitico.mx\\\/?p=114480#breadcrumb\",\"itemListElement\":[{\"@type\":\"ListItem\",\"position\":1,\"name\":\"Inicio\",\"item\":\"https:\\\/\\\/quehacerpolitico.mx\\\/\"},{\"@type\":\"ListItem\",\"position\":2,\"name\":\"\u201cYo no tengo preocupaci\u00f3n porque la econom\u00eda de M\u00e9xico est\u00e1 muy fuerte\u201d: Sheinbaum\"}]},{\"@type\":\"WebSite\",\"@id\":\"https:\\\/\\\/quehacerpolitico.mx\\\/#website\",\"url\":\"https:\\\/\\\/quehacerpolitico.mx\\\/\",\"name\":\"\",\"description\":\"\",\"potentialAction\":[{\"@type\":\"SearchAction\",\"target\":{\"@type\":\"EntryPoint\",\"urlTemplate\":\"https:\\\/\\\/quehacerpolitico.mx\\\/?s={search_term_string}\"},\"query-input\":{\"@type\":\"PropertyValueSpecification\",\"valueRequired\":true,\"valueName\":\"search_term_string\"}}],\"inLanguage\":\"es\"},{\"@type\":\"Person\",\"@id\":\"https:\\\/\\\/quehacerpolitico.mx\\\/#\\\/schema\\\/person\\\/496d8ad2d1d3f8036101dca7ee39e585\",\"name\":\"Redacci\u00f3n QP\",\"image\":{\"@type\":\"ImageObject\",\"inLanguage\":\"es\",\"@id\":\"https:\\\/\\\/secure.gravatar.com\\\/avatar\\\/c7164ed6fdec453195284ad24a5ae5b6e1eed2b848477fa2a4787ba9adf39a41?s=96&d=mm&r=g\",\"url\":\"https:\\\/\\\/secure.gravatar.com\\\/avatar\\\/c7164ed6fdec453195284ad24a5ae5b6e1eed2b848477fa2a4787ba9adf39a41?s=96&d=mm&r=g\",\"contentUrl\":\"https:\\\/\\\/secure.gravatar.com\\\/avatar\\\/c7164ed6fdec453195284ad24a5ae5b6e1eed2b848477fa2a4787ba9adf39a41?s=96&d=mm&r=g\",\"caption\":\"Redacci\u00f3n QP\"},\"url\":\"https:\\\/\\\/quehacerpolitico.mx\\\/?author=2\"}]}<\/script>\n<!-- \/ Yoast SEO plugin. -->","yoast_head_json":{"title":"\u201cYo no tengo preocupaci\u00f3n porque la econom\u00eda de M\u00e9xico est\u00e1 muy fuerte\u201d: Sheinbaum -","robots":{"index":"index","follow":"follow","max-snippet":"max-snippet:-1","max-image-preview":"max-image-preview:large","max-video-preview":"max-video-preview:-1"},"canonical":"https:\/\/quehacerpolitico.mx\/?p=114480","og_locale":"es_MX","og_type":"article","og_title":"\u201cYo no tengo preocupaci\u00f3n porque la econom\u00eda de M\u00e9xico est\u00e1 muy fuerte\u201d: Sheinbaum -","og_description":"Por Redacci\u00f3n QP La mandataria dijo que si no est\u00e1 preocupada es &#8220;gracias al pueblo...","og_url":"https:\/\/quehacerpolitico.mx\/?p=114480","article_published_time":"2025-02-01T21:04:58+00:00","article_modified_time":"2025-02-01T21:05:01+00:00","og_image":[{"width":1284,"height":716,"url":"https:\/\/quehacerpolitico.mx\/wp-content\/uploads\/2025\/02\/IMG_0390.jpeg","type":"image\/jpeg"}],"author":"Redacci\u00f3n QP","twitter_card":"summary_large_image","twitter_misc":{"Escrito por":"Redacci\u00f3n QP","Tiempo de lectura":"3 minutos"},"schema":{"@context":"https:\/\/schema.org","@graph":[{"@type":"Article","@id":"https:\/\/quehacerpolitico.mx\/?p=114480#article","isPartOf":{"@id":"https:\/\/quehacerpolitico.mx\/?p=114480"},"author":{"name":"Redacci\u00f3n QP","@id":"https:\/\/quehacerpolitico.mx\/#\/schema\/person\/496d8ad2d1d3f8036101dca7ee39e585"},"headline":"\u201cYo no tengo preocupaci\u00f3n porque la econom\u00eda de M\u00e9xico est\u00e1 muy fuerte\u201d: Sheinbaum","datePublished":"2025-02-01T21:04:58+00:00","dateModified":"2025-02-01T21:05:01+00:00","mainEntityOfPage":{"@id":"https:\/\/quehacerpolitico.mx\/?p=114480"},"wordCount":551,"commentCount":0,"image":{"@id":"https:\/\/quehacerpolitico.mx\/?p=114480#primaryimage"},"thumbnailUrl":"https:\/\/quehacerpolitico.mx\/wp-content\/uploads\/2025\/02\/IMG_0390.jpeg","articleSection":["Nacionales","Noticias"],"inLanguage":"es","potentialAction":[{"@type":"CommentAction","name":"Comment","target":["https:\/\/quehacerpolitico.mx\/?p=114480#respond"]}]},{"@type":"WebPage","@id":"https:\/\/quehacerpolitico.mx\/?p=114480","url":"https:\/\/quehacerpolitico.mx\/?p=114480","name":"\u201cYo no tengo preocupaci\u00f3n porque la econom\u00eda de M\u00e9xico est\u00e1 muy fuerte\u201d: Sheinbaum -","isPartOf":{"@id":"https:\/\/quehacerpolitico.mx\/#website"},"primaryImageOfPage":{"@id":"https:\/\/quehacerpolitico.mx\/?p=114480#primaryimage"},"image":{"@id":"https:\/\/quehacerpolitico.mx\/?p=114480#primaryimage"},"thumbnailUrl":"https:\/\/quehacerpolitico.mx\/wp-content\/uploads\/2025\/02\/IMG_0390.jpeg","datePublished":"2025-02-01T21:04:58+00:00","dateModified":"2025-02-01T21:05:01+00:00","author":{"@id":"https:\/\/quehacerpolitico.mx\/#\/schema\/person\/496d8ad2d1d3f8036101dca7ee39e585"},"breadcrumb":{"@id":"https:\/\/quehacerpolitico.mx\/?p=114480#breadcrumb"},"inLanguage":"es","potentialAction":[{"@type":"ReadAction","target":["https:\/\/quehacerpolitico.mx\/?p=114480"]}]},{"@type":"ImageObject","inLanguage":"es","@id":"https:\/\/quehacerpolitico.mx\/?p=114480#primaryimage","url":"https:\/\/quehacerpolitico.mx\/wp-content\/uploads\/2025\/02\/IMG_0390.jpeg","contentUrl":"https:\/\/quehacerpolitico.mx\/wp-content\/uploads\/2025\/02\/IMG_0390.jpeg","width":1284,"height":716,"caption":"Screenshot"},{"@type":"BreadcrumbList","@id":"https:\/\/quehacerpolitico.mx\/?p=114480#breadcrumb","itemListElement":[{"@type":"ListItem","position":1,"name":"Inicio","item":"https:\/\/quehacerpolitico.mx\/"},{"@type":"ListItem","position":2,"name":"\u201cYo no tengo preocupaci\u00f3n porque la econom\u00eda de M\u00e9xico est\u00e1 muy fuerte\u201d: Sheinbaum"}]},{"@type":"WebSite","@id":"https:\/\/quehacerpolitico.mx\/#website","url":"https:\/\/quehacerpolitico.mx\/","name":"","description":"","potentialAction":[{"@type":"SearchAction","target":{"@type":"EntryPoint","urlTemplate":"https:\/\/quehacerpolitico.mx\/?s={search_term_string}"},"query-input":{"@type":"PropertyValueSpecification","valueRequired":true,"valueName":"search_term_string"}}],"inLanguage":"es"},{"@type":"Person","@id":"https:\/\/quehacerpolitico.mx\/#\/schema\/person\/496d8ad2d1d3f8036101dca7ee39e585","name":"Redacci\u00f3n QP","image":{"@type":"ImageObject","inLanguage":"es","@id":"https:\/\/secure.gravatar.com\/avatar\/c7164ed6fdec453195284ad24a5ae5b6e1eed2b848477fa2a4787ba9adf39a41?s=96&d=mm&r=g","url":"https:\/\/secure.gravatar.com\/avatar\/c7164ed6fdec453195284ad24a5ae5b6e1eed2b848477fa2a4787ba9adf39a41?s=96&d=mm&r=g","contentUrl":"https:\/\/secure.gravatar.com\/avatar\/c7164ed6fdec453195284ad24a5ae5b6e1eed2b848477fa2a4787ba9adf39a41?s=96&d=mm&r=g","caption":"Redacci\u00f3n QP"},"url":"https:\/\/quehacerpolitico.mx\/?author=2"}]}},"featured_image_urls":{"full":["https:\/\/quehacerpolitico.mx\/wp-content\/uploads\/2025\/02\/IMG_0390.jpeg",1284,716,false],"thumbnail":["https:\/\/quehacerpolitico.mx\/wp-content\/uploads\/2025\/02\/IMG_0390-150x150.jpeg",150,150,true],"medium":["https:\/\/quehacerpolitico.mx\/wp-content\/uploads\/2025\/02\/IMG_0390-300x167.jpeg",300,167,true],"medium_large":["https:\/\/quehacerpolitico.mx\/wp-content\/uploads\/2025\/02\/IMG_0390-768x428.jpeg",640,357,true],"large":["https:\/\/quehacerpolitico.mx\/wp-content\/uploads\/2025\/02\/IMG_0390-1024x571.jpeg",640,357,true],"1536x1536":["https:\/\/quehacerpolitico.mx\/wp-content\/uploads\/2025\/02\/IMG_0390.jpeg",1284,716,false],"2048x2048":["https:\/\/quehacerpolitico.mx\/wp-content\/uploads\/2025\/02\/IMG_0390.jpeg",1284,716,false],"covernews-featured":["https:\/\/quehacerpolitico.mx\/wp-content\/uploads\/2025\/02\/IMG_0390-1024x571.jpeg",1024,571,true],"covernews-medium":["https:\/\/quehacerpolitico.mx\/wp-content\/uploads\/2025\/02\/IMG_0390-540x340.jpeg",540,340,true]},"author_info":{"display_name":"Redacci\u00f3n QP","author_link":"https:\/\/quehacerpolitico.mx\/?author=2"},"category_info":"<a href=\"https:\/\/quehacerpolitico.mx\/?cat=280\" rel=\"category\">Nacionales<\/a> <a href=\"https:\/\/quehacerpolitico.mx\/?cat=2\" rel=\"category\">Noticias<\/a>","tag_info":"Noticias","comment_count":"0","_links":{"self":[{"href":"https:\/\/quehacerpolitico.mx\/index.php?rest_route=\/wp\/v2\/posts\/114480","targetHints":{"allow":["GET"]}}],"collection":[{"href":"https:\/\/quehacerpolitico.mx\/index.php?rest_route=\/wp\/v2\/posts"}],"about":[{"href":"https:\/\/quehacerpolitico.mx\/index.php?rest_route=\/wp\/v2\/types\/post"}],"author":[{"embeddable":true,"href":"https:\/\/quehacerpolitico.mx\/index.php?rest_route=\/wp\/v2\/users\/2"}],"replies":[{"embeddable":true,"href":"https:\/\/quehacerpolitico.mx\/index.php?rest_route=%2Fwp%2Fv2%2Fcomments&post=114480"}],"version-history":[{"count":1,"href":"https:\/\/quehacerpolitico.mx\/index.php?rest_route=\/wp\/v2\/posts\/114480\/revisions"}],"predecessor-version":[{"id":114482,"href":"https:\/\/quehacerpolitico.mx\/index.php?rest_route=\/wp\/v2\/posts\/114480\/revisions\/114482"}],"wp:featuredmedia":[{"embeddable":true,"href":"https:\/\/quehacerpolitico.mx\/index.php?rest_route=\/wp\/v2\/media\/114481"}],"wp:attachment":[{"href":"https:\/\/quehacerpolitico.mx\/index.php?rest_route=%2Fwp%2Fv2%2Fmedia&parent=114480"}],"wp:term":[{"taxonomy":"category","embeddable":true,"href":"https:\/\/quehacerpolitico.mx\/index.php?rest_route=%2Fwp%2Fv2%2Fcategories&post=114480"},{"taxonomy":"post_tag","embeddable":true,"href":"https:\/\/quehacerpolitico.mx\/index.php?rest_route=%2Fwp%2Fv2%2Ftags&post=114480"}],"curies":[{"name":"wp","href":"https:\/\/api.w.org\/{rel}","templated":true}]}}