{"id":11446,"date":"2018-12-12T04:18:41","date_gmt":"2018-12-12T04:18:41","guid":{"rendered":"http:\/\/quehacerpolitico.mx\/en-punto-nancy-herrera-guerrero-nestor-nunez-encabezo-la-instalacion-del-consejo-para-la-igualdad-sustantiva-de-la-alcaldia-cuauhtemoc\/"},"modified":"2018-12-12T04:18:41","modified_gmt":"2018-12-12T04:18:41","slug":"en-punto-nancy-herrera-guerrero-nestor-nunez-encabezo-la-instalacion-del-consejo-para-la-igualdad-sustantiva-de-la-alcaldia-cuauhtemoc","status":"publish","type":"post","link":"https:\/\/quehacerpolitico.mx\/?p=11446","title":{"rendered":"En Punto\/\/\/Nancy Herrera Guerrero\/\/\/N\u00e9stor N\u00fa\u00f1ez encabez\u00f3 la instalaci\u00f3n del Consejo para la Igualdad Sustantiva de la Alcald\u00eda Cuauht\u00e9moc"},"content":{"rendered":"<p><span class=\"s2\"><span class=\"bumpedFont15\">N\u00e9stor N\u00fa\u00f1ez encabez\u00f3 la instalaci\u00f3n d<\/span><\/span><span class=\"s2\"><span class=\"bumpedFont15\">el Consejo para la Igualdad Sustantiva de la <\/span><\/span><span class=\"s2\"><span class=\"bumpedFont15\">A<\/span><\/span><span class=\"s2\"><span class=\"bumpedFont15\">lcald\u00eda Cuauht\u00e9moc<\/span><\/span><\/p>\n<p>Por Nancy Herrera Guerrero<\/p>\n<div class=\"s7\"><span class=\"s5\">\u2022 <\/span><span class=\"s6\"><span class=\"bumpedFont15\">Se constituye el Consejo, con <\/span><\/span><span class=\"s6\"><span class=\"bumpedFont15\">\u201c<\/span><\/span><span class=\"s6\"><span class=\"bumpedFont15\">s<\/span><\/span><span class=\"s6\"><span class=\"bumpedFont15\">\u201d<\/span><\/span><span class=\"s6\"><span class=\"bumpedFont15\">, porque busca asesorar y trabajar de forma <\/span><\/span><span class=\"s6\"><span class=\"bumpedFont15\">interdisciplinada<\/span><\/span><span class=\"s6\"><span class=\"bumpedFont15\"> y coordinada<\/span><\/span><\/div>\n<div class=\"s7\"><span class=\"s5\">\u2022 <\/span><span class=\"s6\"><span class=\"bumpedFont15\">La concejal, Ana Villagr\u00e1n, presidir\u00e1 el Consejo<\/span><\/span><\/div>\n<p class=\"s8\"><span class=\"s6\"><span class=\"bumpedFont15\">Con el objetivo de i<\/span><\/span><span class=\"s6\"><span class=\"bumpedFont15\">nstitucionalizar la perspectiva de g\u00e9nero <\/span><\/span><span class=\"s6\"><span class=\"bumpedFont15\">para aplicarla en las pol\u00edticas y programas de la ciudadan\u00eda, as\u00ed como para <\/span><\/span><span class=\"s6\"><span class=\"bumpedFont15\">eliminar los patrones de disc<\/span><\/span><span class=\"s6\"><span class=\"bumpedFont15\">riminaci\u00f3n<\/span><\/span><span class=\"s6\"><span class=\"bumpedFont15\"> al interior de la administraci\u00f3n de la <\/span><\/span><span class=\"s6\"><span class=\"bumpedFont15\">A<\/span><\/span><span class=\"s6\"><span class=\"bumpedFont15\">lcald\u00eda<\/span><\/span><span class=\"s6\"><span class=\"bumpedFont15\">, este d\u00eda fue constituido el Consejo <\/span><\/span><span class=\"s6\"><span class=\"bumpedFont15\">para la Igualdad Sustantiva de<\/span><\/span><span class=\"s6\"><span class=\"bumpedFont15\"> Cuauht\u00e9moc<\/span><\/span><span class=\"s6\"><span class=\"bumpedFont15\">, en un acto encabezado por N\u00e9stor N\u00fa\u00f1ez L\u00f3pez<\/span><\/span><span class=\"s6\"><span class=\"bumpedFont15\">.<\/span><\/span><\/p>\n<p class=\"s8\"><span class=\"s6\"><span class=\"bumpedFont15\">\u201c<\/span><\/span><span class=\"s6\"><span class=\"bumpedFont15\">Se constituye el Consejo<\/span><\/span><span class=\"s6\"><span class=\"bumpedFont15\">,<\/span><\/span><span class=\"s6\"><span class=\"bumpedFont15\"> con <\/span><\/span><span class=\"s6\"><span class=\"bumpedFont15\">\u201c<\/span><\/span><span class=\"s6\"><span class=\"bumpedFont15\">s<\/span><\/span><span class=\"s6\"><span class=\"bumpedFont15\">\u201d<\/span><\/span><span class=\"s6\"><span class=\"bumpedFont15\">,<\/span><\/span><span class=\"s6\"><span class=\"bumpedFont15\"> porque busca asesorar y trabajar de una forma <\/span><\/span><span class=\"s6\"><span class=\"bumpedFont15\">interdisciplinada<\/span><\/span><span class=\"s6\"><span class=\"bumpedFont15\"> y coordinada entre las distintas \u00e1reas para cumplir la labor de funci\u00f3n de transversalizaci\u00f3n<\/span><\/span><span class=\"s6\"><span class=\"bumpedFont15\">\u201d, indic\u00f3 <\/span><\/span><span class=\"s6\"><span class=\"bumpedFont15\">Roxa<\/span><\/span><span class=\"s6\"><span class=\"bumpedFont15\">na <\/span><\/span><span class=\"s6\"><span class=\"bumpedFont15\">Lecay<\/span><\/span><span class=\"s6\"><span class=\"bumpedFont15\">, titular de la Jefatura de Unidad Departamental de Equidad y G\u00e9nero de la alcald\u00eda.<\/span><\/span><\/p>\n<p class=\"s8\"><span class=\"s6\"><span class=\"bumpedFont15\">La instalaci\u00f3n del Consejo fue declarada por N\u00e9stor N\u00fa\u00f1ez L\u00f3pez, titular en Cuauht\u00e9moc, quien dijo que la unidad mencionada est\u00e1 adscrita directamente a la <\/span><\/span><span class=\"s6\"><span class=\"bumpedFont15\">A<\/span><\/span><span class=\"s6\"><span class=\"bumpedFont15\">lcald\u00eda para que pueda influir a fin de que todas las pol\u00edticas incluyan la perspectiva de g\u00e9nero. <\/span><\/span><\/p>\n<p class=\"s8\"><span class=\"s6\"><span class=\"bumpedFont15\">\u201cReconocemos una problem\u00e1tica muy grande y complicada, no podemos negar la circunstancia e<\/span><\/span><span class=\"s6\"><span class=\"bumpedFont15\">n<\/span><\/span><span class=\"s6\"><span class=\"bumpedFont15\"> la que nos encontramos\u201d, subray\u00f3 el <\/span><\/span><span class=\"s6\"><span class=\"bumpedFont15\">A<\/span><\/span><span class=\"s6\"><span class=\"bumpedFont15\">lcalde<\/span><\/span><span class=\"s6\"><span class=\"bumpedFont15\">.<\/span><\/span><\/p>\n<p class=\"s8\"><span class=\"s6\"><span class=\"bumpedFont15\">Ser\u00e1 la concejal <\/span><\/span><span class=\"s6\"><span class=\"bumpedFont15\">Ana Villagr\u00e1n,<\/span><\/span><span class=\"s6\"><span class=\"bumpedFont15\"> quien presida <\/span><\/span><span class=\"s6\"><span class=\"bumpedFont15\">el Consejo de Equidad Sustantiva y G\u00e9nero de la Alcald\u00eda<\/span><\/span><span class=\"s6\"><span class=\"bumpedFont15\">; mencion\u00f3 en su participaci\u00f3n que<\/span><\/span><span class=\"s6\"><span class=\"bumpedFont15\">,<\/span><\/span><span class=\"s6\"><span class=\"bumpedFont15\"> desde el C<\/span><\/span><span class=\"s6\"><span class=\"bumpedFont15\">onsejo <\/span><\/span><span class=\"s6\"><span class=\"bumpedFont15\">instalado este d\u00eda <\/span><\/span><span class=\"s6\"><span class=\"bumpedFont15\">se buscar\u00e1 una s<\/span><\/span><span class=\"s6\"><span class=\"bumpedFont15\">ociedad para todas y para todos, adem\u00e1s de que <\/span><\/span><span class=\"s6\"><span class=\"bumpedFont15\">trabajar\u00e1 en <\/span><\/span><span class=\"s6\"><span class=\"bumpedFont15\">combatir el miedo de las victimas e<\/span><\/span> <span class=\"s6\"><span class=\"bumpedFont15\">i<\/span><\/span><span class=\"s6\"><span class=\"bumpedFont15\">mpulsar la denuncia.<\/span><\/span><\/p>\n<p class=\"s8\"><span class=\"s6\"><span class=\"bumpedFont15\">Roxana <\/span><\/span><span class=\"s6\"><span class=\"bumpedFont15\">Lecay<\/span><\/span><span class=\"s6\"><span class=\"bumpedFont15\"> dijo que el Consejo se encuentra <\/span><\/span><span class=\"s6\"><span class=\"bumpedFont15\">integrado por los consejeros de las \u00e1reas sustantivas de la <\/span><\/span><span class=\"s6\"><span class=\"bumpedFont15\">A<\/span><\/span><span class=\"s6\"><span class=\"bumpedFont15\">lcald\u00eda, <\/span><\/span><span class=\"s6\"><span class=\"bumpedFont15\">funcionarios del <\/span><\/span><span class=\"s6\"><span class=\"bumpedFont15\">\u00e1rea jur\u00eddica y de servicios a la comunidad, as\u00ed como <\/span><\/span><span class=\"s6\"><span class=\"bumpedFont15\">de <\/span><\/span><span class=\"s6\"><span class=\"bumpedFont15\">los concejales, representantes de la sociedad<\/span><\/span><span class=\"s6\"><span class=\"bumpedFont15\"> civil,<\/span><\/span><span class=\"s6\"><span class=\"bumpedFont15\"> y<\/span><\/span><a name=\"_GoBack\"><\/a><span class=\"s6\"><span class=\"bumpedFont15\"> la Secretar\u00eda de las M<\/span><\/span><span class=\"s6\"><span class=\"bumpedFont15\">ujeres, <\/span><\/span><span class=\"s6\"><span class=\"bumpedFont15\">adem\u00e1s de que se <\/span><\/span><span class=\"s6\"><span class=\"bumpedFont15\">espera contar con una rep<\/span><\/span><span class=\"s6\"><span class=\"bumpedFont15\">resentaci\u00f3n<\/span><\/span><span class=\"s6\"><span class=\"bumpedFont15\"> de los <\/span><\/span><span class=\"s6\"><span class=\"bumpedFont15\">Derechos Humanos de la Ciudad de M\u00e9xico.<\/span><\/span><\/p>\n<p class=\"s8\"><span class=\"s6\"><span class=\"bumpedFont15\">Asistieron a la instalaci\u00f3n del Consejo para la Igualdad Sustantiva de la alcald\u00eda Cuauht\u00e9moc, los d<\/span><\/span><span class=\"s6\"><span class=\"bumpedFont15\">iputados locales, Jos\u00e9 Luis Rodr\u00edguez de Le\u00f3n y <\/span><\/span><span class=\"s6\"><span class=\"bumpedFont15\">Tem\u00edstocles<\/span><\/span><span class=\"s6\"><span class=\"bumpedFont15\">Villanueva, que adem\u00e1s forman parte de la Comisi\u00f3n de Igualdad de G\u00e9nero en el Congreso de la Ciudad de M\u00e9xico.<\/span><\/span><\/p>\n","protected":false},"excerpt":{"rendered":"<p>N\u00e9stor N\u00fa\u00f1ez encabez\u00f3 la instalaci\u00f3n del Consejo para la Igualdad Sustantiva de la Alcald\u00eda Cuauht\u00e9moc<br \/>\nPor Nancy Herrera Guerrero<\/p>\n","protected":false},"author":2,"featured_media":11445,"comment_status":"open","ping_status":"open","sticky":false,"template":"","format":"standard","meta":{"_monsterinsights_skip_tracking":false,"_monsterinsights_sitenote_active":false,"_monsterinsights_sitenote_note":"","_monsterinsights_sitenote_category":0,"footnotes":""},"categories":[55],"tags":[],"class_list":["post-11446","post","type-post","status-publish","format-standard","has-post-thumbnail","hentry","category-cdmx"],"yoast_head":"<!-- This site is optimized with the Yoast SEO plugin v27.3 - https:\/\/yoast.com\/product\/yoast-seo-wordpress\/ -->\n<title>En Punto\/\/\/Nancy Herrera Guerrero\/\/\/N\u00e9stor N\u00fa\u00f1ez encabez\u00f3 la instalaci\u00f3n del Consejo para la Igualdad Sustantiva de la Alcald\u00eda Cuauht\u00e9moc -<\/title>\n<meta name=\"robots\" content=\"index, follow, max-snippet:-1, max-image-preview:large, max-video-preview:-1\" \/>\n<link rel=\"canonical\" href=\"https:\/\/quehacerpolitico.mx\/?p=11446\" \/>\n<meta property=\"og:locale\" content=\"es_MX\" \/>\n<meta property=\"og:type\" content=\"article\" \/>\n<meta property=\"og:title\" content=\"En Punto\/\/\/Nancy Herrera Guerrero\/\/\/N\u00e9stor N\u00fa\u00f1ez encabez\u00f3 la instalaci\u00f3n del Consejo para la Igualdad Sustantiva de la Alcald\u00eda Cuauht\u00e9moc -\" \/>\n<meta property=\"og:description\" content=\"N\u00e9stor N\u00fa\u00f1ez encabez\u00f3 la instalaci\u00f3n del Consejo para la Igualdad Sustantiva de la Alcald\u00eda Cuauht\u00e9moc Por Nancy Herrera Guerrero\" \/>\n<meta property=\"og:url\" content=\"https:\/\/quehacerpolitico.mx\/?p=11446\" \/>\n<meta property=\"article:published_time\" content=\"2018-12-12T04:18:41+00:00\" \/>\n<meta name=\"author\" content=\"Redacci\u00f3n QP\" \/>\n<meta name=\"twitter:card\" content=\"summary_large_image\" \/>\n<meta name=\"twitter:label1\" content=\"Escrito por\" \/>\n\t<meta name=\"twitter:data1\" content=\"Redacci\u00f3n QP\" \/>\n\t<meta name=\"twitter:label2\" content=\"Tiempo de lectura\" \/>\n\t<meta name=\"twitter:data2\" content=\"2 minutos\" \/>\n<script type=\"application\/ld+json\" class=\"yoast-schema-graph\">{\"@context\":\"https:\\\/\\\/schema.org\",\"@graph\":[{\"@type\":\"Article\",\"@id\":\"https:\\\/\\\/quehacerpolitico.mx\\\/?p=11446#article\",\"isPartOf\":{\"@id\":\"https:\\\/\\\/quehacerpolitico.mx\\\/?p=11446\"},\"author\":{\"name\":\"Redacci\u00f3n QP\",\"@id\":\"https:\\\/\\\/quehacerpolitico.mx\\\/#\\\/schema\\\/person\\\/496d8ad2d1d3f8036101dca7ee39e585\"},\"headline\":\"En Punto\\\/\\\/\\\/Nancy Herrera Guerrero\\\/\\\/\\\/N\u00e9stor N\u00fa\u00f1ez encabez\u00f3 la instalaci\u00f3n del Consejo para la Igualdad Sustantiva de la Alcald\u00eda Cuauht\u00e9moc\",\"datePublished\":\"2018-12-12T04:18:41+00:00\",\"mainEntityOfPage\":{\"@id\":\"https:\\\/\\\/quehacerpolitico.mx\\\/?p=11446\"},\"wordCount\":456,\"commentCount\":0,\"image\":{\"@id\":\"https:\\\/\\\/quehacerpolitico.mx\\\/?p=11446#primaryimage\"},\"thumbnailUrl\":\"\",\"articleSection\":[\"CDMX\"],\"inLanguage\":\"es\",\"potentialAction\":[{\"@type\":\"CommentAction\",\"name\":\"Comment\",\"target\":[\"https:\\\/\\\/quehacerpolitico.mx\\\/?p=11446#respond\"]}]},{\"@type\":\"WebPage\",\"@id\":\"https:\\\/\\\/quehacerpolitico.mx\\\/?p=11446\",\"url\":\"https:\\\/\\\/quehacerpolitico.mx\\\/?p=11446\",\"name\":\"En Punto\\\/\\\/\\\/Nancy Herrera Guerrero\\\/\\\/\\\/N\u00e9stor N\u00fa\u00f1ez encabez\u00f3 la instalaci\u00f3n del Consejo para la Igualdad Sustantiva de la Alcald\u00eda Cuauht\u00e9moc -\",\"isPartOf\":{\"@id\":\"https:\\\/\\\/quehacerpolitico.mx\\\/#website\"},\"primaryImageOfPage\":{\"@id\":\"https:\\\/\\\/quehacerpolitico.mx\\\/?p=11446#primaryimage\"},\"image\":{\"@id\":\"https:\\\/\\\/quehacerpolitico.mx\\\/?p=11446#primaryimage\"},\"thumbnailUrl\":\"\",\"datePublished\":\"2018-12-12T04:18:41+00:00\",\"author\":{\"@id\":\"https:\\\/\\\/quehacerpolitico.mx\\\/#\\\/schema\\\/person\\\/496d8ad2d1d3f8036101dca7ee39e585\"},\"breadcrumb\":{\"@id\":\"https:\\\/\\\/quehacerpolitico.mx\\\/?p=11446#breadcrumb\"},\"inLanguage\":\"es\",\"potentialAction\":[{\"@type\":\"ReadAction\",\"target\":[\"https:\\\/\\\/quehacerpolitico.mx\\\/?p=11446\"]}]},{\"@type\":\"ImageObject\",\"inLanguage\":\"es\",\"@id\":\"https:\\\/\\\/quehacerpolitico.mx\\\/?p=11446#primaryimage\",\"url\":\"\",\"contentUrl\":\"\"},{\"@type\":\"BreadcrumbList\",\"@id\":\"https:\\\/\\\/quehacerpolitico.mx\\\/?p=11446#breadcrumb\",\"itemListElement\":[{\"@type\":\"ListItem\",\"position\":1,\"name\":\"Inicio\",\"item\":\"https:\\\/\\\/quehacerpolitico.mx\\\/\"},{\"@type\":\"ListItem\",\"position\":2,\"name\":\"En Punto\\\/\\\/\\\/Nancy Herrera Guerrero\\\/\\\/\\\/N\u00e9stor N\u00fa\u00f1ez encabez\u00f3 la instalaci\u00f3n del Consejo para la Igualdad Sustantiva de la Alcald\u00eda Cuauht\u00e9moc\"}]},{\"@type\":\"WebSite\",\"@id\":\"https:\\\/\\\/quehacerpolitico.mx\\\/#website\",\"url\":\"https:\\\/\\\/quehacerpolitico.mx\\\/\",\"name\":\"\",\"description\":\"\",\"potentialAction\":[{\"@type\":\"SearchAction\",\"target\":{\"@type\":\"EntryPoint\",\"urlTemplate\":\"https:\\\/\\\/quehacerpolitico.mx\\\/?s={search_term_string}\"},\"query-input\":{\"@type\":\"PropertyValueSpecification\",\"valueRequired\":true,\"valueName\":\"search_term_string\"}}],\"inLanguage\":\"es\"},{\"@type\":\"Person\",\"@id\":\"https:\\\/\\\/quehacerpolitico.mx\\\/#\\\/schema\\\/person\\\/496d8ad2d1d3f8036101dca7ee39e585\",\"name\":\"Redacci\u00f3n QP\",\"image\":{\"@type\":\"ImageObject\",\"inLanguage\":\"es\",\"@id\":\"https:\\\/\\\/secure.gravatar.com\\\/avatar\\\/c7164ed6fdec453195284ad24a5ae5b6e1eed2b848477fa2a4787ba9adf39a41?s=96&d=mm&r=g\",\"url\":\"https:\\\/\\\/secure.gravatar.com\\\/avatar\\\/c7164ed6fdec453195284ad24a5ae5b6e1eed2b848477fa2a4787ba9adf39a41?s=96&d=mm&r=g\",\"contentUrl\":\"https:\\\/\\\/secure.gravatar.com\\\/avatar\\\/c7164ed6fdec453195284ad24a5ae5b6e1eed2b848477fa2a4787ba9adf39a41?s=96&d=mm&r=g\",\"caption\":\"Redacci\u00f3n QP\"},\"url\":\"https:\\\/\\\/quehacerpolitico.mx\\\/?author=2\"}]}<\/script>\n<!-- \/ Yoast SEO plugin. -->","yoast_head_json":{"title":"En Punto\/\/\/Nancy Herrera Guerrero\/\/\/N\u00e9stor N\u00fa\u00f1ez encabez\u00f3 la instalaci\u00f3n del Consejo para la Igualdad Sustantiva de la Alcald\u00eda Cuauht\u00e9moc -","robots":{"index":"index","follow":"follow","max-snippet":"max-snippet:-1","max-image-preview":"max-image-preview:large","max-video-preview":"max-video-preview:-1"},"canonical":"https:\/\/quehacerpolitico.mx\/?p=11446","og_locale":"es_MX","og_type":"article","og_title":"En Punto\/\/\/Nancy Herrera Guerrero\/\/\/N\u00e9stor N\u00fa\u00f1ez encabez\u00f3 la instalaci\u00f3n del Consejo para la Igualdad Sustantiva de la Alcald\u00eda Cuauht\u00e9moc -","og_description":"N\u00e9stor N\u00fa\u00f1ez encabez\u00f3 la instalaci\u00f3n del Consejo para la Igualdad Sustantiva de la Alcald\u00eda Cuauht\u00e9moc Por Nancy Herrera Guerrero","og_url":"https:\/\/quehacerpolitico.mx\/?p=11446","article_published_time":"2018-12-12T04:18:41+00:00","author":"Redacci\u00f3n QP","twitter_card":"summary_large_image","twitter_misc":{"Escrito por":"Redacci\u00f3n QP","Tiempo de lectura":"2 minutos"},"schema":{"@context":"https:\/\/schema.org","@graph":[{"@type":"Article","@id":"https:\/\/quehacerpolitico.mx\/?p=11446#article","isPartOf":{"@id":"https:\/\/quehacerpolitico.mx\/?p=11446"},"author":{"name":"Redacci\u00f3n QP","@id":"https:\/\/quehacerpolitico.mx\/#\/schema\/person\/496d8ad2d1d3f8036101dca7ee39e585"},"headline":"En Punto\/\/\/Nancy Herrera Guerrero\/\/\/N\u00e9stor N\u00fa\u00f1ez encabez\u00f3 la instalaci\u00f3n del Consejo para la Igualdad Sustantiva de la Alcald\u00eda Cuauht\u00e9moc","datePublished":"2018-12-12T04:18:41+00:00","mainEntityOfPage":{"@id":"https:\/\/quehacerpolitico.mx\/?p=11446"},"wordCount":456,"commentCount":0,"image":{"@id":"https:\/\/quehacerpolitico.mx\/?p=11446#primaryimage"},"thumbnailUrl":"","articleSection":["CDMX"],"inLanguage":"es","potentialAction":[{"@type":"CommentAction","name":"Comment","target":["https:\/\/quehacerpolitico.mx\/?p=11446#respond"]}]},{"@type":"WebPage","@id":"https:\/\/quehacerpolitico.mx\/?p=11446","url":"https:\/\/quehacerpolitico.mx\/?p=11446","name":"En Punto\/\/\/Nancy Herrera Guerrero\/\/\/N\u00e9stor N\u00fa\u00f1ez encabez\u00f3 la instalaci\u00f3n del Consejo para la Igualdad Sustantiva de la Alcald\u00eda Cuauht\u00e9moc -","isPartOf":{"@id":"https:\/\/quehacerpolitico.mx\/#website"},"primaryImageOfPage":{"@id":"https:\/\/quehacerpolitico.mx\/?p=11446#primaryimage"},"image":{"@id":"https:\/\/quehacerpolitico.mx\/?p=11446#primaryimage"},"thumbnailUrl":"","datePublished":"2018-12-12T04:18:41+00:00","author":{"@id":"https:\/\/quehacerpolitico.mx\/#\/schema\/person\/496d8ad2d1d3f8036101dca7ee39e585"},"breadcrumb":{"@id":"https:\/\/quehacerpolitico.mx\/?p=11446#breadcrumb"},"inLanguage":"es","potentialAction":[{"@type":"ReadAction","target":["https:\/\/quehacerpolitico.mx\/?p=11446"]}]},{"@type":"ImageObject","inLanguage":"es","@id":"https:\/\/quehacerpolitico.mx\/?p=11446#primaryimage","url":"","contentUrl":""},{"@type":"BreadcrumbList","@id":"https:\/\/quehacerpolitico.mx\/?p=11446#breadcrumb","itemListElement":[{"@type":"ListItem","position":1,"name":"Inicio","item":"https:\/\/quehacerpolitico.mx\/"},{"@type":"ListItem","position":2,"name":"En Punto\/\/\/Nancy Herrera Guerrero\/\/\/N\u00e9stor N\u00fa\u00f1ez encabez\u00f3 la instalaci\u00f3n del Consejo para la Igualdad Sustantiva de la Alcald\u00eda Cuauht\u00e9moc"}]},{"@type":"WebSite","@id":"https:\/\/quehacerpolitico.mx\/#website","url":"https:\/\/quehacerpolitico.mx\/","name":"","description":"","potentialAction":[{"@type":"SearchAction","target":{"@type":"EntryPoint","urlTemplate":"https:\/\/quehacerpolitico.mx\/?s={search_term_string}"},"query-input":{"@type":"PropertyValueSpecification","valueRequired":true,"valueName":"search_term_string"}}],"inLanguage":"es"},{"@type":"Person","@id":"https:\/\/quehacerpolitico.mx\/#\/schema\/person\/496d8ad2d1d3f8036101dca7ee39e585","name":"Redacci\u00f3n QP","image":{"@type":"ImageObject","inLanguage":"es","@id":"https:\/\/secure.gravatar.com\/avatar\/c7164ed6fdec453195284ad24a5ae5b6e1eed2b848477fa2a4787ba9adf39a41?s=96&d=mm&r=g","url":"https:\/\/secure.gravatar.com\/avatar\/c7164ed6fdec453195284ad24a5ae5b6e1eed2b848477fa2a4787ba9adf39a41?s=96&d=mm&r=g","contentUrl":"https:\/\/secure.gravatar.com\/avatar\/c7164ed6fdec453195284ad24a5ae5b6e1eed2b848477fa2a4787ba9adf39a41?s=96&d=mm&r=g","caption":"Redacci\u00f3n QP"},"url":"https:\/\/quehacerpolitico.mx\/?author=2"}]}},"featured_image_urls":{"full":"","thumbnail":"","medium":"","medium_large":"","large":"","1536x1536":"","2048x2048":"","covernews-featured":"","covernews-medium":""},"author_info":{"display_name":"Redacci\u00f3n QP","author_link":"https:\/\/quehacerpolitico.mx\/?author=2"},"category_info":"<a href=\"https:\/\/quehacerpolitico.mx\/?cat=55\" rel=\"category\">CDMX<\/a>","tag_info":"CDMX","comment_count":"0","_links":{"self":[{"href":"https:\/\/quehacerpolitico.mx\/index.php?rest_route=\/wp\/v2\/posts\/11446","targetHints":{"allow":["GET"]}}],"collection":[{"href":"https:\/\/quehacerpolitico.mx\/index.php?rest_route=\/wp\/v2\/posts"}],"about":[{"href":"https:\/\/quehacerpolitico.mx\/index.php?rest_route=\/wp\/v2\/types\/post"}],"author":[{"embeddable":true,"href":"https:\/\/quehacerpolitico.mx\/index.php?rest_route=\/wp\/v2\/users\/2"}],"replies":[{"embeddable":true,"href":"https:\/\/quehacerpolitico.mx\/index.php?rest_route=%2Fwp%2Fv2%2Fcomments&post=11446"}],"version-history":[{"count":0,"href":"https:\/\/quehacerpolitico.mx\/index.php?rest_route=\/wp\/v2\/posts\/11446\/revisions"}],"wp:featuredmedia":[{"embeddable":true,"href":"https:\/\/quehacerpolitico.mx\/index.php?rest_route=\/"}],"wp:attachment":[{"href":"https:\/\/quehacerpolitico.mx\/index.php?rest_route=%2Fwp%2Fv2%2Fmedia&parent=11446"}],"wp:term":[{"taxonomy":"category","embeddable":true,"href":"https:\/\/quehacerpolitico.mx\/index.php?rest_route=%2Fwp%2Fv2%2Fcategories&post=11446"},{"taxonomy":"post_tag","embeddable":true,"href":"https:\/\/quehacerpolitico.mx\/index.php?rest_route=%2Fwp%2Fv2%2Ftags&post=11446"}],"curies":[{"name":"wp","href":"https:\/\/api.w.org\/{rel}","templated":true}]}}