{"id":11444,"date":"2018-12-12T04:11:30","date_gmt":"2018-12-12T04:11:30","guid":{"rendered":"http:\/\/quehacerpolitico.mx\/con-341-votos-a-favor-la-camara-de-diputados-avala-en-lo-general-la-ley-de-la-fiscalia-general\/"},"modified":"2018-12-12T04:11:30","modified_gmt":"2018-12-12T04:11:30","slug":"con-341-votos-a-favor-la-camara-de-diputados-avala-en-lo-general-la-ley-de-la-fiscalia-general","status":"publish","type":"post","link":"https:\/\/quehacerpolitico.mx\/?p=11444","title":{"rendered":"Con 341 votos a favor, la C\u00e1mara de Diputados avala en lo general la Ley de la Fiscal\u00eda General"},"content":{"rendered":"<h1>Con 341 votos a favor, la C\u00e1mara de Diputados avala en lo general la Ley de la Fiscal\u00eda General<\/h1>\n<p>Por Redacci\u00f3n QP<\/p>\n<p>La <strong>Ley de la Fiscal\u00eda General<\/strong>fue aprobada en los general por la <strong>C\u00e1mara de Diputados<\/strong>, a pesar de las cr\u00edticas <strong>por no borrar la dependencia<\/strong> que tiene el Fiscal del Poder Ejecutivo.<\/p>\n<blockquote>\n<p>De acuerdo con informaci\u00f3n de medios nacionales, 341 diputados votaron a<strong> favor de la Ley<\/strong>, 119 en contra y uno se abstuvo.<\/p>\n<\/blockquote>\n<p class=\"p1\">El colectivo #Fiscal\u00edaQueSirve, integrado por m\u00e1s de 200 organizaciones civiles y personas en los individual, reiter\u00f3 hoy que la transformaci\u00f3n de la Procuradur\u00eda General de la Rep\u00fablica (PGR) a Fiscal\u00eda General de Rep\u00fablica es una oportunidad que no debe dejar escapar el Gobierno de Andr\u00e9s Manuel L\u00f3pez Obrador.<\/p>\n<p>\u00bfPor qu\u00e9 M\u00e9xico necesita una <strong>Fiscal\u00eda que sirva<\/strong>? Alejandro <strong>Gonz\u00e1lez I\u00f1\u00e1rritu<\/strong>, cineasta mexicano, lo explic\u00f3 en un video que circula en redes sociales.<\/p>\n<p><strong>Comisi\u00f3n Mexicana de Defensa y Promoci\u00f3n de los Derechos Humanos<\/strong> present\u00f3 el corto titulado\u00a0<span class=\"s1\">Arriba el tel\u00f3n, narrado por Alejandro\u00a0Gonz\u00e1lez I\u00f1\u00e1rritu, ganador de premios \u00d3scar.\u00a0<\/span><\/p>\n<blockquote>\n<p class=\"p1\"><span class=\"s1\">\u201cLa noche del 26 de septiembre del 2014, 43 estudiantes de la Escuela Normal de Ayotzinapa fueron desaparecidos por polic\u00edas e integrantes de la delincuencia organizada.\u00a0<\/span><span class=\"s1\">La Polic\u00eda Federal y el Ej\u00e9rcito tuvieron conocimiento del crimen y estuvieron presentes en eventos relacionados con esta desaparici\u00f3n, sin embargo, la Procuradur\u00eda General de la Rep\u00fablica no ha investigado a dichas instituciones\u201d, cont\u00f3\u00a0Gonz\u00e1lez I\u00f1\u00e1rritu.\u00a0<\/span><\/p>\n<blockquote class=\"twitter-tweet\" data-width=\"550\" data-dnt=\"true\">\n<p lang=\"es\" dir=\"ltr\">Alejandro Gonz\u00e1lez I\u00f1\u00e1rritu narra la historia tras bambalinas de la impunidad en M\u00e9xico. Para que esta historia termine necesitamos contar con una <a href=\"https:\/\/twitter.com\/hashtag\/Fiscal%C3%ADaQueSirva?src=hash&amp;ref_src=twsrc%5Etfw\">#Fiscal\u00edaQueSirva<\/a> Apoya esta iniciativa y visita: <a href=\"https:\/\/t.co\/TUhRvuDiDn\">https:\/\/t.co\/TUhRvuDiDn<\/a> <a href=\"https:\/\/twitter.com\/hashtag\/NoM%C3%A1sImpunidad?src=hash&amp;ref_src=twsrc%5Etfw\">#NoM\u00e1sImpunidad<\/a><a href=\"https:\/\/twitter.com\/RealGDT?ref_src=twsrc%5Etfw\">@RealGDT<\/a> <a href=\"https:\/\/twitter.com\/GaelGarciaB?ref_src=twsrc%5Etfw\">@GaelGarciaB<\/a> <a href=\"https:\/\/twitter.com\/alfonsocuaron?ref_src=twsrc%5Etfw\">@alfonsocuaron<\/a> <a href=\"https:\/\/t.co\/xcjufmwihD\">pic.twitter.com\/xcjufmwihD<\/a><\/p>\n<p>&mdash; CMDPDH (@CMDPDH) <a href=\"https:\/\/twitter.com\/CMDPDH\/status\/1059868139062771713?ref_src=twsrc%5Etfw\">November 6, 2018<\/a><\/p><\/blockquote>\n<p><script async src=\"https:\/\/platform.twitter.com\/widgets.js\" charset=\"utf-8\"><\/script><\/p>\n<p><span class=\"s1\">\u201cEsto se llama impunidad. Y tiene una explicaci\u00f3n: los ministerios p\u00fablicos, los militares y los polic\u00edas federales dependen del Presidente de la Rep\u00fablica.\u00a0<\/span><span class=\"s1\">Lo mismo sucede cuando una fiscal\u00eda local no investiga a un Gobernador que desv\u00eda millones de pesos a empresas fantasma o cuando \u00e9ste recibe dinero para que la delincuencia organizada opera sin castigo en su Estado.\u00a0<\/span><\/p>\n<blockquote>\n<p class=\"p1\"><span class=\"s1\">\u201cLas procuradur\u00edas y fiscal\u00edas son instituciones encargadas de investigar los delitos y llevar a juicio a los responsables.\u00a0<\/span><span class=\"s1\">En el pa\u00eds dejamos de confiar en ellas al grado que solamente el 6 por ciento de los delitos son denunciados y en muy pocos casos se lleva a la c\u00e1rcel a los culpables\u201d, destac\u00f3.\u00a0<\/span><\/p>\n<\/blockquote>\n<p class=\"p1\"><span class=\"s1\">A\u00f1adi\u00f3: \u201cPara que los delitos se castiguen, es necesario contar con fiscal\u00edas independientes del Presidente, independientes de gobernados, de partidos pol\u00edticos, de la delincuencia y de intereses econ\u00f3micos; las cuales tienen que estar encabezadas por personas \u00edntegras y especializadas en la investigaci\u00f3n de los cr\u00edmenes que m\u00e1s aquejan a la sociedad.\u00a0<\/span><\/p>\n<p class=\"p1\"><span class=\"s1\">Y cuestion\u00f3: \u201c\u00bfQuisieras un M\u00e9xico m\u00e1s justo? Respalda la construcci\u00f3n de una Fiscal\u00eda general de la Rep\u00fablica independiente, aut\u00f3noma y eficaz, sum\u00e1ndote a los esfuerzos de la iniciativa #Fiscal\u00edaQueSirva\u201d.\u00a0<\/span><\/p>\n<\/blockquote>\n","protected":false},"excerpt":{"rendered":"<p>Con 341 votos a favor, la C\u00e1mara de Diputados avala en lo general la Ley de la Fiscal\u00eda General<br \/>\nPor Redacci\u00f3n QP<\/p>\n","protected":false},"author":2,"featured_media":11443,"comment_status":"open","ping_status":"open","sticky":false,"template":"","format":"standard","meta":{"_monsterinsights_skip_tracking":false,"_monsterinsights_sitenote_active":false,"_monsterinsights_sitenote_note":"","_monsterinsights_sitenote_category":0,"footnotes":""},"categories":[2],"tags":[],"class_list":["post-11444","post","type-post","status-publish","format-standard","has-post-thumbnail","hentry","category-noticias"],"yoast_head":"<!-- This site is optimized with the Yoast SEO plugin v27.3 - https:\/\/yoast.com\/product\/yoast-seo-wordpress\/ -->\n<title>Con 341 votos a favor, la C\u00e1mara de Diputados avala en lo general la Ley de la Fiscal\u00eda General -<\/title>\n<meta name=\"robots\" content=\"index, follow, max-snippet:-1, max-image-preview:large, max-video-preview:-1\" \/>\n<link rel=\"canonical\" href=\"https:\/\/quehacerpolitico.mx\/?p=11444\" \/>\n<meta property=\"og:locale\" content=\"es_MX\" \/>\n<meta property=\"og:type\" content=\"article\" \/>\n<meta property=\"og:title\" content=\"Con 341 votos a favor, la C\u00e1mara de Diputados avala en lo general la Ley de la Fiscal\u00eda General -\" \/>\n<meta property=\"og:description\" content=\"Con 341 votos a favor, la C\u00e1mara de Diputados avala en lo general la Ley de la Fiscal\u00eda General Por Redacci\u00f3n QP\" \/>\n<meta property=\"og:url\" content=\"https:\/\/quehacerpolitico.mx\/?p=11444\" \/>\n<meta property=\"article:published_time\" content=\"2018-12-12T04:11:30+00:00\" \/>\n<meta name=\"author\" content=\"Redacci\u00f3n QP\" \/>\n<meta name=\"twitter:card\" content=\"summary_large_image\" \/>\n<meta name=\"twitter:label1\" content=\"Escrito por\" \/>\n\t<meta name=\"twitter:data1\" content=\"Redacci\u00f3n QP\" \/>\n\t<meta name=\"twitter:label2\" content=\"Tiempo de lectura\" \/>\n\t<meta name=\"twitter:data2\" content=\"2 minutos\" \/>\n<script type=\"application\/ld+json\" class=\"yoast-schema-graph\">{\"@context\":\"https:\\\/\\\/schema.org\",\"@graph\":[{\"@type\":\"Article\",\"@id\":\"https:\\\/\\\/quehacerpolitico.mx\\\/?p=11444#article\",\"isPartOf\":{\"@id\":\"https:\\\/\\\/quehacerpolitico.mx\\\/?p=11444\"},\"author\":{\"name\":\"Redacci\u00f3n QP\",\"@id\":\"https:\\\/\\\/quehacerpolitico.mx\\\/#\\\/schema\\\/person\\\/496d8ad2d1d3f8036101dca7ee39e585\"},\"headline\":\"Con 341 votos a favor, la C\u00e1mara de Diputados avala en lo general la Ley de la Fiscal\u00eda General\",\"datePublished\":\"2018-12-12T04:11:30+00:00\",\"mainEntityOfPage\":{\"@id\":\"https:\\\/\\\/quehacerpolitico.mx\\\/?p=11444\"},\"wordCount\":503,\"commentCount\":0,\"image\":{\"@id\":\"https:\\\/\\\/quehacerpolitico.mx\\\/?p=11444#primaryimage\"},\"thumbnailUrl\":\"\",\"articleSection\":[\"Noticias\"],\"inLanguage\":\"es\",\"potentialAction\":[{\"@type\":\"CommentAction\",\"name\":\"Comment\",\"target\":[\"https:\\\/\\\/quehacerpolitico.mx\\\/?p=11444#respond\"]}]},{\"@type\":\"WebPage\",\"@id\":\"https:\\\/\\\/quehacerpolitico.mx\\\/?p=11444\",\"url\":\"https:\\\/\\\/quehacerpolitico.mx\\\/?p=11444\",\"name\":\"Con 341 votos a favor, la C\u00e1mara de Diputados avala en lo general la Ley de la Fiscal\u00eda General -\",\"isPartOf\":{\"@id\":\"https:\\\/\\\/quehacerpolitico.mx\\\/#website\"},\"primaryImageOfPage\":{\"@id\":\"https:\\\/\\\/quehacerpolitico.mx\\\/?p=11444#primaryimage\"},\"image\":{\"@id\":\"https:\\\/\\\/quehacerpolitico.mx\\\/?p=11444#primaryimage\"},\"thumbnailUrl\":\"\",\"datePublished\":\"2018-12-12T04:11:30+00:00\",\"author\":{\"@id\":\"https:\\\/\\\/quehacerpolitico.mx\\\/#\\\/schema\\\/person\\\/496d8ad2d1d3f8036101dca7ee39e585\"},\"breadcrumb\":{\"@id\":\"https:\\\/\\\/quehacerpolitico.mx\\\/?p=11444#breadcrumb\"},\"inLanguage\":\"es\",\"potentialAction\":[{\"@type\":\"ReadAction\",\"target\":[\"https:\\\/\\\/quehacerpolitico.mx\\\/?p=11444\"]}]},{\"@type\":\"ImageObject\",\"inLanguage\":\"es\",\"@id\":\"https:\\\/\\\/quehacerpolitico.mx\\\/?p=11444#primaryimage\",\"url\":\"\",\"contentUrl\":\"\"},{\"@type\":\"BreadcrumbList\",\"@id\":\"https:\\\/\\\/quehacerpolitico.mx\\\/?p=11444#breadcrumb\",\"itemListElement\":[{\"@type\":\"ListItem\",\"position\":1,\"name\":\"Inicio\",\"item\":\"https:\\\/\\\/quehacerpolitico.mx\\\/\"},{\"@type\":\"ListItem\",\"position\":2,\"name\":\"Con 341 votos a favor, la C\u00e1mara de Diputados avala en lo general la Ley de la Fiscal\u00eda General\"}]},{\"@type\":\"WebSite\",\"@id\":\"https:\\\/\\\/quehacerpolitico.mx\\\/#website\",\"url\":\"https:\\\/\\\/quehacerpolitico.mx\\\/\",\"name\":\"\",\"description\":\"\",\"potentialAction\":[{\"@type\":\"SearchAction\",\"target\":{\"@type\":\"EntryPoint\",\"urlTemplate\":\"https:\\\/\\\/quehacerpolitico.mx\\\/?s={search_term_string}\"},\"query-input\":{\"@type\":\"PropertyValueSpecification\",\"valueRequired\":true,\"valueName\":\"search_term_string\"}}],\"inLanguage\":\"es\"},{\"@type\":\"Person\",\"@id\":\"https:\\\/\\\/quehacerpolitico.mx\\\/#\\\/schema\\\/person\\\/496d8ad2d1d3f8036101dca7ee39e585\",\"name\":\"Redacci\u00f3n QP\",\"image\":{\"@type\":\"ImageObject\",\"inLanguage\":\"es\",\"@id\":\"https:\\\/\\\/secure.gravatar.com\\\/avatar\\\/c7164ed6fdec453195284ad24a5ae5b6e1eed2b848477fa2a4787ba9adf39a41?s=96&d=mm&r=g\",\"url\":\"https:\\\/\\\/secure.gravatar.com\\\/avatar\\\/c7164ed6fdec453195284ad24a5ae5b6e1eed2b848477fa2a4787ba9adf39a41?s=96&d=mm&r=g\",\"contentUrl\":\"https:\\\/\\\/secure.gravatar.com\\\/avatar\\\/c7164ed6fdec453195284ad24a5ae5b6e1eed2b848477fa2a4787ba9adf39a41?s=96&d=mm&r=g\",\"caption\":\"Redacci\u00f3n QP\"},\"url\":\"https:\\\/\\\/quehacerpolitico.mx\\\/?author=2\"}]}<\/script>\n<!-- \/ Yoast SEO plugin. -->","yoast_head_json":{"title":"Con 341 votos a favor, la C\u00e1mara de Diputados avala en lo general la Ley de la Fiscal\u00eda General -","robots":{"index":"index","follow":"follow","max-snippet":"max-snippet:-1","max-image-preview":"max-image-preview:large","max-video-preview":"max-video-preview:-1"},"canonical":"https:\/\/quehacerpolitico.mx\/?p=11444","og_locale":"es_MX","og_type":"article","og_title":"Con 341 votos a favor, la C\u00e1mara de Diputados avala en lo general la Ley de la Fiscal\u00eda General -","og_description":"Con 341 votos a favor, la C\u00e1mara de Diputados avala en lo general la Ley de la Fiscal\u00eda General Por Redacci\u00f3n QP","og_url":"https:\/\/quehacerpolitico.mx\/?p=11444","article_published_time":"2018-12-12T04:11:30+00:00","author":"Redacci\u00f3n QP","twitter_card":"summary_large_image","twitter_misc":{"Escrito por":"Redacci\u00f3n QP","Tiempo de lectura":"2 minutos"},"schema":{"@context":"https:\/\/schema.org","@graph":[{"@type":"Article","@id":"https:\/\/quehacerpolitico.mx\/?p=11444#article","isPartOf":{"@id":"https:\/\/quehacerpolitico.mx\/?p=11444"},"author":{"name":"Redacci\u00f3n QP","@id":"https:\/\/quehacerpolitico.mx\/#\/schema\/person\/496d8ad2d1d3f8036101dca7ee39e585"},"headline":"Con 341 votos a favor, la C\u00e1mara de Diputados avala en lo general la Ley de la Fiscal\u00eda General","datePublished":"2018-12-12T04:11:30+00:00","mainEntityOfPage":{"@id":"https:\/\/quehacerpolitico.mx\/?p=11444"},"wordCount":503,"commentCount":0,"image":{"@id":"https:\/\/quehacerpolitico.mx\/?p=11444#primaryimage"},"thumbnailUrl":"","articleSection":["Noticias"],"inLanguage":"es","potentialAction":[{"@type":"CommentAction","name":"Comment","target":["https:\/\/quehacerpolitico.mx\/?p=11444#respond"]}]},{"@type":"WebPage","@id":"https:\/\/quehacerpolitico.mx\/?p=11444","url":"https:\/\/quehacerpolitico.mx\/?p=11444","name":"Con 341 votos a favor, la C\u00e1mara de Diputados avala en lo general la Ley de la Fiscal\u00eda General -","isPartOf":{"@id":"https:\/\/quehacerpolitico.mx\/#website"},"primaryImageOfPage":{"@id":"https:\/\/quehacerpolitico.mx\/?p=11444#primaryimage"},"image":{"@id":"https:\/\/quehacerpolitico.mx\/?p=11444#primaryimage"},"thumbnailUrl":"","datePublished":"2018-12-12T04:11:30+00:00","author":{"@id":"https:\/\/quehacerpolitico.mx\/#\/schema\/person\/496d8ad2d1d3f8036101dca7ee39e585"},"breadcrumb":{"@id":"https:\/\/quehacerpolitico.mx\/?p=11444#breadcrumb"},"inLanguage":"es","potentialAction":[{"@type":"ReadAction","target":["https:\/\/quehacerpolitico.mx\/?p=11444"]}]},{"@type":"ImageObject","inLanguage":"es","@id":"https:\/\/quehacerpolitico.mx\/?p=11444#primaryimage","url":"","contentUrl":""},{"@type":"BreadcrumbList","@id":"https:\/\/quehacerpolitico.mx\/?p=11444#breadcrumb","itemListElement":[{"@type":"ListItem","position":1,"name":"Inicio","item":"https:\/\/quehacerpolitico.mx\/"},{"@type":"ListItem","position":2,"name":"Con 341 votos a favor, la C\u00e1mara de Diputados avala en lo general la Ley de la Fiscal\u00eda General"}]},{"@type":"WebSite","@id":"https:\/\/quehacerpolitico.mx\/#website","url":"https:\/\/quehacerpolitico.mx\/","name":"","description":"","potentialAction":[{"@type":"SearchAction","target":{"@type":"EntryPoint","urlTemplate":"https:\/\/quehacerpolitico.mx\/?s={search_term_string}"},"query-input":{"@type":"PropertyValueSpecification","valueRequired":true,"valueName":"search_term_string"}}],"inLanguage":"es"},{"@type":"Person","@id":"https:\/\/quehacerpolitico.mx\/#\/schema\/person\/496d8ad2d1d3f8036101dca7ee39e585","name":"Redacci\u00f3n QP","image":{"@type":"ImageObject","inLanguage":"es","@id":"https:\/\/secure.gravatar.com\/avatar\/c7164ed6fdec453195284ad24a5ae5b6e1eed2b848477fa2a4787ba9adf39a41?s=96&d=mm&r=g","url":"https:\/\/secure.gravatar.com\/avatar\/c7164ed6fdec453195284ad24a5ae5b6e1eed2b848477fa2a4787ba9adf39a41?s=96&d=mm&r=g","contentUrl":"https:\/\/secure.gravatar.com\/avatar\/c7164ed6fdec453195284ad24a5ae5b6e1eed2b848477fa2a4787ba9adf39a41?s=96&d=mm&r=g","caption":"Redacci\u00f3n QP"},"url":"https:\/\/quehacerpolitico.mx\/?author=2"}]}},"featured_image_urls":{"full":"","thumbnail":"","medium":"","medium_large":"","large":"","1536x1536":"","2048x2048":"","covernews-featured":"","covernews-medium":""},"author_info":{"display_name":"Redacci\u00f3n QP","author_link":"https:\/\/quehacerpolitico.mx\/?author=2"},"category_info":"<a href=\"https:\/\/quehacerpolitico.mx\/?cat=2\" rel=\"category\">Noticias<\/a>","tag_info":"Noticias","comment_count":"0","_links":{"self":[{"href":"https:\/\/quehacerpolitico.mx\/index.php?rest_route=\/wp\/v2\/posts\/11444","targetHints":{"allow":["GET"]}}],"collection":[{"href":"https:\/\/quehacerpolitico.mx\/index.php?rest_route=\/wp\/v2\/posts"}],"about":[{"href":"https:\/\/quehacerpolitico.mx\/index.php?rest_route=\/wp\/v2\/types\/post"}],"author":[{"embeddable":true,"href":"https:\/\/quehacerpolitico.mx\/index.php?rest_route=\/wp\/v2\/users\/2"}],"replies":[{"embeddable":true,"href":"https:\/\/quehacerpolitico.mx\/index.php?rest_route=%2Fwp%2Fv2%2Fcomments&post=11444"}],"version-history":[{"count":0,"href":"https:\/\/quehacerpolitico.mx\/index.php?rest_route=\/wp\/v2\/posts\/11444\/revisions"}],"wp:featuredmedia":[{"embeddable":true,"href":"https:\/\/quehacerpolitico.mx\/index.php?rest_route=\/"}],"wp:attachment":[{"href":"https:\/\/quehacerpolitico.mx\/index.php?rest_route=%2Fwp%2Fv2%2Fmedia&parent=11444"}],"wp:term":[{"taxonomy":"category","embeddable":true,"href":"https:\/\/quehacerpolitico.mx\/index.php?rest_route=%2Fwp%2Fv2%2Fcategories&post=11444"},{"taxonomy":"post_tag","embeddable":true,"href":"https:\/\/quehacerpolitico.mx\/index.php?rest_route=%2Fwp%2Fv2%2Ftags&post=11444"}],"curies":[{"name":"wp","href":"https:\/\/api.w.org\/{rel}","templated":true}]}}