{"id":114417,"date":"2025-01-28T15:46:12","date_gmt":"2025-01-28T21:46:12","guid":{"rendered":"https:\/\/quehacerpolitico.mx\/?p=114417"},"modified":"2025-01-28T15:46:14","modified_gmt":"2025-01-28T21:46:14","slug":"el-pueblo-quita-gobernadores-no-la-presidenta-dice-sheinbaum-sobre-ruben-rocha-moya-gobernador-de-sinaloa","status":"publish","type":"post","link":"https:\/\/quehacerpolitico.mx\/?p=114417","title":{"rendered":"&#8220;El pueblo quita gobernadores, no la Presidenta&#8221;, dice Sheinbaum sobre Rub\u00e9n Rocha Moya Gobernador de Sinaloa"},"content":{"rendered":"\n<p>Por Redacci\u00f3n QP<\/p>\n\n\n\n<p>En su conferencia ma\u00f1anera de este martes, Sheinbaum Pardo fue cuestionada sobre si respaldaba al gobernador Rocha Moya<\/p>\n\n\n\n<p>Tras las marchas realizadas este fin de semana contra la violencia en Sinaloa y\u00a0<mark><strong>la petici\u00f3n de la renuncia del gobernador Rub\u00e9n Rocha Moya, la Presidenta Claudia Sheinbaum Pardo asegur\u00f3 que &#8220;se est\u00e1 trabajando&#8221;.<\/strong><\/mark><\/p>\n\n\n\n<figure class=\"wp-block-embed is-type-rich is-provider-twitter wp-block-embed-twitter\"><div class=\"wp-block-embed__wrapper\">\n<blockquote class=\"twitter-tweet\" data-width=\"550\" data-dnt=\"true\"><p lang=\"es\" dir=\"ltr\">&quot;El pueblo quita gobernadores, no la Presidenta&quot;, dice <a href=\"https:\/\/twitter.com\/Claudiashein?ref_src=twsrc%5Etfw\">@Claudiashein<\/a> sobre Rub\u00e9n Rocha. <a href=\"https:\/\/t.co\/VNioY2rCgk\">pic.twitter.com\/VNioY2rCgk<\/a><\/p>&mdash; Manuel Lopez San Martin (@MLopezSanMartin) <a href=\"https:\/\/twitter.com\/MLopezSanMartin\/status\/1884253850137420193?ref_src=twsrc%5Etfw\">January 28, 2025<\/a><\/blockquote><script async src=\"https:\/\/platform.twitter.com\/widgets.js\" charset=\"utf-8\"><\/script>\n<\/div><\/figure>\n\n\n\n<p>En su conferencia ma\u00f1anera de este martes,<strong>Sheinbaum Pardo fue cuestionada sobre si respaldaba a Rocha Moya e indic\u00f3 que &#8220;hay coordinaci\u00f3n&#8221;.<\/strong><\/p>\n\n\n\n<p>&#8220;\u00bfEsta responsabilidad de la contenci\u00f3n de los homicidios, de la violencia que se ha estado viviendo a partir de septiembre, tras la detenci\u00f3n de estos capos,<strong>\u00a0es responsabilidad del gobierno estatal?&#8221;<\/strong>, se le pregunt\u00f3.<\/p>\n\n\n\n<p><mark><strong>Sheinbaum respondi\u00f3: &#8220;Es coordinaci\u00f3n, nosotros asumimos la coordinaci\u00f3n con todos los gobiernos de todos los estados,\u00a0<\/strong><\/mark>as\u00ed lo presentamos en la Conago, es una responsabilidad nuestra coordinarnos con todas las instituciones de seguridad y las instituciones gubernamentales&#8221;. Adem\u00e1s destac\u00f3 la coordinaci\u00f3n con la Fiscal\u00eda General de la Rep\u00fablica y con las federaciones.<\/p>\n\n\n\n<p><mark><strong>&#8220;Hay coordinaci\u00f3n, que es lo importante.<\/strong><\/mark>&nbsp;Hay -coment\u00f3cratas- que est\u00e1n diciendo que actuemos como los gobiernos priistas de antes, que nosotros quitemos y ponemos gobernadores. No, eso lo hace el pueblo, no lo hace la Presidenta de la Rep\u00fablica&#8221;, respondi\u00f3 al insistir en la coordinaci\u00f3n con todas las instituciones.<\/p>\n\n\n\n<p>Agreg\u00f3 la Presidenta:<strong>&nbsp;&#8220;A todos aquellos que piden que la Presidenta quite y ponga gobernadores, pues no, eso se llama autoritarismo<\/strong>, nosotros creemos en la democracia y creemos en la construcci\u00f3n de la paz y la seguridad, y trabajamos todos los d\u00edas por la construcci\u00f3n de la paz y la seguridad&#8221;.<\/p>\n\n\n\n<p><mark><strong>Despu\u00e9s dirigi\u00f3 un mensaje a los habitantes de Sinaloa<\/strong><\/mark>: &#8220;Se est\u00e1 trabajando, que el mensaje principal es para los habitantes de Sinaloa, para la ciudadan\u00eda, para el pueblo de Sinaloa,<strong>\u00a0que sepan que estamos trabajando todos los d\u00edas&#8221;.<\/strong><\/p>\n\n\n\n<p>Con informaci\u00f3n de SUN<\/p>\n","protected":false},"excerpt":{"rendered":"<p>Por Redacci\u00f3n QP En su conferencia ma\u00f1anera de este martes, Sheinbaum Pardo fue cuestionada sobre&#8230;<\/p>\n","protected":false},"author":2,"featured_media":114418,"comment_status":"open","ping_status":"open","sticky":false,"template":"","format":"standard","meta":{"_monsterinsights_skip_tracking":false,"_monsterinsights_sitenote_active":false,"_monsterinsights_sitenote_note":"","_monsterinsights_sitenote_category":0,"footnotes":""},"categories":[280,2],"tags":[],"class_list":["post-114417","post","type-post","status-publish","format-standard","has-post-thumbnail","hentry","category-nacionales","category-noticias"],"yoast_head":"<!-- This site is optimized with the Yoast SEO plugin v27.3 - https:\/\/yoast.com\/product\/yoast-seo-wordpress\/ -->\n<title>&quot;El pueblo quita gobernadores, no la Presidenta&quot;, dice Sheinbaum sobre Rub\u00e9n Rocha Moya Gobernador de Sinaloa -<\/title>\n<meta name=\"robots\" content=\"index, follow, max-snippet:-1, max-image-preview:large, max-video-preview:-1\" \/>\n<link rel=\"canonical\" href=\"https:\/\/quehacerpolitico.mx\/?p=114417\" \/>\n<meta property=\"og:locale\" content=\"es_MX\" \/>\n<meta property=\"og:type\" content=\"article\" \/>\n<meta property=\"og:title\" content=\"&quot;El pueblo quita gobernadores, no la Presidenta&quot;, dice Sheinbaum sobre Rub\u00e9n Rocha Moya Gobernador de Sinaloa -\" \/>\n<meta property=\"og:description\" content=\"Por Redacci\u00f3n QP En su conferencia ma\u00f1anera de este martes, Sheinbaum Pardo fue cuestionada sobre...\" \/>\n<meta property=\"og:url\" content=\"https:\/\/quehacerpolitico.mx\/?p=114417\" \/>\n<meta property=\"article:published_time\" content=\"2025-01-28T21:46:12+00:00\" \/>\n<meta property=\"article:modified_time\" content=\"2025-01-28T21:46:14+00:00\" \/>\n<meta property=\"og:image\" content=\"https:\/\/quehacerpolitico.mx\/wp-content\/uploads\/2025\/01\/IMG_0328.jpeg\" \/>\n\t<meta property=\"og:image:width\" content=\"1284\" \/>\n\t<meta property=\"og:image:height\" content=\"708\" \/>\n\t<meta property=\"og:image:type\" content=\"image\/jpeg\" \/>\n<meta name=\"author\" content=\"Redacci\u00f3n QP\" \/>\n<meta name=\"twitter:card\" content=\"summary_large_image\" \/>\n<meta name=\"twitter:label1\" content=\"Escrito por\" \/>\n\t<meta name=\"twitter:data1\" content=\"Redacci\u00f3n QP\" \/>\n\t<meta name=\"twitter:label2\" content=\"Tiempo de lectura\" \/>\n\t<meta name=\"twitter:data2\" content=\"2 minutos\" \/>\n<script type=\"application\/ld+json\" class=\"yoast-schema-graph\">{\"@context\":\"https:\\\/\\\/schema.org\",\"@graph\":[{\"@type\":\"Article\",\"@id\":\"https:\\\/\\\/quehacerpolitico.mx\\\/?p=114417#article\",\"isPartOf\":{\"@id\":\"https:\\\/\\\/quehacerpolitico.mx\\\/?p=114417\"},\"author\":{\"name\":\"Redacci\u00f3n QP\",\"@id\":\"https:\\\/\\\/quehacerpolitico.mx\\\/#\\\/schema\\\/person\\\/496d8ad2d1d3f8036101dca7ee39e585\"},\"headline\":\"&#8220;El pueblo quita gobernadores, no la Presidenta&#8221;, dice Sheinbaum sobre Rub\u00e9n Rocha Moya Gobernador de Sinaloa\",\"datePublished\":\"2025-01-28T21:46:12+00:00\",\"dateModified\":\"2025-01-28T21:46:14+00:00\",\"mainEntityOfPage\":{\"@id\":\"https:\\\/\\\/quehacerpolitico.mx\\\/?p=114417\"},\"wordCount\":361,\"commentCount\":0,\"image\":{\"@id\":\"https:\\\/\\\/quehacerpolitico.mx\\\/?p=114417#primaryimage\"},\"thumbnailUrl\":\"https:\\\/\\\/quehacerpolitico.mx\\\/wp-content\\\/uploads\\\/2025\\\/01\\\/IMG_0328.jpeg\",\"articleSection\":[\"Nacionales\",\"Noticias\"],\"inLanguage\":\"es\",\"potentialAction\":[{\"@type\":\"CommentAction\",\"name\":\"Comment\",\"target\":[\"https:\\\/\\\/quehacerpolitico.mx\\\/?p=114417#respond\"]}]},{\"@type\":\"WebPage\",\"@id\":\"https:\\\/\\\/quehacerpolitico.mx\\\/?p=114417\",\"url\":\"https:\\\/\\\/quehacerpolitico.mx\\\/?p=114417\",\"name\":\"\\\"El pueblo quita gobernadores, no la Presidenta\\\", dice Sheinbaum sobre Rub\u00e9n Rocha Moya Gobernador de Sinaloa -\",\"isPartOf\":{\"@id\":\"https:\\\/\\\/quehacerpolitico.mx\\\/#website\"},\"primaryImageOfPage\":{\"@id\":\"https:\\\/\\\/quehacerpolitico.mx\\\/?p=114417#primaryimage\"},\"image\":{\"@id\":\"https:\\\/\\\/quehacerpolitico.mx\\\/?p=114417#primaryimage\"},\"thumbnailUrl\":\"https:\\\/\\\/quehacerpolitico.mx\\\/wp-content\\\/uploads\\\/2025\\\/01\\\/IMG_0328.jpeg\",\"datePublished\":\"2025-01-28T21:46:12+00:00\",\"dateModified\":\"2025-01-28T21:46:14+00:00\",\"author\":{\"@id\":\"https:\\\/\\\/quehacerpolitico.mx\\\/#\\\/schema\\\/person\\\/496d8ad2d1d3f8036101dca7ee39e585\"},\"breadcrumb\":{\"@id\":\"https:\\\/\\\/quehacerpolitico.mx\\\/?p=114417#breadcrumb\"},\"inLanguage\":\"es\",\"potentialAction\":[{\"@type\":\"ReadAction\",\"target\":[\"https:\\\/\\\/quehacerpolitico.mx\\\/?p=114417\"]}]},{\"@type\":\"ImageObject\",\"inLanguage\":\"es\",\"@id\":\"https:\\\/\\\/quehacerpolitico.mx\\\/?p=114417#primaryimage\",\"url\":\"https:\\\/\\\/quehacerpolitico.mx\\\/wp-content\\\/uploads\\\/2025\\\/01\\\/IMG_0328.jpeg\",\"contentUrl\":\"https:\\\/\\\/quehacerpolitico.mx\\\/wp-content\\\/uploads\\\/2025\\\/01\\\/IMG_0328.jpeg\",\"width\":1284,\"height\":708,\"caption\":\"Screenshot\"},{\"@type\":\"BreadcrumbList\",\"@id\":\"https:\\\/\\\/quehacerpolitico.mx\\\/?p=114417#breadcrumb\",\"itemListElement\":[{\"@type\":\"ListItem\",\"position\":1,\"name\":\"Inicio\",\"item\":\"https:\\\/\\\/quehacerpolitico.mx\\\/\"},{\"@type\":\"ListItem\",\"position\":2,\"name\":\"&#8220;El pueblo quita gobernadores, no la Presidenta&#8221;, dice Sheinbaum sobre Rub\u00e9n Rocha Moya Gobernador de Sinaloa\"}]},{\"@type\":\"WebSite\",\"@id\":\"https:\\\/\\\/quehacerpolitico.mx\\\/#website\",\"url\":\"https:\\\/\\\/quehacerpolitico.mx\\\/\",\"name\":\"\",\"description\":\"\",\"potentialAction\":[{\"@type\":\"SearchAction\",\"target\":{\"@type\":\"EntryPoint\",\"urlTemplate\":\"https:\\\/\\\/quehacerpolitico.mx\\\/?s={search_term_string}\"},\"query-input\":{\"@type\":\"PropertyValueSpecification\",\"valueRequired\":true,\"valueName\":\"search_term_string\"}}],\"inLanguage\":\"es\"},{\"@type\":\"Person\",\"@id\":\"https:\\\/\\\/quehacerpolitico.mx\\\/#\\\/schema\\\/person\\\/496d8ad2d1d3f8036101dca7ee39e585\",\"name\":\"Redacci\u00f3n QP\",\"image\":{\"@type\":\"ImageObject\",\"inLanguage\":\"es\",\"@id\":\"https:\\\/\\\/secure.gravatar.com\\\/avatar\\\/c7164ed6fdec453195284ad24a5ae5b6e1eed2b848477fa2a4787ba9adf39a41?s=96&d=mm&r=g\",\"url\":\"https:\\\/\\\/secure.gravatar.com\\\/avatar\\\/c7164ed6fdec453195284ad24a5ae5b6e1eed2b848477fa2a4787ba9adf39a41?s=96&d=mm&r=g\",\"contentUrl\":\"https:\\\/\\\/secure.gravatar.com\\\/avatar\\\/c7164ed6fdec453195284ad24a5ae5b6e1eed2b848477fa2a4787ba9adf39a41?s=96&d=mm&r=g\",\"caption\":\"Redacci\u00f3n QP\"},\"url\":\"https:\\\/\\\/quehacerpolitico.mx\\\/?author=2\"}]}<\/script>\n<!-- \/ Yoast SEO plugin. -->","yoast_head_json":{"title":"\"El pueblo quita gobernadores, no la Presidenta\", dice Sheinbaum sobre Rub\u00e9n Rocha Moya Gobernador de Sinaloa -","robots":{"index":"index","follow":"follow","max-snippet":"max-snippet:-1","max-image-preview":"max-image-preview:large","max-video-preview":"max-video-preview:-1"},"canonical":"https:\/\/quehacerpolitico.mx\/?p=114417","og_locale":"es_MX","og_type":"article","og_title":"\"El pueblo quita gobernadores, no la Presidenta\", dice Sheinbaum sobre Rub\u00e9n Rocha Moya Gobernador de Sinaloa -","og_description":"Por Redacci\u00f3n QP En su conferencia ma\u00f1anera de este martes, Sheinbaum Pardo fue cuestionada sobre...","og_url":"https:\/\/quehacerpolitico.mx\/?p=114417","article_published_time":"2025-01-28T21:46:12+00:00","article_modified_time":"2025-01-28T21:46:14+00:00","og_image":[{"width":1284,"height":708,"url":"https:\/\/quehacerpolitico.mx\/wp-content\/uploads\/2025\/01\/IMG_0328.jpeg","type":"image\/jpeg"}],"author":"Redacci\u00f3n QP","twitter_card":"summary_large_image","twitter_misc":{"Escrito por":"Redacci\u00f3n QP","Tiempo de lectura":"2 minutos"},"schema":{"@context":"https:\/\/schema.org","@graph":[{"@type":"Article","@id":"https:\/\/quehacerpolitico.mx\/?p=114417#article","isPartOf":{"@id":"https:\/\/quehacerpolitico.mx\/?p=114417"},"author":{"name":"Redacci\u00f3n QP","@id":"https:\/\/quehacerpolitico.mx\/#\/schema\/person\/496d8ad2d1d3f8036101dca7ee39e585"},"headline":"&#8220;El pueblo quita gobernadores, no la Presidenta&#8221;, dice Sheinbaum sobre Rub\u00e9n Rocha Moya Gobernador de Sinaloa","datePublished":"2025-01-28T21:46:12+00:00","dateModified":"2025-01-28T21:46:14+00:00","mainEntityOfPage":{"@id":"https:\/\/quehacerpolitico.mx\/?p=114417"},"wordCount":361,"commentCount":0,"image":{"@id":"https:\/\/quehacerpolitico.mx\/?p=114417#primaryimage"},"thumbnailUrl":"https:\/\/quehacerpolitico.mx\/wp-content\/uploads\/2025\/01\/IMG_0328.jpeg","articleSection":["Nacionales","Noticias"],"inLanguage":"es","potentialAction":[{"@type":"CommentAction","name":"Comment","target":["https:\/\/quehacerpolitico.mx\/?p=114417#respond"]}]},{"@type":"WebPage","@id":"https:\/\/quehacerpolitico.mx\/?p=114417","url":"https:\/\/quehacerpolitico.mx\/?p=114417","name":"\"El pueblo quita gobernadores, no la Presidenta\", dice Sheinbaum sobre Rub\u00e9n Rocha Moya Gobernador de Sinaloa -","isPartOf":{"@id":"https:\/\/quehacerpolitico.mx\/#website"},"primaryImageOfPage":{"@id":"https:\/\/quehacerpolitico.mx\/?p=114417#primaryimage"},"image":{"@id":"https:\/\/quehacerpolitico.mx\/?p=114417#primaryimage"},"thumbnailUrl":"https:\/\/quehacerpolitico.mx\/wp-content\/uploads\/2025\/01\/IMG_0328.jpeg","datePublished":"2025-01-28T21:46:12+00:00","dateModified":"2025-01-28T21:46:14+00:00","author":{"@id":"https:\/\/quehacerpolitico.mx\/#\/schema\/person\/496d8ad2d1d3f8036101dca7ee39e585"},"breadcrumb":{"@id":"https:\/\/quehacerpolitico.mx\/?p=114417#breadcrumb"},"inLanguage":"es","potentialAction":[{"@type":"ReadAction","target":["https:\/\/quehacerpolitico.mx\/?p=114417"]}]},{"@type":"ImageObject","inLanguage":"es","@id":"https:\/\/quehacerpolitico.mx\/?p=114417#primaryimage","url":"https:\/\/quehacerpolitico.mx\/wp-content\/uploads\/2025\/01\/IMG_0328.jpeg","contentUrl":"https:\/\/quehacerpolitico.mx\/wp-content\/uploads\/2025\/01\/IMG_0328.jpeg","width":1284,"height":708,"caption":"Screenshot"},{"@type":"BreadcrumbList","@id":"https:\/\/quehacerpolitico.mx\/?p=114417#breadcrumb","itemListElement":[{"@type":"ListItem","position":1,"name":"Inicio","item":"https:\/\/quehacerpolitico.mx\/"},{"@type":"ListItem","position":2,"name":"&#8220;El pueblo quita gobernadores, no la Presidenta&#8221;, dice Sheinbaum sobre Rub\u00e9n Rocha Moya Gobernador de Sinaloa"}]},{"@type":"WebSite","@id":"https:\/\/quehacerpolitico.mx\/#website","url":"https:\/\/quehacerpolitico.mx\/","name":"","description":"","potentialAction":[{"@type":"SearchAction","target":{"@type":"EntryPoint","urlTemplate":"https:\/\/quehacerpolitico.mx\/?s={search_term_string}"},"query-input":{"@type":"PropertyValueSpecification","valueRequired":true,"valueName":"search_term_string"}}],"inLanguage":"es"},{"@type":"Person","@id":"https:\/\/quehacerpolitico.mx\/#\/schema\/person\/496d8ad2d1d3f8036101dca7ee39e585","name":"Redacci\u00f3n QP","image":{"@type":"ImageObject","inLanguage":"es","@id":"https:\/\/secure.gravatar.com\/avatar\/c7164ed6fdec453195284ad24a5ae5b6e1eed2b848477fa2a4787ba9adf39a41?s=96&d=mm&r=g","url":"https:\/\/secure.gravatar.com\/avatar\/c7164ed6fdec453195284ad24a5ae5b6e1eed2b848477fa2a4787ba9adf39a41?s=96&d=mm&r=g","contentUrl":"https:\/\/secure.gravatar.com\/avatar\/c7164ed6fdec453195284ad24a5ae5b6e1eed2b848477fa2a4787ba9adf39a41?s=96&d=mm&r=g","caption":"Redacci\u00f3n QP"},"url":"https:\/\/quehacerpolitico.mx\/?author=2"}]}},"featured_image_urls":{"full":["https:\/\/quehacerpolitico.mx\/wp-content\/uploads\/2025\/01\/IMG_0328.jpeg",1284,708,false],"thumbnail":["https:\/\/quehacerpolitico.mx\/wp-content\/uploads\/2025\/01\/IMG_0328-150x150.jpeg",150,150,true],"medium":["https:\/\/quehacerpolitico.mx\/wp-content\/uploads\/2025\/01\/IMG_0328-300x165.jpeg",300,165,true],"medium_large":["https:\/\/quehacerpolitico.mx\/wp-content\/uploads\/2025\/01\/IMG_0328-768x423.jpeg",640,353,true],"large":["https:\/\/quehacerpolitico.mx\/wp-content\/uploads\/2025\/01\/IMG_0328-1024x565.jpeg",640,353,true],"1536x1536":["https:\/\/quehacerpolitico.mx\/wp-content\/uploads\/2025\/01\/IMG_0328.jpeg",1284,708,false],"2048x2048":["https:\/\/quehacerpolitico.mx\/wp-content\/uploads\/2025\/01\/IMG_0328.jpeg",1284,708,false],"covernews-featured":["https:\/\/quehacerpolitico.mx\/wp-content\/uploads\/2025\/01\/IMG_0328-1024x565.jpeg",1024,565,true],"covernews-medium":["https:\/\/quehacerpolitico.mx\/wp-content\/uploads\/2025\/01\/IMG_0328-540x340.jpeg",540,340,true]},"author_info":{"display_name":"Redacci\u00f3n QP","author_link":"https:\/\/quehacerpolitico.mx\/?author=2"},"category_info":"<a href=\"https:\/\/quehacerpolitico.mx\/?cat=280\" rel=\"category\">Nacionales<\/a> <a href=\"https:\/\/quehacerpolitico.mx\/?cat=2\" rel=\"category\">Noticias<\/a>","tag_info":"Noticias","comment_count":"0","_links":{"self":[{"href":"https:\/\/quehacerpolitico.mx\/index.php?rest_route=\/wp\/v2\/posts\/114417","targetHints":{"allow":["GET"]}}],"collection":[{"href":"https:\/\/quehacerpolitico.mx\/index.php?rest_route=\/wp\/v2\/posts"}],"about":[{"href":"https:\/\/quehacerpolitico.mx\/index.php?rest_route=\/wp\/v2\/types\/post"}],"author":[{"embeddable":true,"href":"https:\/\/quehacerpolitico.mx\/index.php?rest_route=\/wp\/v2\/users\/2"}],"replies":[{"embeddable":true,"href":"https:\/\/quehacerpolitico.mx\/index.php?rest_route=%2Fwp%2Fv2%2Fcomments&post=114417"}],"version-history":[{"count":1,"href":"https:\/\/quehacerpolitico.mx\/index.php?rest_route=\/wp\/v2\/posts\/114417\/revisions"}],"predecessor-version":[{"id":114419,"href":"https:\/\/quehacerpolitico.mx\/index.php?rest_route=\/wp\/v2\/posts\/114417\/revisions\/114419"}],"wp:featuredmedia":[{"embeddable":true,"href":"https:\/\/quehacerpolitico.mx\/index.php?rest_route=\/wp\/v2\/media\/114418"}],"wp:attachment":[{"href":"https:\/\/quehacerpolitico.mx\/index.php?rest_route=%2Fwp%2Fv2%2Fmedia&parent=114417"}],"wp:term":[{"taxonomy":"category","embeddable":true,"href":"https:\/\/quehacerpolitico.mx\/index.php?rest_route=%2Fwp%2Fv2%2Fcategories&post=114417"},{"taxonomy":"post_tag","embeddable":true,"href":"https:\/\/quehacerpolitico.mx\/index.php?rest_route=%2Fwp%2Fv2%2Ftags&post=114417"}],"curies":[{"name":"wp","href":"https:\/\/api.w.org\/{rel}","templated":true}]}}