{"id":114413,"date":"2025-01-28T15:08:30","date_gmt":"2025-01-28T21:08:30","guid":{"rendered":"https:\/\/quehacerpolitico.mx\/?p=114413"},"modified":"2025-01-28T15:08:32","modified_gmt":"2025-01-28T21:08:32","slug":"la-presidenta-claudia-sheinbaum-destaca-que-de-septiembre-de-2024-a-la-fecha-ha-habido-una-reduccion-de-homicidios-dolosos","status":"publish","type":"post","link":"https:\/\/quehacerpolitico.mx\/?p=114413","title":{"rendered":"La presidenta Claudia Sheinbaum destaca que de septiembre de 2024 a la fecha ha habido una reducci\u00f3n de homicidios dolosos"},"content":{"rendered":"\n<p>Por Redacci\u00f3n QP<\/p>\n\n\n\n<p>La Presidenta de M\u00e9xico destaca que esto es resultado de la coordinaci\u00f3n de todas las dependencias a trav\u00e9s de la Estrategia Nacional de Seguridad<\/p>\n\n\n\n<p>La Presidenta de M\u00e9xico,\u00a0Claudia Sheinbaum Pardo destac\u00f3 este martes que, de acuerdo con datos preliminares, del 2018 al 27 de enero de 2025 se proyecta una reducci\u00f3n del 27% en el promedio diario de v\u00edctimas de homicidio doloso, lo que, asegur\u00f3, es resultado de la coordinaci\u00f3n de todas las dependencias a trav\u00e9s de la Estrategia Nacional de Seguridad.<\/p>\n\n\n\n<p>En Palacio Nacional, la Mandataria Federal dijo que: &#8220;si tomamos en cuenta&nbsp;<mark><strong>desde el 2018 a la fecha, la reducci\u00f3n en homicidio doloso es del 27 por ciento, y la estimaci\u00f3n de septiembre de 2024 a la fecha es una reducci\u00f3n mayor al 15 por ciento desde que entramos al Gobierno<\/strong><\/mark>&nbsp;(\u2026) Son cifras muy importantes&#8221;.<\/p>\n\n\n\n<figure class=\"wp-block-embed is-type-rich is-provider-twitter wp-block-embed-twitter\"><div class=\"wp-block-embed__wrapper\">\n<blockquote class=\"twitter-tweet\" data-width=\"550\" data-dnt=\"true\"><p lang=\"es\" dir=\"ltr\">La presidenta Claudia Sheinbaum (<a href=\"https:\/\/twitter.com\/Claudiashein?ref_src=twsrc%5Etfw\">@claudiashein<\/a>) destaca que de septiembre de 2024 a la fecha ha habido una reducci\u00f3n de homicidios dolosos.<br><br>\ud83d\udcfd <a href=\"https:\/\/twitter.com\/jordana_glez?ref_src=twsrc%5Etfw\">@jordana_glez<\/a> <a href=\"https:\/\/t.co\/sPNFrDbVvG\">pic.twitter.com\/sPNFrDbVvG<\/a><\/p>&mdash; Ruido en la Red (@RuidoEnLaRed) <a href=\"https:\/\/twitter.com\/RuidoEnLaRed\/status\/1884244606529028114?ref_src=twsrc%5Etfw\">January 28, 2025<\/a><\/blockquote><script async src=\"https:\/\/platform.twitter.com\/widgets.js\" charset=\"utf-8\"><\/script>\n<\/div><\/figure>\n\n\n\n<p>&#8220;Yo quiero agradecer a todo el&nbsp;<strong>Gabinete de Seguridad<\/strong>, por su puesto al general secretario, al almirante secretario, al secretario de Seguridad, a la secretaria de Gobernaci\u00f3n y al Fiscal General de la Rep\u00fablica que hay con respeto a su autonom\u00eda una coordinaci\u00f3n muy importante que nos est\u00e1 permitiendo dar estos resultados y vamos a seguir todos los meses dando resultados e informando al pueblo de M\u00e9xico de la construcci\u00f3n de la paz y la seguridad en nuestro pa\u00eds&#8221;, destac\u00f3 Sheinbaum.<\/p>\n\n\n\n<p>La secretaria ejecutiva del Sistema Nacional de Seguridad P\u00fablica, Marcela Figueroa, inform\u00f3 que de acuerdo con datos preliminares\u00a0<mark><strong>de enero de 2018 al 27 de enero de 2025 se registra un promedio diario de 65.8 v\u00edctimas<\/strong><\/mark>\u00a0de\u00a0 homicidio doloso en el pa\u00eds y se proyecta que una vez que termine enero ser\u00e1 de 73 homicidios dolosos diarios en promedio, lo que\u00a0<strong>representar\u00eda una disminuci\u00f3n de entre 2018 y 2025 de cerca del 27 por ciento.<\/strong><\/p>\n\n\n\n<p>El secretario de Seguridad y Protecci\u00f3n Ciudadana, Omar Garcia Harfuch, inform\u00f3 que, en coordinaci\u00f3n con la Secretar\u00eda de la Defensa, la Secretar\u00eda de Marina, el Centro Nacional de Inteligencia y la Secretar\u00eda de Gobernaci\u00f3n,\u00a0<strong>del 1 de octubre 2024 al 26 de enero de 2025, ha logrado la detenci\u00f3n de 10 mil 148 personas por delitos de alto impacto; se aseguraron 4 mil 981 armas de fuego; m\u00e1s de 90 toneladas de droga, incluyendo mil 252 kilos y 738 mil 970 pastillas de fentanilo.<\/strong><\/p>\n\n\n\n<figure class=\"wp-block-embed is-type-rich is-provider-twitter wp-block-embed-twitter\"><div class=\"wp-block-embed__wrapper\">\n<blockquote class=\"twitter-tweet\" data-width=\"550\" data-dnt=\"true\"><p lang=\"es\" dir=\"ltr\">Omar Garc\u00eda Harfuch, secretario de Seguridad inform\u00f3 que de octubre pasado a la fecha se han detenido a m\u00e1s de 10 mil presuntos delincuentes, se aseguraron m\u00e1s de 90 toneladas de diversas drogas, m\u00e1s de 4 mil 900 armas de fuego y desarticulado 139 narcolaboratorios <a href=\"https:\/\/t.co\/gzovyQ1V7N\">pic.twitter.com\/gzovyQ1V7N<\/a><\/p>&mdash; Azucena Uresti (@azucenau) <a href=\"https:\/\/twitter.com\/azucenau\/status\/1884244983638904975?ref_src=twsrc%5Etfw\">January 28, 2025<\/a><\/blockquote><script async src=\"https:\/\/platform.twitter.com\/widgets.js\" charset=\"utf-8\"><\/script>\n<\/div><\/figure>\n\n\n\n<p>Adem\u00e1s, el funcionario dijo que se desarticularon 139 laboratorios clandestinos, asegurando 239 mil 361 litros y 91 mil kilos 443 kilos de sustancias qu\u00edmicas, as\u00ed como 232 reactores de s\u00edntesis org\u00e1nica; 81 condensadores y 63 destiladores, consiguiendo con esto una afectaci\u00f3n econ\u00f3mica a las organizaciones delictivas de m\u00e1s de 53 mil 770 millones de pesos.<\/p>\n\n\n\n<p>Asimismo, Garc\u00eda Harfuch destac\u00f3 que entre las acciones destacadas se encuentra la\u00a0<mark><strong>detenci\u00f3n de objetivo prioritario Joel &#8220;N&#8221;, identificado como miembro de un grupo delictivo generador de violencia en Sinaloa<\/strong><\/mark>\u00a0y que se ocultaba en la alcald\u00eda Benito Ju\u00e1rez, en la Ciudad de M\u00e9xico. Esta persona es reconocida como operador de distribuci\u00f3n de fentanilo, adem\u00e1s de ser responsable de laboratorios clandestinos en\u00a0Sinaloa.<\/p>\n","protected":false},"excerpt":{"rendered":"<p>Por Redacci\u00f3n QP La Presidenta de M\u00e9xico destaca que esto es resultado de la coordinaci\u00f3n&#8230;<\/p>\n","protected":false},"author":2,"featured_media":114414,"comment_status":"open","ping_status":"open","sticky":false,"template":"","format":"standard","meta":{"_monsterinsights_skip_tracking":false,"_monsterinsights_sitenote_active":false,"_monsterinsights_sitenote_note":"","_monsterinsights_sitenote_category":0,"footnotes":""},"categories":[280,2],"tags":[],"class_list":["post-114413","post","type-post","status-publish","format-standard","has-post-thumbnail","hentry","category-nacionales","category-noticias"],"yoast_head":"<!-- This site is optimized with the Yoast SEO plugin v27.3 - https:\/\/yoast.com\/product\/yoast-seo-wordpress\/ -->\n<title>La presidenta Claudia Sheinbaum destaca que de septiembre de 2024 a la fecha ha habido una reducci\u00f3n de homicidios dolosos -<\/title>\n<meta name=\"robots\" content=\"index, follow, max-snippet:-1, max-image-preview:large, max-video-preview:-1\" \/>\n<link rel=\"canonical\" href=\"https:\/\/quehacerpolitico.mx\/?p=114413\" \/>\n<meta property=\"og:locale\" content=\"es_MX\" \/>\n<meta property=\"og:type\" content=\"article\" \/>\n<meta property=\"og:title\" content=\"La presidenta Claudia Sheinbaum destaca que de septiembre de 2024 a la fecha ha habido una reducci\u00f3n de homicidios dolosos -\" \/>\n<meta property=\"og:description\" content=\"Por Redacci\u00f3n QP La Presidenta de M\u00e9xico destaca que esto es resultado de la coordinaci\u00f3n...\" \/>\n<meta property=\"og:url\" content=\"https:\/\/quehacerpolitico.mx\/?p=114413\" \/>\n<meta property=\"article:published_time\" content=\"2025-01-28T21:08:30+00:00\" \/>\n<meta property=\"article:modified_time\" content=\"2025-01-28T21:08:32+00:00\" \/>\n<meta property=\"og:image\" content=\"https:\/\/quehacerpolitico.mx\/wp-content\/uploads\/2025\/01\/IMG_0327.jpeg\" \/>\n\t<meta property=\"og:image:width\" content=\"1284\" \/>\n\t<meta property=\"og:image:height\" content=\"708\" \/>\n\t<meta property=\"og:image:type\" content=\"image\/jpeg\" \/>\n<meta name=\"author\" content=\"Redacci\u00f3n QP\" \/>\n<meta name=\"twitter:card\" content=\"summary_large_image\" \/>\n<meta name=\"twitter:label1\" content=\"Escrito por\" \/>\n\t<meta name=\"twitter:data1\" content=\"Redacci\u00f3n QP\" \/>\n\t<meta name=\"twitter:label2\" content=\"Tiempo de lectura\" \/>\n\t<meta name=\"twitter:data2\" content=\"3 minutos\" \/>\n<script type=\"application\/ld+json\" class=\"yoast-schema-graph\">{\"@context\":\"https:\\\/\\\/schema.org\",\"@graph\":[{\"@type\":\"Article\",\"@id\":\"https:\\\/\\\/quehacerpolitico.mx\\\/?p=114413#article\",\"isPartOf\":{\"@id\":\"https:\\\/\\\/quehacerpolitico.mx\\\/?p=114413\"},\"author\":{\"name\":\"Redacci\u00f3n QP\",\"@id\":\"https:\\\/\\\/quehacerpolitico.mx\\\/#\\\/schema\\\/person\\\/496d8ad2d1d3f8036101dca7ee39e585\"},\"headline\":\"La presidenta Claudia Sheinbaum destaca que de septiembre de 2024 a la fecha ha habido una reducci\u00f3n de homicidios dolosos\",\"datePublished\":\"2025-01-28T21:08:30+00:00\",\"dateModified\":\"2025-01-28T21:08:32+00:00\",\"mainEntityOfPage\":{\"@id\":\"https:\\\/\\\/quehacerpolitico.mx\\\/?p=114413\"},\"wordCount\":552,\"commentCount\":0,\"image\":{\"@id\":\"https:\\\/\\\/quehacerpolitico.mx\\\/?p=114413#primaryimage\"},\"thumbnailUrl\":\"https:\\\/\\\/quehacerpolitico.mx\\\/wp-content\\\/uploads\\\/2025\\\/01\\\/IMG_0327.jpeg\",\"articleSection\":[\"Nacionales\",\"Noticias\"],\"inLanguage\":\"es\",\"potentialAction\":[{\"@type\":\"CommentAction\",\"name\":\"Comment\",\"target\":[\"https:\\\/\\\/quehacerpolitico.mx\\\/?p=114413#respond\"]}]},{\"@type\":\"WebPage\",\"@id\":\"https:\\\/\\\/quehacerpolitico.mx\\\/?p=114413\",\"url\":\"https:\\\/\\\/quehacerpolitico.mx\\\/?p=114413\",\"name\":\"La presidenta Claudia Sheinbaum destaca que de septiembre de 2024 a la fecha ha habido una reducci\u00f3n de homicidios dolosos -\",\"isPartOf\":{\"@id\":\"https:\\\/\\\/quehacerpolitico.mx\\\/#website\"},\"primaryImageOfPage\":{\"@id\":\"https:\\\/\\\/quehacerpolitico.mx\\\/?p=114413#primaryimage\"},\"image\":{\"@id\":\"https:\\\/\\\/quehacerpolitico.mx\\\/?p=114413#primaryimage\"},\"thumbnailUrl\":\"https:\\\/\\\/quehacerpolitico.mx\\\/wp-content\\\/uploads\\\/2025\\\/01\\\/IMG_0327.jpeg\",\"datePublished\":\"2025-01-28T21:08:30+00:00\",\"dateModified\":\"2025-01-28T21:08:32+00:00\",\"author\":{\"@id\":\"https:\\\/\\\/quehacerpolitico.mx\\\/#\\\/schema\\\/person\\\/496d8ad2d1d3f8036101dca7ee39e585\"},\"breadcrumb\":{\"@id\":\"https:\\\/\\\/quehacerpolitico.mx\\\/?p=114413#breadcrumb\"},\"inLanguage\":\"es\",\"potentialAction\":[{\"@type\":\"ReadAction\",\"target\":[\"https:\\\/\\\/quehacerpolitico.mx\\\/?p=114413\"]}]},{\"@type\":\"ImageObject\",\"inLanguage\":\"es\",\"@id\":\"https:\\\/\\\/quehacerpolitico.mx\\\/?p=114413#primaryimage\",\"url\":\"https:\\\/\\\/quehacerpolitico.mx\\\/wp-content\\\/uploads\\\/2025\\\/01\\\/IMG_0327.jpeg\",\"contentUrl\":\"https:\\\/\\\/quehacerpolitico.mx\\\/wp-content\\\/uploads\\\/2025\\\/01\\\/IMG_0327.jpeg\",\"width\":1284,\"height\":708,\"caption\":\"Screenshot\"},{\"@type\":\"BreadcrumbList\",\"@id\":\"https:\\\/\\\/quehacerpolitico.mx\\\/?p=114413#breadcrumb\",\"itemListElement\":[{\"@type\":\"ListItem\",\"position\":1,\"name\":\"Inicio\",\"item\":\"https:\\\/\\\/quehacerpolitico.mx\\\/\"},{\"@type\":\"ListItem\",\"position\":2,\"name\":\"La presidenta Claudia Sheinbaum destaca que de septiembre de 2024 a la fecha ha habido una reducci\u00f3n de homicidios dolosos\"}]},{\"@type\":\"WebSite\",\"@id\":\"https:\\\/\\\/quehacerpolitico.mx\\\/#website\",\"url\":\"https:\\\/\\\/quehacerpolitico.mx\\\/\",\"name\":\"\",\"description\":\"\",\"potentialAction\":[{\"@type\":\"SearchAction\",\"target\":{\"@type\":\"EntryPoint\",\"urlTemplate\":\"https:\\\/\\\/quehacerpolitico.mx\\\/?s={search_term_string}\"},\"query-input\":{\"@type\":\"PropertyValueSpecification\",\"valueRequired\":true,\"valueName\":\"search_term_string\"}}],\"inLanguage\":\"es\"},{\"@type\":\"Person\",\"@id\":\"https:\\\/\\\/quehacerpolitico.mx\\\/#\\\/schema\\\/person\\\/496d8ad2d1d3f8036101dca7ee39e585\",\"name\":\"Redacci\u00f3n QP\",\"image\":{\"@type\":\"ImageObject\",\"inLanguage\":\"es\",\"@id\":\"https:\\\/\\\/secure.gravatar.com\\\/avatar\\\/c7164ed6fdec453195284ad24a5ae5b6e1eed2b848477fa2a4787ba9adf39a41?s=96&d=mm&r=g\",\"url\":\"https:\\\/\\\/secure.gravatar.com\\\/avatar\\\/c7164ed6fdec453195284ad24a5ae5b6e1eed2b848477fa2a4787ba9adf39a41?s=96&d=mm&r=g\",\"contentUrl\":\"https:\\\/\\\/secure.gravatar.com\\\/avatar\\\/c7164ed6fdec453195284ad24a5ae5b6e1eed2b848477fa2a4787ba9adf39a41?s=96&d=mm&r=g\",\"caption\":\"Redacci\u00f3n QP\"},\"url\":\"https:\\\/\\\/quehacerpolitico.mx\\\/?author=2\"}]}<\/script>\n<!-- \/ Yoast SEO plugin. -->","yoast_head_json":{"title":"La presidenta Claudia Sheinbaum destaca que de septiembre de 2024 a la fecha ha habido una reducci\u00f3n de homicidios dolosos -","robots":{"index":"index","follow":"follow","max-snippet":"max-snippet:-1","max-image-preview":"max-image-preview:large","max-video-preview":"max-video-preview:-1"},"canonical":"https:\/\/quehacerpolitico.mx\/?p=114413","og_locale":"es_MX","og_type":"article","og_title":"La presidenta Claudia Sheinbaum destaca que de septiembre de 2024 a la fecha ha habido una reducci\u00f3n de homicidios dolosos -","og_description":"Por Redacci\u00f3n QP La Presidenta de M\u00e9xico destaca que esto es resultado de la coordinaci\u00f3n...","og_url":"https:\/\/quehacerpolitico.mx\/?p=114413","article_published_time":"2025-01-28T21:08:30+00:00","article_modified_time":"2025-01-28T21:08:32+00:00","og_image":[{"width":1284,"height":708,"url":"https:\/\/quehacerpolitico.mx\/wp-content\/uploads\/2025\/01\/IMG_0327.jpeg","type":"image\/jpeg"}],"author":"Redacci\u00f3n QP","twitter_card":"summary_large_image","twitter_misc":{"Escrito por":"Redacci\u00f3n QP","Tiempo de lectura":"3 minutos"},"schema":{"@context":"https:\/\/schema.org","@graph":[{"@type":"Article","@id":"https:\/\/quehacerpolitico.mx\/?p=114413#article","isPartOf":{"@id":"https:\/\/quehacerpolitico.mx\/?p=114413"},"author":{"name":"Redacci\u00f3n QP","@id":"https:\/\/quehacerpolitico.mx\/#\/schema\/person\/496d8ad2d1d3f8036101dca7ee39e585"},"headline":"La presidenta Claudia Sheinbaum destaca que de septiembre de 2024 a la fecha ha habido una reducci\u00f3n de homicidios dolosos","datePublished":"2025-01-28T21:08:30+00:00","dateModified":"2025-01-28T21:08:32+00:00","mainEntityOfPage":{"@id":"https:\/\/quehacerpolitico.mx\/?p=114413"},"wordCount":552,"commentCount":0,"image":{"@id":"https:\/\/quehacerpolitico.mx\/?p=114413#primaryimage"},"thumbnailUrl":"https:\/\/quehacerpolitico.mx\/wp-content\/uploads\/2025\/01\/IMG_0327.jpeg","articleSection":["Nacionales","Noticias"],"inLanguage":"es","potentialAction":[{"@type":"CommentAction","name":"Comment","target":["https:\/\/quehacerpolitico.mx\/?p=114413#respond"]}]},{"@type":"WebPage","@id":"https:\/\/quehacerpolitico.mx\/?p=114413","url":"https:\/\/quehacerpolitico.mx\/?p=114413","name":"La presidenta Claudia Sheinbaum destaca que de septiembre de 2024 a la fecha ha habido una reducci\u00f3n de homicidios dolosos -","isPartOf":{"@id":"https:\/\/quehacerpolitico.mx\/#website"},"primaryImageOfPage":{"@id":"https:\/\/quehacerpolitico.mx\/?p=114413#primaryimage"},"image":{"@id":"https:\/\/quehacerpolitico.mx\/?p=114413#primaryimage"},"thumbnailUrl":"https:\/\/quehacerpolitico.mx\/wp-content\/uploads\/2025\/01\/IMG_0327.jpeg","datePublished":"2025-01-28T21:08:30+00:00","dateModified":"2025-01-28T21:08:32+00:00","author":{"@id":"https:\/\/quehacerpolitico.mx\/#\/schema\/person\/496d8ad2d1d3f8036101dca7ee39e585"},"breadcrumb":{"@id":"https:\/\/quehacerpolitico.mx\/?p=114413#breadcrumb"},"inLanguage":"es","potentialAction":[{"@type":"ReadAction","target":["https:\/\/quehacerpolitico.mx\/?p=114413"]}]},{"@type":"ImageObject","inLanguage":"es","@id":"https:\/\/quehacerpolitico.mx\/?p=114413#primaryimage","url":"https:\/\/quehacerpolitico.mx\/wp-content\/uploads\/2025\/01\/IMG_0327.jpeg","contentUrl":"https:\/\/quehacerpolitico.mx\/wp-content\/uploads\/2025\/01\/IMG_0327.jpeg","width":1284,"height":708,"caption":"Screenshot"},{"@type":"BreadcrumbList","@id":"https:\/\/quehacerpolitico.mx\/?p=114413#breadcrumb","itemListElement":[{"@type":"ListItem","position":1,"name":"Inicio","item":"https:\/\/quehacerpolitico.mx\/"},{"@type":"ListItem","position":2,"name":"La presidenta Claudia Sheinbaum destaca que de septiembre de 2024 a la fecha ha habido una reducci\u00f3n de homicidios dolosos"}]},{"@type":"WebSite","@id":"https:\/\/quehacerpolitico.mx\/#website","url":"https:\/\/quehacerpolitico.mx\/","name":"","description":"","potentialAction":[{"@type":"SearchAction","target":{"@type":"EntryPoint","urlTemplate":"https:\/\/quehacerpolitico.mx\/?s={search_term_string}"},"query-input":{"@type":"PropertyValueSpecification","valueRequired":true,"valueName":"search_term_string"}}],"inLanguage":"es"},{"@type":"Person","@id":"https:\/\/quehacerpolitico.mx\/#\/schema\/person\/496d8ad2d1d3f8036101dca7ee39e585","name":"Redacci\u00f3n QP","image":{"@type":"ImageObject","inLanguage":"es","@id":"https:\/\/secure.gravatar.com\/avatar\/c7164ed6fdec453195284ad24a5ae5b6e1eed2b848477fa2a4787ba9adf39a41?s=96&d=mm&r=g","url":"https:\/\/secure.gravatar.com\/avatar\/c7164ed6fdec453195284ad24a5ae5b6e1eed2b848477fa2a4787ba9adf39a41?s=96&d=mm&r=g","contentUrl":"https:\/\/secure.gravatar.com\/avatar\/c7164ed6fdec453195284ad24a5ae5b6e1eed2b848477fa2a4787ba9adf39a41?s=96&d=mm&r=g","caption":"Redacci\u00f3n QP"},"url":"https:\/\/quehacerpolitico.mx\/?author=2"}]}},"featured_image_urls":{"full":["https:\/\/quehacerpolitico.mx\/wp-content\/uploads\/2025\/01\/IMG_0327.jpeg",1284,708,false],"thumbnail":["https:\/\/quehacerpolitico.mx\/wp-content\/uploads\/2025\/01\/IMG_0327-150x150.jpeg",150,150,true],"medium":["https:\/\/quehacerpolitico.mx\/wp-content\/uploads\/2025\/01\/IMG_0327-300x165.jpeg",300,165,true],"medium_large":["https:\/\/quehacerpolitico.mx\/wp-content\/uploads\/2025\/01\/IMG_0327-768x423.jpeg",640,353,true],"large":["https:\/\/quehacerpolitico.mx\/wp-content\/uploads\/2025\/01\/IMG_0327-1024x565.jpeg",640,353,true],"1536x1536":["https:\/\/quehacerpolitico.mx\/wp-content\/uploads\/2025\/01\/IMG_0327.jpeg",1284,708,false],"2048x2048":["https:\/\/quehacerpolitico.mx\/wp-content\/uploads\/2025\/01\/IMG_0327.jpeg",1284,708,false],"covernews-featured":["https:\/\/quehacerpolitico.mx\/wp-content\/uploads\/2025\/01\/IMG_0327-1024x565.jpeg",1024,565,true],"covernews-medium":["https:\/\/quehacerpolitico.mx\/wp-content\/uploads\/2025\/01\/IMG_0327-540x340.jpeg",540,340,true]},"author_info":{"display_name":"Redacci\u00f3n QP","author_link":"https:\/\/quehacerpolitico.mx\/?author=2"},"category_info":"<a href=\"https:\/\/quehacerpolitico.mx\/?cat=280\" rel=\"category\">Nacionales<\/a> <a href=\"https:\/\/quehacerpolitico.mx\/?cat=2\" rel=\"category\">Noticias<\/a>","tag_info":"Noticias","comment_count":"0","_links":{"self":[{"href":"https:\/\/quehacerpolitico.mx\/index.php?rest_route=\/wp\/v2\/posts\/114413","targetHints":{"allow":["GET"]}}],"collection":[{"href":"https:\/\/quehacerpolitico.mx\/index.php?rest_route=\/wp\/v2\/posts"}],"about":[{"href":"https:\/\/quehacerpolitico.mx\/index.php?rest_route=\/wp\/v2\/types\/post"}],"author":[{"embeddable":true,"href":"https:\/\/quehacerpolitico.mx\/index.php?rest_route=\/wp\/v2\/users\/2"}],"replies":[{"embeddable":true,"href":"https:\/\/quehacerpolitico.mx\/index.php?rest_route=%2Fwp%2Fv2%2Fcomments&post=114413"}],"version-history":[{"count":2,"href":"https:\/\/quehacerpolitico.mx\/index.php?rest_route=\/wp\/v2\/posts\/114413\/revisions"}],"predecessor-version":[{"id":114416,"href":"https:\/\/quehacerpolitico.mx\/index.php?rest_route=\/wp\/v2\/posts\/114413\/revisions\/114416"}],"wp:featuredmedia":[{"embeddable":true,"href":"https:\/\/quehacerpolitico.mx\/index.php?rest_route=\/wp\/v2\/media\/114414"}],"wp:attachment":[{"href":"https:\/\/quehacerpolitico.mx\/index.php?rest_route=%2Fwp%2Fv2%2Fmedia&parent=114413"}],"wp:term":[{"taxonomy":"category","embeddable":true,"href":"https:\/\/quehacerpolitico.mx\/index.php?rest_route=%2Fwp%2Fv2%2Fcategories&post=114413"},{"taxonomy":"post_tag","embeddable":true,"href":"https:\/\/quehacerpolitico.mx\/index.php?rest_route=%2Fwp%2Fv2%2Ftags&post=114413"}],"curies":[{"name":"wp","href":"https:\/\/api.w.org\/{rel}","templated":true}]}}