{"id":114405,"date":"2025-01-28T13:54:59","date_gmt":"2025-01-28T19:54:59","guid":{"rendered":"https:\/\/quehacerpolitico.mx\/?p=114405"},"modified":"2025-01-28T13:55:54","modified_gmt":"2025-01-28T19:55:54","slug":"el-taller-de-fotografia-practicas-al-andar-deja-huella-en-jovenes-oaxaquenos","status":"publish","type":"post","link":"https:\/\/quehacerpolitico.mx\/?p=114405","title":{"rendered":"EL TALLER DE FOTOGRAF\u00cdA \u201cPR\u00c1CTICAS AL ANDAR\u201d DEJA HUELLA EN J\u00d3VENES OAXAQUE\u00d1OS"},"content":{"rendered":"\n<p>Por Redacci\u00f3n QP<\/p>\n\n\n\n<ul class=\"wp-block-list\">\n<li><strong>Integrantes del Semillero Creativo de Fotograf\u00eda y Video en Villa de Zaachila y estudiantes de la Columbia College de Chicago participaron en las sesiones<\/strong><\/li>\n\n\n\n<li><strong>La experiencia culmin\u00f3 con una muestra en la Escuela de Muralismo<\/strong><\/li>\n<\/ul>\n\n\n\n<p>Oaxaca fue sede del taller \u201cPr\u00e1cticas al andar\u201d, una experiencia organizada por el Columbia College de Chicago, Estados Unidos, en colaboraci\u00f3n con el Centro Fotogr\u00e1fico Manuel \u00c1lvarez Bravo (CFMAB). Este taller cont\u00f3 con la participaci\u00f3n de Zeth y Margarita, dos j\u00f3venes integrantes del Semillero Creativo de Fotograf\u00eda y Video de Villa de Zaachila.<\/p>\n\n\n\n<p>Ambos fueron seleccionados entre varios aspirantes tras responder a una convocatoria del CFMAB. Durante esta experiencia, trabajaron junto a estudiantes estadounidenses y sus profesores, lo que les permiti\u00f3 aprender nuevas t\u00e9cnicas, compartir perspectivas culturales y conectar m\u00e1s profundamente con las historias que las periferias oaxaque\u00f1as tienen para contar. El taller se llev\u00f3 a cabo en el Centro Fotogr\u00e1fico Manuel \u00c1lvarez Bravo, mientras que la muestra final del trabajo se present\u00f3 en la Escuela de Muralismo de Oaxaca.<\/p>\n\n\n\n<figure class=\"wp-block-image size-large\"><img loading=\"lazy\" decoding=\"async\" width=\"588\" height=\"1024\" src=\"https:\/\/quehacerpolitico.mx\/wp-content\/uploads\/2025\/01\/image-29-588x1024.jpeg\" alt=\"\" class=\"wp-image-114408\" srcset=\"https:\/\/quehacerpolitico.mx\/wp-content\/uploads\/2025\/01\/image-29-588x1024.jpeg 588w, https:\/\/quehacerpolitico.mx\/wp-content\/uploads\/2025\/01\/image-29-172x300.jpeg 172w, https:\/\/quehacerpolitico.mx\/wp-content\/uploads\/2025\/01\/image-29.jpeg 720w\" sizes=\"auto, (max-width: 588px) 100vw, 588px\" \/><\/figure>\n\n\n\n<figure class=\"wp-block-image size-large\"><img loading=\"lazy\" decoding=\"async\" width=\"613\" height=\"1024\" src=\"https:\/\/quehacerpolitico.mx\/wp-content\/uploads\/2025\/01\/image-28-613x1024.jpeg\" alt=\"\" class=\"wp-image-114407\" srcset=\"https:\/\/quehacerpolitico.mx\/wp-content\/uploads\/2025\/01\/image-28-613x1024.jpeg 613w, https:\/\/quehacerpolitico.mx\/wp-content\/uploads\/2025\/01\/image-28-180x300.jpeg 180w, https:\/\/quehacerpolitico.mx\/wp-content\/uploads\/2025\/01\/image-28-768x1283.jpeg 768w, https:\/\/quehacerpolitico.mx\/wp-content\/uploads\/2025\/01\/image-28-920x1536.jpeg 920w, https:\/\/quehacerpolitico.mx\/wp-content\/uploads\/2025\/01\/image-28.jpeg 958w\" sizes=\"auto, (max-width: 613px) 100vw, 613px\" \/><\/figure>\n\n\n\n<p><strong>Una experiencia transformadora<\/strong><\/p>\n\n\n\n<p>Margarita y Zeth, de 21 y 22 a\u00f1os respectivamente, consideran que esta formaci\u00f3n les impulsa a llevar la fotograf\u00eda a un nivel \u201cm\u00e1s profesional\u201d.<\/p>\n\n\n\n<p>Las y los participantes no solo compartieron conceptos fotogr\u00e1ficos y revisaron el trabajo de artistas que documentaron espacios no convencionales, sino que tambi\u00e9n recorrieron las calles de Oaxaca en busca de historias \u00fanicas que reflejaran las realidades urbanas.<\/p>\n\n\n\n<p>Para Zeth, dicha oportunidad marc\u00f3 un hito en su vida. \u201cHa sido incre\u00edble llevar lo que hacemos a un nivel m\u00e1s alto y compartirlo con una universidad tan prestigiosa como la Columbia College&#8221;, coment\u00f3.<\/p>\n\n\n\n<p>En ese sentido, consider\u00f3 que el trabajo que realiza el Semillero Creativo \u201ces bastante grande, porque, personalmente, no tengo mucho tiempo en la fotograf\u00eda. Entr\u00e9 al Semillero hace un a\u00f1o aproximadamente, y no sab\u00eda absolutamente nada, entonces todo lo que he aprendido lo he obtenido en \u00e9l. No es coincidencia que hayamos sido seleccionados dos integrantes del Semillero, creo que eso habla muy bien del trabajo que se est\u00e1 haciendo en estos espacios\u201d.<\/p>\n\n\n\n<p>Por su parte, Margarita, quien forma parte del grupo colaborativo desde hace dos a\u00f1os, comparti\u00f3 el impacto personal de su estad\u00eda en el Semillero, pues, aunque al \u201cprincipio ve\u00eda la fotograf\u00eda como una distracci\u00f3n, algo terap\u00e9utico, ahora siento que puede ser parte de mi vida profesional\u201d.<\/p>\n\n\n\n<figure class=\"wp-block-image size-large\"><img loading=\"lazy\" decoding=\"async\" width=\"770\" height=\"1024\" src=\"https:\/\/quehacerpolitico.mx\/wp-content\/uploads\/2025\/01\/image-31-770x1024.jpeg\" alt=\"\" class=\"wp-image-114410\" srcset=\"https:\/\/quehacerpolitico.mx\/wp-content\/uploads\/2025\/01\/image-31-770x1024.jpeg 770w, https:\/\/quehacerpolitico.mx\/wp-content\/uploads\/2025\/01\/image-31-226x300.jpeg 226w, https:\/\/quehacerpolitico.mx\/wp-content\/uploads\/2025\/01\/image-31-768x1021.jpeg 768w, https:\/\/quehacerpolitico.mx\/wp-content\/uploads\/2025\/01\/image-31.jpeg 963w\" sizes=\"auto, (max-width: 770px) 100vw, 770px\" \/><\/figure>\n\n\n\n<figure class=\"wp-block-image size-large\"><img loading=\"lazy\" decoding=\"async\" width=\"771\" height=\"1024\" src=\"https:\/\/quehacerpolitico.mx\/wp-content\/uploads\/2025\/01\/image-30-771x1024.jpeg\" alt=\"\" class=\"wp-image-114409\" srcset=\"https:\/\/quehacerpolitico.mx\/wp-content\/uploads\/2025\/01\/image-30-771x1024.jpeg 771w, https:\/\/quehacerpolitico.mx\/wp-content\/uploads\/2025\/01\/image-30-226x300.jpeg 226w, https:\/\/quehacerpolitico.mx\/wp-content\/uploads\/2025\/01\/image-30-768x1021.jpeg 768w, https:\/\/quehacerpolitico.mx\/wp-content\/uploads\/2025\/01\/image-30-1156x1536.jpeg 1156w, https:\/\/quehacerpolitico.mx\/wp-content\/uploads\/2025\/01\/image-30-1024x1361.jpeg 1024w, https:\/\/quehacerpolitico.mx\/wp-content\/uploads\/2025\/01\/image-30.jpeg 1204w\" sizes=\"auto, (max-width: 771px) 100vw, 771px\" \/><\/figure>\n\n\n\n<p>De igual forma, puntualiz\u00f3 que el taller le ha dejado una grata experiencia al convivir no solo con personas de su localidad sino de otro pa\u00eds, \u201ces una oportunidad muy bonita que hemos tratado de aprovechar\u201d.<\/p>\n\n\n\n<p><strong>Un cierre lleno de historias<\/strong><\/p>\n\n\n\n<p>Realizada en la Escuela de Muralismo, la muestra fotogr\u00e1fica reuni\u00f3 los trabajos de los 12 participantes (seis de Oaxaca y seis de Chicago) en un&nbsp;<em>collage<\/em>&nbsp;colectivo que reflej\u00f3 las vivencias y aprendizajes obtenidos durante el taller. Cada imagen narr\u00f3 una historia y combin\u00f3 dos perspectivas culturales unidas por una afici\u00f3n: la fotograf\u00eda.<\/p>\n\n\n\n<p>Finalmente, la experiencia enriqueci\u00f3 la trayectoria de Margarita y Zeth, y reafirm\u00f3 el poder transformador del arte para conectar a las personas, trascender fronteras y cambiar vidas.<\/p>\n","protected":false},"excerpt":{"rendered":"<p>Por Redacci\u00f3n QP Oaxaca fue sede del taller \u201cPr\u00e1cticas al andar\u201d, una experiencia organizada por&#8230;<\/p>\n","protected":false},"author":2,"featured_media":114406,"comment_status":"open","ping_status":"open","sticky":false,"template":"","format":"standard","meta":{"_monsterinsights_skip_tracking":false,"_monsterinsights_sitenote_active":false,"_monsterinsights_sitenote_note":"","_monsterinsights_sitenote_category":0,"footnotes":""},"categories":[58],"tags":[],"class_list":["post-114405","post","type-post","status-publish","format-standard","has-post-thumbnail","hentry","category-cultura"],"yoast_head":"<!-- This site is optimized with the Yoast SEO plugin v27.3 - https:\/\/yoast.com\/product\/yoast-seo-wordpress\/ -->\n<title>EL TALLER DE FOTOGRAF\u00cdA \u201cPR\u00c1CTICAS AL ANDAR\u201d DEJA HUELLA EN J\u00d3VENES OAXAQUE\u00d1OS -<\/title>\n<meta name=\"robots\" content=\"index, follow, max-snippet:-1, max-image-preview:large, max-video-preview:-1\" \/>\n<link rel=\"canonical\" href=\"https:\/\/quehacerpolitico.mx\/?p=114405\" \/>\n<meta property=\"og:locale\" content=\"es_MX\" \/>\n<meta property=\"og:type\" content=\"article\" \/>\n<meta property=\"og:title\" content=\"EL TALLER DE FOTOGRAF\u00cdA \u201cPR\u00c1CTICAS AL ANDAR\u201d DEJA HUELLA EN J\u00d3VENES OAXAQUE\u00d1OS -\" \/>\n<meta property=\"og:description\" content=\"Por Redacci\u00f3n QP Oaxaca fue sede del taller \u201cPr\u00e1cticas al andar\u201d, una experiencia organizada por...\" \/>\n<meta property=\"og:url\" content=\"https:\/\/quehacerpolitico.mx\/?p=114405\" \/>\n<meta property=\"article:published_time\" content=\"2025-01-28T19:54:59+00:00\" \/>\n<meta property=\"article:modified_time\" content=\"2025-01-28T19:55:54+00:00\" \/>\n<meta property=\"og:image\" content=\"https:\/\/quehacerpolitico.mx\/wp-content\/uploads\/2025\/01\/IMG_0315.jpeg\" \/>\n\t<meta property=\"og:image:width\" content=\"1280\" \/>\n\t<meta property=\"og:image:height\" content=\"853\" \/>\n\t<meta property=\"og:image:type\" content=\"image\/jpeg\" \/>\n<meta name=\"author\" content=\"Redacci\u00f3n QP\" \/>\n<meta name=\"twitter:card\" content=\"summary_large_image\" \/>\n<meta name=\"twitter:label1\" content=\"Escrito por\" \/>\n\t<meta name=\"twitter:data1\" content=\"Redacci\u00f3n QP\" \/>\n\t<meta name=\"twitter:label2\" content=\"Tiempo de lectura\" \/>\n\t<meta name=\"twitter:data2\" content=\"3 minutos\" \/>\n<script type=\"application\/ld+json\" class=\"yoast-schema-graph\">{\"@context\":\"https:\\\/\\\/schema.org\",\"@graph\":[{\"@type\":\"Article\",\"@id\":\"https:\\\/\\\/quehacerpolitico.mx\\\/?p=114405#article\",\"isPartOf\":{\"@id\":\"https:\\\/\\\/quehacerpolitico.mx\\\/?p=114405\"},\"author\":{\"name\":\"Redacci\u00f3n QP\",\"@id\":\"https:\\\/\\\/quehacerpolitico.mx\\\/#\\\/schema\\\/person\\\/496d8ad2d1d3f8036101dca7ee39e585\"},\"headline\":\"EL TALLER DE FOTOGRAF\u00cdA \u201cPR\u00c1CTICAS AL ANDAR\u201d DEJA HUELLA EN J\u00d3VENES OAXAQUE\u00d1OS\",\"datePublished\":\"2025-01-28T19:54:59+00:00\",\"dateModified\":\"2025-01-28T19:55:54+00:00\",\"mainEntityOfPage\":{\"@id\":\"https:\\\/\\\/quehacerpolitico.mx\\\/?p=114405\"},\"wordCount\":555,\"commentCount\":0,\"image\":{\"@id\":\"https:\\\/\\\/quehacerpolitico.mx\\\/?p=114405#primaryimage\"},\"thumbnailUrl\":\"https:\\\/\\\/quehacerpolitico.mx\\\/wp-content\\\/uploads\\\/2025\\\/01\\\/IMG_0315.jpeg\",\"articleSection\":[\"Cultura y Entretenimiento\"],\"inLanguage\":\"es\",\"potentialAction\":[{\"@type\":\"CommentAction\",\"name\":\"Comment\",\"target\":[\"https:\\\/\\\/quehacerpolitico.mx\\\/?p=114405#respond\"]}]},{\"@type\":\"WebPage\",\"@id\":\"https:\\\/\\\/quehacerpolitico.mx\\\/?p=114405\",\"url\":\"https:\\\/\\\/quehacerpolitico.mx\\\/?p=114405\",\"name\":\"EL TALLER DE FOTOGRAF\u00cdA \u201cPR\u00c1CTICAS AL ANDAR\u201d DEJA HUELLA EN J\u00d3VENES OAXAQUE\u00d1OS -\",\"isPartOf\":{\"@id\":\"https:\\\/\\\/quehacerpolitico.mx\\\/#website\"},\"primaryImageOfPage\":{\"@id\":\"https:\\\/\\\/quehacerpolitico.mx\\\/?p=114405#primaryimage\"},\"image\":{\"@id\":\"https:\\\/\\\/quehacerpolitico.mx\\\/?p=114405#primaryimage\"},\"thumbnailUrl\":\"https:\\\/\\\/quehacerpolitico.mx\\\/wp-content\\\/uploads\\\/2025\\\/01\\\/IMG_0315.jpeg\",\"datePublished\":\"2025-01-28T19:54:59+00:00\",\"dateModified\":\"2025-01-28T19:55:54+00:00\",\"author\":{\"@id\":\"https:\\\/\\\/quehacerpolitico.mx\\\/#\\\/schema\\\/person\\\/496d8ad2d1d3f8036101dca7ee39e585\"},\"breadcrumb\":{\"@id\":\"https:\\\/\\\/quehacerpolitico.mx\\\/?p=114405#breadcrumb\"},\"inLanguage\":\"es\",\"potentialAction\":[{\"@type\":\"ReadAction\",\"target\":[\"https:\\\/\\\/quehacerpolitico.mx\\\/?p=114405\"]}]},{\"@type\":\"ImageObject\",\"inLanguage\":\"es\",\"@id\":\"https:\\\/\\\/quehacerpolitico.mx\\\/?p=114405#primaryimage\",\"url\":\"https:\\\/\\\/quehacerpolitico.mx\\\/wp-content\\\/uploads\\\/2025\\\/01\\\/IMG_0315.jpeg\",\"contentUrl\":\"https:\\\/\\\/quehacerpolitico.mx\\\/wp-content\\\/uploads\\\/2025\\\/01\\\/IMG_0315.jpeg\",\"width\":1280,\"height\":853},{\"@type\":\"BreadcrumbList\",\"@id\":\"https:\\\/\\\/quehacerpolitico.mx\\\/?p=114405#breadcrumb\",\"itemListElement\":[{\"@type\":\"ListItem\",\"position\":1,\"name\":\"Inicio\",\"item\":\"https:\\\/\\\/quehacerpolitico.mx\\\/\"},{\"@type\":\"ListItem\",\"position\":2,\"name\":\"EL TALLER DE FOTOGRAF\u00cdA \u201cPR\u00c1CTICAS AL ANDAR\u201d DEJA HUELLA EN J\u00d3VENES OAXAQUE\u00d1OS\"}]},{\"@type\":\"WebSite\",\"@id\":\"https:\\\/\\\/quehacerpolitico.mx\\\/#website\",\"url\":\"https:\\\/\\\/quehacerpolitico.mx\\\/\",\"name\":\"\",\"description\":\"\",\"potentialAction\":[{\"@type\":\"SearchAction\",\"target\":{\"@type\":\"EntryPoint\",\"urlTemplate\":\"https:\\\/\\\/quehacerpolitico.mx\\\/?s={search_term_string}\"},\"query-input\":{\"@type\":\"PropertyValueSpecification\",\"valueRequired\":true,\"valueName\":\"search_term_string\"}}],\"inLanguage\":\"es\"},{\"@type\":\"Person\",\"@id\":\"https:\\\/\\\/quehacerpolitico.mx\\\/#\\\/schema\\\/person\\\/496d8ad2d1d3f8036101dca7ee39e585\",\"name\":\"Redacci\u00f3n QP\",\"image\":{\"@type\":\"ImageObject\",\"inLanguage\":\"es\",\"@id\":\"https:\\\/\\\/secure.gravatar.com\\\/avatar\\\/c7164ed6fdec453195284ad24a5ae5b6e1eed2b848477fa2a4787ba9adf39a41?s=96&d=mm&r=g\",\"url\":\"https:\\\/\\\/secure.gravatar.com\\\/avatar\\\/c7164ed6fdec453195284ad24a5ae5b6e1eed2b848477fa2a4787ba9adf39a41?s=96&d=mm&r=g\",\"contentUrl\":\"https:\\\/\\\/secure.gravatar.com\\\/avatar\\\/c7164ed6fdec453195284ad24a5ae5b6e1eed2b848477fa2a4787ba9adf39a41?s=96&d=mm&r=g\",\"caption\":\"Redacci\u00f3n QP\"},\"url\":\"https:\\\/\\\/quehacerpolitico.mx\\\/?author=2\"}]}<\/script>\n<!-- \/ Yoast SEO plugin. -->","yoast_head_json":{"title":"EL TALLER DE FOTOGRAF\u00cdA \u201cPR\u00c1CTICAS AL ANDAR\u201d DEJA HUELLA EN J\u00d3VENES OAXAQUE\u00d1OS -","robots":{"index":"index","follow":"follow","max-snippet":"max-snippet:-1","max-image-preview":"max-image-preview:large","max-video-preview":"max-video-preview:-1"},"canonical":"https:\/\/quehacerpolitico.mx\/?p=114405","og_locale":"es_MX","og_type":"article","og_title":"EL TALLER DE FOTOGRAF\u00cdA \u201cPR\u00c1CTICAS AL ANDAR\u201d DEJA HUELLA EN J\u00d3VENES OAXAQUE\u00d1OS -","og_description":"Por Redacci\u00f3n QP Oaxaca fue sede del taller \u201cPr\u00e1cticas al andar\u201d, una experiencia organizada por...","og_url":"https:\/\/quehacerpolitico.mx\/?p=114405","article_published_time":"2025-01-28T19:54:59+00:00","article_modified_time":"2025-01-28T19:55:54+00:00","og_image":[{"width":1280,"height":853,"url":"https:\/\/quehacerpolitico.mx\/wp-content\/uploads\/2025\/01\/IMG_0315.jpeg","type":"image\/jpeg"}],"author":"Redacci\u00f3n QP","twitter_card":"summary_large_image","twitter_misc":{"Escrito por":"Redacci\u00f3n QP","Tiempo de lectura":"3 minutos"},"schema":{"@context":"https:\/\/schema.org","@graph":[{"@type":"Article","@id":"https:\/\/quehacerpolitico.mx\/?p=114405#article","isPartOf":{"@id":"https:\/\/quehacerpolitico.mx\/?p=114405"},"author":{"name":"Redacci\u00f3n QP","@id":"https:\/\/quehacerpolitico.mx\/#\/schema\/person\/496d8ad2d1d3f8036101dca7ee39e585"},"headline":"EL TALLER DE FOTOGRAF\u00cdA \u201cPR\u00c1CTICAS AL ANDAR\u201d DEJA HUELLA EN J\u00d3VENES OAXAQUE\u00d1OS","datePublished":"2025-01-28T19:54:59+00:00","dateModified":"2025-01-28T19:55:54+00:00","mainEntityOfPage":{"@id":"https:\/\/quehacerpolitico.mx\/?p=114405"},"wordCount":555,"commentCount":0,"image":{"@id":"https:\/\/quehacerpolitico.mx\/?p=114405#primaryimage"},"thumbnailUrl":"https:\/\/quehacerpolitico.mx\/wp-content\/uploads\/2025\/01\/IMG_0315.jpeg","articleSection":["Cultura y Entretenimiento"],"inLanguage":"es","potentialAction":[{"@type":"CommentAction","name":"Comment","target":["https:\/\/quehacerpolitico.mx\/?p=114405#respond"]}]},{"@type":"WebPage","@id":"https:\/\/quehacerpolitico.mx\/?p=114405","url":"https:\/\/quehacerpolitico.mx\/?p=114405","name":"EL TALLER DE FOTOGRAF\u00cdA \u201cPR\u00c1CTICAS AL ANDAR\u201d DEJA HUELLA EN J\u00d3VENES OAXAQUE\u00d1OS -","isPartOf":{"@id":"https:\/\/quehacerpolitico.mx\/#website"},"primaryImageOfPage":{"@id":"https:\/\/quehacerpolitico.mx\/?p=114405#primaryimage"},"image":{"@id":"https:\/\/quehacerpolitico.mx\/?p=114405#primaryimage"},"thumbnailUrl":"https:\/\/quehacerpolitico.mx\/wp-content\/uploads\/2025\/01\/IMG_0315.jpeg","datePublished":"2025-01-28T19:54:59+00:00","dateModified":"2025-01-28T19:55:54+00:00","author":{"@id":"https:\/\/quehacerpolitico.mx\/#\/schema\/person\/496d8ad2d1d3f8036101dca7ee39e585"},"breadcrumb":{"@id":"https:\/\/quehacerpolitico.mx\/?p=114405#breadcrumb"},"inLanguage":"es","potentialAction":[{"@type":"ReadAction","target":["https:\/\/quehacerpolitico.mx\/?p=114405"]}]},{"@type":"ImageObject","inLanguage":"es","@id":"https:\/\/quehacerpolitico.mx\/?p=114405#primaryimage","url":"https:\/\/quehacerpolitico.mx\/wp-content\/uploads\/2025\/01\/IMG_0315.jpeg","contentUrl":"https:\/\/quehacerpolitico.mx\/wp-content\/uploads\/2025\/01\/IMG_0315.jpeg","width":1280,"height":853},{"@type":"BreadcrumbList","@id":"https:\/\/quehacerpolitico.mx\/?p=114405#breadcrumb","itemListElement":[{"@type":"ListItem","position":1,"name":"Inicio","item":"https:\/\/quehacerpolitico.mx\/"},{"@type":"ListItem","position":2,"name":"EL TALLER DE FOTOGRAF\u00cdA \u201cPR\u00c1CTICAS AL ANDAR\u201d DEJA HUELLA EN J\u00d3VENES OAXAQUE\u00d1OS"}]},{"@type":"WebSite","@id":"https:\/\/quehacerpolitico.mx\/#website","url":"https:\/\/quehacerpolitico.mx\/","name":"","description":"","potentialAction":[{"@type":"SearchAction","target":{"@type":"EntryPoint","urlTemplate":"https:\/\/quehacerpolitico.mx\/?s={search_term_string}"},"query-input":{"@type":"PropertyValueSpecification","valueRequired":true,"valueName":"search_term_string"}}],"inLanguage":"es"},{"@type":"Person","@id":"https:\/\/quehacerpolitico.mx\/#\/schema\/person\/496d8ad2d1d3f8036101dca7ee39e585","name":"Redacci\u00f3n QP","image":{"@type":"ImageObject","inLanguage":"es","@id":"https:\/\/secure.gravatar.com\/avatar\/c7164ed6fdec453195284ad24a5ae5b6e1eed2b848477fa2a4787ba9adf39a41?s=96&d=mm&r=g","url":"https:\/\/secure.gravatar.com\/avatar\/c7164ed6fdec453195284ad24a5ae5b6e1eed2b848477fa2a4787ba9adf39a41?s=96&d=mm&r=g","contentUrl":"https:\/\/secure.gravatar.com\/avatar\/c7164ed6fdec453195284ad24a5ae5b6e1eed2b848477fa2a4787ba9adf39a41?s=96&d=mm&r=g","caption":"Redacci\u00f3n QP"},"url":"https:\/\/quehacerpolitico.mx\/?author=2"}]}},"featured_image_urls":{"full":["https:\/\/quehacerpolitico.mx\/wp-content\/uploads\/2025\/01\/IMG_0315.jpeg",1280,853,false],"thumbnail":["https:\/\/quehacerpolitico.mx\/wp-content\/uploads\/2025\/01\/IMG_0315-150x150.jpeg",150,150,true],"medium":["https:\/\/quehacerpolitico.mx\/wp-content\/uploads\/2025\/01\/IMG_0315-300x200.jpeg",300,200,true],"medium_large":["https:\/\/quehacerpolitico.mx\/wp-content\/uploads\/2025\/01\/IMG_0315-768x512.jpeg",640,427,true],"large":["https:\/\/quehacerpolitico.mx\/wp-content\/uploads\/2025\/01\/IMG_0315-1024x682.jpeg",640,426,true],"1536x1536":["https:\/\/quehacerpolitico.mx\/wp-content\/uploads\/2025\/01\/IMG_0315.jpeg",1280,853,false],"2048x2048":["https:\/\/quehacerpolitico.mx\/wp-content\/uploads\/2025\/01\/IMG_0315.jpeg",1280,853,false],"covernews-featured":["https:\/\/quehacerpolitico.mx\/wp-content\/uploads\/2025\/01\/IMG_0315-1024x682.jpeg",1024,682,true],"covernews-medium":["https:\/\/quehacerpolitico.mx\/wp-content\/uploads\/2025\/01\/IMG_0315-540x340.jpeg",540,340,true]},"author_info":{"display_name":"Redacci\u00f3n QP","author_link":"https:\/\/quehacerpolitico.mx\/?author=2"},"category_info":"<a href=\"https:\/\/quehacerpolitico.mx\/?cat=58\" rel=\"category\">Cultura y Entretenimiento<\/a>","tag_info":"Cultura y Entretenimiento","comment_count":"0","_links":{"self":[{"href":"https:\/\/quehacerpolitico.mx\/index.php?rest_route=\/wp\/v2\/posts\/114405","targetHints":{"allow":["GET"]}}],"collection":[{"href":"https:\/\/quehacerpolitico.mx\/index.php?rest_route=\/wp\/v2\/posts"}],"about":[{"href":"https:\/\/quehacerpolitico.mx\/index.php?rest_route=\/wp\/v2\/types\/post"}],"author":[{"embeddable":true,"href":"https:\/\/quehacerpolitico.mx\/index.php?rest_route=\/wp\/v2\/users\/2"}],"replies":[{"embeddable":true,"href":"https:\/\/quehacerpolitico.mx\/index.php?rest_route=%2Fwp%2Fv2%2Fcomments&post=114405"}],"version-history":[{"count":1,"href":"https:\/\/quehacerpolitico.mx\/index.php?rest_route=\/wp\/v2\/posts\/114405\/revisions"}],"predecessor-version":[{"id":114411,"href":"https:\/\/quehacerpolitico.mx\/index.php?rest_route=\/wp\/v2\/posts\/114405\/revisions\/114411"}],"wp:featuredmedia":[{"embeddable":true,"href":"https:\/\/quehacerpolitico.mx\/index.php?rest_route=\/wp\/v2\/media\/114406"}],"wp:attachment":[{"href":"https:\/\/quehacerpolitico.mx\/index.php?rest_route=%2Fwp%2Fv2%2Fmedia&parent=114405"}],"wp:term":[{"taxonomy":"category","embeddable":true,"href":"https:\/\/quehacerpolitico.mx\/index.php?rest_route=%2Fwp%2Fv2%2Fcategories&post=114405"},{"taxonomy":"post_tag","embeddable":true,"href":"https:\/\/quehacerpolitico.mx\/index.php?rest_route=%2Fwp%2Fv2%2Ftags&post=114405"}],"curies":[{"name":"wp","href":"https:\/\/api.w.org\/{rel}","templated":true}]}}