{"id":114379,"date":"2025-01-24T12:16:04","date_gmt":"2025-01-24T18:16:04","guid":{"rendered":"https:\/\/quehacerpolitico.mx\/?p=114379"},"modified":"2025-01-24T12:16:06","modified_gmt":"2025-01-24T18:16:06","slug":"sheinbaum-considera-que-declaratoria-de-trump-contra-carteles-no-ayuda-a-combatir-el-fentanilo","status":"publish","type":"post","link":"https:\/\/quehacerpolitico.mx\/?p=114379","title":{"rendered":"Sheinbaum considera que declaratoria de Trump contra c\u00e1rteles no ayuda a combatir el fentanilo"},"content":{"rendered":"\n<p>Por Redacci\u00f3n QP<\/p>\n\n\n\n<p>De acuerdo con la mandataria, la soluci\u00f3n al tema del fentanilo est\u00e1 en el combate a las causas y dijo que m\u00e1s que la declaratoria, lo que ayudar\u00eda ser\u00eda la colaboraci\u00f3n y la coordinaci\u00f3n conjunta<\/p>\n\n\n\n<p>La presidenta&nbsp;<strong>Claudia Sheinbaum&nbsp;<\/strong>asegur\u00f3 en su conferencia matutina que la declaraci\u00f3n de&nbsp;<strong>Donald Trump&nbsp;<\/strong>de los&nbsp;<strong>c\u00e1rteles como organizaciones terroristas no ayuda a combatir el fentanilo&nbsp;<\/strong>y recuper\u00f3 la ret\u00f3rica de su antecesor, Andr\u00e9s Manuel L\u00f3pez Obrador, en el sentido de que&nbsp;<strong>en M\u00e9xico hay unidad familiar y en Estados Unidos no<\/strong>.<\/p>\n\n\n\n<figure class=\"wp-block-embed is-type-rich is-provider-twitter wp-block-embed-twitter\"><div class=\"wp-block-embed__wrapper\">\n<blockquote class=\"twitter-tweet\" data-width=\"550\" data-dnt=\"true\"><p lang=\"es\" dir=\"ltr\">La presidenta Claudia Sheinbaum inform\u00f3 que el gobierno analiza las implicaciones que pudiera tener el decreto de Donald Trump para definir a los c\u00e1rteles  como  terroristas. <a href=\"https:\/\/t.co\/fhnmat0CCO\">pic.twitter.com\/fhnmat0CCO<\/a><\/p>&mdash; Azucena Uresti (@azucenau) <a href=\"https:\/\/twitter.com\/azucenau\/status\/1882800162487308392?ref_src=twsrc%5Etfw\">January 24, 2025<\/a><\/blockquote><script async src=\"https:\/\/platform.twitter.com\/widgets.js\" charset=\"utf-8\"><\/script>\n<\/div><\/figure>\n\n\n\n<p>De acuerdo con la mandataria,&nbsp;<strong>la soluci\u00f3n al tema del fentanilo est\u00e1 en el combate a las causas&nbsp;<\/strong>y dijo que m\u00e1s que la declaratoria, lo que ayudar\u00eda ser\u00eda&nbsp;<strong>la colaboraci\u00f3n y la coordinaci\u00f3n conjunta<\/strong>, \u201cy nosotros tenemos una estrategia integral\u201d.<\/p>\n\n\n\n<p>Agreg\u00f3 que \u201cel consumo del fentanilo&nbsp;<strong>no s\u00f3lo es un asunto de grupos criminales<\/strong>, es un asunto tambi\u00e9n de&nbsp;<strong>salud p\u00fablica&nbsp;<\/strong>y de atenci\u00f3n a las causas.&nbsp;\u00bfPor qu\u00e9 hay consumo de fentanilo en los Estados Unidos y no aqu\u00ed en los mismo niveles?\u201d.<\/p>\n\n\n\n<p>Y agreg\u00f3 en respuesta: \u201cLo hemos manifestado aqu\u00ed,&nbsp;<strong>hay un apoyo familiar<\/strong>, cosa que no ocurre de la misma manera en Estados Unidos\u201d, y aludi\u00f3 a la campa\u00f1a que su gobierno emprendi\u00f3 en contra del consumo de fentanilo.<\/p>\n\n\n\n<p>Detall\u00f3 que \u201clo que queremos es la construcci\u00f3n de la paz,&nbsp;<strong>evitar el tr\u00e1fico de armas de Estados Unidos a M\u00e9xico&nbsp;<\/strong>y que el fentanilo no llegue a ning\u00fan lugar, ni en M\u00e9xico ni en Estados Unidos ni en ning\u00fan lugar del mundo\u201d.<\/p>\n\n\n\n<p>El pasado 20 de enero tras su reinvestidura como presidente de Estados Unidos,&nbsp;<strong>Donald Trump<\/strong>, firm\u00f3 una serie de&nbsp;<strong>\u00f3rdenes<\/strong><strong>ejecutivas<\/strong>&nbsp;entre las que declar\u00f3 estado de emergencia en la frontera con M\u00e9xico y&nbsp;pidi\u00f3 al Departamento de Estado que designara a los<strong>&nbsp;c\u00e1rteles mexicanos<\/strong>&nbsp;como &#8220;<strong>organizaciones terroristas extranjeras<\/strong>&#8220;.<\/p>\n\n\n\n<p>Una medida que aumenta el alcance de la aplicaci\u00f3n de la ley estadounidense sobre los&nbsp;<strong>grupos criminales<\/strong>, pero corre el riesgo de&nbsp;complicar los negocios internacionales,&nbsp;<strong>restringir las solicitudes de asilo<\/strong>&nbsp;y tensar las relaciones con M\u00e9xico, seg\u00fan analistas.<\/p>\n\n\n\n<p>La medida apunta a dos promesas clave de Trump \u2014enfrentar la migraci\u00f3n y el narcotr\u00e1fico\u2014 y busca poner a c\u00e1rteles como Sinaloa y Jalisco Nueva Generaci\u00f3n (<strong>CJNG<\/strong>) a la par de organizaciones terroristas designadas como Al-Qaeda, Boko Haram, Hezbol\u00e1 y el Estado Isl\u00e1mico.&nbsp;<\/p>\n\n\n\n<p><em>Con informaci\u00f3n de Reuters<\/em><\/p>\n","protected":false},"excerpt":{"rendered":"<p>Por Redacci\u00f3n QP De acuerdo con la mandataria, la soluci\u00f3n al tema del fentanilo est\u00e1&#8230;<\/p>\n","protected":false},"author":2,"featured_media":114380,"comment_status":"open","ping_status":"open","sticky":false,"template":"","format":"standard","meta":{"_monsterinsights_skip_tracking":false,"_monsterinsights_sitenote_active":false,"_monsterinsights_sitenote_note":"","_monsterinsights_sitenote_category":0,"footnotes":""},"categories":[280,2],"tags":[],"class_list":["post-114379","post","type-post","status-publish","format-standard","has-post-thumbnail","hentry","category-nacionales","category-noticias"],"yoast_head":"<!-- This site is optimized with the Yoast SEO plugin v27.3 - https:\/\/yoast.com\/product\/yoast-seo-wordpress\/ -->\n<title>Sheinbaum considera que declaratoria de Trump contra c\u00e1rteles no ayuda a combatir el fentanilo -<\/title>\n<meta name=\"robots\" content=\"index, follow, max-snippet:-1, max-image-preview:large, max-video-preview:-1\" \/>\n<link rel=\"canonical\" href=\"https:\/\/quehacerpolitico.mx\/?p=114379\" \/>\n<meta property=\"og:locale\" content=\"es_MX\" \/>\n<meta property=\"og:type\" content=\"article\" \/>\n<meta property=\"og:title\" content=\"Sheinbaum considera que declaratoria de Trump contra c\u00e1rteles no ayuda a combatir el fentanilo -\" \/>\n<meta property=\"og:description\" content=\"Por Redacci\u00f3n QP De acuerdo con la mandataria, la soluci\u00f3n al tema del fentanilo est\u00e1...\" \/>\n<meta property=\"og:url\" content=\"https:\/\/quehacerpolitico.mx\/?p=114379\" \/>\n<meta property=\"article:published_time\" content=\"2025-01-24T18:16:04+00:00\" \/>\n<meta property=\"article:modified_time\" content=\"2025-01-24T18:16:06+00:00\" \/>\n<meta property=\"og:image\" content=\"https:\/\/quehacerpolitico.mx\/wp-content\/uploads\/2025\/01\/IMG_0272.jpeg\" \/>\n\t<meta property=\"og:image:width\" content=\"1284\" \/>\n\t<meta property=\"og:image:height\" content=\"719\" \/>\n\t<meta property=\"og:image:type\" content=\"image\/jpeg\" \/>\n<meta name=\"author\" content=\"Redacci\u00f3n QP\" \/>\n<meta name=\"twitter:card\" content=\"summary_large_image\" \/>\n<meta name=\"twitter:label1\" content=\"Escrito por\" \/>\n\t<meta name=\"twitter:data1\" content=\"Redacci\u00f3n QP\" \/>\n\t<meta name=\"twitter:label2\" content=\"Tiempo de lectura\" \/>\n\t<meta name=\"twitter:data2\" content=\"2 minutos\" \/>\n<script type=\"application\/ld+json\" class=\"yoast-schema-graph\">{\"@context\":\"https:\\\/\\\/schema.org\",\"@graph\":[{\"@type\":\"Article\",\"@id\":\"https:\\\/\\\/quehacerpolitico.mx\\\/?p=114379#article\",\"isPartOf\":{\"@id\":\"https:\\\/\\\/quehacerpolitico.mx\\\/?p=114379\"},\"author\":{\"name\":\"Redacci\u00f3n QP\",\"@id\":\"https:\\\/\\\/quehacerpolitico.mx\\\/#\\\/schema\\\/person\\\/496d8ad2d1d3f8036101dca7ee39e585\"},\"headline\":\"Sheinbaum considera que declaratoria de Trump contra c\u00e1rteles no ayuda a combatir el fentanilo\",\"datePublished\":\"2025-01-24T18:16:04+00:00\",\"dateModified\":\"2025-01-24T18:16:06+00:00\",\"mainEntityOfPage\":{\"@id\":\"https:\\\/\\\/quehacerpolitico.mx\\\/?p=114379\"},\"wordCount\":486,\"commentCount\":0,\"image\":{\"@id\":\"https:\\\/\\\/quehacerpolitico.mx\\\/?p=114379#primaryimage\"},\"thumbnailUrl\":\"https:\\\/\\\/quehacerpolitico.mx\\\/wp-content\\\/uploads\\\/2025\\\/01\\\/IMG_0272.jpeg\",\"articleSection\":[\"Nacionales\",\"Noticias\"],\"inLanguage\":\"es\",\"potentialAction\":[{\"@type\":\"CommentAction\",\"name\":\"Comment\",\"target\":[\"https:\\\/\\\/quehacerpolitico.mx\\\/?p=114379#respond\"]}]},{\"@type\":\"WebPage\",\"@id\":\"https:\\\/\\\/quehacerpolitico.mx\\\/?p=114379\",\"url\":\"https:\\\/\\\/quehacerpolitico.mx\\\/?p=114379\",\"name\":\"Sheinbaum considera que declaratoria de Trump contra c\u00e1rteles no ayuda a combatir el fentanilo -\",\"isPartOf\":{\"@id\":\"https:\\\/\\\/quehacerpolitico.mx\\\/#website\"},\"primaryImageOfPage\":{\"@id\":\"https:\\\/\\\/quehacerpolitico.mx\\\/?p=114379#primaryimage\"},\"image\":{\"@id\":\"https:\\\/\\\/quehacerpolitico.mx\\\/?p=114379#primaryimage\"},\"thumbnailUrl\":\"https:\\\/\\\/quehacerpolitico.mx\\\/wp-content\\\/uploads\\\/2025\\\/01\\\/IMG_0272.jpeg\",\"datePublished\":\"2025-01-24T18:16:04+00:00\",\"dateModified\":\"2025-01-24T18:16:06+00:00\",\"author\":{\"@id\":\"https:\\\/\\\/quehacerpolitico.mx\\\/#\\\/schema\\\/person\\\/496d8ad2d1d3f8036101dca7ee39e585\"},\"breadcrumb\":{\"@id\":\"https:\\\/\\\/quehacerpolitico.mx\\\/?p=114379#breadcrumb\"},\"inLanguage\":\"es\",\"potentialAction\":[{\"@type\":\"ReadAction\",\"target\":[\"https:\\\/\\\/quehacerpolitico.mx\\\/?p=114379\"]}]},{\"@type\":\"ImageObject\",\"inLanguage\":\"es\",\"@id\":\"https:\\\/\\\/quehacerpolitico.mx\\\/?p=114379#primaryimage\",\"url\":\"https:\\\/\\\/quehacerpolitico.mx\\\/wp-content\\\/uploads\\\/2025\\\/01\\\/IMG_0272.jpeg\",\"contentUrl\":\"https:\\\/\\\/quehacerpolitico.mx\\\/wp-content\\\/uploads\\\/2025\\\/01\\\/IMG_0272.jpeg\",\"width\":1284,\"height\":719,\"caption\":\"Screenshot\"},{\"@type\":\"BreadcrumbList\",\"@id\":\"https:\\\/\\\/quehacerpolitico.mx\\\/?p=114379#breadcrumb\",\"itemListElement\":[{\"@type\":\"ListItem\",\"position\":1,\"name\":\"Inicio\",\"item\":\"https:\\\/\\\/quehacerpolitico.mx\\\/\"},{\"@type\":\"ListItem\",\"position\":2,\"name\":\"Sheinbaum considera que declaratoria de Trump contra c\u00e1rteles no ayuda a combatir el fentanilo\"}]},{\"@type\":\"WebSite\",\"@id\":\"https:\\\/\\\/quehacerpolitico.mx\\\/#website\",\"url\":\"https:\\\/\\\/quehacerpolitico.mx\\\/\",\"name\":\"\",\"description\":\"\",\"potentialAction\":[{\"@type\":\"SearchAction\",\"target\":{\"@type\":\"EntryPoint\",\"urlTemplate\":\"https:\\\/\\\/quehacerpolitico.mx\\\/?s={search_term_string}\"},\"query-input\":{\"@type\":\"PropertyValueSpecification\",\"valueRequired\":true,\"valueName\":\"search_term_string\"}}],\"inLanguage\":\"es\"},{\"@type\":\"Person\",\"@id\":\"https:\\\/\\\/quehacerpolitico.mx\\\/#\\\/schema\\\/person\\\/496d8ad2d1d3f8036101dca7ee39e585\",\"name\":\"Redacci\u00f3n QP\",\"image\":{\"@type\":\"ImageObject\",\"inLanguage\":\"es\",\"@id\":\"https:\\\/\\\/secure.gravatar.com\\\/avatar\\\/c7164ed6fdec453195284ad24a5ae5b6e1eed2b848477fa2a4787ba9adf39a41?s=96&d=mm&r=g\",\"url\":\"https:\\\/\\\/secure.gravatar.com\\\/avatar\\\/c7164ed6fdec453195284ad24a5ae5b6e1eed2b848477fa2a4787ba9adf39a41?s=96&d=mm&r=g\",\"contentUrl\":\"https:\\\/\\\/secure.gravatar.com\\\/avatar\\\/c7164ed6fdec453195284ad24a5ae5b6e1eed2b848477fa2a4787ba9adf39a41?s=96&d=mm&r=g\",\"caption\":\"Redacci\u00f3n QP\"},\"url\":\"https:\\\/\\\/quehacerpolitico.mx\\\/?author=2\"}]}<\/script>\n<!-- \/ Yoast SEO plugin. -->","yoast_head_json":{"title":"Sheinbaum considera que declaratoria de Trump contra c\u00e1rteles no ayuda a combatir el fentanilo -","robots":{"index":"index","follow":"follow","max-snippet":"max-snippet:-1","max-image-preview":"max-image-preview:large","max-video-preview":"max-video-preview:-1"},"canonical":"https:\/\/quehacerpolitico.mx\/?p=114379","og_locale":"es_MX","og_type":"article","og_title":"Sheinbaum considera que declaratoria de Trump contra c\u00e1rteles no ayuda a combatir el fentanilo -","og_description":"Por Redacci\u00f3n QP De acuerdo con la mandataria, la soluci\u00f3n al tema del fentanilo est\u00e1...","og_url":"https:\/\/quehacerpolitico.mx\/?p=114379","article_published_time":"2025-01-24T18:16:04+00:00","article_modified_time":"2025-01-24T18:16:06+00:00","og_image":[{"width":1284,"height":719,"url":"https:\/\/quehacerpolitico.mx\/wp-content\/uploads\/2025\/01\/IMG_0272.jpeg","type":"image\/jpeg"}],"author":"Redacci\u00f3n QP","twitter_card":"summary_large_image","twitter_misc":{"Escrito por":"Redacci\u00f3n QP","Tiempo de lectura":"2 minutos"},"schema":{"@context":"https:\/\/schema.org","@graph":[{"@type":"Article","@id":"https:\/\/quehacerpolitico.mx\/?p=114379#article","isPartOf":{"@id":"https:\/\/quehacerpolitico.mx\/?p=114379"},"author":{"name":"Redacci\u00f3n QP","@id":"https:\/\/quehacerpolitico.mx\/#\/schema\/person\/496d8ad2d1d3f8036101dca7ee39e585"},"headline":"Sheinbaum considera que declaratoria de Trump contra c\u00e1rteles no ayuda a combatir el fentanilo","datePublished":"2025-01-24T18:16:04+00:00","dateModified":"2025-01-24T18:16:06+00:00","mainEntityOfPage":{"@id":"https:\/\/quehacerpolitico.mx\/?p=114379"},"wordCount":486,"commentCount":0,"image":{"@id":"https:\/\/quehacerpolitico.mx\/?p=114379#primaryimage"},"thumbnailUrl":"https:\/\/quehacerpolitico.mx\/wp-content\/uploads\/2025\/01\/IMG_0272.jpeg","articleSection":["Nacionales","Noticias"],"inLanguage":"es","potentialAction":[{"@type":"CommentAction","name":"Comment","target":["https:\/\/quehacerpolitico.mx\/?p=114379#respond"]}]},{"@type":"WebPage","@id":"https:\/\/quehacerpolitico.mx\/?p=114379","url":"https:\/\/quehacerpolitico.mx\/?p=114379","name":"Sheinbaum considera que declaratoria de Trump contra c\u00e1rteles no ayuda a combatir el fentanilo -","isPartOf":{"@id":"https:\/\/quehacerpolitico.mx\/#website"},"primaryImageOfPage":{"@id":"https:\/\/quehacerpolitico.mx\/?p=114379#primaryimage"},"image":{"@id":"https:\/\/quehacerpolitico.mx\/?p=114379#primaryimage"},"thumbnailUrl":"https:\/\/quehacerpolitico.mx\/wp-content\/uploads\/2025\/01\/IMG_0272.jpeg","datePublished":"2025-01-24T18:16:04+00:00","dateModified":"2025-01-24T18:16:06+00:00","author":{"@id":"https:\/\/quehacerpolitico.mx\/#\/schema\/person\/496d8ad2d1d3f8036101dca7ee39e585"},"breadcrumb":{"@id":"https:\/\/quehacerpolitico.mx\/?p=114379#breadcrumb"},"inLanguage":"es","potentialAction":[{"@type":"ReadAction","target":["https:\/\/quehacerpolitico.mx\/?p=114379"]}]},{"@type":"ImageObject","inLanguage":"es","@id":"https:\/\/quehacerpolitico.mx\/?p=114379#primaryimage","url":"https:\/\/quehacerpolitico.mx\/wp-content\/uploads\/2025\/01\/IMG_0272.jpeg","contentUrl":"https:\/\/quehacerpolitico.mx\/wp-content\/uploads\/2025\/01\/IMG_0272.jpeg","width":1284,"height":719,"caption":"Screenshot"},{"@type":"BreadcrumbList","@id":"https:\/\/quehacerpolitico.mx\/?p=114379#breadcrumb","itemListElement":[{"@type":"ListItem","position":1,"name":"Inicio","item":"https:\/\/quehacerpolitico.mx\/"},{"@type":"ListItem","position":2,"name":"Sheinbaum considera que declaratoria de Trump contra c\u00e1rteles no ayuda a combatir el fentanilo"}]},{"@type":"WebSite","@id":"https:\/\/quehacerpolitico.mx\/#website","url":"https:\/\/quehacerpolitico.mx\/","name":"","description":"","potentialAction":[{"@type":"SearchAction","target":{"@type":"EntryPoint","urlTemplate":"https:\/\/quehacerpolitico.mx\/?s={search_term_string}"},"query-input":{"@type":"PropertyValueSpecification","valueRequired":true,"valueName":"search_term_string"}}],"inLanguage":"es"},{"@type":"Person","@id":"https:\/\/quehacerpolitico.mx\/#\/schema\/person\/496d8ad2d1d3f8036101dca7ee39e585","name":"Redacci\u00f3n QP","image":{"@type":"ImageObject","inLanguage":"es","@id":"https:\/\/secure.gravatar.com\/avatar\/c7164ed6fdec453195284ad24a5ae5b6e1eed2b848477fa2a4787ba9adf39a41?s=96&d=mm&r=g","url":"https:\/\/secure.gravatar.com\/avatar\/c7164ed6fdec453195284ad24a5ae5b6e1eed2b848477fa2a4787ba9adf39a41?s=96&d=mm&r=g","contentUrl":"https:\/\/secure.gravatar.com\/avatar\/c7164ed6fdec453195284ad24a5ae5b6e1eed2b848477fa2a4787ba9adf39a41?s=96&d=mm&r=g","caption":"Redacci\u00f3n QP"},"url":"https:\/\/quehacerpolitico.mx\/?author=2"}]}},"featured_image_urls":{"full":["https:\/\/quehacerpolitico.mx\/wp-content\/uploads\/2025\/01\/IMG_0272.jpeg",1284,719,false],"thumbnail":["https:\/\/quehacerpolitico.mx\/wp-content\/uploads\/2025\/01\/IMG_0272-150x150.jpeg",150,150,true],"medium":["https:\/\/quehacerpolitico.mx\/wp-content\/uploads\/2025\/01\/IMG_0272-300x168.jpeg",300,168,true],"medium_large":["https:\/\/quehacerpolitico.mx\/wp-content\/uploads\/2025\/01\/IMG_0272-768x430.jpeg",640,358,true],"large":["https:\/\/quehacerpolitico.mx\/wp-content\/uploads\/2025\/01\/IMG_0272-1024x573.jpeg",640,358,true],"1536x1536":["https:\/\/quehacerpolitico.mx\/wp-content\/uploads\/2025\/01\/IMG_0272.jpeg",1284,719,false],"2048x2048":["https:\/\/quehacerpolitico.mx\/wp-content\/uploads\/2025\/01\/IMG_0272.jpeg",1284,719,false],"covernews-featured":["https:\/\/quehacerpolitico.mx\/wp-content\/uploads\/2025\/01\/IMG_0272-1024x573.jpeg",1024,573,true],"covernews-medium":["https:\/\/quehacerpolitico.mx\/wp-content\/uploads\/2025\/01\/IMG_0272-540x340.jpeg",540,340,true]},"author_info":{"display_name":"Redacci\u00f3n QP","author_link":"https:\/\/quehacerpolitico.mx\/?author=2"},"category_info":"<a href=\"https:\/\/quehacerpolitico.mx\/?cat=280\" rel=\"category\">Nacionales<\/a> <a href=\"https:\/\/quehacerpolitico.mx\/?cat=2\" rel=\"category\">Noticias<\/a>","tag_info":"Noticias","comment_count":"0","_links":{"self":[{"href":"https:\/\/quehacerpolitico.mx\/index.php?rest_route=\/wp\/v2\/posts\/114379","targetHints":{"allow":["GET"]}}],"collection":[{"href":"https:\/\/quehacerpolitico.mx\/index.php?rest_route=\/wp\/v2\/posts"}],"about":[{"href":"https:\/\/quehacerpolitico.mx\/index.php?rest_route=\/wp\/v2\/types\/post"}],"author":[{"embeddable":true,"href":"https:\/\/quehacerpolitico.mx\/index.php?rest_route=\/wp\/v2\/users\/2"}],"replies":[{"embeddable":true,"href":"https:\/\/quehacerpolitico.mx\/index.php?rest_route=%2Fwp%2Fv2%2Fcomments&post=114379"}],"version-history":[{"count":2,"href":"https:\/\/quehacerpolitico.mx\/index.php?rest_route=\/wp\/v2\/posts\/114379\/revisions"}],"predecessor-version":[{"id":114382,"href":"https:\/\/quehacerpolitico.mx\/index.php?rest_route=\/wp\/v2\/posts\/114379\/revisions\/114382"}],"wp:featuredmedia":[{"embeddable":true,"href":"https:\/\/quehacerpolitico.mx\/index.php?rest_route=\/wp\/v2\/media\/114380"}],"wp:attachment":[{"href":"https:\/\/quehacerpolitico.mx\/index.php?rest_route=%2Fwp%2Fv2%2Fmedia&parent=114379"}],"wp:term":[{"taxonomy":"category","embeddable":true,"href":"https:\/\/quehacerpolitico.mx\/index.php?rest_route=%2Fwp%2Fv2%2Fcategories&post=114379"},{"taxonomy":"post_tag","embeddable":true,"href":"https:\/\/quehacerpolitico.mx\/index.php?rest_route=%2Fwp%2Fv2%2Ftags&post=114379"}],"curies":[{"name":"wp","href":"https:\/\/api.w.org\/{rel}","templated":true}]}}