{"id":114364,"date":"2025-01-20T16:55:47","date_gmt":"2025-01-20T22:55:47","guid":{"rendered":"https:\/\/quehacerpolitico.mx\/?p=114364"},"modified":"2025-01-20T16:55:50","modified_gmt":"2025-01-20T22:55:50","slug":"como-vecinos-y-socios-comerciales-el-dialogo-el-respeto-y-la-cooperacion-siempre-seran-el-simbolo-de-nuestra-relacion-la-felicitacion-de-sheinbaum-a-trump-tras-varias-horas-de-silencio","status":"publish","type":"post","link":"https:\/\/quehacerpolitico.mx\/?p=114364","title":{"rendered":"&#8220;Como vecinos y socios comerciales, el di\u00e1logo, el respeto y la cooperaci\u00f3n siempre ser\u00e1n el s\u00edmbolo de nuestra relaci\u00f3n&#8221; La felicitaci\u00f3n de Sheinbaum a Trump, tras varias horas de silencio"},"content":{"rendered":"\n<p>Por Redacci\u00f3n QP<\/p>\n\n\n\n<p>La mandataria mexicana envi\u00f3 su mensaje desde su cuenta de X y en el marco de una reuni\u00f3n que sostiene en Palacio Nacional<\/p>\n\n\n\n<p>La presidenta\u00a0<strong>Claudia Sheinbaum\u00a0<\/strong>felicit\u00f3 al presidente de Estados Unidos, Donald Trump, por su toma de protesta esta ma\u00f1ana. Confi\u00f3 en que el di\u00e1logo, el respeto y la cooperaci\u00f3n prevalezcan en la relaci\u00f3n bilateral.<\/p>\n\n\n\n<figure class=\"wp-block-embed is-type-rich is-provider-twitter wp-block-embed-twitter\"><div class=\"wp-block-embed__wrapper\">\n<blockquote class=\"twitter-tweet\" data-width=\"550\" data-dnt=\"true\"><p lang=\"es\" dir=\"ltr\">A nombre del Gobierno de M\u00e9xico felicito a Donald Trump <a href=\"https:\/\/twitter.com\/POTUS?ref_src=twsrc%5Etfw\">@POTUS<\/a> por su toma de posesi\u00f3n como presidente n\u00famero 47 de los Estados Unidos de Am\u00e9rica. Como vecinos y socios comerciales, el di\u00e1logo, el respeto y la cooperaci\u00f3n siempre ser\u00e1n el s\u00edmbolo de nuestra relaci\u00f3n.<\/p>&mdash; Claudia Sheinbaum Pardo (@Claudiashein) <a href=\"https:\/\/twitter.com\/Claudiashein\/status\/1881453129142554929?ref_src=twsrc%5Etfw\">January 20, 2025<\/a><\/blockquote><script async src=\"https:\/\/platform.twitter.com\/widgets.js\" charset=\"utf-8\"><\/script>\n<\/div><\/figure>\n\n\n\n<p>\u201cA nombre del gobierno de M\u00e9xico felicit\u00f3 a Donald Trump&nbsp;por su toma de posesi\u00f3n como presidente n\u00famero 47 de los Estados Unidos de Am\u00e9rica. Como vecinos y socios comerciales, el di\u00e1logo, el respeto y la cooperaci\u00f3n siempre ser\u00e1n el s\u00edmbolo de nuestra relaci\u00f3n\u201d, escribi\u00f3 Sheinbaum en sus redes sociales.<\/p>\n\n\n\n<p>Luego de la toma de posesi\u00f3n de Trump, la presidenta Claudia Sheinbaum convoc\u00f3 en Palacio Nacional a parte de su gabinete para abordar las implicaciones del mensaje inaugural del mandatario estadounidense, quien anunci\u00f3 que<strong>\u00a0pedir\u00e1 declarar emergencia<\/strong>\u00a0<strong>nacional\u00a0<\/strong>en la frontera con M\u00e9xico, adem\u00e1s de declarar como terroristas a los grupos del narcotr\u00e1fico.<\/p>\n\n\n\n<p>Al encuentro asistieron los secretarios de Gobernaci\u00f3n, Rosa Icela Rodr\u00edguez;&nbsp;de Relaciones Exteriores, Juan Ram\u00f3n de la Fuente; de Trabajo, Marath Bola\u00f1os; e Bienestar, Ariadna Montiel; de Agricultura, Julio Berdegu\u00e9; de la Defensa, Ricardo Trevilla; de Marina, Raymundo Pedro Morales; de Mujeres, Citlalli Hern\u00e1ndez; de Desarrollo Territorial y Urbano, Edna Vega,<\/p>\n\n\n\n<p>Ademas asistieron el comisionado del Instituto Nacional de Migraci\u00f3n, Francisco Gardu\u00f1o, y su pr\u00f3ximo titular, Sergio Salom\u00f3n, as\u00ed como funcionarios de Aduanas, y el subsecretario de Derechos Humanos de la Secretar\u00eda de Gobernaci\u00f3n, Arturo Medina.<\/p>\n\n\n\n<p>Tras hora y media de reuni\u00f3n, los funcionarios se retiraron de Palacio Nacional<strong>sin hacer declaraci\u00f3n&nbsp;<\/strong>a los medios de comunicaci\u00f3n. Se inform\u00f3 que ser\u00e1 la presidenta Sheinbaum quien fije la postura del gobierno mexicano en su conferencia matutina de este martes.&nbsp;<br>De acuerdo con la Presidencia, la mandataria no observ\u00f3 en vivo el mensaje inaugural de Trump, sino que posteriormente lo vio grabado en su oficina, junto con el secretario de Hacienda, Rogelio Ram\u00edrez de la O.<\/p>\n","protected":false},"excerpt":{"rendered":"<p>Por Redacci\u00f3n QP La mandataria mexicana envi\u00f3 su mensaje desde su cuenta de X y&#8230;<\/p>\n","protected":false},"author":2,"featured_media":114365,"comment_status":"open","ping_status":"open","sticky":false,"template":"","format":"standard","meta":{"_monsterinsights_skip_tracking":false,"_monsterinsights_sitenote_active":false,"_monsterinsights_sitenote_note":"","_monsterinsights_sitenote_category":0,"footnotes":""},"categories":[280,2],"tags":[],"class_list":["post-114364","post","type-post","status-publish","format-standard","has-post-thumbnail","hentry","category-nacionales","category-noticias"],"yoast_head":"<!-- This site is optimized with the Yoast SEO plugin v27.3 - https:\/\/yoast.com\/product\/yoast-seo-wordpress\/ -->\n<title>&quot;Como vecinos y socios comerciales, el di\u00e1logo, el respeto y la cooperaci\u00f3n siempre ser\u00e1n el s\u00edmbolo de nuestra relaci\u00f3n&quot; La felicitaci\u00f3n de Sheinbaum a Trump, tras varias horas de silencio -<\/title>\n<meta name=\"robots\" content=\"index, follow, max-snippet:-1, max-image-preview:large, max-video-preview:-1\" \/>\n<link rel=\"canonical\" href=\"https:\/\/quehacerpolitico.mx\/?p=114364\" \/>\n<meta property=\"og:locale\" content=\"es_MX\" \/>\n<meta property=\"og:type\" content=\"article\" \/>\n<meta property=\"og:title\" content=\"&quot;Como vecinos y socios comerciales, el di\u00e1logo, el respeto y la cooperaci\u00f3n siempre ser\u00e1n el s\u00edmbolo de nuestra relaci\u00f3n&quot; La felicitaci\u00f3n de Sheinbaum a Trump, tras varias horas de silencio -\" \/>\n<meta property=\"og:description\" content=\"Por Redacci\u00f3n QP La mandataria mexicana envi\u00f3 su mensaje desde su cuenta de X y...\" \/>\n<meta property=\"og:url\" content=\"https:\/\/quehacerpolitico.mx\/?p=114364\" \/>\n<meta property=\"article:published_time\" content=\"2025-01-20T22:55:47+00:00\" \/>\n<meta property=\"article:modified_time\" content=\"2025-01-20T22:55:50+00:00\" \/>\n<meta property=\"og:image\" content=\"https:\/\/quehacerpolitico.mx\/wp-content\/uploads\/2025\/01\/IMG_0212.jpeg\" \/>\n\t<meta property=\"og:image:width\" content=\"678\" \/>\n\t<meta property=\"og:image:height\" content=\"452\" \/>\n\t<meta property=\"og:image:type\" content=\"image\/jpeg\" \/>\n<meta name=\"author\" content=\"Redacci\u00f3n QP\" \/>\n<meta name=\"twitter:card\" content=\"summary_large_image\" \/>\n<meta name=\"twitter:label1\" content=\"Escrito por\" \/>\n\t<meta name=\"twitter:data1\" content=\"Redacci\u00f3n QP\" \/>\n\t<meta name=\"twitter:label2\" content=\"Tiempo de lectura\" \/>\n\t<meta name=\"twitter:data2\" content=\"2 minutos\" \/>\n<script type=\"application\/ld+json\" class=\"yoast-schema-graph\">{\"@context\":\"https:\\\/\\\/schema.org\",\"@graph\":[{\"@type\":\"Article\",\"@id\":\"https:\\\/\\\/quehacerpolitico.mx\\\/?p=114364#article\",\"isPartOf\":{\"@id\":\"https:\\\/\\\/quehacerpolitico.mx\\\/?p=114364\"},\"author\":{\"name\":\"Redacci\u00f3n QP\",\"@id\":\"https:\\\/\\\/quehacerpolitico.mx\\\/#\\\/schema\\\/person\\\/496d8ad2d1d3f8036101dca7ee39e585\"},\"headline\":\"&#8220;Como vecinos y socios comerciales, el di\u00e1logo, el respeto y la cooperaci\u00f3n siempre ser\u00e1n el s\u00edmbolo de nuestra relaci\u00f3n&#8221; La felicitaci\u00f3n de Sheinbaum a Trump, tras varias horas de silencio\",\"datePublished\":\"2025-01-20T22:55:47+00:00\",\"dateModified\":\"2025-01-20T22:55:50+00:00\",\"mainEntityOfPage\":{\"@id\":\"https:\\\/\\\/quehacerpolitico.mx\\\/?p=114364\"},\"wordCount\":410,\"commentCount\":0,\"image\":{\"@id\":\"https:\\\/\\\/quehacerpolitico.mx\\\/?p=114364#primaryimage\"},\"thumbnailUrl\":\"https:\\\/\\\/quehacerpolitico.mx\\\/wp-content\\\/uploads\\\/2025\\\/01\\\/IMG_0212.jpeg\",\"articleSection\":[\"Nacionales\",\"Noticias\"],\"inLanguage\":\"es\",\"potentialAction\":[{\"@type\":\"CommentAction\",\"name\":\"Comment\",\"target\":[\"https:\\\/\\\/quehacerpolitico.mx\\\/?p=114364#respond\"]}]},{\"@type\":\"WebPage\",\"@id\":\"https:\\\/\\\/quehacerpolitico.mx\\\/?p=114364\",\"url\":\"https:\\\/\\\/quehacerpolitico.mx\\\/?p=114364\",\"name\":\"\\\"Como vecinos y socios comerciales, el di\u00e1logo, el respeto y la cooperaci\u00f3n siempre ser\u00e1n el s\u00edmbolo de nuestra relaci\u00f3n\\\" La felicitaci\u00f3n de Sheinbaum a Trump, tras varias horas de silencio -\",\"isPartOf\":{\"@id\":\"https:\\\/\\\/quehacerpolitico.mx\\\/#website\"},\"primaryImageOfPage\":{\"@id\":\"https:\\\/\\\/quehacerpolitico.mx\\\/?p=114364#primaryimage\"},\"image\":{\"@id\":\"https:\\\/\\\/quehacerpolitico.mx\\\/?p=114364#primaryimage\"},\"thumbnailUrl\":\"https:\\\/\\\/quehacerpolitico.mx\\\/wp-content\\\/uploads\\\/2025\\\/01\\\/IMG_0212.jpeg\",\"datePublished\":\"2025-01-20T22:55:47+00:00\",\"dateModified\":\"2025-01-20T22:55:50+00:00\",\"author\":{\"@id\":\"https:\\\/\\\/quehacerpolitico.mx\\\/#\\\/schema\\\/person\\\/496d8ad2d1d3f8036101dca7ee39e585\"},\"breadcrumb\":{\"@id\":\"https:\\\/\\\/quehacerpolitico.mx\\\/?p=114364#breadcrumb\"},\"inLanguage\":\"es\",\"potentialAction\":[{\"@type\":\"ReadAction\",\"target\":[\"https:\\\/\\\/quehacerpolitico.mx\\\/?p=114364\"]}]},{\"@type\":\"ImageObject\",\"inLanguage\":\"es\",\"@id\":\"https:\\\/\\\/quehacerpolitico.mx\\\/?p=114364#primaryimage\",\"url\":\"https:\\\/\\\/quehacerpolitico.mx\\\/wp-content\\\/uploads\\\/2025\\\/01\\\/IMG_0212.jpeg\",\"contentUrl\":\"https:\\\/\\\/quehacerpolitico.mx\\\/wp-content\\\/uploads\\\/2025\\\/01\\\/IMG_0212.jpeg\",\"width\":678,\"height\":452},{\"@type\":\"BreadcrumbList\",\"@id\":\"https:\\\/\\\/quehacerpolitico.mx\\\/?p=114364#breadcrumb\",\"itemListElement\":[{\"@type\":\"ListItem\",\"position\":1,\"name\":\"Inicio\",\"item\":\"https:\\\/\\\/quehacerpolitico.mx\\\/\"},{\"@type\":\"ListItem\",\"position\":2,\"name\":\"&#8220;Como vecinos y socios comerciales, el di\u00e1logo, el respeto y la cooperaci\u00f3n siempre ser\u00e1n el s\u00edmbolo de nuestra relaci\u00f3n&#8221; La felicitaci\u00f3n de Sheinbaum a Trump, tras varias horas de silencio\"}]},{\"@type\":\"WebSite\",\"@id\":\"https:\\\/\\\/quehacerpolitico.mx\\\/#website\",\"url\":\"https:\\\/\\\/quehacerpolitico.mx\\\/\",\"name\":\"\",\"description\":\"\",\"potentialAction\":[{\"@type\":\"SearchAction\",\"target\":{\"@type\":\"EntryPoint\",\"urlTemplate\":\"https:\\\/\\\/quehacerpolitico.mx\\\/?s={search_term_string}\"},\"query-input\":{\"@type\":\"PropertyValueSpecification\",\"valueRequired\":true,\"valueName\":\"search_term_string\"}}],\"inLanguage\":\"es\"},{\"@type\":\"Person\",\"@id\":\"https:\\\/\\\/quehacerpolitico.mx\\\/#\\\/schema\\\/person\\\/496d8ad2d1d3f8036101dca7ee39e585\",\"name\":\"Redacci\u00f3n QP\",\"image\":{\"@type\":\"ImageObject\",\"inLanguage\":\"es\",\"@id\":\"https:\\\/\\\/secure.gravatar.com\\\/avatar\\\/c7164ed6fdec453195284ad24a5ae5b6e1eed2b848477fa2a4787ba9adf39a41?s=96&d=mm&r=g\",\"url\":\"https:\\\/\\\/secure.gravatar.com\\\/avatar\\\/c7164ed6fdec453195284ad24a5ae5b6e1eed2b848477fa2a4787ba9adf39a41?s=96&d=mm&r=g\",\"contentUrl\":\"https:\\\/\\\/secure.gravatar.com\\\/avatar\\\/c7164ed6fdec453195284ad24a5ae5b6e1eed2b848477fa2a4787ba9adf39a41?s=96&d=mm&r=g\",\"caption\":\"Redacci\u00f3n QP\"},\"url\":\"https:\\\/\\\/quehacerpolitico.mx\\\/?author=2\"}]}<\/script>\n<!-- \/ Yoast SEO plugin. -->","yoast_head_json":{"title":"\"Como vecinos y socios comerciales, el di\u00e1logo, el respeto y la cooperaci\u00f3n siempre ser\u00e1n el s\u00edmbolo de nuestra relaci\u00f3n\" La felicitaci\u00f3n de Sheinbaum a Trump, tras varias horas de silencio -","robots":{"index":"index","follow":"follow","max-snippet":"max-snippet:-1","max-image-preview":"max-image-preview:large","max-video-preview":"max-video-preview:-1"},"canonical":"https:\/\/quehacerpolitico.mx\/?p=114364","og_locale":"es_MX","og_type":"article","og_title":"\"Como vecinos y socios comerciales, el di\u00e1logo, el respeto y la cooperaci\u00f3n siempre ser\u00e1n el s\u00edmbolo de nuestra relaci\u00f3n\" La felicitaci\u00f3n de Sheinbaum a Trump, tras varias horas de silencio -","og_description":"Por Redacci\u00f3n QP La mandataria mexicana envi\u00f3 su mensaje desde su cuenta de X y...","og_url":"https:\/\/quehacerpolitico.mx\/?p=114364","article_published_time":"2025-01-20T22:55:47+00:00","article_modified_time":"2025-01-20T22:55:50+00:00","og_image":[{"width":678,"height":452,"url":"https:\/\/quehacerpolitico.mx\/wp-content\/uploads\/2025\/01\/IMG_0212.jpeg","type":"image\/jpeg"}],"author":"Redacci\u00f3n QP","twitter_card":"summary_large_image","twitter_misc":{"Escrito por":"Redacci\u00f3n QP","Tiempo de lectura":"2 minutos"},"schema":{"@context":"https:\/\/schema.org","@graph":[{"@type":"Article","@id":"https:\/\/quehacerpolitico.mx\/?p=114364#article","isPartOf":{"@id":"https:\/\/quehacerpolitico.mx\/?p=114364"},"author":{"name":"Redacci\u00f3n QP","@id":"https:\/\/quehacerpolitico.mx\/#\/schema\/person\/496d8ad2d1d3f8036101dca7ee39e585"},"headline":"&#8220;Como vecinos y socios comerciales, el di\u00e1logo, el respeto y la cooperaci\u00f3n siempre ser\u00e1n el s\u00edmbolo de nuestra relaci\u00f3n&#8221; La felicitaci\u00f3n de Sheinbaum a Trump, tras varias horas de silencio","datePublished":"2025-01-20T22:55:47+00:00","dateModified":"2025-01-20T22:55:50+00:00","mainEntityOfPage":{"@id":"https:\/\/quehacerpolitico.mx\/?p=114364"},"wordCount":410,"commentCount":0,"image":{"@id":"https:\/\/quehacerpolitico.mx\/?p=114364#primaryimage"},"thumbnailUrl":"https:\/\/quehacerpolitico.mx\/wp-content\/uploads\/2025\/01\/IMG_0212.jpeg","articleSection":["Nacionales","Noticias"],"inLanguage":"es","potentialAction":[{"@type":"CommentAction","name":"Comment","target":["https:\/\/quehacerpolitico.mx\/?p=114364#respond"]}]},{"@type":"WebPage","@id":"https:\/\/quehacerpolitico.mx\/?p=114364","url":"https:\/\/quehacerpolitico.mx\/?p=114364","name":"\"Como vecinos y socios comerciales, el di\u00e1logo, el respeto y la cooperaci\u00f3n siempre ser\u00e1n el s\u00edmbolo de nuestra relaci\u00f3n\" La felicitaci\u00f3n de Sheinbaum a Trump, tras varias horas de silencio -","isPartOf":{"@id":"https:\/\/quehacerpolitico.mx\/#website"},"primaryImageOfPage":{"@id":"https:\/\/quehacerpolitico.mx\/?p=114364#primaryimage"},"image":{"@id":"https:\/\/quehacerpolitico.mx\/?p=114364#primaryimage"},"thumbnailUrl":"https:\/\/quehacerpolitico.mx\/wp-content\/uploads\/2025\/01\/IMG_0212.jpeg","datePublished":"2025-01-20T22:55:47+00:00","dateModified":"2025-01-20T22:55:50+00:00","author":{"@id":"https:\/\/quehacerpolitico.mx\/#\/schema\/person\/496d8ad2d1d3f8036101dca7ee39e585"},"breadcrumb":{"@id":"https:\/\/quehacerpolitico.mx\/?p=114364#breadcrumb"},"inLanguage":"es","potentialAction":[{"@type":"ReadAction","target":["https:\/\/quehacerpolitico.mx\/?p=114364"]}]},{"@type":"ImageObject","inLanguage":"es","@id":"https:\/\/quehacerpolitico.mx\/?p=114364#primaryimage","url":"https:\/\/quehacerpolitico.mx\/wp-content\/uploads\/2025\/01\/IMG_0212.jpeg","contentUrl":"https:\/\/quehacerpolitico.mx\/wp-content\/uploads\/2025\/01\/IMG_0212.jpeg","width":678,"height":452},{"@type":"BreadcrumbList","@id":"https:\/\/quehacerpolitico.mx\/?p=114364#breadcrumb","itemListElement":[{"@type":"ListItem","position":1,"name":"Inicio","item":"https:\/\/quehacerpolitico.mx\/"},{"@type":"ListItem","position":2,"name":"&#8220;Como vecinos y socios comerciales, el di\u00e1logo, el respeto y la cooperaci\u00f3n siempre ser\u00e1n el s\u00edmbolo de nuestra relaci\u00f3n&#8221; La felicitaci\u00f3n de Sheinbaum a Trump, tras varias horas de silencio"}]},{"@type":"WebSite","@id":"https:\/\/quehacerpolitico.mx\/#website","url":"https:\/\/quehacerpolitico.mx\/","name":"","description":"","potentialAction":[{"@type":"SearchAction","target":{"@type":"EntryPoint","urlTemplate":"https:\/\/quehacerpolitico.mx\/?s={search_term_string}"},"query-input":{"@type":"PropertyValueSpecification","valueRequired":true,"valueName":"search_term_string"}}],"inLanguage":"es"},{"@type":"Person","@id":"https:\/\/quehacerpolitico.mx\/#\/schema\/person\/496d8ad2d1d3f8036101dca7ee39e585","name":"Redacci\u00f3n QP","image":{"@type":"ImageObject","inLanguage":"es","@id":"https:\/\/secure.gravatar.com\/avatar\/c7164ed6fdec453195284ad24a5ae5b6e1eed2b848477fa2a4787ba9adf39a41?s=96&d=mm&r=g","url":"https:\/\/secure.gravatar.com\/avatar\/c7164ed6fdec453195284ad24a5ae5b6e1eed2b848477fa2a4787ba9adf39a41?s=96&d=mm&r=g","contentUrl":"https:\/\/secure.gravatar.com\/avatar\/c7164ed6fdec453195284ad24a5ae5b6e1eed2b848477fa2a4787ba9adf39a41?s=96&d=mm&r=g","caption":"Redacci\u00f3n QP"},"url":"https:\/\/quehacerpolitico.mx\/?author=2"}]}},"featured_image_urls":{"full":["https:\/\/quehacerpolitico.mx\/wp-content\/uploads\/2025\/01\/IMG_0212.jpeg",678,452,false],"thumbnail":["https:\/\/quehacerpolitico.mx\/wp-content\/uploads\/2025\/01\/IMG_0212-150x150.jpeg",150,150,true],"medium":["https:\/\/quehacerpolitico.mx\/wp-content\/uploads\/2025\/01\/IMG_0212-300x200.jpeg",300,200,true],"medium_large":["https:\/\/quehacerpolitico.mx\/wp-content\/uploads\/2025\/01\/IMG_0212.jpeg",640,427,false],"large":["https:\/\/quehacerpolitico.mx\/wp-content\/uploads\/2025\/01\/IMG_0212.jpeg",640,427,false],"1536x1536":["https:\/\/quehacerpolitico.mx\/wp-content\/uploads\/2025\/01\/IMG_0212.jpeg",678,452,false],"2048x2048":["https:\/\/quehacerpolitico.mx\/wp-content\/uploads\/2025\/01\/IMG_0212.jpeg",678,452,false],"covernews-featured":["https:\/\/quehacerpolitico.mx\/wp-content\/uploads\/2025\/01\/IMG_0212.jpeg",678,452,false],"covernews-medium":["https:\/\/quehacerpolitico.mx\/wp-content\/uploads\/2025\/01\/IMG_0212-540x340.jpeg",540,340,true]},"author_info":{"display_name":"Redacci\u00f3n QP","author_link":"https:\/\/quehacerpolitico.mx\/?author=2"},"category_info":"<a href=\"https:\/\/quehacerpolitico.mx\/?cat=280\" rel=\"category\">Nacionales<\/a> <a href=\"https:\/\/quehacerpolitico.mx\/?cat=2\" rel=\"category\">Noticias<\/a>","tag_info":"Noticias","comment_count":"0","_links":{"self":[{"href":"https:\/\/quehacerpolitico.mx\/index.php?rest_route=\/wp\/v2\/posts\/114364","targetHints":{"allow":["GET"]}}],"collection":[{"href":"https:\/\/quehacerpolitico.mx\/index.php?rest_route=\/wp\/v2\/posts"}],"about":[{"href":"https:\/\/quehacerpolitico.mx\/index.php?rest_route=\/wp\/v2\/types\/post"}],"author":[{"embeddable":true,"href":"https:\/\/quehacerpolitico.mx\/index.php?rest_route=\/wp\/v2\/users\/2"}],"replies":[{"embeddable":true,"href":"https:\/\/quehacerpolitico.mx\/index.php?rest_route=%2Fwp%2Fv2%2Fcomments&post=114364"}],"version-history":[{"count":1,"href":"https:\/\/quehacerpolitico.mx\/index.php?rest_route=\/wp\/v2\/posts\/114364\/revisions"}],"predecessor-version":[{"id":114366,"href":"https:\/\/quehacerpolitico.mx\/index.php?rest_route=\/wp\/v2\/posts\/114364\/revisions\/114366"}],"wp:featuredmedia":[{"embeddable":true,"href":"https:\/\/quehacerpolitico.mx\/index.php?rest_route=\/wp\/v2\/media\/114365"}],"wp:attachment":[{"href":"https:\/\/quehacerpolitico.mx\/index.php?rest_route=%2Fwp%2Fv2%2Fmedia&parent=114364"}],"wp:term":[{"taxonomy":"category","embeddable":true,"href":"https:\/\/quehacerpolitico.mx\/index.php?rest_route=%2Fwp%2Fv2%2Fcategories&post=114364"},{"taxonomy":"post_tag","embeddable":true,"href":"https:\/\/quehacerpolitico.mx\/index.php?rest_route=%2Fwp%2Fv2%2Ftags&post=114364"}],"curies":[{"name":"wp","href":"https:\/\/api.w.org\/{rel}","templated":true}]}}