{"id":114358,"date":"2025-01-20T15:00:51","date_gmt":"2025-01-20T21:00:51","guid":{"rendered":"https:\/\/quehacerpolitico.mx\/?p=114358"},"modified":"2025-01-20T15:01:23","modified_gmt":"2025-01-20T21:01:23","slug":"el-quehacer-politico-a-traves-de-la-opinion-carolina-alonso-romei-tras-toma-de-posesion-de-donald-trump-cancelan-citas-de-cbp-one","status":"publish","type":"post","link":"https:\/\/quehacerpolitico.mx\/?p=114358","title":{"rendered":"El Quehacer Pol\u00edtico a trav\u00e9s de la opini\u00f3n\/\/\/Carolina Alonso Romei\/\/\/Tras toma de posesi\u00f3n de Donald Trump, cancelan citas de CBP One"},"content":{"rendered":"\n<p>Por Carolina Alonso Romei<\/p>\n\n\n\n<p>Internacionalista <\/p>\n\n\n\n<p>Esta aplicaci\u00f3n, permit\u00eda gestionar el ingreso legal de migrantes a Estados Unidos<\/p>\n\n\n\n<p>Mientras Donald Trump tomaba posesi\u00f3n como presidente de Estados Unidos por segunda vez,&nbsp;<strong>en la frontera con M\u00e9xico, la aplicaci\u00f3n CBP One anunci\u00f3 que las citas existentes ya no son v\u00e1lidas y la aplicaci\u00f3n dej\u00f3 de funcionar para programar nuevos turnos.<\/strong><\/p>\n\n\n\n<p><mark><strong>Esta aplicaci\u00f3n, permit\u00eda gestionar el ingreso legal de migrantes a Estados Unidos.<\/strong><\/mark><\/p>\n\n\n\n<p>&#8220;Es muy doloroso. Estamos amenazados de muerte en Chiapas,&nbsp;<strong>venimos huyendo de la violencia y no tenemos m\u00e1s opci\u00f3n que ir a Estados Unidos&#8221;,<\/strong>&nbsp;dice Rosa.<\/p>\n\n\n\n<figure class=\"wp-block-image size-large\"><img loading=\"lazy\" decoding=\"async\" width=\"745\" height=\"1024\" src=\"https:\/\/quehacerpolitico.mx\/wp-content\/uploads\/2025\/01\/image-27-745x1024.jpeg\" alt=\"\" class=\"wp-image-114359\" srcset=\"https:\/\/quehacerpolitico.mx\/wp-content\/uploads\/2025\/01\/image-27-745x1024.jpeg 745w, https:\/\/quehacerpolitico.mx\/wp-content\/uploads\/2025\/01\/image-27-218x300.jpeg 218w, https:\/\/quehacerpolitico.mx\/wp-content\/uploads\/2025\/01\/image-27-768x1055.jpeg 768w, https:\/\/quehacerpolitico.mx\/wp-content\/uploads\/2025\/01\/image-27-1024x1407.jpeg 1024w, https:\/\/quehacerpolitico.mx\/wp-content\/uploads\/2025\/01\/image-27.jpeg 1080w\" sizes=\"auto, (max-width: 745px) 100vw, 745px\" \/><\/figure>\n\n\n\n<p>Apenas Donald Trump pronunciaba su discurso que fij\u00f3 l\u00edmites claros y r\u00edgidos para los migrantes a Estados Unidos cuando, en el albergue Juventud 2000, de Tijuana, en Baja California, familias lloraron mientras revisaban con desesperaci\u00f3n sus tel\u00e9fonos m\u00f3viles y hac\u00edan llamadas a otras personas que conocieron en el camino a este estado,<mark><strong>\u00a0para avisarles que CBP One qued\u00f3 inservible.<\/strong><\/mark><\/p>\n\n\n\n<p>Por otro lado, en la garita de Nogales, Sonora, con maletas en mano, un grupo de casi una docena de migrantes venezolanos y colombianos, entre ellos menores de edad,<mark><strong>&nbsp;fueron informados de que las citas para el CBP One hab\u00edan sido ya canceladas.<\/strong><\/mark><\/p>\n\n\n\n<p><strong>A pr\u00e1cticamente unos metros de Estados Unidos y con rostros de preocupaci\u00f3n y tristeza<\/strong>, el grupo de migrantes analizaba qu\u00e9 har\u00e1 tras est\u00e1 decisi\u00f3n migratoria del nuevo gobierno encabezado por el presidente Donald Trump.<\/p>\n\n\n\n<figure class=\"wp-block-embed is-type-rich is-provider-twitter wp-block-embed-twitter\"><div class=\"wp-block-embed__wrapper\">\n<blockquote class=\"twitter-tweet\" data-width=\"550\" data-dnt=\"true\"><p lang=\"en\" dir=\"ltr\">Migrants in Ciudad Ju\u00e1rez who were waiting for their 1 pm CBP1 parole appointments learned 20 minutes ago that the app has shut down &amp; those appointments are no longer valid. <a href=\"https:\/\/t.co\/F3pNrZyEBR\">pic.twitter.com\/F3pNrZyEBR<\/a><\/p>&mdash; Arelis R. Hern\u00e1ndez (@arelisrhdz) <a href=\"https:\/\/twitter.com\/arelisrhdz\/status\/1881397640849678362?ref_src=twsrc%5Etfw\">January 20, 2025<\/a><\/blockquote><script async src=\"https:\/\/platform.twitter.com\/widgets.js\" charset=\"utf-8\"><\/script>\n<\/div><\/figure>\n\n\n\n<h2 class=\"wp-block-heading\">Familias se reh\u00fasan a dejar la fila para citas CBP One<\/h2>\n\n\n\n<p>En esta frontera, una familia venezolana se reh\u00fasa a dejar la fila y esperar\u00e1 hasta las 16:00 horas cuando Trump&nbsp;<strong>haga oficiales las \u00f3rdenes ejecutivas, sobre las cuales ha adelantado el sentido en que se aplicar\u00e1n.<\/strong><\/p>\n\n\n\n<p><mark><strong>En su discurso, Donald Trump reiter\u00f3 que expulsar\u00e1 a quienes permanecen ilegalmente en su pa\u00eds, consider\u00e1ndolos criminales&nbsp;<\/strong><\/mark>y anunci\u00f3 la ley que declara terroristas a los c\u00e1rteles mexicanos del crimen organizado.<\/p>\n","protected":false},"excerpt":{"rendered":"<p>Por Carolina Alonso Romei Internacionalista Esta aplicaci\u00f3n, permit\u00eda gestionar el ingreso legal de migrantes a&#8230;<\/p>\n","protected":false},"author":2,"featured_media":114360,"comment_status":"open","ping_status":"open","sticky":false,"template":"","format":"standard","meta":{"_monsterinsights_skip_tracking":false,"_monsterinsights_sitenote_active":false,"_monsterinsights_sitenote_note":"","_monsterinsights_sitenote_category":0,"footnotes":""},"categories":[1],"tags":[],"class_list":["post-114358","post","type-post","status-publish","format-standard","has-post-thumbnail","hentry","category-sin-categoria"],"yoast_head":"<!-- This site is optimized with the Yoast SEO plugin v27.3 - https:\/\/yoast.com\/product\/yoast-seo-wordpress\/ -->\n<title>El Quehacer Pol\u00edtico a trav\u00e9s de la opini\u00f3n\/\/\/Carolina Alonso Romei\/\/\/Tras toma de posesi\u00f3n de Donald Trump, cancelan citas de CBP One -<\/title>\n<meta name=\"robots\" content=\"index, follow, max-snippet:-1, max-image-preview:large, max-video-preview:-1\" \/>\n<link rel=\"canonical\" href=\"https:\/\/quehacerpolitico.mx\/?p=114358\" \/>\n<meta property=\"og:locale\" content=\"es_MX\" \/>\n<meta property=\"og:type\" content=\"article\" \/>\n<meta property=\"og:title\" content=\"El Quehacer Pol\u00edtico a trav\u00e9s de la opini\u00f3n\/\/\/Carolina Alonso Romei\/\/\/Tras toma de posesi\u00f3n de Donald Trump, cancelan citas de CBP One -\" \/>\n<meta property=\"og:description\" content=\"Por Carolina Alonso Romei Internacionalista Esta aplicaci\u00f3n, permit\u00eda gestionar el ingreso legal de migrantes a...\" \/>\n<meta property=\"og:url\" content=\"https:\/\/quehacerpolitico.mx\/?p=114358\" \/>\n<meta property=\"article:published_time\" content=\"2025-01-20T21:00:51+00:00\" \/>\n<meta property=\"article:modified_time\" content=\"2025-01-20T21:01:23+00:00\" \/>\n<meta property=\"og:image\" content=\"https:\/\/quehacerpolitico.mx\/wp-content\/uploads\/2025\/01\/03fa6135-c3fe-44b7-8e96-c6ca323ffebb-6.jpeg\" \/>\n\t<meta property=\"og:image:width\" content=\"963\" \/>\n\t<meta property=\"og:image:height\" content=\"493\" \/>\n\t<meta property=\"og:image:type\" content=\"image\/jpeg\" \/>\n<meta name=\"author\" content=\"Redacci\u00f3n QP\" \/>\n<meta name=\"twitter:card\" content=\"summary_large_image\" \/>\n<meta name=\"twitter:label1\" content=\"Escrito por\" \/>\n\t<meta name=\"twitter:data1\" content=\"Redacci\u00f3n QP\" \/>\n\t<meta name=\"twitter:label2\" content=\"Tiempo de lectura\" \/>\n\t<meta name=\"twitter:data2\" content=\"2 minutos\" \/>\n<script type=\"application\/ld+json\" class=\"yoast-schema-graph\">{\"@context\":\"https:\\\/\\\/schema.org\",\"@graph\":[{\"@type\":\"Article\",\"@id\":\"https:\\\/\\\/quehacerpolitico.mx\\\/?p=114358#article\",\"isPartOf\":{\"@id\":\"https:\\\/\\\/quehacerpolitico.mx\\\/?p=114358\"},\"author\":{\"name\":\"Redacci\u00f3n QP\",\"@id\":\"https:\\\/\\\/quehacerpolitico.mx\\\/#\\\/schema\\\/person\\\/496d8ad2d1d3f8036101dca7ee39e585\"},\"headline\":\"El Quehacer Pol\u00edtico a trav\u00e9s de la opini\u00f3n\\\/\\\/\\\/Carolina Alonso Romei\\\/\\\/\\\/Tras toma de posesi\u00f3n de Donald Trump, cancelan citas de CBP One\",\"datePublished\":\"2025-01-20T21:00:51+00:00\",\"dateModified\":\"2025-01-20T21:01:23+00:00\",\"mainEntityOfPage\":{\"@id\":\"https:\\\/\\\/quehacerpolitico.mx\\\/?p=114358\"},\"wordCount\":379,\"commentCount\":0,\"image\":{\"@id\":\"https:\\\/\\\/quehacerpolitico.mx\\\/?p=114358#primaryimage\"},\"thumbnailUrl\":\"https:\\\/\\\/quehacerpolitico.mx\\\/wp-content\\\/uploads\\\/2025\\\/01\\\/03fa6135-c3fe-44b7-8e96-c6ca323ffebb-6.jpeg\",\"articleSection\":[\"Internacionales\"],\"inLanguage\":\"es\",\"potentialAction\":[{\"@type\":\"CommentAction\",\"name\":\"Comment\",\"target\":[\"https:\\\/\\\/quehacerpolitico.mx\\\/?p=114358#respond\"]}]},{\"@type\":\"WebPage\",\"@id\":\"https:\\\/\\\/quehacerpolitico.mx\\\/?p=114358\",\"url\":\"https:\\\/\\\/quehacerpolitico.mx\\\/?p=114358\",\"name\":\"El Quehacer Pol\u00edtico a trav\u00e9s de la opini\u00f3n\\\/\\\/\\\/Carolina Alonso Romei\\\/\\\/\\\/Tras toma de posesi\u00f3n de Donald Trump, cancelan citas de CBP One -\",\"isPartOf\":{\"@id\":\"https:\\\/\\\/quehacerpolitico.mx\\\/#website\"},\"primaryImageOfPage\":{\"@id\":\"https:\\\/\\\/quehacerpolitico.mx\\\/?p=114358#primaryimage\"},\"image\":{\"@id\":\"https:\\\/\\\/quehacerpolitico.mx\\\/?p=114358#primaryimage\"},\"thumbnailUrl\":\"https:\\\/\\\/quehacerpolitico.mx\\\/wp-content\\\/uploads\\\/2025\\\/01\\\/03fa6135-c3fe-44b7-8e96-c6ca323ffebb-6.jpeg\",\"datePublished\":\"2025-01-20T21:00:51+00:00\",\"dateModified\":\"2025-01-20T21:01:23+00:00\",\"author\":{\"@id\":\"https:\\\/\\\/quehacerpolitico.mx\\\/#\\\/schema\\\/person\\\/496d8ad2d1d3f8036101dca7ee39e585\"},\"breadcrumb\":{\"@id\":\"https:\\\/\\\/quehacerpolitico.mx\\\/?p=114358#breadcrumb\"},\"inLanguage\":\"es\",\"potentialAction\":[{\"@type\":\"ReadAction\",\"target\":[\"https:\\\/\\\/quehacerpolitico.mx\\\/?p=114358\"]}]},{\"@type\":\"ImageObject\",\"inLanguage\":\"es\",\"@id\":\"https:\\\/\\\/quehacerpolitico.mx\\\/?p=114358#primaryimage\",\"url\":\"https:\\\/\\\/quehacerpolitico.mx\\\/wp-content\\\/uploads\\\/2025\\\/01\\\/03fa6135-c3fe-44b7-8e96-c6ca323ffebb-6.jpeg\",\"contentUrl\":\"https:\\\/\\\/quehacerpolitico.mx\\\/wp-content\\\/uploads\\\/2025\\\/01\\\/03fa6135-c3fe-44b7-8e96-c6ca323ffebb-6.jpeg\",\"width\":963,\"height\":493},{\"@type\":\"BreadcrumbList\",\"@id\":\"https:\\\/\\\/quehacerpolitico.mx\\\/?p=114358#breadcrumb\",\"itemListElement\":[{\"@type\":\"ListItem\",\"position\":1,\"name\":\"Inicio\",\"item\":\"https:\\\/\\\/quehacerpolitico.mx\\\/\"},{\"@type\":\"ListItem\",\"position\":2,\"name\":\"El Quehacer Pol\u00edtico a trav\u00e9s de la opini\u00f3n\\\/\\\/\\\/Carolina Alonso Romei\\\/\\\/\\\/Tras toma de posesi\u00f3n de Donald Trump, cancelan citas de CBP One\"}]},{\"@type\":\"WebSite\",\"@id\":\"https:\\\/\\\/quehacerpolitico.mx\\\/#website\",\"url\":\"https:\\\/\\\/quehacerpolitico.mx\\\/\",\"name\":\"\",\"description\":\"\",\"potentialAction\":[{\"@type\":\"SearchAction\",\"target\":{\"@type\":\"EntryPoint\",\"urlTemplate\":\"https:\\\/\\\/quehacerpolitico.mx\\\/?s={search_term_string}\"},\"query-input\":{\"@type\":\"PropertyValueSpecification\",\"valueRequired\":true,\"valueName\":\"search_term_string\"}}],\"inLanguage\":\"es\"},{\"@type\":\"Person\",\"@id\":\"https:\\\/\\\/quehacerpolitico.mx\\\/#\\\/schema\\\/person\\\/496d8ad2d1d3f8036101dca7ee39e585\",\"name\":\"Redacci\u00f3n QP\",\"image\":{\"@type\":\"ImageObject\",\"inLanguage\":\"es\",\"@id\":\"https:\\\/\\\/secure.gravatar.com\\\/avatar\\\/c7164ed6fdec453195284ad24a5ae5b6e1eed2b848477fa2a4787ba9adf39a41?s=96&d=mm&r=g\",\"url\":\"https:\\\/\\\/secure.gravatar.com\\\/avatar\\\/c7164ed6fdec453195284ad24a5ae5b6e1eed2b848477fa2a4787ba9adf39a41?s=96&d=mm&r=g\",\"contentUrl\":\"https:\\\/\\\/secure.gravatar.com\\\/avatar\\\/c7164ed6fdec453195284ad24a5ae5b6e1eed2b848477fa2a4787ba9adf39a41?s=96&d=mm&r=g\",\"caption\":\"Redacci\u00f3n QP\"},\"url\":\"https:\\\/\\\/quehacerpolitico.mx\\\/?author=2\"}]}<\/script>\n<!-- \/ Yoast SEO plugin. -->","yoast_head_json":{"title":"El Quehacer Pol\u00edtico a trav\u00e9s de la opini\u00f3n\/\/\/Carolina Alonso Romei\/\/\/Tras toma de posesi\u00f3n de Donald Trump, cancelan citas de CBP One -","robots":{"index":"index","follow":"follow","max-snippet":"max-snippet:-1","max-image-preview":"max-image-preview:large","max-video-preview":"max-video-preview:-1"},"canonical":"https:\/\/quehacerpolitico.mx\/?p=114358","og_locale":"es_MX","og_type":"article","og_title":"El Quehacer Pol\u00edtico a trav\u00e9s de la opini\u00f3n\/\/\/Carolina Alonso Romei\/\/\/Tras toma de posesi\u00f3n de Donald Trump, cancelan citas de CBP One -","og_description":"Por Carolina Alonso Romei Internacionalista Esta aplicaci\u00f3n, permit\u00eda gestionar el ingreso legal de migrantes a...","og_url":"https:\/\/quehacerpolitico.mx\/?p=114358","article_published_time":"2025-01-20T21:00:51+00:00","article_modified_time":"2025-01-20T21:01:23+00:00","og_image":[{"width":963,"height":493,"url":"https:\/\/quehacerpolitico.mx\/wp-content\/uploads\/2025\/01\/03fa6135-c3fe-44b7-8e96-c6ca323ffebb-6.jpeg","type":"image\/jpeg"}],"author":"Redacci\u00f3n QP","twitter_card":"summary_large_image","twitter_misc":{"Escrito por":"Redacci\u00f3n QP","Tiempo de lectura":"2 minutos"},"schema":{"@context":"https:\/\/schema.org","@graph":[{"@type":"Article","@id":"https:\/\/quehacerpolitico.mx\/?p=114358#article","isPartOf":{"@id":"https:\/\/quehacerpolitico.mx\/?p=114358"},"author":{"name":"Redacci\u00f3n QP","@id":"https:\/\/quehacerpolitico.mx\/#\/schema\/person\/496d8ad2d1d3f8036101dca7ee39e585"},"headline":"El Quehacer Pol\u00edtico a trav\u00e9s de la opini\u00f3n\/\/\/Carolina Alonso Romei\/\/\/Tras toma de posesi\u00f3n de Donald Trump, cancelan citas de CBP One","datePublished":"2025-01-20T21:00:51+00:00","dateModified":"2025-01-20T21:01:23+00:00","mainEntityOfPage":{"@id":"https:\/\/quehacerpolitico.mx\/?p=114358"},"wordCount":379,"commentCount":0,"image":{"@id":"https:\/\/quehacerpolitico.mx\/?p=114358#primaryimage"},"thumbnailUrl":"https:\/\/quehacerpolitico.mx\/wp-content\/uploads\/2025\/01\/03fa6135-c3fe-44b7-8e96-c6ca323ffebb-6.jpeg","articleSection":["Internacionales"],"inLanguage":"es","potentialAction":[{"@type":"CommentAction","name":"Comment","target":["https:\/\/quehacerpolitico.mx\/?p=114358#respond"]}]},{"@type":"WebPage","@id":"https:\/\/quehacerpolitico.mx\/?p=114358","url":"https:\/\/quehacerpolitico.mx\/?p=114358","name":"El Quehacer Pol\u00edtico a trav\u00e9s de la opini\u00f3n\/\/\/Carolina Alonso Romei\/\/\/Tras toma de posesi\u00f3n de Donald Trump, cancelan citas de CBP One -","isPartOf":{"@id":"https:\/\/quehacerpolitico.mx\/#website"},"primaryImageOfPage":{"@id":"https:\/\/quehacerpolitico.mx\/?p=114358#primaryimage"},"image":{"@id":"https:\/\/quehacerpolitico.mx\/?p=114358#primaryimage"},"thumbnailUrl":"https:\/\/quehacerpolitico.mx\/wp-content\/uploads\/2025\/01\/03fa6135-c3fe-44b7-8e96-c6ca323ffebb-6.jpeg","datePublished":"2025-01-20T21:00:51+00:00","dateModified":"2025-01-20T21:01:23+00:00","author":{"@id":"https:\/\/quehacerpolitico.mx\/#\/schema\/person\/496d8ad2d1d3f8036101dca7ee39e585"},"breadcrumb":{"@id":"https:\/\/quehacerpolitico.mx\/?p=114358#breadcrumb"},"inLanguage":"es","potentialAction":[{"@type":"ReadAction","target":["https:\/\/quehacerpolitico.mx\/?p=114358"]}]},{"@type":"ImageObject","inLanguage":"es","@id":"https:\/\/quehacerpolitico.mx\/?p=114358#primaryimage","url":"https:\/\/quehacerpolitico.mx\/wp-content\/uploads\/2025\/01\/03fa6135-c3fe-44b7-8e96-c6ca323ffebb-6.jpeg","contentUrl":"https:\/\/quehacerpolitico.mx\/wp-content\/uploads\/2025\/01\/03fa6135-c3fe-44b7-8e96-c6ca323ffebb-6.jpeg","width":963,"height":493},{"@type":"BreadcrumbList","@id":"https:\/\/quehacerpolitico.mx\/?p=114358#breadcrumb","itemListElement":[{"@type":"ListItem","position":1,"name":"Inicio","item":"https:\/\/quehacerpolitico.mx\/"},{"@type":"ListItem","position":2,"name":"El Quehacer Pol\u00edtico a trav\u00e9s de la opini\u00f3n\/\/\/Carolina Alonso Romei\/\/\/Tras toma de posesi\u00f3n de Donald Trump, cancelan citas de CBP One"}]},{"@type":"WebSite","@id":"https:\/\/quehacerpolitico.mx\/#website","url":"https:\/\/quehacerpolitico.mx\/","name":"","description":"","potentialAction":[{"@type":"SearchAction","target":{"@type":"EntryPoint","urlTemplate":"https:\/\/quehacerpolitico.mx\/?s={search_term_string}"},"query-input":{"@type":"PropertyValueSpecification","valueRequired":true,"valueName":"search_term_string"}}],"inLanguage":"es"},{"@type":"Person","@id":"https:\/\/quehacerpolitico.mx\/#\/schema\/person\/496d8ad2d1d3f8036101dca7ee39e585","name":"Redacci\u00f3n QP","image":{"@type":"ImageObject","inLanguage":"es","@id":"https:\/\/secure.gravatar.com\/avatar\/c7164ed6fdec453195284ad24a5ae5b6e1eed2b848477fa2a4787ba9adf39a41?s=96&d=mm&r=g","url":"https:\/\/secure.gravatar.com\/avatar\/c7164ed6fdec453195284ad24a5ae5b6e1eed2b848477fa2a4787ba9adf39a41?s=96&d=mm&r=g","contentUrl":"https:\/\/secure.gravatar.com\/avatar\/c7164ed6fdec453195284ad24a5ae5b6e1eed2b848477fa2a4787ba9adf39a41?s=96&d=mm&r=g","caption":"Redacci\u00f3n QP"},"url":"https:\/\/quehacerpolitico.mx\/?author=2"}]}},"featured_image_urls":{"full":["https:\/\/quehacerpolitico.mx\/wp-content\/uploads\/2025\/01\/03fa6135-c3fe-44b7-8e96-c6ca323ffebb-6.jpeg",963,493,false],"thumbnail":["https:\/\/quehacerpolitico.mx\/wp-content\/uploads\/2025\/01\/03fa6135-c3fe-44b7-8e96-c6ca323ffebb-6-150x150.jpeg",150,150,true],"medium":["https:\/\/quehacerpolitico.mx\/wp-content\/uploads\/2025\/01\/03fa6135-c3fe-44b7-8e96-c6ca323ffebb-6-300x154.jpeg",300,154,true],"medium_large":["https:\/\/quehacerpolitico.mx\/wp-content\/uploads\/2025\/01\/03fa6135-c3fe-44b7-8e96-c6ca323ffebb-6-768x393.jpeg",640,328,true],"large":["https:\/\/quehacerpolitico.mx\/wp-content\/uploads\/2025\/01\/03fa6135-c3fe-44b7-8e96-c6ca323ffebb-6.jpeg",640,328,false],"1536x1536":["https:\/\/quehacerpolitico.mx\/wp-content\/uploads\/2025\/01\/03fa6135-c3fe-44b7-8e96-c6ca323ffebb-6.jpeg",963,493,false],"2048x2048":["https:\/\/quehacerpolitico.mx\/wp-content\/uploads\/2025\/01\/03fa6135-c3fe-44b7-8e96-c6ca323ffebb-6.jpeg",963,493,false],"covernews-featured":["https:\/\/quehacerpolitico.mx\/wp-content\/uploads\/2025\/01\/03fa6135-c3fe-44b7-8e96-c6ca323ffebb-6.jpeg",963,493,false],"covernews-medium":["https:\/\/quehacerpolitico.mx\/wp-content\/uploads\/2025\/01\/03fa6135-c3fe-44b7-8e96-c6ca323ffebb-6-540x340.jpeg",540,340,true]},"author_info":{"display_name":"Redacci\u00f3n QP","author_link":"https:\/\/quehacerpolitico.mx\/?author=2"},"category_info":"<a href=\"https:\/\/quehacerpolitico.mx\/?cat=1\" rel=\"category\">Internacionales<\/a>","tag_info":"Internacionales","comment_count":"0","_links":{"self":[{"href":"https:\/\/quehacerpolitico.mx\/index.php?rest_route=\/wp\/v2\/posts\/114358","targetHints":{"allow":["GET"]}}],"collection":[{"href":"https:\/\/quehacerpolitico.mx\/index.php?rest_route=\/wp\/v2\/posts"}],"about":[{"href":"https:\/\/quehacerpolitico.mx\/index.php?rest_route=\/wp\/v2\/types\/post"}],"author":[{"embeddable":true,"href":"https:\/\/quehacerpolitico.mx\/index.php?rest_route=\/wp\/v2\/users\/2"}],"replies":[{"embeddable":true,"href":"https:\/\/quehacerpolitico.mx\/index.php?rest_route=%2Fwp%2Fv2%2Fcomments&post=114358"}],"version-history":[{"count":2,"href":"https:\/\/quehacerpolitico.mx\/index.php?rest_route=\/wp\/v2\/posts\/114358\/revisions"}],"predecessor-version":[{"id":114363,"href":"https:\/\/quehacerpolitico.mx\/index.php?rest_route=\/wp\/v2\/posts\/114358\/revisions\/114363"}],"wp:featuredmedia":[{"embeddable":true,"href":"https:\/\/quehacerpolitico.mx\/index.php?rest_route=\/wp\/v2\/media\/114360"}],"wp:attachment":[{"href":"https:\/\/quehacerpolitico.mx\/index.php?rest_route=%2Fwp%2Fv2%2Fmedia&parent=114358"}],"wp:term":[{"taxonomy":"category","embeddable":true,"href":"https:\/\/quehacerpolitico.mx\/index.php?rest_route=%2Fwp%2Fv2%2Fcategories&post=114358"},{"taxonomy":"post_tag","embeddable":true,"href":"https:\/\/quehacerpolitico.mx\/index.php?rest_route=%2Fwp%2Fv2%2Ftags&post=114358"}],"curies":[{"name":"wp","href":"https:\/\/api.w.org\/{rel}","templated":true}]}}