{"id":114340,"date":"2025-01-20T09:27:20","date_gmt":"2025-01-20T15:27:20","guid":{"rendered":"https:\/\/quehacerpolitico.mx\/?p=114340"},"modified":"2025-01-20T09:27:23","modified_gmt":"2025-01-20T15:27:23","slug":"estamos-preparados-dice-sheinbaum-ante-el-regreso-de-trump-a-la-casa-blanca-confia-en-que-llegaran-a-acuerdos-con-estados-unidos","status":"publish","type":"post","link":"https:\/\/quehacerpolitico.mx\/?p=114340","title":{"rendered":"&#8220;Estamos preparados&#8221;, dice Sheinbaum ante el regreso de Trump a la Casa Blanca Conf\u00eda en que llegar\u00e1n a acuerdos con Estados Unidos"},"content":{"rendered":"\n<p>Por Redacci\u00f3n QP<\/p>\n\n\n\n<p>Sheinbaum refiri\u00f3 que su gobierno se encuentra listo para el regreso de Trump a la presidencia de los Estados Unidos, pero tambi\u00e9n pidi\u00f3 esperar a ver sus primeras medidas en el mandato<\/p>\n\n\n\n<p>La Presidenta de M\u00e9xico,\u00a0Claudia Sheinbaum, asegur\u00f3 durante \u201cLa Ma\u00f1anera\u201d de este lunes 20 de enero que su Gobierno est\u00e1 &#8220;listo&#8221; para el comienzo del segundo mandato de\u00a0Donald Trump como presidente de los Estados Unidos; sin embargo, tambi\u00e9n<mark><strong><u>\u00a0pidi\u00f3 esperar a ver cu\u00e1les ser\u00e1n sus primeras medidas, sobre todo en materia de migraci\u00f3n.<\/u><\/strong><\/mark><\/p>\n\n\n\n<figure class=\"wp-block-embed is-type-rich is-provider-twitter wp-block-embed-twitter\"><div class=\"wp-block-embed__wrapper\">\n<blockquote class=\"twitter-tweet\" data-width=\"550\" data-dnt=\"true\"><p lang=\"es\" dir=\"ltr\">&quot;Estamos preparados&quot;, dice <a href=\"https:\/\/twitter.com\/Claudiashein?ref_src=twsrc%5Etfw\">@Claudiashein<\/a> ante el regreso de <a href=\"https:\/\/twitter.com\/hashtag\/DonaldTrump?src=hash&amp;ref_src=twsrc%5Etfw\">#DonaldTrump<\/a> a la Casa Blanca.<br><br>Conf\u00eda en que llegar\u00e1n a acuerdos con Estados Unidos. \ud83c\uddfa\ud83c\uddf8 <a href=\"https:\/\/t.co\/WK0qpprmPs\">pic.twitter.com\/WK0qpprmPs<\/a><\/p>&mdash; Manuel Lopez San Martin (@MLopezSanMartin) <a href=\"https:\/\/twitter.com\/MLopezSanMartin\/status\/1881347700630917359?ref_src=twsrc%5Etfw\">January 20, 2025<\/a><\/blockquote><script async src=\"https:\/\/platform.twitter.com\/widgets.js\" charset=\"utf-8\"><\/script>\n<\/div><\/figure>\n\n\n\n<p><em><u>&#8220;(Vamos a presentar) la primera parte de los servicios y todo el apoyo que le dar\u00edamos a connacionales en caso de ser repatriados, que sepan que estamos preparados, que estamos listos, aunque obviamente hay que esperar al d\u00eda de hoy lo que vaya decir el presidente Trump en su toma de protesta&#8221;,<\/u><\/em>&nbsp;se\u00f1al\u00f3.<\/p>\n\n\n\n<p>Sheinbaum tambi\u00e9n comparti\u00f3 durante la referida conferencia de prensa matutina en que llegar\u00e1 a acuerdos con\u00a0Donald Trump, quien, recordemos, advirti\u00f3 que\u00a0<mark><strong><u>una de sus primeras \u00f3rdenes a su regreso a la Casa Blanca ser\u00e1 imponer aranceles del 25 por ciento a los productos mexicanos si M\u00e9xico\u00a0<\/u><\/strong><\/mark>&#8220;no frena la invasi\u00f3n&#8221; de migrantes y drogas, en particular el fentanilo.<\/p>\n\n\n\n<h2 class=\"wp-block-heading\">El panorama de M\u00e9xico ante la llegada de Trump<\/h2>\n\n\n\n<p>Asimismo,&nbsp;<mark><strong><u>Trump tambi\u00e9n ha prometido que en los primeros d\u00edas de su mandato dar\u00e1 inicio a las deportaciones masivas,<\/u><\/strong><\/mark>&nbsp;que afectar\u00edan en particular a M\u00e9xico, origen de cerca de la mitad de los 11 millones de indocumentados en Estados Unidos y cuyas remesas representan casi el 4 por ciento del producto interior bruto (PIB) mexicano.<\/p>\n\n\n\n<p><em>\u201cTenemos la certeza de que vamos a llegar a un acuerdo con el Gobierno del presidente Trump, que ya una vez con su toma posesi\u00f3n, se establecer\u00e1n los canales adecuados para una comunicaci\u00f3n&#8221;,\u00a0<\/em>explic\u00f3\u00a0Sheinbaum.<\/p>\n\n\n\n<p><mark><strong><u>La Presidenta de M\u00e9xico tambi\u00e9n adelant\u00f3 que buscar\u00e1 que el nuevo Gobierno de Estados Unidos conserve algunas pol\u00edticas migratorias<\/u><\/strong><\/mark>implementadas por el presidente saliente de Estados Unidos, Joe Biden, como la aplicaci\u00f3n \u201cCBP One\u201d de la Oficina de Aduanas y Protecci\u00f3n Fronteriza, que permite solicitar asilo desde M\u00e9xico.<\/p>\n\n\n\n<p><em><u>\u201cUn esquema que se llama &#8216;CBP One&#8217;, no sabemos si va a permanecer o no, pero lo que nosotros queremos es que, si desaparece, se establezca algo similar, porque ha tenido resultados&#8221;,<\/u><\/em>&nbsp;mencion\u00f3.&nbsp;<\/p>\n\n\n\n<p><em>Con informaci\u00f3n de EFE.<\/em><\/p>\n","protected":false},"excerpt":{"rendered":"<p>Por Redacci\u00f3n QP Sheinbaum refiri\u00f3 que su gobierno se encuentra listo para el regreso de&#8230;<\/p>\n","protected":false},"author":2,"featured_media":114341,"comment_status":"open","ping_status":"open","sticky":false,"template":"","format":"standard","meta":{"_monsterinsights_skip_tracking":false,"_monsterinsights_sitenote_active":false,"_monsterinsights_sitenote_note":"","_monsterinsights_sitenote_category":0,"footnotes":""},"categories":[280,2],"tags":[],"class_list":["post-114340","post","type-post","status-publish","format-standard","has-post-thumbnail","hentry","category-nacionales","category-noticias"],"yoast_head":"<!-- This site is optimized with the Yoast SEO plugin v27.3 - https:\/\/yoast.com\/product\/yoast-seo-wordpress\/ -->\n<title>&quot;Estamos preparados&quot;, dice Sheinbaum ante el regreso de Trump a la Casa Blanca Conf\u00eda en que llegar\u00e1n a acuerdos con Estados Unidos -<\/title>\n<meta name=\"robots\" content=\"index, follow, max-snippet:-1, max-image-preview:large, max-video-preview:-1\" \/>\n<link rel=\"canonical\" href=\"https:\/\/quehacerpolitico.mx\/?p=114340\" \/>\n<meta property=\"og:locale\" content=\"es_MX\" \/>\n<meta property=\"og:type\" content=\"article\" \/>\n<meta property=\"og:title\" content=\"&quot;Estamos preparados&quot;, dice Sheinbaum ante el regreso de Trump a la Casa Blanca Conf\u00eda en que llegar\u00e1n a acuerdos con Estados Unidos -\" \/>\n<meta property=\"og:description\" content=\"Por Redacci\u00f3n QP Sheinbaum refiri\u00f3 que su gobierno se encuentra listo para el regreso de...\" \/>\n<meta property=\"og:url\" content=\"https:\/\/quehacerpolitico.mx\/?p=114340\" \/>\n<meta property=\"article:published_time\" content=\"2025-01-20T15:27:20+00:00\" \/>\n<meta property=\"article:modified_time\" content=\"2025-01-20T15:27:23+00:00\" \/>\n<meta property=\"og:image\" content=\"https:\/\/quehacerpolitico.mx\/wp-content\/uploads\/2025\/01\/IMG_0200.jpeg\" \/>\n\t<meta property=\"og:image:width\" content=\"1284\" \/>\n\t<meta property=\"og:image:height\" content=\"857\" \/>\n\t<meta property=\"og:image:type\" content=\"image\/jpeg\" \/>\n<meta name=\"author\" content=\"Redacci\u00f3n QP\" \/>\n<meta name=\"twitter:card\" content=\"summary_large_image\" \/>\n<meta name=\"twitter:label1\" content=\"Escrito por\" \/>\n\t<meta name=\"twitter:data1\" content=\"Redacci\u00f3n QP\" \/>\n\t<meta name=\"twitter:label2\" content=\"Tiempo de lectura\" \/>\n\t<meta name=\"twitter:data2\" content=\"2 minutos\" \/>\n<script type=\"application\/ld+json\" class=\"yoast-schema-graph\">{\"@context\":\"https:\\\/\\\/schema.org\",\"@graph\":[{\"@type\":\"Article\",\"@id\":\"https:\\\/\\\/quehacerpolitico.mx\\\/?p=114340#article\",\"isPartOf\":{\"@id\":\"https:\\\/\\\/quehacerpolitico.mx\\\/?p=114340\"},\"author\":{\"name\":\"Redacci\u00f3n QP\",\"@id\":\"https:\\\/\\\/quehacerpolitico.mx\\\/#\\\/schema\\\/person\\\/496d8ad2d1d3f8036101dca7ee39e585\"},\"headline\":\"&#8220;Estamos preparados&#8221;, dice Sheinbaum ante el regreso de Trump a la Casa Blanca Conf\u00eda en que llegar\u00e1n a acuerdos con Estados Unidos\",\"datePublished\":\"2025-01-20T15:27:20+00:00\",\"dateModified\":\"2025-01-20T15:27:23+00:00\",\"mainEntityOfPage\":{\"@id\":\"https:\\\/\\\/quehacerpolitico.mx\\\/?p=114340\"},\"wordCount\":450,\"commentCount\":0,\"image\":{\"@id\":\"https:\\\/\\\/quehacerpolitico.mx\\\/?p=114340#primaryimage\"},\"thumbnailUrl\":\"https:\\\/\\\/quehacerpolitico.mx\\\/wp-content\\\/uploads\\\/2025\\\/01\\\/IMG_0200.jpeg\",\"articleSection\":[\"Nacionales\",\"Noticias\"],\"inLanguage\":\"es\",\"potentialAction\":[{\"@type\":\"CommentAction\",\"name\":\"Comment\",\"target\":[\"https:\\\/\\\/quehacerpolitico.mx\\\/?p=114340#respond\"]}]},{\"@type\":\"WebPage\",\"@id\":\"https:\\\/\\\/quehacerpolitico.mx\\\/?p=114340\",\"url\":\"https:\\\/\\\/quehacerpolitico.mx\\\/?p=114340\",\"name\":\"\\\"Estamos preparados\\\", dice Sheinbaum ante el regreso de Trump a la Casa Blanca Conf\u00eda en que llegar\u00e1n a acuerdos con Estados Unidos -\",\"isPartOf\":{\"@id\":\"https:\\\/\\\/quehacerpolitico.mx\\\/#website\"},\"primaryImageOfPage\":{\"@id\":\"https:\\\/\\\/quehacerpolitico.mx\\\/?p=114340#primaryimage\"},\"image\":{\"@id\":\"https:\\\/\\\/quehacerpolitico.mx\\\/?p=114340#primaryimage\"},\"thumbnailUrl\":\"https:\\\/\\\/quehacerpolitico.mx\\\/wp-content\\\/uploads\\\/2025\\\/01\\\/IMG_0200.jpeg\",\"datePublished\":\"2025-01-20T15:27:20+00:00\",\"dateModified\":\"2025-01-20T15:27:23+00:00\",\"author\":{\"@id\":\"https:\\\/\\\/quehacerpolitico.mx\\\/#\\\/schema\\\/person\\\/496d8ad2d1d3f8036101dca7ee39e585\"},\"breadcrumb\":{\"@id\":\"https:\\\/\\\/quehacerpolitico.mx\\\/?p=114340#breadcrumb\"},\"inLanguage\":\"es\",\"potentialAction\":[{\"@type\":\"ReadAction\",\"target\":[\"https:\\\/\\\/quehacerpolitico.mx\\\/?p=114340\"]}]},{\"@type\":\"ImageObject\",\"inLanguage\":\"es\",\"@id\":\"https:\\\/\\\/quehacerpolitico.mx\\\/?p=114340#primaryimage\",\"url\":\"https:\\\/\\\/quehacerpolitico.mx\\\/wp-content\\\/uploads\\\/2025\\\/01\\\/IMG_0200.jpeg\",\"contentUrl\":\"https:\\\/\\\/quehacerpolitico.mx\\\/wp-content\\\/uploads\\\/2025\\\/01\\\/IMG_0200.jpeg\",\"width\":1284,\"height\":857,\"caption\":\"Screenshot\"},{\"@type\":\"BreadcrumbList\",\"@id\":\"https:\\\/\\\/quehacerpolitico.mx\\\/?p=114340#breadcrumb\",\"itemListElement\":[{\"@type\":\"ListItem\",\"position\":1,\"name\":\"Inicio\",\"item\":\"https:\\\/\\\/quehacerpolitico.mx\\\/\"},{\"@type\":\"ListItem\",\"position\":2,\"name\":\"&#8220;Estamos preparados&#8221;, dice Sheinbaum ante el regreso de Trump a la Casa Blanca Conf\u00eda en que llegar\u00e1n a acuerdos con Estados Unidos\"}]},{\"@type\":\"WebSite\",\"@id\":\"https:\\\/\\\/quehacerpolitico.mx\\\/#website\",\"url\":\"https:\\\/\\\/quehacerpolitico.mx\\\/\",\"name\":\"\",\"description\":\"\",\"potentialAction\":[{\"@type\":\"SearchAction\",\"target\":{\"@type\":\"EntryPoint\",\"urlTemplate\":\"https:\\\/\\\/quehacerpolitico.mx\\\/?s={search_term_string}\"},\"query-input\":{\"@type\":\"PropertyValueSpecification\",\"valueRequired\":true,\"valueName\":\"search_term_string\"}}],\"inLanguage\":\"es\"},{\"@type\":\"Person\",\"@id\":\"https:\\\/\\\/quehacerpolitico.mx\\\/#\\\/schema\\\/person\\\/496d8ad2d1d3f8036101dca7ee39e585\",\"name\":\"Redacci\u00f3n QP\",\"image\":{\"@type\":\"ImageObject\",\"inLanguage\":\"es\",\"@id\":\"https:\\\/\\\/secure.gravatar.com\\\/avatar\\\/c7164ed6fdec453195284ad24a5ae5b6e1eed2b848477fa2a4787ba9adf39a41?s=96&d=mm&r=g\",\"url\":\"https:\\\/\\\/secure.gravatar.com\\\/avatar\\\/c7164ed6fdec453195284ad24a5ae5b6e1eed2b848477fa2a4787ba9adf39a41?s=96&d=mm&r=g\",\"contentUrl\":\"https:\\\/\\\/secure.gravatar.com\\\/avatar\\\/c7164ed6fdec453195284ad24a5ae5b6e1eed2b848477fa2a4787ba9adf39a41?s=96&d=mm&r=g\",\"caption\":\"Redacci\u00f3n QP\"},\"url\":\"https:\\\/\\\/quehacerpolitico.mx\\\/?author=2\"}]}<\/script>\n<!-- \/ Yoast SEO plugin. -->","yoast_head_json":{"title":"\"Estamos preparados\", dice Sheinbaum ante el regreso de Trump a la Casa Blanca Conf\u00eda en que llegar\u00e1n a acuerdos con Estados Unidos -","robots":{"index":"index","follow":"follow","max-snippet":"max-snippet:-1","max-image-preview":"max-image-preview:large","max-video-preview":"max-video-preview:-1"},"canonical":"https:\/\/quehacerpolitico.mx\/?p=114340","og_locale":"es_MX","og_type":"article","og_title":"\"Estamos preparados\", dice Sheinbaum ante el regreso de Trump a la Casa Blanca Conf\u00eda en que llegar\u00e1n a acuerdos con Estados Unidos -","og_description":"Por Redacci\u00f3n QP Sheinbaum refiri\u00f3 que su gobierno se encuentra listo para el regreso de...","og_url":"https:\/\/quehacerpolitico.mx\/?p=114340","article_published_time":"2025-01-20T15:27:20+00:00","article_modified_time":"2025-01-20T15:27:23+00:00","og_image":[{"width":1284,"height":857,"url":"https:\/\/quehacerpolitico.mx\/wp-content\/uploads\/2025\/01\/IMG_0200.jpeg","type":"image\/jpeg"}],"author":"Redacci\u00f3n QP","twitter_card":"summary_large_image","twitter_misc":{"Escrito por":"Redacci\u00f3n QP","Tiempo de lectura":"2 minutos"},"schema":{"@context":"https:\/\/schema.org","@graph":[{"@type":"Article","@id":"https:\/\/quehacerpolitico.mx\/?p=114340#article","isPartOf":{"@id":"https:\/\/quehacerpolitico.mx\/?p=114340"},"author":{"name":"Redacci\u00f3n QP","@id":"https:\/\/quehacerpolitico.mx\/#\/schema\/person\/496d8ad2d1d3f8036101dca7ee39e585"},"headline":"&#8220;Estamos preparados&#8221;, dice Sheinbaum ante el regreso de Trump a la Casa Blanca Conf\u00eda en que llegar\u00e1n a acuerdos con Estados Unidos","datePublished":"2025-01-20T15:27:20+00:00","dateModified":"2025-01-20T15:27:23+00:00","mainEntityOfPage":{"@id":"https:\/\/quehacerpolitico.mx\/?p=114340"},"wordCount":450,"commentCount":0,"image":{"@id":"https:\/\/quehacerpolitico.mx\/?p=114340#primaryimage"},"thumbnailUrl":"https:\/\/quehacerpolitico.mx\/wp-content\/uploads\/2025\/01\/IMG_0200.jpeg","articleSection":["Nacionales","Noticias"],"inLanguage":"es","potentialAction":[{"@type":"CommentAction","name":"Comment","target":["https:\/\/quehacerpolitico.mx\/?p=114340#respond"]}]},{"@type":"WebPage","@id":"https:\/\/quehacerpolitico.mx\/?p=114340","url":"https:\/\/quehacerpolitico.mx\/?p=114340","name":"\"Estamos preparados\", dice Sheinbaum ante el regreso de Trump a la Casa Blanca Conf\u00eda en que llegar\u00e1n a acuerdos con Estados Unidos -","isPartOf":{"@id":"https:\/\/quehacerpolitico.mx\/#website"},"primaryImageOfPage":{"@id":"https:\/\/quehacerpolitico.mx\/?p=114340#primaryimage"},"image":{"@id":"https:\/\/quehacerpolitico.mx\/?p=114340#primaryimage"},"thumbnailUrl":"https:\/\/quehacerpolitico.mx\/wp-content\/uploads\/2025\/01\/IMG_0200.jpeg","datePublished":"2025-01-20T15:27:20+00:00","dateModified":"2025-01-20T15:27:23+00:00","author":{"@id":"https:\/\/quehacerpolitico.mx\/#\/schema\/person\/496d8ad2d1d3f8036101dca7ee39e585"},"breadcrumb":{"@id":"https:\/\/quehacerpolitico.mx\/?p=114340#breadcrumb"},"inLanguage":"es","potentialAction":[{"@type":"ReadAction","target":["https:\/\/quehacerpolitico.mx\/?p=114340"]}]},{"@type":"ImageObject","inLanguage":"es","@id":"https:\/\/quehacerpolitico.mx\/?p=114340#primaryimage","url":"https:\/\/quehacerpolitico.mx\/wp-content\/uploads\/2025\/01\/IMG_0200.jpeg","contentUrl":"https:\/\/quehacerpolitico.mx\/wp-content\/uploads\/2025\/01\/IMG_0200.jpeg","width":1284,"height":857,"caption":"Screenshot"},{"@type":"BreadcrumbList","@id":"https:\/\/quehacerpolitico.mx\/?p=114340#breadcrumb","itemListElement":[{"@type":"ListItem","position":1,"name":"Inicio","item":"https:\/\/quehacerpolitico.mx\/"},{"@type":"ListItem","position":2,"name":"&#8220;Estamos preparados&#8221;, dice Sheinbaum ante el regreso de Trump a la Casa Blanca Conf\u00eda en que llegar\u00e1n a acuerdos con Estados Unidos"}]},{"@type":"WebSite","@id":"https:\/\/quehacerpolitico.mx\/#website","url":"https:\/\/quehacerpolitico.mx\/","name":"","description":"","potentialAction":[{"@type":"SearchAction","target":{"@type":"EntryPoint","urlTemplate":"https:\/\/quehacerpolitico.mx\/?s={search_term_string}"},"query-input":{"@type":"PropertyValueSpecification","valueRequired":true,"valueName":"search_term_string"}}],"inLanguage":"es"},{"@type":"Person","@id":"https:\/\/quehacerpolitico.mx\/#\/schema\/person\/496d8ad2d1d3f8036101dca7ee39e585","name":"Redacci\u00f3n QP","image":{"@type":"ImageObject","inLanguage":"es","@id":"https:\/\/secure.gravatar.com\/avatar\/c7164ed6fdec453195284ad24a5ae5b6e1eed2b848477fa2a4787ba9adf39a41?s=96&d=mm&r=g","url":"https:\/\/secure.gravatar.com\/avatar\/c7164ed6fdec453195284ad24a5ae5b6e1eed2b848477fa2a4787ba9adf39a41?s=96&d=mm&r=g","contentUrl":"https:\/\/secure.gravatar.com\/avatar\/c7164ed6fdec453195284ad24a5ae5b6e1eed2b848477fa2a4787ba9adf39a41?s=96&d=mm&r=g","caption":"Redacci\u00f3n QP"},"url":"https:\/\/quehacerpolitico.mx\/?author=2"}]}},"featured_image_urls":{"full":["https:\/\/quehacerpolitico.mx\/wp-content\/uploads\/2025\/01\/IMG_0200.jpeg",1284,857,false],"thumbnail":["https:\/\/quehacerpolitico.mx\/wp-content\/uploads\/2025\/01\/IMG_0200-150x150.jpeg",150,150,true],"medium":["https:\/\/quehacerpolitico.mx\/wp-content\/uploads\/2025\/01\/IMG_0200-300x200.jpeg",300,200,true],"medium_large":["https:\/\/quehacerpolitico.mx\/wp-content\/uploads\/2025\/01\/IMG_0200-768x513.jpeg",640,428,true],"large":["https:\/\/quehacerpolitico.mx\/wp-content\/uploads\/2025\/01\/IMG_0200-1024x683.jpeg",640,427,true],"1536x1536":["https:\/\/quehacerpolitico.mx\/wp-content\/uploads\/2025\/01\/IMG_0200.jpeg",1284,857,false],"2048x2048":["https:\/\/quehacerpolitico.mx\/wp-content\/uploads\/2025\/01\/IMG_0200.jpeg",1284,857,false],"covernews-featured":["https:\/\/quehacerpolitico.mx\/wp-content\/uploads\/2025\/01\/IMG_0200-1024x683.jpeg",1024,683,true],"covernews-medium":["https:\/\/quehacerpolitico.mx\/wp-content\/uploads\/2025\/01\/IMG_0200-540x340.jpeg",540,340,true]},"author_info":{"display_name":"Redacci\u00f3n QP","author_link":"https:\/\/quehacerpolitico.mx\/?author=2"},"category_info":"<a href=\"https:\/\/quehacerpolitico.mx\/?cat=280\" rel=\"category\">Nacionales<\/a> <a href=\"https:\/\/quehacerpolitico.mx\/?cat=2\" rel=\"category\">Noticias<\/a>","tag_info":"Noticias","comment_count":"0","_links":{"self":[{"href":"https:\/\/quehacerpolitico.mx\/index.php?rest_route=\/wp\/v2\/posts\/114340","targetHints":{"allow":["GET"]}}],"collection":[{"href":"https:\/\/quehacerpolitico.mx\/index.php?rest_route=\/wp\/v2\/posts"}],"about":[{"href":"https:\/\/quehacerpolitico.mx\/index.php?rest_route=\/wp\/v2\/types\/post"}],"author":[{"embeddable":true,"href":"https:\/\/quehacerpolitico.mx\/index.php?rest_route=\/wp\/v2\/users\/2"}],"replies":[{"embeddable":true,"href":"https:\/\/quehacerpolitico.mx\/index.php?rest_route=%2Fwp%2Fv2%2Fcomments&post=114340"}],"version-history":[{"count":1,"href":"https:\/\/quehacerpolitico.mx\/index.php?rest_route=\/wp\/v2\/posts\/114340\/revisions"}],"predecessor-version":[{"id":114342,"href":"https:\/\/quehacerpolitico.mx\/index.php?rest_route=\/wp\/v2\/posts\/114340\/revisions\/114342"}],"wp:featuredmedia":[{"embeddable":true,"href":"https:\/\/quehacerpolitico.mx\/index.php?rest_route=\/wp\/v2\/media\/114341"}],"wp:attachment":[{"href":"https:\/\/quehacerpolitico.mx\/index.php?rest_route=%2Fwp%2Fv2%2Fmedia&parent=114340"}],"wp:term":[{"taxonomy":"category","embeddable":true,"href":"https:\/\/quehacerpolitico.mx\/index.php?rest_route=%2Fwp%2Fv2%2Fcategories&post=114340"},{"taxonomy":"post_tag","embeddable":true,"href":"https:\/\/quehacerpolitico.mx\/index.php?rest_route=%2Fwp%2Fv2%2Ftags&post=114340"}],"curies":[{"name":"wp","href":"https:\/\/api.w.org\/{rel}","templated":true}]}}