{"id":114334,"date":"2025-01-20T08:58:19","date_gmt":"2025-01-20T14:58:19","guid":{"rendered":"https:\/\/quehacerpolitico.mx\/?p=114334"},"modified":"2025-01-20T08:58:21","modified_gmt":"2025-01-20T14:58:21","slug":"el-quehacer-politico-a-traves-de-la-opinion-jose-alberto-prado-angeles-usa-bienvenida-la-colaboracion","status":"publish","type":"post","link":"https:\/\/quehacerpolitico.mx\/?p=114334","title":{"rendered":"El Quehacer Pol\u00edtico a trav\u00e9s de la opini\u00f3n\/\/\/Jose Alberto Prado \u00c1ngeles\/\/\/USA Bienvenida la colaboraci\u00f3n"},"content":{"rendered":"\n<p>Por Jos\u00e9 Alberto Prado \u00c1ngeles <\/p>\n\n\n\n<p>Director General y Editor<\/p>\n\n\n\n<p>El 28 de noviembre de 2019 -en una entrevista de radio con Bill O&#8217;Reilly- Donald Trump habl\u00f3 de que trabajaba con el Congreso para designar a organizaciones criminales mexicanas -mencion\u00f3 a la de Sinaloa, Jalisco Nueva Generaci\u00f3n, Tijuana, Ju\u00e1rez y Los Zetas- como &#8220;grupos terroristas&#8221;. En esa ocasi\u00f3n se mencion\u00f3 que alrededor de 100 mil ciudadanos norteamericanos mueren cada a\u00f1o a consecuencia del consumo de drogas provenientes de nuestro pa\u00eds, donde han rechazado la ayuda: &#8220;De hecho, le he ofrecido -al presidente Andr\u00e9s Manuel L\u00f3pez Obrador- que nos deje ir y limpiarlo -al pa\u00eds-, y \u00e9l, hasta ahora, ha rechazado la oferta&#8221;. &nbsp;<\/p>\n\n\n\n<p>En la primera administraci\u00f3n de Trump, la propuesta no prosper\u00f3. Sin embargo, durante la presidencia de Joe Biden, el senador republicano Lindsey Graham -por Carolina del Norte- someti\u00f3 la propuesta designar a los grupos delincuenciales mexicanos como terroristas -29 de marzo de 2023-, moci\u00f3n que fue apoyada por otros legisladores -pero que no procedi\u00f3-, incluso llegando algunos a &#8220;recomendar&#8221; la intervenci\u00f3n del ej\u00e9rcito norteamericano para capturarlos en territorio mexicano.&nbsp;<\/p>\n\n\n\n<p>Sin embargo, el tema de manera radical continu\u00f3 en la mente de Trump, haci\u00e9ndolo parte de su segunda campa\u00f1a a la presidencia y repiti\u00e9ndolo una vez que obtuvo la victoria en la elecci\u00f3n. Lleg\u00f3 inclusive a decir estar abierto a lanzar ataques con misiles en contra de los laboratorios donde se produce el fentanilo.<\/p>\n\n\n\n<p>Marco Rubio, senador republicano por Florida, quien ha sido nominado por Trump para asumir la Secretar\u00eda de Estado, ha sido un severo cr\u00edtico de la situaci\u00f3n que se vive en M\u00e9xico y en diferentes ocasiones se ha manifestado a favor de la intervenci\u00f3n militar para poner orden al sur de la frontera. Ayer, Rubio estuvo ante el comit\u00e9 de relaciones exteriores del Senado para convencerlos de que es la persona indicada para estar al frente de la pol\u00edtica externa estadounidense. Y el tema de M\u00e9xico y el narcotr\u00e1fico fue primordial en la conversaci\u00f3n. Habl\u00f3 de que &#8220;estos sofisticados grupos, estas organizaciones criminales, no solo amenazan a Estados Unidos sino tambi\u00e9n al proceso pol\u00edtico mexicano&#8221;. Y dijo que en las \u00faltimas elecciones en nuestro pa\u00eds, &#8220;varios candidatos fueron asesinados&#8221; y agreg\u00f3 que &#8220;lamentablemente, tambi\u00e9n tienen un control operativo b\u00e1sico sobre grandes franjas de las regiones fronterizas entre M\u00e9xico y Estados Unidos&#8221;.<\/p>\n\n\n\n<p>Sin embargo, el cubano-americano moder\u00f3 mucho su lenguaje. &#8220;Mi ESPERANZA en un mundo perfecto es que podamos TRABAJAR EN ESTRECHA COLABORACI\u00d3N con las\u00a0 autoridades mexicanas para acabar con estos grupos&#8230; Es algo que tendremos que enfrentar con NUESTROS SOCIOS EN M\u00c9XICO&#8221;. Rubio no dijo mentiras, no fue agresivo al hablar de posibles soluciones. Hablo de &#8220;esperanza&#8221;, &#8220;colaboraci\u00f3n&#8221;\u00a0 &#8220;socios&#8221;, no de manera radical de quien ser\u00e1 su &#8220;jefe&#8221; en la Casa Blanca. As\u00ed que, si ese es el tono, \u00a1bienvenido!<\/p>\n\n\n\n<p>As\u00ed el Quehacer Pol\u00edtico Desde 1980, 44 a\u00f1os inquiriendo en la pol\u00edtica de M\u00e9xico, cuestionando, exponiendo, revelando y razonando.Es cuanto.<\/p>\n","protected":false},"excerpt":{"rendered":"<p>Por Jos\u00e9 Alberto Prado \u00c1ngeles Director General y Editor El 28 de noviembre de 2019&#8230;<\/p>\n","protected":false},"author":2,"featured_media":114335,"comment_status":"open","ping_status":"open","sticky":false,"template":"","format":"standard","meta":{"_monsterinsights_skip_tracking":false,"_monsterinsights_sitenote_active":false,"_monsterinsights_sitenote_note":"","_monsterinsights_sitenote_category":0,"footnotes":""},"categories":[280,2],"tags":[],"class_list":["post-114334","post","type-post","status-publish","format-standard","has-post-thumbnail","hentry","category-nacionales","category-noticias"],"yoast_head":"<!-- This site is optimized with the Yoast SEO plugin v27.3 - https:\/\/yoast.com\/product\/yoast-seo-wordpress\/ -->\n<title>El Quehacer Pol\u00edtico a trav\u00e9s de la opini\u00f3n\/\/\/Jose Alberto Prado \u00c1ngeles\/\/\/USA Bienvenida la colaboraci\u00f3n -<\/title>\n<meta name=\"robots\" content=\"index, follow, max-snippet:-1, max-image-preview:large, max-video-preview:-1\" \/>\n<link rel=\"canonical\" href=\"https:\/\/quehacerpolitico.mx\/?p=114334\" \/>\n<meta property=\"og:locale\" content=\"es_MX\" \/>\n<meta property=\"og:type\" content=\"article\" \/>\n<meta property=\"og:title\" content=\"El Quehacer Pol\u00edtico a trav\u00e9s de la opini\u00f3n\/\/\/Jose Alberto Prado \u00c1ngeles\/\/\/USA Bienvenida la colaboraci\u00f3n -\" \/>\n<meta property=\"og:description\" content=\"Por Jos\u00e9 Alberto Prado \u00c1ngeles Director General y Editor El 28 de noviembre de 2019...\" \/>\n<meta property=\"og:url\" content=\"https:\/\/quehacerpolitico.mx\/?p=114334\" \/>\n<meta property=\"article:published_time\" content=\"2025-01-20T14:58:19+00:00\" \/>\n<meta property=\"article:modified_time\" content=\"2025-01-20T14:58:21+00:00\" \/>\n<meta property=\"og:image\" content=\"https:\/\/quehacerpolitico.mx\/wp-content\/uploads\/2025\/01\/fb07bd44-0f95-41a8-8353-f61c55b6d960-2.jpeg\" \/>\n\t<meta property=\"og:image:width\" content=\"963\" \/>\n\t<meta property=\"og:image:height\" content=\"493\" \/>\n\t<meta property=\"og:image:type\" content=\"image\/jpeg\" \/>\n<meta name=\"author\" content=\"Redacci\u00f3n QP\" \/>\n<meta name=\"twitter:card\" content=\"summary_large_image\" \/>\n<meta name=\"twitter:label1\" content=\"Escrito por\" \/>\n\t<meta name=\"twitter:data1\" content=\"Redacci\u00f3n QP\" \/>\n\t<meta name=\"twitter:label2\" content=\"Tiempo de lectura\" \/>\n\t<meta name=\"twitter:data2\" content=\"3 minutos\" \/>\n<script type=\"application\/ld+json\" class=\"yoast-schema-graph\">{\"@context\":\"https:\\\/\\\/schema.org\",\"@graph\":[{\"@type\":\"Article\",\"@id\":\"https:\\\/\\\/quehacerpolitico.mx\\\/?p=114334#article\",\"isPartOf\":{\"@id\":\"https:\\\/\\\/quehacerpolitico.mx\\\/?p=114334\"},\"author\":{\"name\":\"Redacci\u00f3n QP\",\"@id\":\"https:\\\/\\\/quehacerpolitico.mx\\\/#\\\/schema\\\/person\\\/496d8ad2d1d3f8036101dca7ee39e585\"},\"headline\":\"El Quehacer Pol\u00edtico a trav\u00e9s de la opini\u00f3n\\\/\\\/\\\/Jose Alberto Prado \u00c1ngeles\\\/\\\/\\\/USA Bienvenida la colaboraci\u00f3n\",\"datePublished\":\"2025-01-20T14:58:19+00:00\",\"dateModified\":\"2025-01-20T14:58:21+00:00\",\"mainEntityOfPage\":{\"@id\":\"https:\\\/\\\/quehacerpolitico.mx\\\/?p=114334\"},\"wordCount\":541,\"commentCount\":0,\"image\":{\"@id\":\"https:\\\/\\\/quehacerpolitico.mx\\\/?p=114334#primaryimage\"},\"thumbnailUrl\":\"https:\\\/\\\/quehacerpolitico.mx\\\/wp-content\\\/uploads\\\/2025\\\/01\\\/fb07bd44-0f95-41a8-8353-f61c55b6d960-2.jpeg\",\"articleSection\":[\"Nacionales\",\"Noticias\"],\"inLanguage\":\"es\",\"potentialAction\":[{\"@type\":\"CommentAction\",\"name\":\"Comment\",\"target\":[\"https:\\\/\\\/quehacerpolitico.mx\\\/?p=114334#respond\"]}]},{\"@type\":\"WebPage\",\"@id\":\"https:\\\/\\\/quehacerpolitico.mx\\\/?p=114334\",\"url\":\"https:\\\/\\\/quehacerpolitico.mx\\\/?p=114334\",\"name\":\"El Quehacer Pol\u00edtico a trav\u00e9s de la opini\u00f3n\\\/\\\/\\\/Jose Alberto Prado \u00c1ngeles\\\/\\\/\\\/USA Bienvenida la colaboraci\u00f3n -\",\"isPartOf\":{\"@id\":\"https:\\\/\\\/quehacerpolitico.mx\\\/#website\"},\"primaryImageOfPage\":{\"@id\":\"https:\\\/\\\/quehacerpolitico.mx\\\/?p=114334#primaryimage\"},\"image\":{\"@id\":\"https:\\\/\\\/quehacerpolitico.mx\\\/?p=114334#primaryimage\"},\"thumbnailUrl\":\"https:\\\/\\\/quehacerpolitico.mx\\\/wp-content\\\/uploads\\\/2025\\\/01\\\/fb07bd44-0f95-41a8-8353-f61c55b6d960-2.jpeg\",\"datePublished\":\"2025-01-20T14:58:19+00:00\",\"dateModified\":\"2025-01-20T14:58:21+00:00\",\"author\":{\"@id\":\"https:\\\/\\\/quehacerpolitico.mx\\\/#\\\/schema\\\/person\\\/496d8ad2d1d3f8036101dca7ee39e585\"},\"breadcrumb\":{\"@id\":\"https:\\\/\\\/quehacerpolitico.mx\\\/?p=114334#breadcrumb\"},\"inLanguage\":\"es\",\"potentialAction\":[{\"@type\":\"ReadAction\",\"target\":[\"https:\\\/\\\/quehacerpolitico.mx\\\/?p=114334\"]}]},{\"@type\":\"ImageObject\",\"inLanguage\":\"es\",\"@id\":\"https:\\\/\\\/quehacerpolitico.mx\\\/?p=114334#primaryimage\",\"url\":\"https:\\\/\\\/quehacerpolitico.mx\\\/wp-content\\\/uploads\\\/2025\\\/01\\\/fb07bd44-0f95-41a8-8353-f61c55b6d960-2.jpeg\",\"contentUrl\":\"https:\\\/\\\/quehacerpolitico.mx\\\/wp-content\\\/uploads\\\/2025\\\/01\\\/fb07bd44-0f95-41a8-8353-f61c55b6d960-2.jpeg\",\"width\":963,\"height\":493},{\"@type\":\"BreadcrumbList\",\"@id\":\"https:\\\/\\\/quehacerpolitico.mx\\\/?p=114334#breadcrumb\",\"itemListElement\":[{\"@type\":\"ListItem\",\"position\":1,\"name\":\"Inicio\",\"item\":\"https:\\\/\\\/quehacerpolitico.mx\\\/\"},{\"@type\":\"ListItem\",\"position\":2,\"name\":\"El Quehacer Pol\u00edtico a trav\u00e9s de la opini\u00f3n\\\/\\\/\\\/Jose Alberto Prado \u00c1ngeles\\\/\\\/\\\/USA Bienvenida la colaboraci\u00f3n\"}]},{\"@type\":\"WebSite\",\"@id\":\"https:\\\/\\\/quehacerpolitico.mx\\\/#website\",\"url\":\"https:\\\/\\\/quehacerpolitico.mx\\\/\",\"name\":\"\",\"description\":\"\",\"potentialAction\":[{\"@type\":\"SearchAction\",\"target\":{\"@type\":\"EntryPoint\",\"urlTemplate\":\"https:\\\/\\\/quehacerpolitico.mx\\\/?s={search_term_string}\"},\"query-input\":{\"@type\":\"PropertyValueSpecification\",\"valueRequired\":true,\"valueName\":\"search_term_string\"}}],\"inLanguage\":\"es\"},{\"@type\":\"Person\",\"@id\":\"https:\\\/\\\/quehacerpolitico.mx\\\/#\\\/schema\\\/person\\\/496d8ad2d1d3f8036101dca7ee39e585\",\"name\":\"Redacci\u00f3n QP\",\"image\":{\"@type\":\"ImageObject\",\"inLanguage\":\"es\",\"@id\":\"https:\\\/\\\/secure.gravatar.com\\\/avatar\\\/c7164ed6fdec453195284ad24a5ae5b6e1eed2b848477fa2a4787ba9adf39a41?s=96&d=mm&r=g\",\"url\":\"https:\\\/\\\/secure.gravatar.com\\\/avatar\\\/c7164ed6fdec453195284ad24a5ae5b6e1eed2b848477fa2a4787ba9adf39a41?s=96&d=mm&r=g\",\"contentUrl\":\"https:\\\/\\\/secure.gravatar.com\\\/avatar\\\/c7164ed6fdec453195284ad24a5ae5b6e1eed2b848477fa2a4787ba9adf39a41?s=96&d=mm&r=g\",\"caption\":\"Redacci\u00f3n QP\"},\"url\":\"https:\\\/\\\/quehacerpolitico.mx\\\/?author=2\"}]}<\/script>\n<!-- \/ Yoast SEO plugin. -->","yoast_head_json":{"title":"El Quehacer Pol\u00edtico a trav\u00e9s de la opini\u00f3n\/\/\/Jose Alberto Prado \u00c1ngeles\/\/\/USA Bienvenida la colaboraci\u00f3n -","robots":{"index":"index","follow":"follow","max-snippet":"max-snippet:-1","max-image-preview":"max-image-preview:large","max-video-preview":"max-video-preview:-1"},"canonical":"https:\/\/quehacerpolitico.mx\/?p=114334","og_locale":"es_MX","og_type":"article","og_title":"El Quehacer Pol\u00edtico a trav\u00e9s de la opini\u00f3n\/\/\/Jose Alberto Prado \u00c1ngeles\/\/\/USA Bienvenida la colaboraci\u00f3n -","og_description":"Por Jos\u00e9 Alberto Prado \u00c1ngeles Director General y Editor El 28 de noviembre de 2019...","og_url":"https:\/\/quehacerpolitico.mx\/?p=114334","article_published_time":"2025-01-20T14:58:19+00:00","article_modified_time":"2025-01-20T14:58:21+00:00","og_image":[{"width":963,"height":493,"url":"https:\/\/quehacerpolitico.mx\/wp-content\/uploads\/2025\/01\/fb07bd44-0f95-41a8-8353-f61c55b6d960-2.jpeg","type":"image\/jpeg"}],"author":"Redacci\u00f3n QP","twitter_card":"summary_large_image","twitter_misc":{"Escrito por":"Redacci\u00f3n QP","Tiempo de lectura":"3 minutos"},"schema":{"@context":"https:\/\/schema.org","@graph":[{"@type":"Article","@id":"https:\/\/quehacerpolitico.mx\/?p=114334#article","isPartOf":{"@id":"https:\/\/quehacerpolitico.mx\/?p=114334"},"author":{"name":"Redacci\u00f3n QP","@id":"https:\/\/quehacerpolitico.mx\/#\/schema\/person\/496d8ad2d1d3f8036101dca7ee39e585"},"headline":"El Quehacer Pol\u00edtico a trav\u00e9s de la opini\u00f3n\/\/\/Jose Alberto Prado \u00c1ngeles\/\/\/USA Bienvenida la colaboraci\u00f3n","datePublished":"2025-01-20T14:58:19+00:00","dateModified":"2025-01-20T14:58:21+00:00","mainEntityOfPage":{"@id":"https:\/\/quehacerpolitico.mx\/?p=114334"},"wordCount":541,"commentCount":0,"image":{"@id":"https:\/\/quehacerpolitico.mx\/?p=114334#primaryimage"},"thumbnailUrl":"https:\/\/quehacerpolitico.mx\/wp-content\/uploads\/2025\/01\/fb07bd44-0f95-41a8-8353-f61c55b6d960-2.jpeg","articleSection":["Nacionales","Noticias"],"inLanguage":"es","potentialAction":[{"@type":"CommentAction","name":"Comment","target":["https:\/\/quehacerpolitico.mx\/?p=114334#respond"]}]},{"@type":"WebPage","@id":"https:\/\/quehacerpolitico.mx\/?p=114334","url":"https:\/\/quehacerpolitico.mx\/?p=114334","name":"El Quehacer Pol\u00edtico a trav\u00e9s de la opini\u00f3n\/\/\/Jose Alberto Prado \u00c1ngeles\/\/\/USA Bienvenida la colaboraci\u00f3n -","isPartOf":{"@id":"https:\/\/quehacerpolitico.mx\/#website"},"primaryImageOfPage":{"@id":"https:\/\/quehacerpolitico.mx\/?p=114334#primaryimage"},"image":{"@id":"https:\/\/quehacerpolitico.mx\/?p=114334#primaryimage"},"thumbnailUrl":"https:\/\/quehacerpolitico.mx\/wp-content\/uploads\/2025\/01\/fb07bd44-0f95-41a8-8353-f61c55b6d960-2.jpeg","datePublished":"2025-01-20T14:58:19+00:00","dateModified":"2025-01-20T14:58:21+00:00","author":{"@id":"https:\/\/quehacerpolitico.mx\/#\/schema\/person\/496d8ad2d1d3f8036101dca7ee39e585"},"breadcrumb":{"@id":"https:\/\/quehacerpolitico.mx\/?p=114334#breadcrumb"},"inLanguage":"es","potentialAction":[{"@type":"ReadAction","target":["https:\/\/quehacerpolitico.mx\/?p=114334"]}]},{"@type":"ImageObject","inLanguage":"es","@id":"https:\/\/quehacerpolitico.mx\/?p=114334#primaryimage","url":"https:\/\/quehacerpolitico.mx\/wp-content\/uploads\/2025\/01\/fb07bd44-0f95-41a8-8353-f61c55b6d960-2.jpeg","contentUrl":"https:\/\/quehacerpolitico.mx\/wp-content\/uploads\/2025\/01\/fb07bd44-0f95-41a8-8353-f61c55b6d960-2.jpeg","width":963,"height":493},{"@type":"BreadcrumbList","@id":"https:\/\/quehacerpolitico.mx\/?p=114334#breadcrumb","itemListElement":[{"@type":"ListItem","position":1,"name":"Inicio","item":"https:\/\/quehacerpolitico.mx\/"},{"@type":"ListItem","position":2,"name":"El Quehacer Pol\u00edtico a trav\u00e9s de la opini\u00f3n\/\/\/Jose Alberto Prado \u00c1ngeles\/\/\/USA Bienvenida la colaboraci\u00f3n"}]},{"@type":"WebSite","@id":"https:\/\/quehacerpolitico.mx\/#website","url":"https:\/\/quehacerpolitico.mx\/","name":"","description":"","potentialAction":[{"@type":"SearchAction","target":{"@type":"EntryPoint","urlTemplate":"https:\/\/quehacerpolitico.mx\/?s={search_term_string}"},"query-input":{"@type":"PropertyValueSpecification","valueRequired":true,"valueName":"search_term_string"}}],"inLanguage":"es"},{"@type":"Person","@id":"https:\/\/quehacerpolitico.mx\/#\/schema\/person\/496d8ad2d1d3f8036101dca7ee39e585","name":"Redacci\u00f3n QP","image":{"@type":"ImageObject","inLanguage":"es","@id":"https:\/\/secure.gravatar.com\/avatar\/c7164ed6fdec453195284ad24a5ae5b6e1eed2b848477fa2a4787ba9adf39a41?s=96&d=mm&r=g","url":"https:\/\/secure.gravatar.com\/avatar\/c7164ed6fdec453195284ad24a5ae5b6e1eed2b848477fa2a4787ba9adf39a41?s=96&d=mm&r=g","contentUrl":"https:\/\/secure.gravatar.com\/avatar\/c7164ed6fdec453195284ad24a5ae5b6e1eed2b848477fa2a4787ba9adf39a41?s=96&d=mm&r=g","caption":"Redacci\u00f3n QP"},"url":"https:\/\/quehacerpolitico.mx\/?author=2"}]}},"featured_image_urls":{"full":["https:\/\/quehacerpolitico.mx\/wp-content\/uploads\/2025\/01\/fb07bd44-0f95-41a8-8353-f61c55b6d960-2.jpeg",963,493,false],"thumbnail":["https:\/\/quehacerpolitico.mx\/wp-content\/uploads\/2025\/01\/fb07bd44-0f95-41a8-8353-f61c55b6d960-2-150x150.jpeg",150,150,true],"medium":["https:\/\/quehacerpolitico.mx\/wp-content\/uploads\/2025\/01\/fb07bd44-0f95-41a8-8353-f61c55b6d960-2-300x154.jpeg",300,154,true],"medium_large":["https:\/\/quehacerpolitico.mx\/wp-content\/uploads\/2025\/01\/fb07bd44-0f95-41a8-8353-f61c55b6d960-2-768x393.jpeg",640,328,true],"large":["https:\/\/quehacerpolitico.mx\/wp-content\/uploads\/2025\/01\/fb07bd44-0f95-41a8-8353-f61c55b6d960-2.jpeg",640,328,false],"1536x1536":["https:\/\/quehacerpolitico.mx\/wp-content\/uploads\/2025\/01\/fb07bd44-0f95-41a8-8353-f61c55b6d960-2.jpeg",963,493,false],"2048x2048":["https:\/\/quehacerpolitico.mx\/wp-content\/uploads\/2025\/01\/fb07bd44-0f95-41a8-8353-f61c55b6d960-2.jpeg",963,493,false],"covernews-featured":["https:\/\/quehacerpolitico.mx\/wp-content\/uploads\/2025\/01\/fb07bd44-0f95-41a8-8353-f61c55b6d960-2.jpeg",963,493,false],"covernews-medium":["https:\/\/quehacerpolitico.mx\/wp-content\/uploads\/2025\/01\/fb07bd44-0f95-41a8-8353-f61c55b6d960-2-540x340.jpeg",540,340,true]},"author_info":{"display_name":"Redacci\u00f3n QP","author_link":"https:\/\/quehacerpolitico.mx\/?author=2"},"category_info":"<a href=\"https:\/\/quehacerpolitico.mx\/?cat=280\" rel=\"category\">Nacionales<\/a> <a href=\"https:\/\/quehacerpolitico.mx\/?cat=2\" rel=\"category\">Noticias<\/a>","tag_info":"Noticias","comment_count":"0","_links":{"self":[{"href":"https:\/\/quehacerpolitico.mx\/index.php?rest_route=\/wp\/v2\/posts\/114334","targetHints":{"allow":["GET"]}}],"collection":[{"href":"https:\/\/quehacerpolitico.mx\/index.php?rest_route=\/wp\/v2\/posts"}],"about":[{"href":"https:\/\/quehacerpolitico.mx\/index.php?rest_route=\/wp\/v2\/types\/post"}],"author":[{"embeddable":true,"href":"https:\/\/quehacerpolitico.mx\/index.php?rest_route=\/wp\/v2\/users\/2"}],"replies":[{"embeddable":true,"href":"https:\/\/quehacerpolitico.mx\/index.php?rest_route=%2Fwp%2Fv2%2Fcomments&post=114334"}],"version-history":[{"count":1,"href":"https:\/\/quehacerpolitico.mx\/index.php?rest_route=\/wp\/v2\/posts\/114334\/revisions"}],"predecessor-version":[{"id":114336,"href":"https:\/\/quehacerpolitico.mx\/index.php?rest_route=\/wp\/v2\/posts\/114334\/revisions\/114336"}],"wp:featuredmedia":[{"embeddable":true,"href":"https:\/\/quehacerpolitico.mx\/index.php?rest_route=\/wp\/v2\/media\/114335"}],"wp:attachment":[{"href":"https:\/\/quehacerpolitico.mx\/index.php?rest_route=%2Fwp%2Fv2%2Fmedia&parent=114334"}],"wp:term":[{"taxonomy":"category","embeddable":true,"href":"https:\/\/quehacerpolitico.mx\/index.php?rest_route=%2Fwp%2Fv2%2Fcategories&post=114334"},{"taxonomy":"post_tag","embeddable":true,"href":"https:\/\/quehacerpolitico.mx\/index.php?rest_route=%2Fwp%2Fv2%2Ftags&post=114334"}],"curies":[{"name":"wp","href":"https:\/\/api.w.org\/{rel}","templated":true}]}}