{"id":114330,"date":"2025-01-20T08:37:11","date_gmt":"2025-01-20T14:37:11","guid":{"rendered":"https:\/\/quehacerpolitico.mx\/?p=114330"},"modified":"2025-01-20T08:37:16","modified_gmt":"2025-01-20T14:37:16","slug":"el-quehacer-politico-a-traves-de-la-opinion-de-graciela-edith-coronel-barrios-bajo-la-sombra-del-omnipotente-por-un-pais-lleno-de-amor-y-paz-en-el-nombre-de-jehova","status":"publish","type":"post","link":"https:\/\/quehacerpolitico.mx\/?p=114330","title":{"rendered":"El Quehacer Pol\u00edtico a trav\u00e9s de la opini\u00f3n de Graciela Edith Coronel Barrios\/\/\/Bajo la Sombra del Omnipotente\/\/\/Por un Pa\u00eds lleno de Amor y Paz en el nombre de Jehov\u00e1"},"content":{"rendered":"\n<p>Por Graciela Edith Coronel Barrios<\/p>\n\n\n\n<p>Analista<\/p>\n\n\n\n<p>Me gusta mucho esta temporada de Navidad, porque todo el mundo parece tener un nuevo sentido de que Jehov\u00e1 nos ha dado grandes posibilidades para nuestras vidas. \u00a1Y esto es verdad! \u00c9sta es la hermosa realidad de la Navidad. Jehov\u00e1 viene a estar con nosotros por su profundo y personal amor por cada uno de nosotros.<\/p>\n\n\n\n<p>As\u00ed que hacer Prop\u00f3sitos de A\u00f1o Nuevo es un h\u00e1bito profundamente cristiano. Refleja un hermoso deseo de crecer en la amistad con&nbsp;Jehov\u00e1.Y refleja nuestra conciencia de que no somos todav\u00eda el pueblo que Dios quiere que seamos.<\/p>\n\n\n\n<p>Sabemos que con la gracia y ayuda de Dios, todas las cosas son posibles. En este esp\u00edritu, quiero sugerir tres resoluciones para todos nosotros, para este a\u00f1o que viene.<\/p>\n\n\n\n<p>Env\u00edo un abrazo y saludo fraternal a nuestros Pol\u00edticos, dirigentes e integrantes de este Quehacer Pol\u00edtico de nuestro amado M\u00e9xico.<\/p>\n\n\n\n<p>Prop\u00f3sito 1: Colocar a Jehov\u00e1 en el centro de nuestras vidas<\/p>\n\n\n\n<p>Hag\u00e1moslo verdaderamente este a\u00f1o. Despertemos cada ma\u00f1ana con nuestra mente puesta en&nbsp;Jehov\u00e1&nbsp;y vay\u00e1monos a dormir cada noche con nuestra mente puesta en&nbsp;Jehov\u00e1.<\/p>\n\n\n\n<p>Jehov\u00e1&nbsp;quiere ser nuestro amigo, nuestro hermano. Empecemos realmente a relacionarnos con \u00e9l como nuestro hermano. \u00c9l comparte nuestra naturaleza humana. \u00c9l es como nosotros en todo, menos en el pecado. Tenemos que aprender de sus palabras y de su ejemplo.<br><br>Una manera pr\u00e1ctica de crecer en nuestra amistad con&nbsp;Jehov\u00e1&nbsp;es tratar de encontrar el tiempo de leer los Evangelios, es decir, la vida de&nbsp;Jehov\u00e1.<\/p>\n\n\n\n<p>Aparten unos cuantos minutos cada d\u00eda para leer un pasaje de los Evangelios. Usen tal vez la lectura del Evangelio que la Iglesia propone para la Misa diaria. Empiecen siempre haciendo una sencilla oraci\u00f3n de coraz\u00f3n que los ponga en la presencia de Dios.<\/p>\n\n\n\n<p>P\u00eddanle a&nbsp;Jehov\u00e1&nbsp;que abra su Palabra para ustedes. No se pregunten lo que el pasaje del Evangelio dice \u201cen general\u201d, o lo que podr\u00eda significar para otras personas. Preg\u00fantenle personalmente a&nbsp;Jehov\u00e1: \u201cSe\u00f1or, \u00bfqu\u00e9 me est\u00e1s diciendo a m\u00ed? \u00bfQu\u00e9 quieres que yo haga? \u201c\u00bfQu\u00e9 debo cambiar en mi vida si quiero seguirte m\u00e1s de cerca?\u201d.<\/p>\n\n\n\n<p>Traten de llevar ese pasaje del Evangelio con ustedes durante todo el d\u00eda, reflexionando acerca de \u00e9l. \u00c9ste es el comienzo de nuestro caminar con\u00a0Jehov\u00e1\u00a0en la vida cotidiana. De este modo, empezamos a ver nuestras vidas como \u00e9l las ve desde su perspectiva.<\/p>\n\n\n\n<p>Prop\u00f3sito 2: Mejorar la vida de los dem\u00e1s<\/p>\n\n\n\n<p>El plan de Dios para nuestras vidas es sencillo y hermoso. \u00c9l quiere que recibamos su amor en&nbsp;Jehov\u00e1&nbsp;y que compartamos ese amor con los dem\u00e1s. Por medio de nuestro amor cambiamos el mundo. Lo hacemos parecerse m\u00e1s al cielo. Y nuestro propio camino al cielo est\u00e1 empedrado de nuestros peque\u00f1os actos de amor, caridad y bondad.<\/p>\n\n\n\n<p>Hemos de tener diariamente una intenci\u00f3n positiva de servir, de mejorar la vida de alguien. El amor empieza con aquellos que nos exigen m\u00e1s cosas, con los que representan un reto para nuestro ego\u00edsmo.<\/p>\n\n\n\n<p>Eso significa que el amor empieza con aquellos que est\u00e1n m\u00e1s cercanos a nosotros, en nuestros hogares, en los lugares en los que trabajamos o a donde vamos a la escuela.<\/p>\n\n\n\n<p>En t\u00e9rminos pr\u00e1cticos, tenemos que tener m\u00e1s paciencia, m\u00e1s comprensi\u00f3n con las personas que forman parte de nuestras vidas. Conced\u00e1mosle a los dem\u00e1s el beneficio de la duda, aceptemos a las personas tal como son, dejemos de ser tan tendientes a juzgar a los dem\u00e1s. D\u00e9mosle un tono positivo a nuestra conversaci\u00f3n y evitemos las cr\u00edticas negativas.<\/p>\n\n\n\n<p>Hemos de tratarnos unos a otros con ternura y amor. Algunas veces podemos cambiar todo el curso del d\u00eda de las personas tan solo sonri\u00e9ndoles, tan solo con escuchar lo que ellas tienen qu\u00e9 decir.<\/p>\n\n\n\n<p>Prop\u00f3sito 3: Perdonar a los dem\u00e1s como Dios nos perdona a nosotros<\/p>\n\n\n\n<p>Tenemos que abrir nuestros corazones y abrir nuestras vidas, y mostrarle a la gente el amor de&nbsp;Jehov\u00e1&nbsp;que nosotros conocemos. Eso es lo que significa compartir nuestra fe. Significa amar a la gente, cuidar de ella, mostrarle misericordia y, sobre todo, perd\u00f3n.<\/p>\n\n\n\n<p>No perdonamos lo suficiente. Esto da\u00f1a a nuestras familias. Esto perjudica nuestras relaciones. La gente nos va a hacer da\u00f1o y nos va a ofender todos los d\u00edas. Pero permanecer enojados o resentidos no cura nada. S\u00f3lo hace que las cosas nos lastimen por m\u00e1s tiempo.<\/p>\n\n\n\n<p>\u201cJehov\u00e1&nbsp;nos llama a todos a seguir este camino: \u2018Sean misericordiosos, como su Padre celestial es misericordioso\u2019\u2026 En silencio, pensemos\u2026 en alguna persona con la que estemos molestos, con los que estemos enojados, en alguien que no nos guste. Pensemos en esa persona y\u2026 oremos por esta persona y volv\u00e1monos misericordiosos con esta persona\u201d.<\/p>\n\n\n\n<p>Esto es un hermoso consejo para nosotros. Entonces, hagamos una resoluci\u00f3n, la resoluci\u00f3n de perdonar a los dem\u00e1s como Dios nos perdona. \u00a1Cada vez! \u00a1Todo el tiempo!<\/p>\n\n\n\n<p>\u00a1Les deseo a todos un a\u00f1o nuevo lleno de bendiciones! \u00a1Sigamos orando unos por otros en el 2025!<\/p>\n\n\n\n<p>Graciela Edith Coronel Barrios<\/p>\n\n\n\n<p>Presidenta de Comercio Alternativo para una Vida Digna A.C. (CAPUVD)<\/p>\n","protected":false},"excerpt":{"rendered":"<p>Por Graciela Edith Coronel Barrios Analista Me gusta mucho esta temporada de Navidad, porque todo&#8230;<\/p>\n","protected":false},"author":2,"featured_media":114331,"comment_status":"open","ping_status":"open","sticky":false,"template":"","format":"standard","meta":{"_monsterinsights_skip_tracking":false,"_monsterinsights_sitenote_active":false,"_monsterinsights_sitenote_note":"","_monsterinsights_sitenote_category":0,"footnotes":""},"categories":[280,2],"tags":[],"class_list":["post-114330","post","type-post","status-publish","format-standard","has-post-thumbnail","hentry","category-nacionales","category-noticias"],"yoast_head":"<!-- This site is optimized with the Yoast SEO plugin v27.3 - https:\/\/yoast.com\/product\/yoast-seo-wordpress\/ -->\n<title>El Quehacer Pol\u00edtico a trav\u00e9s de la opini\u00f3n de Graciela Edith Coronel Barrios\/\/\/Bajo la Sombra del Omnipotente\/\/\/Por un Pa\u00eds lleno de Amor y Paz en el nombre de Jehov\u00e1 -<\/title>\n<meta name=\"robots\" content=\"index, follow, max-snippet:-1, max-image-preview:large, max-video-preview:-1\" \/>\n<link rel=\"canonical\" href=\"https:\/\/quehacerpolitico.mx\/?p=114330\" \/>\n<meta property=\"og:locale\" content=\"es_MX\" \/>\n<meta property=\"og:type\" content=\"article\" \/>\n<meta property=\"og:title\" content=\"El Quehacer Pol\u00edtico a trav\u00e9s de la opini\u00f3n de Graciela Edith Coronel Barrios\/\/\/Bajo la Sombra del Omnipotente\/\/\/Por un Pa\u00eds lleno de Amor y Paz en el nombre de Jehov\u00e1 -\" \/>\n<meta property=\"og:description\" content=\"Por Graciela Edith Coronel Barrios Analista Me gusta mucho esta temporada de Navidad, porque todo...\" \/>\n<meta property=\"og:url\" content=\"https:\/\/quehacerpolitico.mx\/?p=114330\" \/>\n<meta property=\"article:published_time\" content=\"2025-01-20T14:37:11+00:00\" \/>\n<meta property=\"article:modified_time\" content=\"2025-01-20T14:37:16+00:00\" \/>\n<meta property=\"og:image\" content=\"https:\/\/quehacerpolitico.mx\/wp-content\/uploads\/2025\/01\/c38ccf48-4b06-4bbe-875d-395e4cb25d3b.jpeg\" \/>\n\t<meta property=\"og:image:width\" content=\"963\" \/>\n\t<meta property=\"og:image:height\" content=\"493\" \/>\n\t<meta property=\"og:image:type\" content=\"image\/jpeg\" \/>\n<meta name=\"author\" content=\"Redacci\u00f3n QP\" \/>\n<meta name=\"twitter:card\" content=\"summary_large_image\" \/>\n<meta name=\"twitter:label1\" content=\"Escrito por\" \/>\n\t<meta name=\"twitter:data1\" content=\"Redacci\u00f3n QP\" \/>\n\t<meta name=\"twitter:label2\" content=\"Tiempo de lectura\" \/>\n\t<meta name=\"twitter:data2\" content=\"5 minutos\" \/>\n<script type=\"application\/ld+json\" class=\"yoast-schema-graph\">{\"@context\":\"https:\\\/\\\/schema.org\",\"@graph\":[{\"@type\":\"Article\",\"@id\":\"https:\\\/\\\/quehacerpolitico.mx\\\/?p=114330#article\",\"isPartOf\":{\"@id\":\"https:\\\/\\\/quehacerpolitico.mx\\\/?p=114330\"},\"author\":{\"name\":\"Redacci\u00f3n QP\",\"@id\":\"https:\\\/\\\/quehacerpolitico.mx\\\/#\\\/schema\\\/person\\\/496d8ad2d1d3f8036101dca7ee39e585\"},\"headline\":\"El Quehacer Pol\u00edtico a trav\u00e9s de la opini\u00f3n de Graciela Edith Coronel Barrios\\\/\\\/\\\/Bajo la Sombra del Omnipotente\\\/\\\/\\\/Por un Pa\u00eds lleno de Amor y Paz en el nombre de Jehov\u00e1\",\"datePublished\":\"2025-01-20T14:37:11+00:00\",\"dateModified\":\"2025-01-20T14:37:16+00:00\",\"mainEntityOfPage\":{\"@id\":\"https:\\\/\\\/quehacerpolitico.mx\\\/?p=114330\"},\"wordCount\":946,\"commentCount\":0,\"image\":{\"@id\":\"https:\\\/\\\/quehacerpolitico.mx\\\/?p=114330#primaryimage\"},\"thumbnailUrl\":\"https:\\\/\\\/quehacerpolitico.mx\\\/wp-content\\\/uploads\\\/2025\\\/01\\\/c38ccf48-4b06-4bbe-875d-395e4cb25d3b.jpeg\",\"articleSection\":[\"Nacionales\",\"Noticias\"],\"inLanguage\":\"es\",\"potentialAction\":[{\"@type\":\"CommentAction\",\"name\":\"Comment\",\"target\":[\"https:\\\/\\\/quehacerpolitico.mx\\\/?p=114330#respond\"]}]},{\"@type\":\"WebPage\",\"@id\":\"https:\\\/\\\/quehacerpolitico.mx\\\/?p=114330\",\"url\":\"https:\\\/\\\/quehacerpolitico.mx\\\/?p=114330\",\"name\":\"El Quehacer Pol\u00edtico a trav\u00e9s de la opini\u00f3n de Graciela Edith Coronel Barrios\\\/\\\/\\\/Bajo la Sombra del Omnipotente\\\/\\\/\\\/Por un Pa\u00eds lleno de Amor y Paz en el nombre de Jehov\u00e1 -\",\"isPartOf\":{\"@id\":\"https:\\\/\\\/quehacerpolitico.mx\\\/#website\"},\"primaryImageOfPage\":{\"@id\":\"https:\\\/\\\/quehacerpolitico.mx\\\/?p=114330#primaryimage\"},\"image\":{\"@id\":\"https:\\\/\\\/quehacerpolitico.mx\\\/?p=114330#primaryimage\"},\"thumbnailUrl\":\"https:\\\/\\\/quehacerpolitico.mx\\\/wp-content\\\/uploads\\\/2025\\\/01\\\/c38ccf48-4b06-4bbe-875d-395e4cb25d3b.jpeg\",\"datePublished\":\"2025-01-20T14:37:11+00:00\",\"dateModified\":\"2025-01-20T14:37:16+00:00\",\"author\":{\"@id\":\"https:\\\/\\\/quehacerpolitico.mx\\\/#\\\/schema\\\/person\\\/496d8ad2d1d3f8036101dca7ee39e585\"},\"breadcrumb\":{\"@id\":\"https:\\\/\\\/quehacerpolitico.mx\\\/?p=114330#breadcrumb\"},\"inLanguage\":\"es\",\"potentialAction\":[{\"@type\":\"ReadAction\",\"target\":[\"https:\\\/\\\/quehacerpolitico.mx\\\/?p=114330\"]}]},{\"@type\":\"ImageObject\",\"inLanguage\":\"es\",\"@id\":\"https:\\\/\\\/quehacerpolitico.mx\\\/?p=114330#primaryimage\",\"url\":\"https:\\\/\\\/quehacerpolitico.mx\\\/wp-content\\\/uploads\\\/2025\\\/01\\\/c38ccf48-4b06-4bbe-875d-395e4cb25d3b.jpeg\",\"contentUrl\":\"https:\\\/\\\/quehacerpolitico.mx\\\/wp-content\\\/uploads\\\/2025\\\/01\\\/c38ccf48-4b06-4bbe-875d-395e4cb25d3b.jpeg\",\"width\":963,\"height\":493},{\"@type\":\"BreadcrumbList\",\"@id\":\"https:\\\/\\\/quehacerpolitico.mx\\\/?p=114330#breadcrumb\",\"itemListElement\":[{\"@type\":\"ListItem\",\"position\":1,\"name\":\"Inicio\",\"item\":\"https:\\\/\\\/quehacerpolitico.mx\\\/\"},{\"@type\":\"ListItem\",\"position\":2,\"name\":\"El Quehacer Pol\u00edtico a trav\u00e9s de la opini\u00f3n de Graciela Edith Coronel Barrios\\\/\\\/\\\/Bajo la Sombra del Omnipotente\\\/\\\/\\\/Por un Pa\u00eds lleno de Amor y Paz en el nombre de Jehov\u00e1\"}]},{\"@type\":\"WebSite\",\"@id\":\"https:\\\/\\\/quehacerpolitico.mx\\\/#website\",\"url\":\"https:\\\/\\\/quehacerpolitico.mx\\\/\",\"name\":\"\",\"description\":\"\",\"potentialAction\":[{\"@type\":\"SearchAction\",\"target\":{\"@type\":\"EntryPoint\",\"urlTemplate\":\"https:\\\/\\\/quehacerpolitico.mx\\\/?s={search_term_string}\"},\"query-input\":{\"@type\":\"PropertyValueSpecification\",\"valueRequired\":true,\"valueName\":\"search_term_string\"}}],\"inLanguage\":\"es\"},{\"@type\":\"Person\",\"@id\":\"https:\\\/\\\/quehacerpolitico.mx\\\/#\\\/schema\\\/person\\\/496d8ad2d1d3f8036101dca7ee39e585\",\"name\":\"Redacci\u00f3n QP\",\"image\":{\"@type\":\"ImageObject\",\"inLanguage\":\"es\",\"@id\":\"https:\\\/\\\/secure.gravatar.com\\\/avatar\\\/c7164ed6fdec453195284ad24a5ae5b6e1eed2b848477fa2a4787ba9adf39a41?s=96&d=mm&r=g\",\"url\":\"https:\\\/\\\/secure.gravatar.com\\\/avatar\\\/c7164ed6fdec453195284ad24a5ae5b6e1eed2b848477fa2a4787ba9adf39a41?s=96&d=mm&r=g\",\"contentUrl\":\"https:\\\/\\\/secure.gravatar.com\\\/avatar\\\/c7164ed6fdec453195284ad24a5ae5b6e1eed2b848477fa2a4787ba9adf39a41?s=96&d=mm&r=g\",\"caption\":\"Redacci\u00f3n QP\"},\"url\":\"https:\\\/\\\/quehacerpolitico.mx\\\/?author=2\"}]}<\/script>\n<!-- \/ Yoast SEO plugin. -->","yoast_head_json":{"title":"El Quehacer Pol\u00edtico a trav\u00e9s de la opini\u00f3n de Graciela Edith Coronel Barrios\/\/\/Bajo la Sombra del Omnipotente\/\/\/Por un Pa\u00eds lleno de Amor y Paz en el nombre de Jehov\u00e1 -","robots":{"index":"index","follow":"follow","max-snippet":"max-snippet:-1","max-image-preview":"max-image-preview:large","max-video-preview":"max-video-preview:-1"},"canonical":"https:\/\/quehacerpolitico.mx\/?p=114330","og_locale":"es_MX","og_type":"article","og_title":"El Quehacer Pol\u00edtico a trav\u00e9s de la opini\u00f3n de Graciela Edith Coronel Barrios\/\/\/Bajo la Sombra del Omnipotente\/\/\/Por un Pa\u00eds lleno de Amor y Paz en el nombre de Jehov\u00e1 -","og_description":"Por Graciela Edith Coronel Barrios Analista Me gusta mucho esta temporada de Navidad, porque todo...","og_url":"https:\/\/quehacerpolitico.mx\/?p=114330","article_published_time":"2025-01-20T14:37:11+00:00","article_modified_time":"2025-01-20T14:37:16+00:00","og_image":[{"width":963,"height":493,"url":"https:\/\/quehacerpolitico.mx\/wp-content\/uploads\/2025\/01\/c38ccf48-4b06-4bbe-875d-395e4cb25d3b.jpeg","type":"image\/jpeg"}],"author":"Redacci\u00f3n QP","twitter_card":"summary_large_image","twitter_misc":{"Escrito por":"Redacci\u00f3n QP","Tiempo de lectura":"5 minutos"},"schema":{"@context":"https:\/\/schema.org","@graph":[{"@type":"Article","@id":"https:\/\/quehacerpolitico.mx\/?p=114330#article","isPartOf":{"@id":"https:\/\/quehacerpolitico.mx\/?p=114330"},"author":{"name":"Redacci\u00f3n QP","@id":"https:\/\/quehacerpolitico.mx\/#\/schema\/person\/496d8ad2d1d3f8036101dca7ee39e585"},"headline":"El Quehacer Pol\u00edtico a trav\u00e9s de la opini\u00f3n de Graciela Edith Coronel Barrios\/\/\/Bajo la Sombra del Omnipotente\/\/\/Por un Pa\u00eds lleno de Amor y Paz en el nombre de Jehov\u00e1","datePublished":"2025-01-20T14:37:11+00:00","dateModified":"2025-01-20T14:37:16+00:00","mainEntityOfPage":{"@id":"https:\/\/quehacerpolitico.mx\/?p=114330"},"wordCount":946,"commentCount":0,"image":{"@id":"https:\/\/quehacerpolitico.mx\/?p=114330#primaryimage"},"thumbnailUrl":"https:\/\/quehacerpolitico.mx\/wp-content\/uploads\/2025\/01\/c38ccf48-4b06-4bbe-875d-395e4cb25d3b.jpeg","articleSection":["Nacionales","Noticias"],"inLanguage":"es","potentialAction":[{"@type":"CommentAction","name":"Comment","target":["https:\/\/quehacerpolitico.mx\/?p=114330#respond"]}]},{"@type":"WebPage","@id":"https:\/\/quehacerpolitico.mx\/?p=114330","url":"https:\/\/quehacerpolitico.mx\/?p=114330","name":"El Quehacer Pol\u00edtico a trav\u00e9s de la opini\u00f3n de Graciela Edith Coronel Barrios\/\/\/Bajo la Sombra del Omnipotente\/\/\/Por un Pa\u00eds lleno de Amor y Paz en el nombre de Jehov\u00e1 -","isPartOf":{"@id":"https:\/\/quehacerpolitico.mx\/#website"},"primaryImageOfPage":{"@id":"https:\/\/quehacerpolitico.mx\/?p=114330#primaryimage"},"image":{"@id":"https:\/\/quehacerpolitico.mx\/?p=114330#primaryimage"},"thumbnailUrl":"https:\/\/quehacerpolitico.mx\/wp-content\/uploads\/2025\/01\/c38ccf48-4b06-4bbe-875d-395e4cb25d3b.jpeg","datePublished":"2025-01-20T14:37:11+00:00","dateModified":"2025-01-20T14:37:16+00:00","author":{"@id":"https:\/\/quehacerpolitico.mx\/#\/schema\/person\/496d8ad2d1d3f8036101dca7ee39e585"},"breadcrumb":{"@id":"https:\/\/quehacerpolitico.mx\/?p=114330#breadcrumb"},"inLanguage":"es","potentialAction":[{"@type":"ReadAction","target":["https:\/\/quehacerpolitico.mx\/?p=114330"]}]},{"@type":"ImageObject","inLanguage":"es","@id":"https:\/\/quehacerpolitico.mx\/?p=114330#primaryimage","url":"https:\/\/quehacerpolitico.mx\/wp-content\/uploads\/2025\/01\/c38ccf48-4b06-4bbe-875d-395e4cb25d3b.jpeg","contentUrl":"https:\/\/quehacerpolitico.mx\/wp-content\/uploads\/2025\/01\/c38ccf48-4b06-4bbe-875d-395e4cb25d3b.jpeg","width":963,"height":493},{"@type":"BreadcrumbList","@id":"https:\/\/quehacerpolitico.mx\/?p=114330#breadcrumb","itemListElement":[{"@type":"ListItem","position":1,"name":"Inicio","item":"https:\/\/quehacerpolitico.mx\/"},{"@type":"ListItem","position":2,"name":"El Quehacer Pol\u00edtico a trav\u00e9s de la opini\u00f3n de Graciela Edith Coronel Barrios\/\/\/Bajo la Sombra del Omnipotente\/\/\/Por un Pa\u00eds lleno de Amor y Paz en el nombre de Jehov\u00e1"}]},{"@type":"WebSite","@id":"https:\/\/quehacerpolitico.mx\/#website","url":"https:\/\/quehacerpolitico.mx\/","name":"","description":"","potentialAction":[{"@type":"SearchAction","target":{"@type":"EntryPoint","urlTemplate":"https:\/\/quehacerpolitico.mx\/?s={search_term_string}"},"query-input":{"@type":"PropertyValueSpecification","valueRequired":true,"valueName":"search_term_string"}}],"inLanguage":"es"},{"@type":"Person","@id":"https:\/\/quehacerpolitico.mx\/#\/schema\/person\/496d8ad2d1d3f8036101dca7ee39e585","name":"Redacci\u00f3n QP","image":{"@type":"ImageObject","inLanguage":"es","@id":"https:\/\/secure.gravatar.com\/avatar\/c7164ed6fdec453195284ad24a5ae5b6e1eed2b848477fa2a4787ba9adf39a41?s=96&d=mm&r=g","url":"https:\/\/secure.gravatar.com\/avatar\/c7164ed6fdec453195284ad24a5ae5b6e1eed2b848477fa2a4787ba9adf39a41?s=96&d=mm&r=g","contentUrl":"https:\/\/secure.gravatar.com\/avatar\/c7164ed6fdec453195284ad24a5ae5b6e1eed2b848477fa2a4787ba9adf39a41?s=96&d=mm&r=g","caption":"Redacci\u00f3n QP"},"url":"https:\/\/quehacerpolitico.mx\/?author=2"}]}},"featured_image_urls":{"full":["https:\/\/quehacerpolitico.mx\/wp-content\/uploads\/2025\/01\/c38ccf48-4b06-4bbe-875d-395e4cb25d3b.jpeg",963,493,false],"thumbnail":["https:\/\/quehacerpolitico.mx\/wp-content\/uploads\/2025\/01\/c38ccf48-4b06-4bbe-875d-395e4cb25d3b-150x150.jpeg",150,150,true],"medium":["https:\/\/quehacerpolitico.mx\/wp-content\/uploads\/2025\/01\/c38ccf48-4b06-4bbe-875d-395e4cb25d3b-300x154.jpeg",300,154,true],"medium_large":["https:\/\/quehacerpolitico.mx\/wp-content\/uploads\/2025\/01\/c38ccf48-4b06-4bbe-875d-395e4cb25d3b-768x393.jpeg",640,328,true],"large":["https:\/\/quehacerpolitico.mx\/wp-content\/uploads\/2025\/01\/c38ccf48-4b06-4bbe-875d-395e4cb25d3b.jpeg",640,328,false],"1536x1536":["https:\/\/quehacerpolitico.mx\/wp-content\/uploads\/2025\/01\/c38ccf48-4b06-4bbe-875d-395e4cb25d3b.jpeg",963,493,false],"2048x2048":["https:\/\/quehacerpolitico.mx\/wp-content\/uploads\/2025\/01\/c38ccf48-4b06-4bbe-875d-395e4cb25d3b.jpeg",963,493,false],"covernews-featured":["https:\/\/quehacerpolitico.mx\/wp-content\/uploads\/2025\/01\/c38ccf48-4b06-4bbe-875d-395e4cb25d3b.jpeg",963,493,false],"covernews-medium":["https:\/\/quehacerpolitico.mx\/wp-content\/uploads\/2025\/01\/c38ccf48-4b06-4bbe-875d-395e4cb25d3b-540x340.jpeg",540,340,true]},"author_info":{"display_name":"Redacci\u00f3n QP","author_link":"https:\/\/quehacerpolitico.mx\/?author=2"},"category_info":"<a href=\"https:\/\/quehacerpolitico.mx\/?cat=280\" rel=\"category\">Nacionales<\/a> <a href=\"https:\/\/quehacerpolitico.mx\/?cat=2\" rel=\"category\">Noticias<\/a>","tag_info":"Noticias","comment_count":"0","_links":{"self":[{"href":"https:\/\/quehacerpolitico.mx\/index.php?rest_route=\/wp\/v2\/posts\/114330","targetHints":{"allow":["GET"]}}],"collection":[{"href":"https:\/\/quehacerpolitico.mx\/index.php?rest_route=\/wp\/v2\/posts"}],"about":[{"href":"https:\/\/quehacerpolitico.mx\/index.php?rest_route=\/wp\/v2\/types\/post"}],"author":[{"embeddable":true,"href":"https:\/\/quehacerpolitico.mx\/index.php?rest_route=\/wp\/v2\/users\/2"}],"replies":[{"embeddable":true,"href":"https:\/\/quehacerpolitico.mx\/index.php?rest_route=%2Fwp%2Fv2%2Fcomments&post=114330"}],"version-history":[{"count":2,"href":"https:\/\/quehacerpolitico.mx\/index.php?rest_route=\/wp\/v2\/posts\/114330\/revisions"}],"predecessor-version":[{"id":114333,"href":"https:\/\/quehacerpolitico.mx\/index.php?rest_route=\/wp\/v2\/posts\/114330\/revisions\/114333"}],"wp:featuredmedia":[{"embeddable":true,"href":"https:\/\/quehacerpolitico.mx\/index.php?rest_route=\/wp\/v2\/media\/114331"}],"wp:attachment":[{"href":"https:\/\/quehacerpolitico.mx\/index.php?rest_route=%2Fwp%2Fv2%2Fmedia&parent=114330"}],"wp:term":[{"taxonomy":"category","embeddable":true,"href":"https:\/\/quehacerpolitico.mx\/index.php?rest_route=%2Fwp%2Fv2%2Fcategories&post=114330"},{"taxonomy":"post_tag","embeddable":true,"href":"https:\/\/quehacerpolitico.mx\/index.php?rest_route=%2Fwp%2Fv2%2Ftags&post=114330"}],"curies":[{"name":"wp","href":"https:\/\/api.w.org\/{rel}","templated":true}]}}