{"id":114323,"date":"2025-01-18T20:46:21","date_gmt":"2025-01-19T02:46:21","guid":{"rendered":"https:\/\/quehacerpolitico.mx\/?p=114323"},"modified":"2025-01-18T20:46:23","modified_gmt":"2025-01-19T02:46:23","slug":"sindicato-del-metro-pide-al-gobierno-de-la-cdmx-sean-quienes-realicen-el-mantenimiento-de-los-trenes-que-circulan-en-las-lineas-3-7-8-y-9","status":"publish","type":"post","link":"https:\/\/quehacerpolitico.mx\/?p=114323","title":{"rendered":"Sindicato del Metro pide al Gobierno de la CDMX sean quienes realicen el mantenimiento de los trenes que circulan en las l\u00edneas 3, 7, 8 y 9"},"content":{"rendered":"\n<p>Por Redacci\u00f3n QP<\/p>\n\n\n\n<p>El sempiterno dirigente del Sindicato del Metro Fernando Espino, pidi\u00f3 al Gobierno de Clara Brugada que los trabajadores del Sistema de Transporte Colectivo (STC) sean quienes realicen el mantenimiento de los trenes que circulan en las l\u00edneas 3, 7, 8 y 9.<\/p>\n\n\n\n<p>La dirigencia del Sindicato dio a conocer que desde el 26 de diciembre de 2024 envi\u00f3 el oficio CEN-539-24 al director del Metro Guillermo Calder\u00f3n, haci\u00e9ndole esa petici\u00f3n, sin respuesta alguna hasta el momento.<\/p>\n\n\n\n<p>La petici\u00f3n del Sindicato que encabeza el pol\u00e9mico Fernando Espino, llega en un momento en que el propio Metro lanz\u00f3 sendas licitaciones para adjudicar contratos de mantenimiento integral y modernizaci\u00f3n de la l\u00ednea 3, as\u00ed como para obras civiles y electromec\u00e1nicas en Pantitl\u00e1n y El Rosario.<\/p>\n\n\n\n<p>En una tarjeta informativa, el Sindicato Nacional de Trabajadores del Sistema de Transporte Colectivo (SNTSTC) detall\u00f3 que la petici\u00f3n contempla incluir en el mantenimiento a trabajadores del Metro con experiencia de por lo menos 30 a\u00f1os en el Material Rodante.<\/p>\n\n\n\n<p>La solicitud es que ellos realicen el mantenimiento del sistema de tracci\u00f3n y frenado, del sistema de puertas y de la generaci\u00f3n de aire de los trenes modelo NM-79 que circulan en las l\u00edneas 3, 7, 8 y 9 de la red del Metro.<\/p>\n\n\n\n<p>Todos esos trabajos de mantenimiento lo realiza hoy la empresa francesa Alstom.<\/p>\n\n\n\n<p>El Sindicato destac\u00f3 que adem\u00e1s de la experiencia y la calidad en el trabajo de los trabajadores del Metro, se cumplir\u00eda con los acuerdos entre el STC, el propio gremio y las legislaci\u00f3n en la materia que proh\u00edbe la terciarizaci\u00f3n y el outsourcing,<\/p>\n\n\n\n<p>A\u00f1adi\u00f3 que con el mantenimiento por parte de los trabajadores de base del Metro, se generar\u00eda grandes ahorros presupuestales, mayor calidad en el trabajo y descartar\u00eda el outsourcing de las empresas que llevan a cabo los trabajos.<\/p>\n","protected":false},"excerpt":{"rendered":"<p>Por Redacci\u00f3n QP El sempiterno dirigente del Sindicato del Metro Fernando Espino, pidi\u00f3 al Gobierno&#8230;<\/p>\n","protected":false},"author":2,"featured_media":114324,"comment_status":"open","ping_status":"open","sticky":false,"template":"","format":"standard","meta":{"_monsterinsights_skip_tracking":false,"_monsterinsights_sitenote_active":false,"_monsterinsights_sitenote_note":"","_monsterinsights_sitenote_category":0,"footnotes":""},"categories":[55],"tags":[],"class_list":["post-114323","post","type-post","status-publish","format-standard","has-post-thumbnail","hentry","category-cdmx"],"yoast_head":"<!-- This site is optimized with the Yoast SEO plugin v27.3 - https:\/\/yoast.com\/product\/yoast-seo-wordpress\/ -->\n<title>Sindicato del Metro pide al Gobierno de la CDMX sean quienes realicen el mantenimiento de los trenes que circulan en las l\u00edneas 3, 7, 8 y 9 -<\/title>\n<meta name=\"robots\" content=\"index, follow, max-snippet:-1, max-image-preview:large, max-video-preview:-1\" \/>\n<link rel=\"canonical\" href=\"https:\/\/quehacerpolitico.mx\/?p=114323\" \/>\n<meta property=\"og:locale\" content=\"es_MX\" \/>\n<meta property=\"og:type\" content=\"article\" \/>\n<meta property=\"og:title\" content=\"Sindicato del Metro pide al Gobierno de la CDMX sean quienes realicen el mantenimiento de los trenes que circulan en las l\u00edneas 3, 7, 8 y 9 -\" \/>\n<meta property=\"og:description\" content=\"Por Redacci\u00f3n QP El sempiterno dirigente del Sindicato del Metro Fernando Espino, pidi\u00f3 al Gobierno...\" \/>\n<meta property=\"og:url\" content=\"https:\/\/quehacerpolitico.mx\/?p=114323\" \/>\n<meta property=\"article:published_time\" content=\"2025-01-19T02:46:21+00:00\" \/>\n<meta property=\"article:modified_time\" content=\"2025-01-19T02:46:23+00:00\" \/>\n<meta property=\"og:image\" content=\"https:\/\/quehacerpolitico.mx\/wp-content\/uploads\/2025\/01\/IMG_0190.jpeg\" \/>\n\t<meta property=\"og:image:width\" content=\"400\" \/>\n\t<meta property=\"og:image:height\" content=\"225\" \/>\n\t<meta property=\"og:image:type\" content=\"image\/jpeg\" \/>\n<meta name=\"author\" content=\"Redacci\u00f3n QP\" \/>\n<meta name=\"twitter:card\" content=\"summary_large_image\" \/>\n<meta name=\"twitter:label1\" content=\"Escrito por\" \/>\n\t<meta name=\"twitter:data1\" content=\"Redacci\u00f3n QP\" \/>\n\t<meta name=\"twitter:label2\" content=\"Tiempo de lectura\" \/>\n\t<meta name=\"twitter:data2\" content=\"2 minutos\" \/>\n<script type=\"application\/ld+json\" class=\"yoast-schema-graph\">{\"@context\":\"https:\\\/\\\/schema.org\",\"@graph\":[{\"@type\":\"Article\",\"@id\":\"https:\\\/\\\/quehacerpolitico.mx\\\/?p=114323#article\",\"isPartOf\":{\"@id\":\"https:\\\/\\\/quehacerpolitico.mx\\\/?p=114323\"},\"author\":{\"name\":\"Redacci\u00f3n QP\",\"@id\":\"https:\\\/\\\/quehacerpolitico.mx\\\/#\\\/schema\\\/person\\\/496d8ad2d1d3f8036101dca7ee39e585\"},\"headline\":\"Sindicato del Metro pide al Gobierno de la CDMX sean quienes realicen el mantenimiento de los trenes que circulan en las l\u00edneas 3, 7, 8 y 9\",\"datePublished\":\"2025-01-19T02:46:21+00:00\",\"dateModified\":\"2025-01-19T02:46:23+00:00\",\"mainEntityOfPage\":{\"@id\":\"https:\\\/\\\/quehacerpolitico.mx\\\/?p=114323\"},\"wordCount\":338,\"commentCount\":0,\"image\":{\"@id\":\"https:\\\/\\\/quehacerpolitico.mx\\\/?p=114323#primaryimage\"},\"thumbnailUrl\":\"https:\\\/\\\/quehacerpolitico.mx\\\/wp-content\\\/uploads\\\/2025\\\/01\\\/IMG_0190.jpeg\",\"articleSection\":[\"CDMX\"],\"inLanguage\":\"es\",\"potentialAction\":[{\"@type\":\"CommentAction\",\"name\":\"Comment\",\"target\":[\"https:\\\/\\\/quehacerpolitico.mx\\\/?p=114323#respond\"]}]},{\"@type\":\"WebPage\",\"@id\":\"https:\\\/\\\/quehacerpolitico.mx\\\/?p=114323\",\"url\":\"https:\\\/\\\/quehacerpolitico.mx\\\/?p=114323\",\"name\":\"Sindicato del Metro pide al Gobierno de la CDMX sean quienes realicen el mantenimiento de los trenes que circulan en las l\u00edneas 3, 7, 8 y 9 -\",\"isPartOf\":{\"@id\":\"https:\\\/\\\/quehacerpolitico.mx\\\/#website\"},\"primaryImageOfPage\":{\"@id\":\"https:\\\/\\\/quehacerpolitico.mx\\\/?p=114323#primaryimage\"},\"image\":{\"@id\":\"https:\\\/\\\/quehacerpolitico.mx\\\/?p=114323#primaryimage\"},\"thumbnailUrl\":\"https:\\\/\\\/quehacerpolitico.mx\\\/wp-content\\\/uploads\\\/2025\\\/01\\\/IMG_0190.jpeg\",\"datePublished\":\"2025-01-19T02:46:21+00:00\",\"dateModified\":\"2025-01-19T02:46:23+00:00\",\"author\":{\"@id\":\"https:\\\/\\\/quehacerpolitico.mx\\\/#\\\/schema\\\/person\\\/496d8ad2d1d3f8036101dca7ee39e585\"},\"breadcrumb\":{\"@id\":\"https:\\\/\\\/quehacerpolitico.mx\\\/?p=114323#breadcrumb\"},\"inLanguage\":\"es\",\"potentialAction\":[{\"@type\":\"ReadAction\",\"target\":[\"https:\\\/\\\/quehacerpolitico.mx\\\/?p=114323\"]}]},{\"@type\":\"ImageObject\",\"inLanguage\":\"es\",\"@id\":\"https:\\\/\\\/quehacerpolitico.mx\\\/?p=114323#primaryimage\",\"url\":\"https:\\\/\\\/quehacerpolitico.mx\\\/wp-content\\\/uploads\\\/2025\\\/01\\\/IMG_0190.jpeg\",\"contentUrl\":\"https:\\\/\\\/quehacerpolitico.mx\\\/wp-content\\\/uploads\\\/2025\\\/01\\\/IMG_0190.jpeg\",\"width\":400,\"height\":225},{\"@type\":\"BreadcrumbList\",\"@id\":\"https:\\\/\\\/quehacerpolitico.mx\\\/?p=114323#breadcrumb\",\"itemListElement\":[{\"@type\":\"ListItem\",\"position\":1,\"name\":\"Inicio\",\"item\":\"https:\\\/\\\/quehacerpolitico.mx\\\/\"},{\"@type\":\"ListItem\",\"position\":2,\"name\":\"Sindicato del Metro pide al Gobierno de la CDMX sean quienes realicen el mantenimiento de los trenes que circulan en las l\u00edneas 3, 7, 8 y 9\"}]},{\"@type\":\"WebSite\",\"@id\":\"https:\\\/\\\/quehacerpolitico.mx\\\/#website\",\"url\":\"https:\\\/\\\/quehacerpolitico.mx\\\/\",\"name\":\"\",\"description\":\"\",\"potentialAction\":[{\"@type\":\"SearchAction\",\"target\":{\"@type\":\"EntryPoint\",\"urlTemplate\":\"https:\\\/\\\/quehacerpolitico.mx\\\/?s={search_term_string}\"},\"query-input\":{\"@type\":\"PropertyValueSpecification\",\"valueRequired\":true,\"valueName\":\"search_term_string\"}}],\"inLanguage\":\"es\"},{\"@type\":\"Person\",\"@id\":\"https:\\\/\\\/quehacerpolitico.mx\\\/#\\\/schema\\\/person\\\/496d8ad2d1d3f8036101dca7ee39e585\",\"name\":\"Redacci\u00f3n QP\",\"image\":{\"@type\":\"ImageObject\",\"inLanguage\":\"es\",\"@id\":\"https:\\\/\\\/secure.gravatar.com\\\/avatar\\\/c7164ed6fdec453195284ad24a5ae5b6e1eed2b848477fa2a4787ba9adf39a41?s=96&d=mm&r=g\",\"url\":\"https:\\\/\\\/secure.gravatar.com\\\/avatar\\\/c7164ed6fdec453195284ad24a5ae5b6e1eed2b848477fa2a4787ba9adf39a41?s=96&d=mm&r=g\",\"contentUrl\":\"https:\\\/\\\/secure.gravatar.com\\\/avatar\\\/c7164ed6fdec453195284ad24a5ae5b6e1eed2b848477fa2a4787ba9adf39a41?s=96&d=mm&r=g\",\"caption\":\"Redacci\u00f3n QP\"},\"url\":\"https:\\\/\\\/quehacerpolitico.mx\\\/?author=2\"}]}<\/script>\n<!-- \/ Yoast SEO plugin. -->","yoast_head_json":{"title":"Sindicato del Metro pide al Gobierno de la CDMX sean quienes realicen el mantenimiento de los trenes que circulan en las l\u00edneas 3, 7, 8 y 9 -","robots":{"index":"index","follow":"follow","max-snippet":"max-snippet:-1","max-image-preview":"max-image-preview:large","max-video-preview":"max-video-preview:-1"},"canonical":"https:\/\/quehacerpolitico.mx\/?p=114323","og_locale":"es_MX","og_type":"article","og_title":"Sindicato del Metro pide al Gobierno de la CDMX sean quienes realicen el mantenimiento de los trenes que circulan en las l\u00edneas 3, 7, 8 y 9 -","og_description":"Por Redacci\u00f3n QP El sempiterno dirigente del Sindicato del Metro Fernando Espino, pidi\u00f3 al Gobierno...","og_url":"https:\/\/quehacerpolitico.mx\/?p=114323","article_published_time":"2025-01-19T02:46:21+00:00","article_modified_time":"2025-01-19T02:46:23+00:00","og_image":[{"width":400,"height":225,"url":"https:\/\/quehacerpolitico.mx\/wp-content\/uploads\/2025\/01\/IMG_0190.jpeg","type":"image\/jpeg"}],"author":"Redacci\u00f3n QP","twitter_card":"summary_large_image","twitter_misc":{"Escrito por":"Redacci\u00f3n QP","Tiempo de lectura":"2 minutos"},"schema":{"@context":"https:\/\/schema.org","@graph":[{"@type":"Article","@id":"https:\/\/quehacerpolitico.mx\/?p=114323#article","isPartOf":{"@id":"https:\/\/quehacerpolitico.mx\/?p=114323"},"author":{"name":"Redacci\u00f3n QP","@id":"https:\/\/quehacerpolitico.mx\/#\/schema\/person\/496d8ad2d1d3f8036101dca7ee39e585"},"headline":"Sindicato del Metro pide al Gobierno de la CDMX sean quienes realicen el mantenimiento de los trenes que circulan en las l\u00edneas 3, 7, 8 y 9","datePublished":"2025-01-19T02:46:21+00:00","dateModified":"2025-01-19T02:46:23+00:00","mainEntityOfPage":{"@id":"https:\/\/quehacerpolitico.mx\/?p=114323"},"wordCount":338,"commentCount":0,"image":{"@id":"https:\/\/quehacerpolitico.mx\/?p=114323#primaryimage"},"thumbnailUrl":"https:\/\/quehacerpolitico.mx\/wp-content\/uploads\/2025\/01\/IMG_0190.jpeg","articleSection":["CDMX"],"inLanguage":"es","potentialAction":[{"@type":"CommentAction","name":"Comment","target":["https:\/\/quehacerpolitico.mx\/?p=114323#respond"]}]},{"@type":"WebPage","@id":"https:\/\/quehacerpolitico.mx\/?p=114323","url":"https:\/\/quehacerpolitico.mx\/?p=114323","name":"Sindicato del Metro pide al Gobierno de la CDMX sean quienes realicen el mantenimiento de los trenes que circulan en las l\u00edneas 3, 7, 8 y 9 -","isPartOf":{"@id":"https:\/\/quehacerpolitico.mx\/#website"},"primaryImageOfPage":{"@id":"https:\/\/quehacerpolitico.mx\/?p=114323#primaryimage"},"image":{"@id":"https:\/\/quehacerpolitico.mx\/?p=114323#primaryimage"},"thumbnailUrl":"https:\/\/quehacerpolitico.mx\/wp-content\/uploads\/2025\/01\/IMG_0190.jpeg","datePublished":"2025-01-19T02:46:21+00:00","dateModified":"2025-01-19T02:46:23+00:00","author":{"@id":"https:\/\/quehacerpolitico.mx\/#\/schema\/person\/496d8ad2d1d3f8036101dca7ee39e585"},"breadcrumb":{"@id":"https:\/\/quehacerpolitico.mx\/?p=114323#breadcrumb"},"inLanguage":"es","potentialAction":[{"@type":"ReadAction","target":["https:\/\/quehacerpolitico.mx\/?p=114323"]}]},{"@type":"ImageObject","inLanguage":"es","@id":"https:\/\/quehacerpolitico.mx\/?p=114323#primaryimage","url":"https:\/\/quehacerpolitico.mx\/wp-content\/uploads\/2025\/01\/IMG_0190.jpeg","contentUrl":"https:\/\/quehacerpolitico.mx\/wp-content\/uploads\/2025\/01\/IMG_0190.jpeg","width":400,"height":225},{"@type":"BreadcrumbList","@id":"https:\/\/quehacerpolitico.mx\/?p=114323#breadcrumb","itemListElement":[{"@type":"ListItem","position":1,"name":"Inicio","item":"https:\/\/quehacerpolitico.mx\/"},{"@type":"ListItem","position":2,"name":"Sindicato del Metro pide al Gobierno de la CDMX sean quienes realicen el mantenimiento de los trenes que circulan en las l\u00edneas 3, 7, 8 y 9"}]},{"@type":"WebSite","@id":"https:\/\/quehacerpolitico.mx\/#website","url":"https:\/\/quehacerpolitico.mx\/","name":"","description":"","potentialAction":[{"@type":"SearchAction","target":{"@type":"EntryPoint","urlTemplate":"https:\/\/quehacerpolitico.mx\/?s={search_term_string}"},"query-input":{"@type":"PropertyValueSpecification","valueRequired":true,"valueName":"search_term_string"}}],"inLanguage":"es"},{"@type":"Person","@id":"https:\/\/quehacerpolitico.mx\/#\/schema\/person\/496d8ad2d1d3f8036101dca7ee39e585","name":"Redacci\u00f3n QP","image":{"@type":"ImageObject","inLanguage":"es","@id":"https:\/\/secure.gravatar.com\/avatar\/c7164ed6fdec453195284ad24a5ae5b6e1eed2b848477fa2a4787ba9adf39a41?s=96&d=mm&r=g","url":"https:\/\/secure.gravatar.com\/avatar\/c7164ed6fdec453195284ad24a5ae5b6e1eed2b848477fa2a4787ba9adf39a41?s=96&d=mm&r=g","contentUrl":"https:\/\/secure.gravatar.com\/avatar\/c7164ed6fdec453195284ad24a5ae5b6e1eed2b848477fa2a4787ba9adf39a41?s=96&d=mm&r=g","caption":"Redacci\u00f3n QP"},"url":"https:\/\/quehacerpolitico.mx\/?author=2"}]}},"featured_image_urls":{"full":["https:\/\/quehacerpolitico.mx\/wp-content\/uploads\/2025\/01\/IMG_0190.jpeg",400,225,false],"thumbnail":["https:\/\/quehacerpolitico.mx\/wp-content\/uploads\/2025\/01\/IMG_0190-150x150.jpeg",150,150,true],"medium":["https:\/\/quehacerpolitico.mx\/wp-content\/uploads\/2025\/01\/IMG_0190-300x169.jpeg",300,169,true],"medium_large":["https:\/\/quehacerpolitico.mx\/wp-content\/uploads\/2025\/01\/IMG_0190.jpeg",400,225,false],"large":["https:\/\/quehacerpolitico.mx\/wp-content\/uploads\/2025\/01\/IMG_0190.jpeg",400,225,false],"1536x1536":["https:\/\/quehacerpolitico.mx\/wp-content\/uploads\/2025\/01\/IMG_0190.jpeg",400,225,false],"2048x2048":["https:\/\/quehacerpolitico.mx\/wp-content\/uploads\/2025\/01\/IMG_0190.jpeg",400,225,false],"covernews-featured":["https:\/\/quehacerpolitico.mx\/wp-content\/uploads\/2025\/01\/IMG_0190.jpeg",400,225,false],"covernews-medium":["https:\/\/quehacerpolitico.mx\/wp-content\/uploads\/2025\/01\/IMG_0190.jpeg",400,225,false]},"author_info":{"display_name":"Redacci\u00f3n QP","author_link":"https:\/\/quehacerpolitico.mx\/?author=2"},"category_info":"<a href=\"https:\/\/quehacerpolitico.mx\/?cat=55\" rel=\"category\">CDMX<\/a>","tag_info":"CDMX","comment_count":"0","_links":{"self":[{"href":"https:\/\/quehacerpolitico.mx\/index.php?rest_route=\/wp\/v2\/posts\/114323","targetHints":{"allow":["GET"]}}],"collection":[{"href":"https:\/\/quehacerpolitico.mx\/index.php?rest_route=\/wp\/v2\/posts"}],"about":[{"href":"https:\/\/quehacerpolitico.mx\/index.php?rest_route=\/wp\/v2\/types\/post"}],"author":[{"embeddable":true,"href":"https:\/\/quehacerpolitico.mx\/index.php?rest_route=\/wp\/v2\/users\/2"}],"replies":[{"embeddable":true,"href":"https:\/\/quehacerpolitico.mx\/index.php?rest_route=%2Fwp%2Fv2%2Fcomments&post=114323"}],"version-history":[{"count":1,"href":"https:\/\/quehacerpolitico.mx\/index.php?rest_route=\/wp\/v2\/posts\/114323\/revisions"}],"predecessor-version":[{"id":114325,"href":"https:\/\/quehacerpolitico.mx\/index.php?rest_route=\/wp\/v2\/posts\/114323\/revisions\/114325"}],"wp:featuredmedia":[{"embeddable":true,"href":"https:\/\/quehacerpolitico.mx\/index.php?rest_route=\/wp\/v2\/media\/114324"}],"wp:attachment":[{"href":"https:\/\/quehacerpolitico.mx\/index.php?rest_route=%2Fwp%2Fv2%2Fmedia&parent=114323"}],"wp:term":[{"taxonomy":"category","embeddable":true,"href":"https:\/\/quehacerpolitico.mx\/index.php?rest_route=%2Fwp%2Fv2%2Fcategories&post=114323"},{"taxonomy":"post_tag","embeddable":true,"href":"https:\/\/quehacerpolitico.mx\/index.php?rest_route=%2Fwp%2Fv2%2Ftags&post=114323"}],"curies":[{"name":"wp","href":"https:\/\/api.w.org\/{rel}","templated":true}]}}