{"id":114320,"date":"2025-01-18T20:27:24","date_gmt":"2025-01-19T02:27:24","guid":{"rendered":"https:\/\/quehacerpolitico.mx\/?p=114320"},"modified":"2025-01-18T20:27:26","modified_gmt":"2025-01-19T02:27:26","slug":"dan-11-anos-de-prision-a-profesor-de-secundaria-de-tlalpan-por-violacion-equiparada-y-pederastia","status":"publish","type":"post","link":"https:\/\/quehacerpolitico.mx\/?p=114320","title":{"rendered":"Dan 11 a\u00f1os de prisi\u00f3n a profesor de secundaria de Tlalpan por violaci\u00f3n equiparada y pederastia"},"content":{"rendered":"\n<p>Por Redacci\u00f3n QP<\/p>\n\n\n\n<p>La fiscal\u00eda se\u00f1al\u00f3 que el sujeto deber\u00e1 realizar un\u00a0pago de\u00a0reparaci\u00f3n del da\u00f1o, una emisi\u00f3n de una disculpa p\u00fablica y se le registrar\u00e1\u00a0en el sistema de Agresores Sexuales de la FGJCDMX<\/p>\n\n\n\n<p>La Fiscal\u00eda General de la Rep\u00fablica (FGR) inform\u00f3 este s\u00e1bado que logr\u00f3 una sentencia contra un profesor de secundaria t\u00e9cnica, ubicada en la alcald\u00eda de Tlalpan, tras ser se\u00f1alado por cometer diversos actos sexuales contra un adolescente de la instituci\u00f3n.<\/p>\n\n\n\n<p>Lo anterior fue logrado&nbsp;a trav\u00e9s de la&nbsp;<strong>Fiscal\u00eda Especializada en Delitos de Violencia contra las Mujeres, Grupos en Situaci\u00f3n de Vulnerabilidad y Trata de Personas&nbsp;<\/strong>(<strong>FEVIMTRA<\/strong>).&nbsp;<\/p>\n\n\n\n<p>De acuerdo con un comunicado, el sujeto, identificado extraoficialmente como Pablo &#8220;N&#8221;, es se\u00f1alado por los delitos de violaci\u00f3n equiparada y pederastia agravada, en agravio del menor de edad.<\/p>\n\n\n\n<p>La&nbsp;<strong>FGR<\/strong>&nbsp;dio a conocer que la carpeta de investigaci\u00f3n en contra del profesor se inici\u00f3 desde abril de 2022.&nbsp;<\/p>\n\n\n\n<p>Desde entonces, &#8220;la&nbsp;<strong>FEVIMTRA<\/strong>&nbsp;llev\u00f3 a cabo el proceso en sus diversas secuelas, en el que se acredit\u00f3 la responsabilidad del acusado en los delitos de violaci\u00f3n equiparada agravada y pederastia agravada, cometidos en el ejercicio de su encargo p\u00fablico&#8221;.<\/p>\n\n\n\n<p>Con base en lo anterior, la&nbsp;<strong>FGR<\/strong>&nbsp;logr\u00f3 que el Juez de Control del Centro de Justicia Penal Federal en la Ciudad de M\u00e9xico, con sede en el Reclusorio Norte, dict\u00f3 sentencia condenatoria contra el sujeto.<\/p>\n\n\n\n<p>Tras ello, Pablo &#8220;N&#8221; deber\u00e1 cumplir una pena de 11 a\u00f1os de prisi\u00f3n, adem\u00e1s de pagar multa, que no se revel\u00f3, as\u00ed como ser sujeto a la destituci\u00f3n de su cargo<\/p>\n\n\n\n<p>La fiscal\u00eda tambi\u00e9n se\u00f1al\u00f3 que el sujeto deber\u00e1 realizar un&nbsp;pago de&nbsp;reparaci\u00f3n del da\u00f1o, una emisi\u00f3n de una disculpa p\u00fablica y se le registrar\u00e1&nbsp;en el sistema de&nbsp;<strong>Agresores Sexuales de la FGJCDMX<\/strong>.<\/p>\n","protected":false},"excerpt":{"rendered":"<p>Por Redacci\u00f3n QP La fiscal\u00eda se\u00f1al\u00f3 que el sujeto deber\u00e1 realizar un\u00a0pago de\u00a0reparaci\u00f3n del da\u00f1o,&#8230;<\/p>\n","protected":false},"author":2,"featured_media":114321,"comment_status":"open","ping_status":"open","sticky":false,"template":"","format":"standard","meta":{"_monsterinsights_skip_tracking":false,"_monsterinsights_sitenote_active":false,"_monsterinsights_sitenote_note":"","_monsterinsights_sitenote_category":0,"footnotes":""},"categories":[55],"tags":[],"class_list":["post-114320","post","type-post","status-publish","format-standard","has-post-thumbnail","hentry","category-cdmx"],"yoast_head":"<!-- This site is optimized with the Yoast SEO plugin v27.3 - https:\/\/yoast.com\/product\/yoast-seo-wordpress\/ -->\n<title>Dan 11 a\u00f1os de prisi\u00f3n a profesor de secundaria de Tlalpan por violaci\u00f3n equiparada y pederastia -<\/title>\n<meta name=\"robots\" content=\"index, follow, max-snippet:-1, max-image-preview:large, max-video-preview:-1\" \/>\n<link rel=\"canonical\" href=\"https:\/\/quehacerpolitico.mx\/?p=114320\" \/>\n<meta property=\"og:locale\" content=\"es_MX\" \/>\n<meta property=\"og:type\" content=\"article\" \/>\n<meta property=\"og:title\" content=\"Dan 11 a\u00f1os de prisi\u00f3n a profesor de secundaria de Tlalpan por violaci\u00f3n equiparada y pederastia -\" \/>\n<meta property=\"og:description\" content=\"Por Redacci\u00f3n QP La fiscal\u00eda se\u00f1al\u00f3 que el sujeto deber\u00e1 realizar un\u00a0pago de\u00a0reparaci\u00f3n del da\u00f1o,...\" \/>\n<meta property=\"og:url\" content=\"https:\/\/quehacerpolitico.mx\/?p=114320\" \/>\n<meta property=\"article:published_time\" content=\"2025-01-19T02:27:24+00:00\" \/>\n<meta property=\"article:modified_time\" content=\"2025-01-19T02:27:26+00:00\" \/>\n<meta property=\"og:image\" content=\"https:\/\/quehacerpolitico.mx\/wp-content\/uploads\/2025\/01\/IMG_0188.jpeg\" \/>\n\t<meta property=\"og:image:width\" content=\"480\" \/>\n\t<meta property=\"og:image:height\" content=\"300\" \/>\n\t<meta property=\"og:image:type\" content=\"image\/jpeg\" \/>\n<meta name=\"author\" content=\"Redacci\u00f3n QP\" \/>\n<meta name=\"twitter:card\" content=\"summary_large_image\" \/>\n<meta name=\"twitter:label1\" content=\"Escrito por\" \/>\n\t<meta name=\"twitter:data1\" content=\"Redacci\u00f3n QP\" \/>\n\t<meta name=\"twitter:label2\" content=\"Tiempo de lectura\" \/>\n\t<meta name=\"twitter:data2\" content=\"2 minutos\" \/>\n<script type=\"application\/ld+json\" class=\"yoast-schema-graph\">{\"@context\":\"https:\\\/\\\/schema.org\",\"@graph\":[{\"@type\":\"Article\",\"@id\":\"https:\\\/\\\/quehacerpolitico.mx\\\/?p=114320#article\",\"isPartOf\":{\"@id\":\"https:\\\/\\\/quehacerpolitico.mx\\\/?p=114320\"},\"author\":{\"name\":\"Redacci\u00f3n QP\",\"@id\":\"https:\\\/\\\/quehacerpolitico.mx\\\/#\\\/schema\\\/person\\\/496d8ad2d1d3f8036101dca7ee39e585\"},\"headline\":\"Dan 11 a\u00f1os de prisi\u00f3n a profesor de secundaria de Tlalpan por violaci\u00f3n equiparada y pederastia\",\"datePublished\":\"2025-01-19T02:27:24+00:00\",\"dateModified\":\"2025-01-19T02:27:26+00:00\",\"mainEntityOfPage\":{\"@id\":\"https:\\\/\\\/quehacerpolitico.mx\\\/?p=114320\"},\"wordCount\":358,\"commentCount\":0,\"image\":{\"@id\":\"https:\\\/\\\/quehacerpolitico.mx\\\/?p=114320#primaryimage\"},\"thumbnailUrl\":\"https:\\\/\\\/quehacerpolitico.mx\\\/wp-content\\\/uploads\\\/2025\\\/01\\\/IMG_0188.jpeg\",\"articleSection\":[\"CDMX\"],\"inLanguage\":\"es\",\"potentialAction\":[{\"@type\":\"CommentAction\",\"name\":\"Comment\",\"target\":[\"https:\\\/\\\/quehacerpolitico.mx\\\/?p=114320#respond\"]}]},{\"@type\":\"WebPage\",\"@id\":\"https:\\\/\\\/quehacerpolitico.mx\\\/?p=114320\",\"url\":\"https:\\\/\\\/quehacerpolitico.mx\\\/?p=114320\",\"name\":\"Dan 11 a\u00f1os de prisi\u00f3n a profesor de secundaria de Tlalpan por violaci\u00f3n equiparada y pederastia -\",\"isPartOf\":{\"@id\":\"https:\\\/\\\/quehacerpolitico.mx\\\/#website\"},\"primaryImageOfPage\":{\"@id\":\"https:\\\/\\\/quehacerpolitico.mx\\\/?p=114320#primaryimage\"},\"image\":{\"@id\":\"https:\\\/\\\/quehacerpolitico.mx\\\/?p=114320#primaryimage\"},\"thumbnailUrl\":\"https:\\\/\\\/quehacerpolitico.mx\\\/wp-content\\\/uploads\\\/2025\\\/01\\\/IMG_0188.jpeg\",\"datePublished\":\"2025-01-19T02:27:24+00:00\",\"dateModified\":\"2025-01-19T02:27:26+00:00\",\"author\":{\"@id\":\"https:\\\/\\\/quehacerpolitico.mx\\\/#\\\/schema\\\/person\\\/496d8ad2d1d3f8036101dca7ee39e585\"},\"breadcrumb\":{\"@id\":\"https:\\\/\\\/quehacerpolitico.mx\\\/?p=114320#breadcrumb\"},\"inLanguage\":\"es\",\"potentialAction\":[{\"@type\":\"ReadAction\",\"target\":[\"https:\\\/\\\/quehacerpolitico.mx\\\/?p=114320\"]}]},{\"@type\":\"ImageObject\",\"inLanguage\":\"es\",\"@id\":\"https:\\\/\\\/quehacerpolitico.mx\\\/?p=114320#primaryimage\",\"url\":\"https:\\\/\\\/quehacerpolitico.mx\\\/wp-content\\\/uploads\\\/2025\\\/01\\\/IMG_0188.jpeg\",\"contentUrl\":\"https:\\\/\\\/quehacerpolitico.mx\\\/wp-content\\\/uploads\\\/2025\\\/01\\\/IMG_0188.jpeg\",\"width\":480,\"height\":300},{\"@type\":\"BreadcrumbList\",\"@id\":\"https:\\\/\\\/quehacerpolitico.mx\\\/?p=114320#breadcrumb\",\"itemListElement\":[{\"@type\":\"ListItem\",\"position\":1,\"name\":\"Inicio\",\"item\":\"https:\\\/\\\/quehacerpolitico.mx\\\/\"},{\"@type\":\"ListItem\",\"position\":2,\"name\":\"Dan 11 a\u00f1os de prisi\u00f3n a profesor de secundaria de Tlalpan por violaci\u00f3n equiparada y pederastia\"}]},{\"@type\":\"WebSite\",\"@id\":\"https:\\\/\\\/quehacerpolitico.mx\\\/#website\",\"url\":\"https:\\\/\\\/quehacerpolitico.mx\\\/\",\"name\":\"\",\"description\":\"\",\"potentialAction\":[{\"@type\":\"SearchAction\",\"target\":{\"@type\":\"EntryPoint\",\"urlTemplate\":\"https:\\\/\\\/quehacerpolitico.mx\\\/?s={search_term_string}\"},\"query-input\":{\"@type\":\"PropertyValueSpecification\",\"valueRequired\":true,\"valueName\":\"search_term_string\"}}],\"inLanguage\":\"es\"},{\"@type\":\"Person\",\"@id\":\"https:\\\/\\\/quehacerpolitico.mx\\\/#\\\/schema\\\/person\\\/496d8ad2d1d3f8036101dca7ee39e585\",\"name\":\"Redacci\u00f3n QP\",\"image\":{\"@type\":\"ImageObject\",\"inLanguage\":\"es\",\"@id\":\"https:\\\/\\\/secure.gravatar.com\\\/avatar\\\/c7164ed6fdec453195284ad24a5ae5b6e1eed2b848477fa2a4787ba9adf39a41?s=96&d=mm&r=g\",\"url\":\"https:\\\/\\\/secure.gravatar.com\\\/avatar\\\/c7164ed6fdec453195284ad24a5ae5b6e1eed2b848477fa2a4787ba9adf39a41?s=96&d=mm&r=g\",\"contentUrl\":\"https:\\\/\\\/secure.gravatar.com\\\/avatar\\\/c7164ed6fdec453195284ad24a5ae5b6e1eed2b848477fa2a4787ba9adf39a41?s=96&d=mm&r=g\",\"caption\":\"Redacci\u00f3n QP\"},\"url\":\"https:\\\/\\\/quehacerpolitico.mx\\\/?author=2\"}]}<\/script>\n<!-- \/ Yoast SEO plugin. -->","yoast_head_json":{"title":"Dan 11 a\u00f1os de prisi\u00f3n a profesor de secundaria de Tlalpan por violaci\u00f3n equiparada y pederastia -","robots":{"index":"index","follow":"follow","max-snippet":"max-snippet:-1","max-image-preview":"max-image-preview:large","max-video-preview":"max-video-preview:-1"},"canonical":"https:\/\/quehacerpolitico.mx\/?p=114320","og_locale":"es_MX","og_type":"article","og_title":"Dan 11 a\u00f1os de prisi\u00f3n a profesor de secundaria de Tlalpan por violaci\u00f3n equiparada y pederastia -","og_description":"Por Redacci\u00f3n QP La fiscal\u00eda se\u00f1al\u00f3 que el sujeto deber\u00e1 realizar un\u00a0pago de\u00a0reparaci\u00f3n del da\u00f1o,...","og_url":"https:\/\/quehacerpolitico.mx\/?p=114320","article_published_time":"2025-01-19T02:27:24+00:00","article_modified_time":"2025-01-19T02:27:26+00:00","og_image":[{"width":480,"height":300,"url":"https:\/\/quehacerpolitico.mx\/wp-content\/uploads\/2025\/01\/IMG_0188.jpeg","type":"image\/jpeg"}],"author":"Redacci\u00f3n QP","twitter_card":"summary_large_image","twitter_misc":{"Escrito por":"Redacci\u00f3n QP","Tiempo de lectura":"2 minutos"},"schema":{"@context":"https:\/\/schema.org","@graph":[{"@type":"Article","@id":"https:\/\/quehacerpolitico.mx\/?p=114320#article","isPartOf":{"@id":"https:\/\/quehacerpolitico.mx\/?p=114320"},"author":{"name":"Redacci\u00f3n QP","@id":"https:\/\/quehacerpolitico.mx\/#\/schema\/person\/496d8ad2d1d3f8036101dca7ee39e585"},"headline":"Dan 11 a\u00f1os de prisi\u00f3n a profesor de secundaria de Tlalpan por violaci\u00f3n equiparada y pederastia","datePublished":"2025-01-19T02:27:24+00:00","dateModified":"2025-01-19T02:27:26+00:00","mainEntityOfPage":{"@id":"https:\/\/quehacerpolitico.mx\/?p=114320"},"wordCount":358,"commentCount":0,"image":{"@id":"https:\/\/quehacerpolitico.mx\/?p=114320#primaryimage"},"thumbnailUrl":"https:\/\/quehacerpolitico.mx\/wp-content\/uploads\/2025\/01\/IMG_0188.jpeg","articleSection":["CDMX"],"inLanguage":"es","potentialAction":[{"@type":"CommentAction","name":"Comment","target":["https:\/\/quehacerpolitico.mx\/?p=114320#respond"]}]},{"@type":"WebPage","@id":"https:\/\/quehacerpolitico.mx\/?p=114320","url":"https:\/\/quehacerpolitico.mx\/?p=114320","name":"Dan 11 a\u00f1os de prisi\u00f3n a profesor de secundaria de Tlalpan por violaci\u00f3n equiparada y pederastia -","isPartOf":{"@id":"https:\/\/quehacerpolitico.mx\/#website"},"primaryImageOfPage":{"@id":"https:\/\/quehacerpolitico.mx\/?p=114320#primaryimage"},"image":{"@id":"https:\/\/quehacerpolitico.mx\/?p=114320#primaryimage"},"thumbnailUrl":"https:\/\/quehacerpolitico.mx\/wp-content\/uploads\/2025\/01\/IMG_0188.jpeg","datePublished":"2025-01-19T02:27:24+00:00","dateModified":"2025-01-19T02:27:26+00:00","author":{"@id":"https:\/\/quehacerpolitico.mx\/#\/schema\/person\/496d8ad2d1d3f8036101dca7ee39e585"},"breadcrumb":{"@id":"https:\/\/quehacerpolitico.mx\/?p=114320#breadcrumb"},"inLanguage":"es","potentialAction":[{"@type":"ReadAction","target":["https:\/\/quehacerpolitico.mx\/?p=114320"]}]},{"@type":"ImageObject","inLanguage":"es","@id":"https:\/\/quehacerpolitico.mx\/?p=114320#primaryimage","url":"https:\/\/quehacerpolitico.mx\/wp-content\/uploads\/2025\/01\/IMG_0188.jpeg","contentUrl":"https:\/\/quehacerpolitico.mx\/wp-content\/uploads\/2025\/01\/IMG_0188.jpeg","width":480,"height":300},{"@type":"BreadcrumbList","@id":"https:\/\/quehacerpolitico.mx\/?p=114320#breadcrumb","itemListElement":[{"@type":"ListItem","position":1,"name":"Inicio","item":"https:\/\/quehacerpolitico.mx\/"},{"@type":"ListItem","position":2,"name":"Dan 11 a\u00f1os de prisi\u00f3n a profesor de secundaria de Tlalpan por violaci\u00f3n equiparada y pederastia"}]},{"@type":"WebSite","@id":"https:\/\/quehacerpolitico.mx\/#website","url":"https:\/\/quehacerpolitico.mx\/","name":"","description":"","potentialAction":[{"@type":"SearchAction","target":{"@type":"EntryPoint","urlTemplate":"https:\/\/quehacerpolitico.mx\/?s={search_term_string}"},"query-input":{"@type":"PropertyValueSpecification","valueRequired":true,"valueName":"search_term_string"}}],"inLanguage":"es"},{"@type":"Person","@id":"https:\/\/quehacerpolitico.mx\/#\/schema\/person\/496d8ad2d1d3f8036101dca7ee39e585","name":"Redacci\u00f3n QP","image":{"@type":"ImageObject","inLanguage":"es","@id":"https:\/\/secure.gravatar.com\/avatar\/c7164ed6fdec453195284ad24a5ae5b6e1eed2b848477fa2a4787ba9adf39a41?s=96&d=mm&r=g","url":"https:\/\/secure.gravatar.com\/avatar\/c7164ed6fdec453195284ad24a5ae5b6e1eed2b848477fa2a4787ba9adf39a41?s=96&d=mm&r=g","contentUrl":"https:\/\/secure.gravatar.com\/avatar\/c7164ed6fdec453195284ad24a5ae5b6e1eed2b848477fa2a4787ba9adf39a41?s=96&d=mm&r=g","caption":"Redacci\u00f3n QP"},"url":"https:\/\/quehacerpolitico.mx\/?author=2"}]}},"featured_image_urls":{"full":["https:\/\/quehacerpolitico.mx\/wp-content\/uploads\/2025\/01\/IMG_0188.jpeg",480,300,false],"thumbnail":["https:\/\/quehacerpolitico.mx\/wp-content\/uploads\/2025\/01\/IMG_0188-150x150.jpeg",150,150,true],"medium":["https:\/\/quehacerpolitico.mx\/wp-content\/uploads\/2025\/01\/IMG_0188-300x188.jpeg",300,188,true],"medium_large":["https:\/\/quehacerpolitico.mx\/wp-content\/uploads\/2025\/01\/IMG_0188.jpeg",480,300,false],"large":["https:\/\/quehacerpolitico.mx\/wp-content\/uploads\/2025\/01\/IMG_0188.jpeg",480,300,false],"1536x1536":["https:\/\/quehacerpolitico.mx\/wp-content\/uploads\/2025\/01\/IMG_0188.jpeg",480,300,false],"2048x2048":["https:\/\/quehacerpolitico.mx\/wp-content\/uploads\/2025\/01\/IMG_0188.jpeg",480,300,false],"covernews-featured":["https:\/\/quehacerpolitico.mx\/wp-content\/uploads\/2025\/01\/IMG_0188.jpeg",480,300,false],"covernews-medium":["https:\/\/quehacerpolitico.mx\/wp-content\/uploads\/2025\/01\/IMG_0188.jpeg",480,300,false]},"author_info":{"display_name":"Redacci\u00f3n QP","author_link":"https:\/\/quehacerpolitico.mx\/?author=2"},"category_info":"<a href=\"https:\/\/quehacerpolitico.mx\/?cat=55\" rel=\"category\">CDMX<\/a>","tag_info":"CDMX","comment_count":"0","_links":{"self":[{"href":"https:\/\/quehacerpolitico.mx\/index.php?rest_route=\/wp\/v2\/posts\/114320","targetHints":{"allow":["GET"]}}],"collection":[{"href":"https:\/\/quehacerpolitico.mx\/index.php?rest_route=\/wp\/v2\/posts"}],"about":[{"href":"https:\/\/quehacerpolitico.mx\/index.php?rest_route=\/wp\/v2\/types\/post"}],"author":[{"embeddable":true,"href":"https:\/\/quehacerpolitico.mx\/index.php?rest_route=\/wp\/v2\/users\/2"}],"replies":[{"embeddable":true,"href":"https:\/\/quehacerpolitico.mx\/index.php?rest_route=%2Fwp%2Fv2%2Fcomments&post=114320"}],"version-history":[{"count":1,"href":"https:\/\/quehacerpolitico.mx\/index.php?rest_route=\/wp\/v2\/posts\/114320\/revisions"}],"predecessor-version":[{"id":114322,"href":"https:\/\/quehacerpolitico.mx\/index.php?rest_route=\/wp\/v2\/posts\/114320\/revisions\/114322"}],"wp:featuredmedia":[{"embeddable":true,"href":"https:\/\/quehacerpolitico.mx\/index.php?rest_route=\/wp\/v2\/media\/114321"}],"wp:attachment":[{"href":"https:\/\/quehacerpolitico.mx\/index.php?rest_route=%2Fwp%2Fv2%2Fmedia&parent=114320"}],"wp:term":[{"taxonomy":"category","embeddable":true,"href":"https:\/\/quehacerpolitico.mx\/index.php?rest_route=%2Fwp%2Fv2%2Fcategories&post=114320"},{"taxonomy":"post_tag","embeddable":true,"href":"https:\/\/quehacerpolitico.mx\/index.php?rest_route=%2Fwp%2Fv2%2Ftags&post=114320"}],"curies":[{"name":"wp","href":"https:\/\/api.w.org\/{rel}","templated":true}]}}