{"id":114289,"date":"2025-01-17T12:51:03","date_gmt":"2025-01-17T18:51:03","guid":{"rendered":"https:\/\/quehacerpolitico.mx\/?p=114289"},"modified":"2025-01-17T12:51:08","modified_gmt":"2025-01-17T18:51:08","slug":"sheinbaum-promete-empleos-y-apoyo-con-programas-sociales-a-mexicanos-deportados-por-trump","status":"publish","type":"post","link":"https:\/\/quehacerpolitico.mx\/?p=114289","title":{"rendered":"Sheinbaum promete empleos y apoyo con programas sociales a mexicanos deportados por Trump"},"content":{"rendered":"\n<p>Por Redacci\u00f3n QP<\/p>\n\n\n\n<p>La presidenta asegur\u00f3 que tras la toma de protesta del presidente de Estados Unidos, se buscar\u00e1 tener un reuni\u00f3n de alto nivel para hablar sobre tr\u00e1fico de armas, drogas, seguridad y migraci\u00f3n<\/p>\n\n\n\n<p>La presidenta de M\u00e9xico,&nbsp;<strong>Claudia Sheinbaum<\/strong>, prometi\u00f3 este viernes que habr\u00e1 una estrategia integral para garantizar que, en caso de que el presidente electo de Estados Unidos,&nbsp;<strong>Donald Trump<\/strong>, deporte masivamente a los mexicanos, haya empleo y&nbsp;<strong>programas sociales<\/strong>&nbsp;para las personas repatriadas.<\/p>\n\n\n\n<p>&#8220;Nos hemos estado preparando para recibir a las y a los mexicanos que tengan un espacio en la&nbsp;<strong>frontera<\/strong>&nbsp;y en otros lugares para que puedan tener acceso a los programas sociales, al empleo, a poderse mover en nuestro territorio nacional para ir a sus lugares de origen\u201d, se\u00f1al\u00f3 la mandataria durante su conferencia matutina realizada en Acapulco.<\/p>\n\n\n\n<figure class=\"wp-block-embed is-type-rich is-provider-twitter wp-block-embed-twitter\"><div class=\"wp-block-embed__wrapper\">\n<blockquote class=\"twitter-tweet\" data-width=\"550\" data-dnt=\"true\"><p lang=\"es\" dir=\"ltr\">La presidenta Claudia Sheinbaum asegur\u00f3 que existe una estrategia ya planteada, en caso de deportaciones masivas de migrantes desde <a href=\"https:\/\/twitter.com\/hashtag\/EUA?src=hash&amp;ref_src=twsrc%5Etfw\">#EUA<\/a>; adelant\u00f3 que los connacionales podr\u00edan acceder a programas sociales, empleo y movilidad hacia sus lugares de origen <a href=\"https:\/\/t.co\/ogY87CyPRB\">pic.twitter.com\/ogY87CyPRB<\/a><\/p>&mdash; Azucena Uresti (@azucenau) <a href=\"https:\/\/twitter.com\/azucenau\/status\/1880264233994317846?ref_src=twsrc%5Etfw\">January 17, 2025<\/a><\/blockquote><script async src=\"https:\/\/platform.twitter.com\/widgets.js\" charset=\"utf-8\"><\/script>\n<\/div><\/figure>\n\n\n\n<p>La mandataria, quien pidi\u00f3 &#8220;esperar tambi\u00e9n a qu\u00e9 es lo que haga el&nbsp;<strong>gobierno de los Estados Unidos<\/strong>&#8220;, insisti\u00f3 en que hay una estrategia integral&nbsp;que anunciar\u00e1 en su momento dependiendo de las decisiones que tome el pr\u00f3ximo mandatario estadounidense tras su toma de posesi\u00f3n este lunes.<\/p>\n\n\n\n<p>\u201cHemos estado trabajando no s\u00f3lo con los&nbsp;<strong>estados fronterizos,<\/strong>&nbsp;sino todos los estados de la Rep\u00fablica para integrar esta estrategia de apoyo a las y los mexicanos que lleguen, adem\u00e1s de que todos los mexicanos y mexicanas pueden acceder a este apoyo extraordinario que estamos dando desde los consulados para acceder a eso o a apoyo legal\u201d, asever\u00f3.<\/p>\n\n\n\n<p>Asimismo, asegur\u00f3 que tras la&nbsp;<strong>toma de protesta de Donald&nbsp;Trump<\/strong>&nbsp;buscar\u00e1n tener una reuni\u00f3n con los secretarios de Estados para hablar sobre el tema de tr\u00e1fico de armas, droga, migraci\u00f3n y seguridad.<\/p>\n\n\n\n<p>&#8220;El objetivo que en el momento que ya se instale el gobierno del presidente Trump pues se puede establecer un di\u00e1logo bilateral de alto nivel&#8221;, coment\u00f3.<\/p>\n\n\n\n<p>Sobre el tema migratorio, la mandataria insisti\u00f3&nbsp;en que la defensa de la<strong>&nbsp;poblaci\u00f3n de origen mexicano<\/strong>&nbsp;que vive en Estados Unidos es una de las prioridades de su gobierno, aunque&nbsp;<strong>no dio m\u00e1s detalles sobre la estrategia&nbsp;<\/strong>para acoger a los connacionales que pudieran ser&nbsp;<strong>repatriados<\/strong>.&nbsp;<\/p>\n\n\n\n<p>La preocupaci\u00f3n crece en M\u00e9xico en v\u00edsperas de que Trump vuelva a la&nbsp;<strong>Casa Blanca<\/strong>, el pr\u00f3ximo lunes, como refleja la d<strong>eclaratoria de emergencia que emiti\u00f3 esta semana Tijuana,<\/strong>&nbsp;la mayor ciudad en la frontera con Estados Unidos, por la preocupaci\u00f3n de que el l\u00edder republicano cumpla sus amenazas&nbsp;de una&nbsp;<strong>deportaci\u00f3n masiva.<\/strong><\/p>\n\n\n\n<p>Los mexicanos son cerca de la mitad de los 11 millones de indocumentados en Estados Unidos y sus&nbsp;<strong>remesas<\/strong>&nbsp;representan casi el 4% del producto interior bruto (<strong>PIB<\/strong>) de M\u00e9xico, que en 2024 habr\u00eda recibido un estimado de 65 mil&nbsp;millones de d\u00f3lares.&nbsp;<\/p>\n\n\n\n<h2 class=\"wp-block-heading\">Sheinbaum pide coordinaci\u00f3n a Latinoam\u00e9rica ante el regreso de Trump a la Casa Blanca<\/h2>\n\n\n\n<p>La presidenta&nbsp;Sheinbaum&nbsp;pidi\u00f3&nbsp;coordinaci\u00f3n&nbsp;a los pa\u00edses de&nbsp;<strong>Latinoam\u00e9rica<\/strong>&nbsp;ante los&nbsp;<strong>planes migratorios&nbsp;<\/strong>del pr\u00f3ximo mandatario de Estados Unidos&nbsp;tras una reuni\u00f3n el jueves de ministros y representantes de 10 pa\u00edses de la regi\u00f3n.&nbsp;<\/p>\n\n\n\n<p>&#8220;(Planteamos) estar en comunicaci\u00f3n, en coordinaci\u00f3n, para cualquier&nbsp;<strong>estrategia<\/strong>&nbsp;que se plantee desde el&nbsp;<strong>gobierno del presidente Trump,<\/strong>&nbsp;entre los pa\u00edses&#8221;, declar\u00f3 la mandataria.&nbsp;<\/p>\n\n\n\n<p>Destac\u00f3 que ya comenzaron las &#8220;conversaciones para poder fortalecer la estrategia, por un lado, para&nbsp;<strong>evitar la migraci\u00f3n<\/strong>&nbsp;a trav\u00e9s de la cooperaci\u00f3n para el desarrollo&#8221;.&nbsp;<\/p>\n\n\n\n<p>&#8220;Y nuestra insistencia con el gobierno de Estados Unidos y de colaboraci\u00f3n con todos los<strong>&nbsp;gobiernos de Centroam\u00e9rica y Sudam\u00e9rica<\/strong>&nbsp;para que pueda atenderse en su lugar de origen a las personas y que puedan tener acceso al empleo, a una vida segura, digna y justa en sus lugares de origen para evitar la migraci\u00f3n&#8221;, agreg\u00f3.<\/p>\n\n\n\n<p>Con informaci\u00f3n de EFE<\/p>\n","protected":false},"excerpt":{"rendered":"<p>Por Redacci\u00f3n QP La presidenta asegur\u00f3 que tras la toma de protesta del presidente de&#8230;<\/p>\n","protected":false},"author":2,"featured_media":114290,"comment_status":"open","ping_status":"open","sticky":false,"template":"","format":"standard","meta":{"_monsterinsights_skip_tracking":false,"_monsterinsights_sitenote_active":false,"_monsterinsights_sitenote_note":"","_monsterinsights_sitenote_category":0,"footnotes":""},"categories":[280,2],"tags":[],"class_list":["post-114289","post","type-post","status-publish","format-standard","has-post-thumbnail","hentry","category-nacionales","category-noticias"],"yoast_head":"<!-- This site is optimized with the Yoast SEO plugin v27.3 - https:\/\/yoast.com\/product\/yoast-seo-wordpress\/ -->\n<title>Sheinbaum promete empleos y apoyo con programas sociales a mexicanos deportados por Trump -<\/title>\n<meta name=\"robots\" content=\"index, follow, max-snippet:-1, max-image-preview:large, max-video-preview:-1\" \/>\n<link rel=\"canonical\" href=\"https:\/\/quehacerpolitico.mx\/?p=114289\" \/>\n<meta property=\"og:locale\" content=\"es_MX\" \/>\n<meta property=\"og:type\" content=\"article\" \/>\n<meta property=\"og:title\" content=\"Sheinbaum promete empleos y apoyo con programas sociales a mexicanos deportados por Trump -\" \/>\n<meta property=\"og:description\" content=\"Por Redacci\u00f3n QP La presidenta asegur\u00f3 que tras la toma de protesta del presidente de...\" \/>\n<meta property=\"og:url\" content=\"https:\/\/quehacerpolitico.mx\/?p=114289\" \/>\n<meta property=\"article:published_time\" content=\"2025-01-17T18:51:03+00:00\" \/>\n<meta property=\"article:modified_time\" content=\"2025-01-17T18:51:08+00:00\" \/>\n<meta property=\"og:image\" content=\"https:\/\/quehacerpolitico.mx\/wp-content\/uploads\/2025\/01\/IMG_0168.jpeg\" \/>\n\t<meta property=\"og:image:width\" content=\"1284\" \/>\n\t<meta property=\"og:image:height\" content=\"708\" \/>\n\t<meta property=\"og:image:type\" content=\"image\/jpeg\" \/>\n<meta name=\"author\" content=\"Redacci\u00f3n QP\" \/>\n<meta name=\"twitter:card\" content=\"summary_large_image\" \/>\n<meta name=\"twitter:label1\" content=\"Escrito por\" \/>\n\t<meta name=\"twitter:data1\" content=\"Redacci\u00f3n QP\" \/>\n\t<meta name=\"twitter:label2\" content=\"Tiempo de lectura\" \/>\n\t<meta name=\"twitter:data2\" content=\"4 minutos\" \/>\n<script type=\"application\/ld+json\" class=\"yoast-schema-graph\">{\"@context\":\"https:\\\/\\\/schema.org\",\"@graph\":[{\"@type\":\"Article\",\"@id\":\"https:\\\/\\\/quehacerpolitico.mx\\\/?p=114289#article\",\"isPartOf\":{\"@id\":\"https:\\\/\\\/quehacerpolitico.mx\\\/?p=114289\"},\"author\":{\"name\":\"Redacci\u00f3n QP\",\"@id\":\"https:\\\/\\\/quehacerpolitico.mx\\\/#\\\/schema\\\/person\\\/496d8ad2d1d3f8036101dca7ee39e585\"},\"headline\":\"Sheinbaum promete empleos y apoyo con programas sociales a mexicanos deportados por Trump\",\"datePublished\":\"2025-01-17T18:51:03+00:00\",\"dateModified\":\"2025-01-17T18:51:08+00:00\",\"mainEntityOfPage\":{\"@id\":\"https:\\\/\\\/quehacerpolitico.mx\\\/?p=114289\"},\"wordCount\":718,\"commentCount\":0,\"image\":{\"@id\":\"https:\\\/\\\/quehacerpolitico.mx\\\/?p=114289#primaryimage\"},\"thumbnailUrl\":\"https:\\\/\\\/quehacerpolitico.mx\\\/wp-content\\\/uploads\\\/2025\\\/01\\\/IMG_0168.jpeg\",\"articleSection\":[\"Nacionales\",\"Noticias\"],\"inLanguage\":\"es\",\"potentialAction\":[{\"@type\":\"CommentAction\",\"name\":\"Comment\",\"target\":[\"https:\\\/\\\/quehacerpolitico.mx\\\/?p=114289#respond\"]}]},{\"@type\":\"WebPage\",\"@id\":\"https:\\\/\\\/quehacerpolitico.mx\\\/?p=114289\",\"url\":\"https:\\\/\\\/quehacerpolitico.mx\\\/?p=114289\",\"name\":\"Sheinbaum promete empleos y apoyo con programas sociales a mexicanos deportados por Trump -\",\"isPartOf\":{\"@id\":\"https:\\\/\\\/quehacerpolitico.mx\\\/#website\"},\"primaryImageOfPage\":{\"@id\":\"https:\\\/\\\/quehacerpolitico.mx\\\/?p=114289#primaryimage\"},\"image\":{\"@id\":\"https:\\\/\\\/quehacerpolitico.mx\\\/?p=114289#primaryimage\"},\"thumbnailUrl\":\"https:\\\/\\\/quehacerpolitico.mx\\\/wp-content\\\/uploads\\\/2025\\\/01\\\/IMG_0168.jpeg\",\"datePublished\":\"2025-01-17T18:51:03+00:00\",\"dateModified\":\"2025-01-17T18:51:08+00:00\",\"author\":{\"@id\":\"https:\\\/\\\/quehacerpolitico.mx\\\/#\\\/schema\\\/person\\\/496d8ad2d1d3f8036101dca7ee39e585\"},\"breadcrumb\":{\"@id\":\"https:\\\/\\\/quehacerpolitico.mx\\\/?p=114289#breadcrumb\"},\"inLanguage\":\"es\",\"potentialAction\":[{\"@type\":\"ReadAction\",\"target\":[\"https:\\\/\\\/quehacerpolitico.mx\\\/?p=114289\"]}]},{\"@type\":\"ImageObject\",\"inLanguage\":\"es\",\"@id\":\"https:\\\/\\\/quehacerpolitico.mx\\\/?p=114289#primaryimage\",\"url\":\"https:\\\/\\\/quehacerpolitico.mx\\\/wp-content\\\/uploads\\\/2025\\\/01\\\/IMG_0168.jpeg\",\"contentUrl\":\"https:\\\/\\\/quehacerpolitico.mx\\\/wp-content\\\/uploads\\\/2025\\\/01\\\/IMG_0168.jpeg\",\"width\":1284,\"height\":708,\"caption\":\"Screenshot\"},{\"@type\":\"BreadcrumbList\",\"@id\":\"https:\\\/\\\/quehacerpolitico.mx\\\/?p=114289#breadcrumb\",\"itemListElement\":[{\"@type\":\"ListItem\",\"position\":1,\"name\":\"Inicio\",\"item\":\"https:\\\/\\\/quehacerpolitico.mx\\\/\"},{\"@type\":\"ListItem\",\"position\":2,\"name\":\"Sheinbaum promete empleos y apoyo con programas sociales a mexicanos deportados por Trump\"}]},{\"@type\":\"WebSite\",\"@id\":\"https:\\\/\\\/quehacerpolitico.mx\\\/#website\",\"url\":\"https:\\\/\\\/quehacerpolitico.mx\\\/\",\"name\":\"\",\"description\":\"\",\"potentialAction\":[{\"@type\":\"SearchAction\",\"target\":{\"@type\":\"EntryPoint\",\"urlTemplate\":\"https:\\\/\\\/quehacerpolitico.mx\\\/?s={search_term_string}\"},\"query-input\":{\"@type\":\"PropertyValueSpecification\",\"valueRequired\":true,\"valueName\":\"search_term_string\"}}],\"inLanguage\":\"es\"},{\"@type\":\"Person\",\"@id\":\"https:\\\/\\\/quehacerpolitico.mx\\\/#\\\/schema\\\/person\\\/496d8ad2d1d3f8036101dca7ee39e585\",\"name\":\"Redacci\u00f3n QP\",\"image\":{\"@type\":\"ImageObject\",\"inLanguage\":\"es\",\"@id\":\"https:\\\/\\\/secure.gravatar.com\\\/avatar\\\/c7164ed6fdec453195284ad24a5ae5b6e1eed2b848477fa2a4787ba9adf39a41?s=96&d=mm&r=g\",\"url\":\"https:\\\/\\\/secure.gravatar.com\\\/avatar\\\/c7164ed6fdec453195284ad24a5ae5b6e1eed2b848477fa2a4787ba9adf39a41?s=96&d=mm&r=g\",\"contentUrl\":\"https:\\\/\\\/secure.gravatar.com\\\/avatar\\\/c7164ed6fdec453195284ad24a5ae5b6e1eed2b848477fa2a4787ba9adf39a41?s=96&d=mm&r=g\",\"caption\":\"Redacci\u00f3n QP\"},\"url\":\"https:\\\/\\\/quehacerpolitico.mx\\\/?author=2\"}]}<\/script>\n<!-- \/ Yoast SEO plugin. -->","yoast_head_json":{"title":"Sheinbaum promete empleos y apoyo con programas sociales a mexicanos deportados por Trump -","robots":{"index":"index","follow":"follow","max-snippet":"max-snippet:-1","max-image-preview":"max-image-preview:large","max-video-preview":"max-video-preview:-1"},"canonical":"https:\/\/quehacerpolitico.mx\/?p=114289","og_locale":"es_MX","og_type":"article","og_title":"Sheinbaum promete empleos y apoyo con programas sociales a mexicanos deportados por Trump -","og_description":"Por Redacci\u00f3n QP La presidenta asegur\u00f3 que tras la toma de protesta del presidente de...","og_url":"https:\/\/quehacerpolitico.mx\/?p=114289","article_published_time":"2025-01-17T18:51:03+00:00","article_modified_time":"2025-01-17T18:51:08+00:00","og_image":[{"width":1284,"height":708,"url":"https:\/\/quehacerpolitico.mx\/wp-content\/uploads\/2025\/01\/IMG_0168.jpeg","type":"image\/jpeg"}],"author":"Redacci\u00f3n QP","twitter_card":"summary_large_image","twitter_misc":{"Escrito por":"Redacci\u00f3n QP","Tiempo de lectura":"4 minutos"},"schema":{"@context":"https:\/\/schema.org","@graph":[{"@type":"Article","@id":"https:\/\/quehacerpolitico.mx\/?p=114289#article","isPartOf":{"@id":"https:\/\/quehacerpolitico.mx\/?p=114289"},"author":{"name":"Redacci\u00f3n QP","@id":"https:\/\/quehacerpolitico.mx\/#\/schema\/person\/496d8ad2d1d3f8036101dca7ee39e585"},"headline":"Sheinbaum promete empleos y apoyo con programas sociales a mexicanos deportados por Trump","datePublished":"2025-01-17T18:51:03+00:00","dateModified":"2025-01-17T18:51:08+00:00","mainEntityOfPage":{"@id":"https:\/\/quehacerpolitico.mx\/?p=114289"},"wordCount":718,"commentCount":0,"image":{"@id":"https:\/\/quehacerpolitico.mx\/?p=114289#primaryimage"},"thumbnailUrl":"https:\/\/quehacerpolitico.mx\/wp-content\/uploads\/2025\/01\/IMG_0168.jpeg","articleSection":["Nacionales","Noticias"],"inLanguage":"es","potentialAction":[{"@type":"CommentAction","name":"Comment","target":["https:\/\/quehacerpolitico.mx\/?p=114289#respond"]}]},{"@type":"WebPage","@id":"https:\/\/quehacerpolitico.mx\/?p=114289","url":"https:\/\/quehacerpolitico.mx\/?p=114289","name":"Sheinbaum promete empleos y apoyo con programas sociales a mexicanos deportados por Trump -","isPartOf":{"@id":"https:\/\/quehacerpolitico.mx\/#website"},"primaryImageOfPage":{"@id":"https:\/\/quehacerpolitico.mx\/?p=114289#primaryimage"},"image":{"@id":"https:\/\/quehacerpolitico.mx\/?p=114289#primaryimage"},"thumbnailUrl":"https:\/\/quehacerpolitico.mx\/wp-content\/uploads\/2025\/01\/IMG_0168.jpeg","datePublished":"2025-01-17T18:51:03+00:00","dateModified":"2025-01-17T18:51:08+00:00","author":{"@id":"https:\/\/quehacerpolitico.mx\/#\/schema\/person\/496d8ad2d1d3f8036101dca7ee39e585"},"breadcrumb":{"@id":"https:\/\/quehacerpolitico.mx\/?p=114289#breadcrumb"},"inLanguage":"es","potentialAction":[{"@type":"ReadAction","target":["https:\/\/quehacerpolitico.mx\/?p=114289"]}]},{"@type":"ImageObject","inLanguage":"es","@id":"https:\/\/quehacerpolitico.mx\/?p=114289#primaryimage","url":"https:\/\/quehacerpolitico.mx\/wp-content\/uploads\/2025\/01\/IMG_0168.jpeg","contentUrl":"https:\/\/quehacerpolitico.mx\/wp-content\/uploads\/2025\/01\/IMG_0168.jpeg","width":1284,"height":708,"caption":"Screenshot"},{"@type":"BreadcrumbList","@id":"https:\/\/quehacerpolitico.mx\/?p=114289#breadcrumb","itemListElement":[{"@type":"ListItem","position":1,"name":"Inicio","item":"https:\/\/quehacerpolitico.mx\/"},{"@type":"ListItem","position":2,"name":"Sheinbaum promete empleos y apoyo con programas sociales a mexicanos deportados por Trump"}]},{"@type":"WebSite","@id":"https:\/\/quehacerpolitico.mx\/#website","url":"https:\/\/quehacerpolitico.mx\/","name":"","description":"","potentialAction":[{"@type":"SearchAction","target":{"@type":"EntryPoint","urlTemplate":"https:\/\/quehacerpolitico.mx\/?s={search_term_string}"},"query-input":{"@type":"PropertyValueSpecification","valueRequired":true,"valueName":"search_term_string"}}],"inLanguage":"es"},{"@type":"Person","@id":"https:\/\/quehacerpolitico.mx\/#\/schema\/person\/496d8ad2d1d3f8036101dca7ee39e585","name":"Redacci\u00f3n QP","image":{"@type":"ImageObject","inLanguage":"es","@id":"https:\/\/secure.gravatar.com\/avatar\/c7164ed6fdec453195284ad24a5ae5b6e1eed2b848477fa2a4787ba9adf39a41?s=96&d=mm&r=g","url":"https:\/\/secure.gravatar.com\/avatar\/c7164ed6fdec453195284ad24a5ae5b6e1eed2b848477fa2a4787ba9adf39a41?s=96&d=mm&r=g","contentUrl":"https:\/\/secure.gravatar.com\/avatar\/c7164ed6fdec453195284ad24a5ae5b6e1eed2b848477fa2a4787ba9adf39a41?s=96&d=mm&r=g","caption":"Redacci\u00f3n QP"},"url":"https:\/\/quehacerpolitico.mx\/?author=2"}]}},"featured_image_urls":{"full":["https:\/\/quehacerpolitico.mx\/wp-content\/uploads\/2025\/01\/IMG_0168.jpeg",1284,708,false],"thumbnail":["https:\/\/quehacerpolitico.mx\/wp-content\/uploads\/2025\/01\/IMG_0168-150x150.jpeg",150,150,true],"medium":["https:\/\/quehacerpolitico.mx\/wp-content\/uploads\/2025\/01\/IMG_0168-300x165.jpeg",300,165,true],"medium_large":["https:\/\/quehacerpolitico.mx\/wp-content\/uploads\/2025\/01\/IMG_0168-768x423.jpeg",640,353,true],"large":["https:\/\/quehacerpolitico.mx\/wp-content\/uploads\/2025\/01\/IMG_0168-1024x565.jpeg",640,353,true],"1536x1536":["https:\/\/quehacerpolitico.mx\/wp-content\/uploads\/2025\/01\/IMG_0168.jpeg",1284,708,false],"2048x2048":["https:\/\/quehacerpolitico.mx\/wp-content\/uploads\/2025\/01\/IMG_0168.jpeg",1284,708,false],"covernews-featured":["https:\/\/quehacerpolitico.mx\/wp-content\/uploads\/2025\/01\/IMG_0168-1024x565.jpeg",1024,565,true],"covernews-medium":["https:\/\/quehacerpolitico.mx\/wp-content\/uploads\/2025\/01\/IMG_0168-540x340.jpeg",540,340,true]},"author_info":{"display_name":"Redacci\u00f3n QP","author_link":"https:\/\/quehacerpolitico.mx\/?author=2"},"category_info":"<a href=\"https:\/\/quehacerpolitico.mx\/?cat=280\" rel=\"category\">Nacionales<\/a> <a href=\"https:\/\/quehacerpolitico.mx\/?cat=2\" rel=\"category\">Noticias<\/a>","tag_info":"Noticias","comment_count":"0","_links":{"self":[{"href":"https:\/\/quehacerpolitico.mx\/index.php?rest_route=\/wp\/v2\/posts\/114289","targetHints":{"allow":["GET"]}}],"collection":[{"href":"https:\/\/quehacerpolitico.mx\/index.php?rest_route=\/wp\/v2\/posts"}],"about":[{"href":"https:\/\/quehacerpolitico.mx\/index.php?rest_route=\/wp\/v2\/types\/post"}],"author":[{"embeddable":true,"href":"https:\/\/quehacerpolitico.mx\/index.php?rest_route=\/wp\/v2\/users\/2"}],"replies":[{"embeddable":true,"href":"https:\/\/quehacerpolitico.mx\/index.php?rest_route=%2Fwp%2Fv2%2Fcomments&post=114289"}],"version-history":[{"count":1,"href":"https:\/\/quehacerpolitico.mx\/index.php?rest_route=\/wp\/v2\/posts\/114289\/revisions"}],"predecessor-version":[{"id":114291,"href":"https:\/\/quehacerpolitico.mx\/index.php?rest_route=\/wp\/v2\/posts\/114289\/revisions\/114291"}],"wp:featuredmedia":[{"embeddable":true,"href":"https:\/\/quehacerpolitico.mx\/index.php?rest_route=\/wp\/v2\/media\/114290"}],"wp:attachment":[{"href":"https:\/\/quehacerpolitico.mx\/index.php?rest_route=%2Fwp%2Fv2%2Fmedia&parent=114289"}],"wp:term":[{"taxonomy":"category","embeddable":true,"href":"https:\/\/quehacerpolitico.mx\/index.php?rest_route=%2Fwp%2Fv2%2Fcategories&post=114289"},{"taxonomy":"post_tag","embeddable":true,"href":"https:\/\/quehacerpolitico.mx\/index.php?rest_route=%2Fwp%2Fv2%2Ftags&post=114289"}],"curies":[{"name":"wp","href":"https:\/\/api.w.org\/{rel}","templated":true}]}}