{"id":114268,"date":"2025-01-14T11:54:54","date_gmt":"2025-01-14T17:54:54","guid":{"rendered":"https:\/\/quehacerpolitico.mx\/?p=114268"},"modified":"2025-01-14T11:54:57","modified_gmt":"2025-01-14T17:54:57","slug":"amazon-invertira-5-mil-millones-de-dolares-en-una-region-digital-en-queretaro-que-generara-7-mil-empleos","status":"publish","type":"post","link":"https:\/\/quehacerpolitico.mx\/?p=114268","title":{"rendered":"Amazon invertir\u00e1 5 mil millones de d\u00f3lares en una regi\u00f3n digital en Quer\u00e9taro que generar\u00e1 7 mil empleos"},"content":{"rendered":"\n<p>Por Redacci\u00f3n QP<\/p>\n\n\n\n<p>El secretario de Econom\u00eda, Marcelo Ebrard, inform\u00f3 que al proyecto se sumar\u00e1n 400 mil personas capacitadas para manejar la infraestructura de la sede digital<\/p>\n\n\n\n<p><strong>Amazon Web Services<\/strong>&nbsp;(AWS), brazo de servicios de la nube de Amazon, comenz\u00f3 este martes la operaci\u00f3n de una regi\u00f3n de datos en M\u00e9xico que servir\u00e1 para toda Am\u00e9rica con una inversi\u00f3n de 5 mil&nbsp;millones de d\u00f3lares que a\u00f1adir\u00e1 10 mil&nbsp;millones de d\u00f3lares al producto interno bruto (<strong>PIB<\/strong>).<\/p>\n\n\n\n<p>\u201cHoy estamos ac\u00e1 junto con ustedes de la mano, se\u00f1ora presidenta (Claudia Sheinbaum), para lanzar las operaciones de nuestros centros de datos en M\u00e9xico, es decir, para inaugurar la infraestructura de servicios de c\u00f3mputo en la nube de Amazon Web Services para que se ofrezcan desde ac\u00e1, s\u00ed, desde M\u00e9xico&#8221;, declar\u00f3 la directora para<strong>&nbsp;Am\u00e9rica Latina de AWS<\/strong>, Paula Bellizia.<\/p>\n\n\n\n<p>En la conferencia matutina, la directiva record\u00f3 que la regi\u00f3n de datos, que agrupa a varios centros entre s\u00ed, operar\u00e1 desde Quer\u00e9taro, estado del centro del pa\u00eds, donde se &#8220;sumar\u00e1n 400 mil&nbsp;personas en M\u00e9xico capacitadas, entrenadas, para manejar&#8221; la infraestructura, seg\u00fan el secretario de Econom\u00eda,&nbsp;<strong>Marcelo Ebrard.<\/strong><\/p>\n\n\n\n<figure class=\"wp-block-embed is-type-rich is-provider-twitter wp-block-embed-twitter\"><div class=\"wp-block-embed__wrapper\">\n<blockquote class=\"twitter-tweet\" data-width=\"550\" data-dnt=\"true\"><p lang=\"es\" dir=\"ltr\">Marcelo Ebrard, secretario de Econom\u00eda, anunci\u00f3 una inversi\u00f3n por parte de Amazon por 5 mmdd en Quer\u00e9taro para crear una regi\u00f3n digital, que contribuir\u00e1 al PIB nacional por 10 mmdd en los pr\u00f3ximos 15 a\u00f1os, y se generar\u00e1n m\u00e1s de siete mil empleos por a\u00f1o <a href=\"https:\/\/t.co\/lRgijUE4ir\">pic.twitter.com\/lRgijUE4ir<\/a><\/p>&mdash; Azucena Uresti (@azucenau) <a href=\"https:\/\/twitter.com\/azucenau\/status\/1879168549316591650?ref_src=twsrc%5Etfw\">January 14, 2025<\/a><\/blockquote><script async src=\"https:\/\/platform.twitter.com\/widgets.js\" charset=\"utf-8\"><\/script>\n<\/div><\/figure>\n\n\n\n<p>El funcionario estim\u00f3 una contribuci\u00f3n de<strong>&nbsp;10 mil&nbsp;millones de d\u00f3lares en el PIB de M\u00e9xico&nbsp;<\/strong>&#8220;en los pr\u00f3ximos 15 a\u00f1os a partir de este a\u00f1o, se generar\u00e1n en promedio m\u00e1s de 7 mil&nbsp;empleos por a\u00f1o y va a significar capacitar, entrenar y dar oportunidad al talento mexicano en todo el sistema de&nbsp;<strong>Amazon<\/strong>&nbsp;a nivel mundial&#8221;.<\/p>\n\n\n\n<p><strong>Bellizia<\/strong>, quien destac\u00f3 el potencial de M\u00e9xico de ser una potencia, explic\u00f3 que\u00a0<strong>AWS<\/strong>\u00a0eligi\u00f3\u00a0<strong>Quer\u00e9taro<\/strong>\u00a0por un criterio t\u00e9cnico, estar en el centro de M\u00e9xico, tener &#8220;todos los recursos de log\u00edstica&#8221;, acceso a aeropuertos, infraestructura y disponibilidad de talento.<\/p>\n\n\n\n<p>\u201cEn este momento estamos encendiendo nuestros centros de datos, que representan una inversi\u00f3n de 5 mil\u00a0millones de d\u00f3lares, se\u00f1ora presidenta, llegamos a M\u00e9xico para quedarnos, porque esta\u00a0<strong>inversi\u00f3n<\/strong>\u00a0es mucho m\u00e1s que la\u00a0<strong>construcci\u00f3n de centros de datos,<\/strong>\u00a0se trata de una apuesta decisiva y sostenida&#8221;, manifest\u00f3.<\/p>\n\n\n\n<figure class=\"wp-block-embed is-type-rich is-provider-twitter wp-block-embed-twitter\"><div class=\"wp-block-embed__wrapper\">\n<blockquote class=\"twitter-tweet\" data-width=\"550\" data-dnt=\"true\"><p lang=\"es\" dir=\"ltr\">&quot;Llegamos a M\u00e9xico para quedarnos&quot;<br><br>Paula Bellizia, CEO de Amazon, arranca el centro de datos en Quer\u00e9taro, con una inversi\u00f3n de 5 mil mdd \ud83d\udcb5 <a href=\"https:\/\/t.co\/mn65g4hy0t\">pic.twitter.com\/mn65g4hy0t<\/a><\/p>&mdash; Manuel Lopez San Martin (@MLopezSanMartin) <a href=\"https:\/\/twitter.com\/MLopezSanMartin\/status\/1879175091445285202?ref_src=twsrc%5Etfw\">January 14, 2025<\/a><\/blockquote><script async src=\"https:\/\/platform.twitter.com\/widgets.js\" charset=\"utf-8\"><\/script>\n<\/div><\/figure>\n\n\n\n<h2 class=\"wp-block-heading\">Inteligencia artificial&nbsp;y contribuci\u00f3n a M\u00e9xico<\/h2>\n\n\n\n<p>La<strong>&nbsp;directiva de AWS&nbsp;<\/strong>se\u00f1al\u00f3 que &#8220;una manera de acelerar el impacto en la econom\u00eda mexicana es la adopci\u00f3n de la inteligencia artificial (IA).<\/p>\n\n\n\n<p>Tambi\u00e9n report\u00f3 la capacitaci\u00f3n de&nbsp;<strong>AWS<\/strong>&nbsp;de 500 mil&nbsp;mexicanos en&nbsp;<strong>tecnolog\u00eda<\/strong>&nbsp;desde 2017 y un estimado de 200.000 mexicanos m\u00e1s en el pr\u00f3ximo a\u00f1o.&nbsp;<\/p>\n\n\n\n<p>En este contexto, cit\u00f3 un estudio reciente &#8220;que apunta que la adopci\u00f3n de la<strong>inteligencia artificial&nbsp;<\/strong>habilitada por la nube contribuir\u00e1 con m\u00e1s de<strong>&nbsp;19 mil millones de d\u00f3lares a la econom\u00eda&nbsp;<\/strong>del pa\u00eds hasta 2030, y se estima que las ganancias de productividad por la<strong>&nbsp;IA<\/strong>&nbsp;generar\u00e1n 900 d\u00f3lares por trabajador hasta 2030\u201d.<\/p>\n\n\n\n<p>La empresaria confi\u00f3 en que la &#8220;infraestructura de c\u00f3mputo en la nube contribuir\u00e1 a que&nbsp;<strong>M\u00e9xico<\/strong>&nbsp;se posicione como un&nbsp;<strong>nodo digital<\/strong>&nbsp;en las Am\u00e9ricas y un l\u00edder en Am\u00e9rica Latina, sentar\u00e1 las bases para modernizar y digitalizar los gobiernos, a las micro, peque\u00f1as y medianas empresas, y tambi\u00e9n a las grandes empresas\u201d.&nbsp;<\/p>\n\n\n\n<p>La inversi\u00f3n se anuncia un d\u00eda despu\u00e9s de presentarse el &#8220;<strong>Plan M\u00e9xico<\/strong>&#8220;, con el que&nbsp;<strong>Sheinbaum<\/strong>&nbsp;espera posicionar a la econom\u00eda mexicana en el top 10 mundial y concretar al menos 277 mil&nbsp;millones de d\u00f3lares en inversiones a pesar de las medidas proteccionistas del pr\u00f3ximo presidente de Estados Unidos,<strong>&nbsp;Donald Trump.<\/strong><\/p>\n\n\n\n<p>\u201cEstamos muy orgullosos del momento que estamos viviendo y la inversi\u00f3n que presentan el d\u00eda de hoy muestra justamente eso, que M\u00e9xico no solo tiene un gran presente, sino un gran futuro&#8221;, sentenci\u00f3 ahora la&nbsp;<strong>presidenta<\/strong>.<\/p>\n\n\n\n<p>Con informaci\u00f3n de EFE<\/p>\n","protected":false},"excerpt":{"rendered":"<p>Por Redacci\u00f3n QP El secretario de Econom\u00eda, Marcelo Ebrard, inform\u00f3 que al proyecto se sumar\u00e1n&#8230;<\/p>\n","protected":false},"author":2,"featured_media":114269,"comment_status":"open","ping_status":"open","sticky":false,"template":"","format":"standard","meta":{"_monsterinsights_skip_tracking":false,"_monsterinsights_sitenote_active":false,"_monsterinsights_sitenote_note":"","_monsterinsights_sitenote_category":0,"footnotes":""},"categories":[280,2],"tags":[],"class_list":["post-114268","post","type-post","status-publish","format-standard","has-post-thumbnail","hentry","category-nacionales","category-noticias"],"yoast_head":"<!-- This site is optimized with the Yoast SEO plugin v27.3 - https:\/\/yoast.com\/product\/yoast-seo-wordpress\/ -->\n<title>Amazon invertir\u00e1 5 mil millones de d\u00f3lares en una regi\u00f3n digital en Quer\u00e9taro que generar\u00e1 7 mil empleos -<\/title>\n<meta name=\"robots\" content=\"index, follow, max-snippet:-1, max-image-preview:large, max-video-preview:-1\" \/>\n<link rel=\"canonical\" href=\"https:\/\/quehacerpolitico.mx\/?p=114268\" \/>\n<meta property=\"og:locale\" content=\"es_MX\" \/>\n<meta property=\"og:type\" content=\"article\" \/>\n<meta property=\"og:title\" content=\"Amazon invertir\u00e1 5 mil millones de d\u00f3lares en una regi\u00f3n digital en Quer\u00e9taro que generar\u00e1 7 mil empleos -\" \/>\n<meta property=\"og:description\" content=\"Por Redacci\u00f3n QP El secretario de Econom\u00eda, Marcelo Ebrard, inform\u00f3 que al proyecto se sumar\u00e1n...\" \/>\n<meta property=\"og:url\" content=\"https:\/\/quehacerpolitico.mx\/?p=114268\" \/>\n<meta property=\"article:published_time\" content=\"2025-01-14T17:54:54+00:00\" \/>\n<meta property=\"article:modified_time\" content=\"2025-01-14T17:54:57+00:00\" \/>\n<meta property=\"og:image\" content=\"https:\/\/quehacerpolitico.mx\/wp-content\/uploads\/2025\/01\/IMG_0126.jpeg\" \/>\n\t<meta property=\"og:image:width\" content=\"1284\" \/>\n\t<meta property=\"og:image:height\" content=\"709\" \/>\n\t<meta property=\"og:image:type\" content=\"image\/jpeg\" \/>\n<meta name=\"author\" content=\"Redacci\u00f3n QP\" \/>\n<meta name=\"twitter:card\" content=\"summary_large_image\" \/>\n<meta name=\"twitter:label1\" content=\"Escrito por\" \/>\n\t<meta name=\"twitter:data1\" content=\"Redacci\u00f3n QP\" \/>\n\t<meta name=\"twitter:label2\" content=\"Tiempo de lectura\" \/>\n\t<meta name=\"twitter:data2\" content=\"4 minutos\" \/>\n<script type=\"application\/ld+json\" class=\"yoast-schema-graph\">{\"@context\":\"https:\\\/\\\/schema.org\",\"@graph\":[{\"@type\":\"Article\",\"@id\":\"https:\\\/\\\/quehacerpolitico.mx\\\/?p=114268#article\",\"isPartOf\":{\"@id\":\"https:\\\/\\\/quehacerpolitico.mx\\\/?p=114268\"},\"author\":{\"name\":\"Redacci\u00f3n QP\",\"@id\":\"https:\\\/\\\/quehacerpolitico.mx\\\/#\\\/schema\\\/person\\\/496d8ad2d1d3f8036101dca7ee39e585\"},\"headline\":\"Amazon invertir\u00e1 5 mil millones de d\u00f3lares en una regi\u00f3n digital en Quer\u00e9taro que generar\u00e1 7 mil empleos\",\"datePublished\":\"2025-01-14T17:54:54+00:00\",\"dateModified\":\"2025-01-14T17:54:57+00:00\",\"mainEntityOfPage\":{\"@id\":\"https:\\\/\\\/quehacerpolitico.mx\\\/?p=114268\"},\"wordCount\":724,\"commentCount\":0,\"image\":{\"@id\":\"https:\\\/\\\/quehacerpolitico.mx\\\/?p=114268#primaryimage\"},\"thumbnailUrl\":\"https:\\\/\\\/quehacerpolitico.mx\\\/wp-content\\\/uploads\\\/2025\\\/01\\\/IMG_0126.jpeg\",\"articleSection\":[\"Nacionales\",\"Noticias\"],\"inLanguage\":\"es\",\"potentialAction\":[{\"@type\":\"CommentAction\",\"name\":\"Comment\",\"target\":[\"https:\\\/\\\/quehacerpolitico.mx\\\/?p=114268#respond\"]}]},{\"@type\":\"WebPage\",\"@id\":\"https:\\\/\\\/quehacerpolitico.mx\\\/?p=114268\",\"url\":\"https:\\\/\\\/quehacerpolitico.mx\\\/?p=114268\",\"name\":\"Amazon invertir\u00e1 5 mil millones de d\u00f3lares en una regi\u00f3n digital en Quer\u00e9taro que generar\u00e1 7 mil empleos -\",\"isPartOf\":{\"@id\":\"https:\\\/\\\/quehacerpolitico.mx\\\/#website\"},\"primaryImageOfPage\":{\"@id\":\"https:\\\/\\\/quehacerpolitico.mx\\\/?p=114268#primaryimage\"},\"image\":{\"@id\":\"https:\\\/\\\/quehacerpolitico.mx\\\/?p=114268#primaryimage\"},\"thumbnailUrl\":\"https:\\\/\\\/quehacerpolitico.mx\\\/wp-content\\\/uploads\\\/2025\\\/01\\\/IMG_0126.jpeg\",\"datePublished\":\"2025-01-14T17:54:54+00:00\",\"dateModified\":\"2025-01-14T17:54:57+00:00\",\"author\":{\"@id\":\"https:\\\/\\\/quehacerpolitico.mx\\\/#\\\/schema\\\/person\\\/496d8ad2d1d3f8036101dca7ee39e585\"},\"breadcrumb\":{\"@id\":\"https:\\\/\\\/quehacerpolitico.mx\\\/?p=114268#breadcrumb\"},\"inLanguage\":\"es\",\"potentialAction\":[{\"@type\":\"ReadAction\",\"target\":[\"https:\\\/\\\/quehacerpolitico.mx\\\/?p=114268\"]}]},{\"@type\":\"ImageObject\",\"inLanguage\":\"es\",\"@id\":\"https:\\\/\\\/quehacerpolitico.mx\\\/?p=114268#primaryimage\",\"url\":\"https:\\\/\\\/quehacerpolitico.mx\\\/wp-content\\\/uploads\\\/2025\\\/01\\\/IMG_0126.jpeg\",\"contentUrl\":\"https:\\\/\\\/quehacerpolitico.mx\\\/wp-content\\\/uploads\\\/2025\\\/01\\\/IMG_0126.jpeg\",\"width\":1284,\"height\":709,\"caption\":\"Screenshot\"},{\"@type\":\"BreadcrumbList\",\"@id\":\"https:\\\/\\\/quehacerpolitico.mx\\\/?p=114268#breadcrumb\",\"itemListElement\":[{\"@type\":\"ListItem\",\"position\":1,\"name\":\"Inicio\",\"item\":\"https:\\\/\\\/quehacerpolitico.mx\\\/\"},{\"@type\":\"ListItem\",\"position\":2,\"name\":\"Amazon invertir\u00e1 5 mil millones de d\u00f3lares en una regi\u00f3n digital en Quer\u00e9taro que generar\u00e1 7 mil empleos\"}]},{\"@type\":\"WebSite\",\"@id\":\"https:\\\/\\\/quehacerpolitico.mx\\\/#website\",\"url\":\"https:\\\/\\\/quehacerpolitico.mx\\\/\",\"name\":\"\",\"description\":\"\",\"potentialAction\":[{\"@type\":\"SearchAction\",\"target\":{\"@type\":\"EntryPoint\",\"urlTemplate\":\"https:\\\/\\\/quehacerpolitico.mx\\\/?s={search_term_string}\"},\"query-input\":{\"@type\":\"PropertyValueSpecification\",\"valueRequired\":true,\"valueName\":\"search_term_string\"}}],\"inLanguage\":\"es\"},{\"@type\":\"Person\",\"@id\":\"https:\\\/\\\/quehacerpolitico.mx\\\/#\\\/schema\\\/person\\\/496d8ad2d1d3f8036101dca7ee39e585\",\"name\":\"Redacci\u00f3n QP\",\"image\":{\"@type\":\"ImageObject\",\"inLanguage\":\"es\",\"@id\":\"https:\\\/\\\/secure.gravatar.com\\\/avatar\\\/c7164ed6fdec453195284ad24a5ae5b6e1eed2b848477fa2a4787ba9adf39a41?s=96&d=mm&r=g\",\"url\":\"https:\\\/\\\/secure.gravatar.com\\\/avatar\\\/c7164ed6fdec453195284ad24a5ae5b6e1eed2b848477fa2a4787ba9adf39a41?s=96&d=mm&r=g\",\"contentUrl\":\"https:\\\/\\\/secure.gravatar.com\\\/avatar\\\/c7164ed6fdec453195284ad24a5ae5b6e1eed2b848477fa2a4787ba9adf39a41?s=96&d=mm&r=g\",\"caption\":\"Redacci\u00f3n QP\"},\"url\":\"https:\\\/\\\/quehacerpolitico.mx\\\/?author=2\"}]}<\/script>\n<!-- \/ Yoast SEO plugin. -->","yoast_head_json":{"title":"Amazon invertir\u00e1 5 mil millones de d\u00f3lares en una regi\u00f3n digital en Quer\u00e9taro que generar\u00e1 7 mil empleos -","robots":{"index":"index","follow":"follow","max-snippet":"max-snippet:-1","max-image-preview":"max-image-preview:large","max-video-preview":"max-video-preview:-1"},"canonical":"https:\/\/quehacerpolitico.mx\/?p=114268","og_locale":"es_MX","og_type":"article","og_title":"Amazon invertir\u00e1 5 mil millones de d\u00f3lares en una regi\u00f3n digital en Quer\u00e9taro que generar\u00e1 7 mil empleos -","og_description":"Por Redacci\u00f3n QP El secretario de Econom\u00eda, Marcelo Ebrard, inform\u00f3 que al proyecto se sumar\u00e1n...","og_url":"https:\/\/quehacerpolitico.mx\/?p=114268","article_published_time":"2025-01-14T17:54:54+00:00","article_modified_time":"2025-01-14T17:54:57+00:00","og_image":[{"width":1284,"height":709,"url":"https:\/\/quehacerpolitico.mx\/wp-content\/uploads\/2025\/01\/IMG_0126.jpeg","type":"image\/jpeg"}],"author":"Redacci\u00f3n QP","twitter_card":"summary_large_image","twitter_misc":{"Escrito por":"Redacci\u00f3n QP","Tiempo de lectura":"4 minutos"},"schema":{"@context":"https:\/\/schema.org","@graph":[{"@type":"Article","@id":"https:\/\/quehacerpolitico.mx\/?p=114268#article","isPartOf":{"@id":"https:\/\/quehacerpolitico.mx\/?p=114268"},"author":{"name":"Redacci\u00f3n QP","@id":"https:\/\/quehacerpolitico.mx\/#\/schema\/person\/496d8ad2d1d3f8036101dca7ee39e585"},"headline":"Amazon invertir\u00e1 5 mil millones de d\u00f3lares en una regi\u00f3n digital en Quer\u00e9taro que generar\u00e1 7 mil empleos","datePublished":"2025-01-14T17:54:54+00:00","dateModified":"2025-01-14T17:54:57+00:00","mainEntityOfPage":{"@id":"https:\/\/quehacerpolitico.mx\/?p=114268"},"wordCount":724,"commentCount":0,"image":{"@id":"https:\/\/quehacerpolitico.mx\/?p=114268#primaryimage"},"thumbnailUrl":"https:\/\/quehacerpolitico.mx\/wp-content\/uploads\/2025\/01\/IMG_0126.jpeg","articleSection":["Nacionales","Noticias"],"inLanguage":"es","potentialAction":[{"@type":"CommentAction","name":"Comment","target":["https:\/\/quehacerpolitico.mx\/?p=114268#respond"]}]},{"@type":"WebPage","@id":"https:\/\/quehacerpolitico.mx\/?p=114268","url":"https:\/\/quehacerpolitico.mx\/?p=114268","name":"Amazon invertir\u00e1 5 mil millones de d\u00f3lares en una regi\u00f3n digital en Quer\u00e9taro que generar\u00e1 7 mil empleos -","isPartOf":{"@id":"https:\/\/quehacerpolitico.mx\/#website"},"primaryImageOfPage":{"@id":"https:\/\/quehacerpolitico.mx\/?p=114268#primaryimage"},"image":{"@id":"https:\/\/quehacerpolitico.mx\/?p=114268#primaryimage"},"thumbnailUrl":"https:\/\/quehacerpolitico.mx\/wp-content\/uploads\/2025\/01\/IMG_0126.jpeg","datePublished":"2025-01-14T17:54:54+00:00","dateModified":"2025-01-14T17:54:57+00:00","author":{"@id":"https:\/\/quehacerpolitico.mx\/#\/schema\/person\/496d8ad2d1d3f8036101dca7ee39e585"},"breadcrumb":{"@id":"https:\/\/quehacerpolitico.mx\/?p=114268#breadcrumb"},"inLanguage":"es","potentialAction":[{"@type":"ReadAction","target":["https:\/\/quehacerpolitico.mx\/?p=114268"]}]},{"@type":"ImageObject","inLanguage":"es","@id":"https:\/\/quehacerpolitico.mx\/?p=114268#primaryimage","url":"https:\/\/quehacerpolitico.mx\/wp-content\/uploads\/2025\/01\/IMG_0126.jpeg","contentUrl":"https:\/\/quehacerpolitico.mx\/wp-content\/uploads\/2025\/01\/IMG_0126.jpeg","width":1284,"height":709,"caption":"Screenshot"},{"@type":"BreadcrumbList","@id":"https:\/\/quehacerpolitico.mx\/?p=114268#breadcrumb","itemListElement":[{"@type":"ListItem","position":1,"name":"Inicio","item":"https:\/\/quehacerpolitico.mx\/"},{"@type":"ListItem","position":2,"name":"Amazon invertir\u00e1 5 mil millones de d\u00f3lares en una regi\u00f3n digital en Quer\u00e9taro que generar\u00e1 7 mil empleos"}]},{"@type":"WebSite","@id":"https:\/\/quehacerpolitico.mx\/#website","url":"https:\/\/quehacerpolitico.mx\/","name":"","description":"","potentialAction":[{"@type":"SearchAction","target":{"@type":"EntryPoint","urlTemplate":"https:\/\/quehacerpolitico.mx\/?s={search_term_string}"},"query-input":{"@type":"PropertyValueSpecification","valueRequired":true,"valueName":"search_term_string"}}],"inLanguage":"es"},{"@type":"Person","@id":"https:\/\/quehacerpolitico.mx\/#\/schema\/person\/496d8ad2d1d3f8036101dca7ee39e585","name":"Redacci\u00f3n QP","image":{"@type":"ImageObject","inLanguage":"es","@id":"https:\/\/secure.gravatar.com\/avatar\/c7164ed6fdec453195284ad24a5ae5b6e1eed2b848477fa2a4787ba9adf39a41?s=96&d=mm&r=g","url":"https:\/\/secure.gravatar.com\/avatar\/c7164ed6fdec453195284ad24a5ae5b6e1eed2b848477fa2a4787ba9adf39a41?s=96&d=mm&r=g","contentUrl":"https:\/\/secure.gravatar.com\/avatar\/c7164ed6fdec453195284ad24a5ae5b6e1eed2b848477fa2a4787ba9adf39a41?s=96&d=mm&r=g","caption":"Redacci\u00f3n QP"},"url":"https:\/\/quehacerpolitico.mx\/?author=2"}]}},"featured_image_urls":{"full":["https:\/\/quehacerpolitico.mx\/wp-content\/uploads\/2025\/01\/IMG_0126.jpeg",1284,709,false],"thumbnail":["https:\/\/quehacerpolitico.mx\/wp-content\/uploads\/2025\/01\/IMG_0126-150x150.jpeg",150,150,true],"medium":["https:\/\/quehacerpolitico.mx\/wp-content\/uploads\/2025\/01\/IMG_0126-300x166.jpeg",300,166,true],"medium_large":["https:\/\/quehacerpolitico.mx\/wp-content\/uploads\/2025\/01\/IMG_0126-768x424.jpeg",640,353,true],"large":["https:\/\/quehacerpolitico.mx\/wp-content\/uploads\/2025\/01\/IMG_0126-1024x565.jpeg",640,353,true],"1536x1536":["https:\/\/quehacerpolitico.mx\/wp-content\/uploads\/2025\/01\/IMG_0126.jpeg",1284,709,false],"2048x2048":["https:\/\/quehacerpolitico.mx\/wp-content\/uploads\/2025\/01\/IMG_0126.jpeg",1284,709,false],"covernews-featured":["https:\/\/quehacerpolitico.mx\/wp-content\/uploads\/2025\/01\/IMG_0126-1024x565.jpeg",1024,565,true],"covernews-medium":["https:\/\/quehacerpolitico.mx\/wp-content\/uploads\/2025\/01\/IMG_0126-540x340.jpeg",540,340,true]},"author_info":{"display_name":"Redacci\u00f3n QP","author_link":"https:\/\/quehacerpolitico.mx\/?author=2"},"category_info":"<a href=\"https:\/\/quehacerpolitico.mx\/?cat=280\" rel=\"category\">Nacionales<\/a> <a href=\"https:\/\/quehacerpolitico.mx\/?cat=2\" rel=\"category\">Noticias<\/a>","tag_info":"Noticias","comment_count":"0","_links":{"self":[{"href":"https:\/\/quehacerpolitico.mx\/index.php?rest_route=\/wp\/v2\/posts\/114268","targetHints":{"allow":["GET"]}}],"collection":[{"href":"https:\/\/quehacerpolitico.mx\/index.php?rest_route=\/wp\/v2\/posts"}],"about":[{"href":"https:\/\/quehacerpolitico.mx\/index.php?rest_route=\/wp\/v2\/types\/post"}],"author":[{"embeddable":true,"href":"https:\/\/quehacerpolitico.mx\/index.php?rest_route=\/wp\/v2\/users\/2"}],"replies":[{"embeddable":true,"href":"https:\/\/quehacerpolitico.mx\/index.php?rest_route=%2Fwp%2Fv2%2Fcomments&post=114268"}],"version-history":[{"count":1,"href":"https:\/\/quehacerpolitico.mx\/index.php?rest_route=\/wp\/v2\/posts\/114268\/revisions"}],"predecessor-version":[{"id":114270,"href":"https:\/\/quehacerpolitico.mx\/index.php?rest_route=\/wp\/v2\/posts\/114268\/revisions\/114270"}],"wp:featuredmedia":[{"embeddable":true,"href":"https:\/\/quehacerpolitico.mx\/index.php?rest_route=\/wp\/v2\/media\/114269"}],"wp:attachment":[{"href":"https:\/\/quehacerpolitico.mx\/index.php?rest_route=%2Fwp%2Fv2%2Fmedia&parent=114268"}],"wp:term":[{"taxonomy":"category","embeddable":true,"href":"https:\/\/quehacerpolitico.mx\/index.php?rest_route=%2Fwp%2Fv2%2Fcategories&post=114268"},{"taxonomy":"post_tag","embeddable":true,"href":"https:\/\/quehacerpolitico.mx\/index.php?rest_route=%2Fwp%2Fv2%2Ftags&post=114268"}],"curies":[{"name":"wp","href":"https:\/\/api.w.org\/{rel}","templated":true}]}}