{"id":114254,"date":"2025-01-11T21:47:25","date_gmt":"2025-01-12T03:47:25","guid":{"rendered":"https:\/\/quehacerpolitico.mx\/?p=114254"},"modified":"2025-01-11T21:47:27","modified_gmt":"2025-01-12T03:47:27","slug":"fichaje-de-lujo-reportan-que-el-futbolista-colombiano-james-rodriguez-es-nuevo-refuerzo-del-leon","status":"publish","type":"post","link":"https:\/\/quehacerpolitico.mx\/?p=114254","title":{"rendered":"\u00a1Fichaje de lujo! Reportan que el futbolista colombiano James Rodr\u00edguez es nuevo refuerzo del Le\u00f3n"},"content":{"rendered":"\n<p>Por Redacci\u00f3n QP<\/p>\n\n\n\n<p>El jugador termin\u00f3 las negociaciones que ten\u00eda con el Junior de Barranquilla para aceptar una propuesta muy superior de La Fiera.<\/p>\n\n\n\n<p><strong>El Le\u00f3n est\u00e1 dispuesto a romper el mercado de fichajes en el Clausura 2025,<\/strong>\u00a0toda vez que ha llegado a un acuerdo para contratar los servicios de\u00a0<strong>James Rodr\u00edguez, capit\u00e1n de la selecci\u00f3n de Colombia<\/strong>\u00a0y que ha militado en clubes como el Real Madrid, Bayern Munich, Porto, M\u00f3naco, Everton y Rayo Vallecano.<\/p>\n\n\n\n<figure class=\"wp-block-embed is-type-video is-provider-youtube wp-block-embed-youtube wp-embed-aspect-16-9 wp-has-aspect-ratio\"><div class=\"wp-block-embed__wrapper\">\n<iframe loading=\"lazy\" title=\"\u00a1Lleg\u00f3 el bombazo del torneo!  James Rodr\u00edguez ya estar\u00eda cerrado con Le\u00f3n\" width=\"640\" height=\"360\" src=\"https:\/\/www.youtube.com\/embed\/5n3kAhZf9eI?feature=oembed\" frameborder=\"0\" allow=\"accelerometer; autoplay; clipboard-write; encrypted-media; gyroscope; picture-in-picture; web-share\" referrerpolicy=\"strict-origin-when-cross-origin\" allowfullscreen><\/iframe>\n<\/div><\/figure>\n\n\n\n<p>Diversos medios colombianos reportaron que&nbsp;<strong>James rompi\u00f3 las negociaciones que sosten\u00eda con el club Junior de Barranquilla<\/strong>para regresar al balompi\u00e9 de su pa\u00eds debido a que tuvo una oferta irrechazable de parte del<strong>&nbsp;Le\u00f3n de la Liga MX.<\/strong>&nbsp;A\u00fan le falta firmar su contrato para que se haga oficial.<\/p>\n\n\n\n<figure class=\"wp-block-image size-large\"><img loading=\"lazy\" decoding=\"async\" width=\"628\" height=\"1024\" src=\"https:\/\/quehacerpolitico.mx\/wp-content\/uploads\/2025\/01\/image-15-628x1024.jpeg\" alt=\"\" class=\"wp-image-114255\" srcset=\"https:\/\/quehacerpolitico.mx\/wp-content\/uploads\/2025\/01\/image-15-628x1024.jpeg 628w, https:\/\/quehacerpolitico.mx\/wp-content\/uploads\/2025\/01\/image-15-184x300.jpeg 184w, https:\/\/quehacerpolitico.mx\/wp-content\/uploads\/2025\/01\/image-15-768x1252.jpeg 768w, https:\/\/quehacerpolitico.mx\/wp-content\/uploads\/2025\/01\/image-15-942x1536.jpeg 942w, https:\/\/quehacerpolitico.mx\/wp-content\/uploads\/2025\/01\/image-15-1256x2048.jpeg 1256w, https:\/\/quehacerpolitico.mx\/wp-content\/uploads\/2025\/01\/image-15-1024x1670.jpeg 1024w, https:\/\/quehacerpolitico.mx\/wp-content\/uploads\/2025\/01\/image-15.jpeg 1284w\" sizes=\"auto, (max-width: 628px) 100vw, 628px\" \/><figcaption class=\"wp-element-caption\">Screenshot<\/figcaption><\/figure>\n\n\n\n<p>\u201cCuando volv\u00ed a la casa, recib\u00ed un comunicado de ellos (el representante de James) diciendo que<strong>&nbsp;tienen una propuesta muy superior,<\/strong>&nbsp;casi el doble a lo que nosotros pod\u00edamos llegar. Creo que esta operaci\u00f3n se cay\u00f3 para nosotros\u201d, afirm\u00f3&nbsp;<strong>Fuad Char, m\u00e1ximo accionista del Junior&nbsp;<\/strong>al diario El Tiempo.<\/p>\n\n\n\n<p>El mismo medio apunta que&nbsp;<strong>la propuesta del conjunto mexicano rondar\u00eda los tres millones de d\u00f3lares anuales<\/strong>&nbsp;por todo el 2025 y que para James Rodr\u00edguez result\u00f3 fundamental que&nbsp;<strong>La Fiera est\u00e9 por disputar la siguiente edici\u00f3n del Mundial de Clubes&nbsp;<\/strong>que se llevar\u00e1 a cabo en Estados Unidos a mediados de a\u00f1o.<\/p>\n\n\n\n<figure class=\"wp-block-image size-large\"><img loading=\"lazy\" decoding=\"async\" width=\"655\" height=\"1024\" src=\"https:\/\/quehacerpolitico.mx\/wp-content\/uploads\/2025\/01\/image-16-655x1024.jpeg\" alt=\"\" class=\"wp-image-114256\" srcset=\"https:\/\/quehacerpolitico.mx\/wp-content\/uploads\/2025\/01\/image-16-655x1024.jpeg 655w, https:\/\/quehacerpolitico.mx\/wp-content\/uploads\/2025\/01\/image-16-192x300.jpeg 192w, https:\/\/quehacerpolitico.mx\/wp-content\/uploads\/2025\/01\/image-16-768x1201.jpeg 768w, https:\/\/quehacerpolitico.mx\/wp-content\/uploads\/2025\/01\/image-16-982x1536.jpeg 982w, https:\/\/quehacerpolitico.mx\/wp-content\/uploads\/2025\/01\/image-16-1024x1601.jpeg 1024w, https:\/\/quehacerpolitico.mx\/wp-content\/uploads\/2025\/01\/image-16.jpeg 1284w\" sizes=\"auto, (max-width: 655px) 100vw, 655px\" \/><figcaption class=\"wp-element-caption\">Screenshot<\/figcaption><\/figure>\n\n\n\n<p>Se especula que\u00a0<strong>el colombiano pueda llegar a territorio leon\u00e9s para la pr\u00f3xima semana<\/strong> para estampar su firma y, de aprobar los ex\u00e1menes m\u00e9dicos, podr\u00eda ser considerado para la\u00a0<strong>Jornada 2 ante el Atlas.<\/strong><\/p>\n","protected":false},"excerpt":{"rendered":"<p>Por Redacci\u00f3n QP El jugador termin\u00f3 las negociaciones que ten\u00eda con el Junior de Barranquilla&#8230;<\/p>\n","protected":false},"author":2,"featured_media":114257,"comment_status":"open","ping_status":"open","sticky":false,"template":"","format":"standard","meta":{"_monsterinsights_skip_tracking":false,"_monsterinsights_sitenote_active":false,"_monsterinsights_sitenote_note":"","_monsterinsights_sitenote_category":0,"footnotes":""},"categories":[54],"tags":[],"class_list":["post-114254","post","type-post","status-publish","format-standard","has-post-thumbnail","hentry","category-deportes"],"yoast_head":"<!-- This site is optimized with the Yoast SEO plugin v27.3 - https:\/\/yoast.com\/product\/yoast-seo-wordpress\/ -->\n<title>\u00a1Fichaje de lujo! Reportan que el futbolista colombiano James Rodr\u00edguez es nuevo refuerzo del Le\u00f3n -<\/title>\n<meta name=\"robots\" content=\"index, follow, max-snippet:-1, max-image-preview:large, max-video-preview:-1\" \/>\n<link rel=\"canonical\" href=\"https:\/\/quehacerpolitico.mx\/?p=114254\" \/>\n<meta property=\"og:locale\" content=\"es_MX\" \/>\n<meta property=\"og:type\" content=\"article\" \/>\n<meta property=\"og:title\" content=\"\u00a1Fichaje de lujo! Reportan que el futbolista colombiano James Rodr\u00edguez es nuevo refuerzo del Le\u00f3n -\" \/>\n<meta property=\"og:description\" content=\"Por Redacci\u00f3n QP El jugador termin\u00f3 las negociaciones que ten\u00eda con el Junior de Barranquilla...\" \/>\n<meta property=\"og:url\" content=\"https:\/\/quehacerpolitico.mx\/?p=114254\" \/>\n<meta property=\"article:published_time\" content=\"2025-01-12T03:47:25+00:00\" \/>\n<meta property=\"article:modified_time\" content=\"2025-01-12T03:47:27+00:00\" \/>\n<meta property=\"og:image\" content=\"https:\/\/quehacerpolitico.mx\/wp-content\/uploads\/2025\/01\/IMG_0107.jpeg\" \/>\n\t<meta property=\"og:image:width\" content=\"345\" \/>\n\t<meta property=\"og:image:height\" content=\"194\" \/>\n\t<meta property=\"og:image:type\" content=\"image\/jpeg\" \/>\n<meta name=\"author\" content=\"Redacci\u00f3n QP\" \/>\n<meta name=\"twitter:card\" content=\"summary_large_image\" \/>\n<meta name=\"twitter:label1\" content=\"Escrito por\" \/>\n\t<meta name=\"twitter:data1\" content=\"Redacci\u00f3n QP\" \/>\n\t<meta name=\"twitter:label2\" content=\"Tiempo de lectura\" \/>\n\t<meta name=\"twitter:data2\" content=\"2 minutos\" \/>\n<script type=\"application\/ld+json\" class=\"yoast-schema-graph\">{\"@context\":\"https:\\\/\\\/schema.org\",\"@graph\":[{\"@type\":\"Article\",\"@id\":\"https:\\\/\\\/quehacerpolitico.mx\\\/?p=114254#article\",\"isPartOf\":{\"@id\":\"https:\\\/\\\/quehacerpolitico.mx\\\/?p=114254\"},\"author\":{\"name\":\"Redacci\u00f3n QP\",\"@id\":\"https:\\\/\\\/quehacerpolitico.mx\\\/#\\\/schema\\\/person\\\/496d8ad2d1d3f8036101dca7ee39e585\"},\"headline\":\"\u00a1Fichaje de lujo! Reportan que el futbolista colombiano James Rodr\u00edguez es nuevo refuerzo del Le\u00f3n\",\"datePublished\":\"2025-01-12T03:47:25+00:00\",\"dateModified\":\"2025-01-12T03:47:27+00:00\",\"mainEntityOfPage\":{\"@id\":\"https:\\\/\\\/quehacerpolitico.mx\\\/?p=114254\"},\"wordCount\":324,\"commentCount\":0,\"image\":{\"@id\":\"https:\\\/\\\/quehacerpolitico.mx\\\/?p=114254#primaryimage\"},\"thumbnailUrl\":\"https:\\\/\\\/quehacerpolitico.mx\\\/wp-content\\\/uploads\\\/2025\\\/01\\\/IMG_0107.jpeg\",\"articleSection\":[\"Deportes\"],\"inLanguage\":\"es\",\"potentialAction\":[{\"@type\":\"CommentAction\",\"name\":\"Comment\",\"target\":[\"https:\\\/\\\/quehacerpolitico.mx\\\/?p=114254#respond\"]}]},{\"@type\":\"WebPage\",\"@id\":\"https:\\\/\\\/quehacerpolitico.mx\\\/?p=114254\",\"url\":\"https:\\\/\\\/quehacerpolitico.mx\\\/?p=114254\",\"name\":\"\u00a1Fichaje de lujo! Reportan que el futbolista colombiano James Rodr\u00edguez es nuevo refuerzo del Le\u00f3n -\",\"isPartOf\":{\"@id\":\"https:\\\/\\\/quehacerpolitico.mx\\\/#website\"},\"primaryImageOfPage\":{\"@id\":\"https:\\\/\\\/quehacerpolitico.mx\\\/?p=114254#primaryimage\"},\"image\":{\"@id\":\"https:\\\/\\\/quehacerpolitico.mx\\\/?p=114254#primaryimage\"},\"thumbnailUrl\":\"https:\\\/\\\/quehacerpolitico.mx\\\/wp-content\\\/uploads\\\/2025\\\/01\\\/IMG_0107.jpeg\",\"datePublished\":\"2025-01-12T03:47:25+00:00\",\"dateModified\":\"2025-01-12T03:47:27+00:00\",\"author\":{\"@id\":\"https:\\\/\\\/quehacerpolitico.mx\\\/#\\\/schema\\\/person\\\/496d8ad2d1d3f8036101dca7ee39e585\"},\"breadcrumb\":{\"@id\":\"https:\\\/\\\/quehacerpolitico.mx\\\/?p=114254#breadcrumb\"},\"inLanguage\":\"es\",\"potentialAction\":[{\"@type\":\"ReadAction\",\"target\":[\"https:\\\/\\\/quehacerpolitico.mx\\\/?p=114254\"]}]},{\"@type\":\"ImageObject\",\"inLanguage\":\"es\",\"@id\":\"https:\\\/\\\/quehacerpolitico.mx\\\/?p=114254#primaryimage\",\"url\":\"https:\\\/\\\/quehacerpolitico.mx\\\/wp-content\\\/uploads\\\/2025\\\/01\\\/IMG_0107.jpeg\",\"contentUrl\":\"https:\\\/\\\/quehacerpolitico.mx\\\/wp-content\\\/uploads\\\/2025\\\/01\\\/IMG_0107.jpeg\",\"width\":345,\"height\":194},{\"@type\":\"BreadcrumbList\",\"@id\":\"https:\\\/\\\/quehacerpolitico.mx\\\/?p=114254#breadcrumb\",\"itemListElement\":[{\"@type\":\"ListItem\",\"position\":1,\"name\":\"Inicio\",\"item\":\"https:\\\/\\\/quehacerpolitico.mx\\\/\"},{\"@type\":\"ListItem\",\"position\":2,\"name\":\"\u00a1Fichaje de lujo! Reportan que el futbolista colombiano James Rodr\u00edguez es nuevo refuerzo del Le\u00f3n\"}]},{\"@type\":\"WebSite\",\"@id\":\"https:\\\/\\\/quehacerpolitico.mx\\\/#website\",\"url\":\"https:\\\/\\\/quehacerpolitico.mx\\\/\",\"name\":\"\",\"description\":\"\",\"potentialAction\":[{\"@type\":\"SearchAction\",\"target\":{\"@type\":\"EntryPoint\",\"urlTemplate\":\"https:\\\/\\\/quehacerpolitico.mx\\\/?s={search_term_string}\"},\"query-input\":{\"@type\":\"PropertyValueSpecification\",\"valueRequired\":true,\"valueName\":\"search_term_string\"}}],\"inLanguage\":\"es\"},{\"@type\":\"Person\",\"@id\":\"https:\\\/\\\/quehacerpolitico.mx\\\/#\\\/schema\\\/person\\\/496d8ad2d1d3f8036101dca7ee39e585\",\"name\":\"Redacci\u00f3n QP\",\"image\":{\"@type\":\"ImageObject\",\"inLanguage\":\"es\",\"@id\":\"https:\\\/\\\/secure.gravatar.com\\\/avatar\\\/c7164ed6fdec453195284ad24a5ae5b6e1eed2b848477fa2a4787ba9adf39a41?s=96&d=mm&r=g\",\"url\":\"https:\\\/\\\/secure.gravatar.com\\\/avatar\\\/c7164ed6fdec453195284ad24a5ae5b6e1eed2b848477fa2a4787ba9adf39a41?s=96&d=mm&r=g\",\"contentUrl\":\"https:\\\/\\\/secure.gravatar.com\\\/avatar\\\/c7164ed6fdec453195284ad24a5ae5b6e1eed2b848477fa2a4787ba9adf39a41?s=96&d=mm&r=g\",\"caption\":\"Redacci\u00f3n QP\"},\"url\":\"https:\\\/\\\/quehacerpolitico.mx\\\/?author=2\"}]}<\/script>\n<!-- \/ Yoast SEO plugin. -->","yoast_head_json":{"title":"\u00a1Fichaje de lujo! Reportan que el futbolista colombiano James Rodr\u00edguez es nuevo refuerzo del Le\u00f3n -","robots":{"index":"index","follow":"follow","max-snippet":"max-snippet:-1","max-image-preview":"max-image-preview:large","max-video-preview":"max-video-preview:-1"},"canonical":"https:\/\/quehacerpolitico.mx\/?p=114254","og_locale":"es_MX","og_type":"article","og_title":"\u00a1Fichaje de lujo! Reportan que el futbolista colombiano James Rodr\u00edguez es nuevo refuerzo del Le\u00f3n -","og_description":"Por Redacci\u00f3n QP El jugador termin\u00f3 las negociaciones que ten\u00eda con el Junior de Barranquilla...","og_url":"https:\/\/quehacerpolitico.mx\/?p=114254","article_published_time":"2025-01-12T03:47:25+00:00","article_modified_time":"2025-01-12T03:47:27+00:00","og_image":[{"width":345,"height":194,"url":"https:\/\/quehacerpolitico.mx\/wp-content\/uploads\/2025\/01\/IMG_0107.jpeg","type":"image\/jpeg"}],"author":"Redacci\u00f3n QP","twitter_card":"summary_large_image","twitter_misc":{"Escrito por":"Redacci\u00f3n QP","Tiempo de lectura":"2 minutos"},"schema":{"@context":"https:\/\/schema.org","@graph":[{"@type":"Article","@id":"https:\/\/quehacerpolitico.mx\/?p=114254#article","isPartOf":{"@id":"https:\/\/quehacerpolitico.mx\/?p=114254"},"author":{"name":"Redacci\u00f3n QP","@id":"https:\/\/quehacerpolitico.mx\/#\/schema\/person\/496d8ad2d1d3f8036101dca7ee39e585"},"headline":"\u00a1Fichaje de lujo! Reportan que el futbolista colombiano James Rodr\u00edguez es nuevo refuerzo del Le\u00f3n","datePublished":"2025-01-12T03:47:25+00:00","dateModified":"2025-01-12T03:47:27+00:00","mainEntityOfPage":{"@id":"https:\/\/quehacerpolitico.mx\/?p=114254"},"wordCount":324,"commentCount":0,"image":{"@id":"https:\/\/quehacerpolitico.mx\/?p=114254#primaryimage"},"thumbnailUrl":"https:\/\/quehacerpolitico.mx\/wp-content\/uploads\/2025\/01\/IMG_0107.jpeg","articleSection":["Deportes"],"inLanguage":"es","potentialAction":[{"@type":"CommentAction","name":"Comment","target":["https:\/\/quehacerpolitico.mx\/?p=114254#respond"]}]},{"@type":"WebPage","@id":"https:\/\/quehacerpolitico.mx\/?p=114254","url":"https:\/\/quehacerpolitico.mx\/?p=114254","name":"\u00a1Fichaje de lujo! Reportan que el futbolista colombiano James Rodr\u00edguez es nuevo refuerzo del Le\u00f3n -","isPartOf":{"@id":"https:\/\/quehacerpolitico.mx\/#website"},"primaryImageOfPage":{"@id":"https:\/\/quehacerpolitico.mx\/?p=114254#primaryimage"},"image":{"@id":"https:\/\/quehacerpolitico.mx\/?p=114254#primaryimage"},"thumbnailUrl":"https:\/\/quehacerpolitico.mx\/wp-content\/uploads\/2025\/01\/IMG_0107.jpeg","datePublished":"2025-01-12T03:47:25+00:00","dateModified":"2025-01-12T03:47:27+00:00","author":{"@id":"https:\/\/quehacerpolitico.mx\/#\/schema\/person\/496d8ad2d1d3f8036101dca7ee39e585"},"breadcrumb":{"@id":"https:\/\/quehacerpolitico.mx\/?p=114254#breadcrumb"},"inLanguage":"es","potentialAction":[{"@type":"ReadAction","target":["https:\/\/quehacerpolitico.mx\/?p=114254"]}]},{"@type":"ImageObject","inLanguage":"es","@id":"https:\/\/quehacerpolitico.mx\/?p=114254#primaryimage","url":"https:\/\/quehacerpolitico.mx\/wp-content\/uploads\/2025\/01\/IMG_0107.jpeg","contentUrl":"https:\/\/quehacerpolitico.mx\/wp-content\/uploads\/2025\/01\/IMG_0107.jpeg","width":345,"height":194},{"@type":"BreadcrumbList","@id":"https:\/\/quehacerpolitico.mx\/?p=114254#breadcrumb","itemListElement":[{"@type":"ListItem","position":1,"name":"Inicio","item":"https:\/\/quehacerpolitico.mx\/"},{"@type":"ListItem","position":2,"name":"\u00a1Fichaje de lujo! Reportan que el futbolista colombiano James Rodr\u00edguez es nuevo refuerzo del Le\u00f3n"}]},{"@type":"WebSite","@id":"https:\/\/quehacerpolitico.mx\/#website","url":"https:\/\/quehacerpolitico.mx\/","name":"","description":"","potentialAction":[{"@type":"SearchAction","target":{"@type":"EntryPoint","urlTemplate":"https:\/\/quehacerpolitico.mx\/?s={search_term_string}"},"query-input":{"@type":"PropertyValueSpecification","valueRequired":true,"valueName":"search_term_string"}}],"inLanguage":"es"},{"@type":"Person","@id":"https:\/\/quehacerpolitico.mx\/#\/schema\/person\/496d8ad2d1d3f8036101dca7ee39e585","name":"Redacci\u00f3n QP","image":{"@type":"ImageObject","inLanguage":"es","@id":"https:\/\/secure.gravatar.com\/avatar\/c7164ed6fdec453195284ad24a5ae5b6e1eed2b848477fa2a4787ba9adf39a41?s=96&d=mm&r=g","url":"https:\/\/secure.gravatar.com\/avatar\/c7164ed6fdec453195284ad24a5ae5b6e1eed2b848477fa2a4787ba9adf39a41?s=96&d=mm&r=g","contentUrl":"https:\/\/secure.gravatar.com\/avatar\/c7164ed6fdec453195284ad24a5ae5b6e1eed2b848477fa2a4787ba9adf39a41?s=96&d=mm&r=g","caption":"Redacci\u00f3n QP"},"url":"https:\/\/quehacerpolitico.mx\/?author=2"}]}},"featured_image_urls":{"full":["https:\/\/quehacerpolitico.mx\/wp-content\/uploads\/2025\/01\/IMG_0107.jpeg",345,194,false],"thumbnail":["https:\/\/quehacerpolitico.mx\/wp-content\/uploads\/2025\/01\/IMG_0107-150x150.jpeg",150,150,true],"medium":["https:\/\/quehacerpolitico.mx\/wp-content\/uploads\/2025\/01\/IMG_0107-300x169.jpeg",300,169,true],"medium_large":["https:\/\/quehacerpolitico.mx\/wp-content\/uploads\/2025\/01\/IMG_0107.jpeg",345,194,false],"large":["https:\/\/quehacerpolitico.mx\/wp-content\/uploads\/2025\/01\/IMG_0107.jpeg",345,194,false],"1536x1536":["https:\/\/quehacerpolitico.mx\/wp-content\/uploads\/2025\/01\/IMG_0107.jpeg",345,194,false],"2048x2048":["https:\/\/quehacerpolitico.mx\/wp-content\/uploads\/2025\/01\/IMG_0107.jpeg",345,194,false],"covernews-featured":["https:\/\/quehacerpolitico.mx\/wp-content\/uploads\/2025\/01\/IMG_0107.jpeg",345,194,false],"covernews-medium":["https:\/\/quehacerpolitico.mx\/wp-content\/uploads\/2025\/01\/IMG_0107.jpeg",345,194,false]},"author_info":{"display_name":"Redacci\u00f3n QP","author_link":"https:\/\/quehacerpolitico.mx\/?author=2"},"category_info":"<a href=\"https:\/\/quehacerpolitico.mx\/?cat=54\" rel=\"category\">Deportes<\/a>","tag_info":"Deportes","comment_count":"0","_links":{"self":[{"href":"https:\/\/quehacerpolitico.mx\/index.php?rest_route=\/wp\/v2\/posts\/114254","targetHints":{"allow":["GET"]}}],"collection":[{"href":"https:\/\/quehacerpolitico.mx\/index.php?rest_route=\/wp\/v2\/posts"}],"about":[{"href":"https:\/\/quehacerpolitico.mx\/index.php?rest_route=\/wp\/v2\/types\/post"}],"author":[{"embeddable":true,"href":"https:\/\/quehacerpolitico.mx\/index.php?rest_route=\/wp\/v2\/users\/2"}],"replies":[{"embeddable":true,"href":"https:\/\/quehacerpolitico.mx\/index.php?rest_route=%2Fwp%2Fv2%2Fcomments&post=114254"}],"version-history":[{"count":1,"href":"https:\/\/quehacerpolitico.mx\/index.php?rest_route=\/wp\/v2\/posts\/114254\/revisions"}],"predecessor-version":[{"id":114258,"href":"https:\/\/quehacerpolitico.mx\/index.php?rest_route=\/wp\/v2\/posts\/114254\/revisions\/114258"}],"wp:featuredmedia":[{"embeddable":true,"href":"https:\/\/quehacerpolitico.mx\/index.php?rest_route=\/wp\/v2\/media\/114257"}],"wp:attachment":[{"href":"https:\/\/quehacerpolitico.mx\/index.php?rest_route=%2Fwp%2Fv2%2Fmedia&parent=114254"}],"wp:term":[{"taxonomy":"category","embeddable":true,"href":"https:\/\/quehacerpolitico.mx\/index.php?rest_route=%2Fwp%2Fv2%2Fcategories&post=114254"},{"taxonomy":"post_tag","embeddable":true,"href":"https:\/\/quehacerpolitico.mx\/index.php?rest_route=%2Fwp%2Fv2%2Ftags&post=114254"}],"curies":[{"name":"wp","href":"https:\/\/api.w.org\/{rel}","templated":true}]}}