{"id":114170,"date":"2025-01-05T19:07:12","date_gmt":"2025-01-06T01:07:12","guid":{"rendered":"https:\/\/quehacerpolitico.mx\/?p=114170"},"modified":"2025-01-05T19:07:13","modified_gmt":"2025-01-06T01:07:13","slug":"aleida-alavez-entrego-obra-de-rehabilitacion-integral-en-la-calle-insurgentes-colonia-las-penas-que-consiste-en-la-mitigacion-de-grietas-rehabilitacion-del-drenaje-y-de-dos-pozos-de-captacion-de-ag","status":"publish","type":"post","link":"https:\/\/quehacerpolitico.mx\/?p=114170","title":{"rendered":"Aleida Alavez entreg\u00f3 obra de rehabilitaci\u00f3n integral en la calle Insurgentes, colonia Las Pe\u00f1as, que consiste en la mitigaci\u00f3n de grietas, rehabilitaci\u00f3n del drenaje y de dos pozos de captaci\u00f3n de agua pluvial, reencarpetamiento y balizado"},"content":{"rendered":"\n<p>Por Redacci\u00f3n QP <\/p>\n\n\n\n<p>Al entregar la primera obra de rehabilitaci\u00f3n integral de este a\u00f1o como parte de sus compromisos de los 100 d\u00edas iniciales de su administraci\u00f3n, la alcaldesa de Iztapalapa, Aleida Alavez Ruiz, se comprometi\u00f3 a reforzar los servicios de seguridad, limpieza, recolecci\u00f3n de basura y movilidad al tiempo que solicit\u00f3 la colaboraci\u00f3n ciudadana para obtener mejores resultados.<\/p>\n\n\n\n<p>Esta rehabilitaci\u00f3n integral se realiz\u00f3 en cerca de 400 metros lineales de la calle Insurgentes, entre las vialidades El Vergel y Manuel Altamirano, colonia Las Pe\u00f1as, y consisti\u00f3 en el reencarpetado asf\u00e1ltico de 3 mil 168 metros cuadrados y rehabilitaci\u00f3n de ductos de agua potable, 2 coladeras pluviales, guarniciones, banquetas y alumbrado p\u00fablico.<\/p>\n\n\n\n<figure class=\"wp-block-embed is-type-rich is-provider-twitter wp-block-embed-twitter\"><div class=\"wp-block-embed__wrapper\">\n<blockquote class=\"twitter-tweet\" data-width=\"550\" data-dnt=\"true\"><p lang=\"es\" dir=\"ltr\">Con las acciones implementadas en la calle Insurgentes, las vecinas y vecinos de Las Pe\u00f1as y Las Pe\u00f1as II ahora cuentan con la rehabilitaci\u00f3n integral de dos pozos de captaci\u00f3n de agua pluvial, del drenaje, reencarpetado y otras obras que reafirman nuestro responsabilidad con el\u2026 <a href=\"https:\/\/t.co\/K6CS2dIljw\">pic.twitter.com\/K6CS2dIljw<\/a><\/p>&mdash; Aleida Alavez Ruiz (@ALEIDAALAVEZ) <a href=\"https:\/\/twitter.com\/ALEIDAALAVEZ\/status\/1875406762720813557?ref_src=twsrc%5Etfw\">January 4, 2025<\/a><\/blockquote><script async src=\"https:\/\/platform.twitter.com\/widgets.js\" charset=\"utf-8\"><\/script>\n<\/div><\/figure>\n\n\n\n<p>Incluy\u00f3 el retiro de un basurero clandestino frente a la unidad habitacional Morelos II, la mandataria demand\u00f3, como en otros casos similares, el apoyo de todas las vecinas y vecinos, pues constituye un riesgo sanitario, particularmente para alumnas y alumnos de escuelas cercanas de educaci\u00f3n b\u00e1sica que a diario transitan por ah\u00ed.<\/p>\n\n\n\n<p>\u201cHay quienes quieren forzar a que siga ah\u00ed el basurero, pero no permitiremos que nos condenen a vivir en la basura. Nuestras calles deben estar limpias y para eso remitimos ya al Juzgado C\u00edvico y seguiremos remitiendo a quienes persisten en esa mala pr\u00e1ctica\u201d, dijo a vecinas y vecinos que aplaudieron esta determinaci\u00f3n.<\/p>\n\n\n\n<figure class=\"wp-block-image size-large\"><img loading=\"lazy\" decoding=\"async\" width=\"1024\" height=\"768\" src=\"https:\/\/quehacerpolitico.mx\/wp-content\/uploads\/2025\/01\/image-11-1024x768.jpeg\" alt=\"\" class=\"wp-image-114171\" srcset=\"https:\/\/quehacerpolitico.mx\/wp-content\/uploads\/2025\/01\/image-11-1024x768.jpeg 1024w, https:\/\/quehacerpolitico.mx\/wp-content\/uploads\/2025\/01\/image-11-300x225.jpeg 300w, https:\/\/quehacerpolitico.mx\/wp-content\/uploads\/2025\/01\/image-11-768x576.jpeg 768w, https:\/\/quehacerpolitico.mx\/wp-content\/uploads\/2025\/01\/image-11.jpeg 1280w\" sizes=\"auto, (max-width: 1024px) 100vw, 1024px\" \/><\/figure>\n\n\n\n<p>Aclar\u00f3 que la funci\u00f3n de las patrullas no es vigilar que no se tire basura en la v\u00eda p\u00fablica, sino para velar por la seguridad. \u201cPor eso \u2013agreg\u00f3- hagamos una din\u00e1mica que respetemos todos\u201d.<\/p>\n\n\n\n<p>Como parte de esta din\u00e1mica, de parte de su administraci\u00f3n ofreci\u00f3 un mayor esfuerzo para mejorar el servicio de recolecci\u00f3n de basura -que s\u00ed se da en \u00e9sta y otras zonas-, pero con propuestas viables emanadas de los propios vecinos, seg\u00fan sus asambleas comunitarias, donde tambi\u00e9n pidi\u00f3 que se asuman compromisos.<\/p>\n\n\n\n<p>Respecto a esta obra, inform\u00f3 que tambi\u00e9n se intervinieron 3 grietas de niveles 2 y 4 \u2013\u00e9stas \u00faltimas, las de mayor afectaci\u00f3n a la infraestructura urbana, como lo evidencia la inclinaci\u00f3n de la calle Insurgentes-; se rehabilit\u00f3 parte de la red secundaria de drenaje y dos pozos de visita ocultos con bacheos anteriores, y se construyeron rejillas pluviales y reconstruyeron descargas domiciliarias.<\/p>\n\n\n\n<figure class=\"wp-block-image size-large\"><img loading=\"lazy\" decoding=\"async\" width=\"1024\" height=\"683\" src=\"https:\/\/quehacerpolitico.mx\/wp-content\/uploads\/2025\/01\/image-12-1024x683.jpeg\" alt=\"\" class=\"wp-image-114172\" srcset=\"https:\/\/quehacerpolitico.mx\/wp-content\/uploads\/2025\/01\/image-12-1024x683.jpeg 1024w, https:\/\/quehacerpolitico.mx\/wp-content\/uploads\/2025\/01\/image-12-300x200.jpeg 300w, https:\/\/quehacerpolitico.mx\/wp-content\/uploads\/2025\/01\/image-12-768x512.jpeg 768w, https:\/\/quehacerpolitico.mx\/wp-content\/uploads\/2025\/01\/image-12-1536x1025.jpeg 1536w, https:\/\/quehacerpolitico.mx\/wp-content\/uploads\/2025\/01\/image-12.jpeg 2048w\" sizes=\"auto, (max-width: 1024px) 100vw, 1024px\" \/><\/figure>\n\n\n\n<p>Finalmente, los trabajos incluyeron desazolve de la red secundaria de drenaje y coladeras pluviales, as\u00ed como mantenimiento al arbolado urbano y balizamiento de se\u00f1alizaci\u00f3n vial horizontal.<\/p>\n\n\n\n<p>\u201cNos qued\u00f3 muy bien y se ve muy bonito todo, pero el objetivo de todos estos trabajos no s\u00f3lo es est\u00e9tico, sino sobre todo generar mejores condiciones de vida para todas y todos. Tenemos aqu\u00ed el problema de las grietas, que deterioran la infraestructura adem\u00e1s del que provoca el uso, pero yo espero que, con la colaboraci\u00f3n del conjunto de la comunidad, nos dure mucho tiempo\u201d, reiter\u00f3.<\/p>\n\n\n\n<p>Reconoci\u00f3 el empe\u00f1o de su equipo de gobierno en esta obra \u2013particularmente de las Direcciones Territorial, Obras, Servicios Urbanos, Gobierno y Seguridad- y agradeci\u00f3 la cooperaci\u00f3n ciudadana, patente en \u00e9ste y otros casos, como en las canchas reci\u00e9n inauguradas en diciembre pasado para las y los ni\u00f1os y adolescentes de esta zona.<\/p>\n\n\n\n<figure class=\"wp-block-image size-large\"><img loading=\"lazy\" decoding=\"async\" width=\"1024\" height=\"682\" src=\"https:\/\/quehacerpolitico.mx\/wp-content\/uploads\/2025\/01\/image-13-1024x682.jpeg\" alt=\"\" class=\"wp-image-114173\" srcset=\"https:\/\/quehacerpolitico.mx\/wp-content\/uploads\/2025\/01\/image-13-1024x682.jpeg 1024w, https:\/\/quehacerpolitico.mx\/wp-content\/uploads\/2025\/01\/image-13-300x200.jpeg 300w, https:\/\/quehacerpolitico.mx\/wp-content\/uploads\/2025\/01\/image-13-768x512.jpeg 768w, https:\/\/quehacerpolitico.mx\/wp-content\/uploads\/2025\/01\/image-13.jpeg 1280w\" sizes=\"auto, (max-width: 1024px) 100vw, 1024px\" \/><\/figure>\n\n\n\n<p>En este marco lament\u00f3 el fallecimiento del se\u00f1or Gabriel Negrete Hinojosa, \u201cDon Tino\u201d, con quien gestion\u00f3 y recuper\u00f3, como legisladora, el predio para estas canchas, y quien, a sus 86 a\u00f1os, segu\u00eda promoviendo el deporte y las buenas pr\u00e1cticas entre la ni\u00f1ez y la juventud de \u00e9sta y otras colonias aleda\u00f1as.<\/p>\n\n\n\n<p>\u201cUn aplauso a \u201cDon Tino, porque con su colaboraci\u00f3n, hicimos esas canchas. Ah\u00ed est\u00e1 su legado para bien de todos. Para eso son las obras que hacemos en este gobierno y as\u00ed arrancamos el a\u00f1o: dando cuenta del buen manejo de los recursos p\u00fablicos, tal como ustedes nos encomendaron y tal como estamos respondiendo con toda responsabilidad\u201d, concluy\u00f3 al reiterar su deseo de un excelente 2025 para todas y todos.<\/p>\n","protected":false},"excerpt":{"rendered":"<p>Por Redacci\u00f3n QP Al entregar la primera obra de rehabilitaci\u00f3n integral de este a\u00f1o como&#8230;<\/p>\n","protected":false},"author":2,"featured_media":114174,"comment_status":"open","ping_status":"open","sticky":false,"template":"","format":"standard","meta":{"_monsterinsights_skip_tracking":false,"_monsterinsights_sitenote_active":false,"_monsterinsights_sitenote_note":"","_monsterinsights_sitenote_category":0,"footnotes":""},"categories":[55],"tags":[],"class_list":["post-114170","post","type-post","status-publish","format-standard","has-post-thumbnail","hentry","category-cdmx"],"yoast_head":"<!-- This site is optimized with the Yoast SEO plugin v27.3 - https:\/\/yoast.com\/product\/yoast-seo-wordpress\/ -->\n<title>Aleida Alavez entreg\u00f3 obra de rehabilitaci\u00f3n integral en la calle Insurgentes, colonia Las Pe\u00f1as, que consiste en la mitigaci\u00f3n de grietas, rehabilitaci\u00f3n del drenaje y de dos pozos de captaci\u00f3n de agua pluvial, reencarpetamiento y balizado -<\/title>\n<meta name=\"robots\" content=\"index, follow, max-snippet:-1, max-image-preview:large, max-video-preview:-1\" \/>\n<link rel=\"canonical\" href=\"https:\/\/quehacerpolitico.mx\/?p=114170\" \/>\n<meta property=\"og:locale\" content=\"es_MX\" \/>\n<meta property=\"og:type\" content=\"article\" \/>\n<meta property=\"og:title\" content=\"Aleida Alavez entreg\u00f3 obra de rehabilitaci\u00f3n integral en la calle Insurgentes, colonia Las Pe\u00f1as, que consiste en la mitigaci\u00f3n de grietas, rehabilitaci\u00f3n del drenaje y de dos pozos de captaci\u00f3n de agua pluvial, reencarpetamiento y balizado -\" \/>\n<meta property=\"og:description\" content=\"Por Redacci\u00f3n QP Al entregar la primera obra de rehabilitaci\u00f3n integral de este a\u00f1o como...\" \/>\n<meta property=\"og:url\" content=\"https:\/\/quehacerpolitico.mx\/?p=114170\" \/>\n<meta property=\"article:published_time\" content=\"2025-01-06T01:07:12+00:00\" \/>\n<meta property=\"article:modified_time\" content=\"2025-01-06T01:07:13+00:00\" \/>\n<meta property=\"og:image\" content=\"https:\/\/quehacerpolitico.mx\/wp-content\/uploads\/2025\/01\/IMG_9994.jpeg\" \/>\n\t<meta property=\"og:image:width\" content=\"2048\" \/>\n\t<meta property=\"og:image:height\" content=\"1366\" \/>\n\t<meta property=\"og:image:type\" content=\"image\/jpeg\" \/>\n<meta name=\"author\" content=\"Redacci\u00f3n QP\" \/>\n<meta name=\"twitter:card\" content=\"summary_large_image\" \/>\n<meta name=\"twitter:label1\" content=\"Escrito por\" \/>\n\t<meta name=\"twitter:data1\" content=\"Redacci\u00f3n QP\" \/>\n\t<meta name=\"twitter:label2\" content=\"Tiempo de lectura\" \/>\n\t<meta name=\"twitter:data2\" content=\"3 minutos\" \/>\n<script type=\"application\/ld+json\" class=\"yoast-schema-graph\">{\"@context\":\"https:\\\/\\\/schema.org\",\"@graph\":[{\"@type\":\"Article\",\"@id\":\"https:\\\/\\\/quehacerpolitico.mx\\\/?p=114170#article\",\"isPartOf\":{\"@id\":\"https:\\\/\\\/quehacerpolitico.mx\\\/?p=114170\"},\"author\":{\"name\":\"Redacci\u00f3n QP\",\"@id\":\"https:\\\/\\\/quehacerpolitico.mx\\\/#\\\/schema\\\/person\\\/496d8ad2d1d3f8036101dca7ee39e585\"},\"headline\":\"Aleida Alavez entreg\u00f3 obra de rehabilitaci\u00f3n integral en la calle Insurgentes, colonia Las Pe\u00f1as, que consiste en la mitigaci\u00f3n de grietas, rehabilitaci\u00f3n del drenaje y de dos pozos de captaci\u00f3n de agua pluvial, reencarpetamiento y balizado\",\"datePublished\":\"2025-01-06T01:07:12+00:00\",\"dateModified\":\"2025-01-06T01:07:13+00:00\",\"mainEntityOfPage\":{\"@id\":\"https:\\\/\\\/quehacerpolitico.mx\\\/?p=114170\"},\"wordCount\":721,\"commentCount\":0,\"image\":{\"@id\":\"https:\\\/\\\/quehacerpolitico.mx\\\/?p=114170#primaryimage\"},\"thumbnailUrl\":\"https:\\\/\\\/quehacerpolitico.mx\\\/wp-content\\\/uploads\\\/2025\\\/01\\\/IMG_9994.jpeg\",\"articleSection\":[\"CDMX\"],\"inLanguage\":\"es\",\"potentialAction\":[{\"@type\":\"CommentAction\",\"name\":\"Comment\",\"target\":[\"https:\\\/\\\/quehacerpolitico.mx\\\/?p=114170#respond\"]}]},{\"@type\":\"WebPage\",\"@id\":\"https:\\\/\\\/quehacerpolitico.mx\\\/?p=114170\",\"url\":\"https:\\\/\\\/quehacerpolitico.mx\\\/?p=114170\",\"name\":\"Aleida Alavez entreg\u00f3 obra de rehabilitaci\u00f3n integral en la calle Insurgentes, colonia Las Pe\u00f1as, que consiste en la mitigaci\u00f3n de grietas, rehabilitaci\u00f3n del drenaje y de dos pozos de captaci\u00f3n de agua pluvial, reencarpetamiento y balizado -\",\"isPartOf\":{\"@id\":\"https:\\\/\\\/quehacerpolitico.mx\\\/#website\"},\"primaryImageOfPage\":{\"@id\":\"https:\\\/\\\/quehacerpolitico.mx\\\/?p=114170#primaryimage\"},\"image\":{\"@id\":\"https:\\\/\\\/quehacerpolitico.mx\\\/?p=114170#primaryimage\"},\"thumbnailUrl\":\"https:\\\/\\\/quehacerpolitico.mx\\\/wp-content\\\/uploads\\\/2025\\\/01\\\/IMG_9994.jpeg\",\"datePublished\":\"2025-01-06T01:07:12+00:00\",\"dateModified\":\"2025-01-06T01:07:13+00:00\",\"author\":{\"@id\":\"https:\\\/\\\/quehacerpolitico.mx\\\/#\\\/schema\\\/person\\\/496d8ad2d1d3f8036101dca7ee39e585\"},\"breadcrumb\":{\"@id\":\"https:\\\/\\\/quehacerpolitico.mx\\\/?p=114170#breadcrumb\"},\"inLanguage\":\"es\",\"potentialAction\":[{\"@type\":\"ReadAction\",\"target\":[\"https:\\\/\\\/quehacerpolitico.mx\\\/?p=114170\"]}]},{\"@type\":\"ImageObject\",\"inLanguage\":\"es\",\"@id\":\"https:\\\/\\\/quehacerpolitico.mx\\\/?p=114170#primaryimage\",\"url\":\"https:\\\/\\\/quehacerpolitico.mx\\\/wp-content\\\/uploads\\\/2025\\\/01\\\/IMG_9994.jpeg\",\"contentUrl\":\"https:\\\/\\\/quehacerpolitico.mx\\\/wp-content\\\/uploads\\\/2025\\\/01\\\/IMG_9994.jpeg\",\"width\":2048,\"height\":1366},{\"@type\":\"BreadcrumbList\",\"@id\":\"https:\\\/\\\/quehacerpolitico.mx\\\/?p=114170#breadcrumb\",\"itemListElement\":[{\"@type\":\"ListItem\",\"position\":1,\"name\":\"Inicio\",\"item\":\"https:\\\/\\\/quehacerpolitico.mx\\\/\"},{\"@type\":\"ListItem\",\"position\":2,\"name\":\"Aleida Alavez entreg\u00f3 obra de rehabilitaci\u00f3n integral en la calle Insurgentes, colonia Las Pe\u00f1as, que consiste en la mitigaci\u00f3n de grietas, rehabilitaci\u00f3n del drenaje y de dos pozos de captaci\u00f3n de agua pluvial, reencarpetamiento y balizado\"}]},{\"@type\":\"WebSite\",\"@id\":\"https:\\\/\\\/quehacerpolitico.mx\\\/#website\",\"url\":\"https:\\\/\\\/quehacerpolitico.mx\\\/\",\"name\":\"\",\"description\":\"\",\"potentialAction\":[{\"@type\":\"SearchAction\",\"target\":{\"@type\":\"EntryPoint\",\"urlTemplate\":\"https:\\\/\\\/quehacerpolitico.mx\\\/?s={search_term_string}\"},\"query-input\":{\"@type\":\"PropertyValueSpecification\",\"valueRequired\":true,\"valueName\":\"search_term_string\"}}],\"inLanguage\":\"es\"},{\"@type\":\"Person\",\"@id\":\"https:\\\/\\\/quehacerpolitico.mx\\\/#\\\/schema\\\/person\\\/496d8ad2d1d3f8036101dca7ee39e585\",\"name\":\"Redacci\u00f3n QP\",\"image\":{\"@type\":\"ImageObject\",\"inLanguage\":\"es\",\"@id\":\"https:\\\/\\\/secure.gravatar.com\\\/avatar\\\/c7164ed6fdec453195284ad24a5ae5b6e1eed2b848477fa2a4787ba9adf39a41?s=96&d=mm&r=g\",\"url\":\"https:\\\/\\\/secure.gravatar.com\\\/avatar\\\/c7164ed6fdec453195284ad24a5ae5b6e1eed2b848477fa2a4787ba9adf39a41?s=96&d=mm&r=g\",\"contentUrl\":\"https:\\\/\\\/secure.gravatar.com\\\/avatar\\\/c7164ed6fdec453195284ad24a5ae5b6e1eed2b848477fa2a4787ba9adf39a41?s=96&d=mm&r=g\",\"caption\":\"Redacci\u00f3n QP\"},\"url\":\"https:\\\/\\\/quehacerpolitico.mx\\\/?author=2\"}]}<\/script>\n<!-- \/ Yoast SEO plugin. -->","yoast_head_json":{"title":"Aleida Alavez entreg\u00f3 obra de rehabilitaci\u00f3n integral en la calle Insurgentes, colonia Las Pe\u00f1as, que consiste en la mitigaci\u00f3n de grietas, rehabilitaci\u00f3n del drenaje y de dos pozos de captaci\u00f3n de agua pluvial, reencarpetamiento y balizado -","robots":{"index":"index","follow":"follow","max-snippet":"max-snippet:-1","max-image-preview":"max-image-preview:large","max-video-preview":"max-video-preview:-1"},"canonical":"https:\/\/quehacerpolitico.mx\/?p=114170","og_locale":"es_MX","og_type":"article","og_title":"Aleida Alavez entreg\u00f3 obra de rehabilitaci\u00f3n integral en la calle Insurgentes, colonia Las Pe\u00f1as, que consiste en la mitigaci\u00f3n de grietas, rehabilitaci\u00f3n del drenaje y de dos pozos de captaci\u00f3n de agua pluvial, reencarpetamiento y balizado -","og_description":"Por Redacci\u00f3n QP Al entregar la primera obra de rehabilitaci\u00f3n integral de este a\u00f1o como...","og_url":"https:\/\/quehacerpolitico.mx\/?p=114170","article_published_time":"2025-01-06T01:07:12+00:00","article_modified_time":"2025-01-06T01:07:13+00:00","og_image":[{"width":2048,"height":1366,"url":"https:\/\/quehacerpolitico.mx\/wp-content\/uploads\/2025\/01\/IMG_9994.jpeg","type":"image\/jpeg"}],"author":"Redacci\u00f3n QP","twitter_card":"summary_large_image","twitter_misc":{"Escrito por":"Redacci\u00f3n QP","Tiempo de lectura":"3 minutos"},"schema":{"@context":"https:\/\/schema.org","@graph":[{"@type":"Article","@id":"https:\/\/quehacerpolitico.mx\/?p=114170#article","isPartOf":{"@id":"https:\/\/quehacerpolitico.mx\/?p=114170"},"author":{"name":"Redacci\u00f3n QP","@id":"https:\/\/quehacerpolitico.mx\/#\/schema\/person\/496d8ad2d1d3f8036101dca7ee39e585"},"headline":"Aleida Alavez entreg\u00f3 obra de rehabilitaci\u00f3n integral en la calle Insurgentes, colonia Las Pe\u00f1as, que consiste en la mitigaci\u00f3n de grietas, rehabilitaci\u00f3n del drenaje y de dos pozos de captaci\u00f3n de agua pluvial, reencarpetamiento y balizado","datePublished":"2025-01-06T01:07:12+00:00","dateModified":"2025-01-06T01:07:13+00:00","mainEntityOfPage":{"@id":"https:\/\/quehacerpolitico.mx\/?p=114170"},"wordCount":721,"commentCount":0,"image":{"@id":"https:\/\/quehacerpolitico.mx\/?p=114170#primaryimage"},"thumbnailUrl":"https:\/\/quehacerpolitico.mx\/wp-content\/uploads\/2025\/01\/IMG_9994.jpeg","articleSection":["CDMX"],"inLanguage":"es","potentialAction":[{"@type":"CommentAction","name":"Comment","target":["https:\/\/quehacerpolitico.mx\/?p=114170#respond"]}]},{"@type":"WebPage","@id":"https:\/\/quehacerpolitico.mx\/?p=114170","url":"https:\/\/quehacerpolitico.mx\/?p=114170","name":"Aleida Alavez entreg\u00f3 obra de rehabilitaci\u00f3n integral en la calle Insurgentes, colonia Las Pe\u00f1as, que consiste en la mitigaci\u00f3n de grietas, rehabilitaci\u00f3n del drenaje y de dos pozos de captaci\u00f3n de agua pluvial, reencarpetamiento y balizado -","isPartOf":{"@id":"https:\/\/quehacerpolitico.mx\/#website"},"primaryImageOfPage":{"@id":"https:\/\/quehacerpolitico.mx\/?p=114170#primaryimage"},"image":{"@id":"https:\/\/quehacerpolitico.mx\/?p=114170#primaryimage"},"thumbnailUrl":"https:\/\/quehacerpolitico.mx\/wp-content\/uploads\/2025\/01\/IMG_9994.jpeg","datePublished":"2025-01-06T01:07:12+00:00","dateModified":"2025-01-06T01:07:13+00:00","author":{"@id":"https:\/\/quehacerpolitico.mx\/#\/schema\/person\/496d8ad2d1d3f8036101dca7ee39e585"},"breadcrumb":{"@id":"https:\/\/quehacerpolitico.mx\/?p=114170#breadcrumb"},"inLanguage":"es","potentialAction":[{"@type":"ReadAction","target":["https:\/\/quehacerpolitico.mx\/?p=114170"]}]},{"@type":"ImageObject","inLanguage":"es","@id":"https:\/\/quehacerpolitico.mx\/?p=114170#primaryimage","url":"https:\/\/quehacerpolitico.mx\/wp-content\/uploads\/2025\/01\/IMG_9994.jpeg","contentUrl":"https:\/\/quehacerpolitico.mx\/wp-content\/uploads\/2025\/01\/IMG_9994.jpeg","width":2048,"height":1366},{"@type":"BreadcrumbList","@id":"https:\/\/quehacerpolitico.mx\/?p=114170#breadcrumb","itemListElement":[{"@type":"ListItem","position":1,"name":"Inicio","item":"https:\/\/quehacerpolitico.mx\/"},{"@type":"ListItem","position":2,"name":"Aleida Alavez entreg\u00f3 obra de rehabilitaci\u00f3n integral en la calle Insurgentes, colonia Las Pe\u00f1as, que consiste en la mitigaci\u00f3n de grietas, rehabilitaci\u00f3n del drenaje y de dos pozos de captaci\u00f3n de agua pluvial, reencarpetamiento y balizado"}]},{"@type":"WebSite","@id":"https:\/\/quehacerpolitico.mx\/#website","url":"https:\/\/quehacerpolitico.mx\/","name":"","description":"","potentialAction":[{"@type":"SearchAction","target":{"@type":"EntryPoint","urlTemplate":"https:\/\/quehacerpolitico.mx\/?s={search_term_string}"},"query-input":{"@type":"PropertyValueSpecification","valueRequired":true,"valueName":"search_term_string"}}],"inLanguage":"es"},{"@type":"Person","@id":"https:\/\/quehacerpolitico.mx\/#\/schema\/person\/496d8ad2d1d3f8036101dca7ee39e585","name":"Redacci\u00f3n QP","image":{"@type":"ImageObject","inLanguage":"es","@id":"https:\/\/secure.gravatar.com\/avatar\/c7164ed6fdec453195284ad24a5ae5b6e1eed2b848477fa2a4787ba9adf39a41?s=96&d=mm&r=g","url":"https:\/\/secure.gravatar.com\/avatar\/c7164ed6fdec453195284ad24a5ae5b6e1eed2b848477fa2a4787ba9adf39a41?s=96&d=mm&r=g","contentUrl":"https:\/\/secure.gravatar.com\/avatar\/c7164ed6fdec453195284ad24a5ae5b6e1eed2b848477fa2a4787ba9adf39a41?s=96&d=mm&r=g","caption":"Redacci\u00f3n QP"},"url":"https:\/\/quehacerpolitico.mx\/?author=2"}]}},"featured_image_urls":{"full":["https:\/\/quehacerpolitico.mx\/wp-content\/uploads\/2025\/01\/IMG_9994.jpeg",2048,1366,false],"thumbnail":["https:\/\/quehacerpolitico.mx\/wp-content\/uploads\/2025\/01\/IMG_9994-150x150.jpeg",150,150,true],"medium":["https:\/\/quehacerpolitico.mx\/wp-content\/uploads\/2025\/01\/IMG_9994-300x200.jpeg",300,200,true],"medium_large":["https:\/\/quehacerpolitico.mx\/wp-content\/uploads\/2025\/01\/IMG_9994-768x512.jpeg",640,427,true],"large":["https:\/\/quehacerpolitico.mx\/wp-content\/uploads\/2025\/01\/IMG_9994-1024x683.jpeg",640,427,true],"1536x1536":["https:\/\/quehacerpolitico.mx\/wp-content\/uploads\/2025\/01\/IMG_9994-1536x1025.jpeg",1536,1025,true],"2048x2048":["https:\/\/quehacerpolitico.mx\/wp-content\/uploads\/2025\/01\/IMG_9994.jpeg",2048,1366,false],"covernews-featured":["https:\/\/quehacerpolitico.mx\/wp-content\/uploads\/2025\/01\/IMG_9994-1024x683.jpeg",1024,683,true],"covernews-medium":["https:\/\/quehacerpolitico.mx\/wp-content\/uploads\/2025\/01\/IMG_9994-540x340.jpeg",540,340,true]},"author_info":{"display_name":"Redacci\u00f3n QP","author_link":"https:\/\/quehacerpolitico.mx\/?author=2"},"category_info":"<a href=\"https:\/\/quehacerpolitico.mx\/?cat=55\" rel=\"category\">CDMX<\/a>","tag_info":"CDMX","comment_count":"0","_links":{"self":[{"href":"https:\/\/quehacerpolitico.mx\/index.php?rest_route=\/wp\/v2\/posts\/114170","targetHints":{"allow":["GET"]}}],"collection":[{"href":"https:\/\/quehacerpolitico.mx\/index.php?rest_route=\/wp\/v2\/posts"}],"about":[{"href":"https:\/\/quehacerpolitico.mx\/index.php?rest_route=\/wp\/v2\/types\/post"}],"author":[{"embeddable":true,"href":"https:\/\/quehacerpolitico.mx\/index.php?rest_route=\/wp\/v2\/users\/2"}],"replies":[{"embeddable":true,"href":"https:\/\/quehacerpolitico.mx\/index.php?rest_route=%2Fwp%2Fv2%2Fcomments&post=114170"}],"version-history":[{"count":1,"href":"https:\/\/quehacerpolitico.mx\/index.php?rest_route=\/wp\/v2\/posts\/114170\/revisions"}],"predecessor-version":[{"id":114175,"href":"https:\/\/quehacerpolitico.mx\/index.php?rest_route=\/wp\/v2\/posts\/114170\/revisions\/114175"}],"wp:featuredmedia":[{"embeddable":true,"href":"https:\/\/quehacerpolitico.mx\/index.php?rest_route=\/wp\/v2\/media\/114174"}],"wp:attachment":[{"href":"https:\/\/quehacerpolitico.mx\/index.php?rest_route=%2Fwp%2Fv2%2Fmedia&parent=114170"}],"wp:term":[{"taxonomy":"category","embeddable":true,"href":"https:\/\/quehacerpolitico.mx\/index.php?rest_route=%2Fwp%2Fv2%2Fcategories&post=114170"},{"taxonomy":"post_tag","embeddable":true,"href":"https:\/\/quehacerpolitico.mx\/index.php?rest_route=%2Fwp%2Fv2%2Ftags&post=114170"}],"curies":[{"name":"wp","href":"https:\/\/api.w.org\/{rel}","templated":true}]}}