{"id":114166,"date":"2025-01-05T18:04:15","date_gmt":"2025-01-06T00:04:15","guid":{"rendered":"https:\/\/quehacerpolitico.mx\/?p=114166"},"modified":"2025-01-05T18:04:18","modified_gmt":"2025-01-06T00:04:18","slug":"el-quehacer-politico-internacional-a-traves-de-la-opinion-carolina-alonso-romei-el-presidente-del-parlamento-de-venezuela-jorge-rodriguez-pidio-a-los-diputados-apoyar-la-solicitud","status":"publish","type":"post","link":"https:\/\/quehacerpolitico.mx\/?p=114166","title":{"rendered":"El Quehacer Pol\u00edtico Internacional a trav\u00e9s de la opini\u00f3n\/\/\/Carolina Alonso Romei\/\/\/El presidente del\u00a0Parlamento\u00a0de Venezuela, Jorge Rodr\u00edguez, pidi\u00f3 a los diputados apoyar la\u00a0solicitud\u00a0de\u00a0arresto\u00a0para el l\u00edder de la oposici\u00f3n mayoritaria,\u00a0Edmundo Gonz\u00e1lez\u00a0Urrutia"},"content":{"rendered":"\n<p>Por Carolina Alonso Romei<\/p>\n\n\n\n<p>Internacionalista <\/p>\n\n\n\n<p>El jefe del Parlamento dice que la llegada de Gonz\u00e1lez Urrutia a Venezuela supone \u201ctraici\u00f3n a la patria\u201d por pretender incurrir en \u201cusurpaci\u00f3n de funciones\u201d<\/p>\n\n\n\n<p>El presidente del\u00a0<strong>Parlamento<\/strong>\u00a0de Venezuela, Jorge Rodr\u00edguez, pidi\u00f3 a los diputados apoyar la\u00a0<strong>solicitud<\/strong>\u00a0de\u00a0<strong>arresto<\/strong>\u00a0para el l\u00edder de la oposici\u00f3n mayoritaria,\u00a0<strong>Edmundo Gonz\u00e1lez<\/strong>\u00a0<strong>Urrutia<\/strong>\u00a0-exiliado en Espa\u00f1a-, si ingresa al pa\u00eds, luego de que el antichavista manifestara su intenci\u00f3n de\u00a0<strong>asumir<\/strong>\u00a0la\u00a0<strong>Presidencia<\/strong>, al asegurar que gan\u00f3 las elecciones.<\/p>\n\n\n\n<figure class=\"wp-block-embed is-type-video is-provider-youtube wp-block-embed-youtube wp-embed-aspect-16-9 wp-has-aspect-ratio\"><div class=\"wp-block-embed__wrapper\">\n<iframe loading=\"lazy\" title=\"Venezuela: Rodr\u00edguez repite como presidente de la Asamblea y pide arresto de Gonz\u00e1lez| El Espectador\" width=\"640\" height=\"360\" src=\"https:\/\/www.youtube.com\/embed\/XxH8ZJJhEK8?feature=oembed\" frameborder=\"0\" allow=\"accelerometer; autoplay; clipboard-write; encrypted-media; gyroscope; picture-in-picture; web-share\" referrerpolicy=\"strict-origin-when-cross-origin\" allowfullscreen><\/iframe>\n<\/div><\/figure>\n\n\n\n<p>Previamente, la Fiscal\u00eda ya hab\u00eda pedido una orden de detenci\u00f3n y la Polic\u00eda ofreci\u00f3, recientemente, una recompensa de\u00a0<strong>100 mil d\u00f3lares<\/strong>\u00a0a quien facilite\u00a0<strong>informaci\u00f3n<\/strong>\u00a0sobre el\u00a0<strong>paradero<\/strong>\u00a0del\u00a0<strong>opositor<\/strong>\u00a0o aporte alg\u00fan dato que facilite su arresto.<\/p>\n\n\n\n<p>La insistencia del Estado venezolano en el arresto de Gonz\u00e1lez Urrutia arreci\u00f3 al aproximarse la fecha de la&nbsp;<strong>toma de posesi\u00f3n<\/strong>del presidente para el pr\u00f3ximo sexenio, programada para el 10 de enero, que tanto el actual mandatario,&nbsp;<strong>Nicol\u00e1s<\/strong>&nbsp;<strong>Maduro<\/strong>, como el opositor -actualmente de gira por Am\u00e9rica-, prometen asumir.<\/p>\n\n\n\n<p>Ante esta situaci\u00f3n, Rodr\u00edguez subray\u00f3 la necesidad de colaborar con la Fiscal\u00eda, al considerar que la eventual llegada del antichavista al pa\u00eds supone \u201ctraici\u00f3n a la patria\u201d por pretender incurrir en la \u201cusurpaci\u00f3n de funciones\u201d.<\/p>\n\n\n\n<p>\u201cEstamos obligados a contribuir con la Fiscal\u00eda (\u2026). Cada diputada y cada diputado que defiende la paz solicitaremos, en caso de que toque un palmo del terreno de (\u2026) Venezuela, el arresto inmediato por violaci\u00f3n de la Ley Org\u00e1nica Libertador Sim\u00f3n Bol\u00edvar, por usurpaci\u00f3n de funciones, por traici\u00f3n a la patria, por lavado de dinero\u201d, manifest\u00f3 el chavista.<\/p>\n\n\n\n<p>La Ley Bol\u00edvar contempla penas de entre 25 y 30 a\u00f1os de prisi\u00f3n, as\u00ed como multas millonarias y 60 a\u00f1os de inhabilitaci\u00f3n pol\u00edtica a quienes promuevan sanciones contra el Gobierno o funcionarios p\u00fablicos. Rodr\u00edguez no detall\u00f3 qu\u00e9 art\u00edculos de esta norma estar\u00eda violando Gonz\u00e1lez Urrutia al ingresar a Venezuela.<\/p>\n\n\n\n<p>El l\u00edder opositor ha visitado, durante la gira que comenz\u00f3 este s\u00e1bado, Argentina, donde se reuni\u00f3 con el presidente Javier Milei, y Uruguay, en cuya capital sostuvo un encuentro con el mandatario Luis Lacalle Pou.<\/p>\n\n\n\n<p>Este domingo viaja a Estados Unidos, donde espera\u00a0reunirse con el presidente Joe Biden para continuar con la b\u00fasqueda de apoyos antes de la ceremonia de asunci\u00f3n a la Presidencia, pese a que el Consejo Nacional Electoral (CNE) otorg\u00f3 la victoria a Maduro, un resultado calificado de \u201cfraude\u201d por numerosos pa\u00edses y organismos nacionales e internacionales.<\/p>\n\n\n\n<p>El presidente del Parlamento reiter\u00f3 la invitaci\u00f3n a Maduro para que asuma la Presidencia en la sede del Palacio Legislativo, el 10 de enero a las 12:00 h local, al tiempo que subray\u00f3 que el mandatario fue elegido por el pueblo, seg\u00fan el Consejo Nacional Electoral, que todav\u00eda no publica los resultados detallados de esa contienda.<\/p>\n\n\n\n<p>Con informaci\u00f3n de EFE<\/p>\n","protected":false},"excerpt":{"rendered":"<p>Por Carolina Alonso Romei Internacionalista El jefe del Parlamento dice que la llegada de Gonz\u00e1lez&#8230;<\/p>\n","protected":false},"author":2,"featured_media":114167,"comment_status":"open","ping_status":"open","sticky":false,"template":"","format":"standard","meta":{"_monsterinsights_skip_tracking":false,"_monsterinsights_sitenote_active":false,"_monsterinsights_sitenote_note":"","_monsterinsights_sitenote_category":0,"footnotes":""},"categories":[1],"tags":[],"class_list":["post-114166","post","type-post","status-publish","format-standard","has-post-thumbnail","hentry","category-sin-categoria"],"yoast_head":"<!-- This site is optimized with the Yoast SEO plugin v27.3 - https:\/\/yoast.com\/product\/yoast-seo-wordpress\/ -->\n<title>El Quehacer Pol\u00edtico Internacional a trav\u00e9s de la opini\u00f3n\/\/\/Carolina Alonso Romei\/\/\/El presidente del\u00a0Parlamento\u00a0de Venezuela, Jorge Rodr\u00edguez, pidi\u00f3 a los diputados apoyar la\u00a0solicitud\u00a0de\u00a0arresto\u00a0para el l\u00edder de la oposici\u00f3n mayoritaria,\u00a0Edmundo Gonz\u00e1lez\u00a0Urrutia -<\/title>\n<meta name=\"robots\" content=\"index, follow, max-snippet:-1, max-image-preview:large, max-video-preview:-1\" \/>\n<link rel=\"canonical\" href=\"https:\/\/quehacerpolitico.mx\/?p=114166\" \/>\n<meta property=\"og:locale\" content=\"es_MX\" \/>\n<meta property=\"og:type\" content=\"article\" \/>\n<meta property=\"og:title\" content=\"El Quehacer Pol\u00edtico Internacional a trav\u00e9s de la opini\u00f3n\/\/\/Carolina Alonso Romei\/\/\/El presidente del\u00a0Parlamento\u00a0de Venezuela, Jorge Rodr\u00edguez, pidi\u00f3 a los diputados apoyar la\u00a0solicitud\u00a0de\u00a0arresto\u00a0para el l\u00edder de la oposici\u00f3n mayoritaria,\u00a0Edmundo Gonz\u00e1lez\u00a0Urrutia -\" \/>\n<meta property=\"og:description\" content=\"Por Carolina Alonso Romei Internacionalista El jefe del Parlamento dice que la llegada de Gonz\u00e1lez...\" \/>\n<meta property=\"og:url\" content=\"https:\/\/quehacerpolitico.mx\/?p=114166\" \/>\n<meta property=\"article:published_time\" content=\"2025-01-06T00:04:15+00:00\" \/>\n<meta property=\"article:modified_time\" content=\"2025-01-06T00:04:18+00:00\" \/>\n<meta property=\"og:image\" content=\"https:\/\/quehacerpolitico.mx\/wp-content\/uploads\/2025\/01\/03fa6135-c3fe-44b7-8e96-c6ca323ffebb-2.jpeg\" \/>\n\t<meta property=\"og:image:width\" content=\"963\" \/>\n\t<meta property=\"og:image:height\" content=\"493\" \/>\n\t<meta property=\"og:image:type\" content=\"image\/jpeg\" \/>\n<meta name=\"author\" content=\"Redacci\u00f3n QP\" \/>\n<meta name=\"twitter:card\" content=\"summary_large_image\" \/>\n<meta name=\"twitter:label1\" content=\"Escrito por\" \/>\n\t<meta name=\"twitter:data1\" content=\"Redacci\u00f3n QP\" \/>\n\t<meta name=\"twitter:label2\" content=\"Tiempo de lectura\" \/>\n\t<meta name=\"twitter:data2\" content=\"3 minutos\" \/>\n<script type=\"application\/ld+json\" class=\"yoast-schema-graph\">{\"@context\":\"https:\\\/\\\/schema.org\",\"@graph\":[{\"@type\":\"Article\",\"@id\":\"https:\\\/\\\/quehacerpolitico.mx\\\/?p=114166#article\",\"isPartOf\":{\"@id\":\"https:\\\/\\\/quehacerpolitico.mx\\\/?p=114166\"},\"author\":{\"name\":\"Redacci\u00f3n QP\",\"@id\":\"https:\\\/\\\/quehacerpolitico.mx\\\/#\\\/schema\\\/person\\\/496d8ad2d1d3f8036101dca7ee39e585\"},\"headline\":\"El Quehacer Pol\u00edtico Internacional a trav\u00e9s de la opini\u00f3n\\\/\\\/\\\/Carolina Alonso Romei\\\/\\\/\\\/El presidente del\u00a0Parlamento\u00a0de Venezuela, Jorge Rodr\u00edguez, pidi\u00f3 a los diputados apoyar la\u00a0solicitud\u00a0de\u00a0arresto\u00a0para el l\u00edder de la oposici\u00f3n mayoritaria,\u00a0Edmundo Gonz\u00e1lez\u00a0Urrutia\",\"datePublished\":\"2025-01-06T00:04:15+00:00\",\"dateModified\":\"2025-01-06T00:04:18+00:00\",\"mainEntityOfPage\":{\"@id\":\"https:\\\/\\\/quehacerpolitico.mx\\\/?p=114166\"},\"wordCount\":565,\"commentCount\":0,\"image\":{\"@id\":\"https:\\\/\\\/quehacerpolitico.mx\\\/?p=114166#primaryimage\"},\"thumbnailUrl\":\"https:\\\/\\\/quehacerpolitico.mx\\\/wp-content\\\/uploads\\\/2025\\\/01\\\/03fa6135-c3fe-44b7-8e96-c6ca323ffebb-2.jpeg\",\"articleSection\":[\"Internacionales\"],\"inLanguage\":\"es\",\"potentialAction\":[{\"@type\":\"CommentAction\",\"name\":\"Comment\",\"target\":[\"https:\\\/\\\/quehacerpolitico.mx\\\/?p=114166#respond\"]}]},{\"@type\":\"WebPage\",\"@id\":\"https:\\\/\\\/quehacerpolitico.mx\\\/?p=114166\",\"url\":\"https:\\\/\\\/quehacerpolitico.mx\\\/?p=114166\",\"name\":\"El Quehacer Pol\u00edtico Internacional a trav\u00e9s de la opini\u00f3n\\\/\\\/\\\/Carolina Alonso Romei\\\/\\\/\\\/El presidente del\u00a0Parlamento\u00a0de Venezuela, Jorge Rodr\u00edguez, pidi\u00f3 a los diputados apoyar la\u00a0solicitud\u00a0de\u00a0arresto\u00a0para el l\u00edder de la oposici\u00f3n mayoritaria,\u00a0Edmundo Gonz\u00e1lez\u00a0Urrutia -\",\"isPartOf\":{\"@id\":\"https:\\\/\\\/quehacerpolitico.mx\\\/#website\"},\"primaryImageOfPage\":{\"@id\":\"https:\\\/\\\/quehacerpolitico.mx\\\/?p=114166#primaryimage\"},\"image\":{\"@id\":\"https:\\\/\\\/quehacerpolitico.mx\\\/?p=114166#primaryimage\"},\"thumbnailUrl\":\"https:\\\/\\\/quehacerpolitico.mx\\\/wp-content\\\/uploads\\\/2025\\\/01\\\/03fa6135-c3fe-44b7-8e96-c6ca323ffebb-2.jpeg\",\"datePublished\":\"2025-01-06T00:04:15+00:00\",\"dateModified\":\"2025-01-06T00:04:18+00:00\",\"author\":{\"@id\":\"https:\\\/\\\/quehacerpolitico.mx\\\/#\\\/schema\\\/person\\\/496d8ad2d1d3f8036101dca7ee39e585\"},\"breadcrumb\":{\"@id\":\"https:\\\/\\\/quehacerpolitico.mx\\\/?p=114166#breadcrumb\"},\"inLanguage\":\"es\",\"potentialAction\":[{\"@type\":\"ReadAction\",\"target\":[\"https:\\\/\\\/quehacerpolitico.mx\\\/?p=114166\"]}]},{\"@type\":\"ImageObject\",\"inLanguage\":\"es\",\"@id\":\"https:\\\/\\\/quehacerpolitico.mx\\\/?p=114166#primaryimage\",\"url\":\"https:\\\/\\\/quehacerpolitico.mx\\\/wp-content\\\/uploads\\\/2025\\\/01\\\/03fa6135-c3fe-44b7-8e96-c6ca323ffebb-2.jpeg\",\"contentUrl\":\"https:\\\/\\\/quehacerpolitico.mx\\\/wp-content\\\/uploads\\\/2025\\\/01\\\/03fa6135-c3fe-44b7-8e96-c6ca323ffebb-2.jpeg\",\"width\":963,\"height\":493},{\"@type\":\"BreadcrumbList\",\"@id\":\"https:\\\/\\\/quehacerpolitico.mx\\\/?p=114166#breadcrumb\",\"itemListElement\":[{\"@type\":\"ListItem\",\"position\":1,\"name\":\"Inicio\",\"item\":\"https:\\\/\\\/quehacerpolitico.mx\\\/\"},{\"@type\":\"ListItem\",\"position\":2,\"name\":\"El Quehacer Pol\u00edtico Internacional a trav\u00e9s de la opini\u00f3n\\\/\\\/\\\/Carolina Alonso Romei\\\/\\\/\\\/El presidente del\u00a0Parlamento\u00a0de Venezuela, Jorge Rodr\u00edguez, pidi\u00f3 a los diputados apoyar la\u00a0solicitud\u00a0de\u00a0arresto\u00a0para el l\u00edder de la oposici\u00f3n mayoritaria,\u00a0Edmundo Gonz\u00e1lez\u00a0Urrutia\"}]},{\"@type\":\"WebSite\",\"@id\":\"https:\\\/\\\/quehacerpolitico.mx\\\/#website\",\"url\":\"https:\\\/\\\/quehacerpolitico.mx\\\/\",\"name\":\"\",\"description\":\"\",\"potentialAction\":[{\"@type\":\"SearchAction\",\"target\":{\"@type\":\"EntryPoint\",\"urlTemplate\":\"https:\\\/\\\/quehacerpolitico.mx\\\/?s={search_term_string}\"},\"query-input\":{\"@type\":\"PropertyValueSpecification\",\"valueRequired\":true,\"valueName\":\"search_term_string\"}}],\"inLanguage\":\"es\"},{\"@type\":\"Person\",\"@id\":\"https:\\\/\\\/quehacerpolitico.mx\\\/#\\\/schema\\\/person\\\/496d8ad2d1d3f8036101dca7ee39e585\",\"name\":\"Redacci\u00f3n QP\",\"image\":{\"@type\":\"ImageObject\",\"inLanguage\":\"es\",\"@id\":\"https:\\\/\\\/secure.gravatar.com\\\/avatar\\\/c7164ed6fdec453195284ad24a5ae5b6e1eed2b848477fa2a4787ba9adf39a41?s=96&d=mm&r=g\",\"url\":\"https:\\\/\\\/secure.gravatar.com\\\/avatar\\\/c7164ed6fdec453195284ad24a5ae5b6e1eed2b848477fa2a4787ba9adf39a41?s=96&d=mm&r=g\",\"contentUrl\":\"https:\\\/\\\/secure.gravatar.com\\\/avatar\\\/c7164ed6fdec453195284ad24a5ae5b6e1eed2b848477fa2a4787ba9adf39a41?s=96&d=mm&r=g\",\"caption\":\"Redacci\u00f3n QP\"},\"url\":\"https:\\\/\\\/quehacerpolitico.mx\\\/?author=2\"}]}<\/script>\n<!-- \/ Yoast SEO plugin. -->","yoast_head_json":{"title":"El Quehacer Pol\u00edtico Internacional a trav\u00e9s de la opini\u00f3n\/\/\/Carolina Alonso Romei\/\/\/El presidente del\u00a0Parlamento\u00a0de Venezuela, Jorge Rodr\u00edguez, pidi\u00f3 a los diputados apoyar la\u00a0solicitud\u00a0de\u00a0arresto\u00a0para el l\u00edder de la oposici\u00f3n mayoritaria,\u00a0Edmundo Gonz\u00e1lez\u00a0Urrutia -","robots":{"index":"index","follow":"follow","max-snippet":"max-snippet:-1","max-image-preview":"max-image-preview:large","max-video-preview":"max-video-preview:-1"},"canonical":"https:\/\/quehacerpolitico.mx\/?p=114166","og_locale":"es_MX","og_type":"article","og_title":"El Quehacer Pol\u00edtico Internacional a trav\u00e9s de la opini\u00f3n\/\/\/Carolina Alonso Romei\/\/\/El presidente del\u00a0Parlamento\u00a0de Venezuela, Jorge Rodr\u00edguez, pidi\u00f3 a los diputados apoyar la\u00a0solicitud\u00a0de\u00a0arresto\u00a0para el l\u00edder de la oposici\u00f3n mayoritaria,\u00a0Edmundo Gonz\u00e1lez\u00a0Urrutia -","og_description":"Por Carolina Alonso Romei Internacionalista El jefe del Parlamento dice que la llegada de Gonz\u00e1lez...","og_url":"https:\/\/quehacerpolitico.mx\/?p=114166","article_published_time":"2025-01-06T00:04:15+00:00","article_modified_time":"2025-01-06T00:04:18+00:00","og_image":[{"width":963,"height":493,"url":"https:\/\/quehacerpolitico.mx\/wp-content\/uploads\/2025\/01\/03fa6135-c3fe-44b7-8e96-c6ca323ffebb-2.jpeg","type":"image\/jpeg"}],"author":"Redacci\u00f3n QP","twitter_card":"summary_large_image","twitter_misc":{"Escrito por":"Redacci\u00f3n QP","Tiempo de lectura":"3 minutos"},"schema":{"@context":"https:\/\/schema.org","@graph":[{"@type":"Article","@id":"https:\/\/quehacerpolitico.mx\/?p=114166#article","isPartOf":{"@id":"https:\/\/quehacerpolitico.mx\/?p=114166"},"author":{"name":"Redacci\u00f3n QP","@id":"https:\/\/quehacerpolitico.mx\/#\/schema\/person\/496d8ad2d1d3f8036101dca7ee39e585"},"headline":"El Quehacer Pol\u00edtico Internacional a trav\u00e9s de la opini\u00f3n\/\/\/Carolina Alonso Romei\/\/\/El presidente del\u00a0Parlamento\u00a0de Venezuela, Jorge Rodr\u00edguez, pidi\u00f3 a los diputados apoyar la\u00a0solicitud\u00a0de\u00a0arresto\u00a0para el l\u00edder de la oposici\u00f3n mayoritaria,\u00a0Edmundo Gonz\u00e1lez\u00a0Urrutia","datePublished":"2025-01-06T00:04:15+00:00","dateModified":"2025-01-06T00:04:18+00:00","mainEntityOfPage":{"@id":"https:\/\/quehacerpolitico.mx\/?p=114166"},"wordCount":565,"commentCount":0,"image":{"@id":"https:\/\/quehacerpolitico.mx\/?p=114166#primaryimage"},"thumbnailUrl":"https:\/\/quehacerpolitico.mx\/wp-content\/uploads\/2025\/01\/03fa6135-c3fe-44b7-8e96-c6ca323ffebb-2.jpeg","articleSection":["Internacionales"],"inLanguage":"es","potentialAction":[{"@type":"CommentAction","name":"Comment","target":["https:\/\/quehacerpolitico.mx\/?p=114166#respond"]}]},{"@type":"WebPage","@id":"https:\/\/quehacerpolitico.mx\/?p=114166","url":"https:\/\/quehacerpolitico.mx\/?p=114166","name":"El Quehacer Pol\u00edtico Internacional a trav\u00e9s de la opini\u00f3n\/\/\/Carolina Alonso Romei\/\/\/El presidente del\u00a0Parlamento\u00a0de Venezuela, Jorge Rodr\u00edguez, pidi\u00f3 a los diputados apoyar la\u00a0solicitud\u00a0de\u00a0arresto\u00a0para el l\u00edder de la oposici\u00f3n mayoritaria,\u00a0Edmundo Gonz\u00e1lez\u00a0Urrutia -","isPartOf":{"@id":"https:\/\/quehacerpolitico.mx\/#website"},"primaryImageOfPage":{"@id":"https:\/\/quehacerpolitico.mx\/?p=114166#primaryimage"},"image":{"@id":"https:\/\/quehacerpolitico.mx\/?p=114166#primaryimage"},"thumbnailUrl":"https:\/\/quehacerpolitico.mx\/wp-content\/uploads\/2025\/01\/03fa6135-c3fe-44b7-8e96-c6ca323ffebb-2.jpeg","datePublished":"2025-01-06T00:04:15+00:00","dateModified":"2025-01-06T00:04:18+00:00","author":{"@id":"https:\/\/quehacerpolitico.mx\/#\/schema\/person\/496d8ad2d1d3f8036101dca7ee39e585"},"breadcrumb":{"@id":"https:\/\/quehacerpolitico.mx\/?p=114166#breadcrumb"},"inLanguage":"es","potentialAction":[{"@type":"ReadAction","target":["https:\/\/quehacerpolitico.mx\/?p=114166"]}]},{"@type":"ImageObject","inLanguage":"es","@id":"https:\/\/quehacerpolitico.mx\/?p=114166#primaryimage","url":"https:\/\/quehacerpolitico.mx\/wp-content\/uploads\/2025\/01\/03fa6135-c3fe-44b7-8e96-c6ca323ffebb-2.jpeg","contentUrl":"https:\/\/quehacerpolitico.mx\/wp-content\/uploads\/2025\/01\/03fa6135-c3fe-44b7-8e96-c6ca323ffebb-2.jpeg","width":963,"height":493},{"@type":"BreadcrumbList","@id":"https:\/\/quehacerpolitico.mx\/?p=114166#breadcrumb","itemListElement":[{"@type":"ListItem","position":1,"name":"Inicio","item":"https:\/\/quehacerpolitico.mx\/"},{"@type":"ListItem","position":2,"name":"El Quehacer Pol\u00edtico Internacional a trav\u00e9s de la opini\u00f3n\/\/\/Carolina Alonso Romei\/\/\/El presidente del\u00a0Parlamento\u00a0de Venezuela, Jorge Rodr\u00edguez, pidi\u00f3 a los diputados apoyar la\u00a0solicitud\u00a0de\u00a0arresto\u00a0para el l\u00edder de la oposici\u00f3n mayoritaria,\u00a0Edmundo Gonz\u00e1lez\u00a0Urrutia"}]},{"@type":"WebSite","@id":"https:\/\/quehacerpolitico.mx\/#website","url":"https:\/\/quehacerpolitico.mx\/","name":"","description":"","potentialAction":[{"@type":"SearchAction","target":{"@type":"EntryPoint","urlTemplate":"https:\/\/quehacerpolitico.mx\/?s={search_term_string}"},"query-input":{"@type":"PropertyValueSpecification","valueRequired":true,"valueName":"search_term_string"}}],"inLanguage":"es"},{"@type":"Person","@id":"https:\/\/quehacerpolitico.mx\/#\/schema\/person\/496d8ad2d1d3f8036101dca7ee39e585","name":"Redacci\u00f3n QP","image":{"@type":"ImageObject","inLanguage":"es","@id":"https:\/\/secure.gravatar.com\/avatar\/c7164ed6fdec453195284ad24a5ae5b6e1eed2b848477fa2a4787ba9adf39a41?s=96&d=mm&r=g","url":"https:\/\/secure.gravatar.com\/avatar\/c7164ed6fdec453195284ad24a5ae5b6e1eed2b848477fa2a4787ba9adf39a41?s=96&d=mm&r=g","contentUrl":"https:\/\/secure.gravatar.com\/avatar\/c7164ed6fdec453195284ad24a5ae5b6e1eed2b848477fa2a4787ba9adf39a41?s=96&d=mm&r=g","caption":"Redacci\u00f3n QP"},"url":"https:\/\/quehacerpolitico.mx\/?author=2"}]}},"featured_image_urls":{"full":["https:\/\/quehacerpolitico.mx\/wp-content\/uploads\/2025\/01\/03fa6135-c3fe-44b7-8e96-c6ca323ffebb-2.jpeg",963,493,false],"thumbnail":["https:\/\/quehacerpolitico.mx\/wp-content\/uploads\/2025\/01\/03fa6135-c3fe-44b7-8e96-c6ca323ffebb-2-150x150.jpeg",150,150,true],"medium":["https:\/\/quehacerpolitico.mx\/wp-content\/uploads\/2025\/01\/03fa6135-c3fe-44b7-8e96-c6ca323ffebb-2-300x154.jpeg",300,154,true],"medium_large":["https:\/\/quehacerpolitico.mx\/wp-content\/uploads\/2025\/01\/03fa6135-c3fe-44b7-8e96-c6ca323ffebb-2-768x393.jpeg",640,328,true],"large":["https:\/\/quehacerpolitico.mx\/wp-content\/uploads\/2025\/01\/03fa6135-c3fe-44b7-8e96-c6ca323ffebb-2.jpeg",640,328,false],"1536x1536":["https:\/\/quehacerpolitico.mx\/wp-content\/uploads\/2025\/01\/03fa6135-c3fe-44b7-8e96-c6ca323ffebb-2.jpeg",963,493,false],"2048x2048":["https:\/\/quehacerpolitico.mx\/wp-content\/uploads\/2025\/01\/03fa6135-c3fe-44b7-8e96-c6ca323ffebb-2.jpeg",963,493,false],"covernews-featured":["https:\/\/quehacerpolitico.mx\/wp-content\/uploads\/2025\/01\/03fa6135-c3fe-44b7-8e96-c6ca323ffebb-2.jpeg",963,493,false],"covernews-medium":["https:\/\/quehacerpolitico.mx\/wp-content\/uploads\/2025\/01\/03fa6135-c3fe-44b7-8e96-c6ca323ffebb-2-540x340.jpeg",540,340,true]},"author_info":{"display_name":"Redacci\u00f3n QP","author_link":"https:\/\/quehacerpolitico.mx\/?author=2"},"category_info":"<a href=\"https:\/\/quehacerpolitico.mx\/?cat=1\" rel=\"category\">Internacionales<\/a>","tag_info":"Internacionales","comment_count":"0","_links":{"self":[{"href":"https:\/\/quehacerpolitico.mx\/index.php?rest_route=\/wp\/v2\/posts\/114166","targetHints":{"allow":["GET"]}}],"collection":[{"href":"https:\/\/quehacerpolitico.mx\/index.php?rest_route=\/wp\/v2\/posts"}],"about":[{"href":"https:\/\/quehacerpolitico.mx\/index.php?rest_route=\/wp\/v2\/types\/post"}],"author":[{"embeddable":true,"href":"https:\/\/quehacerpolitico.mx\/index.php?rest_route=\/wp\/v2\/users\/2"}],"replies":[{"embeddable":true,"href":"https:\/\/quehacerpolitico.mx\/index.php?rest_route=%2Fwp%2Fv2%2Fcomments&post=114166"}],"version-history":[{"count":2,"href":"https:\/\/quehacerpolitico.mx\/index.php?rest_route=\/wp\/v2\/posts\/114166\/revisions"}],"predecessor-version":[{"id":114169,"href":"https:\/\/quehacerpolitico.mx\/index.php?rest_route=\/wp\/v2\/posts\/114166\/revisions\/114169"}],"wp:featuredmedia":[{"embeddable":true,"href":"https:\/\/quehacerpolitico.mx\/index.php?rest_route=\/wp\/v2\/media\/114167"}],"wp:attachment":[{"href":"https:\/\/quehacerpolitico.mx\/index.php?rest_route=%2Fwp%2Fv2%2Fmedia&parent=114166"}],"wp:term":[{"taxonomy":"category","embeddable":true,"href":"https:\/\/quehacerpolitico.mx\/index.php?rest_route=%2Fwp%2Fv2%2Fcategories&post=114166"},{"taxonomy":"post_tag","embeddable":true,"href":"https:\/\/quehacerpolitico.mx\/index.php?rest_route=%2Fwp%2Fv2%2Ftags&post=114166"}],"curies":[{"name":"wp","href":"https:\/\/api.w.org\/{rel}","templated":true}]}}