{"id":114157,"date":"2025-01-05T16:03:07","date_gmt":"2025-01-05T22:03:07","guid":{"rendered":"https:\/\/quehacerpolitico.mx\/?p=114157"},"modified":"2025-01-05T16:03:13","modified_gmt":"2025-01-05T22:03:13","slug":"llegan-los-globos-de-oro-con-emilia-perez-y-the-brutalist-como-favoritas","status":"publish","type":"post","link":"https:\/\/quehacerpolitico.mx\/?p=114157","title":{"rendered":"Llegan los Globos de Oro con &#8220;Emilia P\u00e9rez&#8221; y &#8220;The Brutalist&#8221; como favoritas"},"content":{"rendered":"\n<p>Por Redacci\u00f3n QP<\/p>\n\n\n\n<p>El evento contar\u00e1 con Nikki Glaser como anfitriona y personalidades como Elton John, Salma Hayek, Demi Moore o Vin Diesel subir\u00e1n al escenario para dar el galard\u00f3n a los triunfadores de la noche<\/p>\n\n\n\n<p>Los Globos de Oro regresan este domingo al Beverly Hilton de Los \u00c1ngeles con su edici\u00f3n n\u00famero 82, marcando el inicio de la temporada de premios en Hollywood con &#8220;Emilia P\u00e9reZ&#8221;, &#8220;Conclave&#8221;&nbsp;y &#8220;The Brutalist&#8221; entre las grandes apuestas.<\/p>\n\n\n\n<figure class=\"wp-block-embed is-type-video is-provider-youtube wp-block-embed-youtube wp-embed-aspect-16-9 wp-has-aspect-ratio\"><div class=\"wp-block-embed__wrapper\">\n<iframe loading=\"lazy\" title=\"GLOBOS DE ORO 2025: Lista completa de NOMINADOS y NOMINADAS\" width=\"640\" height=\"360\" src=\"https:\/\/www.youtube.com\/embed\/saIQFPG-KJ8?feature=oembed\" frameborder=\"0\" allow=\"accelerometer; autoplay; clipboard-write; encrypted-media; gyroscope; picture-in-picture; web-share\" referrerpolicy=\"strict-origin-when-cross-origin\" allowfullscreen><\/iframe>\n<\/div><\/figure>\n\n\n\n<p>La gala, a la que se espera que asistan una gran variedad de celebridades, comenzar\u00e1 a partir de las 5:00 de la tarde con el espa\u00f1ol Javier Bardem (&#8220;Monsters&#8221;), el mexicano Diego Luna (&#8220;La M\u00e1quina&#8221;) y a la colombiana Sof\u00eda Vergara (&#8220;Griselda&#8221;) entre los principales representantes hispanos de esta edici\u00f3n.<\/p>\n\n\n\n<p>El evento contar\u00e1 con&nbsp;<strong>Nikki Glaser como anfitriona<\/strong>, siendo la primera mujer en presentar estos premios en solitario, y personalidades como Elton John, Salma Hayek, Demi Moore o Vin Diesel subir\u00e1n al escenario para dar el codiciado galard\u00f3n a los triunfadores de la noche.<\/p>\n\n\n\n<p>&#8220;Emilia P\u00e9rez&#8221;&nbsp;lidera las apuestas de este a\u00f1o con 10 candidaturas, incluyendo una nominaci\u00f3n a mejor actriz de una comedia o musical para&nbsp;<strong>Karla Sof\u00eda Gasc\u00f3n.<\/strong>&nbsp;De ganarlo se convertir\u00eda en la primera mujer espa\u00f1ola en recibir un Globo de Oro y la primera trans en lograrlo en una categor\u00eda de cine.<\/p>\n\n\n\n<p>La pel\u00edcula del franc\u00e9s&nbsp;<strong>Jacques Audiard<\/strong>, que sigue la transici\u00f3n de un narcotraficante mexicano a mujer, tambi\u00e9n compite en las categor\u00edas de mejor pel\u00edcula de comedia o musical, en la que se medir\u00e1 con cintas como &#8220;Anora&#8221;&nbsp;o &#8220;Wicked&#8221;; y mejor pel\u00edcula de habla no inglesa junto a t\u00edtulos como la brasile\u00f1a &#8220;I&#8217;m Still Here&#8221;.<\/p>\n\n\n\n<p>Por su parte, la pel\u00edcula protagonizada por Adrien Brody &#8220;The Brutalist&#8221;&nbsp;alcanz\u00f3&nbsp;<strong>siete nominaciones<\/strong>&nbsp;y se perfila como la favorita en las categor\u00edas de drama, en donde se enfrentar\u00e1 a cintas aclamadas por la cr\u00edtica como &#8220;Conclave&#8221;, la segunda parte de &#8220;Dune&#8221; o &#8220;September 5&#8221;.&nbsp;<\/p>\n\n\n\n<p>La comedia &#8220;The Bear&#8221;&nbsp;capitanea los apartados televisivos de esta entrega con cinco nominaciones,&nbsp;seguida del drama del jap\u00f3n milenario &#8220;Shogun&#8221;&nbsp;y &#8220;Only Murders in the Building&#8221;, con cuatro cada una.<\/p>\n\n\n\n<p>En esta edici\u00f3n, la actriz de ra\u00edces puertorrique\u00f1as Liza Col\u00f3n-Zayas espera alzarse con el premio a mejor actriz de reparto de una serie mientras que la actriz de origen dominicano Zoe Salda\u00f1a podr\u00eda lograr su primer Globo de Oro en la misma categor\u00eda pero de cine por su interpretaci\u00f3n en &#8220;Emilia P\u00e9rez&#8221;.&nbsp;<\/p>\n\n\n\n<p>Asimismo, la actriz brasile\u00f1a Fernanda Torres se encuentra en la terna a mejor int\u00e9rprete de drama junto a estrellas de Hollywood como\u00a0<strong>Nicole Kidman o Angelina Jolie<\/strong>, que buscan su s\u00e9ptimo y cuarto galard\u00f3n, respectivamente.<\/p>\n\n\n\n<p>Con informaci\u00f3n de EFE<\/p>\n","protected":false},"excerpt":{"rendered":"<p>Por Redacci\u00f3n QP El evento contar\u00e1 con Nikki Glaser como anfitriona y personalidades como Elton&#8230;<\/p>\n","protected":false},"author":2,"featured_media":114158,"comment_status":"open","ping_status":"open","sticky":false,"template":"","format":"standard","meta":{"_monsterinsights_skip_tracking":false,"_monsterinsights_sitenote_active":false,"_monsterinsights_sitenote_note":"","_monsterinsights_sitenote_category":0,"footnotes":""},"categories":[58],"tags":[],"class_list":["post-114157","post","type-post","status-publish","format-standard","has-post-thumbnail","hentry","category-cultura"],"yoast_head":"<!-- This site is optimized with the Yoast SEO plugin v27.3 - https:\/\/yoast.com\/product\/yoast-seo-wordpress\/ -->\n<title>Llegan los Globos de Oro con &quot;Emilia P\u00e9rez&quot; y &quot;The Brutalist&quot; como favoritas -<\/title>\n<meta name=\"robots\" content=\"index, follow, max-snippet:-1, max-image-preview:large, max-video-preview:-1\" \/>\n<link rel=\"canonical\" href=\"https:\/\/quehacerpolitico.mx\/?p=114157\" \/>\n<meta property=\"og:locale\" content=\"es_MX\" \/>\n<meta property=\"og:type\" content=\"article\" \/>\n<meta property=\"og:title\" content=\"Llegan los Globos de Oro con &quot;Emilia P\u00e9rez&quot; y &quot;The Brutalist&quot; como favoritas -\" \/>\n<meta property=\"og:description\" content=\"Por Redacci\u00f3n QP El evento contar\u00e1 con Nikki Glaser como anfitriona y personalidades como Elton...\" \/>\n<meta property=\"og:url\" content=\"https:\/\/quehacerpolitico.mx\/?p=114157\" \/>\n<meta property=\"article:published_time\" content=\"2025-01-05T22:03:07+00:00\" \/>\n<meta property=\"article:modified_time\" content=\"2025-01-05T22:03:13+00:00\" \/>\n<meta property=\"og:image\" content=\"https:\/\/quehacerpolitico.mx\/wp-content\/uploads\/2025\/01\/IMG_9990.webp\" \/>\n\t<meta property=\"og:image:width\" content=\"960\" \/>\n\t<meta property=\"og:image:height\" content=\"540\" \/>\n\t<meta property=\"og:image:type\" content=\"image\/webp\" \/>\n<meta name=\"author\" content=\"Redacci\u00f3n QP\" \/>\n<meta name=\"twitter:card\" content=\"summary_large_image\" \/>\n<meta name=\"twitter:label1\" content=\"Escrito por\" \/>\n\t<meta name=\"twitter:data1\" content=\"Redacci\u00f3n QP\" \/>\n\t<meta name=\"twitter:label2\" content=\"Tiempo de lectura\" \/>\n\t<meta name=\"twitter:data2\" content=\"3 minutos\" \/>\n<script type=\"application\/ld+json\" class=\"yoast-schema-graph\">{\"@context\":\"https:\\\/\\\/schema.org\",\"@graph\":[{\"@type\":\"Article\",\"@id\":\"https:\\\/\\\/quehacerpolitico.mx\\\/?p=114157#article\",\"isPartOf\":{\"@id\":\"https:\\\/\\\/quehacerpolitico.mx\\\/?p=114157\"},\"author\":{\"name\":\"Redacci\u00f3n QP\",\"@id\":\"https:\\\/\\\/quehacerpolitico.mx\\\/#\\\/schema\\\/person\\\/496d8ad2d1d3f8036101dca7ee39e585\"},\"headline\":\"Llegan los Globos de Oro con &#8220;Emilia P\u00e9rez&#8221; y &#8220;The Brutalist&#8221; como favoritas\",\"datePublished\":\"2025-01-05T22:03:07+00:00\",\"dateModified\":\"2025-01-05T22:03:13+00:00\",\"mainEntityOfPage\":{\"@id\":\"https:\\\/\\\/quehacerpolitico.mx\\\/?p=114157\"},\"wordCount\":524,\"commentCount\":0,\"image\":{\"@id\":\"https:\\\/\\\/quehacerpolitico.mx\\\/?p=114157#primaryimage\"},\"thumbnailUrl\":\"https:\\\/\\\/quehacerpolitico.mx\\\/wp-content\\\/uploads\\\/2025\\\/01\\\/IMG_9990.webp\",\"articleSection\":[\"Cultura y Entretenimiento\"],\"inLanguage\":\"es\",\"potentialAction\":[{\"@type\":\"CommentAction\",\"name\":\"Comment\",\"target\":[\"https:\\\/\\\/quehacerpolitico.mx\\\/?p=114157#respond\"]}]},{\"@type\":\"WebPage\",\"@id\":\"https:\\\/\\\/quehacerpolitico.mx\\\/?p=114157\",\"url\":\"https:\\\/\\\/quehacerpolitico.mx\\\/?p=114157\",\"name\":\"Llegan los Globos de Oro con \\\"Emilia P\u00e9rez\\\" y \\\"The Brutalist\\\" como favoritas -\",\"isPartOf\":{\"@id\":\"https:\\\/\\\/quehacerpolitico.mx\\\/#website\"},\"primaryImageOfPage\":{\"@id\":\"https:\\\/\\\/quehacerpolitico.mx\\\/?p=114157#primaryimage\"},\"image\":{\"@id\":\"https:\\\/\\\/quehacerpolitico.mx\\\/?p=114157#primaryimage\"},\"thumbnailUrl\":\"https:\\\/\\\/quehacerpolitico.mx\\\/wp-content\\\/uploads\\\/2025\\\/01\\\/IMG_9990.webp\",\"datePublished\":\"2025-01-05T22:03:07+00:00\",\"dateModified\":\"2025-01-05T22:03:13+00:00\",\"author\":{\"@id\":\"https:\\\/\\\/quehacerpolitico.mx\\\/#\\\/schema\\\/person\\\/496d8ad2d1d3f8036101dca7ee39e585\"},\"breadcrumb\":{\"@id\":\"https:\\\/\\\/quehacerpolitico.mx\\\/?p=114157#breadcrumb\"},\"inLanguage\":\"es\",\"potentialAction\":[{\"@type\":\"ReadAction\",\"target\":[\"https:\\\/\\\/quehacerpolitico.mx\\\/?p=114157\"]}]},{\"@type\":\"ImageObject\",\"inLanguage\":\"es\",\"@id\":\"https:\\\/\\\/quehacerpolitico.mx\\\/?p=114157#primaryimage\",\"url\":\"https:\\\/\\\/quehacerpolitico.mx\\\/wp-content\\\/uploads\\\/2025\\\/01\\\/IMG_9990.webp\",\"contentUrl\":\"https:\\\/\\\/quehacerpolitico.mx\\\/wp-content\\\/uploads\\\/2025\\\/01\\\/IMG_9990.webp\",\"width\":960,\"height\":540},{\"@type\":\"BreadcrumbList\",\"@id\":\"https:\\\/\\\/quehacerpolitico.mx\\\/?p=114157#breadcrumb\",\"itemListElement\":[{\"@type\":\"ListItem\",\"position\":1,\"name\":\"Inicio\",\"item\":\"https:\\\/\\\/quehacerpolitico.mx\\\/\"},{\"@type\":\"ListItem\",\"position\":2,\"name\":\"Llegan los Globos de Oro con &#8220;Emilia P\u00e9rez&#8221; y &#8220;The Brutalist&#8221; como favoritas\"}]},{\"@type\":\"WebSite\",\"@id\":\"https:\\\/\\\/quehacerpolitico.mx\\\/#website\",\"url\":\"https:\\\/\\\/quehacerpolitico.mx\\\/\",\"name\":\"\",\"description\":\"\",\"potentialAction\":[{\"@type\":\"SearchAction\",\"target\":{\"@type\":\"EntryPoint\",\"urlTemplate\":\"https:\\\/\\\/quehacerpolitico.mx\\\/?s={search_term_string}\"},\"query-input\":{\"@type\":\"PropertyValueSpecification\",\"valueRequired\":true,\"valueName\":\"search_term_string\"}}],\"inLanguage\":\"es\"},{\"@type\":\"Person\",\"@id\":\"https:\\\/\\\/quehacerpolitico.mx\\\/#\\\/schema\\\/person\\\/496d8ad2d1d3f8036101dca7ee39e585\",\"name\":\"Redacci\u00f3n QP\",\"image\":{\"@type\":\"ImageObject\",\"inLanguage\":\"es\",\"@id\":\"https:\\\/\\\/secure.gravatar.com\\\/avatar\\\/c7164ed6fdec453195284ad24a5ae5b6e1eed2b848477fa2a4787ba9adf39a41?s=96&d=mm&r=g\",\"url\":\"https:\\\/\\\/secure.gravatar.com\\\/avatar\\\/c7164ed6fdec453195284ad24a5ae5b6e1eed2b848477fa2a4787ba9adf39a41?s=96&d=mm&r=g\",\"contentUrl\":\"https:\\\/\\\/secure.gravatar.com\\\/avatar\\\/c7164ed6fdec453195284ad24a5ae5b6e1eed2b848477fa2a4787ba9adf39a41?s=96&d=mm&r=g\",\"caption\":\"Redacci\u00f3n QP\"},\"url\":\"https:\\\/\\\/quehacerpolitico.mx\\\/?author=2\"}]}<\/script>\n<!-- \/ Yoast SEO plugin. -->","yoast_head_json":{"title":"Llegan los Globos de Oro con \"Emilia P\u00e9rez\" y \"The Brutalist\" como favoritas -","robots":{"index":"index","follow":"follow","max-snippet":"max-snippet:-1","max-image-preview":"max-image-preview:large","max-video-preview":"max-video-preview:-1"},"canonical":"https:\/\/quehacerpolitico.mx\/?p=114157","og_locale":"es_MX","og_type":"article","og_title":"Llegan los Globos de Oro con \"Emilia P\u00e9rez\" y \"The Brutalist\" como favoritas -","og_description":"Por Redacci\u00f3n QP El evento contar\u00e1 con Nikki Glaser como anfitriona y personalidades como Elton...","og_url":"https:\/\/quehacerpolitico.mx\/?p=114157","article_published_time":"2025-01-05T22:03:07+00:00","article_modified_time":"2025-01-05T22:03:13+00:00","og_image":[{"width":960,"height":540,"url":"https:\/\/quehacerpolitico.mx\/wp-content\/uploads\/2025\/01\/IMG_9990.webp","type":"image\/webp"}],"author":"Redacci\u00f3n QP","twitter_card":"summary_large_image","twitter_misc":{"Escrito por":"Redacci\u00f3n QP","Tiempo de lectura":"3 minutos"},"schema":{"@context":"https:\/\/schema.org","@graph":[{"@type":"Article","@id":"https:\/\/quehacerpolitico.mx\/?p=114157#article","isPartOf":{"@id":"https:\/\/quehacerpolitico.mx\/?p=114157"},"author":{"name":"Redacci\u00f3n QP","@id":"https:\/\/quehacerpolitico.mx\/#\/schema\/person\/496d8ad2d1d3f8036101dca7ee39e585"},"headline":"Llegan los Globos de Oro con &#8220;Emilia P\u00e9rez&#8221; y &#8220;The Brutalist&#8221; como favoritas","datePublished":"2025-01-05T22:03:07+00:00","dateModified":"2025-01-05T22:03:13+00:00","mainEntityOfPage":{"@id":"https:\/\/quehacerpolitico.mx\/?p=114157"},"wordCount":524,"commentCount":0,"image":{"@id":"https:\/\/quehacerpolitico.mx\/?p=114157#primaryimage"},"thumbnailUrl":"https:\/\/quehacerpolitico.mx\/wp-content\/uploads\/2025\/01\/IMG_9990.webp","articleSection":["Cultura y Entretenimiento"],"inLanguage":"es","potentialAction":[{"@type":"CommentAction","name":"Comment","target":["https:\/\/quehacerpolitico.mx\/?p=114157#respond"]}]},{"@type":"WebPage","@id":"https:\/\/quehacerpolitico.mx\/?p=114157","url":"https:\/\/quehacerpolitico.mx\/?p=114157","name":"Llegan los Globos de Oro con \"Emilia P\u00e9rez\" y \"The Brutalist\" como favoritas -","isPartOf":{"@id":"https:\/\/quehacerpolitico.mx\/#website"},"primaryImageOfPage":{"@id":"https:\/\/quehacerpolitico.mx\/?p=114157#primaryimage"},"image":{"@id":"https:\/\/quehacerpolitico.mx\/?p=114157#primaryimage"},"thumbnailUrl":"https:\/\/quehacerpolitico.mx\/wp-content\/uploads\/2025\/01\/IMG_9990.webp","datePublished":"2025-01-05T22:03:07+00:00","dateModified":"2025-01-05T22:03:13+00:00","author":{"@id":"https:\/\/quehacerpolitico.mx\/#\/schema\/person\/496d8ad2d1d3f8036101dca7ee39e585"},"breadcrumb":{"@id":"https:\/\/quehacerpolitico.mx\/?p=114157#breadcrumb"},"inLanguage":"es","potentialAction":[{"@type":"ReadAction","target":["https:\/\/quehacerpolitico.mx\/?p=114157"]}]},{"@type":"ImageObject","inLanguage":"es","@id":"https:\/\/quehacerpolitico.mx\/?p=114157#primaryimage","url":"https:\/\/quehacerpolitico.mx\/wp-content\/uploads\/2025\/01\/IMG_9990.webp","contentUrl":"https:\/\/quehacerpolitico.mx\/wp-content\/uploads\/2025\/01\/IMG_9990.webp","width":960,"height":540},{"@type":"BreadcrumbList","@id":"https:\/\/quehacerpolitico.mx\/?p=114157#breadcrumb","itemListElement":[{"@type":"ListItem","position":1,"name":"Inicio","item":"https:\/\/quehacerpolitico.mx\/"},{"@type":"ListItem","position":2,"name":"Llegan los Globos de Oro con &#8220;Emilia P\u00e9rez&#8221; y &#8220;The Brutalist&#8221; como favoritas"}]},{"@type":"WebSite","@id":"https:\/\/quehacerpolitico.mx\/#website","url":"https:\/\/quehacerpolitico.mx\/","name":"","description":"","potentialAction":[{"@type":"SearchAction","target":{"@type":"EntryPoint","urlTemplate":"https:\/\/quehacerpolitico.mx\/?s={search_term_string}"},"query-input":{"@type":"PropertyValueSpecification","valueRequired":true,"valueName":"search_term_string"}}],"inLanguage":"es"},{"@type":"Person","@id":"https:\/\/quehacerpolitico.mx\/#\/schema\/person\/496d8ad2d1d3f8036101dca7ee39e585","name":"Redacci\u00f3n QP","image":{"@type":"ImageObject","inLanguage":"es","@id":"https:\/\/secure.gravatar.com\/avatar\/c7164ed6fdec453195284ad24a5ae5b6e1eed2b848477fa2a4787ba9adf39a41?s=96&d=mm&r=g","url":"https:\/\/secure.gravatar.com\/avatar\/c7164ed6fdec453195284ad24a5ae5b6e1eed2b848477fa2a4787ba9adf39a41?s=96&d=mm&r=g","contentUrl":"https:\/\/secure.gravatar.com\/avatar\/c7164ed6fdec453195284ad24a5ae5b6e1eed2b848477fa2a4787ba9adf39a41?s=96&d=mm&r=g","caption":"Redacci\u00f3n QP"},"url":"https:\/\/quehacerpolitico.mx\/?author=2"}]}},"featured_image_urls":{"full":["https:\/\/quehacerpolitico.mx\/wp-content\/uploads\/2025\/01\/IMG_9990.webp",960,540,false],"thumbnail":["https:\/\/quehacerpolitico.mx\/wp-content\/uploads\/2025\/01\/IMG_9990-150x150.webp",150,150,true],"medium":["https:\/\/quehacerpolitico.mx\/wp-content\/uploads\/2025\/01\/IMG_9990-300x169.webp",300,169,true],"medium_large":["https:\/\/quehacerpolitico.mx\/wp-content\/uploads\/2025\/01\/IMG_9990-768x432.webp",640,360,true],"large":["https:\/\/quehacerpolitico.mx\/wp-content\/uploads\/2025\/01\/IMG_9990.webp",640,360,false],"1536x1536":["https:\/\/quehacerpolitico.mx\/wp-content\/uploads\/2025\/01\/IMG_9990.webp",960,540,false],"2048x2048":["https:\/\/quehacerpolitico.mx\/wp-content\/uploads\/2025\/01\/IMG_9990.webp",960,540,false],"covernews-featured":["https:\/\/quehacerpolitico.mx\/wp-content\/uploads\/2025\/01\/IMG_9990.webp",960,540,false],"covernews-medium":["https:\/\/quehacerpolitico.mx\/wp-content\/uploads\/2025\/01\/IMG_9990-540x340.webp",540,340,true]},"author_info":{"display_name":"Redacci\u00f3n QP","author_link":"https:\/\/quehacerpolitico.mx\/?author=2"},"category_info":"<a href=\"https:\/\/quehacerpolitico.mx\/?cat=58\" rel=\"category\">Cultura y Entretenimiento<\/a>","tag_info":"Cultura y Entretenimiento","comment_count":"0","_links":{"self":[{"href":"https:\/\/quehacerpolitico.mx\/index.php?rest_route=\/wp\/v2\/posts\/114157","targetHints":{"allow":["GET"]}}],"collection":[{"href":"https:\/\/quehacerpolitico.mx\/index.php?rest_route=\/wp\/v2\/posts"}],"about":[{"href":"https:\/\/quehacerpolitico.mx\/index.php?rest_route=\/wp\/v2\/types\/post"}],"author":[{"embeddable":true,"href":"https:\/\/quehacerpolitico.mx\/index.php?rest_route=\/wp\/v2\/users\/2"}],"replies":[{"embeddable":true,"href":"https:\/\/quehacerpolitico.mx\/index.php?rest_route=%2Fwp%2Fv2%2Fcomments&post=114157"}],"version-history":[{"count":1,"href":"https:\/\/quehacerpolitico.mx\/index.php?rest_route=\/wp\/v2\/posts\/114157\/revisions"}],"predecessor-version":[{"id":114159,"href":"https:\/\/quehacerpolitico.mx\/index.php?rest_route=\/wp\/v2\/posts\/114157\/revisions\/114159"}],"wp:featuredmedia":[{"embeddable":true,"href":"https:\/\/quehacerpolitico.mx\/index.php?rest_route=\/wp\/v2\/media\/114158"}],"wp:attachment":[{"href":"https:\/\/quehacerpolitico.mx\/index.php?rest_route=%2Fwp%2Fv2%2Fmedia&parent=114157"}],"wp:term":[{"taxonomy":"category","embeddable":true,"href":"https:\/\/quehacerpolitico.mx\/index.php?rest_route=%2Fwp%2Fv2%2Fcategories&post=114157"},{"taxonomy":"post_tag","embeddable":true,"href":"https:\/\/quehacerpolitico.mx\/index.php?rest_route=%2Fwp%2Fv2%2Ftags&post=114157"}],"curies":[{"name":"wp","href":"https:\/\/api.w.org\/{rel}","templated":true}]}}