{"id":114132,"date":"2025-01-04T18:22:15","date_gmt":"2025-01-05T00:22:15","guid":{"rendered":"https:\/\/quehacerpolitico.mx\/?p=114132"},"modified":"2025-01-04T18:22:17","modified_gmt":"2025-01-05T00:22:17","slug":"ibercultura-viva-otorgara-104-becas-para-posgrado-en-politicas-culturales-de-base-comunitaria","status":"publish","type":"post","link":"https:\/\/quehacerpolitico.mx\/?p=114132","title":{"rendered":"IBERCULTURA VIVA OTORGAR\u00c1 104 BECAS PARA POSGRADO EN POL\u00cdTICAS CULTURALES DE BASE COMUNITARIA"},"content":{"rendered":"\n<p>Por Redacci\u00f3n QP<\/p>\n\n\n\n<ul class=\"wp-block-list\">\n<li><strong>La convocatoria ofrece formaci\u00f3n a profesionales de la cultura de 13 pa\u00edses de Iberoam\u00e9rica<\/strong><\/li>\n\n\n\n<li><strong>Estar\u00e1 abierta hasta el 15 de febrero de 2025<\/strong><\/li>\n<\/ul>\n\n\n\n<p>Con el objetivo de fortalecer la formaci\u00f3n e investigaci\u00f3n de las pol\u00edticas culturales de base comunitaria, el programa IberCultura Viva abre la convocatoria para el Posgrado Internacional en Pol\u00edticas Culturales de Base Comunitaria, que se llevar\u00e1 a cabo en modalidad virtual en la Facultad Latinoamericana de Ciencias Sociales (FLACSO-Argentina).<\/p>\n\n\n\n<p>La convocatoria \u2013dirigida a Argentina, Brasil, Chile, Colombia, Costa Rica, Ecuador, El Salvador, Espa\u00f1a, M\u00e9xico, Paraguay, Per\u00fa, Rep\u00fablica Dominicana y Uruguay, pa\u00edses miembros de IberCultura Viva\u2013 ofrece 104 becas para personas interesadas en fortalecer sus conocimientos sobre pol\u00edticas culturales comunitarias.<\/p>\n\n\n\n<p>El posgrado, que llega a su octava edici\u00f3n, se realizar\u00e1 entre los meses de abril y diciembre de 2025.&nbsp;IberCultura Viva es un programa de cooperaci\u00f3n t\u00e9cnica y financiera entre gobiernos con el objetivo de promover y fortalecer la diversidad cultural a trav\u00e9s de pol\u00edticas p\u00fablicas y acciones culturales en la regi\u00f3n iberoamericana.<\/p>\n\n\n\n<figure class=\"wp-block-image size-large\"><img loading=\"lazy\" decoding=\"async\" width=\"725\" height=\"1024\" src=\"https:\/\/quehacerpolitico.mx\/wp-content\/uploads\/2025\/01\/image-8-725x1024.jpeg\" alt=\"\" class=\"wp-image-114134\" srcset=\"https:\/\/quehacerpolitico.mx\/wp-content\/uploads\/2025\/01\/image-8-725x1024.jpeg 725w, https:\/\/quehacerpolitico.mx\/wp-content\/uploads\/2025\/01\/image-8-212x300.jpeg 212w, https:\/\/quehacerpolitico.mx\/wp-content\/uploads\/2025\/01\/image-8-768x1085.jpeg 768w, https:\/\/quehacerpolitico.mx\/wp-content\/uploads\/2025\/01\/image-8-1087x1536.jpeg 1087w, https:\/\/quehacerpolitico.mx\/wp-content\/uploads\/2025\/01\/image-8-1024x1447.jpeg 1024w, https:\/\/quehacerpolitico.mx\/wp-content\/uploads\/2025\/01\/image-8.jpeg 1241w\" sizes=\"auto, (max-width: 725px) 100vw, 725px\" \/><\/figure>\n\n\n\n<p><strong>\u00bfC\u00f3mo postularse?<\/strong><\/p>\n\n\n\n<p>En 2025 las becas se destinar\u00e1n a personas que trabajen en organismos p\u00fablicos de cultura, se dediquen a la gesti\u00f3n cultural o sean parte de una organizaci\u00f3n cultural de base comunitaria o pueblo originario en alguno de los pa\u00edses participantes de la convocatoria. Est\u00e1n previstos ocho lugares por pa\u00eds.&nbsp;<\/p>\n\n\n\n<p>Se considerar\u00e1 como criterio de selecci\u00f3n la experiencia en incidencia, dise\u00f1o y ejecuci\u00f3n de pol\u00edticas culturales p\u00fablicas, as\u00ed como en gesti\u00f3n cultural comunitaria. Tambi\u00e9n se valorar\u00e1 la formaci\u00f3n certificada en gesti\u00f3n cultural o en \u00e1reas relacionadas, como artes, ciencias sociales, humanas o econ\u00f3micas.<\/p>\n\n\n\n<p>Adem\u00e1s, se reconocer\u00e1 la condici\u00f3n de sabedora o sabedor, es decir, personas con un liderazgo hist\u00f3rico en su territorio y comunidad, especialmente con relaci\u00f3n a saberes ancestrales y las artes. Es importante destacar que al menos 50 por ciento de las personas seleccionadas deber\u00e1n ser mujeres.<\/p>\n\n\n\n<p>Las bases se pueden consultar en&nbsp;<a href=\"https:\/\/cutt.ly\/aeNvpaWM\" target=\"_blank\" rel=\"noreferrer noopener\">cutt.ly\/aeNvpaWM<\/a>, e inscribirse en el&nbsp;<a href=\"https:\/\/mapa.iberculturaviva.org\/\" target=\"_blank\" rel=\"noreferrer noopener\">Mapa IberCultura Viva<\/a>, una plataforma gratuita de mapeo que para la presente edici\u00f3n cuenta con una versi\u00f3n renovada.<\/p>\n\n\n\n<p>La postulaci\u00f3n estar\u00e1 abierta hasta el 15 de febrero de 2025 a las 20:59 horas (horario de la Ciudad de M\u00e9xico).<\/p>\n\n\n\n<p>Las dudas que puedan surgir sobre esta convocatoria ser\u00e1n resueltas a trav\u00e9s del correo&nbsp;<a href=\"mailto:programa@iberculturaviva.org\" target=\"_blank\" rel=\"noreferrer noopener\">programa@iberculturaviva.org<\/a><\/p>\n\n\n\n<p>Desde su lanzamiento en 2018, IberCultura Viva ha otorgado un total de 722 becas para dicho posgrado. Para la edici\u00f3n de 2024, se distribuyeron 104 becas entre personas de los 13 pa\u00edses miembros, una cifra que se mantendr\u00e1 para el presente a\u00f1o.<\/p>\n","protected":false},"excerpt":{"rendered":"<p>Por Redacci\u00f3n QP Con el objetivo de fortalecer la formaci\u00f3n e investigaci\u00f3n de las pol\u00edticas&#8230;<\/p>\n","protected":false},"author":2,"featured_media":114133,"comment_status":"open","ping_status":"open","sticky":false,"template":"","format":"standard","meta":{"_monsterinsights_skip_tracking":false,"_monsterinsights_sitenote_active":false,"_monsterinsights_sitenote_note":"","_monsterinsights_sitenote_category":0,"footnotes":""},"categories":[58],"tags":[],"class_list":["post-114132","post","type-post","status-publish","format-standard","has-post-thumbnail","hentry","category-cultura"],"yoast_head":"<!-- This site is optimized with the Yoast SEO plugin v27.3 - https:\/\/yoast.com\/product\/yoast-seo-wordpress\/ -->\n<title>IBERCULTURA VIVA OTORGAR\u00c1 104 BECAS PARA POSGRADO EN POL\u00cdTICAS CULTURALES DE BASE COMUNITARIA -<\/title>\n<meta name=\"robots\" content=\"index, follow, max-snippet:-1, max-image-preview:large, max-video-preview:-1\" \/>\n<link rel=\"canonical\" href=\"https:\/\/quehacerpolitico.mx\/?p=114132\" \/>\n<meta property=\"og:locale\" content=\"es_MX\" \/>\n<meta property=\"og:type\" content=\"article\" \/>\n<meta property=\"og:title\" content=\"IBERCULTURA VIVA OTORGAR\u00c1 104 BECAS PARA POSGRADO EN POL\u00cdTICAS CULTURALES DE BASE COMUNITARIA -\" \/>\n<meta property=\"og:description\" content=\"Por Redacci\u00f3n QP Con el objetivo de fortalecer la formaci\u00f3n e investigaci\u00f3n de las pol\u00edticas...\" \/>\n<meta property=\"og:url\" content=\"https:\/\/quehacerpolitico.mx\/?p=114132\" \/>\n<meta property=\"article:published_time\" content=\"2025-01-05T00:22:15+00:00\" \/>\n<meta property=\"article:modified_time\" content=\"2025-01-05T00:22:17+00:00\" \/>\n<meta property=\"og:image\" content=\"https:\/\/quehacerpolitico.mx\/wp-content\/uploads\/2025\/01\/IMG_9964.jpeg\" \/>\n\t<meta property=\"og:image:width\" content=\"1241\" \/>\n\t<meta property=\"og:image:height\" content=\"1754\" \/>\n\t<meta property=\"og:image:type\" content=\"image\/jpeg\" \/>\n<meta name=\"author\" content=\"Redacci\u00f3n QP\" \/>\n<meta name=\"twitter:card\" content=\"summary_large_image\" \/>\n<meta name=\"twitter:label1\" content=\"Escrito por\" \/>\n\t<meta name=\"twitter:data1\" content=\"Redacci\u00f3n QP\" \/>\n\t<meta name=\"twitter:label2\" content=\"Tiempo de lectura\" \/>\n\t<meta name=\"twitter:data2\" content=\"2 minutos\" \/>\n<script type=\"application\/ld+json\" class=\"yoast-schema-graph\">{\"@context\":\"https:\\\/\\\/schema.org\",\"@graph\":[{\"@type\":\"Article\",\"@id\":\"https:\\\/\\\/quehacerpolitico.mx\\\/?p=114132#article\",\"isPartOf\":{\"@id\":\"https:\\\/\\\/quehacerpolitico.mx\\\/?p=114132\"},\"author\":{\"name\":\"Redacci\u00f3n QP\",\"@id\":\"https:\\\/\\\/quehacerpolitico.mx\\\/#\\\/schema\\\/person\\\/496d8ad2d1d3f8036101dca7ee39e585\"},\"headline\":\"IBERCULTURA VIVA OTORGAR\u00c1 104 BECAS PARA POSGRADO EN POL\u00cdTICAS CULTURALES DE BASE COMUNITARIA\",\"datePublished\":\"2025-01-05T00:22:15+00:00\",\"dateModified\":\"2025-01-05T00:22:17+00:00\",\"mainEntityOfPage\":{\"@id\":\"https:\\\/\\\/quehacerpolitico.mx\\\/?p=114132\"},\"wordCount\":474,\"commentCount\":0,\"image\":{\"@id\":\"https:\\\/\\\/quehacerpolitico.mx\\\/?p=114132#primaryimage\"},\"thumbnailUrl\":\"https:\\\/\\\/quehacerpolitico.mx\\\/wp-content\\\/uploads\\\/2025\\\/01\\\/IMG_9964.jpeg\",\"articleSection\":[\"Cultura y Entretenimiento\"],\"inLanguage\":\"es\",\"potentialAction\":[{\"@type\":\"CommentAction\",\"name\":\"Comment\",\"target\":[\"https:\\\/\\\/quehacerpolitico.mx\\\/?p=114132#respond\"]}]},{\"@type\":\"WebPage\",\"@id\":\"https:\\\/\\\/quehacerpolitico.mx\\\/?p=114132\",\"url\":\"https:\\\/\\\/quehacerpolitico.mx\\\/?p=114132\",\"name\":\"IBERCULTURA VIVA OTORGAR\u00c1 104 BECAS PARA POSGRADO EN POL\u00cdTICAS CULTURALES DE BASE COMUNITARIA -\",\"isPartOf\":{\"@id\":\"https:\\\/\\\/quehacerpolitico.mx\\\/#website\"},\"primaryImageOfPage\":{\"@id\":\"https:\\\/\\\/quehacerpolitico.mx\\\/?p=114132#primaryimage\"},\"image\":{\"@id\":\"https:\\\/\\\/quehacerpolitico.mx\\\/?p=114132#primaryimage\"},\"thumbnailUrl\":\"https:\\\/\\\/quehacerpolitico.mx\\\/wp-content\\\/uploads\\\/2025\\\/01\\\/IMG_9964.jpeg\",\"datePublished\":\"2025-01-05T00:22:15+00:00\",\"dateModified\":\"2025-01-05T00:22:17+00:00\",\"author\":{\"@id\":\"https:\\\/\\\/quehacerpolitico.mx\\\/#\\\/schema\\\/person\\\/496d8ad2d1d3f8036101dca7ee39e585\"},\"breadcrumb\":{\"@id\":\"https:\\\/\\\/quehacerpolitico.mx\\\/?p=114132#breadcrumb\"},\"inLanguage\":\"es\",\"potentialAction\":[{\"@type\":\"ReadAction\",\"target\":[\"https:\\\/\\\/quehacerpolitico.mx\\\/?p=114132\"]}]},{\"@type\":\"ImageObject\",\"inLanguage\":\"es\",\"@id\":\"https:\\\/\\\/quehacerpolitico.mx\\\/?p=114132#primaryimage\",\"url\":\"https:\\\/\\\/quehacerpolitico.mx\\\/wp-content\\\/uploads\\\/2025\\\/01\\\/IMG_9964.jpeg\",\"contentUrl\":\"https:\\\/\\\/quehacerpolitico.mx\\\/wp-content\\\/uploads\\\/2025\\\/01\\\/IMG_9964.jpeg\",\"width\":1241,\"height\":1754},{\"@type\":\"BreadcrumbList\",\"@id\":\"https:\\\/\\\/quehacerpolitico.mx\\\/?p=114132#breadcrumb\",\"itemListElement\":[{\"@type\":\"ListItem\",\"position\":1,\"name\":\"Inicio\",\"item\":\"https:\\\/\\\/quehacerpolitico.mx\\\/\"},{\"@type\":\"ListItem\",\"position\":2,\"name\":\"IBERCULTURA VIVA OTORGAR\u00c1 104 BECAS PARA POSGRADO EN POL\u00cdTICAS CULTURALES DE BASE COMUNITARIA\"}]},{\"@type\":\"WebSite\",\"@id\":\"https:\\\/\\\/quehacerpolitico.mx\\\/#website\",\"url\":\"https:\\\/\\\/quehacerpolitico.mx\\\/\",\"name\":\"\",\"description\":\"\",\"potentialAction\":[{\"@type\":\"SearchAction\",\"target\":{\"@type\":\"EntryPoint\",\"urlTemplate\":\"https:\\\/\\\/quehacerpolitico.mx\\\/?s={search_term_string}\"},\"query-input\":{\"@type\":\"PropertyValueSpecification\",\"valueRequired\":true,\"valueName\":\"search_term_string\"}}],\"inLanguage\":\"es\"},{\"@type\":\"Person\",\"@id\":\"https:\\\/\\\/quehacerpolitico.mx\\\/#\\\/schema\\\/person\\\/496d8ad2d1d3f8036101dca7ee39e585\",\"name\":\"Redacci\u00f3n QP\",\"image\":{\"@type\":\"ImageObject\",\"inLanguage\":\"es\",\"@id\":\"https:\\\/\\\/secure.gravatar.com\\\/avatar\\\/c7164ed6fdec453195284ad24a5ae5b6e1eed2b848477fa2a4787ba9adf39a41?s=96&d=mm&r=g\",\"url\":\"https:\\\/\\\/secure.gravatar.com\\\/avatar\\\/c7164ed6fdec453195284ad24a5ae5b6e1eed2b848477fa2a4787ba9adf39a41?s=96&d=mm&r=g\",\"contentUrl\":\"https:\\\/\\\/secure.gravatar.com\\\/avatar\\\/c7164ed6fdec453195284ad24a5ae5b6e1eed2b848477fa2a4787ba9adf39a41?s=96&d=mm&r=g\",\"caption\":\"Redacci\u00f3n QP\"},\"url\":\"https:\\\/\\\/quehacerpolitico.mx\\\/?author=2\"}]}<\/script>\n<!-- \/ Yoast SEO plugin. -->","yoast_head_json":{"title":"IBERCULTURA VIVA OTORGAR\u00c1 104 BECAS PARA POSGRADO EN POL\u00cdTICAS CULTURALES DE BASE COMUNITARIA -","robots":{"index":"index","follow":"follow","max-snippet":"max-snippet:-1","max-image-preview":"max-image-preview:large","max-video-preview":"max-video-preview:-1"},"canonical":"https:\/\/quehacerpolitico.mx\/?p=114132","og_locale":"es_MX","og_type":"article","og_title":"IBERCULTURA VIVA OTORGAR\u00c1 104 BECAS PARA POSGRADO EN POL\u00cdTICAS CULTURALES DE BASE COMUNITARIA -","og_description":"Por Redacci\u00f3n QP Con el objetivo de fortalecer la formaci\u00f3n e investigaci\u00f3n de las pol\u00edticas...","og_url":"https:\/\/quehacerpolitico.mx\/?p=114132","article_published_time":"2025-01-05T00:22:15+00:00","article_modified_time":"2025-01-05T00:22:17+00:00","og_image":[{"width":1241,"height":1754,"url":"https:\/\/quehacerpolitico.mx\/wp-content\/uploads\/2025\/01\/IMG_9964.jpeg","type":"image\/jpeg"}],"author":"Redacci\u00f3n QP","twitter_card":"summary_large_image","twitter_misc":{"Escrito por":"Redacci\u00f3n QP","Tiempo de lectura":"2 minutos"},"schema":{"@context":"https:\/\/schema.org","@graph":[{"@type":"Article","@id":"https:\/\/quehacerpolitico.mx\/?p=114132#article","isPartOf":{"@id":"https:\/\/quehacerpolitico.mx\/?p=114132"},"author":{"name":"Redacci\u00f3n QP","@id":"https:\/\/quehacerpolitico.mx\/#\/schema\/person\/496d8ad2d1d3f8036101dca7ee39e585"},"headline":"IBERCULTURA VIVA OTORGAR\u00c1 104 BECAS PARA POSGRADO EN POL\u00cdTICAS CULTURALES DE BASE COMUNITARIA","datePublished":"2025-01-05T00:22:15+00:00","dateModified":"2025-01-05T00:22:17+00:00","mainEntityOfPage":{"@id":"https:\/\/quehacerpolitico.mx\/?p=114132"},"wordCount":474,"commentCount":0,"image":{"@id":"https:\/\/quehacerpolitico.mx\/?p=114132#primaryimage"},"thumbnailUrl":"https:\/\/quehacerpolitico.mx\/wp-content\/uploads\/2025\/01\/IMG_9964.jpeg","articleSection":["Cultura y Entretenimiento"],"inLanguage":"es","potentialAction":[{"@type":"CommentAction","name":"Comment","target":["https:\/\/quehacerpolitico.mx\/?p=114132#respond"]}]},{"@type":"WebPage","@id":"https:\/\/quehacerpolitico.mx\/?p=114132","url":"https:\/\/quehacerpolitico.mx\/?p=114132","name":"IBERCULTURA VIVA OTORGAR\u00c1 104 BECAS PARA POSGRADO EN POL\u00cdTICAS CULTURALES DE BASE COMUNITARIA -","isPartOf":{"@id":"https:\/\/quehacerpolitico.mx\/#website"},"primaryImageOfPage":{"@id":"https:\/\/quehacerpolitico.mx\/?p=114132#primaryimage"},"image":{"@id":"https:\/\/quehacerpolitico.mx\/?p=114132#primaryimage"},"thumbnailUrl":"https:\/\/quehacerpolitico.mx\/wp-content\/uploads\/2025\/01\/IMG_9964.jpeg","datePublished":"2025-01-05T00:22:15+00:00","dateModified":"2025-01-05T00:22:17+00:00","author":{"@id":"https:\/\/quehacerpolitico.mx\/#\/schema\/person\/496d8ad2d1d3f8036101dca7ee39e585"},"breadcrumb":{"@id":"https:\/\/quehacerpolitico.mx\/?p=114132#breadcrumb"},"inLanguage":"es","potentialAction":[{"@type":"ReadAction","target":["https:\/\/quehacerpolitico.mx\/?p=114132"]}]},{"@type":"ImageObject","inLanguage":"es","@id":"https:\/\/quehacerpolitico.mx\/?p=114132#primaryimage","url":"https:\/\/quehacerpolitico.mx\/wp-content\/uploads\/2025\/01\/IMG_9964.jpeg","contentUrl":"https:\/\/quehacerpolitico.mx\/wp-content\/uploads\/2025\/01\/IMG_9964.jpeg","width":1241,"height":1754},{"@type":"BreadcrumbList","@id":"https:\/\/quehacerpolitico.mx\/?p=114132#breadcrumb","itemListElement":[{"@type":"ListItem","position":1,"name":"Inicio","item":"https:\/\/quehacerpolitico.mx\/"},{"@type":"ListItem","position":2,"name":"IBERCULTURA VIVA OTORGAR\u00c1 104 BECAS PARA POSGRADO EN POL\u00cdTICAS CULTURALES DE BASE COMUNITARIA"}]},{"@type":"WebSite","@id":"https:\/\/quehacerpolitico.mx\/#website","url":"https:\/\/quehacerpolitico.mx\/","name":"","description":"","potentialAction":[{"@type":"SearchAction","target":{"@type":"EntryPoint","urlTemplate":"https:\/\/quehacerpolitico.mx\/?s={search_term_string}"},"query-input":{"@type":"PropertyValueSpecification","valueRequired":true,"valueName":"search_term_string"}}],"inLanguage":"es"},{"@type":"Person","@id":"https:\/\/quehacerpolitico.mx\/#\/schema\/person\/496d8ad2d1d3f8036101dca7ee39e585","name":"Redacci\u00f3n QP","image":{"@type":"ImageObject","inLanguage":"es","@id":"https:\/\/secure.gravatar.com\/avatar\/c7164ed6fdec453195284ad24a5ae5b6e1eed2b848477fa2a4787ba9adf39a41?s=96&d=mm&r=g","url":"https:\/\/secure.gravatar.com\/avatar\/c7164ed6fdec453195284ad24a5ae5b6e1eed2b848477fa2a4787ba9adf39a41?s=96&d=mm&r=g","contentUrl":"https:\/\/secure.gravatar.com\/avatar\/c7164ed6fdec453195284ad24a5ae5b6e1eed2b848477fa2a4787ba9adf39a41?s=96&d=mm&r=g","caption":"Redacci\u00f3n QP"},"url":"https:\/\/quehacerpolitico.mx\/?author=2"}]}},"featured_image_urls":{"full":["https:\/\/quehacerpolitico.mx\/wp-content\/uploads\/2025\/01\/IMG_9964.jpeg",1241,1754,false],"thumbnail":["https:\/\/quehacerpolitico.mx\/wp-content\/uploads\/2025\/01\/IMG_9964-150x150.jpeg",150,150,true],"medium":["https:\/\/quehacerpolitico.mx\/wp-content\/uploads\/2025\/01\/IMG_9964-212x300.jpeg",212,300,true],"medium_large":["https:\/\/quehacerpolitico.mx\/wp-content\/uploads\/2025\/01\/IMG_9964-768x1085.jpeg",640,904,true],"large":["https:\/\/quehacerpolitico.mx\/wp-content\/uploads\/2025\/01\/IMG_9964-725x1024.jpeg",640,904,true],"1536x1536":["https:\/\/quehacerpolitico.mx\/wp-content\/uploads\/2025\/01\/IMG_9964-1087x1536.jpeg",1087,1536,true],"2048x2048":["https:\/\/quehacerpolitico.mx\/wp-content\/uploads\/2025\/01\/IMG_9964.jpeg",1241,1754,false],"covernews-featured":["https:\/\/quehacerpolitico.mx\/wp-content\/uploads\/2025\/01\/IMG_9964-1024x1447.jpeg",1024,1447,true],"covernews-medium":["https:\/\/quehacerpolitico.mx\/wp-content\/uploads\/2025\/01\/IMG_9964-540x340.jpeg",540,340,true]},"author_info":{"display_name":"Redacci\u00f3n QP","author_link":"https:\/\/quehacerpolitico.mx\/?author=2"},"category_info":"<a href=\"https:\/\/quehacerpolitico.mx\/?cat=58\" rel=\"category\">Cultura y Entretenimiento<\/a>","tag_info":"Cultura y Entretenimiento","comment_count":"0","_links":{"self":[{"href":"https:\/\/quehacerpolitico.mx\/index.php?rest_route=\/wp\/v2\/posts\/114132","targetHints":{"allow":["GET"]}}],"collection":[{"href":"https:\/\/quehacerpolitico.mx\/index.php?rest_route=\/wp\/v2\/posts"}],"about":[{"href":"https:\/\/quehacerpolitico.mx\/index.php?rest_route=\/wp\/v2\/types\/post"}],"author":[{"embeddable":true,"href":"https:\/\/quehacerpolitico.mx\/index.php?rest_route=\/wp\/v2\/users\/2"}],"replies":[{"embeddable":true,"href":"https:\/\/quehacerpolitico.mx\/index.php?rest_route=%2Fwp%2Fv2%2Fcomments&post=114132"}],"version-history":[{"count":1,"href":"https:\/\/quehacerpolitico.mx\/index.php?rest_route=\/wp\/v2\/posts\/114132\/revisions"}],"predecessor-version":[{"id":114135,"href":"https:\/\/quehacerpolitico.mx\/index.php?rest_route=\/wp\/v2\/posts\/114132\/revisions\/114135"}],"wp:featuredmedia":[{"embeddable":true,"href":"https:\/\/quehacerpolitico.mx\/index.php?rest_route=\/wp\/v2\/media\/114133"}],"wp:attachment":[{"href":"https:\/\/quehacerpolitico.mx\/index.php?rest_route=%2Fwp%2Fv2%2Fmedia&parent=114132"}],"wp:term":[{"taxonomy":"category","embeddable":true,"href":"https:\/\/quehacerpolitico.mx\/index.php?rest_route=%2Fwp%2Fv2%2Fcategories&post=114132"},{"taxonomy":"post_tag","embeddable":true,"href":"https:\/\/quehacerpolitico.mx\/index.php?rest_route=%2Fwp%2Fv2%2Ftags&post=114132"}],"curies":[{"name":"wp","href":"https:\/\/api.w.org\/{rel}","templated":true}]}}