{"id":114110,"date":"2025-01-02T14:11:04","date_gmt":"2025-01-02T20:11:04","guid":{"rendered":"https:\/\/quehacerpolitico.mx\/?p=114110"},"modified":"2025-01-02T14:11:07","modified_gmt":"2025-01-02T20:11:07","slug":"el-quehacer-politico-internacional-a-traves-de-la-opinion-carolina-alonso-romei-de-la-guerra-civil-a-la-esperanza-el-derrocamiento-de-bashar-al-assad","status":"publish","type":"post","link":"https:\/\/quehacerpolitico.mx\/?p=114110","title":{"rendered":"El Quehacer Pol\u00edtico Internacional a trav\u00e9s de la opini\u00f3n\/\/\/Carolina Alonso Romei\/\/\/De la Guerra Civil a la Esperanza: El Derrocamiento de Bashar al Assad"},"content":{"rendered":"\n<p>Por Carolina Alonso Romei<\/p>\n\n\n\n<p>Internacionalista <\/p>\n\n\n\n<p>Tras 53 a\u00f1os de un f\u00e9rreo gobierno familiar, el r\u00e9gimen de los Al Assad en Siria ha llegado a su fin. Bashar al Assad, quien asumi\u00f3 el poder en el a\u00f1o 2000 tras la muerte de su padre, ha sido derrocado. El pasado domingo 8 de diciembre, las fuerzas rebeldes tomaron Damasco, confirmando as\u00ed la ca\u00edda del r\u00e9gimen. Seg\u00fan informes de medios estatales rusos, Al Assad y su familia se encuentran actualmente en Mosc\u00fa, donde se les ha otorgado asilo pol\u00edtico.<\/p>\n\n\n\n<p>El primer ministro sirio, Mohammed al Jalali, ha expresado su disposici\u00f3n a respaldar la continuidad del gobierno en la naci\u00f3n \u00e1rabe.&nbsp;Esta declaraci\u00f3n se produce apenas 12 d\u00edas despu\u00e9s de que el grupo militante islamista Hayat Tahrir al-Sham (HTS) y facciones aliadas lanzaran una ofensiva a gran escala en el noroeste del pa\u00eds.&nbsp;Los rebeldes comenzaron por tomar Alepo, la segunda ciudad m\u00e1s grande de Siria, y luego avanzaron hacia el sur, a lo largo de la carretera que conduce a la capital, mientras las fuerzas del ej\u00e9rcito sirio se desmoronaban.<\/p>\n\n\n\n<p>Hubo algunos eventos&nbsp;clave en los que vale la pena indagar para poder entender mejor que es lo que est\u00e1 sucediendo en Siria. Lo primero es entender por qu\u00e9 existe una guerra en aquel pa\u00eds.&nbsp;Las aspiraciones democr\u00e1ticas del pueblo sirio, expresadas en las manifestaciones de 2011, se vieron truncadas por la respuesta militar del r\u00e9gimen de Al Assad. El conflicto se intensific\u00f3 r\u00e1pidamente, dando lugar a una compleja guerra civil que involucr\u00f3 a m\u00faltiples grupos armados, tanto internos como externos. La intervenci\u00f3n de potencias regionales como Ir\u00e1n y Rusia, as\u00ed como el apoyo de Estados Unidos a algunos grupos rebeldes, profundizaron a\u00fan m\u00e1s la crisis. La devastaci\u00f3n causada por la guerra ha obligado a millones de sirios a buscar refugio en pa\u00edses vecinos y en otras partes del mundo, generando una de las mayores crisis de refugiados de las \u00faltimas d\u00e9cadas.<\/p>\n\n\n\n<p>A pesar de las significativas victorias del r\u00e9gimen de Bashar al-Assad, respaldado por Rusia e Ir\u00e1n, que hab\u00edan logrado recuperar gran parte del territorio sirio, la guerra lejos de haber concluido, se encontraba en una fase de letargo. Las l\u00edneas del frente, aunque relativamente est\u00e1ticas, ocultaban una realidad compleja: vastas extensiones del pa\u00eds permanec\u00edan fuera del control gubernamental, especialmente en el norte y el este, donde una coalici\u00f3n liderada por los kurdos y respaldada por Estados Unidos, las Fuerzas Democr\u00e1ticas Sirias (FDS), ejerc\u00eda un control de facto.<\/p>\n\n\n\n<p>El \u00faltimo basti\u00f3n de la oposici\u00f3n siria se extend\u00eda a lo largo de las provincias de Alepo e Idlib, fronterizas con Turqu\u00eda. Esta regi\u00f3n, hogar de m\u00e1s de cuatro millones de personas, en su mayor\u00eda desplazadas, albergaba una compleja amalgama de grupos armados. Hayat Tahrir al-Sham (HTS) dominaba gran parte del territorio, pero conviv\u00eda con una multitud de facciones rebeldes aliadas y grupos yihadistas. Adicionalmente, el Ej\u00e9rcito Nacional Sirio, respaldado por Turqu\u00eda, controlaba zonas espec\u00edficas, lo que convert\u00eda a esta regi\u00f3n en un mosaico de alianzas y rivalidades.<\/p>\n\n\n\n<p>\u00bfQu\u00e9 papel jug\u00f3 el grupo Hayat Tahrir al Sham en este conflicto?&nbsp;Fundado en 2012 como Frente al Nusra, este grupo militante islamista inicialmente jur\u00f3 lealtad a Al Qaeda, posicion\u00e1ndose como una de las fuerzas m\u00e1s combativas contra el r\u00e9gimen de Bashar al-Assad. Sin embargo, su ideolog\u00eda yihadista, priorizando la instauraci\u00f3n de un califato isl\u00e1mico, lo distanciaba de la coalici\u00f3n rebelde predominante, el Ej\u00e9rcito Libre Sirio. En un giro estrat\u00e9gico en 2016, Al Nusra rompi\u00f3 lazos con Al Qaeda y se rebautiz\u00f3 como Hayat Tahrir al-Sham, fusion\u00e1ndose con otras facciones para consolidar su influencia en el noroeste de Siria.<\/p>\n\n\n\n<p>A pesar de rebautizarse como Hayat Tahrir al-Sham (HTS) y romper formalmente lazos con Al Qaeda, numerosos actores internacionales, incluyendo Naciones Unidas, Estados Unidos y Reino Unido, contin\u00faan considerando a HTS como una filial de la organizaci\u00f3n terrorista. De hecho, con frecuencia se refieren al grupo por su antiguo nombre, Frente al Nusra. El l\u00edder de HTS, Abu Mohammed al Jawlani, figura en la lista de terroristas globales m\u00e1s buscados por Estados Unidos y ha sido objeto de una recompensa millonaria.<\/p>\n\n\n\n<p>Idlib se convirti\u00f3 en un crisol de violencia durante a\u00f1os, escenario de una sangrienta lucha por el&nbsp;control entre las fuerzas gubernamentales sirias y diversos grupos armados. A pesar de los m\u00faltiples intentos de alcanzar un alto el fuego, la regi\u00f3n permaneci\u00f3 sumida en un conflicto intermitente. Sin embargo, en 2020, un acuerdo mediado por Turqu\u00eda y Rusia logr\u00f3 establecer una tregua relativamente estable, aunque fr\u00e1gil, que puso un freno temporal a las hostilidades.<\/p>\n\n\n\n<p>La ofensiva lanzada por HTS y sus aliados el 27 de noviembre, justificada como una medida disuasoria ante la intensificaci\u00f3n de los ataques gubernamentales contra civiles, se produjo en un contexto de profunda debilidad del r\u00e9gimen de Al Assad. A\u00f1os de guerra, sanciones econ\u00f3micas y corrupci\u00f3n hab\u00edan minado significativamente su capacidad militar y pol\u00edtica.&nbsp;Paralelamente, sus aliados regionales se ve\u00edan inmersos en conflictos propios: Hezbol\u00e1, debilitado por la reciente ofensiva israel\u00ed en L\u00edbano, y Rusia, con sus fuerzas concentradas en la guerra de Ucrania. Esta confluencia de factores dej\u00f3 a las fuerzas gubernamentales sirias expuestas y vulnerables, aprovechada por la oposici\u00f3n para lanzar una nueva ofensiva.<\/p>\n\n\n\n<p>Los rebeldes, encabezados por el HTS, lograron una victoria fulminante en Alepo el 30 de noviembre. Su ofensiva sorpresa, lanzada apenas tres d\u00edas antes, se vio favorecida por la repentina retirada de las fuerzas gubernamentales. Ante la escasa resistencia, los insurgentes consolidaron r\u00e1pidamente sus posiciones. El r\u00e9gimen de Al Assad respondi\u00f3 con una promesa de aplastar a la oposici\u00f3n, mientras Rusia intensificaba los ataques a\u00e9reos sobre las zonas rebeldes. Paralelamente, las milicias respaldadas por Ir\u00e1n reforzaron las defensas de Hama, anticipando un posible avance rebelde hacia el sur.<\/p>\n\n\n\n<p>El \u00faltimo basti\u00f3n de los rebeldes se encontraba en las provincias de Alepo e Idlib, que limitan con Turqu\u00eda y albergan a m\u00e1s de cuatro millones de personas, muchas de ellas desplazadas por el conflicto.&nbsp;Este enclave estaba bajo el control principal de Hayat Tahrir al-Sham (HTS), aunque tambi\u00e9n lo compart\u00edan diversas facciones rebeldes aliadas y grupos yihadistas.&nbsp;Adem\u00e1s, las facciones rebeldes respaldadas por Turqu\u00eda, conocidas como el Ej\u00e9rcito Nacional Sirio (ENS), ejerc\u00edan control sobre parte del territorio, con el apoyo de tropas turcas.<\/p>\n\n\n\n<p>Despu\u00e9s de medio siglo de opresi\u00f3n bajo el r\u00e9gimen Baaz y trece a\u00f1os de cruentos conflictos, hoy damos vuelta a la p\u00e1gina. Anunciamos el fin de una era oscura y el amanecer de una nueva Siria, construida sobre los cimientos de la libertad, la justicia y la unidad nacional. El primer ministro, Mohammed al Jalali, ha expresado su disposici\u00f3n a colaborar con cualquier l\u00edder leg\u00edtimamente elegido por el pueblo. Por su parte, Al Jawlani ha instruido a sus fuerzas a respetar las instituciones estatales, asegurando una transici\u00f3n pac\u00edfica y ordenada.<\/p>\n\n\n\n<p><a><\/a>El derrocamiento del r\u00e9gimen de Bashar al Assad marca el fin de m\u00e1s de cinco d\u00e9cadas de gobierno autoritario en Siria, y abre un nuevo cap\u00edtulo lleno de incertidumbre, pero tambi\u00e9n de esperanza para el pueblo sirio. Tras a\u00f1os de devastadora guerra civil, los sirios enfrentan ahora el desaf\u00edo de reconstruir su pa\u00eds y encontrar un camino hacia la paz y la estabilidad. Si bien la ca\u00edda del r\u00e9gimen no garantiza un futuro inmediato y libre de conflictos, el&nbsp;compromiso de actores clave, como el primer ministro Mohammed al Jalali y Al Jawlani, con una transici\u00f3n ordenada ofrece una oportunidad para que el pueblo sirio retome las riendas de su destino. La reconstrucci\u00f3n de una Siria democr\u00e1tica, justa y unificada ser\u00e1 un proceso largo y arduo, pero la ca\u00edda del r\u00e9gimen de los Al Assad es un primer paso hacia la recuperaci\u00f3n de la soberan\u00eda y la dignidad del pa\u00eds.<\/p>\n","protected":false},"excerpt":{"rendered":"<p>Por Carolina Alonso Romei Internacionalista Tras 53 a\u00f1os de un f\u00e9rreo gobierno familiar, el r\u00e9gimen&#8230;<\/p>\n","protected":false},"author":2,"featured_media":114111,"comment_status":"open","ping_status":"open","sticky":false,"template":"","format":"standard","meta":{"_monsterinsights_skip_tracking":false,"_monsterinsights_sitenote_active":false,"_monsterinsights_sitenote_note":"","_monsterinsights_sitenote_category":0,"footnotes":""},"categories":[1],"tags":[],"class_list":["post-114110","post","type-post","status-publish","format-standard","has-post-thumbnail","hentry","category-sin-categoria"],"yoast_head":"<!-- This site is optimized with the Yoast SEO plugin v27.3 - https:\/\/yoast.com\/product\/yoast-seo-wordpress\/ -->\n<title>El Quehacer Pol\u00edtico Internacional a trav\u00e9s de la opini\u00f3n\/\/\/Carolina Alonso Romei\/\/\/De la Guerra Civil a la Esperanza: El Derrocamiento de Bashar al Assad -<\/title>\n<meta name=\"robots\" content=\"index, follow, max-snippet:-1, max-image-preview:large, max-video-preview:-1\" \/>\n<link rel=\"canonical\" href=\"https:\/\/quehacerpolitico.mx\/?p=114110\" \/>\n<meta property=\"og:locale\" content=\"es_MX\" \/>\n<meta property=\"og:type\" content=\"article\" \/>\n<meta property=\"og:title\" content=\"El Quehacer Pol\u00edtico Internacional a trav\u00e9s de la opini\u00f3n\/\/\/Carolina Alonso Romei\/\/\/De la Guerra Civil a la Esperanza: El Derrocamiento de Bashar al Assad -\" \/>\n<meta property=\"og:description\" content=\"Por Carolina Alonso Romei Internacionalista Tras 53 a\u00f1os de un f\u00e9rreo gobierno familiar, el r\u00e9gimen...\" \/>\n<meta property=\"og:url\" content=\"https:\/\/quehacerpolitico.mx\/?p=114110\" \/>\n<meta property=\"article:published_time\" content=\"2025-01-02T20:11:04+00:00\" \/>\n<meta property=\"article:modified_time\" content=\"2025-01-02T20:11:07+00:00\" \/>\n<meta property=\"og:image\" content=\"https:\/\/quehacerpolitico.mx\/wp-content\/uploads\/2025\/01\/03fa6135-c3fe-44b7-8e96-c6ca323ffebb.jpeg\" \/>\n\t<meta property=\"og:image:width\" content=\"963\" \/>\n\t<meta property=\"og:image:height\" content=\"493\" \/>\n\t<meta property=\"og:image:type\" content=\"image\/jpeg\" \/>\n<meta name=\"author\" content=\"Redacci\u00f3n QP\" \/>\n<meta name=\"twitter:card\" content=\"summary_large_image\" \/>\n<meta name=\"twitter:label1\" content=\"Escrito por\" \/>\n\t<meta name=\"twitter:data1\" content=\"Redacci\u00f3n QP\" \/>\n\t<meta name=\"twitter:label2\" content=\"Tiempo de lectura\" \/>\n\t<meta name=\"twitter:data2\" content=\"7 minutos\" \/>\n<script type=\"application\/ld+json\" class=\"yoast-schema-graph\">{\"@context\":\"https:\\\/\\\/schema.org\",\"@graph\":[{\"@type\":\"Article\",\"@id\":\"https:\\\/\\\/quehacerpolitico.mx\\\/?p=114110#article\",\"isPartOf\":{\"@id\":\"https:\\\/\\\/quehacerpolitico.mx\\\/?p=114110\"},\"author\":{\"name\":\"Redacci\u00f3n QP\",\"@id\":\"https:\\\/\\\/quehacerpolitico.mx\\\/#\\\/schema\\\/person\\\/496d8ad2d1d3f8036101dca7ee39e585\"},\"headline\":\"El Quehacer Pol\u00edtico Internacional a trav\u00e9s de la opini\u00f3n\\\/\\\/\\\/Carolina Alonso Romei\\\/\\\/\\\/De la Guerra Civil a la Esperanza: El Derrocamiento de Bashar al Assad\",\"datePublished\":\"2025-01-02T20:11:04+00:00\",\"dateModified\":\"2025-01-02T20:11:07+00:00\",\"mainEntityOfPage\":{\"@id\":\"https:\\\/\\\/quehacerpolitico.mx\\\/?p=114110\"},\"wordCount\":1417,\"commentCount\":0,\"image\":{\"@id\":\"https:\\\/\\\/quehacerpolitico.mx\\\/?p=114110#primaryimage\"},\"thumbnailUrl\":\"https:\\\/\\\/quehacerpolitico.mx\\\/wp-content\\\/uploads\\\/2025\\\/01\\\/03fa6135-c3fe-44b7-8e96-c6ca323ffebb.jpeg\",\"articleSection\":[\"Internacionales\"],\"inLanguage\":\"es\",\"potentialAction\":[{\"@type\":\"CommentAction\",\"name\":\"Comment\",\"target\":[\"https:\\\/\\\/quehacerpolitico.mx\\\/?p=114110#respond\"]}]},{\"@type\":\"WebPage\",\"@id\":\"https:\\\/\\\/quehacerpolitico.mx\\\/?p=114110\",\"url\":\"https:\\\/\\\/quehacerpolitico.mx\\\/?p=114110\",\"name\":\"El Quehacer Pol\u00edtico Internacional a trav\u00e9s de la opini\u00f3n\\\/\\\/\\\/Carolina Alonso Romei\\\/\\\/\\\/De la Guerra Civil a la Esperanza: El Derrocamiento de Bashar al Assad -\",\"isPartOf\":{\"@id\":\"https:\\\/\\\/quehacerpolitico.mx\\\/#website\"},\"primaryImageOfPage\":{\"@id\":\"https:\\\/\\\/quehacerpolitico.mx\\\/?p=114110#primaryimage\"},\"image\":{\"@id\":\"https:\\\/\\\/quehacerpolitico.mx\\\/?p=114110#primaryimage\"},\"thumbnailUrl\":\"https:\\\/\\\/quehacerpolitico.mx\\\/wp-content\\\/uploads\\\/2025\\\/01\\\/03fa6135-c3fe-44b7-8e96-c6ca323ffebb.jpeg\",\"datePublished\":\"2025-01-02T20:11:04+00:00\",\"dateModified\":\"2025-01-02T20:11:07+00:00\",\"author\":{\"@id\":\"https:\\\/\\\/quehacerpolitico.mx\\\/#\\\/schema\\\/person\\\/496d8ad2d1d3f8036101dca7ee39e585\"},\"breadcrumb\":{\"@id\":\"https:\\\/\\\/quehacerpolitico.mx\\\/?p=114110#breadcrumb\"},\"inLanguage\":\"es\",\"potentialAction\":[{\"@type\":\"ReadAction\",\"target\":[\"https:\\\/\\\/quehacerpolitico.mx\\\/?p=114110\"]}]},{\"@type\":\"ImageObject\",\"inLanguage\":\"es\",\"@id\":\"https:\\\/\\\/quehacerpolitico.mx\\\/?p=114110#primaryimage\",\"url\":\"https:\\\/\\\/quehacerpolitico.mx\\\/wp-content\\\/uploads\\\/2025\\\/01\\\/03fa6135-c3fe-44b7-8e96-c6ca323ffebb.jpeg\",\"contentUrl\":\"https:\\\/\\\/quehacerpolitico.mx\\\/wp-content\\\/uploads\\\/2025\\\/01\\\/03fa6135-c3fe-44b7-8e96-c6ca323ffebb.jpeg\",\"width\":963,\"height\":493},{\"@type\":\"BreadcrumbList\",\"@id\":\"https:\\\/\\\/quehacerpolitico.mx\\\/?p=114110#breadcrumb\",\"itemListElement\":[{\"@type\":\"ListItem\",\"position\":1,\"name\":\"Inicio\",\"item\":\"https:\\\/\\\/quehacerpolitico.mx\\\/\"},{\"@type\":\"ListItem\",\"position\":2,\"name\":\"El Quehacer Pol\u00edtico Internacional a trav\u00e9s de la opini\u00f3n\\\/\\\/\\\/Carolina Alonso Romei\\\/\\\/\\\/De la Guerra Civil a la Esperanza: El Derrocamiento de Bashar al Assad\"}]},{\"@type\":\"WebSite\",\"@id\":\"https:\\\/\\\/quehacerpolitico.mx\\\/#website\",\"url\":\"https:\\\/\\\/quehacerpolitico.mx\\\/\",\"name\":\"\",\"description\":\"\",\"potentialAction\":[{\"@type\":\"SearchAction\",\"target\":{\"@type\":\"EntryPoint\",\"urlTemplate\":\"https:\\\/\\\/quehacerpolitico.mx\\\/?s={search_term_string}\"},\"query-input\":{\"@type\":\"PropertyValueSpecification\",\"valueRequired\":true,\"valueName\":\"search_term_string\"}}],\"inLanguage\":\"es\"},{\"@type\":\"Person\",\"@id\":\"https:\\\/\\\/quehacerpolitico.mx\\\/#\\\/schema\\\/person\\\/496d8ad2d1d3f8036101dca7ee39e585\",\"name\":\"Redacci\u00f3n QP\",\"image\":{\"@type\":\"ImageObject\",\"inLanguage\":\"es\",\"@id\":\"https:\\\/\\\/secure.gravatar.com\\\/avatar\\\/c7164ed6fdec453195284ad24a5ae5b6e1eed2b848477fa2a4787ba9adf39a41?s=96&d=mm&r=g\",\"url\":\"https:\\\/\\\/secure.gravatar.com\\\/avatar\\\/c7164ed6fdec453195284ad24a5ae5b6e1eed2b848477fa2a4787ba9adf39a41?s=96&d=mm&r=g\",\"contentUrl\":\"https:\\\/\\\/secure.gravatar.com\\\/avatar\\\/c7164ed6fdec453195284ad24a5ae5b6e1eed2b848477fa2a4787ba9adf39a41?s=96&d=mm&r=g\",\"caption\":\"Redacci\u00f3n QP\"},\"url\":\"https:\\\/\\\/quehacerpolitico.mx\\\/?author=2\"}]}<\/script>\n<!-- \/ Yoast SEO plugin. -->","yoast_head_json":{"title":"El Quehacer Pol\u00edtico Internacional a trav\u00e9s de la opini\u00f3n\/\/\/Carolina Alonso Romei\/\/\/De la Guerra Civil a la Esperanza: El Derrocamiento de Bashar al Assad -","robots":{"index":"index","follow":"follow","max-snippet":"max-snippet:-1","max-image-preview":"max-image-preview:large","max-video-preview":"max-video-preview:-1"},"canonical":"https:\/\/quehacerpolitico.mx\/?p=114110","og_locale":"es_MX","og_type":"article","og_title":"El Quehacer Pol\u00edtico Internacional a trav\u00e9s de la opini\u00f3n\/\/\/Carolina Alonso Romei\/\/\/De la Guerra Civil a la Esperanza: El Derrocamiento de Bashar al Assad -","og_description":"Por Carolina Alonso Romei Internacionalista Tras 53 a\u00f1os de un f\u00e9rreo gobierno familiar, el r\u00e9gimen...","og_url":"https:\/\/quehacerpolitico.mx\/?p=114110","article_published_time":"2025-01-02T20:11:04+00:00","article_modified_time":"2025-01-02T20:11:07+00:00","og_image":[{"width":963,"height":493,"url":"https:\/\/quehacerpolitico.mx\/wp-content\/uploads\/2025\/01\/03fa6135-c3fe-44b7-8e96-c6ca323ffebb.jpeg","type":"image\/jpeg"}],"author":"Redacci\u00f3n QP","twitter_card":"summary_large_image","twitter_misc":{"Escrito por":"Redacci\u00f3n QP","Tiempo de lectura":"7 minutos"},"schema":{"@context":"https:\/\/schema.org","@graph":[{"@type":"Article","@id":"https:\/\/quehacerpolitico.mx\/?p=114110#article","isPartOf":{"@id":"https:\/\/quehacerpolitico.mx\/?p=114110"},"author":{"name":"Redacci\u00f3n QP","@id":"https:\/\/quehacerpolitico.mx\/#\/schema\/person\/496d8ad2d1d3f8036101dca7ee39e585"},"headline":"El Quehacer Pol\u00edtico Internacional a trav\u00e9s de la opini\u00f3n\/\/\/Carolina Alonso Romei\/\/\/De la Guerra Civil a la Esperanza: El Derrocamiento de Bashar al Assad","datePublished":"2025-01-02T20:11:04+00:00","dateModified":"2025-01-02T20:11:07+00:00","mainEntityOfPage":{"@id":"https:\/\/quehacerpolitico.mx\/?p=114110"},"wordCount":1417,"commentCount":0,"image":{"@id":"https:\/\/quehacerpolitico.mx\/?p=114110#primaryimage"},"thumbnailUrl":"https:\/\/quehacerpolitico.mx\/wp-content\/uploads\/2025\/01\/03fa6135-c3fe-44b7-8e96-c6ca323ffebb.jpeg","articleSection":["Internacionales"],"inLanguage":"es","potentialAction":[{"@type":"CommentAction","name":"Comment","target":["https:\/\/quehacerpolitico.mx\/?p=114110#respond"]}]},{"@type":"WebPage","@id":"https:\/\/quehacerpolitico.mx\/?p=114110","url":"https:\/\/quehacerpolitico.mx\/?p=114110","name":"El Quehacer Pol\u00edtico Internacional a trav\u00e9s de la opini\u00f3n\/\/\/Carolina Alonso Romei\/\/\/De la Guerra Civil a la Esperanza: El Derrocamiento de Bashar al Assad -","isPartOf":{"@id":"https:\/\/quehacerpolitico.mx\/#website"},"primaryImageOfPage":{"@id":"https:\/\/quehacerpolitico.mx\/?p=114110#primaryimage"},"image":{"@id":"https:\/\/quehacerpolitico.mx\/?p=114110#primaryimage"},"thumbnailUrl":"https:\/\/quehacerpolitico.mx\/wp-content\/uploads\/2025\/01\/03fa6135-c3fe-44b7-8e96-c6ca323ffebb.jpeg","datePublished":"2025-01-02T20:11:04+00:00","dateModified":"2025-01-02T20:11:07+00:00","author":{"@id":"https:\/\/quehacerpolitico.mx\/#\/schema\/person\/496d8ad2d1d3f8036101dca7ee39e585"},"breadcrumb":{"@id":"https:\/\/quehacerpolitico.mx\/?p=114110#breadcrumb"},"inLanguage":"es","potentialAction":[{"@type":"ReadAction","target":["https:\/\/quehacerpolitico.mx\/?p=114110"]}]},{"@type":"ImageObject","inLanguage":"es","@id":"https:\/\/quehacerpolitico.mx\/?p=114110#primaryimage","url":"https:\/\/quehacerpolitico.mx\/wp-content\/uploads\/2025\/01\/03fa6135-c3fe-44b7-8e96-c6ca323ffebb.jpeg","contentUrl":"https:\/\/quehacerpolitico.mx\/wp-content\/uploads\/2025\/01\/03fa6135-c3fe-44b7-8e96-c6ca323ffebb.jpeg","width":963,"height":493},{"@type":"BreadcrumbList","@id":"https:\/\/quehacerpolitico.mx\/?p=114110#breadcrumb","itemListElement":[{"@type":"ListItem","position":1,"name":"Inicio","item":"https:\/\/quehacerpolitico.mx\/"},{"@type":"ListItem","position":2,"name":"El Quehacer Pol\u00edtico Internacional a trav\u00e9s de la opini\u00f3n\/\/\/Carolina Alonso Romei\/\/\/De la Guerra Civil a la Esperanza: El Derrocamiento de Bashar al Assad"}]},{"@type":"WebSite","@id":"https:\/\/quehacerpolitico.mx\/#website","url":"https:\/\/quehacerpolitico.mx\/","name":"","description":"","potentialAction":[{"@type":"SearchAction","target":{"@type":"EntryPoint","urlTemplate":"https:\/\/quehacerpolitico.mx\/?s={search_term_string}"},"query-input":{"@type":"PropertyValueSpecification","valueRequired":true,"valueName":"search_term_string"}}],"inLanguage":"es"},{"@type":"Person","@id":"https:\/\/quehacerpolitico.mx\/#\/schema\/person\/496d8ad2d1d3f8036101dca7ee39e585","name":"Redacci\u00f3n QP","image":{"@type":"ImageObject","inLanguage":"es","@id":"https:\/\/secure.gravatar.com\/avatar\/c7164ed6fdec453195284ad24a5ae5b6e1eed2b848477fa2a4787ba9adf39a41?s=96&d=mm&r=g","url":"https:\/\/secure.gravatar.com\/avatar\/c7164ed6fdec453195284ad24a5ae5b6e1eed2b848477fa2a4787ba9adf39a41?s=96&d=mm&r=g","contentUrl":"https:\/\/secure.gravatar.com\/avatar\/c7164ed6fdec453195284ad24a5ae5b6e1eed2b848477fa2a4787ba9adf39a41?s=96&d=mm&r=g","caption":"Redacci\u00f3n QP"},"url":"https:\/\/quehacerpolitico.mx\/?author=2"}]}},"featured_image_urls":{"full":["https:\/\/quehacerpolitico.mx\/wp-content\/uploads\/2025\/01\/03fa6135-c3fe-44b7-8e96-c6ca323ffebb.jpeg",963,493,false],"thumbnail":["https:\/\/quehacerpolitico.mx\/wp-content\/uploads\/2025\/01\/03fa6135-c3fe-44b7-8e96-c6ca323ffebb-150x150.jpeg",150,150,true],"medium":["https:\/\/quehacerpolitico.mx\/wp-content\/uploads\/2025\/01\/03fa6135-c3fe-44b7-8e96-c6ca323ffebb-300x154.jpeg",300,154,true],"medium_large":["https:\/\/quehacerpolitico.mx\/wp-content\/uploads\/2025\/01\/03fa6135-c3fe-44b7-8e96-c6ca323ffebb-768x393.jpeg",640,328,true],"large":["https:\/\/quehacerpolitico.mx\/wp-content\/uploads\/2025\/01\/03fa6135-c3fe-44b7-8e96-c6ca323ffebb.jpeg",640,328,false],"1536x1536":["https:\/\/quehacerpolitico.mx\/wp-content\/uploads\/2025\/01\/03fa6135-c3fe-44b7-8e96-c6ca323ffebb.jpeg",963,493,false],"2048x2048":["https:\/\/quehacerpolitico.mx\/wp-content\/uploads\/2025\/01\/03fa6135-c3fe-44b7-8e96-c6ca323ffebb.jpeg",963,493,false],"covernews-featured":["https:\/\/quehacerpolitico.mx\/wp-content\/uploads\/2025\/01\/03fa6135-c3fe-44b7-8e96-c6ca323ffebb.jpeg",963,493,false],"covernews-medium":["https:\/\/quehacerpolitico.mx\/wp-content\/uploads\/2025\/01\/03fa6135-c3fe-44b7-8e96-c6ca323ffebb-540x340.jpeg",540,340,true]},"author_info":{"display_name":"Redacci\u00f3n QP","author_link":"https:\/\/quehacerpolitico.mx\/?author=2"},"category_info":"<a href=\"https:\/\/quehacerpolitico.mx\/?cat=1\" rel=\"category\">Internacionales<\/a>","tag_info":"Internacionales","comment_count":"0","_links":{"self":[{"href":"https:\/\/quehacerpolitico.mx\/index.php?rest_route=\/wp\/v2\/posts\/114110","targetHints":{"allow":["GET"]}}],"collection":[{"href":"https:\/\/quehacerpolitico.mx\/index.php?rest_route=\/wp\/v2\/posts"}],"about":[{"href":"https:\/\/quehacerpolitico.mx\/index.php?rest_route=\/wp\/v2\/types\/post"}],"author":[{"embeddable":true,"href":"https:\/\/quehacerpolitico.mx\/index.php?rest_route=\/wp\/v2\/users\/2"}],"replies":[{"embeddable":true,"href":"https:\/\/quehacerpolitico.mx\/index.php?rest_route=%2Fwp%2Fv2%2Fcomments&post=114110"}],"version-history":[{"count":1,"href":"https:\/\/quehacerpolitico.mx\/index.php?rest_route=\/wp\/v2\/posts\/114110\/revisions"}],"predecessor-version":[{"id":114112,"href":"https:\/\/quehacerpolitico.mx\/index.php?rest_route=\/wp\/v2\/posts\/114110\/revisions\/114112"}],"wp:featuredmedia":[{"embeddable":true,"href":"https:\/\/quehacerpolitico.mx\/index.php?rest_route=\/wp\/v2\/media\/114111"}],"wp:attachment":[{"href":"https:\/\/quehacerpolitico.mx\/index.php?rest_route=%2Fwp%2Fv2%2Fmedia&parent=114110"}],"wp:term":[{"taxonomy":"category","embeddable":true,"href":"https:\/\/quehacerpolitico.mx\/index.php?rest_route=%2Fwp%2Fv2%2Fcategories&post=114110"},{"taxonomy":"post_tag","embeddable":true,"href":"https:\/\/quehacerpolitico.mx\/index.php?rest_route=%2Fwp%2Fv2%2Ftags&post=114110"}],"curies":[{"name":"wp","href":"https:\/\/api.w.org\/{rel}","templated":true}]}}