{"id":114096,"date":"2025-01-02T13:29:17","date_gmt":"2025-01-02T19:29:17","guid":{"rendered":"https:\/\/quehacerpolitico.mx\/?p=114096"},"modified":"2025-01-02T13:29:19","modified_gmt":"2025-01-02T19:29:19","slug":"en-2024-cultura-comunitaria-celebro-las-expresiones-culturales-de-todo-el-pais","status":"publish","type":"post","link":"https:\/\/quehacerpolitico.mx\/?p=114096","title":{"rendered":"EN 2024, CULTURA COMUNITARIA CELEBR\u00d3 LAS EXPRESIONES CULTURALES DE TODO EL PA\u00cdS"},"content":{"rendered":"\n<p>Por Redacci\u00f3n QP<\/p>\n\n\n\n<ul class=\"wp-block-list\">\n<li><strong>Durante el presente a\u00f1o se realizaron m\u00e1s de 5 mil 900 actividades<\/strong><\/li>\n\n\n\n<li><strong>Los Semilleros Creativos fueron galardonados por su talento y dedicaci\u00f3n<\/strong><\/li>\n\n\n\n<li><strong>Los Convites culturales convocaron a la reflexi\u00f3n y el intercambio de experiencias para promover el rescate de tradiciones y saberes<\/strong><\/li>\n\n\n\n<li><strong>Bajo el tema &#8220;La programaci\u00f3n cultural desde un enfoque participativo y comunitario&#8221;, se realizaron conversatorios que generaron un intercambio valioso de experiencias y perspectivas<\/strong><\/li>\n<\/ul>\n\n\n\n<p>Durante 2024, el programa Cultura Comunitaria, de la Secretar\u00eda de Cultura del Gobierno de M\u00e9xico, realiz\u00f3 m\u00e1s de 5 mil 900 actividades como resultado de un arduo trabajo con comunidades de todo el pa\u00eds.<\/p>\n\n\n\n<p>A trav\u00e9s de acciones permanentes, como los Semilleros Creativos y los Convites culturales, el programa se integr\u00f3 a la Estrategia de Atenci\u00f3n a las Causas \u2013uno de los ejes de la estrategia de seguridad del Gobierno de M\u00e9xico\u2013, con el objetivo de ofrecer alternativas a ni\u00f1as, ni\u00f1os y j\u00f3venes de todo el pa\u00eds.<\/p>\n\n\n\n<figure class=\"wp-block-image size-large\"><img loading=\"lazy\" decoding=\"async\" width=\"1024\" height=\"576\" src=\"https:\/\/quehacerpolitico.mx\/wp-content\/uploads\/2025\/01\/image-7-1024x576.jpeg\" alt=\"\" class=\"wp-image-114104\" srcset=\"https:\/\/quehacerpolitico.mx\/wp-content\/uploads\/2025\/01\/image-7-1024x576.jpeg 1024w, https:\/\/quehacerpolitico.mx\/wp-content\/uploads\/2025\/01\/image-7-300x169.jpeg 300w, https:\/\/quehacerpolitico.mx\/wp-content\/uploads\/2025\/01\/image-7-768x432.jpeg 768w, https:\/\/quehacerpolitico.mx\/wp-content\/uploads\/2025\/01\/image-7.jpeg 1280w\" sizes=\"auto, (max-width: 1024px) 100vw, 1024px\" \/><\/figure>\n\n\n\n<p><strong>Semilleros Creativos: talento y colaboraci\u00f3n<\/strong><\/p>\n\n\n\n<p>Los Semilleros Creativos son grupos de formaci\u00f3n gratuita para la ni\u00f1ez y las juventudes, en los que se promueve su participaci\u00f3n en la vida art\u00edstica, el pensamiento cr\u00edtico y su posicionamiento como agentes culturales.<\/p>\n\n\n\n<p>A lo largo del a\u00f1o, los Semilleros Creativos llevaron a cabo m\u00faltiples actividades que incluyeron la participaci\u00f3n de infancias y juventudes de toda la Rep\u00fablica. Entre los momentos m\u00e1s destacados se encuentran la creaci\u00f3n del mural colectivo&nbsp;<em>El ombligo de la luna<\/em>, el cual se exhibe en el techo del foro al aire libre del Pabell\u00f3n de Cultura Comunitaria, y se aprecia al viajar en la L\u00ednea 3 del Cableb\u00fas de la Ciudad de M\u00e9xico.<\/p>\n\n\n\n<p>De igual forma, se llev\u00f3 a cabo un concierto sinf\u00f3nico en el Palacio de Bellas Artes para conmemorar el 65\u00b0 aniversario de Canal Once, ejecutado por j\u00f3venes m\u00fasicos de los Semilleros Creativos provenientes de Ciudad de M\u00e9xico, Estado de M\u00e9xico, Guanajuato y Morelos, en colaboraci\u00f3n con la Orquesta Escuela Carlos Ch\u00e1vez.<\/p>\n\n\n\n<p>Adem\u00e1s, se present\u00f3 la exposici\u00f3n nacional \u201cSomos Semilla\u201d, que reuni\u00f3 m\u00e1s de seis mil piezas de arte creadas por 148 Semilleros Creativos y 70 Convites culturales.<\/p>\n\n\n\n<p>Cabe destacar que es la primera muestra en su tipo a nivel nacional, que ofrece obras realizadas por las y los participantes del programa Cultura Comunitaria. Permanece abierta hasta enero de 2025.<\/p>\n\n\n\n<figure class=\"wp-block-image size-large\"><img loading=\"lazy\" decoding=\"async\" width=\"682\" height=\"1024\" src=\"https:\/\/quehacerpolitico.mx\/wp-content\/uploads\/2025\/01\/image-6-682x1024.jpeg\" alt=\"\" class=\"wp-image-114103\" srcset=\"https:\/\/quehacerpolitico.mx\/wp-content\/uploads\/2025\/01\/image-6-682x1024.jpeg 682w, https:\/\/quehacerpolitico.mx\/wp-content\/uploads\/2025\/01\/image-6-200x300.jpeg 200w, https:\/\/quehacerpolitico.mx\/wp-content\/uploads\/2025\/01\/image-6-768x1152.jpeg 768w, https:\/\/quehacerpolitico.mx\/wp-content\/uploads\/2025\/01\/image-6.jpeg 853w\" sizes=\"auto, (max-width: 682px) 100vw, 682px\" \/><\/figure>\n\n\n\n<p>Entre junio y octubre, se realiz\u00f3 el Festival Tengo un sue\u00f1o 2024, en el que se llevaron a cabo 26 eventos estatales y biestatales, con la participaci\u00f3n de integrantes de los Semilleros Creativos de todos los estados del pa\u00eds, en los que compartieron los avances anuales en sus diversas disciplinas.<\/p>\n\n\n\n<p>La culminaci\u00f3n del encuentro fue en el Auditorio Nacional con el \u201cMagno evento de Cultura Comunitaria Tengo un sue\u00f1o\u201d, con la colaboraci\u00f3n de dos mil ni\u00f1as, ni\u00f1os y j\u00f3venes, quienes participaron tanto en el escenario como en la realizaci\u00f3n de la escenograf\u00eda.<\/p>\n\n\n\n<p>En noviembre, el talento de los j\u00f3venes artistas los llev\u00f3 a explorar escenarios internacionales, como el II Encuentro Latinoamericano de Orquestas Sinf\u00f3nicas Infantiles en Colombia, en el que integrantes de los Semilleros Ensamble Comunitario de Cuerdas y Percusiones \u201cArditepec\u201d (Ciudad de M\u00e9xico), as\u00ed como de las Orquestas Sinf\u00f3nica Comunitaria J\u00f3venes L\u00edderes y \u201cVasco de Quiroga\u201d (Michoac\u00e1n), fueron seleccionados para representar a nuestro pa\u00eds.<\/p>\n\n\n\n<p>En 2024, los Semilleros Creativos fueron galardonados por su talento y dedicaci\u00f3n, ejemplo de ello es el reconocimiento al Semillero de Fotograf\u00eda en Tala, Jalisco, por su colaboraci\u00f3n en el proyecto Eclipse Soundscapes 2024, organizado por la Administraci\u00f3n Nacional de Aeron\u00e1utica y el Espacio (NASA), que los incluy\u00f3 como observadores de la naturaleza durante el eclipse ocurrido el 8 de abril.<\/p>\n\n\n\n<p>Tambi\u00e9n, est\u00e1 el caso de Leonardo, del Semillero Creativo de Cinematograf\u00eda en Durango, quien fue seleccionado en el Festival de Cine Paloma Itinerante con su cortometraje&nbsp;<em>Fuera de competencia<\/em>. Y el mismo Semillero logr\u00f3 la proyecci\u00f3n del cortometraje<em>La m\u00fasica&nbsp;<\/em>en el 29.\u00b0 Festival Internacional de Cine para Ni\u00f1os (y no tan ni\u00f1os) de La Matatena A.C.<\/p>\n\n\n\n<figure class=\"wp-block-image size-large\"><img loading=\"lazy\" decoding=\"async\" width=\"1024\" height=\"683\" src=\"https:\/\/quehacerpolitico.mx\/wp-content\/uploads\/2025\/01\/image-5-1024x683.jpeg\" alt=\"\" class=\"wp-image-114102\" srcset=\"https:\/\/quehacerpolitico.mx\/wp-content\/uploads\/2025\/01\/image-5-1024x683.jpeg 1024w, https:\/\/quehacerpolitico.mx\/wp-content\/uploads\/2025\/01\/image-5-300x200.jpeg 300w, https:\/\/quehacerpolitico.mx\/wp-content\/uploads\/2025\/01\/image-5-768x512.jpeg 768w, https:\/\/quehacerpolitico.mx\/wp-content\/uploads\/2025\/01\/image-5-1536x1024.jpeg 1536w, https:\/\/quehacerpolitico.mx\/wp-content\/uploads\/2025\/01\/image-5.jpeg 1600w\" sizes=\"auto, (max-width: 1024px) 100vw, 1024px\" \/><\/figure>\n\n\n\n<p>A finales del a\u00f1o, los Semilleros de Michoac\u00e1n recibieron una menci\u00f3n honor\u00edfica en la Presea al M\u00e9rito de los Derechos Humanos de Michoac\u00e1n 2024, otorgada por la Comisi\u00f3n Estatal de Derechos Humanos.<\/p>\n\n\n\n<p>De igual forma, Iberorquestas Juveniles reconoci\u00f3 a una integrante del Semillero Orquesta Sinf\u00f3nica Comunitaria \u201cVasco de Quiroga\u201dcon el Galard\u00f3n Joven Int\u00e9rprete 2024, y el Ensamble Huasteco Comunitario &#8220;C\u00e1ntaros de Sol&#8221; obtuvo la menci\u00f3n honor\u00edfica como Agrupaci\u00f3n Joven 2024, entre otros reconocimientos que el programa ha logrado.<\/p>\n\n\n\n<p><strong>Jornadas culturales y rescate de saberes<\/strong><\/p>\n\n\n\n<p>Durante 2024, los Convites culturales y actividades como Cine sillitas y Jolgorios convocaron a la reflexi\u00f3n y el intercambio de experiencias. Las jornadas se llevaron a cabo para promover el rescate de tradiciones y saberes locales.<\/p>\n\n\n\n<p>Los Convites culturales son convivencias semanales que incluyen actividades art\u00edsticas y culturales dirigidas a p\u00fablicos de todas las edades. Los eventos, que se realizan a lo largo del a\u00f1o, se enfocaron en el rescate de la literatura local, las artes pl\u00e1sticas y las pr\u00e1cticas tradicionales, entre otros intereses culturales comunitarios.<\/p>\n\n\n\n<figure class=\"wp-block-image size-large\"><img loading=\"lazy\" decoding=\"async\" width=\"1024\" height=\"768\" src=\"https:\/\/quehacerpolitico.mx\/wp-content\/uploads\/2025\/01\/image-4-1024x768.jpeg\" alt=\"\" class=\"wp-image-114101\" srcset=\"https:\/\/quehacerpolitico.mx\/wp-content\/uploads\/2025\/01\/image-4-1024x768.jpeg 1024w, https:\/\/quehacerpolitico.mx\/wp-content\/uploads\/2025\/01\/image-4-300x225.jpeg 300w, https:\/\/quehacerpolitico.mx\/wp-content\/uploads\/2025\/01\/image-4-768x576.jpeg 768w, https:\/\/quehacerpolitico.mx\/wp-content\/uploads\/2025\/01\/image-4-1536x1152.jpeg 1536w, https:\/\/quehacerpolitico.mx\/wp-content\/uploads\/2025\/01\/image-4.jpeg 1600w\" sizes=\"auto, (max-width: 1024px) 100vw, 1024px\" \/><\/figure>\n\n\n\n<p>Adem\u00e1s, se dise\u00f1aron jornadas especiales para conmemorar acontecimientos y personajes de la historia de M\u00e9xico, como Rufino Tamayo y Felipe Carrillo Puerto.<\/p>\n\n\n\n<p>A su vez, Cine sillitas fomenta la sana convivencia, la cultura de paz y la apropiaci\u00f3n afectiva de espacios p\u00fablicos, mediante el acceso libre a proyecciones de pel\u00edculas y cortometrajes para personas de todas las edades.<\/p>\n\n\n\n<p>En tanto que los Jolgorios son celebraciones p\u00fablicas de arte y cultura en los cuales se propicia la apertura al di\u00e1logo creativo y a las audiencias que tienen presencia activa, por tanto, son tambi\u00e9n protagonistas.<\/p>\n\n\n\n<p><strong>Formaci\u00f3n cultural y comunitaria<\/strong><\/p>\n\n\n\n<p>En el \u00e1mbito formativo, se realizaron&nbsp;42&nbsp;actividades en l\u00ednea, entre ellas, sobresalieron el seminario \u201cEpistemolog\u00eda latinoamericana en la gesti\u00f3n cultural comunitaria\u201d y talleres como: \u201cTextos en lenguas ind\u00edgenas &#8211;&nbsp;<em>diidxa nisa<\/em>\/ palabras de agua\u201d, \u201cCabaret para trabajar con juventudes: identidad, sexualidad y g\u00e9nero\u201d y \u201cEl textil en el arte contempor\u00e1neo\u201d, impartidos por Cecilia Iglesias, Irma Pineda, Mariano Ruiz y Teresa Olmedo, respectivamente.<\/p>\n\n\n\n<figure class=\"wp-block-image size-large\"><img loading=\"lazy\" decoding=\"async\" width=\"768\" height=\"1024\" src=\"https:\/\/quehacerpolitico.mx\/wp-content\/uploads\/2025\/01\/image-3-768x1024.jpeg\" alt=\"\" class=\"wp-image-114100\" srcset=\"https:\/\/quehacerpolitico.mx\/wp-content\/uploads\/2025\/01\/image-3-768x1024.jpeg 768w, https:\/\/quehacerpolitico.mx\/wp-content\/uploads\/2025\/01\/image-3-225x300.jpeg 225w, https:\/\/quehacerpolitico.mx\/wp-content\/uploads\/2025\/01\/image-3.jpeg 960w\" sizes=\"auto, (max-width: 768px) 100vw, 768px\" \/><\/figure>\n\n\n\n<p>Tambi\u00e9n, se lanz\u00f3 la segunda edici\u00f3n del MOOC (Massive Online Open Courses) en pol\u00edticas culturales de base comunitaria. Adem\u00e1s, en Centros de Reinserci\u00f3n Social (CERESOS), Centros Federales de Readaptaci\u00f3n Social (CEFERESOS) y Centros Especializados de Internamiento Preventivo para Adolescentes se realizaron talleres y se present\u00f3 la exposici\u00f3n \u201cLa suerte del destino en Quer\u00e9taro\u201d, con obras creadas por personas privadas de la libertad.<\/p>\n\n\n\n<p>Uno de los logros m\u00e1s significativos fue el desarrollo de ocho conversatorios en l\u00ednea, en los que participaron m\u00e1s de mil personas, como parte del espacio formativo&nbsp;<em>La Pixca<\/em>. Bajo el tema &#8220;La programaci\u00f3n cultural desde un enfoque participativo y comunitario&#8221;, estos encuentros generaron un intercambio valioso de experiencias y perspectivas.<\/p>\n\n\n\n<p><strong>Memorias y narrativas<\/strong><\/p>\n\n\n\n<p>En colaboraci\u00f3n con la Mesa Intersecretarial de Entendimiento para la Promoci\u00f3n de la Cultura de Paz, se coordin\u00f3 la elaboraci\u00f3n del cap\u00edtulo&nbsp;<em>El poder de la cultura: comunidad y transformaci\u00f3n social,&nbsp;<\/em>en el libro&nbsp;<em>FR4CTAL. Experiencias de Construcci\u00f3n de Paz y Reconstrucci\u00f3n del Tejido Social en el Gobierno de M\u00e9xico<\/em>, coordinado por la Subsecretar\u00eda de Desarrollo Democr\u00e1tico, Participaci\u00f3n Social y Asuntos Religiosos de la Secretar\u00eda de Gobernaci\u00f3n.<\/p>\n\n\n\n<figure class=\"wp-block-image size-large\"><img loading=\"lazy\" decoding=\"async\" width=\"1024\" height=\"682\" src=\"https:\/\/quehacerpolitico.mx\/wp-content\/uploads\/2025\/01\/image-2-1024x682.jpeg\" alt=\"\" class=\"wp-image-114099\" srcset=\"https:\/\/quehacerpolitico.mx\/wp-content\/uploads\/2025\/01\/image-2-1024x682.jpeg 1024w, https:\/\/quehacerpolitico.mx\/wp-content\/uploads\/2025\/01\/image-2-300x200.jpeg 300w, https:\/\/quehacerpolitico.mx\/wp-content\/uploads\/2025\/01\/image-2-768x512.jpeg 768w, https:\/\/quehacerpolitico.mx\/wp-content\/uploads\/2025\/01\/image-2-1536x1023.jpeg 1536w, https:\/\/quehacerpolitico.mx\/wp-content\/uploads\/2025\/01\/image-2.jpeg 1600w\" sizes=\"auto, (max-width: 1024px) 100vw, 1024px\" \/><\/figure>\n\n\n\n<figure class=\"wp-block-image size-large\"><img loading=\"lazy\" decoding=\"async\" width=\"1024\" height=\"768\" src=\"https:\/\/quehacerpolitico.mx\/wp-content\/uploads\/2025\/01\/image-1-1024x768.jpeg\" alt=\"\" class=\"wp-image-114098\" srcset=\"https:\/\/quehacerpolitico.mx\/wp-content\/uploads\/2025\/01\/image-1-1024x768.jpeg 1024w, https:\/\/quehacerpolitico.mx\/wp-content\/uploads\/2025\/01\/image-1-300x225.jpeg 300w, https:\/\/quehacerpolitico.mx\/wp-content\/uploads\/2025\/01\/image-1-768x576.jpeg 768w, https:\/\/quehacerpolitico.mx\/wp-content\/uploads\/2025\/01\/image-1.jpeg 1280w\" sizes=\"auto, (max-width: 1024px) 100vw, 1024px\" \/><\/figure>\n\n\n\n<p>El texto recoge las acciones del programa Cultura Comunitaria desde 2022 en Ayahualtempa, Guerrero, y Temacapul\u00edn, Jalisco, que abordan las causas de la violencia mediante actividades socioculturales en Convites culturales, Jolgorios y Semilleros Creativos. La publicaci\u00f3n est\u00e1 disponible en&nbsp;<a href=\"https:\/\/bit.ly\/4gS8ynC\" target=\"_blank\" rel=\"noreferrer noopener\">bit.ly\/4gS8ynC<\/a>.<\/p>\n\n\n\n<p>Adem\u00e1s, se lanz\u00f3 el compilado&nbsp;<em>Cultura Comunitaria. La revoluci\u00f3n cultural<\/em>, que re\u00fane historias y testimonios sobre c\u00f3mo el arte y la cultura, a trav\u00e9s del programa, resignifican las trayectorias individuales y colectivas en las comunidades. Estas est\u00e1n disponibles en el siguiente&nbsp;<em>link<\/em>:&nbsp;<a href=\"https:\/\/bit.ly\/4iSt4WH\" target=\"_blank\" rel=\"noreferrer noopener\">bit.ly\/4iSt4WH<\/a>.<\/p>\n","protected":false},"excerpt":{"rendered":"<p>Por Redacci\u00f3n QP Durante 2024, el programa Cultura Comunitaria, de la Secretar\u00eda de Cultura del&#8230;<\/p>\n","protected":false},"author":2,"featured_media":114097,"comment_status":"open","ping_status":"open","sticky":false,"template":"","format":"standard","meta":{"_monsterinsights_skip_tracking":false,"_monsterinsights_sitenote_active":false,"_monsterinsights_sitenote_note":"","_monsterinsights_sitenote_category":0,"footnotes":""},"categories":[58],"tags":[],"class_list":["post-114096","post","type-post","status-publish","format-standard","has-post-thumbnail","hentry","category-cultura"],"yoast_head":"<!-- This site is optimized with the Yoast SEO plugin v27.3 - https:\/\/yoast.com\/product\/yoast-seo-wordpress\/ -->\n<title>EN 2024, CULTURA COMUNITARIA CELEBR\u00d3 LAS EXPRESIONES CULTURALES DE TODO EL PA\u00cdS -<\/title>\n<meta name=\"robots\" content=\"index, follow, max-snippet:-1, max-image-preview:large, max-video-preview:-1\" \/>\n<link rel=\"canonical\" href=\"https:\/\/quehacerpolitico.mx\/?p=114096\" \/>\n<meta property=\"og:locale\" content=\"es_MX\" \/>\n<meta property=\"og:type\" content=\"article\" \/>\n<meta property=\"og:title\" content=\"EN 2024, CULTURA COMUNITARIA CELEBR\u00d3 LAS EXPRESIONES CULTURALES DE TODO EL PA\u00cdS -\" \/>\n<meta property=\"og:description\" content=\"Por Redacci\u00f3n QP Durante 2024, el programa Cultura Comunitaria, de la Secretar\u00eda de Cultura del...\" \/>\n<meta property=\"og:url\" content=\"https:\/\/quehacerpolitico.mx\/?p=114096\" \/>\n<meta property=\"article:published_time\" content=\"2025-01-02T19:29:17+00:00\" \/>\n<meta property=\"article:modified_time\" content=\"2025-01-02T19:29:19+00:00\" \/>\n<meta property=\"og:image\" content=\"https:\/\/quehacerpolitico.mx\/wp-content\/uploads\/2025\/01\/IMG_9928.jpeg\" \/>\n\t<meta property=\"og:image:width\" content=\"1600\" \/>\n\t<meta property=\"og:image:height\" content=\"901\" \/>\n\t<meta property=\"og:image:type\" content=\"image\/jpeg\" \/>\n<meta name=\"author\" content=\"Redacci\u00f3n QP\" \/>\n<meta name=\"twitter:card\" content=\"summary_large_image\" \/>\n<meta name=\"twitter:label1\" content=\"Escrito por\" \/>\n\t<meta name=\"twitter:data1\" content=\"Redacci\u00f3n QP\" \/>\n\t<meta name=\"twitter:label2\" content=\"Tiempo de lectura\" \/>\n\t<meta name=\"twitter:data2\" content=\"7 minutos\" \/>\n<script type=\"application\/ld+json\" class=\"yoast-schema-graph\">{\"@context\":\"https:\\\/\\\/schema.org\",\"@graph\":[{\"@type\":\"Article\",\"@id\":\"https:\\\/\\\/quehacerpolitico.mx\\\/?p=114096#article\",\"isPartOf\":{\"@id\":\"https:\\\/\\\/quehacerpolitico.mx\\\/?p=114096\"},\"author\":{\"name\":\"Redacci\u00f3n QP\",\"@id\":\"https:\\\/\\\/quehacerpolitico.mx\\\/#\\\/schema\\\/person\\\/496d8ad2d1d3f8036101dca7ee39e585\"},\"headline\":\"EN 2024, CULTURA COMUNITARIA CELEBR\u00d3 LAS EXPRESIONES CULTURALES DE TODO EL PA\u00cdS\",\"datePublished\":\"2025-01-02T19:29:17+00:00\",\"dateModified\":\"2025-01-02T19:29:19+00:00\",\"mainEntityOfPage\":{\"@id\":\"https:\\\/\\\/quehacerpolitico.mx\\\/?p=114096\"},\"wordCount\":1402,\"commentCount\":0,\"image\":{\"@id\":\"https:\\\/\\\/quehacerpolitico.mx\\\/?p=114096#primaryimage\"},\"thumbnailUrl\":\"https:\\\/\\\/quehacerpolitico.mx\\\/wp-content\\\/uploads\\\/2025\\\/01\\\/IMG_9928.jpeg\",\"articleSection\":[\"Cultura y Entretenimiento\"],\"inLanguage\":\"es\",\"potentialAction\":[{\"@type\":\"CommentAction\",\"name\":\"Comment\",\"target\":[\"https:\\\/\\\/quehacerpolitico.mx\\\/?p=114096#respond\"]}]},{\"@type\":\"WebPage\",\"@id\":\"https:\\\/\\\/quehacerpolitico.mx\\\/?p=114096\",\"url\":\"https:\\\/\\\/quehacerpolitico.mx\\\/?p=114096\",\"name\":\"EN 2024, CULTURA COMUNITARIA CELEBR\u00d3 LAS EXPRESIONES CULTURALES DE TODO EL PA\u00cdS -\",\"isPartOf\":{\"@id\":\"https:\\\/\\\/quehacerpolitico.mx\\\/#website\"},\"primaryImageOfPage\":{\"@id\":\"https:\\\/\\\/quehacerpolitico.mx\\\/?p=114096#primaryimage\"},\"image\":{\"@id\":\"https:\\\/\\\/quehacerpolitico.mx\\\/?p=114096#primaryimage\"},\"thumbnailUrl\":\"https:\\\/\\\/quehacerpolitico.mx\\\/wp-content\\\/uploads\\\/2025\\\/01\\\/IMG_9928.jpeg\",\"datePublished\":\"2025-01-02T19:29:17+00:00\",\"dateModified\":\"2025-01-02T19:29:19+00:00\",\"author\":{\"@id\":\"https:\\\/\\\/quehacerpolitico.mx\\\/#\\\/schema\\\/person\\\/496d8ad2d1d3f8036101dca7ee39e585\"},\"breadcrumb\":{\"@id\":\"https:\\\/\\\/quehacerpolitico.mx\\\/?p=114096#breadcrumb\"},\"inLanguage\":\"es\",\"potentialAction\":[{\"@type\":\"ReadAction\",\"target\":[\"https:\\\/\\\/quehacerpolitico.mx\\\/?p=114096\"]}]},{\"@type\":\"ImageObject\",\"inLanguage\":\"es\",\"@id\":\"https:\\\/\\\/quehacerpolitico.mx\\\/?p=114096#primaryimage\",\"url\":\"https:\\\/\\\/quehacerpolitico.mx\\\/wp-content\\\/uploads\\\/2025\\\/01\\\/IMG_9928.jpeg\",\"contentUrl\":\"https:\\\/\\\/quehacerpolitico.mx\\\/wp-content\\\/uploads\\\/2025\\\/01\\\/IMG_9928.jpeg\",\"width\":1600,\"height\":901},{\"@type\":\"BreadcrumbList\",\"@id\":\"https:\\\/\\\/quehacerpolitico.mx\\\/?p=114096#breadcrumb\",\"itemListElement\":[{\"@type\":\"ListItem\",\"position\":1,\"name\":\"Inicio\",\"item\":\"https:\\\/\\\/quehacerpolitico.mx\\\/\"},{\"@type\":\"ListItem\",\"position\":2,\"name\":\"EN 2024, CULTURA COMUNITARIA CELEBR\u00d3 LAS EXPRESIONES CULTURALES DE TODO EL PA\u00cdS\"}]},{\"@type\":\"WebSite\",\"@id\":\"https:\\\/\\\/quehacerpolitico.mx\\\/#website\",\"url\":\"https:\\\/\\\/quehacerpolitico.mx\\\/\",\"name\":\"\",\"description\":\"\",\"potentialAction\":[{\"@type\":\"SearchAction\",\"target\":{\"@type\":\"EntryPoint\",\"urlTemplate\":\"https:\\\/\\\/quehacerpolitico.mx\\\/?s={search_term_string}\"},\"query-input\":{\"@type\":\"PropertyValueSpecification\",\"valueRequired\":true,\"valueName\":\"search_term_string\"}}],\"inLanguage\":\"es\"},{\"@type\":\"Person\",\"@id\":\"https:\\\/\\\/quehacerpolitico.mx\\\/#\\\/schema\\\/person\\\/496d8ad2d1d3f8036101dca7ee39e585\",\"name\":\"Redacci\u00f3n QP\",\"image\":{\"@type\":\"ImageObject\",\"inLanguage\":\"es\",\"@id\":\"https:\\\/\\\/secure.gravatar.com\\\/avatar\\\/c7164ed6fdec453195284ad24a5ae5b6e1eed2b848477fa2a4787ba9adf39a41?s=96&d=mm&r=g\",\"url\":\"https:\\\/\\\/secure.gravatar.com\\\/avatar\\\/c7164ed6fdec453195284ad24a5ae5b6e1eed2b848477fa2a4787ba9adf39a41?s=96&d=mm&r=g\",\"contentUrl\":\"https:\\\/\\\/secure.gravatar.com\\\/avatar\\\/c7164ed6fdec453195284ad24a5ae5b6e1eed2b848477fa2a4787ba9adf39a41?s=96&d=mm&r=g\",\"caption\":\"Redacci\u00f3n QP\"},\"url\":\"https:\\\/\\\/quehacerpolitico.mx\\\/?author=2\"}]}<\/script>\n<!-- \/ Yoast SEO plugin. -->","yoast_head_json":{"title":"EN 2024, CULTURA COMUNITARIA CELEBR\u00d3 LAS EXPRESIONES CULTURALES DE TODO EL PA\u00cdS -","robots":{"index":"index","follow":"follow","max-snippet":"max-snippet:-1","max-image-preview":"max-image-preview:large","max-video-preview":"max-video-preview:-1"},"canonical":"https:\/\/quehacerpolitico.mx\/?p=114096","og_locale":"es_MX","og_type":"article","og_title":"EN 2024, CULTURA COMUNITARIA CELEBR\u00d3 LAS EXPRESIONES CULTURALES DE TODO EL PA\u00cdS -","og_description":"Por Redacci\u00f3n QP Durante 2024, el programa Cultura Comunitaria, de la Secretar\u00eda de Cultura del...","og_url":"https:\/\/quehacerpolitico.mx\/?p=114096","article_published_time":"2025-01-02T19:29:17+00:00","article_modified_time":"2025-01-02T19:29:19+00:00","og_image":[{"width":1600,"height":901,"url":"https:\/\/quehacerpolitico.mx\/wp-content\/uploads\/2025\/01\/IMG_9928.jpeg","type":"image\/jpeg"}],"author":"Redacci\u00f3n QP","twitter_card":"summary_large_image","twitter_misc":{"Escrito por":"Redacci\u00f3n QP","Tiempo de lectura":"7 minutos"},"schema":{"@context":"https:\/\/schema.org","@graph":[{"@type":"Article","@id":"https:\/\/quehacerpolitico.mx\/?p=114096#article","isPartOf":{"@id":"https:\/\/quehacerpolitico.mx\/?p=114096"},"author":{"name":"Redacci\u00f3n QP","@id":"https:\/\/quehacerpolitico.mx\/#\/schema\/person\/496d8ad2d1d3f8036101dca7ee39e585"},"headline":"EN 2024, CULTURA COMUNITARIA CELEBR\u00d3 LAS EXPRESIONES CULTURALES DE TODO EL PA\u00cdS","datePublished":"2025-01-02T19:29:17+00:00","dateModified":"2025-01-02T19:29:19+00:00","mainEntityOfPage":{"@id":"https:\/\/quehacerpolitico.mx\/?p=114096"},"wordCount":1402,"commentCount":0,"image":{"@id":"https:\/\/quehacerpolitico.mx\/?p=114096#primaryimage"},"thumbnailUrl":"https:\/\/quehacerpolitico.mx\/wp-content\/uploads\/2025\/01\/IMG_9928.jpeg","articleSection":["Cultura y Entretenimiento"],"inLanguage":"es","potentialAction":[{"@type":"CommentAction","name":"Comment","target":["https:\/\/quehacerpolitico.mx\/?p=114096#respond"]}]},{"@type":"WebPage","@id":"https:\/\/quehacerpolitico.mx\/?p=114096","url":"https:\/\/quehacerpolitico.mx\/?p=114096","name":"EN 2024, CULTURA COMUNITARIA CELEBR\u00d3 LAS EXPRESIONES CULTURALES DE TODO EL PA\u00cdS -","isPartOf":{"@id":"https:\/\/quehacerpolitico.mx\/#website"},"primaryImageOfPage":{"@id":"https:\/\/quehacerpolitico.mx\/?p=114096#primaryimage"},"image":{"@id":"https:\/\/quehacerpolitico.mx\/?p=114096#primaryimage"},"thumbnailUrl":"https:\/\/quehacerpolitico.mx\/wp-content\/uploads\/2025\/01\/IMG_9928.jpeg","datePublished":"2025-01-02T19:29:17+00:00","dateModified":"2025-01-02T19:29:19+00:00","author":{"@id":"https:\/\/quehacerpolitico.mx\/#\/schema\/person\/496d8ad2d1d3f8036101dca7ee39e585"},"breadcrumb":{"@id":"https:\/\/quehacerpolitico.mx\/?p=114096#breadcrumb"},"inLanguage":"es","potentialAction":[{"@type":"ReadAction","target":["https:\/\/quehacerpolitico.mx\/?p=114096"]}]},{"@type":"ImageObject","inLanguage":"es","@id":"https:\/\/quehacerpolitico.mx\/?p=114096#primaryimage","url":"https:\/\/quehacerpolitico.mx\/wp-content\/uploads\/2025\/01\/IMG_9928.jpeg","contentUrl":"https:\/\/quehacerpolitico.mx\/wp-content\/uploads\/2025\/01\/IMG_9928.jpeg","width":1600,"height":901},{"@type":"BreadcrumbList","@id":"https:\/\/quehacerpolitico.mx\/?p=114096#breadcrumb","itemListElement":[{"@type":"ListItem","position":1,"name":"Inicio","item":"https:\/\/quehacerpolitico.mx\/"},{"@type":"ListItem","position":2,"name":"EN 2024, CULTURA COMUNITARIA CELEBR\u00d3 LAS EXPRESIONES CULTURALES DE TODO EL PA\u00cdS"}]},{"@type":"WebSite","@id":"https:\/\/quehacerpolitico.mx\/#website","url":"https:\/\/quehacerpolitico.mx\/","name":"","description":"","potentialAction":[{"@type":"SearchAction","target":{"@type":"EntryPoint","urlTemplate":"https:\/\/quehacerpolitico.mx\/?s={search_term_string}"},"query-input":{"@type":"PropertyValueSpecification","valueRequired":true,"valueName":"search_term_string"}}],"inLanguage":"es"},{"@type":"Person","@id":"https:\/\/quehacerpolitico.mx\/#\/schema\/person\/496d8ad2d1d3f8036101dca7ee39e585","name":"Redacci\u00f3n QP","image":{"@type":"ImageObject","inLanguage":"es","@id":"https:\/\/secure.gravatar.com\/avatar\/c7164ed6fdec453195284ad24a5ae5b6e1eed2b848477fa2a4787ba9adf39a41?s=96&d=mm&r=g","url":"https:\/\/secure.gravatar.com\/avatar\/c7164ed6fdec453195284ad24a5ae5b6e1eed2b848477fa2a4787ba9adf39a41?s=96&d=mm&r=g","contentUrl":"https:\/\/secure.gravatar.com\/avatar\/c7164ed6fdec453195284ad24a5ae5b6e1eed2b848477fa2a4787ba9adf39a41?s=96&d=mm&r=g","caption":"Redacci\u00f3n QP"},"url":"https:\/\/quehacerpolitico.mx\/?author=2"}]}},"featured_image_urls":{"full":["https:\/\/quehacerpolitico.mx\/wp-content\/uploads\/2025\/01\/IMG_9928.jpeg",1600,901,false],"thumbnail":["https:\/\/quehacerpolitico.mx\/wp-content\/uploads\/2025\/01\/IMG_9928-150x150.jpeg",150,150,true],"medium":["https:\/\/quehacerpolitico.mx\/wp-content\/uploads\/2025\/01\/IMG_9928-300x169.jpeg",300,169,true],"medium_large":["https:\/\/quehacerpolitico.mx\/wp-content\/uploads\/2025\/01\/IMG_9928-768x432.jpeg",640,360,true],"large":["https:\/\/quehacerpolitico.mx\/wp-content\/uploads\/2025\/01\/IMG_9928-1024x577.jpeg",640,361,true],"1536x1536":["https:\/\/quehacerpolitico.mx\/wp-content\/uploads\/2025\/01\/IMG_9928-1536x865.jpeg",1536,865,true],"2048x2048":["https:\/\/quehacerpolitico.mx\/wp-content\/uploads\/2025\/01\/IMG_9928.jpeg",1600,901,false],"covernews-featured":["https:\/\/quehacerpolitico.mx\/wp-content\/uploads\/2025\/01\/IMG_9928-1024x577.jpeg",1024,577,true],"covernews-medium":["https:\/\/quehacerpolitico.mx\/wp-content\/uploads\/2025\/01\/IMG_9928-540x340.jpeg",540,340,true]},"author_info":{"display_name":"Redacci\u00f3n QP","author_link":"https:\/\/quehacerpolitico.mx\/?author=2"},"category_info":"<a href=\"https:\/\/quehacerpolitico.mx\/?cat=58\" rel=\"category\">Cultura y Entretenimiento<\/a>","tag_info":"Cultura y Entretenimiento","comment_count":"0","_links":{"self":[{"href":"https:\/\/quehacerpolitico.mx\/index.php?rest_route=\/wp\/v2\/posts\/114096","targetHints":{"allow":["GET"]}}],"collection":[{"href":"https:\/\/quehacerpolitico.mx\/index.php?rest_route=\/wp\/v2\/posts"}],"about":[{"href":"https:\/\/quehacerpolitico.mx\/index.php?rest_route=\/wp\/v2\/types\/post"}],"author":[{"embeddable":true,"href":"https:\/\/quehacerpolitico.mx\/index.php?rest_route=\/wp\/v2\/users\/2"}],"replies":[{"embeddable":true,"href":"https:\/\/quehacerpolitico.mx\/index.php?rest_route=%2Fwp%2Fv2%2Fcomments&post=114096"}],"version-history":[{"count":2,"href":"https:\/\/quehacerpolitico.mx\/index.php?rest_route=\/wp\/v2\/posts\/114096\/revisions"}],"predecessor-version":[{"id":114106,"href":"https:\/\/quehacerpolitico.mx\/index.php?rest_route=\/wp\/v2\/posts\/114096\/revisions\/114106"}],"wp:featuredmedia":[{"embeddable":true,"href":"https:\/\/quehacerpolitico.mx\/index.php?rest_route=\/wp\/v2\/media\/114097"}],"wp:attachment":[{"href":"https:\/\/quehacerpolitico.mx\/index.php?rest_route=%2Fwp%2Fv2%2Fmedia&parent=114096"}],"wp:term":[{"taxonomy":"category","embeddable":true,"href":"https:\/\/quehacerpolitico.mx\/index.php?rest_route=%2Fwp%2Fv2%2Fcategories&post=114096"},{"taxonomy":"post_tag","embeddable":true,"href":"https:\/\/quehacerpolitico.mx\/index.php?rest_route=%2Fwp%2Fv2%2Ftags&post=114096"}],"curies":[{"name":"wp","href":"https:\/\/api.w.org\/{rel}","templated":true}]}}