{"id":113981,"date":"2024-12-25T20:53:56","date_gmt":"2024-12-26T02:53:56","guid":{"rendered":"https:\/\/quehacerpolitico.mx\/?p=113981"},"modified":"2024-12-25T20:53:58","modified_gmt":"2024-12-26T02:53:58","slug":"giovanni-gutierrez-alcalde-de-coyoacan-invita-que-visiten-este-belen-uno-de-los-mas-bonitos-y-grandes-de-la-ciudad-de-mexico","status":"publish","type":"post","link":"https:\/\/quehacerpolitico.mx\/?p=113981","title":{"rendered":"Giovanni Guti\u00e9rrez alcalde de Coyoac\u00e1n invita que visiten este Bel\u00e9n, uno de los m\u00e1s bonitos y grandes de la Ciudad de M\u00e9xico"},"content":{"rendered":"\n<p>Por Redacci\u00f3n QP<\/p>\n\n\n\n<p>Estas \u00e9pocas nos traen un mensaje de paz y de uni\u00f3n familiar, son tiempos de reconciliaci\u00f3n en donde la solidaridad es el valor que debe prevalecer y por eso invitamos a que visiten este Bel\u00e9n, uno de los m\u00e1s bonitos y grandes de la Ciudad de M\u00e9xico, dijo el alcalde Giovani Guti\u00e9rrez al declarar su apertura.<\/p>\n\n\n\n<figure class=\"wp-block-embed is-type-rich is-provider-twitter wp-block-embed-twitter\"><div class=\"wp-block-embed__wrapper\">\n<blockquote class=\"twitter-tweet\" data-width=\"550\" data-dnt=\"true\"><p lang=\"es\" dir=\"ltr\">Vecinas y vecinos de Coyoac\u00e1n, les deseamos una <a href=\"https:\/\/twitter.com\/hashtag\/FelizNavidad?src=hash&amp;ref_src=twsrc%5Etfw\">#FelizNavidad<\/a> \ud83c\udf84\ud83e\ude85 y un pr\u00f3spero <a href=\"https:\/\/twitter.com\/hashtag\/A%C3%B1oNuevo?src=hash&amp;ref_src=twsrc%5Etfw\">#A\u00f1oNuevo<\/a> \u2728 <a href=\"https:\/\/t.co\/WOUky59jv2\">pic.twitter.com\/WOUky59jv2<\/a><\/p>&mdash; Giovani Guti\u00e9rrez (@giogutierrezag) <a href=\"https:\/\/twitter.com\/giogutierrezag\/status\/1871622392755392557?ref_src=twsrc%5Etfw\">December 24, 2024<\/a><\/blockquote><script async src=\"https:\/\/platform.twitter.com\/widgets.js\" charset=\"utf-8\"><\/script>\n<\/div><\/figure>\n\n\n\n<p>\u201cQuiero decirles que Coyoac\u00e1n es cuna de la cultura, de artistas, de grandes pintoras y de escritores, de personas extraordinarias que han llevado en alto el nombre de nuestra demarcaci\u00f3n. Coyoac\u00e1n no tiene museos, Coyoac\u00e1n es en s\u00ed un museo, es El Museo. Por eso queremos que vengan, que lo recorran, que lo cuiden, que vivan un gran momento aqu\u00ed\u201d, coment\u00f3.<\/p>\n\n\n\n<figure class=\"wp-block-embed is-type-rich is-provider-twitter wp-block-embed-twitter\"><div class=\"wp-block-embed__wrapper\">\n<blockquote class=\"twitter-tweet\" data-width=\"550\" data-dnt=\"true\"><p lang=\"es\" dir=\"ltr\">\ud83c\udf1f Las y los invitamos a conocer el Nacimiento monumental, ubicado en el centro de <a href=\"https:\/\/twitter.com\/hashtag\/Coyoac%C3%A1n?src=hash&amp;ref_src=twsrc%5Etfw\">#Coyoac\u00e1n<\/a>. El equipo de la alcald\u00eda les desea <a href=\"https:\/\/twitter.com\/hashtag\/FelizNavidad?src=hash&amp;ref_src=twsrc%5Etfw\">#FelizNavidad<\/a> \ud83c\udf84\u2728 en compa\u00f1\u00eda de sus seres queridos. <a href=\"https:\/\/t.co\/6RN9zB8tIZ\">pic.twitter.com\/6RN9zB8tIZ<\/a><\/p>&mdash; Alcald\u00eda de Coyoac\u00e1n (@Alcaldia_Coy) <a href=\"https:\/\/twitter.com\/Alcaldia_Coy\/status\/1871722609576190215?ref_src=twsrc%5Etfw\">December 25, 2024<\/a><\/blockquote><script async src=\"https:\/\/platform.twitter.com\/widgets.js\" charset=\"utf-8\"><\/script>\n<\/div><\/figure>\n\n\n\n<p>Acompa\u00f1ado de su esposa y de sus dos hijas, as\u00ed como de la directora general de Cultura, Hilda Trujillo Soto, el alcalde dijo que en este montaje se exhibe una de las tradiciones m\u00e1s populares y reconocidas en el mundo, por ello, este Bel\u00e9n cobra un significado especial:<\/p>\n\n\n\n<p>\u201cEs un mensaje de esperanza y uni\u00f3n, valores que en esta \u00e9poca cobran un significado especial y que hoy en Coyoac\u00e1n buscamos que prevalezcan todo el a\u00f1o. Este nacimiento luce espectacular, el m\u00e1s bello del pa\u00eds, tierra de artistas de mujeres y hombres que son \u00edcono a nivel internacional, que nos representan bien ante el mundo y que nos hacen ver como una alcald\u00eda fuerte, llena de virtudes, de valores, de entendimiento de la cultura que nos distingue en el pa\u00eds y en el continente\u201d, indic\u00f3.<\/p>\n\n\n\n<p>En esta ocasi\u00f3n esta obra es expuesta no en el frontispicio del Palacio de Cort\u00e9s, en donde suele instalarse, sino alrededor del kiosco que entreg\u00f3 el ex presidente Porfirio D\u00edaz y que se ubica en el coraz\u00f3n del centro hist\u00f3rico de la demarcaci\u00f3n.<\/p>\n\n\n\n<p>\u201cHoy tienen un motivo m\u00e1s para visitar este gran museo: Coyoac\u00e1n es el museo, es la sede y por eso el d\u00eda de hoy nos presentamos para presentar este nacimiento.<\/p>\n\n\n\n<p>Este Bel\u00e9n, este nacimiento monumental, nos invita a reflexionar sobre la importancia de la familia, la uni\u00f3n y el esp\u00edritu solidario. Les invito a disfrutar de este espacio, a llenarse de magia, a recordar que en Coyoac\u00e1n tenemos todo: tradici\u00f3n, cultura, uni\u00f3n, coordinaci\u00f3n, un excelente gobierno de mujeres y hombres que hacen que Coyoac\u00e1n siga siendo grande. Les deseamos a todas y todos que tengan unas felices fiestas\u201d.<\/p>\n\n\n\n<figure class=\"wp-block-embed is-type-rich is-provider-twitter wp-block-embed-twitter\"><div class=\"wp-block-embed__wrapper\">\n<blockquote class=\"twitter-tweet\" data-width=\"550\" data-dnt=\"true\"><p lang=\"es\" dir=\"ltr\">Con gran entusiasmo inauguramos el Nacimiento Monumental \u2728 en el \ud83d\udccdJard\u00edn Hidalgo. Podr\u00e1s disfrutar \u2705 de esta maravillosa tradici\u00f3n \ud83e\ude85 a partir de hoy y hasta el 6 de enero \ud83c\udf1f. <a href=\"https:\/\/twitter.com\/hashtag\/Coyoac%C3%A1nContigoLoTieneTodo?src=hash&amp;ref_src=twsrc%5Etfw\">#Coyoac\u00e1nContigoLoTieneTodo<\/a> \ud83c\udf85\ud83c\udffb <a href=\"https:\/\/t.co\/VWjuOGCYAT\">pic.twitter.com\/VWjuOGCYAT<\/a><\/p>&mdash; Alcald\u00eda de Coyoac\u00e1n (@Alcaldia_Coy) <a href=\"https:\/\/twitter.com\/Alcaldia_Coy\/status\/1871257598026293648?ref_src=twsrc%5Etfw\">December 23, 2024<\/a><\/blockquote><script async src=\"https:\/\/platform.twitter.com\/widgets.js\" charset=\"utf-8\"><\/script>\n<\/div><\/figure>\n","protected":false},"excerpt":{"rendered":"<p>Por Redacci\u00f3n QP Estas \u00e9pocas nos traen un mensaje de paz y de uni\u00f3n familiar,&#8230;<\/p>\n","protected":false},"author":2,"featured_media":113982,"comment_status":"open","ping_status":"open","sticky":false,"template":"","format":"standard","meta":{"_monsterinsights_skip_tracking":false,"_monsterinsights_sitenote_active":false,"_monsterinsights_sitenote_note":"","_monsterinsights_sitenote_category":0,"footnotes":""},"categories":[55],"tags":[],"class_list":["post-113981","post","type-post","status-publish","format-standard","has-post-thumbnail","hentry","category-cdmx"],"yoast_head":"<!-- This site is optimized with the Yoast SEO plugin v27.3 - https:\/\/yoast.com\/product\/yoast-seo-wordpress\/ -->\n<title>Giovanni Guti\u00e9rrez alcalde de Coyoac\u00e1n invita que visiten este Bel\u00e9n, uno de los m\u00e1s bonitos y grandes de la Ciudad de M\u00e9xico -<\/title>\n<meta name=\"robots\" content=\"index, follow, max-snippet:-1, max-image-preview:large, max-video-preview:-1\" \/>\n<link rel=\"canonical\" href=\"https:\/\/quehacerpolitico.mx\/?p=113981\" \/>\n<meta property=\"og:locale\" content=\"es_MX\" \/>\n<meta property=\"og:type\" content=\"article\" \/>\n<meta property=\"og:title\" content=\"Giovanni Guti\u00e9rrez alcalde de Coyoac\u00e1n invita que visiten este Bel\u00e9n, uno de los m\u00e1s bonitos y grandes de la Ciudad de M\u00e9xico -\" \/>\n<meta property=\"og:description\" content=\"Por Redacci\u00f3n QP Estas \u00e9pocas nos traen un mensaje de paz y de uni\u00f3n familiar,...\" \/>\n<meta property=\"og:url\" content=\"https:\/\/quehacerpolitico.mx\/?p=113981\" \/>\n<meta property=\"article:published_time\" content=\"2024-12-26T02:53:56+00:00\" \/>\n<meta property=\"article:modified_time\" content=\"2024-12-26T02:53:58+00:00\" \/>\n<meta property=\"og:image\" content=\"https:\/\/quehacerpolitico.mx\/wp-content\/uploads\/2024\/12\/IMG_9825.jpeg\" \/>\n\t<meta property=\"og:image:width\" content=\"680\" \/>\n\t<meta property=\"og:image:height\" content=\"383\" \/>\n\t<meta property=\"og:image:type\" content=\"image\/jpeg\" \/>\n<meta name=\"author\" content=\"Redacci\u00f3n QP\" \/>\n<meta name=\"twitter:card\" content=\"summary_large_image\" \/>\n<meta name=\"twitter:label1\" content=\"Escrito por\" \/>\n\t<meta name=\"twitter:data1\" content=\"Redacci\u00f3n QP\" \/>\n\t<meta name=\"twitter:label2\" content=\"Tiempo de lectura\" \/>\n\t<meta name=\"twitter:data2\" content=\"2 minutos\" \/>\n<script type=\"application\/ld+json\" class=\"yoast-schema-graph\">{\"@context\":\"https:\\\/\\\/schema.org\",\"@graph\":[{\"@type\":\"Article\",\"@id\":\"https:\\\/\\\/quehacerpolitico.mx\\\/?p=113981#article\",\"isPartOf\":{\"@id\":\"https:\\\/\\\/quehacerpolitico.mx\\\/?p=113981\"},\"author\":{\"name\":\"Redacci\u00f3n QP\",\"@id\":\"https:\\\/\\\/quehacerpolitico.mx\\\/#\\\/schema\\\/person\\\/496d8ad2d1d3f8036101dca7ee39e585\"},\"headline\":\"Giovanni Guti\u00e9rrez alcalde de Coyoac\u00e1n invita que visiten este Bel\u00e9n, uno de los m\u00e1s bonitos y grandes de la Ciudad de M\u00e9xico\",\"datePublished\":\"2024-12-26T02:53:56+00:00\",\"dateModified\":\"2024-12-26T02:53:58+00:00\",\"mainEntityOfPage\":{\"@id\":\"https:\\\/\\\/quehacerpolitico.mx\\\/?p=113981\"},\"wordCount\":495,\"commentCount\":0,\"image\":{\"@id\":\"https:\\\/\\\/quehacerpolitico.mx\\\/?p=113981#primaryimage\"},\"thumbnailUrl\":\"https:\\\/\\\/quehacerpolitico.mx\\\/wp-content\\\/uploads\\\/2024\\\/12\\\/IMG_9825.jpeg\",\"articleSection\":[\"CDMX\"],\"inLanguage\":\"es\",\"potentialAction\":[{\"@type\":\"CommentAction\",\"name\":\"Comment\",\"target\":[\"https:\\\/\\\/quehacerpolitico.mx\\\/?p=113981#respond\"]}]},{\"@type\":\"WebPage\",\"@id\":\"https:\\\/\\\/quehacerpolitico.mx\\\/?p=113981\",\"url\":\"https:\\\/\\\/quehacerpolitico.mx\\\/?p=113981\",\"name\":\"Giovanni Guti\u00e9rrez alcalde de Coyoac\u00e1n invita que visiten este Bel\u00e9n, uno de los m\u00e1s bonitos y grandes de la Ciudad de M\u00e9xico -\",\"isPartOf\":{\"@id\":\"https:\\\/\\\/quehacerpolitico.mx\\\/#website\"},\"primaryImageOfPage\":{\"@id\":\"https:\\\/\\\/quehacerpolitico.mx\\\/?p=113981#primaryimage\"},\"image\":{\"@id\":\"https:\\\/\\\/quehacerpolitico.mx\\\/?p=113981#primaryimage\"},\"thumbnailUrl\":\"https:\\\/\\\/quehacerpolitico.mx\\\/wp-content\\\/uploads\\\/2024\\\/12\\\/IMG_9825.jpeg\",\"datePublished\":\"2024-12-26T02:53:56+00:00\",\"dateModified\":\"2024-12-26T02:53:58+00:00\",\"author\":{\"@id\":\"https:\\\/\\\/quehacerpolitico.mx\\\/#\\\/schema\\\/person\\\/496d8ad2d1d3f8036101dca7ee39e585\"},\"breadcrumb\":{\"@id\":\"https:\\\/\\\/quehacerpolitico.mx\\\/?p=113981#breadcrumb\"},\"inLanguage\":\"es\",\"potentialAction\":[{\"@type\":\"ReadAction\",\"target\":[\"https:\\\/\\\/quehacerpolitico.mx\\\/?p=113981\"]}]},{\"@type\":\"ImageObject\",\"inLanguage\":\"es\",\"@id\":\"https:\\\/\\\/quehacerpolitico.mx\\\/?p=113981#primaryimage\",\"url\":\"https:\\\/\\\/quehacerpolitico.mx\\\/wp-content\\\/uploads\\\/2024\\\/12\\\/IMG_9825.jpeg\",\"contentUrl\":\"https:\\\/\\\/quehacerpolitico.mx\\\/wp-content\\\/uploads\\\/2024\\\/12\\\/IMG_9825.jpeg\",\"width\":680,\"height\":383},{\"@type\":\"BreadcrumbList\",\"@id\":\"https:\\\/\\\/quehacerpolitico.mx\\\/?p=113981#breadcrumb\",\"itemListElement\":[{\"@type\":\"ListItem\",\"position\":1,\"name\":\"Inicio\",\"item\":\"https:\\\/\\\/quehacerpolitico.mx\\\/\"},{\"@type\":\"ListItem\",\"position\":2,\"name\":\"Giovanni Guti\u00e9rrez alcalde de Coyoac\u00e1n invita que visiten este Bel\u00e9n, uno de los m\u00e1s bonitos y grandes de la Ciudad de M\u00e9xico\"}]},{\"@type\":\"WebSite\",\"@id\":\"https:\\\/\\\/quehacerpolitico.mx\\\/#website\",\"url\":\"https:\\\/\\\/quehacerpolitico.mx\\\/\",\"name\":\"\",\"description\":\"\",\"potentialAction\":[{\"@type\":\"SearchAction\",\"target\":{\"@type\":\"EntryPoint\",\"urlTemplate\":\"https:\\\/\\\/quehacerpolitico.mx\\\/?s={search_term_string}\"},\"query-input\":{\"@type\":\"PropertyValueSpecification\",\"valueRequired\":true,\"valueName\":\"search_term_string\"}}],\"inLanguage\":\"es\"},{\"@type\":\"Person\",\"@id\":\"https:\\\/\\\/quehacerpolitico.mx\\\/#\\\/schema\\\/person\\\/496d8ad2d1d3f8036101dca7ee39e585\",\"name\":\"Redacci\u00f3n QP\",\"image\":{\"@type\":\"ImageObject\",\"inLanguage\":\"es\",\"@id\":\"https:\\\/\\\/secure.gravatar.com\\\/avatar\\\/c7164ed6fdec453195284ad24a5ae5b6e1eed2b848477fa2a4787ba9adf39a41?s=96&d=mm&r=g\",\"url\":\"https:\\\/\\\/secure.gravatar.com\\\/avatar\\\/c7164ed6fdec453195284ad24a5ae5b6e1eed2b848477fa2a4787ba9adf39a41?s=96&d=mm&r=g\",\"contentUrl\":\"https:\\\/\\\/secure.gravatar.com\\\/avatar\\\/c7164ed6fdec453195284ad24a5ae5b6e1eed2b848477fa2a4787ba9adf39a41?s=96&d=mm&r=g\",\"caption\":\"Redacci\u00f3n QP\"},\"url\":\"https:\\\/\\\/quehacerpolitico.mx\\\/?author=2\"}]}<\/script>\n<!-- \/ Yoast SEO plugin. -->","yoast_head_json":{"title":"Giovanni Guti\u00e9rrez alcalde de Coyoac\u00e1n invita que visiten este Bel\u00e9n, uno de los m\u00e1s bonitos y grandes de la Ciudad de M\u00e9xico -","robots":{"index":"index","follow":"follow","max-snippet":"max-snippet:-1","max-image-preview":"max-image-preview:large","max-video-preview":"max-video-preview:-1"},"canonical":"https:\/\/quehacerpolitico.mx\/?p=113981","og_locale":"es_MX","og_type":"article","og_title":"Giovanni Guti\u00e9rrez alcalde de Coyoac\u00e1n invita que visiten este Bel\u00e9n, uno de los m\u00e1s bonitos y grandes de la Ciudad de M\u00e9xico -","og_description":"Por Redacci\u00f3n QP Estas \u00e9pocas nos traen un mensaje de paz y de uni\u00f3n familiar,...","og_url":"https:\/\/quehacerpolitico.mx\/?p=113981","article_published_time":"2024-12-26T02:53:56+00:00","article_modified_time":"2024-12-26T02:53:58+00:00","og_image":[{"width":680,"height":383,"url":"https:\/\/quehacerpolitico.mx\/wp-content\/uploads\/2024\/12\/IMG_9825.jpeg","type":"image\/jpeg"}],"author":"Redacci\u00f3n QP","twitter_card":"summary_large_image","twitter_misc":{"Escrito por":"Redacci\u00f3n QP","Tiempo de lectura":"2 minutos"},"schema":{"@context":"https:\/\/schema.org","@graph":[{"@type":"Article","@id":"https:\/\/quehacerpolitico.mx\/?p=113981#article","isPartOf":{"@id":"https:\/\/quehacerpolitico.mx\/?p=113981"},"author":{"name":"Redacci\u00f3n QP","@id":"https:\/\/quehacerpolitico.mx\/#\/schema\/person\/496d8ad2d1d3f8036101dca7ee39e585"},"headline":"Giovanni Guti\u00e9rrez alcalde de Coyoac\u00e1n invita que visiten este Bel\u00e9n, uno de los m\u00e1s bonitos y grandes de la Ciudad de M\u00e9xico","datePublished":"2024-12-26T02:53:56+00:00","dateModified":"2024-12-26T02:53:58+00:00","mainEntityOfPage":{"@id":"https:\/\/quehacerpolitico.mx\/?p=113981"},"wordCount":495,"commentCount":0,"image":{"@id":"https:\/\/quehacerpolitico.mx\/?p=113981#primaryimage"},"thumbnailUrl":"https:\/\/quehacerpolitico.mx\/wp-content\/uploads\/2024\/12\/IMG_9825.jpeg","articleSection":["CDMX"],"inLanguage":"es","potentialAction":[{"@type":"CommentAction","name":"Comment","target":["https:\/\/quehacerpolitico.mx\/?p=113981#respond"]}]},{"@type":"WebPage","@id":"https:\/\/quehacerpolitico.mx\/?p=113981","url":"https:\/\/quehacerpolitico.mx\/?p=113981","name":"Giovanni Guti\u00e9rrez alcalde de Coyoac\u00e1n invita que visiten este Bel\u00e9n, uno de los m\u00e1s bonitos y grandes de la Ciudad de M\u00e9xico -","isPartOf":{"@id":"https:\/\/quehacerpolitico.mx\/#website"},"primaryImageOfPage":{"@id":"https:\/\/quehacerpolitico.mx\/?p=113981#primaryimage"},"image":{"@id":"https:\/\/quehacerpolitico.mx\/?p=113981#primaryimage"},"thumbnailUrl":"https:\/\/quehacerpolitico.mx\/wp-content\/uploads\/2024\/12\/IMG_9825.jpeg","datePublished":"2024-12-26T02:53:56+00:00","dateModified":"2024-12-26T02:53:58+00:00","author":{"@id":"https:\/\/quehacerpolitico.mx\/#\/schema\/person\/496d8ad2d1d3f8036101dca7ee39e585"},"breadcrumb":{"@id":"https:\/\/quehacerpolitico.mx\/?p=113981#breadcrumb"},"inLanguage":"es","potentialAction":[{"@type":"ReadAction","target":["https:\/\/quehacerpolitico.mx\/?p=113981"]}]},{"@type":"ImageObject","inLanguage":"es","@id":"https:\/\/quehacerpolitico.mx\/?p=113981#primaryimage","url":"https:\/\/quehacerpolitico.mx\/wp-content\/uploads\/2024\/12\/IMG_9825.jpeg","contentUrl":"https:\/\/quehacerpolitico.mx\/wp-content\/uploads\/2024\/12\/IMG_9825.jpeg","width":680,"height":383},{"@type":"BreadcrumbList","@id":"https:\/\/quehacerpolitico.mx\/?p=113981#breadcrumb","itemListElement":[{"@type":"ListItem","position":1,"name":"Inicio","item":"https:\/\/quehacerpolitico.mx\/"},{"@type":"ListItem","position":2,"name":"Giovanni Guti\u00e9rrez alcalde de Coyoac\u00e1n invita que visiten este Bel\u00e9n, uno de los m\u00e1s bonitos y grandes de la Ciudad de M\u00e9xico"}]},{"@type":"WebSite","@id":"https:\/\/quehacerpolitico.mx\/#website","url":"https:\/\/quehacerpolitico.mx\/","name":"","description":"","potentialAction":[{"@type":"SearchAction","target":{"@type":"EntryPoint","urlTemplate":"https:\/\/quehacerpolitico.mx\/?s={search_term_string}"},"query-input":{"@type":"PropertyValueSpecification","valueRequired":true,"valueName":"search_term_string"}}],"inLanguage":"es"},{"@type":"Person","@id":"https:\/\/quehacerpolitico.mx\/#\/schema\/person\/496d8ad2d1d3f8036101dca7ee39e585","name":"Redacci\u00f3n QP","image":{"@type":"ImageObject","inLanguage":"es","@id":"https:\/\/secure.gravatar.com\/avatar\/c7164ed6fdec453195284ad24a5ae5b6e1eed2b848477fa2a4787ba9adf39a41?s=96&d=mm&r=g","url":"https:\/\/secure.gravatar.com\/avatar\/c7164ed6fdec453195284ad24a5ae5b6e1eed2b848477fa2a4787ba9adf39a41?s=96&d=mm&r=g","contentUrl":"https:\/\/secure.gravatar.com\/avatar\/c7164ed6fdec453195284ad24a5ae5b6e1eed2b848477fa2a4787ba9adf39a41?s=96&d=mm&r=g","caption":"Redacci\u00f3n QP"},"url":"https:\/\/quehacerpolitico.mx\/?author=2"}]}},"featured_image_urls":{"full":["https:\/\/quehacerpolitico.mx\/wp-content\/uploads\/2024\/12\/IMG_9825.jpeg",680,383,false],"thumbnail":["https:\/\/quehacerpolitico.mx\/wp-content\/uploads\/2024\/12\/IMG_9825-150x150.jpeg",150,150,true],"medium":["https:\/\/quehacerpolitico.mx\/wp-content\/uploads\/2024\/12\/IMG_9825-300x169.jpeg",300,169,true],"medium_large":["https:\/\/quehacerpolitico.mx\/wp-content\/uploads\/2024\/12\/IMG_9825.jpeg",640,360,false],"large":["https:\/\/quehacerpolitico.mx\/wp-content\/uploads\/2024\/12\/IMG_9825.jpeg",640,360,false],"1536x1536":["https:\/\/quehacerpolitico.mx\/wp-content\/uploads\/2024\/12\/IMG_9825.jpeg",680,383,false],"2048x2048":["https:\/\/quehacerpolitico.mx\/wp-content\/uploads\/2024\/12\/IMG_9825.jpeg",680,383,false],"covernews-featured":["https:\/\/quehacerpolitico.mx\/wp-content\/uploads\/2024\/12\/IMG_9825.jpeg",680,383,false],"covernews-medium":["https:\/\/quehacerpolitico.mx\/wp-content\/uploads\/2024\/12\/IMG_9825-540x340.jpeg",540,340,true]},"author_info":{"display_name":"Redacci\u00f3n QP","author_link":"https:\/\/quehacerpolitico.mx\/?author=2"},"category_info":"<a href=\"https:\/\/quehacerpolitico.mx\/?cat=55\" rel=\"category\">CDMX<\/a>","tag_info":"CDMX","comment_count":"0","_links":{"self":[{"href":"https:\/\/quehacerpolitico.mx\/index.php?rest_route=\/wp\/v2\/posts\/113981","targetHints":{"allow":["GET"]}}],"collection":[{"href":"https:\/\/quehacerpolitico.mx\/index.php?rest_route=\/wp\/v2\/posts"}],"about":[{"href":"https:\/\/quehacerpolitico.mx\/index.php?rest_route=\/wp\/v2\/types\/post"}],"author":[{"embeddable":true,"href":"https:\/\/quehacerpolitico.mx\/index.php?rest_route=\/wp\/v2\/users\/2"}],"replies":[{"embeddable":true,"href":"https:\/\/quehacerpolitico.mx\/index.php?rest_route=%2Fwp%2Fv2%2Fcomments&post=113981"}],"version-history":[{"count":1,"href":"https:\/\/quehacerpolitico.mx\/index.php?rest_route=\/wp\/v2\/posts\/113981\/revisions"}],"predecessor-version":[{"id":113983,"href":"https:\/\/quehacerpolitico.mx\/index.php?rest_route=\/wp\/v2\/posts\/113981\/revisions\/113983"}],"wp:featuredmedia":[{"embeddable":true,"href":"https:\/\/quehacerpolitico.mx\/index.php?rest_route=\/wp\/v2\/media\/113982"}],"wp:attachment":[{"href":"https:\/\/quehacerpolitico.mx\/index.php?rest_route=%2Fwp%2Fv2%2Fmedia&parent=113981"}],"wp:term":[{"taxonomy":"category","embeddable":true,"href":"https:\/\/quehacerpolitico.mx\/index.php?rest_route=%2Fwp%2Fv2%2Fcategories&post=113981"},{"taxonomy":"post_tag","embeddable":true,"href":"https:\/\/quehacerpolitico.mx\/index.php?rest_route=%2Fwp%2Fv2%2Ftags&post=113981"}],"curies":[{"name":"wp","href":"https:\/\/api.w.org\/{rel}","templated":true}]}}