{"id":113974,"date":"2024-12-25T18:48:53","date_gmt":"2024-12-26T00:48:53","guid":{"rendered":"https:\/\/quehacerpolitico.mx\/?p=113974"},"modified":"2024-12-25T18:48:55","modified_gmt":"2024-12-26T00:48:55","slug":"giovanni-gutierrez-reconoce-la-iniciativa-por-parte-de-la-jefa-de-gobierno-clara-brugada-quien-considero-un-aumento-en-el-proyecto-para-2025-en-el-presupuesto-de-esta-demarcacion","status":"publish","type":"post","link":"https:\/\/quehacerpolitico.mx\/?p=113974","title":{"rendered":"Giovanni Guti\u00e9rrez reconoce la iniciativa por parte de la Jefa de Gobierno, Clara Brugada, quien consider\u00f3 un aumento en el proyecto para 2025 en el presupuesto de esta demarcaci\u00f3n"},"content":{"rendered":"\n<p>Por Redacci\u00f3n QP<\/p>\n\n\n\n<p>El presupuesto para 2025 ser\u00e1 manejado con transparencia y eficiencia, tal como ha ocurrido en los \u00faltimos tres a\u00f1os sostuvo Giovani Guti\u00e9rrez Aguilar, quien reconoci\u00f3 la sensibilidad de las y los diputados, as\u00ed como la iniciativa por parte de la Jefa de Gobierno, Clara Brugada, quien consider\u00f3 un aumento en el proyecto para 2025 de esta demarcaci\u00f3n.<\/p>\n\n\n\n<p>Este lunes el alcalde de Coyoac\u00e1n encabez\u00f3 la reuni\u00f3n de Gabinete de Gobierno semanal en donde hizo dos anuncios: la propuesta de presupuesto que consider\u00f3 un aumento de 9% del presupuesto comparado con el 2024 y la aprobaci\u00f3n por unanimidad del proyecto que se present\u00f3 a los integrantes del Concejo quienes lo avalaron por unanimidad.<\/p>\n\n\n\n<figure class=\"wp-block-embed is-type-rich is-provider-twitter wp-block-embed-twitter\"><div class=\"wp-block-embed__wrapper\">\n<blockquote class=\"twitter-tweet\" data-width=\"550\" data-dnt=\"true\"><p lang=\"es\" dir=\"ltr\">En <a href=\"https:\/\/twitter.com\/hashtag\/Coyoac%C3%A1n?src=hash&amp;ref_src=twsrc%5Etfw\">#Coyoac\u00e1n<\/a> somos optimistas para este 2025 porque el proyecto de presupuesto a aprobarse este lunes, atiende la solicitud para incrementar los recursos en 9%. Esto demuestra el compromiso de la Jefa de Gobierno <a href=\"https:\/\/twitter.com\/ClaraBrugadaM?ref_src=twsrc%5Etfw\">@ClaraBrugadaM<\/a> y la sensibilidad de las y los legisladores del\u2026 <a href=\"https:\/\/t.co\/ZYLo2wVOYY\">pic.twitter.com\/ZYLo2wVOYY<\/a><\/p>&mdash; Giovani Guti\u00e9rrez (@giogutierrezag) <a href=\"https:\/\/twitter.com\/giogutierrezag\/status\/1871274700594368938?ref_src=twsrc%5Etfw\">December 23, 2024<\/a><\/blockquote><script async src=\"https:\/\/platform.twitter.com\/widgets.js\" charset=\"utf-8\"><\/script>\n<\/div><\/figure>\n\n\n\n<p>\u201cEste 9 por ciento de presupuesto que solicitamos como aumento era indispensable para poder seguir operando de manera eficiente como lo hemos hecho en estos tres a\u00f1os. As\u00ed lo expusimos cuando acudimos el pasado 20 de noviembre a una mesa de trabajo en el Congreso de la Ciudad de M\u00e9xico en donde dimos a conocer las necesidades y los proyectos para 2025.<\/p>\n\n\n\n<p>La Jefa de Gobierno, Clara Brugada, as\u00ed como las y los legisladores, fueron sensibles a este llamado y Coyoac\u00e1n contar\u00e1 -de aprobarse como est\u00e1 proyectado- con un presupuesto que ser\u00e1 manejado con transparencia y eficiencia\u201d, coment\u00f3.<\/p>\n\n\n\n<p>Ante los integrantes de su Gabinete de Gobierno, el Alcalde indic\u00f3 que con este incremento de 9% se redoblar\u00e1n los trabajos en servicios urbanos; en obra, como banquetas y repavimentaci\u00f3n; en materia de seguridad con Escudo Coyoac\u00e1n \u201cy en todo lo que tiene que ver para en que t\u00fa y tu familia puedan vivir mejor\u201d.<\/p>\n\n\n\n<p>El Congreso de la Ciudad de M\u00e9xico aprob\u00f3 en comisiones el presupuesto para las alcald\u00edas de la Ciudad de M\u00e9xico en donde se proyecta que a Coyoac\u00e1n le otorguen tres mil 499 millones de pesos, pr\u00e1cticamente el monto que el Alcalde solicit\u00f3 en su reuni\u00f3n del pasado 20 de noviembre ante las y los legisladores, es decir, un incremento del 9%.<\/p>\n\n\n\n<p>Giovani Guti\u00e9rrez dijo que, en la sesi\u00f3n de este 23 de diciembre -que se prev\u00e9 sea marat\u00f3nica-, se apruebe el proyecto de presupuesto en los t\u00e9rminos en los que la Jefa de Gobierno lo present\u00f3. De ser as\u00ed -pues ya fue aprobado en comisiones-, se lograr\u00e1 un incremento importante que permitir\u00e1 a Coyoac\u00e1n en particular, a mantener la operatividad y eficiencia que ha demostrado en los \u00faltimos tres a\u00f1os.<\/p>\n\n\n\n<p>\u201cMe gustar\u00eda comentar que le agradezco p\u00fablicamente a nuestra Jefa de Gobierno Clara Brugada Molina, al igual que a las y los diputados, la sensibilidad y el escucharnos para tener este proyecto de presupuesto, el cual fue presentado y sometido a consideraci\u00f3n del Cabildo y el cual fue aprobado por unanimidad el viernes pasado\u201d, record\u00f3.<\/p>\n\n\n\n<p>Guti\u00e9rrez Aguilar a\u00f1adi\u00f3 que este 2025 \u201cseguiremos trabajando de manera imparable para que t\u00fa y tu familia puedan seguir disfrutando de lo bello que es nuestra demarcaci\u00f3n seguiremos trabajando de manera imparable para que todos nuestros sue\u00f1os para que esta demarcaci\u00f3n tan hermosa para que este nuevo rostro que tiene Coyoac\u00e1n siga siga y siga adelante.<\/p>\n\n\n\n<p>Te quiero decir que, desde el epicentro cultural de la Rep\u00fablica Mexicana, tierras mundialistas, te deseamos una feliz Navidad y un pr\u00f3spero A\u00f1o Nuevo, lleno de bendiciones y de salud para ti y para toda tu familia\u201d.<\/p>\n","protected":false},"excerpt":{"rendered":"<p>Por Redacci\u00f3n QP El presupuesto para 2025 ser\u00e1 manejado con transparencia y eficiencia, tal como&#8230;<\/p>\n","protected":false},"author":2,"featured_media":113975,"comment_status":"open","ping_status":"open","sticky":false,"template":"","format":"standard","meta":{"_monsterinsights_skip_tracking":false,"_monsterinsights_sitenote_active":false,"_monsterinsights_sitenote_note":"","_monsterinsights_sitenote_category":0,"footnotes":""},"categories":[55],"tags":[],"class_list":["post-113974","post","type-post","status-publish","format-standard","has-post-thumbnail","hentry","category-cdmx"],"yoast_head":"<!-- This site is optimized with the Yoast SEO plugin v27.3 - https:\/\/yoast.com\/product\/yoast-seo-wordpress\/ -->\n<title>Giovanni Guti\u00e9rrez reconoce la iniciativa por parte de la Jefa de Gobierno, Clara Brugada, quien consider\u00f3 un aumento en el proyecto para 2025 en el presupuesto de esta demarcaci\u00f3n -<\/title>\n<meta name=\"robots\" content=\"index, follow, max-snippet:-1, max-image-preview:large, max-video-preview:-1\" \/>\n<link rel=\"canonical\" href=\"https:\/\/quehacerpolitico.mx\/?p=113974\" \/>\n<meta property=\"og:locale\" content=\"es_MX\" \/>\n<meta property=\"og:type\" content=\"article\" \/>\n<meta property=\"og:title\" content=\"Giovanni Guti\u00e9rrez reconoce la iniciativa por parte de la Jefa de Gobierno, Clara Brugada, quien consider\u00f3 un aumento en el proyecto para 2025 en el presupuesto de esta demarcaci\u00f3n -\" \/>\n<meta property=\"og:description\" content=\"Por Redacci\u00f3n QP El presupuesto para 2025 ser\u00e1 manejado con transparencia y eficiencia, tal como...\" \/>\n<meta property=\"og:url\" content=\"https:\/\/quehacerpolitico.mx\/?p=113974\" \/>\n<meta property=\"article:published_time\" content=\"2024-12-26T00:48:53+00:00\" \/>\n<meta property=\"article:modified_time\" content=\"2024-12-26T00:48:55+00:00\" \/>\n<meta property=\"og:image\" content=\"https:\/\/quehacerpolitico.mx\/wp-content\/uploads\/2024\/12\/IMG_9822.jpeg\" \/>\n\t<meta property=\"og:image:width\" content=\"1284\" \/>\n\t<meta property=\"og:image:height\" content=\"710\" \/>\n\t<meta property=\"og:image:type\" content=\"image\/jpeg\" \/>\n<meta name=\"author\" content=\"Redacci\u00f3n QP\" \/>\n<meta name=\"twitter:card\" content=\"summary_large_image\" \/>\n<meta name=\"twitter:label1\" content=\"Escrito por\" \/>\n\t<meta name=\"twitter:data1\" content=\"Redacci\u00f3n QP\" \/>\n\t<meta name=\"twitter:label2\" content=\"Tiempo de lectura\" \/>\n\t<meta name=\"twitter:data2\" content=\"3 minutos\" \/>\n<script type=\"application\/ld+json\" class=\"yoast-schema-graph\">{\"@context\":\"https:\\\/\\\/schema.org\",\"@graph\":[{\"@type\":\"Article\",\"@id\":\"https:\\\/\\\/quehacerpolitico.mx\\\/?p=113974#article\",\"isPartOf\":{\"@id\":\"https:\\\/\\\/quehacerpolitico.mx\\\/?p=113974\"},\"author\":{\"name\":\"Redacci\u00f3n QP\",\"@id\":\"https:\\\/\\\/quehacerpolitico.mx\\\/#\\\/schema\\\/person\\\/496d8ad2d1d3f8036101dca7ee39e585\"},\"headline\":\"Giovanni Guti\u00e9rrez reconoce la iniciativa por parte de la Jefa de Gobierno, Clara Brugada, quien consider\u00f3 un aumento en el proyecto para 2025 en el presupuesto de esta demarcaci\u00f3n\",\"datePublished\":\"2024-12-26T00:48:53+00:00\",\"dateModified\":\"2024-12-26T00:48:55+00:00\",\"mainEntityOfPage\":{\"@id\":\"https:\\\/\\\/quehacerpolitico.mx\\\/?p=113974\"},\"wordCount\":611,\"commentCount\":0,\"image\":{\"@id\":\"https:\\\/\\\/quehacerpolitico.mx\\\/?p=113974#primaryimage\"},\"thumbnailUrl\":\"https:\\\/\\\/quehacerpolitico.mx\\\/wp-content\\\/uploads\\\/2024\\\/12\\\/IMG_9822.jpeg\",\"articleSection\":[\"CDMX\"],\"inLanguage\":\"es\",\"potentialAction\":[{\"@type\":\"CommentAction\",\"name\":\"Comment\",\"target\":[\"https:\\\/\\\/quehacerpolitico.mx\\\/?p=113974#respond\"]}]},{\"@type\":\"WebPage\",\"@id\":\"https:\\\/\\\/quehacerpolitico.mx\\\/?p=113974\",\"url\":\"https:\\\/\\\/quehacerpolitico.mx\\\/?p=113974\",\"name\":\"Giovanni Guti\u00e9rrez reconoce la iniciativa por parte de la Jefa de Gobierno, Clara Brugada, quien consider\u00f3 un aumento en el proyecto para 2025 en el presupuesto de esta demarcaci\u00f3n -\",\"isPartOf\":{\"@id\":\"https:\\\/\\\/quehacerpolitico.mx\\\/#website\"},\"primaryImageOfPage\":{\"@id\":\"https:\\\/\\\/quehacerpolitico.mx\\\/?p=113974#primaryimage\"},\"image\":{\"@id\":\"https:\\\/\\\/quehacerpolitico.mx\\\/?p=113974#primaryimage\"},\"thumbnailUrl\":\"https:\\\/\\\/quehacerpolitico.mx\\\/wp-content\\\/uploads\\\/2024\\\/12\\\/IMG_9822.jpeg\",\"datePublished\":\"2024-12-26T00:48:53+00:00\",\"dateModified\":\"2024-12-26T00:48:55+00:00\",\"author\":{\"@id\":\"https:\\\/\\\/quehacerpolitico.mx\\\/#\\\/schema\\\/person\\\/496d8ad2d1d3f8036101dca7ee39e585\"},\"breadcrumb\":{\"@id\":\"https:\\\/\\\/quehacerpolitico.mx\\\/?p=113974#breadcrumb\"},\"inLanguage\":\"es\",\"potentialAction\":[{\"@type\":\"ReadAction\",\"target\":[\"https:\\\/\\\/quehacerpolitico.mx\\\/?p=113974\"]}]},{\"@type\":\"ImageObject\",\"inLanguage\":\"es\",\"@id\":\"https:\\\/\\\/quehacerpolitico.mx\\\/?p=113974#primaryimage\",\"url\":\"https:\\\/\\\/quehacerpolitico.mx\\\/wp-content\\\/uploads\\\/2024\\\/12\\\/IMG_9822.jpeg\",\"contentUrl\":\"https:\\\/\\\/quehacerpolitico.mx\\\/wp-content\\\/uploads\\\/2024\\\/12\\\/IMG_9822.jpeg\",\"width\":1284,\"height\":710,\"caption\":\"Screenshot\"},{\"@type\":\"BreadcrumbList\",\"@id\":\"https:\\\/\\\/quehacerpolitico.mx\\\/?p=113974#breadcrumb\",\"itemListElement\":[{\"@type\":\"ListItem\",\"position\":1,\"name\":\"Inicio\",\"item\":\"https:\\\/\\\/quehacerpolitico.mx\\\/\"},{\"@type\":\"ListItem\",\"position\":2,\"name\":\"Giovanni Guti\u00e9rrez reconoce la iniciativa por parte de la Jefa de Gobierno, Clara Brugada, quien consider\u00f3 un aumento en el proyecto para 2025 en el presupuesto de esta demarcaci\u00f3n\"}]},{\"@type\":\"WebSite\",\"@id\":\"https:\\\/\\\/quehacerpolitico.mx\\\/#website\",\"url\":\"https:\\\/\\\/quehacerpolitico.mx\\\/\",\"name\":\"\",\"description\":\"\",\"potentialAction\":[{\"@type\":\"SearchAction\",\"target\":{\"@type\":\"EntryPoint\",\"urlTemplate\":\"https:\\\/\\\/quehacerpolitico.mx\\\/?s={search_term_string}\"},\"query-input\":{\"@type\":\"PropertyValueSpecification\",\"valueRequired\":true,\"valueName\":\"search_term_string\"}}],\"inLanguage\":\"es\"},{\"@type\":\"Person\",\"@id\":\"https:\\\/\\\/quehacerpolitico.mx\\\/#\\\/schema\\\/person\\\/496d8ad2d1d3f8036101dca7ee39e585\",\"name\":\"Redacci\u00f3n QP\",\"image\":{\"@type\":\"ImageObject\",\"inLanguage\":\"es\",\"@id\":\"https:\\\/\\\/secure.gravatar.com\\\/avatar\\\/c7164ed6fdec453195284ad24a5ae5b6e1eed2b848477fa2a4787ba9adf39a41?s=96&d=mm&r=g\",\"url\":\"https:\\\/\\\/secure.gravatar.com\\\/avatar\\\/c7164ed6fdec453195284ad24a5ae5b6e1eed2b848477fa2a4787ba9adf39a41?s=96&d=mm&r=g\",\"contentUrl\":\"https:\\\/\\\/secure.gravatar.com\\\/avatar\\\/c7164ed6fdec453195284ad24a5ae5b6e1eed2b848477fa2a4787ba9adf39a41?s=96&d=mm&r=g\",\"caption\":\"Redacci\u00f3n QP\"},\"url\":\"https:\\\/\\\/quehacerpolitico.mx\\\/?author=2\"}]}<\/script>\n<!-- \/ Yoast SEO plugin. -->","yoast_head_json":{"title":"Giovanni Guti\u00e9rrez reconoce la iniciativa por parte de la Jefa de Gobierno, Clara Brugada, quien consider\u00f3 un aumento en el proyecto para 2025 en el presupuesto de esta demarcaci\u00f3n -","robots":{"index":"index","follow":"follow","max-snippet":"max-snippet:-1","max-image-preview":"max-image-preview:large","max-video-preview":"max-video-preview:-1"},"canonical":"https:\/\/quehacerpolitico.mx\/?p=113974","og_locale":"es_MX","og_type":"article","og_title":"Giovanni Guti\u00e9rrez reconoce la iniciativa por parte de la Jefa de Gobierno, Clara Brugada, quien consider\u00f3 un aumento en el proyecto para 2025 en el presupuesto de esta demarcaci\u00f3n -","og_description":"Por Redacci\u00f3n QP El presupuesto para 2025 ser\u00e1 manejado con transparencia y eficiencia, tal como...","og_url":"https:\/\/quehacerpolitico.mx\/?p=113974","article_published_time":"2024-12-26T00:48:53+00:00","article_modified_time":"2024-12-26T00:48:55+00:00","og_image":[{"width":1284,"height":710,"url":"https:\/\/quehacerpolitico.mx\/wp-content\/uploads\/2024\/12\/IMG_9822.jpeg","type":"image\/jpeg"}],"author":"Redacci\u00f3n QP","twitter_card":"summary_large_image","twitter_misc":{"Escrito por":"Redacci\u00f3n QP","Tiempo de lectura":"3 minutos"},"schema":{"@context":"https:\/\/schema.org","@graph":[{"@type":"Article","@id":"https:\/\/quehacerpolitico.mx\/?p=113974#article","isPartOf":{"@id":"https:\/\/quehacerpolitico.mx\/?p=113974"},"author":{"name":"Redacci\u00f3n QP","@id":"https:\/\/quehacerpolitico.mx\/#\/schema\/person\/496d8ad2d1d3f8036101dca7ee39e585"},"headline":"Giovanni Guti\u00e9rrez reconoce la iniciativa por parte de la Jefa de Gobierno, Clara Brugada, quien consider\u00f3 un aumento en el proyecto para 2025 en el presupuesto de esta demarcaci\u00f3n","datePublished":"2024-12-26T00:48:53+00:00","dateModified":"2024-12-26T00:48:55+00:00","mainEntityOfPage":{"@id":"https:\/\/quehacerpolitico.mx\/?p=113974"},"wordCount":611,"commentCount":0,"image":{"@id":"https:\/\/quehacerpolitico.mx\/?p=113974#primaryimage"},"thumbnailUrl":"https:\/\/quehacerpolitico.mx\/wp-content\/uploads\/2024\/12\/IMG_9822.jpeg","articleSection":["CDMX"],"inLanguage":"es","potentialAction":[{"@type":"CommentAction","name":"Comment","target":["https:\/\/quehacerpolitico.mx\/?p=113974#respond"]}]},{"@type":"WebPage","@id":"https:\/\/quehacerpolitico.mx\/?p=113974","url":"https:\/\/quehacerpolitico.mx\/?p=113974","name":"Giovanni Guti\u00e9rrez reconoce la iniciativa por parte de la Jefa de Gobierno, Clara Brugada, quien consider\u00f3 un aumento en el proyecto para 2025 en el presupuesto de esta demarcaci\u00f3n -","isPartOf":{"@id":"https:\/\/quehacerpolitico.mx\/#website"},"primaryImageOfPage":{"@id":"https:\/\/quehacerpolitico.mx\/?p=113974#primaryimage"},"image":{"@id":"https:\/\/quehacerpolitico.mx\/?p=113974#primaryimage"},"thumbnailUrl":"https:\/\/quehacerpolitico.mx\/wp-content\/uploads\/2024\/12\/IMG_9822.jpeg","datePublished":"2024-12-26T00:48:53+00:00","dateModified":"2024-12-26T00:48:55+00:00","author":{"@id":"https:\/\/quehacerpolitico.mx\/#\/schema\/person\/496d8ad2d1d3f8036101dca7ee39e585"},"breadcrumb":{"@id":"https:\/\/quehacerpolitico.mx\/?p=113974#breadcrumb"},"inLanguage":"es","potentialAction":[{"@type":"ReadAction","target":["https:\/\/quehacerpolitico.mx\/?p=113974"]}]},{"@type":"ImageObject","inLanguage":"es","@id":"https:\/\/quehacerpolitico.mx\/?p=113974#primaryimage","url":"https:\/\/quehacerpolitico.mx\/wp-content\/uploads\/2024\/12\/IMG_9822.jpeg","contentUrl":"https:\/\/quehacerpolitico.mx\/wp-content\/uploads\/2024\/12\/IMG_9822.jpeg","width":1284,"height":710,"caption":"Screenshot"},{"@type":"BreadcrumbList","@id":"https:\/\/quehacerpolitico.mx\/?p=113974#breadcrumb","itemListElement":[{"@type":"ListItem","position":1,"name":"Inicio","item":"https:\/\/quehacerpolitico.mx\/"},{"@type":"ListItem","position":2,"name":"Giovanni Guti\u00e9rrez reconoce la iniciativa por parte de la Jefa de Gobierno, Clara Brugada, quien consider\u00f3 un aumento en el proyecto para 2025 en el presupuesto de esta demarcaci\u00f3n"}]},{"@type":"WebSite","@id":"https:\/\/quehacerpolitico.mx\/#website","url":"https:\/\/quehacerpolitico.mx\/","name":"","description":"","potentialAction":[{"@type":"SearchAction","target":{"@type":"EntryPoint","urlTemplate":"https:\/\/quehacerpolitico.mx\/?s={search_term_string}"},"query-input":{"@type":"PropertyValueSpecification","valueRequired":true,"valueName":"search_term_string"}}],"inLanguage":"es"},{"@type":"Person","@id":"https:\/\/quehacerpolitico.mx\/#\/schema\/person\/496d8ad2d1d3f8036101dca7ee39e585","name":"Redacci\u00f3n QP","image":{"@type":"ImageObject","inLanguage":"es","@id":"https:\/\/secure.gravatar.com\/avatar\/c7164ed6fdec453195284ad24a5ae5b6e1eed2b848477fa2a4787ba9adf39a41?s=96&d=mm&r=g","url":"https:\/\/secure.gravatar.com\/avatar\/c7164ed6fdec453195284ad24a5ae5b6e1eed2b848477fa2a4787ba9adf39a41?s=96&d=mm&r=g","contentUrl":"https:\/\/secure.gravatar.com\/avatar\/c7164ed6fdec453195284ad24a5ae5b6e1eed2b848477fa2a4787ba9adf39a41?s=96&d=mm&r=g","caption":"Redacci\u00f3n QP"},"url":"https:\/\/quehacerpolitico.mx\/?author=2"}]}},"featured_image_urls":{"full":["https:\/\/quehacerpolitico.mx\/wp-content\/uploads\/2024\/12\/IMG_9822.jpeg",1284,710,false],"thumbnail":["https:\/\/quehacerpolitico.mx\/wp-content\/uploads\/2024\/12\/IMG_9822-150x150.jpeg",150,150,true],"medium":["https:\/\/quehacerpolitico.mx\/wp-content\/uploads\/2024\/12\/IMG_9822-300x166.jpeg",300,166,true],"medium_large":["https:\/\/quehacerpolitico.mx\/wp-content\/uploads\/2024\/12\/IMG_9822-768x425.jpeg",640,354,true],"large":["https:\/\/quehacerpolitico.mx\/wp-content\/uploads\/2024\/12\/IMG_9822-1024x566.jpeg",640,354,true],"1536x1536":["https:\/\/quehacerpolitico.mx\/wp-content\/uploads\/2024\/12\/IMG_9822.jpeg",1284,710,false],"2048x2048":["https:\/\/quehacerpolitico.mx\/wp-content\/uploads\/2024\/12\/IMG_9822.jpeg",1284,710,false],"covernews-featured":["https:\/\/quehacerpolitico.mx\/wp-content\/uploads\/2024\/12\/IMG_9822-1024x566.jpeg",1024,566,true],"covernews-medium":["https:\/\/quehacerpolitico.mx\/wp-content\/uploads\/2024\/12\/IMG_9822-540x340.jpeg",540,340,true]},"author_info":{"display_name":"Redacci\u00f3n QP","author_link":"https:\/\/quehacerpolitico.mx\/?author=2"},"category_info":"<a href=\"https:\/\/quehacerpolitico.mx\/?cat=55\" rel=\"category\">CDMX<\/a>","tag_info":"CDMX","comment_count":"0","_links":{"self":[{"href":"https:\/\/quehacerpolitico.mx\/index.php?rest_route=\/wp\/v2\/posts\/113974","targetHints":{"allow":["GET"]}}],"collection":[{"href":"https:\/\/quehacerpolitico.mx\/index.php?rest_route=\/wp\/v2\/posts"}],"about":[{"href":"https:\/\/quehacerpolitico.mx\/index.php?rest_route=\/wp\/v2\/types\/post"}],"author":[{"embeddable":true,"href":"https:\/\/quehacerpolitico.mx\/index.php?rest_route=\/wp\/v2\/users\/2"}],"replies":[{"embeddable":true,"href":"https:\/\/quehacerpolitico.mx\/index.php?rest_route=%2Fwp%2Fv2%2Fcomments&post=113974"}],"version-history":[{"count":1,"href":"https:\/\/quehacerpolitico.mx\/index.php?rest_route=\/wp\/v2\/posts\/113974\/revisions"}],"predecessor-version":[{"id":113976,"href":"https:\/\/quehacerpolitico.mx\/index.php?rest_route=\/wp\/v2\/posts\/113974\/revisions\/113976"}],"wp:featuredmedia":[{"embeddable":true,"href":"https:\/\/quehacerpolitico.mx\/index.php?rest_route=\/wp\/v2\/media\/113975"}],"wp:attachment":[{"href":"https:\/\/quehacerpolitico.mx\/index.php?rest_route=%2Fwp%2Fv2%2Fmedia&parent=113974"}],"wp:term":[{"taxonomy":"category","embeddable":true,"href":"https:\/\/quehacerpolitico.mx\/index.php?rest_route=%2Fwp%2Fv2%2Fcategories&post=113974"},{"taxonomy":"post_tag","embeddable":true,"href":"https:\/\/quehacerpolitico.mx\/index.php?rest_route=%2Fwp%2Fv2%2Ftags&post=113974"}],"curies":[{"name":"wp","href":"https:\/\/api.w.org\/{rel}","templated":true}]}}