{"id":113971,"date":"2024-12-25T18:31:08","date_gmt":"2024-12-26T00:31:08","guid":{"rendered":"https:\/\/quehacerpolitico.mx\/?p=113971"},"modified":"2024-12-25T18:31:11","modified_gmt":"2024-12-26T00:31:11","slug":"el-quehacer-politico-internacional-a-traves-de-la-opinion-carolina-alonso-romei-el-rey-de-espana-se-ha-dirigido-a-la-ciudadania-desde-el-salon-de-columnas-decorado-con-un-arbol-de-navidad-un-bel","status":"publish","type":"post","link":"https:\/\/quehacerpolitico.mx\/?p=113971","title":{"rendered":"El Quehacer Pol\u00edtico Internacional a trav\u00e9s de la opini\u00f3n\/\/\/Carolina Alonso Romei\/\/\/El rey de Espa\u00f1a se ha dirigido a la ciudadan\u00eda desde el Sal\u00f3n de Columnas, decorado con un \u00e1rbol de Navidad, un bel\u00e9n y una imagen de afectados por la dana, militares y voluntarios recogiendo lodo en Paiporta"},"content":{"rendered":"\n<p>Por Carolina Alonso Romei<\/p>\n\n\n\n<p>Internacionalista <\/p>\n\n\n\n<p>El<strong>\u00a0rey de Espa\u00f1a Felipe VI<\/strong>\u00a0ha llamado este martes la atenci\u00f3n sobre la existencia de una \u201cclamorosa\u201d demanda de serenidad en la sociedad espa\u00f1ola ante la, a veces, \u201catronadora\u201d contienda pol\u00edtica, una discordia que, ha advertido, no puede convertirse en un constante ruido de fondo que impida escuchar las verdaderas necesidades de la ciudadan\u00eda.<\/p>\n\n\n\n<p>Una llamada de atenci\u00f3n que ha supuesto uno de los mensajes destacados del discurso navide\u00f1o que el rey ha dirigido, como es tradicional, a los espa\u00f1oles en Nochebuena, y que ha comenzado y finalizado con emotivas palabras para los afectados por la terrible dana que asol\u00f3 varias zonas de Espa\u00f1a, especialmente Valencia, hace casi dos meses.<\/p>\n\n\n\n<figure class=\"wp-block-embed is-type-video is-provider-youtube wp-block-embed-youtube wp-embed-aspect-16-9 wp-has-aspect-ratio\"><div class=\"wp-block-embed__wrapper\">\n<iframe loading=\"lazy\" title=\"DIRECTO: Mensaje de Navidad del Rey Felipe VI\" width=\"640\" height=\"360\" src=\"https:\/\/www.youtube.com\/embed\/ZMiQSJxNiEY?feature=oembed\" frameborder=\"0\" allow=\"accelerometer; autoplay; clipboard-write; encrypted-media; gyroscope; picture-in-picture; web-share\" referrerpolicy=\"strict-origin-when-cross-origin\" allowfullscreen><\/iframe>\n<\/div><\/figure>\n\n\n\n<p>Precisamente las consecuencias de la dana han sido protagonistas de la \u00fanica fotograf\u00eda que se ha visto junto al monarca en la emisi\u00f3n del mensaje televisado y que por segunda vez en su reinado no ha sido grabado en la Zarzuela, sino en el Palacio Real.<\/p>\n\n\n\n<p>El jefe del Estado espa\u00f1ol se ha dirigido esta noche a la ciudadan\u00eda desde el Sal\u00f3n de Columnas, decorado con un \u00e1rbol de Navidad, un bel\u00e9n y una imagen de afectados por la dana, militares y voluntarios recogiendo lodo en Paiporta (Valencia).<\/p>\n\n\n\n<p>Una fotograf\u00eda de la Agencia EFE que fue tomada el 7 de noviembre, una semana despu\u00e9s de las inundaciones que causaron m\u00e1s de 220 muertos.<\/p>\n\n\n\n<p>En su und\u00e9cimo mensaje navide\u00f1o,&nbsp;<strong>Felipe VI<\/strong>, que este a\u00f1o ha celebrado el d\u00e9cimo aniversario de su proclamaci\u00f3n, ha pedido que las ayudas lleguen a todos los afectados por la dana que lo necesiten y ha recordado que en muchos de los pueblos afectados a\u00fan queda mucho por hacer, y \u201cdonde es tanta la necesidad de los vecinos que deja peque\u00f1os todos los esfuerzos, a\u00fan sin perder la esperanza\u201d.<\/p>\n\n\n\n<p>El rey ha vuelto a subrayar el acuerdo que inspir\u00f3 la Constituci\u00f3n y ha indicado que el consenso en torno a lo esencial debe ser una pr\u00e1ctica constante, necesaria para mantener la confianza en las instituciones.<\/p>\n\n\n\n<p>\u201cUn pacto de convivencia se protege dialogando; ese di\u00e1logo, con altura y generosidad, que debe siempre nutrir la definici\u00f3n de la voluntad com\u00fan y la acci\u00f3n del Estado. Por eso es necesario que la contienda pol\u00edtica, leg\u00edtima, pero en ocasiones atronadora, no impida escuchar una demanda a\u00fan m\u00e1s clamorosa: una demanda de serenidad (\u2026). No podemos permitir que la discordia se convierta en un constante ruido de fondo que impida escuchar el aut\u00e9ntico pulso de la ciudadan\u00eda\u201d, ha recalcado el jefe del Estado.<\/p>\n\n\n\n<p>Porque para el monarca, \u201cel consenso en torno a lo esencial, no s\u00f3lo como resultado, sino tambi\u00e9n como pr\u00e1ctica constante, debe orientar siempre la esfera de lo p\u00fablico. No para evitar la diversidad de opiniones, leg\u00edtima y necesaria en democracia, sino para impedir que esa diversidad derive en la negaci\u00f3n de la existencia de un espacio compartido\u201d.<\/p>\n\n\n\n<p>Un acuerdo sobre \u201clo esencial\u201d desde el que se deben abordar, seg\u00fan el rey, los asuntos que preocupan a la sociedad, como son la creciente inestabilidad internacional, el clima en el que se desarrolla con frecuencia el debate p\u00fablico, las dificultades en el acceso a la vivienda o la gesti\u00f3n de la inmigraci\u00f3n.<\/p>\n\n\n\n<p>Sobre este \u00faltimo aspecto, la inmigraci\u00f3n,&nbsp;<strong>Felipe VI<\/strong>&nbsp;ha incidido en la necesidad de que su tratamiento est\u00e9 basado en el reconocimiento de la dignidad \u201cque todo ser humano merece\u201d, en el esfuerzo de integraci\u00f3n y el respeto de las leyes y normas b\u00e1sicas de convivencia por parte de todos.<\/p>\n\n\n\n<p>Tambi\u00e9n se ha referido en su discurso a la preocupaci\u00f3n existente por dificultad para acceder a una vivienda que afecta sobre todo a los j\u00f3venes, y especialmente en las grandes ciudades.<\/p>\n\n\n\n<p>Una situaci\u00f3n ante la que ha dicho que es importante que todos los actores implicados \u201creflexionen, se escuchen unos a otros, que se examinen las distintas opciones y que sea ese di\u00e1logo conduzca a soluciones que faciliten el acceso a la vivienda en condiciones asumibles, en especial para los m\u00e1s j\u00f3venes y los m\u00e1s desprotegidos\u201d.<\/p>\n\n\n\n<p>Una juventud que ha llenado de orgullo a la sociedad \u201cacudiendo en masa para dar lo mejor de s\u00ed\u201d en las calles de los pueblos afectados por la dana y en la que radica principalmente el futuro de una Espa\u00f1a de la que ha dicho que es un gran pa\u00eds, \u201cuna naci\u00f3n con una historia portentosa, pese a sus cap\u00edtulos oscuros\u201d.<\/p>\n\n\n\n<p>Y, respecto a la situaci\u00f3n internacional, ha advertido c\u00f3mo en un escenario complejo, cambiante \u201ce incluso convulso\u201d, a veces se discute la validez de la democracia como sistema de gobierno, un contexto frente al que Europa sigue siendo la \u201creferencia m\u00e1s valiosa\u201d.<\/p>\n\n\n\n<p>Y ha subrayado c\u00f3mo \u201ccon demasiada frecuencia se cuestiona el derecho internacional, se recurre a la violencia, se niega la universalidad de los derechos humanos o se pone en duda el multilateralismo para afrontar los desaf\u00edos globales\u201d.<\/p>\n","protected":false},"excerpt":{"rendered":"<p>Por Carolina Alonso Romei Internacionalista El\u00a0rey de Espa\u00f1a Felipe VI\u00a0ha llamado este martes la atenci\u00f3n&#8230;<\/p>\n","protected":false},"author":2,"featured_media":113972,"comment_status":"open","ping_status":"open","sticky":false,"template":"","format":"standard","meta":{"_monsterinsights_skip_tracking":false,"_monsterinsights_sitenote_active":false,"_monsterinsights_sitenote_note":"","_monsterinsights_sitenote_category":0,"footnotes":""},"categories":[1],"tags":[],"class_list":["post-113971","post","type-post","status-publish","format-standard","has-post-thumbnail","hentry","category-sin-categoria"],"yoast_head":"<!-- This site is optimized with the Yoast SEO plugin v27.3 - https:\/\/yoast.com\/product\/yoast-seo-wordpress\/ -->\n<title>El Quehacer Pol\u00edtico Internacional a trav\u00e9s de la opini\u00f3n\/\/\/Carolina Alonso Romei\/\/\/El rey de Espa\u00f1a se ha dirigido a la ciudadan\u00eda desde el Sal\u00f3n de Columnas, decorado con un \u00e1rbol de Navidad, un bel\u00e9n y una imagen de afectados por la dana, militares y voluntarios recogiendo lodo en Paiporta -<\/title>\n<meta name=\"robots\" content=\"index, follow, max-snippet:-1, max-image-preview:large, max-video-preview:-1\" \/>\n<link rel=\"canonical\" href=\"https:\/\/quehacerpolitico.mx\/?p=113971\" \/>\n<meta property=\"og:locale\" content=\"es_MX\" \/>\n<meta property=\"og:type\" content=\"article\" \/>\n<meta property=\"og:title\" content=\"El Quehacer Pol\u00edtico Internacional a trav\u00e9s de la opini\u00f3n\/\/\/Carolina Alonso Romei\/\/\/El rey de Espa\u00f1a se ha dirigido a la ciudadan\u00eda desde el Sal\u00f3n de Columnas, decorado con un \u00e1rbol de Navidad, un bel\u00e9n y una imagen de afectados por la dana, militares y voluntarios recogiendo lodo en Paiporta -\" \/>\n<meta property=\"og:description\" content=\"Por Carolina Alonso Romei Internacionalista El\u00a0rey de Espa\u00f1a Felipe VI\u00a0ha llamado este martes la atenci\u00f3n...\" \/>\n<meta property=\"og:url\" content=\"https:\/\/quehacerpolitico.mx\/?p=113971\" \/>\n<meta property=\"article:published_time\" content=\"2024-12-26T00:31:08+00:00\" \/>\n<meta property=\"article:modified_time\" content=\"2024-12-26T00:31:11+00:00\" \/>\n<meta property=\"og:image\" content=\"https:\/\/quehacerpolitico.mx\/wp-content\/uploads\/2024\/12\/03fa6135-c3fe-44b7-8e96-c6ca323ffebb-4.jpeg\" \/>\n\t<meta property=\"og:image:width\" content=\"963\" \/>\n\t<meta property=\"og:image:height\" content=\"493\" \/>\n\t<meta property=\"og:image:type\" content=\"image\/jpeg\" \/>\n<meta name=\"author\" content=\"Redacci\u00f3n QP\" \/>\n<meta name=\"twitter:card\" content=\"summary_large_image\" \/>\n<meta name=\"twitter:label1\" content=\"Escrito por\" \/>\n\t<meta name=\"twitter:data1\" content=\"Redacci\u00f3n QP\" \/>\n\t<meta name=\"twitter:label2\" content=\"Tiempo de lectura\" \/>\n\t<meta name=\"twitter:data2\" content=\"4 minutos\" \/>\n<script type=\"application\/ld+json\" class=\"yoast-schema-graph\">{\"@context\":\"https:\\\/\\\/schema.org\",\"@graph\":[{\"@type\":\"Article\",\"@id\":\"https:\\\/\\\/quehacerpolitico.mx\\\/?p=113971#article\",\"isPartOf\":{\"@id\":\"https:\\\/\\\/quehacerpolitico.mx\\\/?p=113971\"},\"author\":{\"name\":\"Redacci\u00f3n QP\",\"@id\":\"https:\\\/\\\/quehacerpolitico.mx\\\/#\\\/schema\\\/person\\\/496d8ad2d1d3f8036101dca7ee39e585\"},\"headline\":\"El Quehacer Pol\u00edtico Internacional a trav\u00e9s de la opini\u00f3n\\\/\\\/\\\/Carolina Alonso Romei\\\/\\\/\\\/El rey de Espa\u00f1a se ha dirigido a la ciudadan\u00eda desde el Sal\u00f3n de Columnas, decorado con un \u00e1rbol de Navidad, un bel\u00e9n y una imagen de afectados por la dana, militares y voluntarios recogiendo lodo en Paiporta\",\"datePublished\":\"2024-12-26T00:31:08+00:00\",\"dateModified\":\"2024-12-26T00:31:11+00:00\",\"mainEntityOfPage\":{\"@id\":\"https:\\\/\\\/quehacerpolitico.mx\\\/?p=113971\"},\"wordCount\":936,\"commentCount\":0,\"image\":{\"@id\":\"https:\\\/\\\/quehacerpolitico.mx\\\/?p=113971#primaryimage\"},\"thumbnailUrl\":\"https:\\\/\\\/quehacerpolitico.mx\\\/wp-content\\\/uploads\\\/2024\\\/12\\\/03fa6135-c3fe-44b7-8e96-c6ca323ffebb-4.jpeg\",\"articleSection\":[\"Internacionales\"],\"inLanguage\":\"es\",\"potentialAction\":[{\"@type\":\"CommentAction\",\"name\":\"Comment\",\"target\":[\"https:\\\/\\\/quehacerpolitico.mx\\\/?p=113971#respond\"]}]},{\"@type\":\"WebPage\",\"@id\":\"https:\\\/\\\/quehacerpolitico.mx\\\/?p=113971\",\"url\":\"https:\\\/\\\/quehacerpolitico.mx\\\/?p=113971\",\"name\":\"El Quehacer Pol\u00edtico Internacional a trav\u00e9s de la opini\u00f3n\\\/\\\/\\\/Carolina Alonso Romei\\\/\\\/\\\/El rey de Espa\u00f1a se ha dirigido a la ciudadan\u00eda desde el Sal\u00f3n de Columnas, decorado con un \u00e1rbol de Navidad, un bel\u00e9n y una imagen de afectados por la dana, militares y voluntarios recogiendo lodo en Paiporta -\",\"isPartOf\":{\"@id\":\"https:\\\/\\\/quehacerpolitico.mx\\\/#website\"},\"primaryImageOfPage\":{\"@id\":\"https:\\\/\\\/quehacerpolitico.mx\\\/?p=113971#primaryimage\"},\"image\":{\"@id\":\"https:\\\/\\\/quehacerpolitico.mx\\\/?p=113971#primaryimage\"},\"thumbnailUrl\":\"https:\\\/\\\/quehacerpolitico.mx\\\/wp-content\\\/uploads\\\/2024\\\/12\\\/03fa6135-c3fe-44b7-8e96-c6ca323ffebb-4.jpeg\",\"datePublished\":\"2024-12-26T00:31:08+00:00\",\"dateModified\":\"2024-12-26T00:31:11+00:00\",\"author\":{\"@id\":\"https:\\\/\\\/quehacerpolitico.mx\\\/#\\\/schema\\\/person\\\/496d8ad2d1d3f8036101dca7ee39e585\"},\"breadcrumb\":{\"@id\":\"https:\\\/\\\/quehacerpolitico.mx\\\/?p=113971#breadcrumb\"},\"inLanguage\":\"es\",\"potentialAction\":[{\"@type\":\"ReadAction\",\"target\":[\"https:\\\/\\\/quehacerpolitico.mx\\\/?p=113971\"]}]},{\"@type\":\"ImageObject\",\"inLanguage\":\"es\",\"@id\":\"https:\\\/\\\/quehacerpolitico.mx\\\/?p=113971#primaryimage\",\"url\":\"https:\\\/\\\/quehacerpolitico.mx\\\/wp-content\\\/uploads\\\/2024\\\/12\\\/03fa6135-c3fe-44b7-8e96-c6ca323ffebb-4.jpeg\",\"contentUrl\":\"https:\\\/\\\/quehacerpolitico.mx\\\/wp-content\\\/uploads\\\/2024\\\/12\\\/03fa6135-c3fe-44b7-8e96-c6ca323ffebb-4.jpeg\",\"width\":963,\"height\":493},{\"@type\":\"BreadcrumbList\",\"@id\":\"https:\\\/\\\/quehacerpolitico.mx\\\/?p=113971#breadcrumb\",\"itemListElement\":[{\"@type\":\"ListItem\",\"position\":1,\"name\":\"Inicio\",\"item\":\"https:\\\/\\\/quehacerpolitico.mx\\\/\"},{\"@type\":\"ListItem\",\"position\":2,\"name\":\"El Quehacer Pol\u00edtico Internacional a trav\u00e9s de la opini\u00f3n\\\/\\\/\\\/Carolina Alonso Romei\\\/\\\/\\\/El rey de Espa\u00f1a se ha dirigido a la ciudadan\u00eda desde el Sal\u00f3n de Columnas, decorado con un \u00e1rbol de Navidad, un bel\u00e9n y una imagen de afectados por la dana, militares y voluntarios recogiendo lodo en Paiporta\"}]},{\"@type\":\"WebSite\",\"@id\":\"https:\\\/\\\/quehacerpolitico.mx\\\/#website\",\"url\":\"https:\\\/\\\/quehacerpolitico.mx\\\/\",\"name\":\"\",\"description\":\"\",\"potentialAction\":[{\"@type\":\"SearchAction\",\"target\":{\"@type\":\"EntryPoint\",\"urlTemplate\":\"https:\\\/\\\/quehacerpolitico.mx\\\/?s={search_term_string}\"},\"query-input\":{\"@type\":\"PropertyValueSpecification\",\"valueRequired\":true,\"valueName\":\"search_term_string\"}}],\"inLanguage\":\"es\"},{\"@type\":\"Person\",\"@id\":\"https:\\\/\\\/quehacerpolitico.mx\\\/#\\\/schema\\\/person\\\/496d8ad2d1d3f8036101dca7ee39e585\",\"name\":\"Redacci\u00f3n QP\",\"image\":{\"@type\":\"ImageObject\",\"inLanguage\":\"es\",\"@id\":\"https:\\\/\\\/secure.gravatar.com\\\/avatar\\\/c7164ed6fdec453195284ad24a5ae5b6e1eed2b848477fa2a4787ba9adf39a41?s=96&d=mm&r=g\",\"url\":\"https:\\\/\\\/secure.gravatar.com\\\/avatar\\\/c7164ed6fdec453195284ad24a5ae5b6e1eed2b848477fa2a4787ba9adf39a41?s=96&d=mm&r=g\",\"contentUrl\":\"https:\\\/\\\/secure.gravatar.com\\\/avatar\\\/c7164ed6fdec453195284ad24a5ae5b6e1eed2b848477fa2a4787ba9adf39a41?s=96&d=mm&r=g\",\"caption\":\"Redacci\u00f3n QP\"},\"url\":\"https:\\\/\\\/quehacerpolitico.mx\\\/?author=2\"}]}<\/script>\n<!-- \/ Yoast SEO plugin. -->","yoast_head_json":{"title":"El Quehacer Pol\u00edtico Internacional a trav\u00e9s de la opini\u00f3n\/\/\/Carolina Alonso Romei\/\/\/El rey de Espa\u00f1a se ha dirigido a la ciudadan\u00eda desde el Sal\u00f3n de Columnas, decorado con un \u00e1rbol de Navidad, un bel\u00e9n y una imagen de afectados por la dana, militares y voluntarios recogiendo lodo en Paiporta -","robots":{"index":"index","follow":"follow","max-snippet":"max-snippet:-1","max-image-preview":"max-image-preview:large","max-video-preview":"max-video-preview:-1"},"canonical":"https:\/\/quehacerpolitico.mx\/?p=113971","og_locale":"es_MX","og_type":"article","og_title":"El Quehacer Pol\u00edtico Internacional a trav\u00e9s de la opini\u00f3n\/\/\/Carolina Alonso Romei\/\/\/El rey de Espa\u00f1a se ha dirigido a la ciudadan\u00eda desde el Sal\u00f3n de Columnas, decorado con un \u00e1rbol de Navidad, un bel\u00e9n y una imagen de afectados por la dana, militares y voluntarios recogiendo lodo en Paiporta -","og_description":"Por Carolina Alonso Romei Internacionalista El\u00a0rey de Espa\u00f1a Felipe VI\u00a0ha llamado este martes la atenci\u00f3n...","og_url":"https:\/\/quehacerpolitico.mx\/?p=113971","article_published_time":"2024-12-26T00:31:08+00:00","article_modified_time":"2024-12-26T00:31:11+00:00","og_image":[{"width":963,"height":493,"url":"https:\/\/quehacerpolitico.mx\/wp-content\/uploads\/2024\/12\/03fa6135-c3fe-44b7-8e96-c6ca323ffebb-4.jpeg","type":"image\/jpeg"}],"author":"Redacci\u00f3n QP","twitter_card":"summary_large_image","twitter_misc":{"Escrito por":"Redacci\u00f3n QP","Tiempo de lectura":"4 minutos"},"schema":{"@context":"https:\/\/schema.org","@graph":[{"@type":"Article","@id":"https:\/\/quehacerpolitico.mx\/?p=113971#article","isPartOf":{"@id":"https:\/\/quehacerpolitico.mx\/?p=113971"},"author":{"name":"Redacci\u00f3n QP","@id":"https:\/\/quehacerpolitico.mx\/#\/schema\/person\/496d8ad2d1d3f8036101dca7ee39e585"},"headline":"El Quehacer Pol\u00edtico Internacional a trav\u00e9s de la opini\u00f3n\/\/\/Carolina Alonso Romei\/\/\/El rey de Espa\u00f1a se ha dirigido a la ciudadan\u00eda desde el Sal\u00f3n de Columnas, decorado con un \u00e1rbol de Navidad, un bel\u00e9n y una imagen de afectados por la dana, militares y voluntarios recogiendo lodo en Paiporta","datePublished":"2024-12-26T00:31:08+00:00","dateModified":"2024-12-26T00:31:11+00:00","mainEntityOfPage":{"@id":"https:\/\/quehacerpolitico.mx\/?p=113971"},"wordCount":936,"commentCount":0,"image":{"@id":"https:\/\/quehacerpolitico.mx\/?p=113971#primaryimage"},"thumbnailUrl":"https:\/\/quehacerpolitico.mx\/wp-content\/uploads\/2024\/12\/03fa6135-c3fe-44b7-8e96-c6ca323ffebb-4.jpeg","articleSection":["Internacionales"],"inLanguage":"es","potentialAction":[{"@type":"CommentAction","name":"Comment","target":["https:\/\/quehacerpolitico.mx\/?p=113971#respond"]}]},{"@type":"WebPage","@id":"https:\/\/quehacerpolitico.mx\/?p=113971","url":"https:\/\/quehacerpolitico.mx\/?p=113971","name":"El Quehacer Pol\u00edtico Internacional a trav\u00e9s de la opini\u00f3n\/\/\/Carolina Alonso Romei\/\/\/El rey de Espa\u00f1a se ha dirigido a la ciudadan\u00eda desde el Sal\u00f3n de Columnas, decorado con un \u00e1rbol de Navidad, un bel\u00e9n y una imagen de afectados por la dana, militares y voluntarios recogiendo lodo en Paiporta -","isPartOf":{"@id":"https:\/\/quehacerpolitico.mx\/#website"},"primaryImageOfPage":{"@id":"https:\/\/quehacerpolitico.mx\/?p=113971#primaryimage"},"image":{"@id":"https:\/\/quehacerpolitico.mx\/?p=113971#primaryimage"},"thumbnailUrl":"https:\/\/quehacerpolitico.mx\/wp-content\/uploads\/2024\/12\/03fa6135-c3fe-44b7-8e96-c6ca323ffebb-4.jpeg","datePublished":"2024-12-26T00:31:08+00:00","dateModified":"2024-12-26T00:31:11+00:00","author":{"@id":"https:\/\/quehacerpolitico.mx\/#\/schema\/person\/496d8ad2d1d3f8036101dca7ee39e585"},"breadcrumb":{"@id":"https:\/\/quehacerpolitico.mx\/?p=113971#breadcrumb"},"inLanguage":"es","potentialAction":[{"@type":"ReadAction","target":["https:\/\/quehacerpolitico.mx\/?p=113971"]}]},{"@type":"ImageObject","inLanguage":"es","@id":"https:\/\/quehacerpolitico.mx\/?p=113971#primaryimage","url":"https:\/\/quehacerpolitico.mx\/wp-content\/uploads\/2024\/12\/03fa6135-c3fe-44b7-8e96-c6ca323ffebb-4.jpeg","contentUrl":"https:\/\/quehacerpolitico.mx\/wp-content\/uploads\/2024\/12\/03fa6135-c3fe-44b7-8e96-c6ca323ffebb-4.jpeg","width":963,"height":493},{"@type":"BreadcrumbList","@id":"https:\/\/quehacerpolitico.mx\/?p=113971#breadcrumb","itemListElement":[{"@type":"ListItem","position":1,"name":"Inicio","item":"https:\/\/quehacerpolitico.mx\/"},{"@type":"ListItem","position":2,"name":"El Quehacer Pol\u00edtico Internacional a trav\u00e9s de la opini\u00f3n\/\/\/Carolina Alonso Romei\/\/\/El rey de Espa\u00f1a se ha dirigido a la ciudadan\u00eda desde el Sal\u00f3n de Columnas, decorado con un \u00e1rbol de Navidad, un bel\u00e9n y una imagen de afectados por la dana, militares y voluntarios recogiendo lodo en Paiporta"}]},{"@type":"WebSite","@id":"https:\/\/quehacerpolitico.mx\/#website","url":"https:\/\/quehacerpolitico.mx\/","name":"","description":"","potentialAction":[{"@type":"SearchAction","target":{"@type":"EntryPoint","urlTemplate":"https:\/\/quehacerpolitico.mx\/?s={search_term_string}"},"query-input":{"@type":"PropertyValueSpecification","valueRequired":true,"valueName":"search_term_string"}}],"inLanguage":"es"},{"@type":"Person","@id":"https:\/\/quehacerpolitico.mx\/#\/schema\/person\/496d8ad2d1d3f8036101dca7ee39e585","name":"Redacci\u00f3n QP","image":{"@type":"ImageObject","inLanguage":"es","@id":"https:\/\/secure.gravatar.com\/avatar\/c7164ed6fdec453195284ad24a5ae5b6e1eed2b848477fa2a4787ba9adf39a41?s=96&d=mm&r=g","url":"https:\/\/secure.gravatar.com\/avatar\/c7164ed6fdec453195284ad24a5ae5b6e1eed2b848477fa2a4787ba9adf39a41?s=96&d=mm&r=g","contentUrl":"https:\/\/secure.gravatar.com\/avatar\/c7164ed6fdec453195284ad24a5ae5b6e1eed2b848477fa2a4787ba9adf39a41?s=96&d=mm&r=g","caption":"Redacci\u00f3n QP"},"url":"https:\/\/quehacerpolitico.mx\/?author=2"}]}},"featured_image_urls":{"full":["https:\/\/quehacerpolitico.mx\/wp-content\/uploads\/2024\/12\/03fa6135-c3fe-44b7-8e96-c6ca323ffebb-4.jpeg",963,493,false],"thumbnail":["https:\/\/quehacerpolitico.mx\/wp-content\/uploads\/2024\/12\/03fa6135-c3fe-44b7-8e96-c6ca323ffebb-4-150x150.jpeg",150,150,true],"medium":["https:\/\/quehacerpolitico.mx\/wp-content\/uploads\/2024\/12\/03fa6135-c3fe-44b7-8e96-c6ca323ffebb-4-300x154.jpeg",300,154,true],"medium_large":["https:\/\/quehacerpolitico.mx\/wp-content\/uploads\/2024\/12\/03fa6135-c3fe-44b7-8e96-c6ca323ffebb-4-768x393.jpeg",640,328,true],"large":["https:\/\/quehacerpolitico.mx\/wp-content\/uploads\/2024\/12\/03fa6135-c3fe-44b7-8e96-c6ca323ffebb-4.jpeg",640,328,false],"1536x1536":["https:\/\/quehacerpolitico.mx\/wp-content\/uploads\/2024\/12\/03fa6135-c3fe-44b7-8e96-c6ca323ffebb-4.jpeg",963,493,false],"2048x2048":["https:\/\/quehacerpolitico.mx\/wp-content\/uploads\/2024\/12\/03fa6135-c3fe-44b7-8e96-c6ca323ffebb-4.jpeg",963,493,false],"covernews-featured":["https:\/\/quehacerpolitico.mx\/wp-content\/uploads\/2024\/12\/03fa6135-c3fe-44b7-8e96-c6ca323ffebb-4.jpeg",963,493,false],"covernews-medium":["https:\/\/quehacerpolitico.mx\/wp-content\/uploads\/2024\/12\/03fa6135-c3fe-44b7-8e96-c6ca323ffebb-4-540x340.jpeg",540,340,true]},"author_info":{"display_name":"Redacci\u00f3n QP","author_link":"https:\/\/quehacerpolitico.mx\/?author=2"},"category_info":"<a href=\"https:\/\/quehacerpolitico.mx\/?cat=1\" rel=\"category\">Internacionales<\/a>","tag_info":"Internacionales","comment_count":"0","_links":{"self":[{"href":"https:\/\/quehacerpolitico.mx\/index.php?rest_route=\/wp\/v2\/posts\/113971","targetHints":{"allow":["GET"]}}],"collection":[{"href":"https:\/\/quehacerpolitico.mx\/index.php?rest_route=\/wp\/v2\/posts"}],"about":[{"href":"https:\/\/quehacerpolitico.mx\/index.php?rest_route=\/wp\/v2\/types\/post"}],"author":[{"embeddable":true,"href":"https:\/\/quehacerpolitico.mx\/index.php?rest_route=\/wp\/v2\/users\/2"}],"replies":[{"embeddable":true,"href":"https:\/\/quehacerpolitico.mx\/index.php?rest_route=%2Fwp%2Fv2%2Fcomments&post=113971"}],"version-history":[{"count":1,"href":"https:\/\/quehacerpolitico.mx\/index.php?rest_route=\/wp\/v2\/posts\/113971\/revisions"}],"predecessor-version":[{"id":113973,"href":"https:\/\/quehacerpolitico.mx\/index.php?rest_route=\/wp\/v2\/posts\/113971\/revisions\/113973"}],"wp:featuredmedia":[{"embeddable":true,"href":"https:\/\/quehacerpolitico.mx\/index.php?rest_route=\/wp\/v2\/media\/113972"}],"wp:attachment":[{"href":"https:\/\/quehacerpolitico.mx\/index.php?rest_route=%2Fwp%2Fv2%2Fmedia&parent=113971"}],"wp:term":[{"taxonomy":"category","embeddable":true,"href":"https:\/\/quehacerpolitico.mx\/index.php?rest_route=%2Fwp%2Fv2%2Fcategories&post=113971"},{"taxonomy":"post_tag","embeddable":true,"href":"https:\/\/quehacerpolitico.mx\/index.php?rest_route=%2Fwp%2Fv2%2Ftags&post=113971"}],"curies":[{"name":"wp","href":"https:\/\/api.w.org\/{rel}","templated":true}]}}