{"id":113919,"date":"2024-12-20T13:37:50","date_gmt":"2024-12-20T19:37:50","guid":{"rendered":"https:\/\/quehacerpolitico.mx\/?p=113919"},"modified":"2024-12-20T13:37:54","modified_gmt":"2024-12-20T19:37:54","slug":"la-presidenta-claudia-sheinbaum-descarto-una-vez-mas-una-reforma-fiscal","status":"publish","type":"post","link":"https:\/\/quehacerpolitico.mx\/?p=113919","title":{"rendered":"La presidenta\u00a0Claudia Sheinbaum\u00a0descart\u00f3 una vez m\u00e1s una\u00a0reforma fiscal"},"content":{"rendered":"\n<p>Por Redacci\u00f3n QP<\/p>\n\n\n\n<p>La mandataria dijo que este a\u00f1o\u00a0ingresaron a la tesorer\u00eda m\u00e1s de 400 mil millones de pesos respecto al 2023 &#8220;y no hubo reforma fiscal&#8221;<\/p>\n\n\n\n<p>La presidenta&nbsp;<strong>Claudia Sheinbaum&nbsp;<\/strong>descart\u00f3 una vez m\u00e1s una&nbsp;<strong>reforma fiscal<\/strong>, pues consider\u00f3 que hay formas de recaudar m\u00e1s ingresos&nbsp;<strong>sin aumentar los impuestos&nbsp;<\/strong>y destac\u00f3 la ratificaci\u00f3n de la calificaci\u00f3n crediticia y la perspectiva de crecimiento de&nbsp;<strong>Standard &amp; Poor&#8217;s<\/strong>.<\/p>\n\n\n\n<p>En su conferencia matutina, dijo que este a\u00f1o&nbsp;ingresaron a la tesorer\u00eda&nbsp;<strong>m\u00e1s de 400 mil millones de pesos respecto al 2023&nbsp;<\/strong>&#8220;y no hubo reforma fiscal&#8221;, por lo que se seguir\u00e1&nbsp;trabajando &#8220;para que&nbsp;<strong>se paguen los impuestos que se tengan que pagar&nbsp;<\/strong>y erradicar cualquier corrupci\u00f3n y&nbsp;privilegios&#8221;.<\/p>\n\n\n\n<p>La mandataria dijo que &#8220;todav\u00eda hay muchas \u00e1reas de oportunidad, vamos a ponerlo as\u00ed, de mayores ingresos&#8221;, e insisti\u00f3 en que antes de pensar en una&nbsp;reforma fiscal, se impulsar\u00e1 la denominada&nbsp;<strong>econom\u00eda moral<\/strong>, que implica&nbsp;erradicar la corrupci\u00f3n, entonces vamos a seguir trabajando en ello, el presidente L\u00f3pez Obrador avanz\u00f3 much\u00edsimo, pero todav\u00eda&nbsp;<strong>vamos a avanzar m\u00e1s<\/strong>&#8220;.<\/p>\n\n\n\n<p>En las \u00faltimas semanas, se ha presentado un desacuerdo p\u00fablico respecto a la postura de la presidenta por parte del coordinador de Morena en la C\u00e1mara de Diputados,&nbsp;<strong>Ricardo Monreal<\/strong>, quien el 1 de diciembre volvi\u00f3 a insistir en la necesidad de una reforma fiscal.<\/p>\n\n\n\n<p>En un documento que difundi\u00f3 ese d\u00eda, se\u00f1al\u00f3 que el gobierno federal&nbsp;prev\u00e9 un incremento en la recaudaci\u00f3n de impuestos, sin embargo, dijo que la evasi\u00f3n fiscal &#8220;<strong>sigue siendo un problema significativo a pesar de los esfuerzos&nbsp;por combatirla<\/strong>&#8220;.<\/p>\n\n\n\n<p>&#8220;<strong>Se necesitan medidas m\u00e1s contundentes para ampliar la base tributaria<\/strong>, porque el Paquete Econ\u00f3mico prioriza la inversi\u00f3n en programas sociales, sin embargo, es preciso preguntarse si los recursos asignados ser\u00e1n suficientes para cubrir todas las necesidades del pa\u00eds&#8221;, destac\u00f3 en esa ocasi\u00f3n.<\/p>\n\n\n\n<p>En su conferencia de hoy, la presidenta defendi\u00f3 su&nbsp;<strong>negativa a una reforma fiscal<\/strong>: dijo que en art\u00edculo 19 constitucional ya se estableci\u00f3 la&nbsp;<strong>prisi\u00f3n preventiva oficiosa&nbsp;<\/strong>para las factureras y&nbsp;que &#8220;hay que entrar al tema de las aduanas, que lo hemos platicado aqu\u00ed varias veces, y la propia simplificaci\u00f3n en el pago de impuestos, que beneficia a todos y tambi\u00e9n da m\u00e1s ingresos&#8221;.<\/p>\n\n\n\n<p>Record\u00f3 que<strong>&nbsp;ya es constitucional que no se puedan condonar impuestos<\/strong>. &#8220;Lo que hay son esquemas que permiten que haya programas de pago,&nbsp;que pueda haber disminuci\u00f3n de los intereses y otros esquemas a partir de acuerdos legales que tiene el servicio de administraci\u00f3n tributaria digital&#8221;.<\/p>\n","protected":false},"excerpt":{"rendered":"<p>Por Redacci\u00f3n QP La mandataria dijo que este a\u00f1o\u00a0ingresaron a la tesorer\u00eda m\u00e1s de 400&#8230;<\/p>\n","protected":false},"author":2,"featured_media":113920,"comment_status":"open","ping_status":"open","sticky":false,"template":"","format":"standard","meta":{"_monsterinsights_skip_tracking":false,"_monsterinsights_sitenote_active":false,"_monsterinsights_sitenote_note":"","_monsterinsights_sitenote_category":0,"footnotes":""},"categories":[56],"tags":[],"class_list":["post-113919","post","type-post","status-publish","format-standard","has-post-thumbnail","hentry","category-economia"],"yoast_head":"<!-- This site is optimized with the Yoast SEO plugin v27.3 - https:\/\/yoast.com\/product\/yoast-seo-wordpress\/ -->\n<title>La presidenta\u00a0Claudia Sheinbaum\u00a0descart\u00f3 una vez m\u00e1s una\u00a0reforma fiscal -<\/title>\n<meta name=\"robots\" content=\"index, follow, max-snippet:-1, max-image-preview:large, max-video-preview:-1\" \/>\n<link rel=\"canonical\" href=\"https:\/\/quehacerpolitico.mx\/?p=113919\" \/>\n<meta property=\"og:locale\" content=\"es_MX\" \/>\n<meta property=\"og:type\" content=\"article\" \/>\n<meta property=\"og:title\" content=\"La presidenta\u00a0Claudia Sheinbaum\u00a0descart\u00f3 una vez m\u00e1s una\u00a0reforma fiscal -\" \/>\n<meta property=\"og:description\" content=\"Por Redacci\u00f3n QP La mandataria dijo que este a\u00f1o\u00a0ingresaron a la tesorer\u00eda m\u00e1s de 400...\" \/>\n<meta property=\"og:url\" content=\"https:\/\/quehacerpolitico.mx\/?p=113919\" \/>\n<meta property=\"article:published_time\" content=\"2024-12-20T19:37:50+00:00\" \/>\n<meta property=\"article:modified_time\" content=\"2024-12-20T19:37:54+00:00\" \/>\n<meta property=\"og:image\" content=\"https:\/\/quehacerpolitico.mx\/wp-content\/uploads\/2024\/12\/IMG_9705.jpeg\" \/>\n\t<meta property=\"og:image:width\" content=\"1284\" \/>\n\t<meta property=\"og:image:height\" content=\"709\" \/>\n\t<meta property=\"og:image:type\" content=\"image\/jpeg\" \/>\n<meta name=\"author\" content=\"Redacci\u00f3n QP\" \/>\n<meta name=\"twitter:card\" content=\"summary_large_image\" \/>\n<meta name=\"twitter:label1\" content=\"Escrito por\" \/>\n\t<meta name=\"twitter:data1\" content=\"Redacci\u00f3n QP\" \/>\n\t<meta name=\"twitter:label2\" content=\"Tiempo de lectura\" \/>\n\t<meta name=\"twitter:data2\" content=\"2 minutos\" \/>\n<script type=\"application\/ld+json\" class=\"yoast-schema-graph\">{\"@context\":\"https:\\\/\\\/schema.org\",\"@graph\":[{\"@type\":\"Article\",\"@id\":\"https:\\\/\\\/quehacerpolitico.mx\\\/?p=113919#article\",\"isPartOf\":{\"@id\":\"https:\\\/\\\/quehacerpolitico.mx\\\/?p=113919\"},\"author\":{\"name\":\"Redacci\u00f3n QP\",\"@id\":\"https:\\\/\\\/quehacerpolitico.mx\\\/#\\\/schema\\\/person\\\/496d8ad2d1d3f8036101dca7ee39e585\"},\"headline\":\"La presidenta\u00a0Claudia Sheinbaum\u00a0descart\u00f3 una vez m\u00e1s una\u00a0reforma fiscal\",\"datePublished\":\"2024-12-20T19:37:50+00:00\",\"dateModified\":\"2024-12-20T19:37:54+00:00\",\"mainEntityOfPage\":{\"@id\":\"https:\\\/\\\/quehacerpolitico.mx\\\/?p=113919\"},\"wordCount\":485,\"commentCount\":0,\"image\":{\"@id\":\"https:\\\/\\\/quehacerpolitico.mx\\\/?p=113919#primaryimage\"},\"thumbnailUrl\":\"https:\\\/\\\/quehacerpolitico.mx\\\/wp-content\\\/uploads\\\/2024\\\/12\\\/IMG_9705.jpeg\",\"articleSection\":[\"Econom\u00eda\"],\"inLanguage\":\"es\",\"potentialAction\":[{\"@type\":\"CommentAction\",\"name\":\"Comment\",\"target\":[\"https:\\\/\\\/quehacerpolitico.mx\\\/?p=113919#respond\"]}]},{\"@type\":\"WebPage\",\"@id\":\"https:\\\/\\\/quehacerpolitico.mx\\\/?p=113919\",\"url\":\"https:\\\/\\\/quehacerpolitico.mx\\\/?p=113919\",\"name\":\"La presidenta\u00a0Claudia Sheinbaum\u00a0descart\u00f3 una vez m\u00e1s una\u00a0reforma fiscal -\",\"isPartOf\":{\"@id\":\"https:\\\/\\\/quehacerpolitico.mx\\\/#website\"},\"primaryImageOfPage\":{\"@id\":\"https:\\\/\\\/quehacerpolitico.mx\\\/?p=113919#primaryimage\"},\"image\":{\"@id\":\"https:\\\/\\\/quehacerpolitico.mx\\\/?p=113919#primaryimage\"},\"thumbnailUrl\":\"https:\\\/\\\/quehacerpolitico.mx\\\/wp-content\\\/uploads\\\/2024\\\/12\\\/IMG_9705.jpeg\",\"datePublished\":\"2024-12-20T19:37:50+00:00\",\"dateModified\":\"2024-12-20T19:37:54+00:00\",\"author\":{\"@id\":\"https:\\\/\\\/quehacerpolitico.mx\\\/#\\\/schema\\\/person\\\/496d8ad2d1d3f8036101dca7ee39e585\"},\"breadcrumb\":{\"@id\":\"https:\\\/\\\/quehacerpolitico.mx\\\/?p=113919#breadcrumb\"},\"inLanguage\":\"es\",\"potentialAction\":[{\"@type\":\"ReadAction\",\"target\":[\"https:\\\/\\\/quehacerpolitico.mx\\\/?p=113919\"]}]},{\"@type\":\"ImageObject\",\"inLanguage\":\"es\",\"@id\":\"https:\\\/\\\/quehacerpolitico.mx\\\/?p=113919#primaryimage\",\"url\":\"https:\\\/\\\/quehacerpolitico.mx\\\/wp-content\\\/uploads\\\/2024\\\/12\\\/IMG_9705.jpeg\",\"contentUrl\":\"https:\\\/\\\/quehacerpolitico.mx\\\/wp-content\\\/uploads\\\/2024\\\/12\\\/IMG_9705.jpeg\",\"width\":1284,\"height\":709,\"caption\":\"Screenshot\"},{\"@type\":\"BreadcrumbList\",\"@id\":\"https:\\\/\\\/quehacerpolitico.mx\\\/?p=113919#breadcrumb\",\"itemListElement\":[{\"@type\":\"ListItem\",\"position\":1,\"name\":\"Inicio\",\"item\":\"https:\\\/\\\/quehacerpolitico.mx\\\/\"},{\"@type\":\"ListItem\",\"position\":2,\"name\":\"La presidenta\u00a0Claudia Sheinbaum\u00a0descart\u00f3 una vez m\u00e1s una\u00a0reforma fiscal\"}]},{\"@type\":\"WebSite\",\"@id\":\"https:\\\/\\\/quehacerpolitico.mx\\\/#website\",\"url\":\"https:\\\/\\\/quehacerpolitico.mx\\\/\",\"name\":\"\",\"description\":\"\",\"potentialAction\":[{\"@type\":\"SearchAction\",\"target\":{\"@type\":\"EntryPoint\",\"urlTemplate\":\"https:\\\/\\\/quehacerpolitico.mx\\\/?s={search_term_string}\"},\"query-input\":{\"@type\":\"PropertyValueSpecification\",\"valueRequired\":true,\"valueName\":\"search_term_string\"}}],\"inLanguage\":\"es\"},{\"@type\":\"Person\",\"@id\":\"https:\\\/\\\/quehacerpolitico.mx\\\/#\\\/schema\\\/person\\\/496d8ad2d1d3f8036101dca7ee39e585\",\"name\":\"Redacci\u00f3n QP\",\"image\":{\"@type\":\"ImageObject\",\"inLanguage\":\"es\",\"@id\":\"https:\\\/\\\/secure.gravatar.com\\\/avatar\\\/c7164ed6fdec453195284ad24a5ae5b6e1eed2b848477fa2a4787ba9adf39a41?s=96&d=mm&r=g\",\"url\":\"https:\\\/\\\/secure.gravatar.com\\\/avatar\\\/c7164ed6fdec453195284ad24a5ae5b6e1eed2b848477fa2a4787ba9adf39a41?s=96&d=mm&r=g\",\"contentUrl\":\"https:\\\/\\\/secure.gravatar.com\\\/avatar\\\/c7164ed6fdec453195284ad24a5ae5b6e1eed2b848477fa2a4787ba9adf39a41?s=96&d=mm&r=g\",\"caption\":\"Redacci\u00f3n QP\"},\"url\":\"https:\\\/\\\/quehacerpolitico.mx\\\/?author=2\"}]}<\/script>\n<!-- \/ Yoast SEO plugin. -->","yoast_head_json":{"title":"La presidenta\u00a0Claudia Sheinbaum\u00a0descart\u00f3 una vez m\u00e1s una\u00a0reforma fiscal -","robots":{"index":"index","follow":"follow","max-snippet":"max-snippet:-1","max-image-preview":"max-image-preview:large","max-video-preview":"max-video-preview:-1"},"canonical":"https:\/\/quehacerpolitico.mx\/?p=113919","og_locale":"es_MX","og_type":"article","og_title":"La presidenta\u00a0Claudia Sheinbaum\u00a0descart\u00f3 una vez m\u00e1s una\u00a0reforma fiscal -","og_description":"Por Redacci\u00f3n QP La mandataria dijo que este a\u00f1o\u00a0ingresaron a la tesorer\u00eda m\u00e1s de 400...","og_url":"https:\/\/quehacerpolitico.mx\/?p=113919","article_published_time":"2024-12-20T19:37:50+00:00","article_modified_time":"2024-12-20T19:37:54+00:00","og_image":[{"width":1284,"height":709,"url":"https:\/\/quehacerpolitico.mx\/wp-content\/uploads\/2024\/12\/IMG_9705.jpeg","type":"image\/jpeg"}],"author":"Redacci\u00f3n QP","twitter_card":"summary_large_image","twitter_misc":{"Escrito por":"Redacci\u00f3n QP","Tiempo de lectura":"2 minutos"},"schema":{"@context":"https:\/\/schema.org","@graph":[{"@type":"Article","@id":"https:\/\/quehacerpolitico.mx\/?p=113919#article","isPartOf":{"@id":"https:\/\/quehacerpolitico.mx\/?p=113919"},"author":{"name":"Redacci\u00f3n QP","@id":"https:\/\/quehacerpolitico.mx\/#\/schema\/person\/496d8ad2d1d3f8036101dca7ee39e585"},"headline":"La presidenta\u00a0Claudia Sheinbaum\u00a0descart\u00f3 una vez m\u00e1s una\u00a0reforma fiscal","datePublished":"2024-12-20T19:37:50+00:00","dateModified":"2024-12-20T19:37:54+00:00","mainEntityOfPage":{"@id":"https:\/\/quehacerpolitico.mx\/?p=113919"},"wordCount":485,"commentCount":0,"image":{"@id":"https:\/\/quehacerpolitico.mx\/?p=113919#primaryimage"},"thumbnailUrl":"https:\/\/quehacerpolitico.mx\/wp-content\/uploads\/2024\/12\/IMG_9705.jpeg","articleSection":["Econom\u00eda"],"inLanguage":"es","potentialAction":[{"@type":"CommentAction","name":"Comment","target":["https:\/\/quehacerpolitico.mx\/?p=113919#respond"]}]},{"@type":"WebPage","@id":"https:\/\/quehacerpolitico.mx\/?p=113919","url":"https:\/\/quehacerpolitico.mx\/?p=113919","name":"La presidenta\u00a0Claudia Sheinbaum\u00a0descart\u00f3 una vez m\u00e1s una\u00a0reforma fiscal -","isPartOf":{"@id":"https:\/\/quehacerpolitico.mx\/#website"},"primaryImageOfPage":{"@id":"https:\/\/quehacerpolitico.mx\/?p=113919#primaryimage"},"image":{"@id":"https:\/\/quehacerpolitico.mx\/?p=113919#primaryimage"},"thumbnailUrl":"https:\/\/quehacerpolitico.mx\/wp-content\/uploads\/2024\/12\/IMG_9705.jpeg","datePublished":"2024-12-20T19:37:50+00:00","dateModified":"2024-12-20T19:37:54+00:00","author":{"@id":"https:\/\/quehacerpolitico.mx\/#\/schema\/person\/496d8ad2d1d3f8036101dca7ee39e585"},"breadcrumb":{"@id":"https:\/\/quehacerpolitico.mx\/?p=113919#breadcrumb"},"inLanguage":"es","potentialAction":[{"@type":"ReadAction","target":["https:\/\/quehacerpolitico.mx\/?p=113919"]}]},{"@type":"ImageObject","inLanguage":"es","@id":"https:\/\/quehacerpolitico.mx\/?p=113919#primaryimage","url":"https:\/\/quehacerpolitico.mx\/wp-content\/uploads\/2024\/12\/IMG_9705.jpeg","contentUrl":"https:\/\/quehacerpolitico.mx\/wp-content\/uploads\/2024\/12\/IMG_9705.jpeg","width":1284,"height":709,"caption":"Screenshot"},{"@type":"BreadcrumbList","@id":"https:\/\/quehacerpolitico.mx\/?p=113919#breadcrumb","itemListElement":[{"@type":"ListItem","position":1,"name":"Inicio","item":"https:\/\/quehacerpolitico.mx\/"},{"@type":"ListItem","position":2,"name":"La presidenta\u00a0Claudia Sheinbaum\u00a0descart\u00f3 una vez m\u00e1s una\u00a0reforma fiscal"}]},{"@type":"WebSite","@id":"https:\/\/quehacerpolitico.mx\/#website","url":"https:\/\/quehacerpolitico.mx\/","name":"","description":"","potentialAction":[{"@type":"SearchAction","target":{"@type":"EntryPoint","urlTemplate":"https:\/\/quehacerpolitico.mx\/?s={search_term_string}"},"query-input":{"@type":"PropertyValueSpecification","valueRequired":true,"valueName":"search_term_string"}}],"inLanguage":"es"},{"@type":"Person","@id":"https:\/\/quehacerpolitico.mx\/#\/schema\/person\/496d8ad2d1d3f8036101dca7ee39e585","name":"Redacci\u00f3n QP","image":{"@type":"ImageObject","inLanguage":"es","@id":"https:\/\/secure.gravatar.com\/avatar\/c7164ed6fdec453195284ad24a5ae5b6e1eed2b848477fa2a4787ba9adf39a41?s=96&d=mm&r=g","url":"https:\/\/secure.gravatar.com\/avatar\/c7164ed6fdec453195284ad24a5ae5b6e1eed2b848477fa2a4787ba9adf39a41?s=96&d=mm&r=g","contentUrl":"https:\/\/secure.gravatar.com\/avatar\/c7164ed6fdec453195284ad24a5ae5b6e1eed2b848477fa2a4787ba9adf39a41?s=96&d=mm&r=g","caption":"Redacci\u00f3n QP"},"url":"https:\/\/quehacerpolitico.mx\/?author=2"}]}},"featured_image_urls":{"full":["https:\/\/quehacerpolitico.mx\/wp-content\/uploads\/2024\/12\/IMG_9705.jpeg",1284,709,false],"thumbnail":["https:\/\/quehacerpolitico.mx\/wp-content\/uploads\/2024\/12\/IMG_9705-150x150.jpeg",150,150,true],"medium":["https:\/\/quehacerpolitico.mx\/wp-content\/uploads\/2024\/12\/IMG_9705-300x166.jpeg",300,166,true],"medium_large":["https:\/\/quehacerpolitico.mx\/wp-content\/uploads\/2024\/12\/IMG_9705-768x424.jpeg",640,353,true],"large":["https:\/\/quehacerpolitico.mx\/wp-content\/uploads\/2024\/12\/IMG_9705-1024x565.jpeg",640,353,true],"1536x1536":["https:\/\/quehacerpolitico.mx\/wp-content\/uploads\/2024\/12\/IMG_9705.jpeg",1284,709,false],"2048x2048":["https:\/\/quehacerpolitico.mx\/wp-content\/uploads\/2024\/12\/IMG_9705.jpeg",1284,709,false],"covernews-featured":["https:\/\/quehacerpolitico.mx\/wp-content\/uploads\/2024\/12\/IMG_9705-1024x565.jpeg",1024,565,true],"covernews-medium":["https:\/\/quehacerpolitico.mx\/wp-content\/uploads\/2024\/12\/IMG_9705-540x340.jpeg",540,340,true]},"author_info":{"display_name":"Redacci\u00f3n QP","author_link":"https:\/\/quehacerpolitico.mx\/?author=2"},"category_info":"<a href=\"https:\/\/quehacerpolitico.mx\/?cat=56\" rel=\"category\">Econom\u00eda<\/a>","tag_info":"Econom\u00eda","comment_count":"0","_links":{"self":[{"href":"https:\/\/quehacerpolitico.mx\/index.php?rest_route=\/wp\/v2\/posts\/113919","targetHints":{"allow":["GET"]}}],"collection":[{"href":"https:\/\/quehacerpolitico.mx\/index.php?rest_route=\/wp\/v2\/posts"}],"about":[{"href":"https:\/\/quehacerpolitico.mx\/index.php?rest_route=\/wp\/v2\/types\/post"}],"author":[{"embeddable":true,"href":"https:\/\/quehacerpolitico.mx\/index.php?rest_route=\/wp\/v2\/users\/2"}],"replies":[{"embeddable":true,"href":"https:\/\/quehacerpolitico.mx\/index.php?rest_route=%2Fwp%2Fv2%2Fcomments&post=113919"}],"version-history":[{"count":1,"href":"https:\/\/quehacerpolitico.mx\/index.php?rest_route=\/wp\/v2\/posts\/113919\/revisions"}],"predecessor-version":[{"id":113921,"href":"https:\/\/quehacerpolitico.mx\/index.php?rest_route=\/wp\/v2\/posts\/113919\/revisions\/113921"}],"wp:featuredmedia":[{"embeddable":true,"href":"https:\/\/quehacerpolitico.mx\/index.php?rest_route=\/wp\/v2\/media\/113920"}],"wp:attachment":[{"href":"https:\/\/quehacerpolitico.mx\/index.php?rest_route=%2Fwp%2Fv2%2Fmedia&parent=113919"}],"wp:term":[{"taxonomy":"category","embeddable":true,"href":"https:\/\/quehacerpolitico.mx\/index.php?rest_route=%2Fwp%2Fv2%2Fcategories&post=113919"},{"taxonomy":"post_tag","embeddable":true,"href":"https:\/\/quehacerpolitico.mx\/index.php?rest_route=%2Fwp%2Fv2%2Ftags&post=113919"}],"curies":[{"name":"wp","href":"https:\/\/api.w.org\/{rel}","templated":true}]}}