{"id":113881,"date":"2024-12-16T15:19:28","date_gmt":"2024-12-16T21:19:28","guid":{"rendered":"https:\/\/quehacerpolitico.mx\/?p=113881"},"modified":"2024-12-16T15:19:30","modified_gmt":"2024-12-16T21:19:30","slug":"la-presidenta-claudia-sheinbaum-firmo-los-decretos-de-las-leyes-en-materia-de-igualdad-sustantivo-que-fortalecen-los-derechos-de-las-mujeres","status":"publish","type":"post","link":"https:\/\/quehacerpolitico.mx\/?p=113881","title":{"rendered":"La presidenta Claudia Sheinbaum firm\u00f3 los decretos de las leyes en materia de igualdad sustantivo que fortalecen los derechos de las mujeres"},"content":{"rendered":"\n<p>Por Redacci\u00f3n QP<\/p>\n\n\n\n<p>Las reformas cuentan con cuatro ejes que son igualdad sustantiva, perspectiva de g\u00e9nero, derecho de las mujeres a una vida libre de violencia y erradicar la brecha salarial por razones de g\u00e9nero<\/p>\n\n\n\n<p>La presidenta&nbsp;<strong>Claudia Sheinbaum&nbsp;<\/strong>firm\u00f3 los decretos aprobados por el&nbsp;<strong>Congreso Federal<\/strong>&nbsp;que reforman siete leyes secundarias en&nbsp;<strong>beneficio de las mujeres,<\/strong>&nbsp;a fin de que aparezcan en el Diario Oficial de la Federaci\u00f3n (<strong>DOF<\/strong>).<\/p>\n\n\n\n<p>Son modificaciones a la Ley General para la Igualdad entre Hombres y Mujeres, la Ley General de&nbsp;<strong>Acceso de las Mujeres a una Vida Libre de Violencia<\/strong>, el C\u00f3digo Nacional de Procedimientos Civiles y Familiares, el C\u00f3digo Nacional de Procedimientos Penales, la Ley General del Sistema Nacional de Seguridad P\u00fablica, la Ley Federal del Trabajo y la Ley de los Trabajadores al Servicio del Estado.<\/p>\n\n\n\n<figure class=\"wp-block-embed is-type-rich is-provider-twitter wp-block-embed-twitter\"><div class=\"wp-block-embed__wrapper\">\n<blockquote class=\"twitter-tweet\" data-width=\"550\" data-dnt=\"true\"><p lang=\"es\" dir=\"ltr\">La presidenta <a href=\"https:\/\/twitter.com\/Claudiashein?ref_src=twsrc%5Etfw\">@Claudiashein<\/a> firma el decreto para publicar en el DOF la reforma a las Leyes secundarias en materia de g\u00e9nero. <a href=\"https:\/\/t.co\/j0PxZ6Z6Uh\">pic.twitter.com\/j0PxZ6Z6Uh<\/a><\/p>&mdash; Ruido en la Red (@RuidoEnLaRed) <a href=\"https:\/\/twitter.com\/RuidoEnLaRed\/status\/1868661517245432293?ref_src=twsrc%5Etfw\">December 16, 2024<\/a><\/blockquote><script async src=\"https:\/\/platform.twitter.com\/widgets.js\" charset=\"utf-8\"><\/script>\n<\/div><\/figure>\n\n\n\n<p>\u201cSon cuatro ejes muy importantes que estas leyes secundarias&nbsp;<strong>protegen y fortalecen a las ni\u00f1as y los ni\u00f1os y a las mujeres<\/strong>&nbsp;en nuestro pa\u00eds, fortalecen sus derechos. Hoy las&nbsp;<strong>mujeres en M\u00e9xico<\/strong>&nbsp;tienen un&nbsp;<strong>marco jur\u00eddico&nbsp;<\/strong>que la respalda<strong>&nbsp;<\/strong>y ahora, pues nos toca que todo esto sea una realidad en M\u00e9xico y que en los estados se adhieran a estas grandes reformas de<strong>&nbsp;protecci\u00f3n a las mujeres<\/strong>\u201d,<br>convoc\u00f3.<\/p>\n\n\n\n<figure class=\"wp-block-embed is-type-rich is-provider-twitter wp-block-embed-twitter\"><div class=\"wp-block-embed__wrapper\">\n<blockquote class=\"twitter-tweet\" data-width=\"550\" data-dnt=\"true\"><p lang=\"es\" dir=\"ltr\">La presidenta Claudia Sheinbaum firm\u00f3 los decretos de las leyes en materia de igualdad sustantivo que fortalecen los derechos de las mujeres. Afirm\u00f3 que con estas reformas se protege a las mujeres contra cualquier tipo de \u201cviolencias\u201d. <a href=\"https:\/\/t.co\/L4pnGLqQik\">pic.twitter.com\/L4pnGLqQik<\/a><\/p>&mdash; Azucena Uresti (@azucenau) <a href=\"https:\/\/twitter.com\/azucenau\/status\/1868665345822834774?ref_src=twsrc%5Etfw\">December 16, 2024<\/a><\/blockquote><script async src=\"https:\/\/platform.twitter.com\/widgets.js\" charset=\"utf-8\"><\/script>\n<\/div><\/figure>\n\n\n\n<p>La mandataria detall\u00f3 que los cuatro ejes de las reformas son la&nbsp;<strong>igualdad<\/strong>&nbsp;<strong>sustantiva<\/strong>, la&nbsp;<strong>perspectiva<\/strong>&nbsp;de&nbsp;<strong>g\u00e9nero<\/strong>, el&nbsp;<strong>derecho de las mujeres a una vida libre de violencias<\/strong>&nbsp;y la&nbsp;<strong>erradicaci\u00f3n de la brecha salarial<\/strong>&nbsp;por razones de g\u00e9nero.<\/p>\n\n\n\n<p>\u201cSi una mujer no tiene el mismo salario que un compa\u00f1ero de trabajo, un colega que realizan la misma tarea, la misma funci\u00f3n, puede ir a las instancias de la<strong>&nbsp;Secretar\u00eda del Trabajo&nbsp;<\/strong>que hoy est\u00e1 legislado para que pueda ganar exactamente lo mismo. De igual forma para proteger a las mujeres frente a cualquier tipo de&nbsp;<strong>violencias<\/strong>. Hoy hay una legislaci\u00f3n que las protege y tenemos que fortalecer ahora a las fiscal\u00edas y a las polic\u00edas para que esto sea una realidad\u201d, se\u00f1al\u00f3.<\/p>\n\n\n\n<p>Seg\u00fan la presidenta, con la entrada en vigor de los cambios a las leyes secundarias M\u00e9xico se convierte en &#8220;uno de los pa\u00edses con&nbsp;<strong>mayor avance&nbsp;<\/strong>en la legislaci\u00f3n de protecci\u00f3n y derechos de las mujeres\u201d.<\/p>\n\n\n\n<figure class=\"wp-block-embed is-type-rich is-provider-twitter wp-block-embed-twitter\"><div class=\"wp-block-embed__wrapper\">\n<blockquote class=\"twitter-tweet\" data-width=\"550\" data-dnt=\"true\"><p lang=\"es\" dir=\"ltr\">Hoy en la <a href=\"https:\/\/twitter.com\/hashtag\/Ma%C3%B1aneraDelPueblo?src=hash&amp;ref_src=twsrc%5Etfw\">#Ma\u00f1aneraDelPueblo<\/a> la Presidenta <a href=\"https:\/\/twitter.com\/Claudiashein?ref_src=twsrc%5Etfw\">@Claudiashein<\/a> firm\u00f3 el decreto de las reformas a las leyes secundarias en materia de igualdad sustantiva para las mujeres: <br><br>\u2705 Ley General para la Igualdad <br>&#8211; Se define la brecha salarial como la diferencia de retribuci\u00f3n.<br><br>&#8211; Se\u2026 <a href=\"https:\/\/t.co\/JUFnxv0yhf\">pic.twitter.com\/JUFnxv0yhf<\/a><\/p>&mdash; Citlalli Hern\u00e1ndez M (@CitlaHM) <a href=\"https:\/\/twitter.com\/CitlaHM\/status\/1868688517758660909?ref_src=twsrc%5Etfw\">December 16, 2024<\/a><\/blockquote><script async src=\"https:\/\/platform.twitter.com\/widgets.js\" charset=\"utf-8\"><\/script>\n<\/div><\/figure>\n","protected":false},"excerpt":{"rendered":"<p>Por Redacci\u00f3n QP Las reformas cuentan con cuatro ejes que son igualdad sustantiva, perspectiva de&#8230;<\/p>\n","protected":false},"author":2,"featured_media":113882,"comment_status":"open","ping_status":"open","sticky":false,"template":"","format":"standard","meta":{"_monsterinsights_skip_tracking":false,"_monsterinsights_sitenote_active":false,"_monsterinsights_sitenote_note":"","_monsterinsights_sitenote_category":0,"footnotes":""},"categories":[280,2],"tags":[],"class_list":["post-113881","post","type-post","status-publish","format-standard","has-post-thumbnail","hentry","category-nacionales","category-noticias"],"yoast_head":"<!-- This site is optimized with the Yoast SEO plugin v27.3 - https:\/\/yoast.com\/product\/yoast-seo-wordpress\/ -->\n<title>La presidenta Claudia Sheinbaum firm\u00f3 los decretos de las leyes en materia de igualdad sustantivo que fortalecen los derechos de las mujeres -<\/title>\n<meta name=\"robots\" content=\"index, follow, max-snippet:-1, max-image-preview:large, max-video-preview:-1\" \/>\n<link rel=\"canonical\" href=\"https:\/\/quehacerpolitico.mx\/?p=113881\" \/>\n<meta property=\"og:locale\" content=\"es_MX\" \/>\n<meta property=\"og:type\" content=\"article\" \/>\n<meta property=\"og:title\" content=\"La presidenta Claudia Sheinbaum firm\u00f3 los decretos de las leyes en materia de igualdad sustantivo que fortalecen los derechos de las mujeres -\" \/>\n<meta property=\"og:description\" content=\"Por Redacci\u00f3n QP Las reformas cuentan con cuatro ejes que son igualdad sustantiva, perspectiva de...\" \/>\n<meta property=\"og:url\" content=\"https:\/\/quehacerpolitico.mx\/?p=113881\" \/>\n<meta property=\"article:published_time\" content=\"2024-12-16T21:19:28+00:00\" \/>\n<meta property=\"article:modified_time\" content=\"2024-12-16T21:19:30+00:00\" \/>\n<meta property=\"og:image\" content=\"https:\/\/quehacerpolitico.mx\/wp-content\/uploads\/2024\/12\/IMG_9659.jpeg\" \/>\n\t<meta property=\"og:image:width\" content=\"1024\" \/>\n\t<meta property=\"og:image:height\" content=\"682\" \/>\n\t<meta property=\"og:image:type\" content=\"image\/jpeg\" \/>\n<meta name=\"author\" content=\"Redacci\u00f3n QP\" \/>\n<meta name=\"twitter:card\" content=\"summary_large_image\" \/>\n<meta name=\"twitter:label1\" content=\"Escrito por\" \/>\n\t<meta name=\"twitter:data1\" content=\"Redacci\u00f3n QP\" \/>\n\t<meta name=\"twitter:label2\" content=\"Tiempo de lectura\" \/>\n\t<meta name=\"twitter:data2\" content=\"2 minutos\" \/>\n<script type=\"application\/ld+json\" class=\"yoast-schema-graph\">{\"@context\":\"https:\\\/\\\/schema.org\",\"@graph\":[{\"@type\":\"Article\",\"@id\":\"https:\\\/\\\/quehacerpolitico.mx\\\/?p=113881#article\",\"isPartOf\":{\"@id\":\"https:\\\/\\\/quehacerpolitico.mx\\\/?p=113881\"},\"author\":{\"name\":\"Redacci\u00f3n QP\",\"@id\":\"https:\\\/\\\/quehacerpolitico.mx\\\/#\\\/schema\\\/person\\\/496d8ad2d1d3f8036101dca7ee39e585\"},\"headline\":\"La presidenta Claudia Sheinbaum firm\u00f3 los decretos de las leyes en materia de igualdad sustantivo que fortalecen los derechos de las mujeres\",\"datePublished\":\"2024-12-16T21:19:28+00:00\",\"dateModified\":\"2024-12-16T21:19:30+00:00\",\"mainEntityOfPage\":{\"@id\":\"https:\\\/\\\/quehacerpolitico.mx\\\/?p=113881\"},\"wordCount\":478,\"commentCount\":0,\"image\":{\"@id\":\"https:\\\/\\\/quehacerpolitico.mx\\\/?p=113881#primaryimage\"},\"thumbnailUrl\":\"https:\\\/\\\/quehacerpolitico.mx\\\/wp-content\\\/uploads\\\/2024\\\/12\\\/IMG_9659.jpeg\",\"articleSection\":[\"Nacionales\",\"Noticias\"],\"inLanguage\":\"es\",\"potentialAction\":[{\"@type\":\"CommentAction\",\"name\":\"Comment\",\"target\":[\"https:\\\/\\\/quehacerpolitico.mx\\\/?p=113881#respond\"]}]},{\"@type\":\"WebPage\",\"@id\":\"https:\\\/\\\/quehacerpolitico.mx\\\/?p=113881\",\"url\":\"https:\\\/\\\/quehacerpolitico.mx\\\/?p=113881\",\"name\":\"La presidenta Claudia Sheinbaum firm\u00f3 los decretos de las leyes en materia de igualdad sustantivo que fortalecen los derechos de las mujeres -\",\"isPartOf\":{\"@id\":\"https:\\\/\\\/quehacerpolitico.mx\\\/#website\"},\"primaryImageOfPage\":{\"@id\":\"https:\\\/\\\/quehacerpolitico.mx\\\/?p=113881#primaryimage\"},\"image\":{\"@id\":\"https:\\\/\\\/quehacerpolitico.mx\\\/?p=113881#primaryimage\"},\"thumbnailUrl\":\"https:\\\/\\\/quehacerpolitico.mx\\\/wp-content\\\/uploads\\\/2024\\\/12\\\/IMG_9659.jpeg\",\"datePublished\":\"2024-12-16T21:19:28+00:00\",\"dateModified\":\"2024-12-16T21:19:30+00:00\",\"author\":{\"@id\":\"https:\\\/\\\/quehacerpolitico.mx\\\/#\\\/schema\\\/person\\\/496d8ad2d1d3f8036101dca7ee39e585\"},\"breadcrumb\":{\"@id\":\"https:\\\/\\\/quehacerpolitico.mx\\\/?p=113881#breadcrumb\"},\"inLanguage\":\"es\",\"potentialAction\":[{\"@type\":\"ReadAction\",\"target\":[\"https:\\\/\\\/quehacerpolitico.mx\\\/?p=113881\"]}]},{\"@type\":\"ImageObject\",\"inLanguage\":\"es\",\"@id\":\"https:\\\/\\\/quehacerpolitico.mx\\\/?p=113881#primaryimage\",\"url\":\"https:\\\/\\\/quehacerpolitico.mx\\\/wp-content\\\/uploads\\\/2024\\\/12\\\/IMG_9659.jpeg\",\"contentUrl\":\"https:\\\/\\\/quehacerpolitico.mx\\\/wp-content\\\/uploads\\\/2024\\\/12\\\/IMG_9659.jpeg\",\"width\":1024,\"height\":682},{\"@type\":\"BreadcrumbList\",\"@id\":\"https:\\\/\\\/quehacerpolitico.mx\\\/?p=113881#breadcrumb\",\"itemListElement\":[{\"@type\":\"ListItem\",\"position\":1,\"name\":\"Inicio\",\"item\":\"https:\\\/\\\/quehacerpolitico.mx\\\/\"},{\"@type\":\"ListItem\",\"position\":2,\"name\":\"La presidenta Claudia Sheinbaum firm\u00f3 los decretos de las leyes en materia de igualdad sustantivo que fortalecen los derechos de las mujeres\"}]},{\"@type\":\"WebSite\",\"@id\":\"https:\\\/\\\/quehacerpolitico.mx\\\/#website\",\"url\":\"https:\\\/\\\/quehacerpolitico.mx\\\/\",\"name\":\"\",\"description\":\"\",\"potentialAction\":[{\"@type\":\"SearchAction\",\"target\":{\"@type\":\"EntryPoint\",\"urlTemplate\":\"https:\\\/\\\/quehacerpolitico.mx\\\/?s={search_term_string}\"},\"query-input\":{\"@type\":\"PropertyValueSpecification\",\"valueRequired\":true,\"valueName\":\"search_term_string\"}}],\"inLanguage\":\"es\"},{\"@type\":\"Person\",\"@id\":\"https:\\\/\\\/quehacerpolitico.mx\\\/#\\\/schema\\\/person\\\/496d8ad2d1d3f8036101dca7ee39e585\",\"name\":\"Redacci\u00f3n QP\",\"image\":{\"@type\":\"ImageObject\",\"inLanguage\":\"es\",\"@id\":\"https:\\\/\\\/secure.gravatar.com\\\/avatar\\\/c7164ed6fdec453195284ad24a5ae5b6e1eed2b848477fa2a4787ba9adf39a41?s=96&d=mm&r=g\",\"url\":\"https:\\\/\\\/secure.gravatar.com\\\/avatar\\\/c7164ed6fdec453195284ad24a5ae5b6e1eed2b848477fa2a4787ba9adf39a41?s=96&d=mm&r=g\",\"contentUrl\":\"https:\\\/\\\/secure.gravatar.com\\\/avatar\\\/c7164ed6fdec453195284ad24a5ae5b6e1eed2b848477fa2a4787ba9adf39a41?s=96&d=mm&r=g\",\"caption\":\"Redacci\u00f3n QP\"},\"url\":\"https:\\\/\\\/quehacerpolitico.mx\\\/?author=2\"}]}<\/script>\n<!-- \/ Yoast SEO plugin. -->","yoast_head_json":{"title":"La presidenta Claudia Sheinbaum firm\u00f3 los decretos de las leyes en materia de igualdad sustantivo que fortalecen los derechos de las mujeres -","robots":{"index":"index","follow":"follow","max-snippet":"max-snippet:-1","max-image-preview":"max-image-preview:large","max-video-preview":"max-video-preview:-1"},"canonical":"https:\/\/quehacerpolitico.mx\/?p=113881","og_locale":"es_MX","og_type":"article","og_title":"La presidenta Claudia Sheinbaum firm\u00f3 los decretos de las leyes en materia de igualdad sustantivo que fortalecen los derechos de las mujeres -","og_description":"Por Redacci\u00f3n QP Las reformas cuentan con cuatro ejes que son igualdad sustantiva, perspectiva de...","og_url":"https:\/\/quehacerpolitico.mx\/?p=113881","article_published_time":"2024-12-16T21:19:28+00:00","article_modified_time":"2024-12-16T21:19:30+00:00","og_image":[{"width":1024,"height":682,"url":"https:\/\/quehacerpolitico.mx\/wp-content\/uploads\/2024\/12\/IMG_9659.jpeg","type":"image\/jpeg"}],"author":"Redacci\u00f3n QP","twitter_card":"summary_large_image","twitter_misc":{"Escrito por":"Redacci\u00f3n QP","Tiempo de lectura":"2 minutos"},"schema":{"@context":"https:\/\/schema.org","@graph":[{"@type":"Article","@id":"https:\/\/quehacerpolitico.mx\/?p=113881#article","isPartOf":{"@id":"https:\/\/quehacerpolitico.mx\/?p=113881"},"author":{"name":"Redacci\u00f3n QP","@id":"https:\/\/quehacerpolitico.mx\/#\/schema\/person\/496d8ad2d1d3f8036101dca7ee39e585"},"headline":"La presidenta Claudia Sheinbaum firm\u00f3 los decretos de las leyes en materia de igualdad sustantivo que fortalecen los derechos de las mujeres","datePublished":"2024-12-16T21:19:28+00:00","dateModified":"2024-12-16T21:19:30+00:00","mainEntityOfPage":{"@id":"https:\/\/quehacerpolitico.mx\/?p=113881"},"wordCount":478,"commentCount":0,"image":{"@id":"https:\/\/quehacerpolitico.mx\/?p=113881#primaryimage"},"thumbnailUrl":"https:\/\/quehacerpolitico.mx\/wp-content\/uploads\/2024\/12\/IMG_9659.jpeg","articleSection":["Nacionales","Noticias"],"inLanguage":"es","potentialAction":[{"@type":"CommentAction","name":"Comment","target":["https:\/\/quehacerpolitico.mx\/?p=113881#respond"]}]},{"@type":"WebPage","@id":"https:\/\/quehacerpolitico.mx\/?p=113881","url":"https:\/\/quehacerpolitico.mx\/?p=113881","name":"La presidenta Claudia Sheinbaum firm\u00f3 los decretos de las leyes en materia de igualdad sustantivo que fortalecen los derechos de las mujeres -","isPartOf":{"@id":"https:\/\/quehacerpolitico.mx\/#website"},"primaryImageOfPage":{"@id":"https:\/\/quehacerpolitico.mx\/?p=113881#primaryimage"},"image":{"@id":"https:\/\/quehacerpolitico.mx\/?p=113881#primaryimage"},"thumbnailUrl":"https:\/\/quehacerpolitico.mx\/wp-content\/uploads\/2024\/12\/IMG_9659.jpeg","datePublished":"2024-12-16T21:19:28+00:00","dateModified":"2024-12-16T21:19:30+00:00","author":{"@id":"https:\/\/quehacerpolitico.mx\/#\/schema\/person\/496d8ad2d1d3f8036101dca7ee39e585"},"breadcrumb":{"@id":"https:\/\/quehacerpolitico.mx\/?p=113881#breadcrumb"},"inLanguage":"es","potentialAction":[{"@type":"ReadAction","target":["https:\/\/quehacerpolitico.mx\/?p=113881"]}]},{"@type":"ImageObject","inLanguage":"es","@id":"https:\/\/quehacerpolitico.mx\/?p=113881#primaryimage","url":"https:\/\/quehacerpolitico.mx\/wp-content\/uploads\/2024\/12\/IMG_9659.jpeg","contentUrl":"https:\/\/quehacerpolitico.mx\/wp-content\/uploads\/2024\/12\/IMG_9659.jpeg","width":1024,"height":682},{"@type":"BreadcrumbList","@id":"https:\/\/quehacerpolitico.mx\/?p=113881#breadcrumb","itemListElement":[{"@type":"ListItem","position":1,"name":"Inicio","item":"https:\/\/quehacerpolitico.mx\/"},{"@type":"ListItem","position":2,"name":"La presidenta Claudia Sheinbaum firm\u00f3 los decretos de las leyes en materia de igualdad sustantivo que fortalecen los derechos de las mujeres"}]},{"@type":"WebSite","@id":"https:\/\/quehacerpolitico.mx\/#website","url":"https:\/\/quehacerpolitico.mx\/","name":"","description":"","potentialAction":[{"@type":"SearchAction","target":{"@type":"EntryPoint","urlTemplate":"https:\/\/quehacerpolitico.mx\/?s={search_term_string}"},"query-input":{"@type":"PropertyValueSpecification","valueRequired":true,"valueName":"search_term_string"}}],"inLanguage":"es"},{"@type":"Person","@id":"https:\/\/quehacerpolitico.mx\/#\/schema\/person\/496d8ad2d1d3f8036101dca7ee39e585","name":"Redacci\u00f3n QP","image":{"@type":"ImageObject","inLanguage":"es","@id":"https:\/\/secure.gravatar.com\/avatar\/c7164ed6fdec453195284ad24a5ae5b6e1eed2b848477fa2a4787ba9adf39a41?s=96&d=mm&r=g","url":"https:\/\/secure.gravatar.com\/avatar\/c7164ed6fdec453195284ad24a5ae5b6e1eed2b848477fa2a4787ba9adf39a41?s=96&d=mm&r=g","contentUrl":"https:\/\/secure.gravatar.com\/avatar\/c7164ed6fdec453195284ad24a5ae5b6e1eed2b848477fa2a4787ba9adf39a41?s=96&d=mm&r=g","caption":"Redacci\u00f3n QP"},"url":"https:\/\/quehacerpolitico.mx\/?author=2"}]}},"featured_image_urls":{"full":["https:\/\/quehacerpolitico.mx\/wp-content\/uploads\/2024\/12\/IMG_9659.jpeg",1024,682,false],"thumbnail":["https:\/\/quehacerpolitico.mx\/wp-content\/uploads\/2024\/12\/IMG_9659-150x150.jpeg",150,150,true],"medium":["https:\/\/quehacerpolitico.mx\/wp-content\/uploads\/2024\/12\/IMG_9659-300x200.jpeg",300,200,true],"medium_large":["https:\/\/quehacerpolitico.mx\/wp-content\/uploads\/2024\/12\/IMG_9659-768x512.jpeg",640,427,true],"large":["https:\/\/quehacerpolitico.mx\/wp-content\/uploads\/2024\/12\/IMG_9659.jpeg",640,426,false],"1536x1536":["https:\/\/quehacerpolitico.mx\/wp-content\/uploads\/2024\/12\/IMG_9659.jpeg",1024,682,false],"2048x2048":["https:\/\/quehacerpolitico.mx\/wp-content\/uploads\/2024\/12\/IMG_9659.jpeg",1024,682,false],"covernews-featured":["https:\/\/quehacerpolitico.mx\/wp-content\/uploads\/2024\/12\/IMG_9659.jpeg",1024,682,false],"covernews-medium":["https:\/\/quehacerpolitico.mx\/wp-content\/uploads\/2024\/12\/IMG_9659-540x340.jpeg",540,340,true]},"author_info":{"display_name":"Redacci\u00f3n QP","author_link":"https:\/\/quehacerpolitico.mx\/?author=2"},"category_info":"<a href=\"https:\/\/quehacerpolitico.mx\/?cat=280\" rel=\"category\">Nacionales<\/a> <a href=\"https:\/\/quehacerpolitico.mx\/?cat=2\" rel=\"category\">Noticias<\/a>","tag_info":"Noticias","comment_count":"0","_links":{"self":[{"href":"https:\/\/quehacerpolitico.mx\/index.php?rest_route=\/wp\/v2\/posts\/113881","targetHints":{"allow":["GET"]}}],"collection":[{"href":"https:\/\/quehacerpolitico.mx\/index.php?rest_route=\/wp\/v2\/posts"}],"about":[{"href":"https:\/\/quehacerpolitico.mx\/index.php?rest_route=\/wp\/v2\/types\/post"}],"author":[{"embeddable":true,"href":"https:\/\/quehacerpolitico.mx\/index.php?rest_route=\/wp\/v2\/users\/2"}],"replies":[{"embeddable":true,"href":"https:\/\/quehacerpolitico.mx\/index.php?rest_route=%2Fwp%2Fv2%2Fcomments&post=113881"}],"version-history":[{"count":2,"href":"https:\/\/quehacerpolitico.mx\/index.php?rest_route=\/wp\/v2\/posts\/113881\/revisions"}],"predecessor-version":[{"id":113884,"href":"https:\/\/quehacerpolitico.mx\/index.php?rest_route=\/wp\/v2\/posts\/113881\/revisions\/113884"}],"wp:featuredmedia":[{"embeddable":true,"href":"https:\/\/quehacerpolitico.mx\/index.php?rest_route=\/wp\/v2\/media\/113882"}],"wp:attachment":[{"href":"https:\/\/quehacerpolitico.mx\/index.php?rest_route=%2Fwp%2Fv2%2Fmedia&parent=113881"}],"wp:term":[{"taxonomy":"category","embeddable":true,"href":"https:\/\/quehacerpolitico.mx\/index.php?rest_route=%2Fwp%2Fv2%2Fcategories&post=113881"},{"taxonomy":"post_tag","embeddable":true,"href":"https:\/\/quehacerpolitico.mx\/index.php?rest_route=%2Fwp%2Fv2%2Ftags&post=113881"}],"curies":[{"name":"wp","href":"https:\/\/api.w.org\/{rel}","templated":true}]}}