{"id":113830,"date":"2024-12-14T21:18:03","date_gmt":"2024-12-15T03:18:03","guid":{"rendered":"https:\/\/quehacerpolitico.mx\/?p=113830"},"modified":"2024-12-14T21:18:06","modified_gmt":"2024-12-15T03:18:06","slug":"muere-javier-batiz-padre-del-rock-mexicano","status":"publish","type":"post","link":"https:\/\/quehacerpolitico.mx\/?p=113830","title":{"rendered":"Muere Javier B\u00e1tiz, padre del rock mexicano"},"content":{"rendered":"\n<p>Por Redacci\u00f3n QP<\/p>\n\n\n\n<p>La noticia del fallecimiento fue confirmada por su viuda, Claudia Madrid, quien a trav\u00e9s de Facebook, comparti\u00f3 un mensaje para quien fuera su esposo<\/p>\n\n\n\n<p><strong>Javier B\u00e1tiz<\/strong>, leyenda del rock mexicano, falleci\u00f3 este 14 de diciembre a los 80 a\u00f1os debido a complicaciones por un diagn\u00f3stico de c\u00e1ncer de pr\u00f3stata durante los \u00faltimos a\u00f1os de su vida.<\/p>\n\n\n\n<figure class=\"wp-block-embed is-type-video is-provider-youtube wp-block-embed-youtube wp-embed-aspect-16-9 wp-has-aspect-ratio\"><div class=\"wp-block-embed__wrapper\">\n<iframe loading=\"lazy\" title=\"Ultima entrevista de Javier Bat\u00edz en Grupo Healy\" width=\"640\" height=\"360\" src=\"https:\/\/www.youtube.com\/embed\/kPrqKxpfjxM?feature=oembed\" frameborder=\"0\" allow=\"accelerometer; autoplay; clipboard-write; encrypted-media; gyroscope; picture-in-picture; web-share\" referrerpolicy=\"strict-origin-when-cross-origin\" allowfullscreen><\/iframe>\n<\/div><\/figure>\n\n\n\n<figure class=\"wp-block-embed is-type-video is-provider-youtube wp-block-embed-youtube wp-embed-aspect-16-9 wp-has-aspect-ratio\"><div class=\"wp-block-embed__wrapper\">\n<iframe loading=\"lazy\" title=\"Rock, de luto: Muere a los 80 a\u00f1os Javier B\u00e1tiz tras una lucha contra el c\u00e1ncer\" width=\"640\" height=\"360\" src=\"https:\/\/www.youtube.com\/embed\/7ijzuvDRPS8?feature=oembed\" frameborder=\"0\" allow=\"accelerometer; autoplay; clipboard-write; encrypted-media; gyroscope; picture-in-picture; web-share\" referrerpolicy=\"strict-origin-when-cross-origin\" allowfullscreen><\/iframe>\n<\/div><\/figure>\n\n\n\n<p>La noticia del fallecimiento fue confirmada por su viuda,&nbsp;<strong>Claudia Madrid<\/strong>, quien a trav\u00e9s de Facebook, comparti\u00f3 un mensaje para quien fuera su esposo.&nbsp;<\/p>\n\n\n\n<p>&#8220;Nuestro adorado y querido, mi esposo Javier B\u00e1tiz trascendi\u00f3&nbsp;el d\u00eda de hoy.&nbsp;Su legado y su m\u00fasica quedan para la eternidad. Te amo, amor m\u00edo.&nbsp;Vuela alto, mi \u00e1ngel&#8221;, escribi\u00f3 junto a una fotograf\u00eda de ambos.<\/p>\n\n\n\n<figure class=\"wp-block-image size-large\"><img loading=\"lazy\" decoding=\"async\" width=\"916\" height=\"1024\" src=\"https:\/\/quehacerpolitico.mx\/wp-content\/uploads\/2024\/12\/image-33-916x1024.jpeg\" alt=\"\" class=\"wp-image-113831\" srcset=\"https:\/\/quehacerpolitico.mx\/wp-content\/uploads\/2024\/12\/image-33-916x1024.jpeg 916w, https:\/\/quehacerpolitico.mx\/wp-content\/uploads\/2024\/12\/image-33-268x300.jpeg 268w, https:\/\/quehacerpolitico.mx\/wp-content\/uploads\/2024\/12\/image-33-768x859.jpeg 768w, https:\/\/quehacerpolitico.mx\/wp-content\/uploads\/2024\/12\/image-33-1024x1145.jpeg 1024w, https:\/\/quehacerpolitico.mx\/wp-content\/uploads\/2024\/12\/image-33.jpeg 1284w\" sizes=\"auto, (max-width: 916px) 100vw, 916px\" \/><figcaption class=\"wp-element-caption\">Screenshot<\/figcaption><\/figure>\n\n\n\n<p>Javier\u00a0B\u00e1tiz, reconocido como mentor del guitarrista Carlos Santana, enfrentaba serios problemas de salud que lo manten\u00edan postrado en cama e incapaz de caminar. Su situaci\u00f3n se complic\u00f3 en marzo debido a una neumon\u00eda y altos niveles de glucosa en la sangre, aunque logr\u00f3 someterse a una cirug\u00eda.<\/p>\n\n\n\n<figure class=\"wp-block-embed is-type-video is-provider-youtube wp-block-embed-youtube wp-embed-aspect-16-9 wp-has-aspect-ratio\"><div class=\"wp-block-embed__wrapper\">\n<iframe loading=\"lazy\" title=\"Javier B\u00e1tiz, Santana - I love you much too much (en directo)\" width=\"640\" height=\"360\" src=\"https:\/\/www.youtube.com\/embed\/lCdHpq8KLlo?feature=oembed\" frameborder=\"0\" allow=\"accelerometer; autoplay; clipboard-write; encrypted-media; gyroscope; picture-in-picture; web-share\" referrerpolicy=\"strict-origin-when-cross-origin\" allowfullscreen><\/iframe>\n<\/div><\/figure>\n\n\n\n<p>Hace seis meses,\u00a0<strong>el m\u00fasico comparti\u00f3 que encontraba en la m\u00fasica una fuente de \u00e1nimo y motivaci\u00f3n para seguir adelante<\/strong>.<\/p>\n\n\n\n<p>&#8220;No hay otra forma de salir de esto que mantenerse alegre, ver a los amigos, platicar, celebrar, hacer m\u00fasica, seguir tocando. Eso es lo que quiero, eso es lo que me ha mantenido bien durante tantos a\u00f1os, la guitarra, s\u00f3lo quiero salir de esto para tocar&#8221;, asegur\u00f3.<\/p>\n\n\n\n<p>Por su parte, el grupo<strong>&nbsp;&#8220;El Harag\u00e1n y Compa\u00f1\u00eda&#8221;<\/strong>&nbsp;dio su p\u00e9same a trav\u00e9s de su cuenta de X, se\u00f1alando que mantienen una profunda admiraci\u00f3n por el m\u00fasico bajacaliforniano.&nbsp;<\/p>\n\n\n\n<p>&#8220;Con profunda admiraci\u00f3n deseamos que tu legado y tu m\u00fasica permanezcan en la eternidad, es la \u00faltima despedida del maestro&nbsp;<strong>Javier B\u00e1tiz,<\/strong>&nbsp;siempre ser\u00e1s uno de los m\u00e1s grandes pioneros del rock mexicano, en paz descanses, nuestras m\u00e1s sinceras condolencias a la familia&#8221;, escribieron.<\/p>\n\n\n\n<figure class=\"wp-block-embed is-type-rich is-provider-twitter wp-block-embed-twitter\"><div class=\"wp-block-embed__wrapper\">\n<blockquote class=\"twitter-tweet\" data-width=\"550\" data-dnt=\"true\"><p lang=\"es\" dir=\"ltr\">Con profunda admiraci\u00f3n deseamos que tu legado y tu m\u00fasica permanezcan en la eternidad, es la \u00faltima despedida del maestro <a href=\"https:\/\/twitter.com\/javierbatiz?ref_src=twsrc%5Etfw\">@javierbatiz<\/a> , siempre ser\u00e1s uno de los m\u00e1s grandes pioneros del rock mexicano, en paz descanses, nuestras m\u00e1s sinceras condolencias a la familia Batiz <a href=\"https:\/\/t.co\/ltc7URw6jZ\">pic.twitter.com\/ltc7URw6jZ<\/a><\/p>&mdash; El Harag\u00e1n y C\u00eda (@ElHaraganyCia) <a href=\"https:\/\/twitter.com\/ElHaraganyCia\/status\/1868082208394957232?ref_src=twsrc%5Etfw\">December 14, 2024<\/a><\/blockquote><script async src=\"https:\/\/platform.twitter.com\/widgets.js\" charset=\"utf-8\"><\/script>\n<\/div><\/figure>\n\n\n\n<p><strong>Javier Isaac Medina N\u00fa\u00f1ez<\/strong>, conocido art\u00edsticamente como Javier B\u00e1tiz, naci\u00f3 el 3 de junio de 1944 en Tijuana. En 1963, se uni\u00f3 a &#8220;<strong>Los Rebeldes del Rock<\/strong>&#8221; tras la salida de su vocalista, Johnny Laboriel.<\/p>\n\n\n\n<p>A lo largo de su carrera, B\u00e1tiz se consolid\u00f3 como una figura clave del rock en la escena nacional, convirti\u00e9ndose en inspiraci\u00f3n y mentor de m\u00fasicos destacados como&nbsp;<strong>\u00c1lex Lora<\/strong>&nbsp;de &#8220;El Tri&#8221; y el guitarrista&nbsp;<strong>Carlos Santana<\/strong>.<\/p>\n\n\n\n<figure class=\"wp-block-embed is-type-video is-provider-youtube wp-block-embed-youtube wp-embed-aspect-16-9 wp-has-aspect-ratio\"><div class=\"wp-block-embed__wrapper\">\n<iframe loading=\"lazy\" title=\"Oye cantinero - Alex Lora &amp; Javier B\u00e1tiz\" width=\"640\" height=\"360\" src=\"https:\/\/www.youtube.com\/embed\/YlC9VYLY67Q?feature=oembed\" frameborder=\"0\" allow=\"accelerometer; autoplay; clipboard-write; encrypted-media; gyroscope; picture-in-picture; web-share\" referrerpolicy=\"strict-origin-when-cross-origin\" allowfullscreen><\/iframe>\n<\/div><\/figure>\n","protected":false},"excerpt":{"rendered":"<p>Por Redacci\u00f3n QP La noticia del fallecimiento fue confirmada por su viuda, Claudia Madrid, quien&#8230;<\/p>\n","protected":false},"author":2,"featured_media":113832,"comment_status":"open","ping_status":"open","sticky":false,"template":"","format":"standard","meta":{"_monsterinsights_skip_tracking":false,"_monsterinsights_sitenote_active":false,"_monsterinsights_sitenote_note":"","_monsterinsights_sitenote_category":0,"footnotes":""},"categories":[58],"tags":[],"class_list":["post-113830","post","type-post","status-publish","format-standard","has-post-thumbnail","hentry","category-cultura"],"yoast_head":"<!-- This site is optimized with the Yoast SEO plugin v27.3 - https:\/\/yoast.com\/product\/yoast-seo-wordpress\/ -->\n<title>Muere Javier B\u00e1tiz, padre del rock mexicano -<\/title>\n<meta name=\"robots\" content=\"index, follow, max-snippet:-1, max-image-preview:large, max-video-preview:-1\" \/>\n<link rel=\"canonical\" href=\"https:\/\/quehacerpolitico.mx\/?p=113830\" \/>\n<meta property=\"og:locale\" content=\"es_MX\" \/>\n<meta property=\"og:type\" content=\"article\" \/>\n<meta property=\"og:title\" content=\"Muere Javier B\u00e1tiz, padre del rock mexicano -\" \/>\n<meta property=\"og:description\" content=\"Por Redacci\u00f3n QP La noticia del fallecimiento fue confirmada por su viuda, Claudia Madrid, quien...\" \/>\n<meta property=\"og:url\" content=\"https:\/\/quehacerpolitico.mx\/?p=113830\" \/>\n<meta property=\"article:published_time\" content=\"2024-12-15T03:18:03+00:00\" \/>\n<meta property=\"article:modified_time\" content=\"2024-12-15T03:18:06+00:00\" \/>\n<meta property=\"og:image\" content=\"https:\/\/quehacerpolitico.mx\/wp-content\/uploads\/2024\/12\/IMG_9611.webp\" \/>\n\t<meta property=\"og:image:width\" content=\"1536\" \/>\n\t<meta property=\"og:image:height\" content=\"1024\" \/>\n\t<meta property=\"og:image:type\" content=\"image\/webp\" \/>\n<meta name=\"author\" content=\"Redacci\u00f3n QP\" \/>\n<meta name=\"twitter:card\" content=\"summary_large_image\" \/>\n<meta name=\"twitter:label1\" content=\"Escrito por\" \/>\n\t<meta name=\"twitter:data1\" content=\"Redacci\u00f3n QP\" \/>\n\t<meta name=\"twitter:label2\" content=\"Tiempo de lectura\" \/>\n\t<meta name=\"twitter:data2\" content=\"2 minutos\" \/>\n<script type=\"application\/ld+json\" class=\"yoast-schema-graph\">{\"@context\":\"https:\\\/\\\/schema.org\",\"@graph\":[{\"@type\":\"Article\",\"@id\":\"https:\\\/\\\/quehacerpolitico.mx\\\/?p=113830#article\",\"isPartOf\":{\"@id\":\"https:\\\/\\\/quehacerpolitico.mx\\\/?p=113830\"},\"author\":{\"name\":\"Redacci\u00f3n QP\",\"@id\":\"https:\\\/\\\/quehacerpolitico.mx\\\/#\\\/schema\\\/person\\\/496d8ad2d1d3f8036101dca7ee39e585\"},\"headline\":\"Muere Javier B\u00e1tiz, padre del rock mexicano\",\"datePublished\":\"2024-12-15T03:18:03+00:00\",\"dateModified\":\"2024-12-15T03:18:06+00:00\",\"mainEntityOfPage\":{\"@id\":\"https:\\\/\\\/quehacerpolitico.mx\\\/?p=113830\"},\"wordCount\":488,\"commentCount\":0,\"image\":{\"@id\":\"https:\\\/\\\/quehacerpolitico.mx\\\/?p=113830#primaryimage\"},\"thumbnailUrl\":\"https:\\\/\\\/quehacerpolitico.mx\\\/wp-content\\\/uploads\\\/2024\\\/12\\\/IMG_9611.webp\",\"articleSection\":[\"Cultura y Entretenimiento\"],\"inLanguage\":\"es\",\"potentialAction\":[{\"@type\":\"CommentAction\",\"name\":\"Comment\",\"target\":[\"https:\\\/\\\/quehacerpolitico.mx\\\/?p=113830#respond\"]}]},{\"@type\":\"WebPage\",\"@id\":\"https:\\\/\\\/quehacerpolitico.mx\\\/?p=113830\",\"url\":\"https:\\\/\\\/quehacerpolitico.mx\\\/?p=113830\",\"name\":\"Muere Javier B\u00e1tiz, padre del rock mexicano -\",\"isPartOf\":{\"@id\":\"https:\\\/\\\/quehacerpolitico.mx\\\/#website\"},\"primaryImageOfPage\":{\"@id\":\"https:\\\/\\\/quehacerpolitico.mx\\\/?p=113830#primaryimage\"},\"image\":{\"@id\":\"https:\\\/\\\/quehacerpolitico.mx\\\/?p=113830#primaryimage\"},\"thumbnailUrl\":\"https:\\\/\\\/quehacerpolitico.mx\\\/wp-content\\\/uploads\\\/2024\\\/12\\\/IMG_9611.webp\",\"datePublished\":\"2024-12-15T03:18:03+00:00\",\"dateModified\":\"2024-12-15T03:18:06+00:00\",\"author\":{\"@id\":\"https:\\\/\\\/quehacerpolitico.mx\\\/#\\\/schema\\\/person\\\/496d8ad2d1d3f8036101dca7ee39e585\"},\"breadcrumb\":{\"@id\":\"https:\\\/\\\/quehacerpolitico.mx\\\/?p=113830#breadcrumb\"},\"inLanguage\":\"es\",\"potentialAction\":[{\"@type\":\"ReadAction\",\"target\":[\"https:\\\/\\\/quehacerpolitico.mx\\\/?p=113830\"]}]},{\"@type\":\"ImageObject\",\"inLanguage\":\"es\",\"@id\":\"https:\\\/\\\/quehacerpolitico.mx\\\/?p=113830#primaryimage\",\"url\":\"https:\\\/\\\/quehacerpolitico.mx\\\/wp-content\\\/uploads\\\/2024\\\/12\\\/IMG_9611.webp\",\"contentUrl\":\"https:\\\/\\\/quehacerpolitico.mx\\\/wp-content\\\/uploads\\\/2024\\\/12\\\/IMG_9611.webp\",\"width\":1536,\"height\":1024},{\"@type\":\"BreadcrumbList\",\"@id\":\"https:\\\/\\\/quehacerpolitico.mx\\\/?p=113830#breadcrumb\",\"itemListElement\":[{\"@type\":\"ListItem\",\"position\":1,\"name\":\"Inicio\",\"item\":\"https:\\\/\\\/quehacerpolitico.mx\\\/\"},{\"@type\":\"ListItem\",\"position\":2,\"name\":\"Muere Javier B\u00e1tiz, padre del rock mexicano\"}]},{\"@type\":\"WebSite\",\"@id\":\"https:\\\/\\\/quehacerpolitico.mx\\\/#website\",\"url\":\"https:\\\/\\\/quehacerpolitico.mx\\\/\",\"name\":\"\",\"description\":\"\",\"potentialAction\":[{\"@type\":\"SearchAction\",\"target\":{\"@type\":\"EntryPoint\",\"urlTemplate\":\"https:\\\/\\\/quehacerpolitico.mx\\\/?s={search_term_string}\"},\"query-input\":{\"@type\":\"PropertyValueSpecification\",\"valueRequired\":true,\"valueName\":\"search_term_string\"}}],\"inLanguage\":\"es\"},{\"@type\":\"Person\",\"@id\":\"https:\\\/\\\/quehacerpolitico.mx\\\/#\\\/schema\\\/person\\\/496d8ad2d1d3f8036101dca7ee39e585\",\"name\":\"Redacci\u00f3n QP\",\"image\":{\"@type\":\"ImageObject\",\"inLanguage\":\"es\",\"@id\":\"https:\\\/\\\/secure.gravatar.com\\\/avatar\\\/c7164ed6fdec453195284ad24a5ae5b6e1eed2b848477fa2a4787ba9adf39a41?s=96&d=mm&r=g\",\"url\":\"https:\\\/\\\/secure.gravatar.com\\\/avatar\\\/c7164ed6fdec453195284ad24a5ae5b6e1eed2b848477fa2a4787ba9adf39a41?s=96&d=mm&r=g\",\"contentUrl\":\"https:\\\/\\\/secure.gravatar.com\\\/avatar\\\/c7164ed6fdec453195284ad24a5ae5b6e1eed2b848477fa2a4787ba9adf39a41?s=96&d=mm&r=g\",\"caption\":\"Redacci\u00f3n QP\"},\"url\":\"https:\\\/\\\/quehacerpolitico.mx\\\/?author=2\"}]}<\/script>\n<!-- \/ Yoast SEO plugin. -->","yoast_head_json":{"title":"Muere Javier B\u00e1tiz, padre del rock mexicano -","robots":{"index":"index","follow":"follow","max-snippet":"max-snippet:-1","max-image-preview":"max-image-preview:large","max-video-preview":"max-video-preview:-1"},"canonical":"https:\/\/quehacerpolitico.mx\/?p=113830","og_locale":"es_MX","og_type":"article","og_title":"Muere Javier B\u00e1tiz, padre del rock mexicano -","og_description":"Por Redacci\u00f3n QP La noticia del fallecimiento fue confirmada por su viuda, Claudia Madrid, quien...","og_url":"https:\/\/quehacerpolitico.mx\/?p=113830","article_published_time":"2024-12-15T03:18:03+00:00","article_modified_time":"2024-12-15T03:18:06+00:00","og_image":[{"width":1536,"height":1024,"url":"https:\/\/quehacerpolitico.mx\/wp-content\/uploads\/2024\/12\/IMG_9611.webp","type":"image\/webp"}],"author":"Redacci\u00f3n QP","twitter_card":"summary_large_image","twitter_misc":{"Escrito por":"Redacci\u00f3n QP","Tiempo de lectura":"2 minutos"},"schema":{"@context":"https:\/\/schema.org","@graph":[{"@type":"Article","@id":"https:\/\/quehacerpolitico.mx\/?p=113830#article","isPartOf":{"@id":"https:\/\/quehacerpolitico.mx\/?p=113830"},"author":{"name":"Redacci\u00f3n QP","@id":"https:\/\/quehacerpolitico.mx\/#\/schema\/person\/496d8ad2d1d3f8036101dca7ee39e585"},"headline":"Muere Javier B\u00e1tiz, padre del rock mexicano","datePublished":"2024-12-15T03:18:03+00:00","dateModified":"2024-12-15T03:18:06+00:00","mainEntityOfPage":{"@id":"https:\/\/quehacerpolitico.mx\/?p=113830"},"wordCount":488,"commentCount":0,"image":{"@id":"https:\/\/quehacerpolitico.mx\/?p=113830#primaryimage"},"thumbnailUrl":"https:\/\/quehacerpolitico.mx\/wp-content\/uploads\/2024\/12\/IMG_9611.webp","articleSection":["Cultura y Entretenimiento"],"inLanguage":"es","potentialAction":[{"@type":"CommentAction","name":"Comment","target":["https:\/\/quehacerpolitico.mx\/?p=113830#respond"]}]},{"@type":"WebPage","@id":"https:\/\/quehacerpolitico.mx\/?p=113830","url":"https:\/\/quehacerpolitico.mx\/?p=113830","name":"Muere Javier B\u00e1tiz, padre del rock mexicano -","isPartOf":{"@id":"https:\/\/quehacerpolitico.mx\/#website"},"primaryImageOfPage":{"@id":"https:\/\/quehacerpolitico.mx\/?p=113830#primaryimage"},"image":{"@id":"https:\/\/quehacerpolitico.mx\/?p=113830#primaryimage"},"thumbnailUrl":"https:\/\/quehacerpolitico.mx\/wp-content\/uploads\/2024\/12\/IMG_9611.webp","datePublished":"2024-12-15T03:18:03+00:00","dateModified":"2024-12-15T03:18:06+00:00","author":{"@id":"https:\/\/quehacerpolitico.mx\/#\/schema\/person\/496d8ad2d1d3f8036101dca7ee39e585"},"breadcrumb":{"@id":"https:\/\/quehacerpolitico.mx\/?p=113830#breadcrumb"},"inLanguage":"es","potentialAction":[{"@type":"ReadAction","target":["https:\/\/quehacerpolitico.mx\/?p=113830"]}]},{"@type":"ImageObject","inLanguage":"es","@id":"https:\/\/quehacerpolitico.mx\/?p=113830#primaryimage","url":"https:\/\/quehacerpolitico.mx\/wp-content\/uploads\/2024\/12\/IMG_9611.webp","contentUrl":"https:\/\/quehacerpolitico.mx\/wp-content\/uploads\/2024\/12\/IMG_9611.webp","width":1536,"height":1024},{"@type":"BreadcrumbList","@id":"https:\/\/quehacerpolitico.mx\/?p=113830#breadcrumb","itemListElement":[{"@type":"ListItem","position":1,"name":"Inicio","item":"https:\/\/quehacerpolitico.mx\/"},{"@type":"ListItem","position":2,"name":"Muere Javier B\u00e1tiz, padre del rock mexicano"}]},{"@type":"WebSite","@id":"https:\/\/quehacerpolitico.mx\/#website","url":"https:\/\/quehacerpolitico.mx\/","name":"","description":"","potentialAction":[{"@type":"SearchAction","target":{"@type":"EntryPoint","urlTemplate":"https:\/\/quehacerpolitico.mx\/?s={search_term_string}"},"query-input":{"@type":"PropertyValueSpecification","valueRequired":true,"valueName":"search_term_string"}}],"inLanguage":"es"},{"@type":"Person","@id":"https:\/\/quehacerpolitico.mx\/#\/schema\/person\/496d8ad2d1d3f8036101dca7ee39e585","name":"Redacci\u00f3n QP","image":{"@type":"ImageObject","inLanguage":"es","@id":"https:\/\/secure.gravatar.com\/avatar\/c7164ed6fdec453195284ad24a5ae5b6e1eed2b848477fa2a4787ba9adf39a41?s=96&d=mm&r=g","url":"https:\/\/secure.gravatar.com\/avatar\/c7164ed6fdec453195284ad24a5ae5b6e1eed2b848477fa2a4787ba9adf39a41?s=96&d=mm&r=g","contentUrl":"https:\/\/secure.gravatar.com\/avatar\/c7164ed6fdec453195284ad24a5ae5b6e1eed2b848477fa2a4787ba9adf39a41?s=96&d=mm&r=g","caption":"Redacci\u00f3n QP"},"url":"https:\/\/quehacerpolitico.mx\/?author=2"}]}},"featured_image_urls":{"full":["https:\/\/quehacerpolitico.mx\/wp-content\/uploads\/2024\/12\/IMG_9611.webp",1536,1024,false],"thumbnail":["https:\/\/quehacerpolitico.mx\/wp-content\/uploads\/2024\/12\/IMG_9611-150x150.webp",150,150,true],"medium":["https:\/\/quehacerpolitico.mx\/wp-content\/uploads\/2024\/12\/IMG_9611-300x200.webp",300,200,true],"medium_large":["https:\/\/quehacerpolitico.mx\/wp-content\/uploads\/2024\/12\/IMG_9611-768x512.webp",640,427,true],"large":["https:\/\/quehacerpolitico.mx\/wp-content\/uploads\/2024\/12\/IMG_9611-1024x683.webp",640,427,true],"1536x1536":["https:\/\/quehacerpolitico.mx\/wp-content\/uploads\/2024\/12\/IMG_9611.webp",1536,1024,false],"2048x2048":["https:\/\/quehacerpolitico.mx\/wp-content\/uploads\/2024\/12\/IMG_9611.webp",1536,1024,false],"covernews-featured":["https:\/\/quehacerpolitico.mx\/wp-content\/uploads\/2024\/12\/IMG_9611-1024x683.webp",1024,683,true],"covernews-medium":["https:\/\/quehacerpolitico.mx\/wp-content\/uploads\/2024\/12\/IMG_9611-540x340.webp",540,340,true]},"author_info":{"display_name":"Redacci\u00f3n QP","author_link":"https:\/\/quehacerpolitico.mx\/?author=2"},"category_info":"<a href=\"https:\/\/quehacerpolitico.mx\/?cat=58\" rel=\"category\">Cultura y Entretenimiento<\/a>","tag_info":"Cultura y Entretenimiento","comment_count":"0","_links":{"self":[{"href":"https:\/\/quehacerpolitico.mx\/index.php?rest_route=\/wp\/v2\/posts\/113830","targetHints":{"allow":["GET"]}}],"collection":[{"href":"https:\/\/quehacerpolitico.mx\/index.php?rest_route=\/wp\/v2\/posts"}],"about":[{"href":"https:\/\/quehacerpolitico.mx\/index.php?rest_route=\/wp\/v2\/types\/post"}],"author":[{"embeddable":true,"href":"https:\/\/quehacerpolitico.mx\/index.php?rest_route=\/wp\/v2\/users\/2"}],"replies":[{"embeddable":true,"href":"https:\/\/quehacerpolitico.mx\/index.php?rest_route=%2Fwp%2Fv2%2Fcomments&post=113830"}],"version-history":[{"count":1,"href":"https:\/\/quehacerpolitico.mx\/index.php?rest_route=\/wp\/v2\/posts\/113830\/revisions"}],"predecessor-version":[{"id":113833,"href":"https:\/\/quehacerpolitico.mx\/index.php?rest_route=\/wp\/v2\/posts\/113830\/revisions\/113833"}],"wp:featuredmedia":[{"embeddable":true,"href":"https:\/\/quehacerpolitico.mx\/index.php?rest_route=\/wp\/v2\/media\/113832"}],"wp:attachment":[{"href":"https:\/\/quehacerpolitico.mx\/index.php?rest_route=%2Fwp%2Fv2%2Fmedia&parent=113830"}],"wp:term":[{"taxonomy":"category","embeddable":true,"href":"https:\/\/quehacerpolitico.mx\/index.php?rest_route=%2Fwp%2Fv2%2Fcategories&post=113830"},{"taxonomy":"post_tag","embeddable":true,"href":"https:\/\/quehacerpolitico.mx\/index.php?rest_route=%2Fwp%2Fv2%2Ftags&post=113830"}],"curies":[{"name":"wp","href":"https:\/\/api.w.org\/{rel}","templated":true}]}}