{"id":113780,"date":"2024-12-12T00:10:59","date_gmt":"2024-12-12T06:10:59","guid":{"rendered":"https:\/\/quehacerpolitico.mx\/?p=113780"},"modified":"2024-12-12T00:11:01","modified_gmt":"2024-12-12T06:11:01","slug":"el-quehacer-politico-en-las-finanzas-a-traves-de-la-opinion-dr-alberto-del-arco-los-100-pasos-para-la-transformacion-el-plan-estrategico-de-sheinbaum","status":"publish","type":"post","link":"https:\/\/quehacerpolitico.mx\/?p=113780","title":{"rendered":"El Quehacer Pol\u00edtico en las Finanzas a trav\u00e9s de la opini\u00f3n\/\/\/Dr Alberto del Arco\/\/\/Los\u00a0100 pasos para la transformaci\u00f3n, el plan estrat\u00e9gico de Sheinbaum"},"content":{"rendered":"\n<p>Por Dr Alberto del Arco Ortiz<\/p>\n\n\n\n<p><em>Doctor en Alta Direcci\u00f3n<\/em> <em>Consultor, conferencista y acad\u00e9mico<\/em><\/p>\n\n\n\n<p>La reci\u00e9n elegida presidente de nuestro pa\u00eds, Claudia Sheinbaum, ha fundamentado las acciones clave de su gobierno en un documento titulado: \u201c100 Pasos para la Transformaci\u00f3n\u201d<\/p>\n\n\n\n<p>en este documento se&nbsp;sintetiza su estrategia en cuatro ejes rectores: pol\u00edticas de bienestar, sostenibilidad, infraestructura y econom\u00eda social, adem\u00e1s del fortalecimiento del sector estrat\u00e9gico.<\/p>\n\n\n\n<p>\u200bEstos cuatro ejes rectores&nbsp;buscan proyectar el crecimiento y desarrollo del pa\u00eds, con base en la pol\u00edtica de dar prioridad a las clases desprotegidas e historicamente olvidadas en el pa\u00eds, hagamos un an\u00e1lisis de cada una de ellas:<\/p>\n\n\n\n<p>1. Pol\u00edticas de bienestar y su impacto en el desarrollo econ\u00f3mico<\/p>\n\n\n\n<p>El&nbsp;plan de Sheimbaum&nbsp;enfatiza que una de las bases del crecimiento econ\u00f3mico sostenible radica en el fortalecimiento de las pol\u00edticas de bienestar, en concordancia con la pol\u00edtica de favorecer a las clases mas desprotegidas,Entre las acciones destacadas se encuentran:<\/p>\n\n\n\n<p>\u200b<strong><em>Universalizaci\u00f3n de programas sociales:<\/em><\/strong>&nbsp;La ampliaci\u00f3n de programas como la pensi\u00f3n para adultos mayores y becas para estudiantes tiene un doble prop\u00f3sito: combatir la pobreza y fomentar el consumo interno. Este enfoque busca dinamizar la econom\u00eda al permitir que m\u00e1s personas participen en actividades productivas y comerciales.<\/p>\n\n\n\n<p>\u200b<strong><em>Fortalecimiento de la educaci\u00f3n p\u00fablica:<\/em><\/strong>&nbsp;La inversi\u00f3n en infraestructura educativa, como universidades p\u00fablicas y la creaci\u00f3n de Centros de Innovaci\u00f3n Tecnol\u00f3gica, pretende cerrar brechas de desigualdad. Esto no solo impulsa la movilidad social, sino que tambi\u00e9n fortalece la base de talento del pa\u00eds, crucial para la transici\u00f3n hacia una econom\u00eda del conocimiento.<\/p>\n\n\n\n<p>\u200b<strong><em>Salud para todos:<\/em><\/strong>&nbsp;La universalizaci\u00f3n del acceso a servicios de salud de calidad, incluyendo la consolidaci\u00f3n del sistema IMSS-Bienestar, permite reducir costos por enfermedades y aumentar la productividad laboral.<\/p>\n\n\n\n<p>Estas acciones, al mejorar el nivel de vida, est\u00e1n dise\u00f1adas para generar una fuerza laboral m\u00e1s sana, educada y activa, lo que a su vez impulsa el crecimiento econ\u00f3mico a mediano y largo plazo, en una clara apuesta por el desarrollo del capital humano, como factor de impulso al desarrollo.<\/p>\n\n\n\n<p>2. Econom\u00eda sostenible y transici\u00f3n energ\u00e9tica<\/p>\n\n\n\n<p>El desarrollo econ\u00f3mico planteado en el documento se encuentra estrechamente vinculado con el cuidado del medio ambiente.&nbsp;De entre las pol\u00edticas destacadas&nbsp;se&nbsp;incluyen&nbsp;las siguientes:<\/p>\n\n\n\n<p>\u200b<strong><em>Transici\u00f3n hacia energ\u00edas renovables:<\/em><\/strong>&nbsp;La ampliaci\u00f3n de proyectos de generaci\u00f3n de energ\u00eda limpia, como la energ\u00eda solar y e\u00f3lica, posiciona a M\u00e9xico como un actor clave en la lucha contra el cambio clim\u00e1tico y reduce la dependencia de los combustibles f\u00f3siles. Adem\u00e1s, se destacan proyectos emblem\u00e1ticos como el Parque Solar de Sonora, que se presenta como el mayor de Am\u00e9rica Latina.<\/p>\n\n\n\n<p>\u200b<strong><em>Movilidad sustentable:&nbsp;<\/em><\/strong>La construcci\u00f3n de sistemas de transporte masivo como el Tren Interurbano M\u00e9xico-Toluca y la ampliaci\u00f3n del sistema de trolebuses el\u00e9ctricos busca reducir las emisiones de carbono, mientras que se mejora la conectividad econ\u00f3mica entre regiones.<\/p>\n\n\n\n<p>\u200b<strong><em>Apoyo a pr\u00e1cticas agr\u00edcolas sostenibles:<\/em><\/strong>&nbsp;La transici\u00f3n hacia modelos agr\u00edcolas amigables con el medio ambiente, como la agroecolog\u00eda, no solo busca mitigar el impacto ambiental, sino tambi\u00e9n aumentar la productividad rural.<\/p>\n\n\n\n<p>Estas iniciativas est\u00e1n dise\u00f1adas para posicionar a M\u00e9xico como un l\u00edder regional en sostenibilidad, atrayendo inversi\u00f3n extranjera en sectores innovadores y aline\u00e1ndose con est\u00e1ndares internacionales.<\/p>\n\n\n\n<p>3. Infraestructura y econom\u00eda social<\/p>\n\n\n\n<p>El desarrollo de infraestructura es uno de los pilares fundamentales para el crecimiento econ\u00f3mico. El documento detalla varias obras clave y programas para fomentar la inclusi\u00f3n social y la equidad econ\u00f3mica:<\/p>\n\n\n\n<p>\u200b<strong><em>Proyectos estrat\u00e9gicos<\/em><\/strong><strong>:<\/strong>&nbsp;La consolidaci\u00f3n de obras como el Tren Maya, el Corredor Interoce\u00e1nico del Istmo de Tehuantepec y la modernizaci\u00f3n de puertos y aeropuertos se enfocan en detonar polos de desarrollo en regiones hist\u00f3ricamente marginadas, como el sur-sureste del pa\u00eds. Estas obras no solo&nbsp;pretenden&nbsp;mejorar&nbsp;la conectividad, sino que tambi\u00e9n&nbsp;preveen la&nbsp;generaci\u00f3n de&nbsp;empleo local y&nbsp;el&nbsp;aumento&nbsp;del comercio interno y externo.<\/p>\n\n\n\n<p>\u200b<strong><em>Econom\u00eda social y solidaria:<\/em><\/strong>&nbsp;Se fomenta el fortalecimiento de cooperativas y empresas comunitarias&nbsp;y nuevas formas de producci\u00f3n y consumo,&nbsp;particularmente en sectores como el turismo sostenible y la producci\u00f3n artesanal. Esto busca incluir a comunidades marginadas en la din\u00e1mica econ\u00f3mica nacional, generando riqueza de manera descentralizada.<\/p>\n\n\n\n<p>\u200b<strong><em>Infraestructura h\u00eddrica y digital:<\/em><\/strong>&nbsp;La ampliaci\u00f3n de redes de agua potable y el acceso a internet en zonas rurales se presentan como factores indispensables para garantizar condiciones dignas de vida y habilitar nuevas oportunidades de desarrollo econ\u00f3mico.&nbsp;Aunque habr\u00e1 que reconocer que este es uno de los r\u00fabros mas complicados, debido a los problemas de desabasto de agua que acutalmente amenazan a nivel mundial.<\/p>\n\n\n\n<p>4. Fortalecimiento de sectores estrat\u00e9gicos<\/p>\n\n\n\n<p>En su plan estrat\u00e9gico el nuevo gobierno&nbsp;tambi\u00e9n se enfoca en consolidar sectores clave de la econom\u00eda mexicana, promoviendo la diversificaci\u00f3n productiva y la competitividad&nbsp;en lo que a&nbsp;innovaci\u00f3n, eficiencia organizacional, turismo y eficiencia alimentaria se refiere, conforme a los siguinetes puntos:<\/p>\n\n\n\n<p>\u200b<strong><em>Reindustrializaci\u00f3n y fomento a la innovaci\u00f3n:<\/em><\/strong>&nbsp;Se prioriza el fortalecimiento de industrias como la automotriz, electr\u00f3nica y aeroespacial, con \u00e9nfasis en la transici\u00f3n hacia la producci\u00f3n de veh\u00edculos el\u00e9ctricos y tecnolog\u00edas de bajo impacto ambiental. Tambi\u00e9n se fomenta la creaci\u00f3n de cl\u00fasteres de innovaci\u00f3n en regiones estrat\u00e9gicas.<\/p>\n\n\n\n<p>\u200b<strong><em>Apoyo a peque\u00f1as y medianas empresas (PyMEs):&nbsp;<\/em><\/strong>La creaci\u00f3n de programas de financiamiento y asesoramiento para emprendedores y PyMEs busca potenciar la econom\u00eda local, generar empleo y diversificar la oferta productiva, buscando dinamizar la econom\u00eda a trav\u00e9s de sus protagon\u00edstas mas numerosos.<\/p>\n\n\n\n<p>\u200b<strong><em>Fortalecimiento del sector tur\u00edstico:&nbsp;<\/em><\/strong>Se reconoce al turismo como un motor econ\u00f3mico crucial, con inversiones en infraestructura, promoci\u00f3n de destinos y preservaci\u00f3n del patrimonio cultural y natural. Historicamente nuestro pa\u00eds se ha conformado como una potencia tur\u00edstica, por lo que el plan contempla el fortalecimiento del sector a partir de una visi\u00f3n interna, fomentando prioritariamente el desarrollo de las comunidades anfitrionas.<\/p>\n\n\n\n<p>\u200b<strong><em>Soberan\u00eda alimentaria:<\/em><\/strong>&nbsp;Este es un r\u00fabro que se ha venido buscando desde hace tiempo y que para la pol\u00edtica de la 4T es un punto encial,&nbsp;Mediante el impulso a la producci\u00f3n nacional de alimentos b\u00e1sicos, el gobierno busca reducir la dependencia de importaciones y garantizar precios accesibles para la poblaci\u00f3n, al tiempo que fortalece la productividad nacional y el mercado interno.<\/p>\n\n\n\n<p>En su proyecci\u00f3n futura, Sheinbaum intenta una estrategia diversificada, visualizando varios frentes de ataque, con un com\u00fan denominador que es el bienestar de las clases populares a partir del crecimiento y desarrollo econ\u00f3mico.&nbsp;En el documento \u201c100 Pasos para la Transformaci\u00f3n\u201d&nbsp;se&nbsp;traza una visi\u00f3n integral del desarrollo econ\u00f3mico basada en la justicia social, la sostenibilidad ambiental y el fortalecimiento de sectores estrat\u00e9gicos.&nbsp;<\/p>\n\n\n\n<p>De&nbsp;manera particular, consideramos que existen una serie de puntos que se compaginan de forma estrat\u00e9gica y que precisamente en su integraci\u00f3n radica, tanto el \u00e9xito como los efectos positivos y el impacto que pudieran generar en otros de los puntos del plan, los puntos referidos son:<\/p>\n\n\n\n<p>a)&nbsp;Fortalecimiento de la educaci\u00f3n p\u00fablica: sabemos que cualquier pa\u00eds que pretenda mejorar sus condiciones de bienestar debe invertir en educaci\u00f3n, el fomento a la educaci\u00f3n es esencial en el plan estrat\u00e9gico, sin embargo, se debe aprovechar toda la infraestructura existente y fomentar las alianzas estrat\u00e9gicas y programas de cooperaci\u00f3n con instituciones privadas de prestigio que sin duda pueden hacer aportes significativos en este rubro.<\/p>\n\n\n\n<p>b)&nbsp;Salud: para lograr, de manera conjunta con el punto anterior, el fortalecimiento del concepto \u201ccapital humano\u201d para el pa\u00eds es necesario que la poblaci\u00f3n cuente con las condiciones \u00f3ptimas de equilibrio bio psico social, que le permitan desarrollar todo su potencial en su m\u00e1xima expresi\u00f3n.<\/p>\n\n\n\n<p>c)&nbsp;Trancisi\u00f3n energ\u00e9tica \u2013 movilidad sustentable:&nbsp;en combinaci\u00f3n estos puntos resultar\u00e1n clave para&nbsp;proyectar al pa\u00eds a una nueva forma de satisfacer sus requerimientos energ\u00e9ticos, como su nombre lo indica la trancisi\u00f3n energ\u00e9tica no se puede dar de forma inmediata, tendr\u00e1 que ser paulatina y con pasos estrat\u00e9gicos bien definidos, iniciar con la mira puesta en la movilidad social, puede resultar una decisi\u00f3n muy atinada.<\/p>\n\n\n\n<p>d)&nbsp;Economia social y solidaria: como lo mencionamos en el n\u00famero anterior de nuestra revista, es una de las estrategias mas importantes porque no s\u00f3lo involucra a sectores sociales que antes eran olvidados, sino que los pone en el centro mismo del desarrollo econ\u00f3mico, reconociendo su immportancia y aporte a la econom\u00eda en su conjunto.<\/p>\n\n\n\n<p>e)&nbsp;Innovaci\u00f3n: Es un tema que hemos venido abordando en algunos de los n\u00fameros pasados y que se complementa de forma puntual con el punto anterior, la apuesta por los ecosistemas de innovaci\u00f3n a partir del fortalecimiento de proyectos productivos de las Pymes en el entorno de la economia social, pero con la intenci\u00f3n de interactuar y conectarse con otras \u00e1reas de la econom\u00eda.<\/p>\n\n\n\n<p>f)&nbsp;Pymes y turismo: finalmente, la conexi\u00f3n entre las Pymes y uno de los sectores en los que M\u00e9xico se ha conformado como potencia internacional, como lo es el tursmo es una apuesta muy interesante y estrat\u00e9gica,&nbsp;que se presenta con un potencial muy interesante.<\/p>\n\n\n\n<p>Las acciones propuestas buscan no solo reactivar la econom\u00eda, sino tambi\u00e9n garantizar que los beneficios del crecimiento sean distribuidos de manera equitativa. Si bien el \u00e9xito de estas iniciativas depender\u00e1 de su implementaci\u00f3n efectiva, el plan refleja una apuesta clara por construir un M\u00e9xico m\u00e1s inclusivo, competitivo y resiliente frente a los desaf\u00edos del futuro.<\/p>\n","protected":false},"excerpt":{"rendered":"<p>Por Dr Alberto del Arco Ortiz Doctor en Alta Direcci\u00f3n Consultor, conferencista y acad\u00e9mico La&#8230;<\/p>\n","protected":false},"author":2,"featured_media":113781,"comment_status":"open","ping_status":"open","sticky":false,"template":"","format":"standard","meta":{"_monsterinsights_skip_tracking":false,"_monsterinsights_sitenote_active":false,"_monsterinsights_sitenote_note":"","_monsterinsights_sitenote_category":0,"footnotes":""},"categories":[56],"tags":[],"class_list":["post-113780","post","type-post","status-publish","format-standard","has-post-thumbnail","hentry","category-economia"],"yoast_head":"<!-- This site is optimized with the Yoast SEO plugin v27.3 - https:\/\/yoast.com\/product\/yoast-seo-wordpress\/ -->\n<title>El Quehacer Pol\u00edtico en las Finanzas a trav\u00e9s de la opini\u00f3n\/\/\/Dr Alberto del Arco\/\/\/Los\u00a0100 pasos para la transformaci\u00f3n, el plan estrat\u00e9gico de Sheinbaum -<\/title>\n<meta name=\"robots\" content=\"index, follow, max-snippet:-1, max-image-preview:large, max-video-preview:-1\" \/>\n<link rel=\"canonical\" href=\"https:\/\/quehacerpolitico.mx\/?p=113780\" \/>\n<meta property=\"og:locale\" content=\"es_MX\" \/>\n<meta property=\"og:type\" content=\"article\" \/>\n<meta property=\"og:title\" content=\"El Quehacer Pol\u00edtico en las Finanzas a trav\u00e9s de la opini\u00f3n\/\/\/Dr Alberto del Arco\/\/\/Los\u00a0100 pasos para la transformaci\u00f3n, el plan estrat\u00e9gico de Sheinbaum -\" \/>\n<meta property=\"og:description\" content=\"Por Dr Alberto del Arco Ortiz Doctor en Alta Direcci\u00f3n Consultor, conferencista y acad\u00e9mico La...\" \/>\n<meta property=\"og:url\" content=\"https:\/\/quehacerpolitico.mx\/?p=113780\" \/>\n<meta property=\"article:published_time\" content=\"2024-12-12T06:10:59+00:00\" \/>\n<meta property=\"article:modified_time\" content=\"2024-12-12T06:11:01+00:00\" \/>\n<meta property=\"og:image\" content=\"https:\/\/quehacerpolitico.mx\/wp-content\/uploads\/2024\/12\/ddfebada-ba8e-4e7d-a8fd-023277769b76.jpeg\" \/>\n\t<meta property=\"og:image:width\" content=\"963\" \/>\n\t<meta property=\"og:image:height\" content=\"493\" \/>\n\t<meta property=\"og:image:type\" content=\"image\/jpeg\" \/>\n<meta name=\"author\" content=\"Redacci\u00f3n QP\" \/>\n<meta name=\"twitter:card\" content=\"summary_large_image\" \/>\n<meta name=\"twitter:label1\" content=\"Escrito por\" \/>\n\t<meta name=\"twitter:data1\" content=\"Redacci\u00f3n QP\" \/>\n\t<meta name=\"twitter:label2\" content=\"Tiempo de lectura\" \/>\n\t<meta name=\"twitter:data2\" content=\"9 minutos\" \/>\n<script type=\"application\/ld+json\" class=\"yoast-schema-graph\">{\"@context\":\"https:\\\/\\\/schema.org\",\"@graph\":[{\"@type\":\"Article\",\"@id\":\"https:\\\/\\\/quehacerpolitico.mx\\\/?p=113780#article\",\"isPartOf\":{\"@id\":\"https:\\\/\\\/quehacerpolitico.mx\\\/?p=113780\"},\"author\":{\"name\":\"Redacci\u00f3n QP\",\"@id\":\"https:\\\/\\\/quehacerpolitico.mx\\\/#\\\/schema\\\/person\\\/496d8ad2d1d3f8036101dca7ee39e585\"},\"headline\":\"El Quehacer Pol\u00edtico en las Finanzas a trav\u00e9s de la opini\u00f3n\\\/\\\/\\\/Dr Alberto del Arco\\\/\\\/\\\/Los\u00a0100 pasos para la transformaci\u00f3n, el plan estrat\u00e9gico de Sheinbaum\",\"datePublished\":\"2024-12-12T06:10:59+00:00\",\"dateModified\":\"2024-12-12T06:11:01+00:00\",\"mainEntityOfPage\":{\"@id\":\"https:\\\/\\\/quehacerpolitico.mx\\\/?p=113780\"},\"wordCount\":1755,\"commentCount\":0,\"image\":{\"@id\":\"https:\\\/\\\/quehacerpolitico.mx\\\/?p=113780#primaryimage\"},\"thumbnailUrl\":\"https:\\\/\\\/quehacerpolitico.mx\\\/wp-content\\\/uploads\\\/2024\\\/12\\\/ddfebada-ba8e-4e7d-a8fd-023277769b76.jpeg\",\"articleSection\":[\"Econom\u00eda\"],\"inLanguage\":\"es\",\"potentialAction\":[{\"@type\":\"CommentAction\",\"name\":\"Comment\",\"target\":[\"https:\\\/\\\/quehacerpolitico.mx\\\/?p=113780#respond\"]}]},{\"@type\":\"WebPage\",\"@id\":\"https:\\\/\\\/quehacerpolitico.mx\\\/?p=113780\",\"url\":\"https:\\\/\\\/quehacerpolitico.mx\\\/?p=113780\",\"name\":\"El Quehacer Pol\u00edtico en las Finanzas a trav\u00e9s de la opini\u00f3n\\\/\\\/\\\/Dr Alberto del Arco\\\/\\\/\\\/Los\u00a0100 pasos para la transformaci\u00f3n, el plan estrat\u00e9gico de Sheinbaum -\",\"isPartOf\":{\"@id\":\"https:\\\/\\\/quehacerpolitico.mx\\\/#website\"},\"primaryImageOfPage\":{\"@id\":\"https:\\\/\\\/quehacerpolitico.mx\\\/?p=113780#primaryimage\"},\"image\":{\"@id\":\"https:\\\/\\\/quehacerpolitico.mx\\\/?p=113780#primaryimage\"},\"thumbnailUrl\":\"https:\\\/\\\/quehacerpolitico.mx\\\/wp-content\\\/uploads\\\/2024\\\/12\\\/ddfebada-ba8e-4e7d-a8fd-023277769b76.jpeg\",\"datePublished\":\"2024-12-12T06:10:59+00:00\",\"dateModified\":\"2024-12-12T06:11:01+00:00\",\"author\":{\"@id\":\"https:\\\/\\\/quehacerpolitico.mx\\\/#\\\/schema\\\/person\\\/496d8ad2d1d3f8036101dca7ee39e585\"},\"breadcrumb\":{\"@id\":\"https:\\\/\\\/quehacerpolitico.mx\\\/?p=113780#breadcrumb\"},\"inLanguage\":\"es\",\"potentialAction\":[{\"@type\":\"ReadAction\",\"target\":[\"https:\\\/\\\/quehacerpolitico.mx\\\/?p=113780\"]}]},{\"@type\":\"ImageObject\",\"inLanguage\":\"es\",\"@id\":\"https:\\\/\\\/quehacerpolitico.mx\\\/?p=113780#primaryimage\",\"url\":\"https:\\\/\\\/quehacerpolitico.mx\\\/wp-content\\\/uploads\\\/2024\\\/12\\\/ddfebada-ba8e-4e7d-a8fd-023277769b76.jpeg\",\"contentUrl\":\"https:\\\/\\\/quehacerpolitico.mx\\\/wp-content\\\/uploads\\\/2024\\\/12\\\/ddfebada-ba8e-4e7d-a8fd-023277769b76.jpeg\",\"width\":963,\"height\":493},{\"@type\":\"BreadcrumbList\",\"@id\":\"https:\\\/\\\/quehacerpolitico.mx\\\/?p=113780#breadcrumb\",\"itemListElement\":[{\"@type\":\"ListItem\",\"position\":1,\"name\":\"Inicio\",\"item\":\"https:\\\/\\\/quehacerpolitico.mx\\\/\"},{\"@type\":\"ListItem\",\"position\":2,\"name\":\"El Quehacer Pol\u00edtico en las Finanzas a trav\u00e9s de la opini\u00f3n\\\/\\\/\\\/Dr Alberto del Arco\\\/\\\/\\\/Los\u00a0100 pasos para la transformaci\u00f3n, el plan estrat\u00e9gico de Sheinbaum\"}]},{\"@type\":\"WebSite\",\"@id\":\"https:\\\/\\\/quehacerpolitico.mx\\\/#website\",\"url\":\"https:\\\/\\\/quehacerpolitico.mx\\\/\",\"name\":\"\",\"description\":\"\",\"potentialAction\":[{\"@type\":\"SearchAction\",\"target\":{\"@type\":\"EntryPoint\",\"urlTemplate\":\"https:\\\/\\\/quehacerpolitico.mx\\\/?s={search_term_string}\"},\"query-input\":{\"@type\":\"PropertyValueSpecification\",\"valueRequired\":true,\"valueName\":\"search_term_string\"}}],\"inLanguage\":\"es\"},{\"@type\":\"Person\",\"@id\":\"https:\\\/\\\/quehacerpolitico.mx\\\/#\\\/schema\\\/person\\\/496d8ad2d1d3f8036101dca7ee39e585\",\"name\":\"Redacci\u00f3n QP\",\"image\":{\"@type\":\"ImageObject\",\"inLanguage\":\"es\",\"@id\":\"https:\\\/\\\/secure.gravatar.com\\\/avatar\\\/c7164ed6fdec453195284ad24a5ae5b6e1eed2b848477fa2a4787ba9adf39a41?s=96&d=mm&r=g\",\"url\":\"https:\\\/\\\/secure.gravatar.com\\\/avatar\\\/c7164ed6fdec453195284ad24a5ae5b6e1eed2b848477fa2a4787ba9adf39a41?s=96&d=mm&r=g\",\"contentUrl\":\"https:\\\/\\\/secure.gravatar.com\\\/avatar\\\/c7164ed6fdec453195284ad24a5ae5b6e1eed2b848477fa2a4787ba9adf39a41?s=96&d=mm&r=g\",\"caption\":\"Redacci\u00f3n QP\"},\"url\":\"https:\\\/\\\/quehacerpolitico.mx\\\/?author=2\"}]}<\/script>\n<!-- \/ Yoast SEO plugin. -->","yoast_head_json":{"title":"El Quehacer Pol\u00edtico en las Finanzas a trav\u00e9s de la opini\u00f3n\/\/\/Dr Alberto del Arco\/\/\/Los\u00a0100 pasos para la transformaci\u00f3n, el plan estrat\u00e9gico de Sheinbaum -","robots":{"index":"index","follow":"follow","max-snippet":"max-snippet:-1","max-image-preview":"max-image-preview:large","max-video-preview":"max-video-preview:-1"},"canonical":"https:\/\/quehacerpolitico.mx\/?p=113780","og_locale":"es_MX","og_type":"article","og_title":"El Quehacer Pol\u00edtico en las Finanzas a trav\u00e9s de la opini\u00f3n\/\/\/Dr Alberto del Arco\/\/\/Los\u00a0100 pasos para la transformaci\u00f3n, el plan estrat\u00e9gico de Sheinbaum -","og_description":"Por Dr Alberto del Arco Ortiz Doctor en Alta Direcci\u00f3n Consultor, conferencista y acad\u00e9mico La...","og_url":"https:\/\/quehacerpolitico.mx\/?p=113780","article_published_time":"2024-12-12T06:10:59+00:00","article_modified_time":"2024-12-12T06:11:01+00:00","og_image":[{"width":963,"height":493,"url":"https:\/\/quehacerpolitico.mx\/wp-content\/uploads\/2024\/12\/ddfebada-ba8e-4e7d-a8fd-023277769b76.jpeg","type":"image\/jpeg"}],"author":"Redacci\u00f3n QP","twitter_card":"summary_large_image","twitter_misc":{"Escrito por":"Redacci\u00f3n QP","Tiempo de lectura":"9 minutos"},"schema":{"@context":"https:\/\/schema.org","@graph":[{"@type":"Article","@id":"https:\/\/quehacerpolitico.mx\/?p=113780#article","isPartOf":{"@id":"https:\/\/quehacerpolitico.mx\/?p=113780"},"author":{"name":"Redacci\u00f3n QP","@id":"https:\/\/quehacerpolitico.mx\/#\/schema\/person\/496d8ad2d1d3f8036101dca7ee39e585"},"headline":"El Quehacer Pol\u00edtico en las Finanzas a trav\u00e9s de la opini\u00f3n\/\/\/Dr Alberto del Arco\/\/\/Los\u00a0100 pasos para la transformaci\u00f3n, el plan estrat\u00e9gico de Sheinbaum","datePublished":"2024-12-12T06:10:59+00:00","dateModified":"2024-12-12T06:11:01+00:00","mainEntityOfPage":{"@id":"https:\/\/quehacerpolitico.mx\/?p=113780"},"wordCount":1755,"commentCount":0,"image":{"@id":"https:\/\/quehacerpolitico.mx\/?p=113780#primaryimage"},"thumbnailUrl":"https:\/\/quehacerpolitico.mx\/wp-content\/uploads\/2024\/12\/ddfebada-ba8e-4e7d-a8fd-023277769b76.jpeg","articleSection":["Econom\u00eda"],"inLanguage":"es","potentialAction":[{"@type":"CommentAction","name":"Comment","target":["https:\/\/quehacerpolitico.mx\/?p=113780#respond"]}]},{"@type":"WebPage","@id":"https:\/\/quehacerpolitico.mx\/?p=113780","url":"https:\/\/quehacerpolitico.mx\/?p=113780","name":"El Quehacer Pol\u00edtico en las Finanzas a trav\u00e9s de la opini\u00f3n\/\/\/Dr Alberto del Arco\/\/\/Los\u00a0100 pasos para la transformaci\u00f3n, el plan estrat\u00e9gico de Sheinbaum -","isPartOf":{"@id":"https:\/\/quehacerpolitico.mx\/#website"},"primaryImageOfPage":{"@id":"https:\/\/quehacerpolitico.mx\/?p=113780#primaryimage"},"image":{"@id":"https:\/\/quehacerpolitico.mx\/?p=113780#primaryimage"},"thumbnailUrl":"https:\/\/quehacerpolitico.mx\/wp-content\/uploads\/2024\/12\/ddfebada-ba8e-4e7d-a8fd-023277769b76.jpeg","datePublished":"2024-12-12T06:10:59+00:00","dateModified":"2024-12-12T06:11:01+00:00","author":{"@id":"https:\/\/quehacerpolitico.mx\/#\/schema\/person\/496d8ad2d1d3f8036101dca7ee39e585"},"breadcrumb":{"@id":"https:\/\/quehacerpolitico.mx\/?p=113780#breadcrumb"},"inLanguage":"es","potentialAction":[{"@type":"ReadAction","target":["https:\/\/quehacerpolitico.mx\/?p=113780"]}]},{"@type":"ImageObject","inLanguage":"es","@id":"https:\/\/quehacerpolitico.mx\/?p=113780#primaryimage","url":"https:\/\/quehacerpolitico.mx\/wp-content\/uploads\/2024\/12\/ddfebada-ba8e-4e7d-a8fd-023277769b76.jpeg","contentUrl":"https:\/\/quehacerpolitico.mx\/wp-content\/uploads\/2024\/12\/ddfebada-ba8e-4e7d-a8fd-023277769b76.jpeg","width":963,"height":493},{"@type":"BreadcrumbList","@id":"https:\/\/quehacerpolitico.mx\/?p=113780#breadcrumb","itemListElement":[{"@type":"ListItem","position":1,"name":"Inicio","item":"https:\/\/quehacerpolitico.mx\/"},{"@type":"ListItem","position":2,"name":"El Quehacer Pol\u00edtico en las Finanzas a trav\u00e9s de la opini\u00f3n\/\/\/Dr Alberto del Arco\/\/\/Los\u00a0100 pasos para la transformaci\u00f3n, el plan estrat\u00e9gico de Sheinbaum"}]},{"@type":"WebSite","@id":"https:\/\/quehacerpolitico.mx\/#website","url":"https:\/\/quehacerpolitico.mx\/","name":"","description":"","potentialAction":[{"@type":"SearchAction","target":{"@type":"EntryPoint","urlTemplate":"https:\/\/quehacerpolitico.mx\/?s={search_term_string}"},"query-input":{"@type":"PropertyValueSpecification","valueRequired":true,"valueName":"search_term_string"}}],"inLanguage":"es"},{"@type":"Person","@id":"https:\/\/quehacerpolitico.mx\/#\/schema\/person\/496d8ad2d1d3f8036101dca7ee39e585","name":"Redacci\u00f3n QP","image":{"@type":"ImageObject","inLanguage":"es","@id":"https:\/\/secure.gravatar.com\/avatar\/c7164ed6fdec453195284ad24a5ae5b6e1eed2b848477fa2a4787ba9adf39a41?s=96&d=mm&r=g","url":"https:\/\/secure.gravatar.com\/avatar\/c7164ed6fdec453195284ad24a5ae5b6e1eed2b848477fa2a4787ba9adf39a41?s=96&d=mm&r=g","contentUrl":"https:\/\/secure.gravatar.com\/avatar\/c7164ed6fdec453195284ad24a5ae5b6e1eed2b848477fa2a4787ba9adf39a41?s=96&d=mm&r=g","caption":"Redacci\u00f3n QP"},"url":"https:\/\/quehacerpolitico.mx\/?author=2"}]}},"featured_image_urls":{"full":["https:\/\/quehacerpolitico.mx\/wp-content\/uploads\/2024\/12\/ddfebada-ba8e-4e7d-a8fd-023277769b76.jpeg",963,493,false],"thumbnail":["https:\/\/quehacerpolitico.mx\/wp-content\/uploads\/2024\/12\/ddfebada-ba8e-4e7d-a8fd-023277769b76-150x150.jpeg",150,150,true],"medium":["https:\/\/quehacerpolitico.mx\/wp-content\/uploads\/2024\/12\/ddfebada-ba8e-4e7d-a8fd-023277769b76-300x154.jpeg",300,154,true],"medium_large":["https:\/\/quehacerpolitico.mx\/wp-content\/uploads\/2024\/12\/ddfebada-ba8e-4e7d-a8fd-023277769b76-768x393.jpeg",640,328,true],"large":["https:\/\/quehacerpolitico.mx\/wp-content\/uploads\/2024\/12\/ddfebada-ba8e-4e7d-a8fd-023277769b76.jpeg",640,328,false],"1536x1536":["https:\/\/quehacerpolitico.mx\/wp-content\/uploads\/2024\/12\/ddfebada-ba8e-4e7d-a8fd-023277769b76.jpeg",963,493,false],"2048x2048":["https:\/\/quehacerpolitico.mx\/wp-content\/uploads\/2024\/12\/ddfebada-ba8e-4e7d-a8fd-023277769b76.jpeg",963,493,false],"covernews-featured":["https:\/\/quehacerpolitico.mx\/wp-content\/uploads\/2024\/12\/ddfebada-ba8e-4e7d-a8fd-023277769b76.jpeg",963,493,false],"covernews-medium":["https:\/\/quehacerpolitico.mx\/wp-content\/uploads\/2024\/12\/ddfebada-ba8e-4e7d-a8fd-023277769b76-540x340.jpeg",540,340,true]},"author_info":{"display_name":"Redacci\u00f3n QP","author_link":"https:\/\/quehacerpolitico.mx\/?author=2"},"category_info":"<a href=\"https:\/\/quehacerpolitico.mx\/?cat=56\" rel=\"category\">Econom\u00eda<\/a>","tag_info":"Econom\u00eda","comment_count":"0","_links":{"self":[{"href":"https:\/\/quehacerpolitico.mx\/index.php?rest_route=\/wp\/v2\/posts\/113780","targetHints":{"allow":["GET"]}}],"collection":[{"href":"https:\/\/quehacerpolitico.mx\/index.php?rest_route=\/wp\/v2\/posts"}],"about":[{"href":"https:\/\/quehacerpolitico.mx\/index.php?rest_route=\/wp\/v2\/types\/post"}],"author":[{"embeddable":true,"href":"https:\/\/quehacerpolitico.mx\/index.php?rest_route=\/wp\/v2\/users\/2"}],"replies":[{"embeddable":true,"href":"https:\/\/quehacerpolitico.mx\/index.php?rest_route=%2Fwp%2Fv2%2Fcomments&post=113780"}],"version-history":[{"count":1,"href":"https:\/\/quehacerpolitico.mx\/index.php?rest_route=\/wp\/v2\/posts\/113780\/revisions"}],"predecessor-version":[{"id":113782,"href":"https:\/\/quehacerpolitico.mx\/index.php?rest_route=\/wp\/v2\/posts\/113780\/revisions\/113782"}],"wp:featuredmedia":[{"embeddable":true,"href":"https:\/\/quehacerpolitico.mx\/index.php?rest_route=\/wp\/v2\/media\/113781"}],"wp:attachment":[{"href":"https:\/\/quehacerpolitico.mx\/index.php?rest_route=%2Fwp%2Fv2%2Fmedia&parent=113780"}],"wp:term":[{"taxonomy":"category","embeddable":true,"href":"https:\/\/quehacerpolitico.mx\/index.php?rest_route=%2Fwp%2Fv2%2Fcategories&post=113780"},{"taxonomy":"post_tag","embeddable":true,"href":"https:\/\/quehacerpolitico.mx\/index.php?rest_route=%2Fwp%2Fv2%2Ftags&post=113780"}],"curies":[{"name":"wp","href":"https:\/\/api.w.org\/{rel}","templated":true}]}}