{"id":113770,"date":"2024-12-11T23:47:13","date_gmt":"2024-12-12T05:47:13","guid":{"rendered":"https:\/\/quehacerpolitico.mx\/?p=113770"},"modified":"2024-12-11T23:47:15","modified_gmt":"2024-12-12T05:47:15","slug":"llega-la-fiesta-convitera-y-posada-navidena-al-pabellon-de-cultura-comunitaria","status":"publish","type":"post","link":"https:\/\/quehacerpolitico.mx\/?p=113770","title":{"rendered":"LLEGA LA FIESTA CONVITERA Y POSADA NAVIDE\u00d1A AL PABELL\u00d3N DE CULTURA COMUNITARIA"},"content":{"rendered":"\n<p>Por Redacci\u00f3n QP<\/p>\n\n\n\n<ul class=\"wp-block-list\">\n<li><strong>Se contar\u00e1 con creaci\u00f3n de pi\u00f1atas, encendido del \u00e1rbol navide\u00f1o y presentaciones esc\u00e9nicas, entre otros eventos<\/strong><\/li>\n\n\n\n<li><strong>Las actividades estar\u00e1n disponibles de 12:00 a 19:00 h<\/strong><\/li>\n<\/ul>\n\n\n\n<p>La Secretar\u00eda de Cultura del Gobierno de M\u00e9xico, a trav\u00e9s del programa Cultura Comunitaria, invita a participar en la primera \u201cFiesta convitera y posada navide\u00f1a\u201d en el Pabell\u00f3n de Cultura Comunitaria, que se llevar\u00e1n a cabo el pr\u00f3ximo s\u00e1bado 14 de diciembre de 2024.<\/p>\n\n\n\n<p>De entrada gratuita, los eventos tienen como objetivo difundir la oferta cultural del espacio, promover la participaci\u00f3n activa de la comunidad, el disfrute de las tradiciones y fortalecer el intercambio art\u00edstico a trav\u00e9s de diversas actividades intergeneracionales como la creaci\u00f3n de pi\u00f1atas, el encendido del \u00e1rbol navide\u00f1o, presentaciones esc\u00e9nicas y talleres art\u00edsticos.<\/p>\n\n\n\n<figure class=\"wp-block-image size-large\"><img loading=\"lazy\" decoding=\"async\" width=\"1024\" height=\"1024\" src=\"https:\/\/quehacerpolitico.mx\/wp-content\/uploads\/2024\/12\/image-28-1024x1024.jpeg\" alt=\"\" class=\"wp-image-113773\" srcset=\"https:\/\/quehacerpolitico.mx\/wp-content\/uploads\/2024\/12\/image-28-1024x1024.jpeg 1024w, https:\/\/quehacerpolitico.mx\/wp-content\/uploads\/2024\/12\/image-28-300x300.jpeg 300w, https:\/\/quehacerpolitico.mx\/wp-content\/uploads\/2024\/12\/image-28-150x150.jpeg 150w, https:\/\/quehacerpolitico.mx\/wp-content\/uploads\/2024\/12\/image-28-768x768.jpeg 768w, https:\/\/quehacerpolitico.mx\/wp-content\/uploads\/2024\/12\/image-28-1536x1536.jpeg 1536w, https:\/\/quehacerpolitico.mx\/wp-content\/uploads\/2024\/12\/image-28.jpeg 1600w\" sizes=\"auto, (max-width: 1024px) 100vw, 1024px\" \/><\/figure>\n\n\n\n<figure class=\"wp-block-image size-full\"><img loading=\"lazy\" decoding=\"async\" width=\"366\" height=\"436\" src=\"https:\/\/quehacerpolitico.mx\/wp-content\/uploads\/2024\/12\/image-27.jpeg\" alt=\"\" class=\"wp-image-113772\" srcset=\"https:\/\/quehacerpolitico.mx\/wp-content\/uploads\/2024\/12\/image-27.jpeg 366w, https:\/\/quehacerpolitico.mx\/wp-content\/uploads\/2024\/12\/image-27-252x300.jpeg 252w\" sizes=\"auto, (max-width: 366px) 100vw, 366px\" \/><\/figure>\n\n\n\n<p>El s\u00e1bado 14 de diciembre, a partir de las 12:00 h, se podr\u00e1 visitar la exposici\u00f3n \u201cSomos Semilla\u201d en la Galer\u00eda Polivalente del recinto; se apreciar\u00e1 una presentaci\u00f3n de circo por parte de los Semilleros Creativos del Pabell\u00f3n y en los jardines, las y los asistentes participar\u00e1n en los talleres de oficios culturales para crear su propio miniarbolito de Navidad, una minipi\u00f1ata, pegatinas de gel y estampar su carta para los Reyes Magos.<\/p>\n\n\n\n<p>Por su parte, Alas y Ra\u00edces ofrecer\u00e1, en el foro El Ombligo de la Luna, la narraci\u00f3n oral Aventuras instant\u00e1neas, a cargo de Antonio Zacruz.<\/p>\n\n\n\n<p>Como parte de la Fiesta convitera del Convite cultural &#8220;Donde la comunidad florece&#8221;, se concluir\u00e1 una c\u00e1psula del tiempo que las y los participantes han elaborado a lo largo de las jornadas.<\/p>\n\n\n\n<p>Cabe destacar que las Fiestas conviteras son celebraciones para el encuentro y la armon\u00eda con familiares y amistades, en las que se muestran los procesos realizados en las jornadas de Convites culturales -convivencias semanales mediante actividades art\u00edsticas y culturales dirigidas a p\u00fablicos de todas las edades, en contextos de vulnerabilidad o violencias- y en los que se promueve el disfrute y la apropiaci\u00f3n afectiva de los espacios p\u00fablicos.<\/p>\n\n\n\n<figure class=\"wp-block-image size-full\"><img loading=\"lazy\" decoding=\"async\" width=\"960\" height=\"640\" src=\"https:\/\/quehacerpolitico.mx\/wp-content\/uploads\/2024\/12\/image-30.jpeg\" alt=\"\" class=\"wp-image-113775\" srcset=\"https:\/\/quehacerpolitico.mx\/wp-content\/uploads\/2024\/12\/image-30.jpeg 960w, https:\/\/quehacerpolitico.mx\/wp-content\/uploads\/2024\/12\/image-30-300x200.jpeg 300w, https:\/\/quehacerpolitico.mx\/wp-content\/uploads\/2024\/12\/image-30-768x512.jpeg 768w\" sizes=\"auto, (max-width: 960px) 100vw, 960px\" \/><\/figure>\n\n\n\n<figure class=\"wp-block-image size-large\"><img loading=\"lazy\" decoding=\"async\" width=\"1024\" height=\"629\" src=\"https:\/\/quehacerpolitico.mx\/wp-content\/uploads\/2024\/12\/image-29-1024x629.jpeg\" alt=\"\" class=\"wp-image-113774\" srcset=\"https:\/\/quehacerpolitico.mx\/wp-content\/uploads\/2024\/12\/image-29-1024x629.jpeg 1024w, https:\/\/quehacerpolitico.mx\/wp-content\/uploads\/2024\/12\/image-29-300x184.jpeg 300w, https:\/\/quehacerpolitico.mx\/wp-content\/uploads\/2024\/12\/image-29-768x472.jpeg 768w, https:\/\/quehacerpolitico.mx\/wp-content\/uploads\/2024\/12\/image-29.jpeg 1500w\" sizes=\"auto, (max-width: 1024px) 100vw, 1024px\" \/><\/figure>\n\n\n\n<p>Tambi\u00e9n, se llevar\u00e1 a cabo una presentaci\u00f3n musical de las y los conviteros de Tlapechico y se cantar\u00e1 una selecci\u00f3n de villancicos navide\u00f1os a cargo del Ensamble Esc\u00e9nico Vocal del Sistema Nacional de Fomento Musical.<\/p>\n\n\n\n<p>Finalmente, se romper\u00e1n las pi\u00f1atas, para dar paso al encendido del \u00e1rbol de Navidad.<\/p>\n\n\n\n<p>Cabe destacar que, el Pabell\u00f3n de Cultura Comunitaria es un espacio p\u00fablico, dise\u00f1ado para el disfrute, el aprendizaje, la participaci\u00f3n de la vida cultural y el ejercicio efectivo de los derechos culturales de las y los habitantes del poniente de la Ciudad de M\u00e9xico, as\u00ed como de visitantes de la Rep\u00fablica mexicana y del mundo.<\/p>\n\n\n\n<p>Para m\u00e1s informaci\u00f3n sobre la programaci\u00f3n de estas actividades se puede consultar la p\u00e1gina web:&nbsp;<a href=\"http:\/\/culturacomunitaria.gob.mx\/\" target=\"_blank\" rel=\"noreferrer noopener\">culturacomunitaria.gob.mx<\/a>, as\u00ed como las redes sociales de la Direcci\u00f3n General de Vinculaci\u00f3n Cultural (Facebook y X: @VinculaCultura).<\/p>\n","protected":false},"excerpt":{"rendered":"<p>Por Redacci\u00f3n QP La Secretar\u00eda de Cultura del Gobierno de M\u00e9xico, a trav\u00e9s del programa&#8230;<\/p>\n","protected":false},"author":2,"featured_media":113771,"comment_status":"open","ping_status":"open","sticky":false,"template":"","format":"standard","meta":{"_monsterinsights_skip_tracking":false,"_monsterinsights_sitenote_active":false,"_monsterinsights_sitenote_note":"","_monsterinsights_sitenote_category":0,"footnotes":""},"categories":[58],"tags":[],"class_list":["post-113770","post","type-post","status-publish","format-standard","has-post-thumbnail","hentry","category-cultura"],"yoast_head":"<!-- This site is optimized with the Yoast SEO plugin v27.3 - https:\/\/yoast.com\/product\/yoast-seo-wordpress\/ -->\n<title>LLEGA LA FIESTA CONVITERA Y POSADA NAVIDE\u00d1A AL PABELL\u00d3N DE CULTURA COMUNITARIA -<\/title>\n<meta name=\"robots\" content=\"index, follow, max-snippet:-1, max-image-preview:large, max-video-preview:-1\" \/>\n<link rel=\"canonical\" href=\"https:\/\/quehacerpolitico.mx\/?p=113770\" \/>\n<meta property=\"og:locale\" content=\"es_MX\" \/>\n<meta property=\"og:type\" content=\"article\" \/>\n<meta property=\"og:title\" content=\"LLEGA LA FIESTA CONVITERA Y POSADA NAVIDE\u00d1A AL PABELL\u00d3N DE CULTURA COMUNITARIA -\" \/>\n<meta property=\"og:description\" content=\"Por Redacci\u00f3n QP La Secretar\u00eda de Cultura del Gobierno de M\u00e9xico, a trav\u00e9s del programa...\" \/>\n<meta property=\"og:url\" content=\"https:\/\/quehacerpolitico.mx\/?p=113770\" \/>\n<meta property=\"article:published_time\" content=\"2024-12-12T05:47:13+00:00\" \/>\n<meta property=\"article:modified_time\" content=\"2024-12-12T05:47:15+00:00\" \/>\n<meta property=\"og:image\" content=\"https:\/\/quehacerpolitico.mx\/wp-content\/uploads\/2024\/12\/IMG_9538.jpeg\" \/>\n\t<meta property=\"og:image:width\" content=\"1500\" \/>\n\t<meta property=\"og:image:height\" content=\"1000\" \/>\n\t<meta property=\"og:image:type\" content=\"image\/jpeg\" \/>\n<meta name=\"author\" content=\"Redacci\u00f3n QP\" \/>\n<meta name=\"twitter:card\" content=\"summary_large_image\" \/>\n<meta name=\"twitter:label1\" content=\"Escrito por\" \/>\n\t<meta name=\"twitter:data1\" content=\"Redacci\u00f3n QP\" \/>\n\t<meta name=\"twitter:label2\" content=\"Tiempo de lectura\" \/>\n\t<meta name=\"twitter:data2\" content=\"3 minutos\" \/>\n<script type=\"application\/ld+json\" class=\"yoast-schema-graph\">{\"@context\":\"https:\\\/\\\/schema.org\",\"@graph\":[{\"@type\":\"Article\",\"@id\":\"https:\\\/\\\/quehacerpolitico.mx\\\/?p=113770#article\",\"isPartOf\":{\"@id\":\"https:\\\/\\\/quehacerpolitico.mx\\\/?p=113770\"},\"author\":{\"name\":\"Redacci\u00f3n QP\",\"@id\":\"https:\\\/\\\/quehacerpolitico.mx\\\/#\\\/schema\\\/person\\\/496d8ad2d1d3f8036101dca7ee39e585\"},\"headline\":\"LLEGA LA FIESTA CONVITERA Y POSADA NAVIDE\u00d1A AL PABELL\u00d3N DE CULTURA COMUNITARIA\",\"datePublished\":\"2024-12-12T05:47:13+00:00\",\"dateModified\":\"2024-12-12T05:47:15+00:00\",\"mainEntityOfPage\":{\"@id\":\"https:\\\/\\\/quehacerpolitico.mx\\\/?p=113770\"},\"wordCount\":526,\"commentCount\":0,\"image\":{\"@id\":\"https:\\\/\\\/quehacerpolitico.mx\\\/?p=113770#primaryimage\"},\"thumbnailUrl\":\"https:\\\/\\\/quehacerpolitico.mx\\\/wp-content\\\/uploads\\\/2024\\\/12\\\/IMG_9538.jpeg\",\"articleSection\":[\"Cultura y Entretenimiento\"],\"inLanguage\":\"es\",\"potentialAction\":[{\"@type\":\"CommentAction\",\"name\":\"Comment\",\"target\":[\"https:\\\/\\\/quehacerpolitico.mx\\\/?p=113770#respond\"]}]},{\"@type\":\"WebPage\",\"@id\":\"https:\\\/\\\/quehacerpolitico.mx\\\/?p=113770\",\"url\":\"https:\\\/\\\/quehacerpolitico.mx\\\/?p=113770\",\"name\":\"LLEGA LA FIESTA CONVITERA Y POSADA NAVIDE\u00d1A AL PABELL\u00d3N DE CULTURA COMUNITARIA -\",\"isPartOf\":{\"@id\":\"https:\\\/\\\/quehacerpolitico.mx\\\/#website\"},\"primaryImageOfPage\":{\"@id\":\"https:\\\/\\\/quehacerpolitico.mx\\\/?p=113770#primaryimage\"},\"image\":{\"@id\":\"https:\\\/\\\/quehacerpolitico.mx\\\/?p=113770#primaryimage\"},\"thumbnailUrl\":\"https:\\\/\\\/quehacerpolitico.mx\\\/wp-content\\\/uploads\\\/2024\\\/12\\\/IMG_9538.jpeg\",\"datePublished\":\"2024-12-12T05:47:13+00:00\",\"dateModified\":\"2024-12-12T05:47:15+00:00\",\"author\":{\"@id\":\"https:\\\/\\\/quehacerpolitico.mx\\\/#\\\/schema\\\/person\\\/496d8ad2d1d3f8036101dca7ee39e585\"},\"breadcrumb\":{\"@id\":\"https:\\\/\\\/quehacerpolitico.mx\\\/?p=113770#breadcrumb\"},\"inLanguage\":\"es\",\"potentialAction\":[{\"@type\":\"ReadAction\",\"target\":[\"https:\\\/\\\/quehacerpolitico.mx\\\/?p=113770\"]}]},{\"@type\":\"ImageObject\",\"inLanguage\":\"es\",\"@id\":\"https:\\\/\\\/quehacerpolitico.mx\\\/?p=113770#primaryimage\",\"url\":\"https:\\\/\\\/quehacerpolitico.mx\\\/wp-content\\\/uploads\\\/2024\\\/12\\\/IMG_9538.jpeg\",\"contentUrl\":\"https:\\\/\\\/quehacerpolitico.mx\\\/wp-content\\\/uploads\\\/2024\\\/12\\\/IMG_9538.jpeg\",\"width\":1500,\"height\":1000},{\"@type\":\"BreadcrumbList\",\"@id\":\"https:\\\/\\\/quehacerpolitico.mx\\\/?p=113770#breadcrumb\",\"itemListElement\":[{\"@type\":\"ListItem\",\"position\":1,\"name\":\"Inicio\",\"item\":\"https:\\\/\\\/quehacerpolitico.mx\\\/\"},{\"@type\":\"ListItem\",\"position\":2,\"name\":\"LLEGA LA FIESTA CONVITERA Y POSADA NAVIDE\u00d1A AL PABELL\u00d3N DE CULTURA COMUNITARIA\"}]},{\"@type\":\"WebSite\",\"@id\":\"https:\\\/\\\/quehacerpolitico.mx\\\/#website\",\"url\":\"https:\\\/\\\/quehacerpolitico.mx\\\/\",\"name\":\"\",\"description\":\"\",\"potentialAction\":[{\"@type\":\"SearchAction\",\"target\":{\"@type\":\"EntryPoint\",\"urlTemplate\":\"https:\\\/\\\/quehacerpolitico.mx\\\/?s={search_term_string}\"},\"query-input\":{\"@type\":\"PropertyValueSpecification\",\"valueRequired\":true,\"valueName\":\"search_term_string\"}}],\"inLanguage\":\"es\"},{\"@type\":\"Person\",\"@id\":\"https:\\\/\\\/quehacerpolitico.mx\\\/#\\\/schema\\\/person\\\/496d8ad2d1d3f8036101dca7ee39e585\",\"name\":\"Redacci\u00f3n QP\",\"image\":{\"@type\":\"ImageObject\",\"inLanguage\":\"es\",\"@id\":\"https:\\\/\\\/secure.gravatar.com\\\/avatar\\\/c7164ed6fdec453195284ad24a5ae5b6e1eed2b848477fa2a4787ba9adf39a41?s=96&d=mm&r=g\",\"url\":\"https:\\\/\\\/secure.gravatar.com\\\/avatar\\\/c7164ed6fdec453195284ad24a5ae5b6e1eed2b848477fa2a4787ba9adf39a41?s=96&d=mm&r=g\",\"contentUrl\":\"https:\\\/\\\/secure.gravatar.com\\\/avatar\\\/c7164ed6fdec453195284ad24a5ae5b6e1eed2b848477fa2a4787ba9adf39a41?s=96&d=mm&r=g\",\"caption\":\"Redacci\u00f3n QP\"},\"url\":\"https:\\\/\\\/quehacerpolitico.mx\\\/?author=2\"}]}<\/script>\n<!-- \/ Yoast SEO plugin. -->","yoast_head_json":{"title":"LLEGA LA FIESTA CONVITERA Y POSADA NAVIDE\u00d1A AL PABELL\u00d3N DE CULTURA COMUNITARIA -","robots":{"index":"index","follow":"follow","max-snippet":"max-snippet:-1","max-image-preview":"max-image-preview:large","max-video-preview":"max-video-preview:-1"},"canonical":"https:\/\/quehacerpolitico.mx\/?p=113770","og_locale":"es_MX","og_type":"article","og_title":"LLEGA LA FIESTA CONVITERA Y POSADA NAVIDE\u00d1A AL PABELL\u00d3N DE CULTURA COMUNITARIA -","og_description":"Por Redacci\u00f3n QP La Secretar\u00eda de Cultura del Gobierno de M\u00e9xico, a trav\u00e9s del programa...","og_url":"https:\/\/quehacerpolitico.mx\/?p=113770","article_published_time":"2024-12-12T05:47:13+00:00","article_modified_time":"2024-12-12T05:47:15+00:00","og_image":[{"width":1500,"height":1000,"url":"https:\/\/quehacerpolitico.mx\/wp-content\/uploads\/2024\/12\/IMG_9538.jpeg","type":"image\/jpeg"}],"author":"Redacci\u00f3n QP","twitter_card":"summary_large_image","twitter_misc":{"Escrito por":"Redacci\u00f3n QP","Tiempo de lectura":"3 minutos"},"schema":{"@context":"https:\/\/schema.org","@graph":[{"@type":"Article","@id":"https:\/\/quehacerpolitico.mx\/?p=113770#article","isPartOf":{"@id":"https:\/\/quehacerpolitico.mx\/?p=113770"},"author":{"name":"Redacci\u00f3n QP","@id":"https:\/\/quehacerpolitico.mx\/#\/schema\/person\/496d8ad2d1d3f8036101dca7ee39e585"},"headline":"LLEGA LA FIESTA CONVITERA Y POSADA NAVIDE\u00d1A AL PABELL\u00d3N DE CULTURA COMUNITARIA","datePublished":"2024-12-12T05:47:13+00:00","dateModified":"2024-12-12T05:47:15+00:00","mainEntityOfPage":{"@id":"https:\/\/quehacerpolitico.mx\/?p=113770"},"wordCount":526,"commentCount":0,"image":{"@id":"https:\/\/quehacerpolitico.mx\/?p=113770#primaryimage"},"thumbnailUrl":"https:\/\/quehacerpolitico.mx\/wp-content\/uploads\/2024\/12\/IMG_9538.jpeg","articleSection":["Cultura y Entretenimiento"],"inLanguage":"es","potentialAction":[{"@type":"CommentAction","name":"Comment","target":["https:\/\/quehacerpolitico.mx\/?p=113770#respond"]}]},{"@type":"WebPage","@id":"https:\/\/quehacerpolitico.mx\/?p=113770","url":"https:\/\/quehacerpolitico.mx\/?p=113770","name":"LLEGA LA FIESTA CONVITERA Y POSADA NAVIDE\u00d1A AL PABELL\u00d3N DE CULTURA COMUNITARIA -","isPartOf":{"@id":"https:\/\/quehacerpolitico.mx\/#website"},"primaryImageOfPage":{"@id":"https:\/\/quehacerpolitico.mx\/?p=113770#primaryimage"},"image":{"@id":"https:\/\/quehacerpolitico.mx\/?p=113770#primaryimage"},"thumbnailUrl":"https:\/\/quehacerpolitico.mx\/wp-content\/uploads\/2024\/12\/IMG_9538.jpeg","datePublished":"2024-12-12T05:47:13+00:00","dateModified":"2024-12-12T05:47:15+00:00","author":{"@id":"https:\/\/quehacerpolitico.mx\/#\/schema\/person\/496d8ad2d1d3f8036101dca7ee39e585"},"breadcrumb":{"@id":"https:\/\/quehacerpolitico.mx\/?p=113770#breadcrumb"},"inLanguage":"es","potentialAction":[{"@type":"ReadAction","target":["https:\/\/quehacerpolitico.mx\/?p=113770"]}]},{"@type":"ImageObject","inLanguage":"es","@id":"https:\/\/quehacerpolitico.mx\/?p=113770#primaryimage","url":"https:\/\/quehacerpolitico.mx\/wp-content\/uploads\/2024\/12\/IMG_9538.jpeg","contentUrl":"https:\/\/quehacerpolitico.mx\/wp-content\/uploads\/2024\/12\/IMG_9538.jpeg","width":1500,"height":1000},{"@type":"BreadcrumbList","@id":"https:\/\/quehacerpolitico.mx\/?p=113770#breadcrumb","itemListElement":[{"@type":"ListItem","position":1,"name":"Inicio","item":"https:\/\/quehacerpolitico.mx\/"},{"@type":"ListItem","position":2,"name":"LLEGA LA FIESTA CONVITERA Y POSADA NAVIDE\u00d1A AL PABELL\u00d3N DE CULTURA COMUNITARIA"}]},{"@type":"WebSite","@id":"https:\/\/quehacerpolitico.mx\/#website","url":"https:\/\/quehacerpolitico.mx\/","name":"","description":"","potentialAction":[{"@type":"SearchAction","target":{"@type":"EntryPoint","urlTemplate":"https:\/\/quehacerpolitico.mx\/?s={search_term_string}"},"query-input":{"@type":"PropertyValueSpecification","valueRequired":true,"valueName":"search_term_string"}}],"inLanguage":"es"},{"@type":"Person","@id":"https:\/\/quehacerpolitico.mx\/#\/schema\/person\/496d8ad2d1d3f8036101dca7ee39e585","name":"Redacci\u00f3n QP","image":{"@type":"ImageObject","inLanguage":"es","@id":"https:\/\/secure.gravatar.com\/avatar\/c7164ed6fdec453195284ad24a5ae5b6e1eed2b848477fa2a4787ba9adf39a41?s=96&d=mm&r=g","url":"https:\/\/secure.gravatar.com\/avatar\/c7164ed6fdec453195284ad24a5ae5b6e1eed2b848477fa2a4787ba9adf39a41?s=96&d=mm&r=g","contentUrl":"https:\/\/secure.gravatar.com\/avatar\/c7164ed6fdec453195284ad24a5ae5b6e1eed2b848477fa2a4787ba9adf39a41?s=96&d=mm&r=g","caption":"Redacci\u00f3n QP"},"url":"https:\/\/quehacerpolitico.mx\/?author=2"}]}},"featured_image_urls":{"full":["https:\/\/quehacerpolitico.mx\/wp-content\/uploads\/2024\/12\/IMG_9538.jpeg",1500,1000,false],"thumbnail":["https:\/\/quehacerpolitico.mx\/wp-content\/uploads\/2024\/12\/IMG_9538-150x150.jpeg",150,150,true],"medium":["https:\/\/quehacerpolitico.mx\/wp-content\/uploads\/2024\/12\/IMG_9538-300x200.jpeg",300,200,true],"medium_large":["https:\/\/quehacerpolitico.mx\/wp-content\/uploads\/2024\/12\/IMG_9538-768x512.jpeg",640,427,true],"large":["https:\/\/quehacerpolitico.mx\/wp-content\/uploads\/2024\/12\/IMG_9538-1024x683.jpeg",640,427,true],"1536x1536":["https:\/\/quehacerpolitico.mx\/wp-content\/uploads\/2024\/12\/IMG_9538.jpeg",1500,1000,false],"2048x2048":["https:\/\/quehacerpolitico.mx\/wp-content\/uploads\/2024\/12\/IMG_9538.jpeg",1500,1000,false],"covernews-featured":["https:\/\/quehacerpolitico.mx\/wp-content\/uploads\/2024\/12\/IMG_9538-1024x683.jpeg",1024,683,true],"covernews-medium":["https:\/\/quehacerpolitico.mx\/wp-content\/uploads\/2024\/12\/IMG_9538-540x340.jpeg",540,340,true]},"author_info":{"display_name":"Redacci\u00f3n QP","author_link":"https:\/\/quehacerpolitico.mx\/?author=2"},"category_info":"<a href=\"https:\/\/quehacerpolitico.mx\/?cat=58\" rel=\"category\">Cultura y Entretenimiento<\/a>","tag_info":"Cultura y Entretenimiento","comment_count":"0","_links":{"self":[{"href":"https:\/\/quehacerpolitico.mx\/index.php?rest_route=\/wp\/v2\/posts\/113770","targetHints":{"allow":["GET"]}}],"collection":[{"href":"https:\/\/quehacerpolitico.mx\/index.php?rest_route=\/wp\/v2\/posts"}],"about":[{"href":"https:\/\/quehacerpolitico.mx\/index.php?rest_route=\/wp\/v2\/types\/post"}],"author":[{"embeddable":true,"href":"https:\/\/quehacerpolitico.mx\/index.php?rest_route=\/wp\/v2\/users\/2"}],"replies":[{"embeddable":true,"href":"https:\/\/quehacerpolitico.mx\/index.php?rest_route=%2Fwp%2Fv2%2Fcomments&post=113770"}],"version-history":[{"count":1,"href":"https:\/\/quehacerpolitico.mx\/index.php?rest_route=\/wp\/v2\/posts\/113770\/revisions"}],"predecessor-version":[{"id":113776,"href":"https:\/\/quehacerpolitico.mx\/index.php?rest_route=\/wp\/v2\/posts\/113770\/revisions\/113776"}],"wp:featuredmedia":[{"embeddable":true,"href":"https:\/\/quehacerpolitico.mx\/index.php?rest_route=\/wp\/v2\/media\/113771"}],"wp:attachment":[{"href":"https:\/\/quehacerpolitico.mx\/index.php?rest_route=%2Fwp%2Fv2%2Fmedia&parent=113770"}],"wp:term":[{"taxonomy":"category","embeddable":true,"href":"https:\/\/quehacerpolitico.mx\/index.php?rest_route=%2Fwp%2Fv2%2Fcategories&post=113770"},{"taxonomy":"post_tag","embeddable":true,"href":"https:\/\/quehacerpolitico.mx\/index.php?rest_route=%2Fwp%2Fv2%2Ftags&post=113770"}],"curies":[{"name":"wp","href":"https:\/\/api.w.org\/{rel}","templated":true}]}}