{"id":113763,"date":"2024-12-11T23:34:49","date_gmt":"2024-12-12T05:34:49","guid":{"rendered":"https:\/\/quehacerpolitico.mx\/?p=113763"},"modified":"2024-12-11T23:34:52","modified_gmt":"2024-12-12T05:34:52","slug":"inicia-la-reunion-nacional-de-cultura-2024","status":"publish","type":"post","link":"https:\/\/quehacerpolitico.mx\/?p=113763","title":{"rendered":"INICIA LA REUNI\u00d3N NACIONAL DE CULTURA 2024"},"content":{"rendered":"\n<p>Por Redacci\u00f3n QP<\/p>\n\n\n\n<ul class=\"wp-block-list\">\n<li><strong>La secretaria de Cultura del Gobierno de M\u00e9xico, Claudia Curiel de Icaza, encabeza el encuentro que congrega a titulares y representantes de Cultura de los 32 estados de la Rep\u00fablica mexicana<\/strong><\/li>\n\n\n\n<li><strong>El evento se realiza los d\u00edas 9 y 10 de diciembre en el Museo Espacio de Aguascalientes<\/strong><\/li>\n<\/ul>\n\n\n\n<p>La secretaria de Cultura del Gobierno de M\u00e9xico, Claudia Curiel de Icaza, acompa\u00f1ada de la gobernadora de Aguascalientes, Tere Jim\u00e9nez, y de las y los titulares y representantes de las instituciones de Cultura de todo el pa\u00eds, inaugur\u00f3 la Reuni\u00f3n Nacional de Cultura (RNC) 2024.<\/p>\n\n\n\n<p>El encuentro es un mecanismo de coordinaci\u00f3n, an\u00e1lisis y evaluaci\u00f3n de las pol\u00edticas p\u00fablicas nacionales en materia de acceso y de disfrute de los bienes y servicios culturales que presta el Estado, as\u00ed como para la promoci\u00f3n y respeto de los derechos culturales a nivel nacional.<\/p>\n\n\n\n<p>En la RNC 2024 \u2013organizada por la Secretar\u00eda de Cultura del Gobierno de M\u00e9xico y el Instituto Cultural de Aguascalientes como anfitri\u00f3n\u2013, Claudia Curiel de Icaza esboz\u00f3 algunas de las directrices que a nivel nacional se proyectan para el manejo de la pol\u00edtica cultural en la presente administraci\u00f3n.<\/p>\n\n\n\n<figure class=\"wp-block-image size-large\"><img loading=\"lazy\" decoding=\"async\" width=\"1024\" height=\"683\" src=\"https:\/\/quehacerpolitico.mx\/wp-content\/uploads\/2024\/12\/image-23-1024x683.jpeg\" alt=\"\" class=\"wp-image-113765\" srcset=\"https:\/\/quehacerpolitico.mx\/wp-content\/uploads\/2024\/12\/image-23-1024x683.jpeg 1024w, https:\/\/quehacerpolitico.mx\/wp-content\/uploads\/2024\/12\/image-23-300x200.jpeg 300w, https:\/\/quehacerpolitico.mx\/wp-content\/uploads\/2024\/12\/image-23-768x512.jpeg 768w, https:\/\/quehacerpolitico.mx\/wp-content\/uploads\/2024\/12\/image-23-1536x1024.jpeg 1536w, https:\/\/quehacerpolitico.mx\/wp-content\/uploads\/2024\/12\/image-23-2048x1365.jpeg 2048w\" sizes=\"auto, (max-width: 1024px) 100vw, 1024px\" \/><\/figure>\n\n\n\n<p>Durante su participaci\u00f3n en la inauguraci\u00f3n de la RNC, que se realiza en el Museo Espacio, ubicado en los Antiguos Talleres del Ferrocarril de Aguascalientes, la secretaria de Cultura del Gobierno de M\u00e9xico consider\u00f3 que se busca una estrecha y efectiva colaboraci\u00f3n en la generaci\u00f3n de proyectos conjuntos con responsabilidad y coincidencias en l\u00edneas de trabajo.<\/p>\n\n\n\n<p>\u201cMostrar y sostener la diversidad cultural de nuestro pa\u00eds es un reto, ya que los creadores y artistas de M\u00e9xico, muchos de ellos adem\u00e1s de portadores de tradici\u00f3n popular de los pueblos originarios y afromexicanos, merecen que nosotros, los servidores p\u00fablicos, pensemos en una naci\u00f3n m\u00e1s pr\u00f3spera y justa que los arrope y les d\u00e9 el espacio de creaci\u00f3n libre que merecen\u201d.<\/p>\n\n\n\n<p>La RNC 2024, consider\u00f3, tambi\u00e9n permite crear un banco de buenas pr\u00e1cticas. \u201cEvidentemente en un territorio tan diverso y distinto, no funcionan las mismas l\u00edneas de trabajo ni mecanismos. Entonces, tambi\u00e9n queremos hacer un banco de buenas pr\u00e1cticas en el que podamos compartir, mejorar, intercambiar y que sea un trabajo horizontal entre estados y federaci\u00f3n\u201d.<\/p>\n\n\n\n<figure class=\"wp-block-image size-large\"><img loading=\"lazy\" decoding=\"async\" width=\"1024\" height=\"683\" src=\"https:\/\/quehacerpolitico.mx\/wp-content\/uploads\/2024\/12\/image-24-1024x683.jpeg\" alt=\"\" class=\"wp-image-113766\" srcset=\"https:\/\/quehacerpolitico.mx\/wp-content\/uploads\/2024\/12\/image-24-1024x683.jpeg 1024w, https:\/\/quehacerpolitico.mx\/wp-content\/uploads\/2024\/12\/image-24-300x200.jpeg 300w, https:\/\/quehacerpolitico.mx\/wp-content\/uploads\/2024\/12\/image-24-768x512.jpeg 768w, https:\/\/quehacerpolitico.mx\/wp-content\/uploads\/2024\/12\/image-24-1536x1024.jpeg 1536w, https:\/\/quehacerpolitico.mx\/wp-content\/uploads\/2024\/12\/image-24-2048x1365.jpeg 2048w\" sizes=\"auto, (max-width: 1024px) 100vw, 1024px\" \/><\/figure>\n\n\n\n<p>Finalmente, reafirm\u00f3 la invitaci\u00f3n a trabajar en conjunto, \u201cde manera coordinada, haciendo el mejor uso de los recursos p\u00fablicos y concretando esfuerzos conjuntos que beneficien a todas las regiones del pa\u00eds\u201d.<\/p>\n\n\n\n<p>En el marco de la inauguraci\u00f3n de los trabajos de la RNC 2024, la gobernadora de Aguascalientes, Tere Jim\u00e9nez, dio la bienvenida a las autoridades culturales de todo M\u00e9xico y se\u00f1al\u00f3: \u201cPara nosotros en Aguascalientes, el tema de la cultura es prevenci\u00f3n del delito, es fortalecimiento del tejido social porque con la cultura, el deporte y la educaci\u00f3n cambiamos el entorno; estaremos trabajando en coordinaci\u00f3n con el gobierno federal para que desde nuestro estado podamos abonar a M\u00e9xico m\u00e1s paz y tranquilidad\u201d.<\/p>\n\n\n\n<p>Por su parte, el director general del Instituto Cultural de Aguascalientes, H\u00e9ctor Alejandro V\u00e1zquez Z\u00fa\u00f1iga, coment\u00f3 que en la entidad, \u201ccreemos en la Cultura, as\u00ed, sin apellidos y en todas sus formas, sin distinci\u00f3n de origen ni destino. Creemos en nuestra orquesta sinf\u00f3nica de la misma manera en que creemos en cada una de las cocineras y los cocineros tradicionales, en la poes\u00eda como en la artesan\u00eda y la expresi\u00f3n comunitaria. Creemos en la Cultura, antes que nada, como un derecho humano, que es a la vez liberaci\u00f3n en forma de esparcimiento e igualador en su lucha por resarcir las deudas hist\u00f3ricas\u201d.<\/p>\n\n\n\n<figure class=\"wp-block-image size-large\"><img loading=\"lazy\" decoding=\"async\" width=\"1024\" height=\"683\" src=\"https:\/\/quehacerpolitico.mx\/wp-content\/uploads\/2024\/12\/image-25-1024x683.jpeg\" alt=\"\" class=\"wp-image-113767\" srcset=\"https:\/\/quehacerpolitico.mx\/wp-content\/uploads\/2024\/12\/image-25-1024x683.jpeg 1024w, https:\/\/quehacerpolitico.mx\/wp-content\/uploads\/2024\/12\/image-25-300x200.jpeg 300w, https:\/\/quehacerpolitico.mx\/wp-content\/uploads\/2024\/12\/image-25-768x512.jpeg 768w, https:\/\/quehacerpolitico.mx\/wp-content\/uploads\/2024\/12\/image-25-1536x1024.jpeg 1536w, https:\/\/quehacerpolitico.mx\/wp-content\/uploads\/2024\/12\/image-25-2048x1365.jpeg 2048w\" sizes=\"auto, (max-width: 1024px) 100vw, 1024px\" \/><\/figure>\n\n\n\n<p>En el evento estuvieron presentes las y los titulares y representantes de cultura de los 32 estados y funcionariado de la Secretar\u00eda de Cultura del Gobierno de M\u00e9xico.<\/p>\n\n\n\n<p><strong>Mesas de trabajo<\/strong><\/p>\n\n\n\n<p>Como parte de la din\u00e1mica establecida para la presente reuni\u00f3n, se llevar\u00e1n a cabo mesas de trabajo, durante los d\u00edas 9 y 10 de diciembre de 2024, en las cuales autoridades encargadas de las pol\u00edticas culturales del pa\u00eds abordar\u00e1n temas como: circuitos culturales nacionales e internacionales, educaci\u00f3n art\u00edstica y estudios culturales, culturas vivas y patrimonio, medios p\u00fablicos y pol\u00edtica audiovisual, cultura comunitaria y para la paz, as\u00ed como libros y fomento a la lectura.<\/p>\n\n\n\n<figure class=\"wp-block-image size-large\"><img loading=\"lazy\" decoding=\"async\" width=\"1024\" height=\"683\" src=\"https:\/\/quehacerpolitico.mx\/wp-content\/uploads\/2024\/12\/image-26-1024x683.jpeg\" alt=\"\" class=\"wp-image-113768\" srcset=\"https:\/\/quehacerpolitico.mx\/wp-content\/uploads\/2024\/12\/image-26-1024x683.jpeg 1024w, https:\/\/quehacerpolitico.mx\/wp-content\/uploads\/2024\/12\/image-26-300x200.jpeg 300w, https:\/\/quehacerpolitico.mx\/wp-content\/uploads\/2024\/12\/image-26-768x512.jpeg 768w, https:\/\/quehacerpolitico.mx\/wp-content\/uploads\/2024\/12\/image-26-1536x1024.jpeg 1536w, https:\/\/quehacerpolitico.mx\/wp-content\/uploads\/2024\/12\/image-26-2048x1365.jpeg 2048w\" sizes=\"auto, (max-width: 1024px) 100vw, 1024px\" \/><\/figure>\n\n\n\n<p>Con estas acciones, se busca, a trav\u00e9s del di\u00e1logo y el intercambio de ideas, la generaci\u00f3n de propuestas y directrices de pol\u00edticas p\u00fablicas nacionales de impacto cultural o en proyectos de trabajo entre las instituciones participantes.<\/p>\n\n\n\n<p>De dicha manera, se buscar\u00e1n acuerdos que faciliten la gesti\u00f3n y el desarrollo de pol\u00edticas p\u00fablicas en materia cultural que las 32 entidades del pa\u00eds impulsar\u00e1n en el transcurso del 2025.<\/p>\n","protected":false},"excerpt":{"rendered":"<p>Por Redacci\u00f3n QP La secretaria de Cultura del Gobierno de M\u00e9xico, Claudia Curiel de Icaza,&#8230;<\/p>\n","protected":false},"author":2,"featured_media":113764,"comment_status":"open","ping_status":"open","sticky":false,"template":"","format":"standard","meta":{"_monsterinsights_skip_tracking":false,"_monsterinsights_sitenote_active":false,"_monsterinsights_sitenote_note":"","_monsterinsights_sitenote_category":0,"footnotes":""},"categories":[58],"tags":[],"class_list":["post-113763","post","type-post","status-publish","format-standard","has-post-thumbnail","hentry","category-cultura"],"yoast_head":"<!-- This site is optimized with the Yoast SEO plugin v27.3 - https:\/\/yoast.com\/product\/yoast-seo-wordpress\/ -->\n<title>INICIA LA REUNI\u00d3N NACIONAL DE CULTURA 2024 -<\/title>\n<meta name=\"robots\" content=\"index, follow, max-snippet:-1, max-image-preview:large, max-video-preview:-1\" \/>\n<link rel=\"canonical\" href=\"https:\/\/quehacerpolitico.mx\/?p=113763\" \/>\n<meta property=\"og:locale\" content=\"es_MX\" \/>\n<meta property=\"og:type\" content=\"article\" \/>\n<meta property=\"og:title\" content=\"INICIA LA REUNI\u00d3N NACIONAL DE CULTURA 2024 -\" \/>\n<meta property=\"og:description\" content=\"Por Redacci\u00f3n QP La secretaria de Cultura del Gobierno de M\u00e9xico, Claudia Curiel de Icaza,...\" \/>\n<meta property=\"og:url\" content=\"https:\/\/quehacerpolitico.mx\/?p=113763\" \/>\n<meta property=\"article:published_time\" content=\"2024-12-12T05:34:49+00:00\" \/>\n<meta property=\"article:modified_time\" content=\"2024-12-12T05:34:52+00:00\" \/>\n<meta property=\"og:image\" content=\"https:\/\/quehacerpolitico.mx\/wp-content\/uploads\/2024\/12\/IMG_9535-scaled.jpeg\" \/>\n\t<meta property=\"og:image:width\" content=\"2560\" \/>\n\t<meta property=\"og:image:height\" content=\"1706\" \/>\n\t<meta property=\"og:image:type\" content=\"image\/jpeg\" \/>\n<meta name=\"author\" content=\"Redacci\u00f3n QP\" \/>\n<meta name=\"twitter:card\" content=\"summary_large_image\" \/>\n<meta name=\"twitter:label1\" content=\"Escrito por\" \/>\n\t<meta name=\"twitter:data1\" content=\"Redacci\u00f3n QP\" \/>\n\t<meta name=\"twitter:label2\" content=\"Tiempo de lectura\" \/>\n\t<meta name=\"twitter:data2\" content=\"4 minutos\" \/>\n<script type=\"application\/ld+json\" class=\"yoast-schema-graph\">{\"@context\":\"https:\\\/\\\/schema.org\",\"@graph\":[{\"@type\":\"Article\",\"@id\":\"https:\\\/\\\/quehacerpolitico.mx\\\/?p=113763#article\",\"isPartOf\":{\"@id\":\"https:\\\/\\\/quehacerpolitico.mx\\\/?p=113763\"},\"author\":{\"name\":\"Redacci\u00f3n QP\",\"@id\":\"https:\\\/\\\/quehacerpolitico.mx\\\/#\\\/schema\\\/person\\\/496d8ad2d1d3f8036101dca7ee39e585\"},\"headline\":\"INICIA LA REUNI\u00d3N NACIONAL DE CULTURA 2024\",\"datePublished\":\"2024-12-12T05:34:49+00:00\",\"dateModified\":\"2024-12-12T05:34:52+00:00\",\"mainEntityOfPage\":{\"@id\":\"https:\\\/\\\/quehacerpolitico.mx\\\/?p=113763\"},\"wordCount\":831,\"commentCount\":0,\"image\":{\"@id\":\"https:\\\/\\\/quehacerpolitico.mx\\\/?p=113763#primaryimage\"},\"thumbnailUrl\":\"https:\\\/\\\/quehacerpolitico.mx\\\/wp-content\\\/uploads\\\/2024\\\/12\\\/IMG_9535-scaled.jpeg\",\"articleSection\":[\"Cultura y Entretenimiento\"],\"inLanguage\":\"es\",\"potentialAction\":[{\"@type\":\"CommentAction\",\"name\":\"Comment\",\"target\":[\"https:\\\/\\\/quehacerpolitico.mx\\\/?p=113763#respond\"]}]},{\"@type\":\"WebPage\",\"@id\":\"https:\\\/\\\/quehacerpolitico.mx\\\/?p=113763\",\"url\":\"https:\\\/\\\/quehacerpolitico.mx\\\/?p=113763\",\"name\":\"INICIA LA REUNI\u00d3N NACIONAL DE CULTURA 2024 -\",\"isPartOf\":{\"@id\":\"https:\\\/\\\/quehacerpolitico.mx\\\/#website\"},\"primaryImageOfPage\":{\"@id\":\"https:\\\/\\\/quehacerpolitico.mx\\\/?p=113763#primaryimage\"},\"image\":{\"@id\":\"https:\\\/\\\/quehacerpolitico.mx\\\/?p=113763#primaryimage\"},\"thumbnailUrl\":\"https:\\\/\\\/quehacerpolitico.mx\\\/wp-content\\\/uploads\\\/2024\\\/12\\\/IMG_9535-scaled.jpeg\",\"datePublished\":\"2024-12-12T05:34:49+00:00\",\"dateModified\":\"2024-12-12T05:34:52+00:00\",\"author\":{\"@id\":\"https:\\\/\\\/quehacerpolitico.mx\\\/#\\\/schema\\\/person\\\/496d8ad2d1d3f8036101dca7ee39e585\"},\"breadcrumb\":{\"@id\":\"https:\\\/\\\/quehacerpolitico.mx\\\/?p=113763#breadcrumb\"},\"inLanguage\":\"es\",\"potentialAction\":[{\"@type\":\"ReadAction\",\"target\":[\"https:\\\/\\\/quehacerpolitico.mx\\\/?p=113763\"]}]},{\"@type\":\"ImageObject\",\"inLanguage\":\"es\",\"@id\":\"https:\\\/\\\/quehacerpolitico.mx\\\/?p=113763#primaryimage\",\"url\":\"https:\\\/\\\/quehacerpolitico.mx\\\/wp-content\\\/uploads\\\/2024\\\/12\\\/IMG_9535-scaled.jpeg\",\"contentUrl\":\"https:\\\/\\\/quehacerpolitico.mx\\\/wp-content\\\/uploads\\\/2024\\\/12\\\/IMG_9535-scaled.jpeg\",\"width\":2560,\"height\":1706},{\"@type\":\"BreadcrumbList\",\"@id\":\"https:\\\/\\\/quehacerpolitico.mx\\\/?p=113763#breadcrumb\",\"itemListElement\":[{\"@type\":\"ListItem\",\"position\":1,\"name\":\"Inicio\",\"item\":\"https:\\\/\\\/quehacerpolitico.mx\\\/\"},{\"@type\":\"ListItem\",\"position\":2,\"name\":\"INICIA LA REUNI\u00d3N NACIONAL DE CULTURA 2024\"}]},{\"@type\":\"WebSite\",\"@id\":\"https:\\\/\\\/quehacerpolitico.mx\\\/#website\",\"url\":\"https:\\\/\\\/quehacerpolitico.mx\\\/\",\"name\":\"\",\"description\":\"\",\"potentialAction\":[{\"@type\":\"SearchAction\",\"target\":{\"@type\":\"EntryPoint\",\"urlTemplate\":\"https:\\\/\\\/quehacerpolitico.mx\\\/?s={search_term_string}\"},\"query-input\":{\"@type\":\"PropertyValueSpecification\",\"valueRequired\":true,\"valueName\":\"search_term_string\"}}],\"inLanguage\":\"es\"},{\"@type\":\"Person\",\"@id\":\"https:\\\/\\\/quehacerpolitico.mx\\\/#\\\/schema\\\/person\\\/496d8ad2d1d3f8036101dca7ee39e585\",\"name\":\"Redacci\u00f3n QP\",\"image\":{\"@type\":\"ImageObject\",\"inLanguage\":\"es\",\"@id\":\"https:\\\/\\\/secure.gravatar.com\\\/avatar\\\/c7164ed6fdec453195284ad24a5ae5b6e1eed2b848477fa2a4787ba9adf39a41?s=96&d=mm&r=g\",\"url\":\"https:\\\/\\\/secure.gravatar.com\\\/avatar\\\/c7164ed6fdec453195284ad24a5ae5b6e1eed2b848477fa2a4787ba9adf39a41?s=96&d=mm&r=g\",\"contentUrl\":\"https:\\\/\\\/secure.gravatar.com\\\/avatar\\\/c7164ed6fdec453195284ad24a5ae5b6e1eed2b848477fa2a4787ba9adf39a41?s=96&d=mm&r=g\",\"caption\":\"Redacci\u00f3n QP\"},\"url\":\"https:\\\/\\\/quehacerpolitico.mx\\\/?author=2\"}]}<\/script>\n<!-- \/ Yoast SEO plugin. -->","yoast_head_json":{"title":"INICIA LA REUNI\u00d3N NACIONAL DE CULTURA 2024 -","robots":{"index":"index","follow":"follow","max-snippet":"max-snippet:-1","max-image-preview":"max-image-preview:large","max-video-preview":"max-video-preview:-1"},"canonical":"https:\/\/quehacerpolitico.mx\/?p=113763","og_locale":"es_MX","og_type":"article","og_title":"INICIA LA REUNI\u00d3N NACIONAL DE CULTURA 2024 -","og_description":"Por Redacci\u00f3n QP La secretaria de Cultura del Gobierno de M\u00e9xico, Claudia Curiel de Icaza,...","og_url":"https:\/\/quehacerpolitico.mx\/?p=113763","article_published_time":"2024-12-12T05:34:49+00:00","article_modified_time":"2024-12-12T05:34:52+00:00","og_image":[{"width":2560,"height":1706,"url":"https:\/\/quehacerpolitico.mx\/wp-content\/uploads\/2024\/12\/IMG_9535-scaled.jpeg","type":"image\/jpeg"}],"author":"Redacci\u00f3n QP","twitter_card":"summary_large_image","twitter_misc":{"Escrito por":"Redacci\u00f3n QP","Tiempo de lectura":"4 minutos"},"schema":{"@context":"https:\/\/schema.org","@graph":[{"@type":"Article","@id":"https:\/\/quehacerpolitico.mx\/?p=113763#article","isPartOf":{"@id":"https:\/\/quehacerpolitico.mx\/?p=113763"},"author":{"name":"Redacci\u00f3n QP","@id":"https:\/\/quehacerpolitico.mx\/#\/schema\/person\/496d8ad2d1d3f8036101dca7ee39e585"},"headline":"INICIA LA REUNI\u00d3N NACIONAL DE CULTURA 2024","datePublished":"2024-12-12T05:34:49+00:00","dateModified":"2024-12-12T05:34:52+00:00","mainEntityOfPage":{"@id":"https:\/\/quehacerpolitico.mx\/?p=113763"},"wordCount":831,"commentCount":0,"image":{"@id":"https:\/\/quehacerpolitico.mx\/?p=113763#primaryimage"},"thumbnailUrl":"https:\/\/quehacerpolitico.mx\/wp-content\/uploads\/2024\/12\/IMG_9535-scaled.jpeg","articleSection":["Cultura y Entretenimiento"],"inLanguage":"es","potentialAction":[{"@type":"CommentAction","name":"Comment","target":["https:\/\/quehacerpolitico.mx\/?p=113763#respond"]}]},{"@type":"WebPage","@id":"https:\/\/quehacerpolitico.mx\/?p=113763","url":"https:\/\/quehacerpolitico.mx\/?p=113763","name":"INICIA LA REUNI\u00d3N NACIONAL DE CULTURA 2024 -","isPartOf":{"@id":"https:\/\/quehacerpolitico.mx\/#website"},"primaryImageOfPage":{"@id":"https:\/\/quehacerpolitico.mx\/?p=113763#primaryimage"},"image":{"@id":"https:\/\/quehacerpolitico.mx\/?p=113763#primaryimage"},"thumbnailUrl":"https:\/\/quehacerpolitico.mx\/wp-content\/uploads\/2024\/12\/IMG_9535-scaled.jpeg","datePublished":"2024-12-12T05:34:49+00:00","dateModified":"2024-12-12T05:34:52+00:00","author":{"@id":"https:\/\/quehacerpolitico.mx\/#\/schema\/person\/496d8ad2d1d3f8036101dca7ee39e585"},"breadcrumb":{"@id":"https:\/\/quehacerpolitico.mx\/?p=113763#breadcrumb"},"inLanguage":"es","potentialAction":[{"@type":"ReadAction","target":["https:\/\/quehacerpolitico.mx\/?p=113763"]}]},{"@type":"ImageObject","inLanguage":"es","@id":"https:\/\/quehacerpolitico.mx\/?p=113763#primaryimage","url":"https:\/\/quehacerpolitico.mx\/wp-content\/uploads\/2024\/12\/IMG_9535-scaled.jpeg","contentUrl":"https:\/\/quehacerpolitico.mx\/wp-content\/uploads\/2024\/12\/IMG_9535-scaled.jpeg","width":2560,"height":1706},{"@type":"BreadcrumbList","@id":"https:\/\/quehacerpolitico.mx\/?p=113763#breadcrumb","itemListElement":[{"@type":"ListItem","position":1,"name":"Inicio","item":"https:\/\/quehacerpolitico.mx\/"},{"@type":"ListItem","position":2,"name":"INICIA LA REUNI\u00d3N NACIONAL DE CULTURA 2024"}]},{"@type":"WebSite","@id":"https:\/\/quehacerpolitico.mx\/#website","url":"https:\/\/quehacerpolitico.mx\/","name":"","description":"","potentialAction":[{"@type":"SearchAction","target":{"@type":"EntryPoint","urlTemplate":"https:\/\/quehacerpolitico.mx\/?s={search_term_string}"},"query-input":{"@type":"PropertyValueSpecification","valueRequired":true,"valueName":"search_term_string"}}],"inLanguage":"es"},{"@type":"Person","@id":"https:\/\/quehacerpolitico.mx\/#\/schema\/person\/496d8ad2d1d3f8036101dca7ee39e585","name":"Redacci\u00f3n QP","image":{"@type":"ImageObject","inLanguage":"es","@id":"https:\/\/secure.gravatar.com\/avatar\/c7164ed6fdec453195284ad24a5ae5b6e1eed2b848477fa2a4787ba9adf39a41?s=96&d=mm&r=g","url":"https:\/\/secure.gravatar.com\/avatar\/c7164ed6fdec453195284ad24a5ae5b6e1eed2b848477fa2a4787ba9adf39a41?s=96&d=mm&r=g","contentUrl":"https:\/\/secure.gravatar.com\/avatar\/c7164ed6fdec453195284ad24a5ae5b6e1eed2b848477fa2a4787ba9adf39a41?s=96&d=mm&r=g","caption":"Redacci\u00f3n QP"},"url":"https:\/\/quehacerpolitico.mx\/?author=2"}]}},"featured_image_urls":{"full":["https:\/\/quehacerpolitico.mx\/wp-content\/uploads\/2024\/12\/IMG_9535-scaled.jpeg",2560,1706,false],"thumbnail":["https:\/\/quehacerpolitico.mx\/wp-content\/uploads\/2024\/12\/IMG_9535-150x150.jpeg",150,150,true],"medium":["https:\/\/quehacerpolitico.mx\/wp-content\/uploads\/2024\/12\/IMG_9535-300x200.jpeg",300,200,true],"medium_large":["https:\/\/quehacerpolitico.mx\/wp-content\/uploads\/2024\/12\/IMG_9535-768x512.jpeg",640,427,true],"large":["https:\/\/quehacerpolitico.mx\/wp-content\/uploads\/2024\/12\/IMG_9535-1024x683.jpeg",640,427,true],"1536x1536":["https:\/\/quehacerpolitico.mx\/wp-content\/uploads\/2024\/12\/IMG_9535-1536x1024.jpeg",1536,1024,true],"2048x2048":["https:\/\/quehacerpolitico.mx\/wp-content\/uploads\/2024\/12\/IMG_9535-2048x1365.jpeg",2048,1365,true],"covernews-featured":["https:\/\/quehacerpolitico.mx\/wp-content\/uploads\/2024\/12\/IMG_9535-1024x683.jpeg",1024,683,true],"covernews-medium":["https:\/\/quehacerpolitico.mx\/wp-content\/uploads\/2024\/12\/IMG_9535-540x340.jpeg",540,340,true]},"author_info":{"display_name":"Redacci\u00f3n QP","author_link":"https:\/\/quehacerpolitico.mx\/?author=2"},"category_info":"<a href=\"https:\/\/quehacerpolitico.mx\/?cat=58\" rel=\"category\">Cultura y Entretenimiento<\/a>","tag_info":"Cultura y Entretenimiento","comment_count":"0","_links":{"self":[{"href":"https:\/\/quehacerpolitico.mx\/index.php?rest_route=\/wp\/v2\/posts\/113763","targetHints":{"allow":["GET"]}}],"collection":[{"href":"https:\/\/quehacerpolitico.mx\/index.php?rest_route=\/wp\/v2\/posts"}],"about":[{"href":"https:\/\/quehacerpolitico.mx\/index.php?rest_route=\/wp\/v2\/types\/post"}],"author":[{"embeddable":true,"href":"https:\/\/quehacerpolitico.mx\/index.php?rest_route=\/wp\/v2\/users\/2"}],"replies":[{"embeddable":true,"href":"https:\/\/quehacerpolitico.mx\/index.php?rest_route=%2Fwp%2Fv2%2Fcomments&post=113763"}],"version-history":[{"count":1,"href":"https:\/\/quehacerpolitico.mx\/index.php?rest_route=\/wp\/v2\/posts\/113763\/revisions"}],"predecessor-version":[{"id":113769,"href":"https:\/\/quehacerpolitico.mx\/index.php?rest_route=\/wp\/v2\/posts\/113763\/revisions\/113769"}],"wp:featuredmedia":[{"embeddable":true,"href":"https:\/\/quehacerpolitico.mx\/index.php?rest_route=\/wp\/v2\/media\/113764"}],"wp:attachment":[{"href":"https:\/\/quehacerpolitico.mx\/index.php?rest_route=%2Fwp%2Fv2%2Fmedia&parent=113763"}],"wp:term":[{"taxonomy":"category","embeddable":true,"href":"https:\/\/quehacerpolitico.mx\/index.php?rest_route=%2Fwp%2Fv2%2Fcategories&post=113763"},{"taxonomy":"post_tag","embeddable":true,"href":"https:\/\/quehacerpolitico.mx\/index.php?rest_route=%2Fwp%2Fv2%2Ftags&post=113763"}],"curies":[{"name":"wp","href":"https:\/\/api.w.org\/{rel}","templated":true}]}}