{"id":113741,"date":"2024-12-10T22:29:46","date_gmt":"2024-12-11T04:29:46","guid":{"rendered":"https:\/\/quehacerpolitico.mx\/?p=113741"},"modified":"2024-12-10T22:29:48","modified_gmt":"2024-12-11T04:29:48","slug":"con-instalaciones-renovadas-la-primaria-republica-de-bulgaria-seguira-formando-con-excelencia-academica-a-las-infancias-de-coyoacan-brindando-escuelas-de-calidad-giovani-gutierrez","status":"publish","type":"post","link":"https:\/\/quehacerpolitico.mx\/?p=113741","title":{"rendered":"Con instalaciones renovadas la Primaria Rep\u00fablica de Bulgaria seguir\u00e1 formando con excelencia acad\u00e9mica a las infancias de #Coyoac\u00e1n brindando escuelas de calidad: Giovani Guti\u00e9rrez"},"content":{"rendered":"\n<p>Por Redacci\u00f3n QP<\/p>\n\n\n\n<p>Se entregaron trabajos de remodelaci\u00f3n en la Escuela Primaria \u201cRep\u00fablica de Bulgaria\u201d, ubicada en la colonia Romero de Terreros.<\/p>\n\n\n\n<p>Ninguna ni\u00f1a y ning\u00fan ni\u00f1o puede quedarse sin acceso a la educaci\u00f3n, por eso el compromiso de esta administraci\u00f3n es acondicionar los espacios para que puedan tomar clases en las mejores condiciones, expres\u00f3 el alcalde Giovani Guti\u00e9rrez Aguilar al entregar los trabajos de remodelaci\u00f3n en la Escuela Primaria \u201cRep\u00fablica de Bulgaria\u201d, en la colonia Romero de Terreros.<\/p>\n\n\n\n<figure class=\"wp-block-embed is-type-rich is-provider-twitter wp-block-embed-twitter\"><div class=\"wp-block-embed__wrapper\">\n<blockquote class=\"twitter-tweet\" data-width=\"550\" data-dnt=\"true\"><p lang=\"es\" dir=\"ltr\">En <a href=\"https:\/\/twitter.com\/hashtag\/Coyoac%C3%A1n?src=hash&amp;ref_src=twsrc%5Etfw\">#Coyoac\u00e1n<\/a> comprometidos con la educaci\u00f3n, por eso invertimos en las escuelas, como en la primaria \u201cRep\u00fablica de Bulgaria\u201d, as\u00ed nuestros ni\u00f1os y ni\u00f1as tienen espacios de calidad, lo que contribuye a que la ni\u00f1ez acceda a tener un mejor futuro \ud83d\udcda\ud83c\udf93\ud83c\udfeb <a href=\"https:\/\/twitter.com\/hashtag\/ContigoImparables?src=hash&amp;ref_src=twsrc%5Etfw\">#ContigoImparables<\/a> <a href=\"https:\/\/t.co\/KFh3f4Rni0\">pic.twitter.com\/KFh3f4Rni0<\/a><\/p>&mdash; Giovani Guti\u00e9rrez (@giogutierrezag) <a href=\"https:\/\/twitter.com\/giogutierrezag\/status\/1866220484146438630?ref_src=twsrc%5Etfw\">December 9, 2024<\/a><\/blockquote><script async src=\"https:\/\/platform.twitter.com\/widgets.js\" charset=\"utf-8\"><\/script>\n<\/div><\/figure>\n\n\n\n<p>Luego de realizarse la ceremonia c\u00edvica de honores a la bandera, acompa\u00f1ado por la directora del plantel, Patricia Gardu\u00f1o, el encargado de asuntos culturales de la Embajada de Bulgaria, Tsvetomir Hristov; la supervisora escolar Rosa Mar\u00eda Trinidad Salazar, as\u00ed como por estudiantes, madres y padres de familia, el Alcalde indic\u00f3:<\/p>\n\n\n\n<p>\u201cEl nuevo rostro que tiene la primaria \u2018Rep\u00fablica de Bulgaria\u2019 simboliza nuestro compromiso con la educaci\u00f3n de calidad como una pieza clave para que la ni\u00f1ez acceda a tener un mejor futuro, por eso seguimos fortaleciendo la infraestructura educativa, para que le den lo mejor a Coyoac\u00e1n y a su pa\u00eds\u201d.<\/p>\n\n\n\n<p>Por su parte, la directora de la escuela agradeci\u00f3 al alcalde Giovani Guti\u00e9rrez y todo su equipo de trabajo por la transformaci\u00f3n de las instalaciones del plantel, ya que dijo son los espacios donde pasan m\u00e1s tiempo, \u201ces nuestra segunda casa, s\u00f3lo nos queda disfrutar y cuidar\u201d, apunt\u00f3.<\/p>\n\n\n\n<figure class=\"wp-block-embed is-type-rich is-provider-twitter wp-block-embed-twitter\"><div class=\"wp-block-embed__wrapper\">\n<blockquote class=\"twitter-tweet\" data-width=\"550\" data-dnt=\"true\"><p lang=\"es\" dir=\"ltr\">Coyoac\u00e1n <a href=\"https:\/\/twitter.com\/hashtag\/ContigoImparables?src=hash&amp;ref_src=twsrc%5Etfw\">#ContigoImparables<\/a> por la educaci\u00f3n de las ni\u00f1as y ni\u00f1os \ud83c\udfeb\ud83d\udcda\ud83d\udcd6 <a href=\"https:\/\/t.co\/f3mcSgaEMJ\">pic.twitter.com\/f3mcSgaEMJ<\/a><\/p>&mdash; Giovani Guti\u00e9rrez (@giogutierrezag) <a href=\"https:\/\/twitter.com\/giogutierrezag\/status\/1866154625793171909?ref_src=twsrc%5Etfw\">December 9, 2024<\/a><\/blockquote><script async src=\"https:\/\/platform.twitter.com\/widgets.js\" charset=\"utf-8\"><\/script>\n<\/div><\/figure>\n\n\n\n<h6 class=\"wp-block-heading\">Coyoac\u00e1n, quien m\u00e1s invierte en remodelaci\u00f3n de escuelas: Giovani Guti\u00e9rrez<\/h6>\n\n\n\n<p>En tanto que Mar\u00eda Juana Palestino, presidenta de la Asociaci\u00f3n de Madres y Padres de Familia, reconoci\u00f3 a los diferentes niveles de gobierno por la ejecuci\u00f3n de esta importante y significativa obra, dijo: \u201cme pone contenta voltear a ver a todas los ni\u00f1os y ni\u00f1as de esta primaria, quienes disfrutar\u00e1n de todas las instalaciones dignas y funcionales\u201d.<\/p>\n\n\n\n<p>Como parte de los trabajos se pintaron los salones, se cambiaron las puertas y ventanas, se coloc\u00f3 un port\u00f3n nuevo, se instalaron dos rampas, se sustituyeron las l\u00e1mparas de salones y externas, se coloc\u00f3 piso nuevo, se repar\u00f3 y pint\u00f3 la barda perimetral que estaba fracturada. Tambi\u00e9n se impermeabilizaron los dos edificios, se podaron \u00e1rboles afuera y dentro de la escuela, se pint\u00f3 el \u00e1rea de seguridad en el patio, y se colocaron nuevos r\u00f3tulos.<\/p>\n\n\n\n<p>Giovani Guti\u00e9rrez inform\u00f3 que su gobierno lleva 67 escuelas intervenidas y destac\u00f3 que Coyoac\u00e1n es la alcald\u00eda que m\u00e1s invierte en planteles educativos p\u00fablicos en la Ciudad de M\u00e9xico.<\/p>\n\n\n\n<p>\u201cVamos a seguir trabajando en escuelas, vamos a seguir apost\u00e1ndole a la educaci\u00f3n, al deporte, vamos a seguir quitando todas las cheler\u00edas ilegales que tiene Coyoac\u00e1n para que no le den a nuestros ni\u00f1os y j\u00f3venes nada que pueda interrumpir ese valioso futuro que pueden tener\u201d, indic\u00f3.<\/p>\n\n\n\n<p>El alcalde inform\u00f3 que adem\u00e1s de estas obras, en su administraci\u00f3n se han&nbsp; entregado \u00fatiles escolares gratuitos de calidad para que ni\u00f1as, ni\u00f1os y j\u00f3venes cuenten con herramientas adecuadas para aprender y que las familias puedan salvaguardar su econom\u00eda.<\/p>\n","protected":false},"excerpt":{"rendered":"<p>Por Redacci\u00f3n QP Se entregaron trabajos de remodelaci\u00f3n en la Escuela Primaria \u201cRep\u00fablica de Bulgaria\u201d,&#8230;<\/p>\n","protected":false},"author":2,"featured_media":113742,"comment_status":"open","ping_status":"open","sticky":false,"template":"","format":"standard","meta":{"_monsterinsights_skip_tracking":false,"_monsterinsights_sitenote_active":false,"_monsterinsights_sitenote_note":"","_monsterinsights_sitenote_category":0,"footnotes":""},"categories":[55],"tags":[],"class_list":["post-113741","post","type-post","status-publish","format-standard","has-post-thumbnail","hentry","category-cdmx"],"yoast_head":"<!-- This site is optimized with the Yoast SEO plugin v27.3 - https:\/\/yoast.com\/product\/yoast-seo-wordpress\/ -->\n<title>Con instalaciones renovadas la Primaria Rep\u00fablica de Bulgaria seguir\u00e1 formando con excelencia acad\u00e9mica a las infancias de #Coyoac\u00e1n brindando escuelas de calidad: Giovani Guti\u00e9rrez -<\/title>\n<meta name=\"robots\" content=\"index, follow, max-snippet:-1, max-image-preview:large, max-video-preview:-1\" \/>\n<link rel=\"canonical\" href=\"https:\/\/quehacerpolitico.mx\/?p=113741\" \/>\n<meta property=\"og:locale\" content=\"es_MX\" \/>\n<meta property=\"og:type\" content=\"article\" \/>\n<meta property=\"og:title\" content=\"Con instalaciones renovadas la Primaria Rep\u00fablica de Bulgaria seguir\u00e1 formando con excelencia acad\u00e9mica a las infancias de #Coyoac\u00e1n brindando escuelas de calidad: Giovani Guti\u00e9rrez -\" \/>\n<meta property=\"og:description\" content=\"Por Redacci\u00f3n QP Se entregaron trabajos de remodelaci\u00f3n en la Escuela Primaria \u201cRep\u00fablica de Bulgaria\u201d,...\" \/>\n<meta property=\"og:url\" content=\"https:\/\/quehacerpolitico.mx\/?p=113741\" \/>\n<meta property=\"article:published_time\" content=\"2024-12-11T04:29:46+00:00\" \/>\n<meta property=\"article:modified_time\" content=\"2024-12-11T04:29:48+00:00\" \/>\n<meta property=\"og:image\" content=\"https:\/\/quehacerpolitico.mx\/wp-content\/uploads\/2024\/12\/IMG_9503.jpeg\" \/>\n\t<meta property=\"og:image:width\" content=\"1600\" \/>\n\t<meta property=\"og:image:height\" content=\"1199\" \/>\n\t<meta property=\"og:image:type\" content=\"image\/jpeg\" \/>\n<meta name=\"author\" content=\"Redacci\u00f3n QP\" \/>\n<meta name=\"twitter:card\" content=\"summary_large_image\" \/>\n<meta name=\"twitter:label1\" content=\"Escrito por\" \/>\n\t<meta name=\"twitter:data1\" content=\"Redacci\u00f3n QP\" \/>\n\t<meta name=\"twitter:label2\" content=\"Tiempo de lectura\" \/>\n\t<meta name=\"twitter:data2\" content=\"3 minutos\" \/>\n<script type=\"application\/ld+json\" class=\"yoast-schema-graph\">{\"@context\":\"https:\\\/\\\/schema.org\",\"@graph\":[{\"@type\":\"Article\",\"@id\":\"https:\\\/\\\/quehacerpolitico.mx\\\/?p=113741#article\",\"isPartOf\":{\"@id\":\"https:\\\/\\\/quehacerpolitico.mx\\\/?p=113741\"},\"author\":{\"name\":\"Redacci\u00f3n QP\",\"@id\":\"https:\\\/\\\/quehacerpolitico.mx\\\/#\\\/schema\\\/person\\\/496d8ad2d1d3f8036101dca7ee39e585\"},\"headline\":\"Con instalaciones renovadas la Primaria Rep\u00fablica de Bulgaria seguir\u00e1 formando con excelencia acad\u00e9mica a las infancias de #Coyoac\u00e1n brindando escuelas de calidad: Giovani Guti\u00e9rrez\",\"datePublished\":\"2024-12-11T04:29:46+00:00\",\"dateModified\":\"2024-12-11T04:29:48+00:00\",\"mainEntityOfPage\":{\"@id\":\"https:\\\/\\\/quehacerpolitico.mx\\\/?p=113741\"},\"wordCount\":591,\"commentCount\":0,\"image\":{\"@id\":\"https:\\\/\\\/quehacerpolitico.mx\\\/?p=113741#primaryimage\"},\"thumbnailUrl\":\"https:\\\/\\\/quehacerpolitico.mx\\\/wp-content\\\/uploads\\\/2024\\\/12\\\/IMG_9503.jpeg\",\"articleSection\":[\"CDMX\"],\"inLanguage\":\"es\",\"potentialAction\":[{\"@type\":\"CommentAction\",\"name\":\"Comment\",\"target\":[\"https:\\\/\\\/quehacerpolitico.mx\\\/?p=113741#respond\"]}]},{\"@type\":\"WebPage\",\"@id\":\"https:\\\/\\\/quehacerpolitico.mx\\\/?p=113741\",\"url\":\"https:\\\/\\\/quehacerpolitico.mx\\\/?p=113741\",\"name\":\"Con instalaciones renovadas la Primaria Rep\u00fablica de Bulgaria seguir\u00e1 formando con excelencia acad\u00e9mica a las infancias de #Coyoac\u00e1n brindando escuelas de calidad: Giovani Guti\u00e9rrez -\",\"isPartOf\":{\"@id\":\"https:\\\/\\\/quehacerpolitico.mx\\\/#website\"},\"primaryImageOfPage\":{\"@id\":\"https:\\\/\\\/quehacerpolitico.mx\\\/?p=113741#primaryimage\"},\"image\":{\"@id\":\"https:\\\/\\\/quehacerpolitico.mx\\\/?p=113741#primaryimage\"},\"thumbnailUrl\":\"https:\\\/\\\/quehacerpolitico.mx\\\/wp-content\\\/uploads\\\/2024\\\/12\\\/IMG_9503.jpeg\",\"datePublished\":\"2024-12-11T04:29:46+00:00\",\"dateModified\":\"2024-12-11T04:29:48+00:00\",\"author\":{\"@id\":\"https:\\\/\\\/quehacerpolitico.mx\\\/#\\\/schema\\\/person\\\/496d8ad2d1d3f8036101dca7ee39e585\"},\"breadcrumb\":{\"@id\":\"https:\\\/\\\/quehacerpolitico.mx\\\/?p=113741#breadcrumb\"},\"inLanguage\":\"es\",\"potentialAction\":[{\"@type\":\"ReadAction\",\"target\":[\"https:\\\/\\\/quehacerpolitico.mx\\\/?p=113741\"]}]},{\"@type\":\"ImageObject\",\"inLanguage\":\"es\",\"@id\":\"https:\\\/\\\/quehacerpolitico.mx\\\/?p=113741#primaryimage\",\"url\":\"https:\\\/\\\/quehacerpolitico.mx\\\/wp-content\\\/uploads\\\/2024\\\/12\\\/IMG_9503.jpeg\",\"contentUrl\":\"https:\\\/\\\/quehacerpolitico.mx\\\/wp-content\\\/uploads\\\/2024\\\/12\\\/IMG_9503.jpeg\",\"width\":1600,\"height\":1199},{\"@type\":\"BreadcrumbList\",\"@id\":\"https:\\\/\\\/quehacerpolitico.mx\\\/?p=113741#breadcrumb\",\"itemListElement\":[{\"@type\":\"ListItem\",\"position\":1,\"name\":\"Inicio\",\"item\":\"https:\\\/\\\/quehacerpolitico.mx\\\/\"},{\"@type\":\"ListItem\",\"position\":2,\"name\":\"Con instalaciones renovadas la Primaria Rep\u00fablica de Bulgaria seguir\u00e1 formando con excelencia acad\u00e9mica a las infancias de #Coyoac\u00e1n brindando escuelas de calidad: Giovani Guti\u00e9rrez\"}]},{\"@type\":\"WebSite\",\"@id\":\"https:\\\/\\\/quehacerpolitico.mx\\\/#website\",\"url\":\"https:\\\/\\\/quehacerpolitico.mx\\\/\",\"name\":\"\",\"description\":\"\",\"potentialAction\":[{\"@type\":\"SearchAction\",\"target\":{\"@type\":\"EntryPoint\",\"urlTemplate\":\"https:\\\/\\\/quehacerpolitico.mx\\\/?s={search_term_string}\"},\"query-input\":{\"@type\":\"PropertyValueSpecification\",\"valueRequired\":true,\"valueName\":\"search_term_string\"}}],\"inLanguage\":\"es\"},{\"@type\":\"Person\",\"@id\":\"https:\\\/\\\/quehacerpolitico.mx\\\/#\\\/schema\\\/person\\\/496d8ad2d1d3f8036101dca7ee39e585\",\"name\":\"Redacci\u00f3n QP\",\"image\":{\"@type\":\"ImageObject\",\"inLanguage\":\"es\",\"@id\":\"https:\\\/\\\/secure.gravatar.com\\\/avatar\\\/c7164ed6fdec453195284ad24a5ae5b6e1eed2b848477fa2a4787ba9adf39a41?s=96&d=mm&r=g\",\"url\":\"https:\\\/\\\/secure.gravatar.com\\\/avatar\\\/c7164ed6fdec453195284ad24a5ae5b6e1eed2b848477fa2a4787ba9adf39a41?s=96&d=mm&r=g\",\"contentUrl\":\"https:\\\/\\\/secure.gravatar.com\\\/avatar\\\/c7164ed6fdec453195284ad24a5ae5b6e1eed2b848477fa2a4787ba9adf39a41?s=96&d=mm&r=g\",\"caption\":\"Redacci\u00f3n QP\"},\"url\":\"https:\\\/\\\/quehacerpolitico.mx\\\/?author=2\"}]}<\/script>\n<!-- \/ Yoast SEO plugin. -->","yoast_head_json":{"title":"Con instalaciones renovadas la Primaria Rep\u00fablica de Bulgaria seguir\u00e1 formando con excelencia acad\u00e9mica a las infancias de #Coyoac\u00e1n brindando escuelas de calidad: Giovani Guti\u00e9rrez -","robots":{"index":"index","follow":"follow","max-snippet":"max-snippet:-1","max-image-preview":"max-image-preview:large","max-video-preview":"max-video-preview:-1"},"canonical":"https:\/\/quehacerpolitico.mx\/?p=113741","og_locale":"es_MX","og_type":"article","og_title":"Con instalaciones renovadas la Primaria Rep\u00fablica de Bulgaria seguir\u00e1 formando con excelencia acad\u00e9mica a las infancias de #Coyoac\u00e1n brindando escuelas de calidad: Giovani Guti\u00e9rrez -","og_description":"Por Redacci\u00f3n QP Se entregaron trabajos de remodelaci\u00f3n en la Escuela Primaria \u201cRep\u00fablica de Bulgaria\u201d,...","og_url":"https:\/\/quehacerpolitico.mx\/?p=113741","article_published_time":"2024-12-11T04:29:46+00:00","article_modified_time":"2024-12-11T04:29:48+00:00","og_image":[{"width":1600,"height":1199,"url":"https:\/\/quehacerpolitico.mx\/wp-content\/uploads\/2024\/12\/IMG_9503.jpeg","type":"image\/jpeg"}],"author":"Redacci\u00f3n QP","twitter_card":"summary_large_image","twitter_misc":{"Escrito por":"Redacci\u00f3n QP","Tiempo de lectura":"3 minutos"},"schema":{"@context":"https:\/\/schema.org","@graph":[{"@type":"Article","@id":"https:\/\/quehacerpolitico.mx\/?p=113741#article","isPartOf":{"@id":"https:\/\/quehacerpolitico.mx\/?p=113741"},"author":{"name":"Redacci\u00f3n QP","@id":"https:\/\/quehacerpolitico.mx\/#\/schema\/person\/496d8ad2d1d3f8036101dca7ee39e585"},"headline":"Con instalaciones renovadas la Primaria Rep\u00fablica de Bulgaria seguir\u00e1 formando con excelencia acad\u00e9mica a las infancias de #Coyoac\u00e1n brindando escuelas de calidad: Giovani Guti\u00e9rrez","datePublished":"2024-12-11T04:29:46+00:00","dateModified":"2024-12-11T04:29:48+00:00","mainEntityOfPage":{"@id":"https:\/\/quehacerpolitico.mx\/?p=113741"},"wordCount":591,"commentCount":0,"image":{"@id":"https:\/\/quehacerpolitico.mx\/?p=113741#primaryimage"},"thumbnailUrl":"https:\/\/quehacerpolitico.mx\/wp-content\/uploads\/2024\/12\/IMG_9503.jpeg","articleSection":["CDMX"],"inLanguage":"es","potentialAction":[{"@type":"CommentAction","name":"Comment","target":["https:\/\/quehacerpolitico.mx\/?p=113741#respond"]}]},{"@type":"WebPage","@id":"https:\/\/quehacerpolitico.mx\/?p=113741","url":"https:\/\/quehacerpolitico.mx\/?p=113741","name":"Con instalaciones renovadas la Primaria Rep\u00fablica de Bulgaria seguir\u00e1 formando con excelencia acad\u00e9mica a las infancias de #Coyoac\u00e1n brindando escuelas de calidad: Giovani Guti\u00e9rrez -","isPartOf":{"@id":"https:\/\/quehacerpolitico.mx\/#website"},"primaryImageOfPage":{"@id":"https:\/\/quehacerpolitico.mx\/?p=113741#primaryimage"},"image":{"@id":"https:\/\/quehacerpolitico.mx\/?p=113741#primaryimage"},"thumbnailUrl":"https:\/\/quehacerpolitico.mx\/wp-content\/uploads\/2024\/12\/IMG_9503.jpeg","datePublished":"2024-12-11T04:29:46+00:00","dateModified":"2024-12-11T04:29:48+00:00","author":{"@id":"https:\/\/quehacerpolitico.mx\/#\/schema\/person\/496d8ad2d1d3f8036101dca7ee39e585"},"breadcrumb":{"@id":"https:\/\/quehacerpolitico.mx\/?p=113741#breadcrumb"},"inLanguage":"es","potentialAction":[{"@type":"ReadAction","target":["https:\/\/quehacerpolitico.mx\/?p=113741"]}]},{"@type":"ImageObject","inLanguage":"es","@id":"https:\/\/quehacerpolitico.mx\/?p=113741#primaryimage","url":"https:\/\/quehacerpolitico.mx\/wp-content\/uploads\/2024\/12\/IMG_9503.jpeg","contentUrl":"https:\/\/quehacerpolitico.mx\/wp-content\/uploads\/2024\/12\/IMG_9503.jpeg","width":1600,"height":1199},{"@type":"BreadcrumbList","@id":"https:\/\/quehacerpolitico.mx\/?p=113741#breadcrumb","itemListElement":[{"@type":"ListItem","position":1,"name":"Inicio","item":"https:\/\/quehacerpolitico.mx\/"},{"@type":"ListItem","position":2,"name":"Con instalaciones renovadas la Primaria Rep\u00fablica de Bulgaria seguir\u00e1 formando con excelencia acad\u00e9mica a las infancias de #Coyoac\u00e1n brindando escuelas de calidad: Giovani Guti\u00e9rrez"}]},{"@type":"WebSite","@id":"https:\/\/quehacerpolitico.mx\/#website","url":"https:\/\/quehacerpolitico.mx\/","name":"","description":"","potentialAction":[{"@type":"SearchAction","target":{"@type":"EntryPoint","urlTemplate":"https:\/\/quehacerpolitico.mx\/?s={search_term_string}"},"query-input":{"@type":"PropertyValueSpecification","valueRequired":true,"valueName":"search_term_string"}}],"inLanguage":"es"},{"@type":"Person","@id":"https:\/\/quehacerpolitico.mx\/#\/schema\/person\/496d8ad2d1d3f8036101dca7ee39e585","name":"Redacci\u00f3n QP","image":{"@type":"ImageObject","inLanguage":"es","@id":"https:\/\/secure.gravatar.com\/avatar\/c7164ed6fdec453195284ad24a5ae5b6e1eed2b848477fa2a4787ba9adf39a41?s=96&d=mm&r=g","url":"https:\/\/secure.gravatar.com\/avatar\/c7164ed6fdec453195284ad24a5ae5b6e1eed2b848477fa2a4787ba9adf39a41?s=96&d=mm&r=g","contentUrl":"https:\/\/secure.gravatar.com\/avatar\/c7164ed6fdec453195284ad24a5ae5b6e1eed2b848477fa2a4787ba9adf39a41?s=96&d=mm&r=g","caption":"Redacci\u00f3n QP"},"url":"https:\/\/quehacerpolitico.mx\/?author=2"}]}},"featured_image_urls":{"full":["https:\/\/quehacerpolitico.mx\/wp-content\/uploads\/2024\/12\/IMG_9503.jpeg",1600,1199,false],"thumbnail":["https:\/\/quehacerpolitico.mx\/wp-content\/uploads\/2024\/12\/IMG_9503-150x150.jpeg",150,150,true],"medium":["https:\/\/quehacerpolitico.mx\/wp-content\/uploads\/2024\/12\/IMG_9503-300x225.jpeg",300,225,true],"medium_large":["https:\/\/quehacerpolitico.mx\/wp-content\/uploads\/2024\/12\/IMG_9503-768x576.jpeg",640,480,true],"large":["https:\/\/quehacerpolitico.mx\/wp-content\/uploads\/2024\/12\/IMG_9503-1024x767.jpeg",640,479,true],"1536x1536":["https:\/\/quehacerpolitico.mx\/wp-content\/uploads\/2024\/12\/IMG_9503-1536x1151.jpeg",1536,1151,true],"2048x2048":["https:\/\/quehacerpolitico.mx\/wp-content\/uploads\/2024\/12\/IMG_9503.jpeg",1600,1199,false],"covernews-featured":["https:\/\/quehacerpolitico.mx\/wp-content\/uploads\/2024\/12\/IMG_9503-1024x767.jpeg",1024,767,true],"covernews-medium":["https:\/\/quehacerpolitico.mx\/wp-content\/uploads\/2024\/12\/IMG_9503-540x340.jpeg",540,340,true]},"author_info":{"display_name":"Redacci\u00f3n QP","author_link":"https:\/\/quehacerpolitico.mx\/?author=2"},"category_info":"<a href=\"https:\/\/quehacerpolitico.mx\/?cat=55\" rel=\"category\">CDMX<\/a>","tag_info":"CDMX","comment_count":"0","_links":{"self":[{"href":"https:\/\/quehacerpolitico.mx\/index.php?rest_route=\/wp\/v2\/posts\/113741","targetHints":{"allow":["GET"]}}],"collection":[{"href":"https:\/\/quehacerpolitico.mx\/index.php?rest_route=\/wp\/v2\/posts"}],"about":[{"href":"https:\/\/quehacerpolitico.mx\/index.php?rest_route=\/wp\/v2\/types\/post"}],"author":[{"embeddable":true,"href":"https:\/\/quehacerpolitico.mx\/index.php?rest_route=\/wp\/v2\/users\/2"}],"replies":[{"embeddable":true,"href":"https:\/\/quehacerpolitico.mx\/index.php?rest_route=%2Fwp%2Fv2%2Fcomments&post=113741"}],"version-history":[{"count":1,"href":"https:\/\/quehacerpolitico.mx\/index.php?rest_route=\/wp\/v2\/posts\/113741\/revisions"}],"predecessor-version":[{"id":113743,"href":"https:\/\/quehacerpolitico.mx\/index.php?rest_route=\/wp\/v2\/posts\/113741\/revisions\/113743"}],"wp:featuredmedia":[{"embeddable":true,"href":"https:\/\/quehacerpolitico.mx\/index.php?rest_route=\/wp\/v2\/media\/113742"}],"wp:attachment":[{"href":"https:\/\/quehacerpolitico.mx\/index.php?rest_route=%2Fwp%2Fv2%2Fmedia&parent=113741"}],"wp:term":[{"taxonomy":"category","embeddable":true,"href":"https:\/\/quehacerpolitico.mx\/index.php?rest_route=%2Fwp%2Fv2%2Fcategories&post=113741"},{"taxonomy":"post_tag","embeddable":true,"href":"https:\/\/quehacerpolitico.mx\/index.php?rest_route=%2Fwp%2Fv2%2Ftags&post=113741"}],"curies":[{"name":"wp","href":"https:\/\/api.w.org\/{rel}","templated":true}]}}