{"id":113730,"date":"2024-12-09T23:31:51","date_gmt":"2024-12-10T05:31:51","guid":{"rendered":"https:\/\/quehacerpolitico.mx\/?p=113730"},"modified":"2024-12-09T23:31:55","modified_gmt":"2024-12-10T05:31:55","slug":"detienen-en-la-alcaldia-magdalena-contreras-a-un-hombre-senalado-como-presunto-responsable-de-actividades-relacionadas-con-la-venta-de-drogas-y-conflictos-armados-con-otros-narcomenudistas","status":"publish","type":"post","link":"https:\/\/quehacerpolitico.mx\/?p=113730","title":{"rendered":"Detienen en la Alcald\u00eda Magdalena Contreras a un hombre se\u00f1alado como presunto responsable de actividades relacionadas con la venta de drogas y conflictos armados con otros narcomenudistas"},"content":{"rendered":"\n<p>Por Redacci\u00f3n QP<\/p>\n\n\n\n<p>En un operativo realizado en la alcald\u00eda Magdalena Contreras, elementos de la Secretar\u00eda de Seguridad Ciudadana (SSC) de la Ciudad de M\u00e9xico detuvieron a un hombre se\u00f1alado como presunto responsable de actividades relacionadas con la venta de drogas y conflictos armados con otros narcomenudistas.<\/p>\n\n\n\n<p>El despliegue fue resultado de labores de inteligencia y trabajo de campo, donde se detect\u00f3 que el detenido operaba principalmente en la colonia Las Cruces.<\/p>\n\n\n\n<p>Tras implementar vigilancias fijas y m\u00f3viles, realizar recorridos de reconocimiento y recopilar testimonios de vecinos, las autoridades lograron reunir la informaci\u00f3n necesaria para solicitar una orden de cateo.<\/p>\n\n\n\n<p>Con los elementos recabados, un Juez de Control otorg\u00f3 la autorizaci\u00f3n para intervenir un domicilio ubicado en la calle 10 de Mayo. Durante el cateo, un hombre de 25 a\u00f1os fue aprehendido y se\u00f1alado como uno de los principales generadores de violencia en la zona.<\/p>\n\n\n\n<h6 class=\"wp-block-heading\">Detienen a presunto generador de violencia en Magdalena Contreras tras operativo de cateo<\/h6>\n\n\n\n<p>El detenido fue informado de sus derechos y puesto a disposici\u00f3n del Ministerio P\u00fablico, quien continuar\u00e1 con las investigaciones y determinar\u00e1 su situaci\u00f3n jur\u00eddica. Cabe destacar que el sujeto contaba con una orden de aprehensi\u00f3n vigente por el delito de homicidio agravado en grado de tentativa.<\/p>\n\n\n\n<p>La SSC destac\u00f3 que el operativo se llev\u00f3 a cabo sin incidentes de violencia y en estricto cumplimiento de los protocolos de actuaci\u00f3n policial, uso de la fuerza y respeto a los derechos humanos. Adem\u00e1s, expres\u00f3 su agradecimiento al personal de la Secretar\u00eda de la Defensa Nacional, la Marina Armada de M\u00e9xico y la Guardia Nacional por su apoyo en la operaci\u00f3n.<\/p>\n\n\n\n<p>La Secretar\u00eda reiter\u00f3 su compromiso de seguir con las acciones de inteligencia y coordinaci\u00f3n para identificar y detener a quienes representen una amenaza para la seguridad de las y los habitantes de la Ciudad&nbsp;de&nbsp;M\u00e9xico.<\/p>\n","protected":false},"excerpt":{"rendered":"<p>Por Redacci\u00f3n QP En un operativo realizado en la alcald\u00eda Magdalena Contreras, elementos de la&#8230;<\/p>\n","protected":false},"author":2,"featured_media":113733,"comment_status":"open","ping_status":"open","sticky":false,"template":"","format":"standard","meta":{"_monsterinsights_skip_tracking":false,"_monsterinsights_sitenote_active":false,"_monsterinsights_sitenote_note":"","_monsterinsights_sitenote_category":0,"footnotes":""},"categories":[55],"tags":[],"class_list":["post-113730","post","type-post","status-publish","format-standard","has-post-thumbnail","hentry","category-cdmx"],"yoast_head":"<!-- This site is optimized with the Yoast SEO plugin v27.3 - https:\/\/yoast.com\/product\/yoast-seo-wordpress\/ -->\n<title>Detienen en la Alcald\u00eda Magdalena Contreras a un hombre se\u00f1alado como presunto responsable de actividades relacionadas con la venta de drogas y conflictos armados con otros narcomenudistas -<\/title>\n<meta name=\"robots\" content=\"index, follow, max-snippet:-1, max-image-preview:large, max-video-preview:-1\" \/>\n<link rel=\"canonical\" href=\"https:\/\/quehacerpolitico.mx\/?p=113730\" \/>\n<meta property=\"og:locale\" content=\"es_MX\" \/>\n<meta property=\"og:type\" content=\"article\" \/>\n<meta property=\"og:title\" content=\"Detienen en la Alcald\u00eda Magdalena Contreras a un hombre se\u00f1alado como presunto responsable de actividades relacionadas con la venta de drogas y conflictos armados con otros narcomenudistas -\" \/>\n<meta property=\"og:description\" content=\"Por Redacci\u00f3n QP En un operativo realizado en la alcald\u00eda Magdalena Contreras, elementos de la...\" \/>\n<meta property=\"og:url\" content=\"https:\/\/quehacerpolitico.mx\/?p=113730\" \/>\n<meta property=\"article:published_time\" content=\"2024-12-10T05:31:51+00:00\" \/>\n<meta property=\"article:modified_time\" content=\"2024-12-10T05:31:55+00:00\" \/>\n<meta property=\"og:image\" content=\"https:\/\/quehacerpolitico.mx\/wp-content\/uploads\/2024\/12\/IMG_9490-1.png\" \/>\n\t<meta property=\"og:image:width\" content=\"1280\" \/>\n\t<meta property=\"og:image:height\" content=\"720\" \/>\n\t<meta property=\"og:image:type\" content=\"image\/png\" \/>\n<meta name=\"author\" content=\"Redacci\u00f3n QP\" \/>\n<meta name=\"twitter:card\" content=\"summary_large_image\" \/>\n<meta name=\"twitter:label1\" content=\"Escrito por\" \/>\n\t<meta name=\"twitter:data1\" content=\"Redacci\u00f3n QP\" \/>\n\t<meta name=\"twitter:label2\" content=\"Tiempo de lectura\" \/>\n\t<meta name=\"twitter:data2\" content=\"2 minutos\" \/>\n<script type=\"application\/ld+json\" class=\"yoast-schema-graph\">{\"@context\":\"https:\\\/\\\/schema.org\",\"@graph\":[{\"@type\":\"Article\",\"@id\":\"https:\\\/\\\/quehacerpolitico.mx\\\/?p=113730#article\",\"isPartOf\":{\"@id\":\"https:\\\/\\\/quehacerpolitico.mx\\\/?p=113730\"},\"author\":{\"name\":\"Redacci\u00f3n QP\",\"@id\":\"https:\\\/\\\/quehacerpolitico.mx\\\/#\\\/schema\\\/person\\\/496d8ad2d1d3f8036101dca7ee39e585\"},\"headline\":\"Detienen en la Alcald\u00eda Magdalena Contreras a un hombre se\u00f1alado como presunto responsable de actividades relacionadas con la venta de drogas y conflictos armados con otros narcomenudistas\",\"datePublished\":\"2024-12-10T05:31:51+00:00\",\"dateModified\":\"2024-12-10T05:31:55+00:00\",\"mainEntityOfPage\":{\"@id\":\"https:\\\/\\\/quehacerpolitico.mx\\\/?p=113730\"},\"wordCount\":354,\"commentCount\":0,\"image\":{\"@id\":\"https:\\\/\\\/quehacerpolitico.mx\\\/?p=113730#primaryimage\"},\"thumbnailUrl\":\"https:\\\/\\\/quehacerpolitico.mx\\\/wp-content\\\/uploads\\\/2024\\\/12\\\/IMG_9490-1.png\",\"articleSection\":[\"CDMX\"],\"inLanguage\":\"es\",\"potentialAction\":[{\"@type\":\"CommentAction\",\"name\":\"Comment\",\"target\":[\"https:\\\/\\\/quehacerpolitico.mx\\\/?p=113730#respond\"]}]},{\"@type\":\"WebPage\",\"@id\":\"https:\\\/\\\/quehacerpolitico.mx\\\/?p=113730\",\"url\":\"https:\\\/\\\/quehacerpolitico.mx\\\/?p=113730\",\"name\":\"Detienen en la Alcald\u00eda Magdalena Contreras a un hombre se\u00f1alado como presunto responsable de actividades relacionadas con la venta de drogas y conflictos armados con otros narcomenudistas -\",\"isPartOf\":{\"@id\":\"https:\\\/\\\/quehacerpolitico.mx\\\/#website\"},\"primaryImageOfPage\":{\"@id\":\"https:\\\/\\\/quehacerpolitico.mx\\\/?p=113730#primaryimage\"},\"image\":{\"@id\":\"https:\\\/\\\/quehacerpolitico.mx\\\/?p=113730#primaryimage\"},\"thumbnailUrl\":\"https:\\\/\\\/quehacerpolitico.mx\\\/wp-content\\\/uploads\\\/2024\\\/12\\\/IMG_9490-1.png\",\"datePublished\":\"2024-12-10T05:31:51+00:00\",\"dateModified\":\"2024-12-10T05:31:55+00:00\",\"author\":{\"@id\":\"https:\\\/\\\/quehacerpolitico.mx\\\/#\\\/schema\\\/person\\\/496d8ad2d1d3f8036101dca7ee39e585\"},\"breadcrumb\":{\"@id\":\"https:\\\/\\\/quehacerpolitico.mx\\\/?p=113730#breadcrumb\"},\"inLanguage\":\"es\",\"potentialAction\":[{\"@type\":\"ReadAction\",\"target\":[\"https:\\\/\\\/quehacerpolitico.mx\\\/?p=113730\"]}]},{\"@type\":\"ImageObject\",\"inLanguage\":\"es\",\"@id\":\"https:\\\/\\\/quehacerpolitico.mx\\\/?p=113730#primaryimage\",\"url\":\"https:\\\/\\\/quehacerpolitico.mx\\\/wp-content\\\/uploads\\\/2024\\\/12\\\/IMG_9490-1.png\",\"contentUrl\":\"https:\\\/\\\/quehacerpolitico.mx\\\/wp-content\\\/uploads\\\/2024\\\/12\\\/IMG_9490-1.png\",\"width\":1280,\"height\":720},{\"@type\":\"BreadcrumbList\",\"@id\":\"https:\\\/\\\/quehacerpolitico.mx\\\/?p=113730#breadcrumb\",\"itemListElement\":[{\"@type\":\"ListItem\",\"position\":1,\"name\":\"Inicio\",\"item\":\"https:\\\/\\\/quehacerpolitico.mx\\\/\"},{\"@type\":\"ListItem\",\"position\":2,\"name\":\"Detienen en la Alcald\u00eda Magdalena Contreras a un hombre se\u00f1alado como presunto responsable de actividades relacionadas con la venta de drogas y conflictos armados con otros narcomenudistas\"}]},{\"@type\":\"WebSite\",\"@id\":\"https:\\\/\\\/quehacerpolitico.mx\\\/#website\",\"url\":\"https:\\\/\\\/quehacerpolitico.mx\\\/\",\"name\":\"\",\"description\":\"\",\"potentialAction\":[{\"@type\":\"SearchAction\",\"target\":{\"@type\":\"EntryPoint\",\"urlTemplate\":\"https:\\\/\\\/quehacerpolitico.mx\\\/?s={search_term_string}\"},\"query-input\":{\"@type\":\"PropertyValueSpecification\",\"valueRequired\":true,\"valueName\":\"search_term_string\"}}],\"inLanguage\":\"es\"},{\"@type\":\"Person\",\"@id\":\"https:\\\/\\\/quehacerpolitico.mx\\\/#\\\/schema\\\/person\\\/496d8ad2d1d3f8036101dca7ee39e585\",\"name\":\"Redacci\u00f3n QP\",\"image\":{\"@type\":\"ImageObject\",\"inLanguage\":\"es\",\"@id\":\"https:\\\/\\\/secure.gravatar.com\\\/avatar\\\/c7164ed6fdec453195284ad24a5ae5b6e1eed2b848477fa2a4787ba9adf39a41?s=96&d=mm&r=g\",\"url\":\"https:\\\/\\\/secure.gravatar.com\\\/avatar\\\/c7164ed6fdec453195284ad24a5ae5b6e1eed2b848477fa2a4787ba9adf39a41?s=96&d=mm&r=g\",\"contentUrl\":\"https:\\\/\\\/secure.gravatar.com\\\/avatar\\\/c7164ed6fdec453195284ad24a5ae5b6e1eed2b848477fa2a4787ba9adf39a41?s=96&d=mm&r=g\",\"caption\":\"Redacci\u00f3n QP\"},\"url\":\"https:\\\/\\\/quehacerpolitico.mx\\\/?author=2\"}]}<\/script>\n<!-- \/ Yoast SEO plugin. -->","yoast_head_json":{"title":"Detienen en la Alcald\u00eda Magdalena Contreras a un hombre se\u00f1alado como presunto responsable de actividades relacionadas con la venta de drogas y conflictos armados con otros narcomenudistas -","robots":{"index":"index","follow":"follow","max-snippet":"max-snippet:-1","max-image-preview":"max-image-preview:large","max-video-preview":"max-video-preview:-1"},"canonical":"https:\/\/quehacerpolitico.mx\/?p=113730","og_locale":"es_MX","og_type":"article","og_title":"Detienen en la Alcald\u00eda Magdalena Contreras a un hombre se\u00f1alado como presunto responsable de actividades relacionadas con la venta de drogas y conflictos armados con otros narcomenudistas -","og_description":"Por Redacci\u00f3n QP En un operativo realizado en la alcald\u00eda Magdalena Contreras, elementos de la...","og_url":"https:\/\/quehacerpolitico.mx\/?p=113730","article_published_time":"2024-12-10T05:31:51+00:00","article_modified_time":"2024-12-10T05:31:55+00:00","og_image":[{"width":1280,"height":720,"url":"https:\/\/quehacerpolitico.mx\/wp-content\/uploads\/2024\/12\/IMG_9490-1.png","type":"image\/png"}],"author":"Redacci\u00f3n QP","twitter_card":"summary_large_image","twitter_misc":{"Escrito por":"Redacci\u00f3n QP","Tiempo de lectura":"2 minutos"},"schema":{"@context":"https:\/\/schema.org","@graph":[{"@type":"Article","@id":"https:\/\/quehacerpolitico.mx\/?p=113730#article","isPartOf":{"@id":"https:\/\/quehacerpolitico.mx\/?p=113730"},"author":{"name":"Redacci\u00f3n QP","@id":"https:\/\/quehacerpolitico.mx\/#\/schema\/person\/496d8ad2d1d3f8036101dca7ee39e585"},"headline":"Detienen en la Alcald\u00eda Magdalena Contreras a un hombre se\u00f1alado como presunto responsable de actividades relacionadas con la venta de drogas y conflictos armados con otros narcomenudistas","datePublished":"2024-12-10T05:31:51+00:00","dateModified":"2024-12-10T05:31:55+00:00","mainEntityOfPage":{"@id":"https:\/\/quehacerpolitico.mx\/?p=113730"},"wordCount":354,"commentCount":0,"image":{"@id":"https:\/\/quehacerpolitico.mx\/?p=113730#primaryimage"},"thumbnailUrl":"https:\/\/quehacerpolitico.mx\/wp-content\/uploads\/2024\/12\/IMG_9490-1.png","articleSection":["CDMX"],"inLanguage":"es","potentialAction":[{"@type":"CommentAction","name":"Comment","target":["https:\/\/quehacerpolitico.mx\/?p=113730#respond"]}]},{"@type":"WebPage","@id":"https:\/\/quehacerpolitico.mx\/?p=113730","url":"https:\/\/quehacerpolitico.mx\/?p=113730","name":"Detienen en la Alcald\u00eda Magdalena Contreras a un hombre se\u00f1alado como presunto responsable de actividades relacionadas con la venta de drogas y conflictos armados con otros narcomenudistas -","isPartOf":{"@id":"https:\/\/quehacerpolitico.mx\/#website"},"primaryImageOfPage":{"@id":"https:\/\/quehacerpolitico.mx\/?p=113730#primaryimage"},"image":{"@id":"https:\/\/quehacerpolitico.mx\/?p=113730#primaryimage"},"thumbnailUrl":"https:\/\/quehacerpolitico.mx\/wp-content\/uploads\/2024\/12\/IMG_9490-1.png","datePublished":"2024-12-10T05:31:51+00:00","dateModified":"2024-12-10T05:31:55+00:00","author":{"@id":"https:\/\/quehacerpolitico.mx\/#\/schema\/person\/496d8ad2d1d3f8036101dca7ee39e585"},"breadcrumb":{"@id":"https:\/\/quehacerpolitico.mx\/?p=113730#breadcrumb"},"inLanguage":"es","potentialAction":[{"@type":"ReadAction","target":["https:\/\/quehacerpolitico.mx\/?p=113730"]}]},{"@type":"ImageObject","inLanguage":"es","@id":"https:\/\/quehacerpolitico.mx\/?p=113730#primaryimage","url":"https:\/\/quehacerpolitico.mx\/wp-content\/uploads\/2024\/12\/IMG_9490-1.png","contentUrl":"https:\/\/quehacerpolitico.mx\/wp-content\/uploads\/2024\/12\/IMG_9490-1.png","width":1280,"height":720},{"@type":"BreadcrumbList","@id":"https:\/\/quehacerpolitico.mx\/?p=113730#breadcrumb","itemListElement":[{"@type":"ListItem","position":1,"name":"Inicio","item":"https:\/\/quehacerpolitico.mx\/"},{"@type":"ListItem","position":2,"name":"Detienen en la Alcald\u00eda Magdalena Contreras a un hombre se\u00f1alado como presunto responsable de actividades relacionadas con la venta de drogas y conflictos armados con otros narcomenudistas"}]},{"@type":"WebSite","@id":"https:\/\/quehacerpolitico.mx\/#website","url":"https:\/\/quehacerpolitico.mx\/","name":"","description":"","potentialAction":[{"@type":"SearchAction","target":{"@type":"EntryPoint","urlTemplate":"https:\/\/quehacerpolitico.mx\/?s={search_term_string}"},"query-input":{"@type":"PropertyValueSpecification","valueRequired":true,"valueName":"search_term_string"}}],"inLanguage":"es"},{"@type":"Person","@id":"https:\/\/quehacerpolitico.mx\/#\/schema\/person\/496d8ad2d1d3f8036101dca7ee39e585","name":"Redacci\u00f3n QP","image":{"@type":"ImageObject","inLanguage":"es","@id":"https:\/\/secure.gravatar.com\/avatar\/c7164ed6fdec453195284ad24a5ae5b6e1eed2b848477fa2a4787ba9adf39a41?s=96&d=mm&r=g","url":"https:\/\/secure.gravatar.com\/avatar\/c7164ed6fdec453195284ad24a5ae5b6e1eed2b848477fa2a4787ba9adf39a41?s=96&d=mm&r=g","contentUrl":"https:\/\/secure.gravatar.com\/avatar\/c7164ed6fdec453195284ad24a5ae5b6e1eed2b848477fa2a4787ba9adf39a41?s=96&d=mm&r=g","caption":"Redacci\u00f3n QP"},"url":"https:\/\/quehacerpolitico.mx\/?author=2"}]}},"featured_image_urls":{"full":["https:\/\/quehacerpolitico.mx\/wp-content\/uploads\/2024\/12\/IMG_9490-1.png",1280,720,false],"thumbnail":["https:\/\/quehacerpolitico.mx\/wp-content\/uploads\/2024\/12\/IMG_9490-1-150x150.png",150,150,true],"medium":["https:\/\/quehacerpolitico.mx\/wp-content\/uploads\/2024\/12\/IMG_9490-1-300x169.png",300,169,true],"medium_large":["https:\/\/quehacerpolitico.mx\/wp-content\/uploads\/2024\/12\/IMG_9490-1-768x432.png",640,360,true],"large":["https:\/\/quehacerpolitico.mx\/wp-content\/uploads\/2024\/12\/IMG_9490-1-1024x576.png",640,360,true],"1536x1536":["https:\/\/quehacerpolitico.mx\/wp-content\/uploads\/2024\/12\/IMG_9490-1.png",1280,720,false],"2048x2048":["https:\/\/quehacerpolitico.mx\/wp-content\/uploads\/2024\/12\/IMG_9490-1.png",1280,720,false],"covernews-featured":["https:\/\/quehacerpolitico.mx\/wp-content\/uploads\/2024\/12\/IMG_9490-1-1024x576.png",1024,576,true],"covernews-medium":["https:\/\/quehacerpolitico.mx\/wp-content\/uploads\/2024\/12\/IMG_9490-1-540x340.png",540,340,true]},"author_info":{"display_name":"Redacci\u00f3n QP","author_link":"https:\/\/quehacerpolitico.mx\/?author=2"},"category_info":"<a href=\"https:\/\/quehacerpolitico.mx\/?cat=55\" rel=\"category\">CDMX<\/a>","tag_info":"CDMX","comment_count":"0","_links":{"self":[{"href":"https:\/\/quehacerpolitico.mx\/index.php?rest_route=\/wp\/v2\/posts\/113730","targetHints":{"allow":["GET"]}}],"collection":[{"href":"https:\/\/quehacerpolitico.mx\/index.php?rest_route=\/wp\/v2\/posts"}],"about":[{"href":"https:\/\/quehacerpolitico.mx\/index.php?rest_route=\/wp\/v2\/types\/post"}],"author":[{"embeddable":true,"href":"https:\/\/quehacerpolitico.mx\/index.php?rest_route=\/wp\/v2\/users\/2"}],"replies":[{"embeddable":true,"href":"https:\/\/quehacerpolitico.mx\/index.php?rest_route=%2Fwp%2Fv2%2Fcomments&post=113730"}],"version-history":[{"count":1,"href":"https:\/\/quehacerpolitico.mx\/index.php?rest_route=\/wp\/v2\/posts\/113730\/revisions"}],"predecessor-version":[{"id":113734,"href":"https:\/\/quehacerpolitico.mx\/index.php?rest_route=\/wp\/v2\/posts\/113730\/revisions\/113734"}],"wp:featuredmedia":[{"embeddable":true,"href":"https:\/\/quehacerpolitico.mx\/index.php?rest_route=\/wp\/v2\/media\/113733"}],"wp:attachment":[{"href":"https:\/\/quehacerpolitico.mx\/index.php?rest_route=%2Fwp%2Fv2%2Fmedia&parent=113730"}],"wp:term":[{"taxonomy":"category","embeddable":true,"href":"https:\/\/quehacerpolitico.mx\/index.php?rest_route=%2Fwp%2Fv2%2Fcategories&post=113730"},{"taxonomy":"post_tag","embeddable":true,"href":"https:\/\/quehacerpolitico.mx\/index.php?rest_route=%2Fwp%2Fv2%2Ftags&post=113730"}],"curies":[{"name":"wp","href":"https:\/\/api.w.org\/{rel}","templated":true}]}}