{"id":113726,"date":"2024-12-09T22:28:53","date_gmt":"2024-12-10T04:28:53","guid":{"rendered":"https:\/\/quehacerpolitico.mx\/?p=113726"},"modified":"2024-12-09T22:30:20","modified_gmt":"2024-12-10T04:30:20","slug":"conoce-las-calles-que-estaran-cerradas-por-las-peregrinaciones-del-12-de-diciembre-en-la-cdmx","status":"publish","type":"post","link":"https:\/\/quehacerpolitico.mx\/?p=113726","title":{"rendered":"Conoce las calles que estar\u00e1n cerradas por las peregrinaciones del 12 de diciembre en la CDMX"},"content":{"rendered":"\n<p>Por Redacci\u00f3n QP<\/p>\n\n\n\n<p>Este operativo, dirigido por Clara Brugada, permitir\u00e1 la entrada y salida de los peregrinos que llegar\u00e1n para el festejo religioso<\/p>\n\n\n\n<p>Como cada 12 de diciembre,&nbsp;<strong>la Ciudad de M\u00e9xico se prepara para recibir a miles de peregrinos que participar\u00e1n en la celebraci\u00f3n cat\u00f3lica del aniversario de la Virgen y de Guadalupe,<\/strong>&nbsp;por lo que el gobierno prev\u00e9 la ejecuci\u00f3n del Operativo Bas\u00edlica 2024, el cual estar\u00e1 bajo la instrucci\u00f3n de Clara Brugada y se realizar\u00e1 durante 10 d\u00edas.<\/p>\n\n\n\n<figure class=\"wp-block-embed is-type-rich is-provider-twitter wp-block-embed-twitter\"><div class=\"wp-block-embed__wrapper\">\n<blockquote class=\"twitter-tweet\" data-width=\"550\" data-dnt=\"true\"><p lang=\"es\" dir=\"ltr\">\u00a1Peregrin@s, la Ciudad de M\u00e9xico les da la bienvenida!<br><br>Puedes consultar la Gu\u00eda del Peregrino y encontrar informaci\u00f3n que te ayudar\u00e1 a que tu visita sea segura y satisfactoria:<br>-N\u00fameros de emergencia<br>-Atenci\u00f3n al consumidor<br>-Informaci\u00f3n tur\u00edstica<br>&#8211;<a href=\"https:\/\/twitter.com\/hashtag\/CaminoDeMujeresLibresYSeguras?src=hash&amp;ref_src=twsrc%5Etfw\">#CaminoDeMujeresLibresYSeguras<\/a> <a href=\"https:\/\/t.co\/V8kt1HdmHg\">pic.twitter.com\/V8kt1HdmHg<\/a><\/p>&mdash; Secretar\u00eda de Turismo de la Ciudad de M\u00e9xico (@turismocdmx) <a href=\"https:\/\/twitter.com\/turismocdmx\/status\/1866282935499862419?ref_src=twsrc%5Etfw\">December 10, 2024<\/a><\/blockquote><script async src=\"https:\/\/platform.twitter.com\/widgets.js\" charset=\"utf-8\"><\/script>\n<\/div><\/figure>\n\n\n\n<p>Cada a\u00f1o, la Bas\u00edlica de Guadalupe se alista para se recibir a los peregrinos que llegar\u00e1n para el festejo del 12 de diciembre y, este a\u00f1o,&nbsp;<strong>se espera la asistencia de casi 12 millones de seguidores,&nbsp;<\/strong>por lo mismo, las calles se llenan de personas y pueden ocurrir problemas si no se toman las medidas adecuadas.<\/p>\n\n\n\n<p>Antes del 12 de diciembre, los peregrinos empiezan a llegar a la ciudad,&nbsp;<mark>se mantienen del 6 al 15 de diciembre, por lo que durante estos 10 d\u00edas, se implementar\u00e1 el operativo de seguridad para evitar problemas mayores.<\/mark>&nbsp;Este operativo cerrar\u00e1 varias calles para permitir las aglomeraciones por la celebraci\u00f3n de la Virgen de Guadalupe.<\/p>\n\n\n\n<h2 class=\"wp-block-heading\">\u00bfCu\u00e1les ser\u00e1n las calles cerradas en CDMX por peregrinaciones el 12 de diciembre?<\/h2>\n\n\n\n<p>Gracias este operativo, que&nbsp;<strong>permitir\u00e1 la entrada y salida de los peregrinos,<\/strong>&nbsp;se cerrar\u00e1n las siguientes calles con direcci\u00f3n a la Bas\u00edlica de Guadalupe:<\/p>\n\n\n\n<p><strong>Entrada<\/strong><\/p>\n\n\n\n<ul class=\"wp-block-list\">\n<li>Calzada de Guadalupe<\/li>\n\n\n\n<li>Calzada San Juan de Arag\u00f3n<\/li>\n\n\n\n<li>Prolongaci\u00f3n Misterios<\/li>\n\n\n\n<li>Avenida Mart\u00edn Carrera<\/li>\n\n\n\n<li>5 de Febrero<\/li>\n\n\n\n<li>Calzada de los Misterios<\/li>\n\n\n\n<li>Avenida Talism\u00e1n<\/li>\n\n\n\n<li>Avenida Euzkaro<\/li>\n<\/ul>\n\n\n\n<p><mark><strong>Salida<\/strong><\/mark><\/p>\n\n\n\n<ul class=\"wp-block-list\">\n<li>Calzada de los Misterios<\/li>\n\n\n\n<li>Calzada San Juan de Arag\u00f3n<\/li>\n\n\n\n<li>Prolongaci\u00f3n Misterios<\/li>\n\n\n\n<li>Calzada de los Misterios<\/li>\n<\/ul>\n\n\n\n<p>Sin embargo,&nbsp;<mark>la Secretar\u00eda de Movilidad (Semovi) a\u00fan no ha anunciado s\u00ed habr\u00e1 modificaciones al servicio del Sistema de Transporte Colectivo (STC) Metro o de las l\u00edneas de Metrob\u00fas que pasan por la zona,<\/mark>&nbsp;adem\u00e1s de los posibles horarios de servicio en los sitios involucrados.<\/p>\n","protected":false},"excerpt":{"rendered":"<p>Por Redacci\u00f3n QP Este operativo, dirigido por Clara Brugada, permitir\u00e1 la entrada y salida de&#8230;<\/p>\n","protected":false},"author":2,"featured_media":113729,"comment_status":"open","ping_status":"open","sticky":false,"template":"","format":"standard","meta":{"_monsterinsights_skip_tracking":false,"_monsterinsights_sitenote_active":false,"_monsterinsights_sitenote_note":"","_monsterinsights_sitenote_category":0,"footnotes":""},"categories":[55],"tags":[],"class_list":["post-113726","post","type-post","status-publish","format-standard","has-post-thumbnail","hentry","category-cdmx"],"yoast_head":"<!-- This site is optimized with the Yoast SEO plugin v27.3 - https:\/\/yoast.com\/product\/yoast-seo-wordpress\/ -->\n<title>Conoce las calles que estar\u00e1n cerradas por las peregrinaciones del 12 de diciembre en la CDMX -<\/title>\n<meta name=\"robots\" content=\"index, follow, max-snippet:-1, max-image-preview:large, max-video-preview:-1\" \/>\n<link rel=\"canonical\" href=\"https:\/\/quehacerpolitico.mx\/?p=113726\" \/>\n<meta property=\"og:locale\" content=\"es_MX\" \/>\n<meta property=\"og:type\" content=\"article\" \/>\n<meta property=\"og:title\" content=\"Conoce las calles que estar\u00e1n cerradas por las peregrinaciones del 12 de diciembre en la CDMX -\" \/>\n<meta property=\"og:description\" content=\"Por Redacci\u00f3n QP Este operativo, dirigido por Clara Brugada, permitir\u00e1 la entrada y salida de...\" \/>\n<meta property=\"og:url\" content=\"https:\/\/quehacerpolitico.mx\/?p=113726\" \/>\n<meta property=\"article:published_time\" content=\"2024-12-10T04:28:53+00:00\" \/>\n<meta property=\"article:modified_time\" content=\"2024-12-10T04:30:20+00:00\" \/>\n<meta property=\"og:image\" content=\"https:\/\/quehacerpolitico.mx\/wp-content\/uploads\/2024\/12\/IMG_9489-1.jpeg\" \/>\n\t<meta property=\"og:image:width\" content=\"640\" \/>\n\t<meta property=\"og:image:height\" content=\"480\" \/>\n\t<meta property=\"og:image:type\" content=\"image\/jpeg\" \/>\n<meta name=\"author\" content=\"Redacci\u00f3n QP\" \/>\n<meta name=\"twitter:card\" content=\"summary_large_image\" \/>\n<meta name=\"twitter:label1\" content=\"Escrito por\" \/>\n\t<meta name=\"twitter:data1\" content=\"Redacci\u00f3n QP\" \/>\n\t<meta name=\"twitter:label2\" content=\"Tiempo de lectura\" \/>\n\t<meta name=\"twitter:data2\" content=\"2 minutos\" \/>\n<script type=\"application\/ld+json\" class=\"yoast-schema-graph\">{\"@context\":\"https:\\\/\\\/schema.org\",\"@graph\":[{\"@type\":\"Article\",\"@id\":\"https:\\\/\\\/quehacerpolitico.mx\\\/?p=113726#article\",\"isPartOf\":{\"@id\":\"https:\\\/\\\/quehacerpolitico.mx\\\/?p=113726\"},\"author\":{\"name\":\"Redacci\u00f3n QP\",\"@id\":\"https:\\\/\\\/quehacerpolitico.mx\\\/#\\\/schema\\\/person\\\/496d8ad2d1d3f8036101dca7ee39e585\"},\"headline\":\"Conoce las calles que estar\u00e1n cerradas por las peregrinaciones del 12 de diciembre en la CDMX\",\"datePublished\":\"2024-12-10T04:28:53+00:00\",\"dateModified\":\"2024-12-10T04:30:20+00:00\",\"mainEntityOfPage\":{\"@id\":\"https:\\\/\\\/quehacerpolitico.mx\\\/?p=113726\"},\"wordCount\":373,\"commentCount\":0,\"image\":{\"@id\":\"https:\\\/\\\/quehacerpolitico.mx\\\/?p=113726#primaryimage\"},\"thumbnailUrl\":\"https:\\\/\\\/quehacerpolitico.mx\\\/wp-content\\\/uploads\\\/2024\\\/12\\\/IMG_9489-1.jpeg\",\"articleSection\":[\"CDMX\"],\"inLanguage\":\"es\",\"potentialAction\":[{\"@type\":\"CommentAction\",\"name\":\"Comment\",\"target\":[\"https:\\\/\\\/quehacerpolitico.mx\\\/?p=113726#respond\"]}]},{\"@type\":\"WebPage\",\"@id\":\"https:\\\/\\\/quehacerpolitico.mx\\\/?p=113726\",\"url\":\"https:\\\/\\\/quehacerpolitico.mx\\\/?p=113726\",\"name\":\"Conoce las calles que estar\u00e1n cerradas por las peregrinaciones del 12 de diciembre en la CDMX -\",\"isPartOf\":{\"@id\":\"https:\\\/\\\/quehacerpolitico.mx\\\/#website\"},\"primaryImageOfPage\":{\"@id\":\"https:\\\/\\\/quehacerpolitico.mx\\\/?p=113726#primaryimage\"},\"image\":{\"@id\":\"https:\\\/\\\/quehacerpolitico.mx\\\/?p=113726#primaryimage\"},\"thumbnailUrl\":\"https:\\\/\\\/quehacerpolitico.mx\\\/wp-content\\\/uploads\\\/2024\\\/12\\\/IMG_9489-1.jpeg\",\"datePublished\":\"2024-12-10T04:28:53+00:00\",\"dateModified\":\"2024-12-10T04:30:20+00:00\",\"author\":{\"@id\":\"https:\\\/\\\/quehacerpolitico.mx\\\/#\\\/schema\\\/person\\\/496d8ad2d1d3f8036101dca7ee39e585\"},\"breadcrumb\":{\"@id\":\"https:\\\/\\\/quehacerpolitico.mx\\\/?p=113726#breadcrumb\"},\"inLanguage\":\"es\",\"potentialAction\":[{\"@type\":\"ReadAction\",\"target\":[\"https:\\\/\\\/quehacerpolitico.mx\\\/?p=113726\"]}]},{\"@type\":\"ImageObject\",\"inLanguage\":\"es\",\"@id\":\"https:\\\/\\\/quehacerpolitico.mx\\\/?p=113726#primaryimage\",\"url\":\"https:\\\/\\\/quehacerpolitico.mx\\\/wp-content\\\/uploads\\\/2024\\\/12\\\/IMG_9489-1.jpeg\",\"contentUrl\":\"https:\\\/\\\/quehacerpolitico.mx\\\/wp-content\\\/uploads\\\/2024\\\/12\\\/IMG_9489-1.jpeg\",\"width\":640,\"height\":480},{\"@type\":\"BreadcrumbList\",\"@id\":\"https:\\\/\\\/quehacerpolitico.mx\\\/?p=113726#breadcrumb\",\"itemListElement\":[{\"@type\":\"ListItem\",\"position\":1,\"name\":\"Inicio\",\"item\":\"https:\\\/\\\/quehacerpolitico.mx\\\/\"},{\"@type\":\"ListItem\",\"position\":2,\"name\":\"Conoce las calles que estar\u00e1n cerradas por las peregrinaciones del 12 de diciembre en la CDMX\"}]},{\"@type\":\"WebSite\",\"@id\":\"https:\\\/\\\/quehacerpolitico.mx\\\/#website\",\"url\":\"https:\\\/\\\/quehacerpolitico.mx\\\/\",\"name\":\"\",\"description\":\"\",\"potentialAction\":[{\"@type\":\"SearchAction\",\"target\":{\"@type\":\"EntryPoint\",\"urlTemplate\":\"https:\\\/\\\/quehacerpolitico.mx\\\/?s={search_term_string}\"},\"query-input\":{\"@type\":\"PropertyValueSpecification\",\"valueRequired\":true,\"valueName\":\"search_term_string\"}}],\"inLanguage\":\"es\"},{\"@type\":\"Person\",\"@id\":\"https:\\\/\\\/quehacerpolitico.mx\\\/#\\\/schema\\\/person\\\/496d8ad2d1d3f8036101dca7ee39e585\",\"name\":\"Redacci\u00f3n QP\",\"image\":{\"@type\":\"ImageObject\",\"inLanguage\":\"es\",\"@id\":\"https:\\\/\\\/secure.gravatar.com\\\/avatar\\\/c7164ed6fdec453195284ad24a5ae5b6e1eed2b848477fa2a4787ba9adf39a41?s=96&d=mm&r=g\",\"url\":\"https:\\\/\\\/secure.gravatar.com\\\/avatar\\\/c7164ed6fdec453195284ad24a5ae5b6e1eed2b848477fa2a4787ba9adf39a41?s=96&d=mm&r=g\",\"contentUrl\":\"https:\\\/\\\/secure.gravatar.com\\\/avatar\\\/c7164ed6fdec453195284ad24a5ae5b6e1eed2b848477fa2a4787ba9adf39a41?s=96&d=mm&r=g\",\"caption\":\"Redacci\u00f3n QP\"},\"url\":\"https:\\\/\\\/quehacerpolitico.mx\\\/?author=2\"}]}<\/script>\n<!-- \/ Yoast SEO plugin. -->","yoast_head_json":{"title":"Conoce las calles que estar\u00e1n cerradas por las peregrinaciones del 12 de diciembre en la CDMX -","robots":{"index":"index","follow":"follow","max-snippet":"max-snippet:-1","max-image-preview":"max-image-preview:large","max-video-preview":"max-video-preview:-1"},"canonical":"https:\/\/quehacerpolitico.mx\/?p=113726","og_locale":"es_MX","og_type":"article","og_title":"Conoce las calles que estar\u00e1n cerradas por las peregrinaciones del 12 de diciembre en la CDMX -","og_description":"Por Redacci\u00f3n QP Este operativo, dirigido por Clara Brugada, permitir\u00e1 la entrada y salida de...","og_url":"https:\/\/quehacerpolitico.mx\/?p=113726","article_published_time":"2024-12-10T04:28:53+00:00","article_modified_time":"2024-12-10T04:30:20+00:00","og_image":[{"width":640,"height":480,"url":"https:\/\/quehacerpolitico.mx\/wp-content\/uploads\/2024\/12\/IMG_9489-1.jpeg","type":"image\/jpeg"}],"author":"Redacci\u00f3n QP","twitter_card":"summary_large_image","twitter_misc":{"Escrito por":"Redacci\u00f3n QP","Tiempo de lectura":"2 minutos"},"schema":{"@context":"https:\/\/schema.org","@graph":[{"@type":"Article","@id":"https:\/\/quehacerpolitico.mx\/?p=113726#article","isPartOf":{"@id":"https:\/\/quehacerpolitico.mx\/?p=113726"},"author":{"name":"Redacci\u00f3n QP","@id":"https:\/\/quehacerpolitico.mx\/#\/schema\/person\/496d8ad2d1d3f8036101dca7ee39e585"},"headline":"Conoce las calles que estar\u00e1n cerradas por las peregrinaciones del 12 de diciembre en la CDMX","datePublished":"2024-12-10T04:28:53+00:00","dateModified":"2024-12-10T04:30:20+00:00","mainEntityOfPage":{"@id":"https:\/\/quehacerpolitico.mx\/?p=113726"},"wordCount":373,"commentCount":0,"image":{"@id":"https:\/\/quehacerpolitico.mx\/?p=113726#primaryimage"},"thumbnailUrl":"https:\/\/quehacerpolitico.mx\/wp-content\/uploads\/2024\/12\/IMG_9489-1.jpeg","articleSection":["CDMX"],"inLanguage":"es","potentialAction":[{"@type":"CommentAction","name":"Comment","target":["https:\/\/quehacerpolitico.mx\/?p=113726#respond"]}]},{"@type":"WebPage","@id":"https:\/\/quehacerpolitico.mx\/?p=113726","url":"https:\/\/quehacerpolitico.mx\/?p=113726","name":"Conoce las calles que estar\u00e1n cerradas por las peregrinaciones del 12 de diciembre en la CDMX -","isPartOf":{"@id":"https:\/\/quehacerpolitico.mx\/#website"},"primaryImageOfPage":{"@id":"https:\/\/quehacerpolitico.mx\/?p=113726#primaryimage"},"image":{"@id":"https:\/\/quehacerpolitico.mx\/?p=113726#primaryimage"},"thumbnailUrl":"https:\/\/quehacerpolitico.mx\/wp-content\/uploads\/2024\/12\/IMG_9489-1.jpeg","datePublished":"2024-12-10T04:28:53+00:00","dateModified":"2024-12-10T04:30:20+00:00","author":{"@id":"https:\/\/quehacerpolitico.mx\/#\/schema\/person\/496d8ad2d1d3f8036101dca7ee39e585"},"breadcrumb":{"@id":"https:\/\/quehacerpolitico.mx\/?p=113726#breadcrumb"},"inLanguage":"es","potentialAction":[{"@type":"ReadAction","target":["https:\/\/quehacerpolitico.mx\/?p=113726"]}]},{"@type":"ImageObject","inLanguage":"es","@id":"https:\/\/quehacerpolitico.mx\/?p=113726#primaryimage","url":"https:\/\/quehacerpolitico.mx\/wp-content\/uploads\/2024\/12\/IMG_9489-1.jpeg","contentUrl":"https:\/\/quehacerpolitico.mx\/wp-content\/uploads\/2024\/12\/IMG_9489-1.jpeg","width":640,"height":480},{"@type":"BreadcrumbList","@id":"https:\/\/quehacerpolitico.mx\/?p=113726#breadcrumb","itemListElement":[{"@type":"ListItem","position":1,"name":"Inicio","item":"https:\/\/quehacerpolitico.mx\/"},{"@type":"ListItem","position":2,"name":"Conoce las calles que estar\u00e1n cerradas por las peregrinaciones del 12 de diciembre en la CDMX"}]},{"@type":"WebSite","@id":"https:\/\/quehacerpolitico.mx\/#website","url":"https:\/\/quehacerpolitico.mx\/","name":"","description":"","potentialAction":[{"@type":"SearchAction","target":{"@type":"EntryPoint","urlTemplate":"https:\/\/quehacerpolitico.mx\/?s={search_term_string}"},"query-input":{"@type":"PropertyValueSpecification","valueRequired":true,"valueName":"search_term_string"}}],"inLanguage":"es"},{"@type":"Person","@id":"https:\/\/quehacerpolitico.mx\/#\/schema\/person\/496d8ad2d1d3f8036101dca7ee39e585","name":"Redacci\u00f3n QP","image":{"@type":"ImageObject","inLanguage":"es","@id":"https:\/\/secure.gravatar.com\/avatar\/c7164ed6fdec453195284ad24a5ae5b6e1eed2b848477fa2a4787ba9adf39a41?s=96&d=mm&r=g","url":"https:\/\/secure.gravatar.com\/avatar\/c7164ed6fdec453195284ad24a5ae5b6e1eed2b848477fa2a4787ba9adf39a41?s=96&d=mm&r=g","contentUrl":"https:\/\/secure.gravatar.com\/avatar\/c7164ed6fdec453195284ad24a5ae5b6e1eed2b848477fa2a4787ba9adf39a41?s=96&d=mm&r=g","caption":"Redacci\u00f3n QP"},"url":"https:\/\/quehacerpolitico.mx\/?author=2"}]}},"featured_image_urls":{"full":["https:\/\/quehacerpolitico.mx\/wp-content\/uploads\/2024\/12\/IMG_9489-1.jpeg",640,480,false],"thumbnail":["https:\/\/quehacerpolitico.mx\/wp-content\/uploads\/2024\/12\/IMG_9489-1-150x150.jpeg",150,150,true],"medium":["https:\/\/quehacerpolitico.mx\/wp-content\/uploads\/2024\/12\/IMG_9489-1-300x225.jpeg",300,225,true],"medium_large":["https:\/\/quehacerpolitico.mx\/wp-content\/uploads\/2024\/12\/IMG_9489-1.jpeg",640,480,false],"large":["https:\/\/quehacerpolitico.mx\/wp-content\/uploads\/2024\/12\/IMG_9489-1.jpeg",640,480,false],"1536x1536":["https:\/\/quehacerpolitico.mx\/wp-content\/uploads\/2024\/12\/IMG_9489-1.jpeg",640,480,false],"2048x2048":["https:\/\/quehacerpolitico.mx\/wp-content\/uploads\/2024\/12\/IMG_9489-1.jpeg",640,480,false],"covernews-featured":["https:\/\/quehacerpolitico.mx\/wp-content\/uploads\/2024\/12\/IMG_9489-1.jpeg",640,480,false],"covernews-medium":["https:\/\/quehacerpolitico.mx\/wp-content\/uploads\/2024\/12\/IMG_9489-1-540x340.jpeg",540,340,true]},"author_info":{"display_name":"Redacci\u00f3n QP","author_link":"https:\/\/quehacerpolitico.mx\/?author=2"},"category_info":"<a href=\"https:\/\/quehacerpolitico.mx\/?cat=55\" rel=\"category\">CDMX<\/a>","tag_info":"CDMX","comment_count":"0","_links":{"self":[{"href":"https:\/\/quehacerpolitico.mx\/index.php?rest_route=\/wp\/v2\/posts\/113726","targetHints":{"allow":["GET"]}}],"collection":[{"href":"https:\/\/quehacerpolitico.mx\/index.php?rest_route=\/wp\/v2\/posts"}],"about":[{"href":"https:\/\/quehacerpolitico.mx\/index.php?rest_route=\/wp\/v2\/types\/post"}],"author":[{"embeddable":true,"href":"https:\/\/quehacerpolitico.mx\/index.php?rest_route=\/wp\/v2\/users\/2"}],"replies":[{"embeddable":true,"href":"https:\/\/quehacerpolitico.mx\/index.php?rest_route=%2Fwp%2Fv2%2Fcomments&post=113726"}],"version-history":[{"count":1,"href":"https:\/\/quehacerpolitico.mx\/index.php?rest_route=\/wp\/v2\/posts\/113726\/revisions"}],"predecessor-version":[{"id":113728,"href":"https:\/\/quehacerpolitico.mx\/index.php?rest_route=\/wp\/v2\/posts\/113726\/revisions\/113728"}],"wp:featuredmedia":[{"embeddable":true,"href":"https:\/\/quehacerpolitico.mx\/index.php?rest_route=\/wp\/v2\/media\/113729"}],"wp:attachment":[{"href":"https:\/\/quehacerpolitico.mx\/index.php?rest_route=%2Fwp%2Fv2%2Fmedia&parent=113726"}],"wp:term":[{"taxonomy":"category","embeddable":true,"href":"https:\/\/quehacerpolitico.mx\/index.php?rest_route=%2Fwp%2Fv2%2Fcategories&post=113726"},{"taxonomy":"post_tag","embeddable":true,"href":"https:\/\/quehacerpolitico.mx\/index.php?rest_route=%2Fwp%2Fv2%2Ftags&post=113726"}],"curies":[{"name":"wp","href":"https:\/\/api.w.org\/{rel}","templated":true}]}}