{"id":113622,"date":"2024-12-03T20:21:58","date_gmt":"2024-12-04T02:21:58","guid":{"rendered":"https:\/\/quehacerpolitico.mx\/?p=113622"},"modified":"2024-12-03T20:22:00","modified_gmt":"2024-12-04T02:22:00","slug":"el-mole-poblano-galardonado-en-la-sexta-edicion-de-sabores-migrantes-comunitarios","status":"publish","type":"post","link":"https:\/\/quehacerpolitico.mx\/?p=113622","title":{"rendered":"EL MOLE POBLANO, GALARDONADO EN LA SEXTA EDICI\u00d3N DE SABORES MIGRANTES COMUNITARIOS"},"content":{"rendered":"\n<p>Por Redacci\u00f3n QP<\/p>\n\n\n\n<ul class=\"wp-block-list\">\n<li><strong>Las y los ganadores del concurso iberoamericano recibir\u00e1n un reconocimiento y un incentivo econ\u00f3mico<\/strong><\/li>\n\n\n\n<li><strong>Sergio Lima Castro lo postul\u00f3 como una pr\u00e1ctica de su comunidad (San Sim\u00f3n, Yehualtepec)<\/strong><\/li>\n<\/ul>\n\n\n\n<p>Inscrito por Sergio Lima Castro como una pr\u00e1ctica gastron\u00f3mica de su comunidad, San Sim\u00f3n, Yehualtepec, Puebla, el mole es uno de los 13 platillos reconocidos en la sexta edici\u00f3n de Sabores Migrantes Comunitarios, iniciativa de IberCultura Viva, IberCocinas e Iber-Rutas.<\/p>\n\n\n\n<figure class=\"wp-block-image size-large\"><img loading=\"lazy\" decoding=\"async\" width=\"1024\" height=\"710\" src=\"https:\/\/quehacerpolitico.mx\/wp-content\/uploads\/2024\/12\/image-5-1024x710.jpeg\" alt=\"\" class=\"wp-image-113624\" srcset=\"https:\/\/quehacerpolitico.mx\/wp-content\/uploads\/2024\/12\/image-5-1024x710.jpeg 1024w, https:\/\/quehacerpolitico.mx\/wp-content\/uploads\/2024\/12\/image-5-300x208.jpeg 300w, https:\/\/quehacerpolitico.mx\/wp-content\/uploads\/2024\/12\/image-5-768x533.jpeg 768w, https:\/\/quehacerpolitico.mx\/wp-content\/uploads\/2024\/12\/image-5.jpeg 1475w\" sizes=\"auto, (max-width: 1024px) 100vw, 1024px\" \/><\/figure>\n\n\n\n<p>El certamen premia las historias detr\u00e1s de recetas y pr\u00e1cticas culinarias de las comunidades&nbsp;migrantes; por lo que invita a personas mayores de 18 a\u00f1os de origen iberoamericano \u2013que&nbsp;vivan en un pa\u00eds distinto al de su nacimiento\u2013&nbsp;a presentar su receta, con lo que se fomenta el di\u00e1logo intercultural en las comunidades de Iberoam\u00e9rica.<\/p>\n\n\n\n<p>Las propuestas seleccionadas en la sexta edici\u00f3n son originarias de Bolivia (1), Colombia (4), Ecuador (1), El Salvador (1), M\u00e9xico (1), Per\u00fa (1) y Venezuela (4). Y, los pa\u00edses de residencia de las personas seleccionadas son: Argentina (1), Brasil (5), Colombia (2), Costa Rica (2), Espa\u00f1a (2) y Per\u00fa (1).<\/p>\n\n\n\n<p><strong>Un platillo que conecta culturas y memorias<\/strong><\/p>\n\n\n\n<p>En su propuesta, Sergio, persona no binaria, nacida en M\u00e9xico y residente en Costa Rica, cont\u00f3, a trav\u00e9s de un video, la importancia que le brinda al platillo y c\u00f3mo la receta se inserta en su nueva comunidad de acogida en el marco de su experiencia migratoria.<\/p>\n\n\n\n<p>Para Lima Castro, el mole poblano es una tradici\u00f3n que simboliza comunidad y resistencia. En su postulaci\u00f3n, explica que la preparaci\u00f3n involucra m\u00e1s de 20 ingredientes y un proceso arduo de tatemado, molido y guisado. Es una pr\u00e1ctica que une a las familias de su comunidad natal, San Sim\u00f3n, Yehualtepec, Puebla.<\/p>\n\n\n\n<p>En Costa Rica, Sergio ha preparado mole en ocasiones especiales, ha compartido el platillo con personas de diversas nacionalidades que han descubierto los sabores y la historia cultural que encierra.<\/p>\n\n\n\n<figure class=\"wp-block-image size-large\"><img loading=\"lazy\" decoding=\"async\" width=\"1024\" height=\"748\" src=\"https:\/\/quehacerpolitico.mx\/wp-content\/uploads\/2024\/12\/image-6-1024x748.jpeg\" alt=\"\" class=\"wp-image-113625\" srcset=\"https:\/\/quehacerpolitico.mx\/wp-content\/uploads\/2024\/12\/image-6-1024x748.jpeg 1024w, https:\/\/quehacerpolitico.mx\/wp-content\/uploads\/2024\/12\/image-6-300x219.jpeg 300w, https:\/\/quehacerpolitico.mx\/wp-content\/uploads\/2024\/12\/image-6-768x561.jpeg 768w, https:\/\/quehacerpolitico.mx\/wp-content\/uploads\/2024\/12\/image-6.jpeg 1349w\" sizes=\"auto, (max-width: 1024px) 100vw, 1024px\" \/><\/figure>\n\n\n\n<p><strong>Una ventana al di\u00e1logo intercultural<\/strong><\/p>\n\n\n\n<p>El concurso tuvo como objetivo resaltar pr\u00e1cticas culinarias que promueven el intercambio cultural y el legado gastron\u00f3mico como parte de la identidad migrante.<\/p>\n\n\n\n<p>Con esta iniciativa, IberCultura Viva, IberCocinas e Iber-Rutas promueve la reflexi\u00f3n y expresi\u00f3n de la migraci\u00f3n, as\u00ed como su relaci\u00f3n con los alimentos, la cocina tradicional y la comunidad.<\/p>\n\n\n\n<p>Cabe destacar que las y los ganadores recibir\u00e1n un reconocimiento como buena pr\u00e1ctica de cocina migrante comunitaria iberoamericana y un incentivo econ\u00f3mico de 600 d\u00f3lares estadounidenses.<\/p>\n\n\n\n<p>Para conocer m\u00e1s sobre estas y otras acciones visita la p\u00e1gina de IberCultura Viva&nbsp;<a href=\"http:\/\/iberculturaviva.org\/\" target=\"_blank\" rel=\"noreferrer noopener\">iberculturaviva.org<\/a>, as\u00ed como las redes sociales de la Secretar\u00eda de Cultura en Twitter (@cultura_mx), Facebook (\/SecretariaCulturaMX) e Instagram (@culturamx).<\/p>\n","protected":false},"excerpt":{"rendered":"<p>Por Redacci\u00f3n QP Inscrito por Sergio Lima Castro como una pr\u00e1ctica gastron\u00f3mica de su comunidad,&#8230;<\/p>\n","protected":false},"author":2,"featured_media":113623,"comment_status":"open","ping_status":"open","sticky":false,"template":"","format":"standard","meta":{"_monsterinsights_skip_tracking":false,"_monsterinsights_sitenote_active":false,"_monsterinsights_sitenote_note":"","_monsterinsights_sitenote_category":0,"footnotes":""},"categories":[58],"tags":[],"class_list":["post-113622","post","type-post","status-publish","format-standard","has-post-thumbnail","hentry","category-cultura"],"yoast_head":"<!-- This site is optimized with the Yoast SEO plugin v27.3 - https:\/\/yoast.com\/product\/yoast-seo-wordpress\/ -->\n<title>EL MOLE POBLANO, GALARDONADO EN LA SEXTA EDICI\u00d3N DE SABORES MIGRANTES COMUNITARIOS -<\/title>\n<meta name=\"robots\" content=\"index, follow, max-snippet:-1, max-image-preview:large, max-video-preview:-1\" \/>\n<link rel=\"canonical\" href=\"https:\/\/quehacerpolitico.mx\/?p=113622\" \/>\n<meta property=\"og:locale\" content=\"es_MX\" \/>\n<meta property=\"og:type\" content=\"article\" \/>\n<meta property=\"og:title\" content=\"EL MOLE POBLANO, GALARDONADO EN LA SEXTA EDICI\u00d3N DE SABORES MIGRANTES COMUNITARIOS -\" \/>\n<meta property=\"og:description\" content=\"Por Redacci\u00f3n QP Inscrito por Sergio Lima Castro como una pr\u00e1ctica gastron\u00f3mica de su comunidad,...\" \/>\n<meta property=\"og:url\" content=\"https:\/\/quehacerpolitico.mx\/?p=113622\" \/>\n<meta property=\"article:published_time\" content=\"2024-12-04T02:21:58+00:00\" \/>\n<meta property=\"article:modified_time\" content=\"2024-12-04T02:22:00+00:00\" \/>\n<meta property=\"og:image\" content=\"https:\/\/quehacerpolitico.mx\/wp-content\/uploads\/2024\/12\/IMG_9397.jpeg\" \/>\n\t<meta property=\"og:image:width\" content=\"1474\" \/>\n\t<meta property=\"og:image:height\" content=\"818\" \/>\n\t<meta property=\"og:image:type\" content=\"image\/jpeg\" \/>\n<meta name=\"author\" content=\"Redacci\u00f3n QP\" \/>\n<meta name=\"twitter:card\" content=\"summary_large_image\" \/>\n<meta name=\"twitter:label1\" content=\"Escrito por\" \/>\n\t<meta name=\"twitter:data1\" content=\"Redacci\u00f3n QP\" \/>\n\t<meta name=\"twitter:label2\" content=\"Tiempo de lectura\" \/>\n\t<meta name=\"twitter:data2\" content=\"2 minutos\" \/>\n<script type=\"application\/ld+json\" class=\"yoast-schema-graph\">{\"@context\":\"https:\\\/\\\/schema.org\",\"@graph\":[{\"@type\":\"Article\",\"@id\":\"https:\\\/\\\/quehacerpolitico.mx\\\/?p=113622#article\",\"isPartOf\":{\"@id\":\"https:\\\/\\\/quehacerpolitico.mx\\\/?p=113622\"},\"author\":{\"name\":\"Redacci\u00f3n QP\",\"@id\":\"https:\\\/\\\/quehacerpolitico.mx\\\/#\\\/schema\\\/person\\\/496d8ad2d1d3f8036101dca7ee39e585\"},\"headline\":\"EL MOLE POBLANO, GALARDONADO EN LA SEXTA EDICI\u00d3N DE SABORES MIGRANTES COMUNITARIOS\",\"datePublished\":\"2024-12-04T02:21:58+00:00\",\"dateModified\":\"2024-12-04T02:22:00+00:00\",\"mainEntityOfPage\":{\"@id\":\"https:\\\/\\\/quehacerpolitico.mx\\\/?p=113622\"},\"wordCount\":471,\"commentCount\":0,\"image\":{\"@id\":\"https:\\\/\\\/quehacerpolitico.mx\\\/?p=113622#primaryimage\"},\"thumbnailUrl\":\"https:\\\/\\\/quehacerpolitico.mx\\\/wp-content\\\/uploads\\\/2024\\\/12\\\/IMG_9397.jpeg\",\"articleSection\":[\"Cultura y Entretenimiento\"],\"inLanguage\":\"es\",\"potentialAction\":[{\"@type\":\"CommentAction\",\"name\":\"Comment\",\"target\":[\"https:\\\/\\\/quehacerpolitico.mx\\\/?p=113622#respond\"]}]},{\"@type\":\"WebPage\",\"@id\":\"https:\\\/\\\/quehacerpolitico.mx\\\/?p=113622\",\"url\":\"https:\\\/\\\/quehacerpolitico.mx\\\/?p=113622\",\"name\":\"EL MOLE POBLANO, GALARDONADO EN LA SEXTA EDICI\u00d3N DE SABORES MIGRANTES COMUNITARIOS -\",\"isPartOf\":{\"@id\":\"https:\\\/\\\/quehacerpolitico.mx\\\/#website\"},\"primaryImageOfPage\":{\"@id\":\"https:\\\/\\\/quehacerpolitico.mx\\\/?p=113622#primaryimage\"},\"image\":{\"@id\":\"https:\\\/\\\/quehacerpolitico.mx\\\/?p=113622#primaryimage\"},\"thumbnailUrl\":\"https:\\\/\\\/quehacerpolitico.mx\\\/wp-content\\\/uploads\\\/2024\\\/12\\\/IMG_9397.jpeg\",\"datePublished\":\"2024-12-04T02:21:58+00:00\",\"dateModified\":\"2024-12-04T02:22:00+00:00\",\"author\":{\"@id\":\"https:\\\/\\\/quehacerpolitico.mx\\\/#\\\/schema\\\/person\\\/496d8ad2d1d3f8036101dca7ee39e585\"},\"breadcrumb\":{\"@id\":\"https:\\\/\\\/quehacerpolitico.mx\\\/?p=113622#breadcrumb\"},\"inLanguage\":\"es\",\"potentialAction\":[{\"@type\":\"ReadAction\",\"target\":[\"https:\\\/\\\/quehacerpolitico.mx\\\/?p=113622\"]}]},{\"@type\":\"ImageObject\",\"inLanguage\":\"es\",\"@id\":\"https:\\\/\\\/quehacerpolitico.mx\\\/?p=113622#primaryimage\",\"url\":\"https:\\\/\\\/quehacerpolitico.mx\\\/wp-content\\\/uploads\\\/2024\\\/12\\\/IMG_9397.jpeg\",\"contentUrl\":\"https:\\\/\\\/quehacerpolitico.mx\\\/wp-content\\\/uploads\\\/2024\\\/12\\\/IMG_9397.jpeg\",\"width\":1474,\"height\":818},{\"@type\":\"BreadcrumbList\",\"@id\":\"https:\\\/\\\/quehacerpolitico.mx\\\/?p=113622#breadcrumb\",\"itemListElement\":[{\"@type\":\"ListItem\",\"position\":1,\"name\":\"Inicio\",\"item\":\"https:\\\/\\\/quehacerpolitico.mx\\\/\"},{\"@type\":\"ListItem\",\"position\":2,\"name\":\"EL MOLE POBLANO, GALARDONADO EN LA SEXTA EDICI\u00d3N DE SABORES MIGRANTES COMUNITARIOS\"}]},{\"@type\":\"WebSite\",\"@id\":\"https:\\\/\\\/quehacerpolitico.mx\\\/#website\",\"url\":\"https:\\\/\\\/quehacerpolitico.mx\\\/\",\"name\":\"\",\"description\":\"\",\"potentialAction\":[{\"@type\":\"SearchAction\",\"target\":{\"@type\":\"EntryPoint\",\"urlTemplate\":\"https:\\\/\\\/quehacerpolitico.mx\\\/?s={search_term_string}\"},\"query-input\":{\"@type\":\"PropertyValueSpecification\",\"valueRequired\":true,\"valueName\":\"search_term_string\"}}],\"inLanguage\":\"es\"},{\"@type\":\"Person\",\"@id\":\"https:\\\/\\\/quehacerpolitico.mx\\\/#\\\/schema\\\/person\\\/496d8ad2d1d3f8036101dca7ee39e585\",\"name\":\"Redacci\u00f3n QP\",\"image\":{\"@type\":\"ImageObject\",\"inLanguage\":\"es\",\"@id\":\"https:\\\/\\\/secure.gravatar.com\\\/avatar\\\/c7164ed6fdec453195284ad24a5ae5b6e1eed2b848477fa2a4787ba9adf39a41?s=96&d=mm&r=g\",\"url\":\"https:\\\/\\\/secure.gravatar.com\\\/avatar\\\/c7164ed6fdec453195284ad24a5ae5b6e1eed2b848477fa2a4787ba9adf39a41?s=96&d=mm&r=g\",\"contentUrl\":\"https:\\\/\\\/secure.gravatar.com\\\/avatar\\\/c7164ed6fdec453195284ad24a5ae5b6e1eed2b848477fa2a4787ba9adf39a41?s=96&d=mm&r=g\",\"caption\":\"Redacci\u00f3n QP\"},\"url\":\"https:\\\/\\\/quehacerpolitico.mx\\\/?author=2\"}]}<\/script>\n<!-- \/ Yoast SEO plugin. -->","yoast_head_json":{"title":"EL MOLE POBLANO, GALARDONADO EN LA SEXTA EDICI\u00d3N DE SABORES MIGRANTES COMUNITARIOS -","robots":{"index":"index","follow":"follow","max-snippet":"max-snippet:-1","max-image-preview":"max-image-preview:large","max-video-preview":"max-video-preview:-1"},"canonical":"https:\/\/quehacerpolitico.mx\/?p=113622","og_locale":"es_MX","og_type":"article","og_title":"EL MOLE POBLANO, GALARDONADO EN LA SEXTA EDICI\u00d3N DE SABORES MIGRANTES COMUNITARIOS -","og_description":"Por Redacci\u00f3n QP Inscrito por Sergio Lima Castro como una pr\u00e1ctica gastron\u00f3mica de su comunidad,...","og_url":"https:\/\/quehacerpolitico.mx\/?p=113622","article_published_time":"2024-12-04T02:21:58+00:00","article_modified_time":"2024-12-04T02:22:00+00:00","og_image":[{"width":1474,"height":818,"url":"https:\/\/quehacerpolitico.mx\/wp-content\/uploads\/2024\/12\/IMG_9397.jpeg","type":"image\/jpeg"}],"author":"Redacci\u00f3n QP","twitter_card":"summary_large_image","twitter_misc":{"Escrito por":"Redacci\u00f3n QP","Tiempo de lectura":"2 minutos"},"schema":{"@context":"https:\/\/schema.org","@graph":[{"@type":"Article","@id":"https:\/\/quehacerpolitico.mx\/?p=113622#article","isPartOf":{"@id":"https:\/\/quehacerpolitico.mx\/?p=113622"},"author":{"name":"Redacci\u00f3n QP","@id":"https:\/\/quehacerpolitico.mx\/#\/schema\/person\/496d8ad2d1d3f8036101dca7ee39e585"},"headline":"EL MOLE POBLANO, GALARDONADO EN LA SEXTA EDICI\u00d3N DE SABORES MIGRANTES COMUNITARIOS","datePublished":"2024-12-04T02:21:58+00:00","dateModified":"2024-12-04T02:22:00+00:00","mainEntityOfPage":{"@id":"https:\/\/quehacerpolitico.mx\/?p=113622"},"wordCount":471,"commentCount":0,"image":{"@id":"https:\/\/quehacerpolitico.mx\/?p=113622#primaryimage"},"thumbnailUrl":"https:\/\/quehacerpolitico.mx\/wp-content\/uploads\/2024\/12\/IMG_9397.jpeg","articleSection":["Cultura y Entretenimiento"],"inLanguage":"es","potentialAction":[{"@type":"CommentAction","name":"Comment","target":["https:\/\/quehacerpolitico.mx\/?p=113622#respond"]}]},{"@type":"WebPage","@id":"https:\/\/quehacerpolitico.mx\/?p=113622","url":"https:\/\/quehacerpolitico.mx\/?p=113622","name":"EL MOLE POBLANO, GALARDONADO EN LA SEXTA EDICI\u00d3N DE SABORES MIGRANTES COMUNITARIOS -","isPartOf":{"@id":"https:\/\/quehacerpolitico.mx\/#website"},"primaryImageOfPage":{"@id":"https:\/\/quehacerpolitico.mx\/?p=113622#primaryimage"},"image":{"@id":"https:\/\/quehacerpolitico.mx\/?p=113622#primaryimage"},"thumbnailUrl":"https:\/\/quehacerpolitico.mx\/wp-content\/uploads\/2024\/12\/IMG_9397.jpeg","datePublished":"2024-12-04T02:21:58+00:00","dateModified":"2024-12-04T02:22:00+00:00","author":{"@id":"https:\/\/quehacerpolitico.mx\/#\/schema\/person\/496d8ad2d1d3f8036101dca7ee39e585"},"breadcrumb":{"@id":"https:\/\/quehacerpolitico.mx\/?p=113622#breadcrumb"},"inLanguage":"es","potentialAction":[{"@type":"ReadAction","target":["https:\/\/quehacerpolitico.mx\/?p=113622"]}]},{"@type":"ImageObject","inLanguage":"es","@id":"https:\/\/quehacerpolitico.mx\/?p=113622#primaryimage","url":"https:\/\/quehacerpolitico.mx\/wp-content\/uploads\/2024\/12\/IMG_9397.jpeg","contentUrl":"https:\/\/quehacerpolitico.mx\/wp-content\/uploads\/2024\/12\/IMG_9397.jpeg","width":1474,"height":818},{"@type":"BreadcrumbList","@id":"https:\/\/quehacerpolitico.mx\/?p=113622#breadcrumb","itemListElement":[{"@type":"ListItem","position":1,"name":"Inicio","item":"https:\/\/quehacerpolitico.mx\/"},{"@type":"ListItem","position":2,"name":"EL MOLE POBLANO, GALARDONADO EN LA SEXTA EDICI\u00d3N DE SABORES MIGRANTES COMUNITARIOS"}]},{"@type":"WebSite","@id":"https:\/\/quehacerpolitico.mx\/#website","url":"https:\/\/quehacerpolitico.mx\/","name":"","description":"","potentialAction":[{"@type":"SearchAction","target":{"@type":"EntryPoint","urlTemplate":"https:\/\/quehacerpolitico.mx\/?s={search_term_string}"},"query-input":{"@type":"PropertyValueSpecification","valueRequired":true,"valueName":"search_term_string"}}],"inLanguage":"es"},{"@type":"Person","@id":"https:\/\/quehacerpolitico.mx\/#\/schema\/person\/496d8ad2d1d3f8036101dca7ee39e585","name":"Redacci\u00f3n QP","image":{"@type":"ImageObject","inLanguage":"es","@id":"https:\/\/secure.gravatar.com\/avatar\/c7164ed6fdec453195284ad24a5ae5b6e1eed2b848477fa2a4787ba9adf39a41?s=96&d=mm&r=g","url":"https:\/\/secure.gravatar.com\/avatar\/c7164ed6fdec453195284ad24a5ae5b6e1eed2b848477fa2a4787ba9adf39a41?s=96&d=mm&r=g","contentUrl":"https:\/\/secure.gravatar.com\/avatar\/c7164ed6fdec453195284ad24a5ae5b6e1eed2b848477fa2a4787ba9adf39a41?s=96&d=mm&r=g","caption":"Redacci\u00f3n QP"},"url":"https:\/\/quehacerpolitico.mx\/?author=2"}]}},"featured_image_urls":{"full":["https:\/\/quehacerpolitico.mx\/wp-content\/uploads\/2024\/12\/IMG_9397.jpeg",1474,818,false],"thumbnail":["https:\/\/quehacerpolitico.mx\/wp-content\/uploads\/2024\/12\/IMG_9397-150x150.jpeg",150,150,true],"medium":["https:\/\/quehacerpolitico.mx\/wp-content\/uploads\/2024\/12\/IMG_9397-300x166.jpeg",300,166,true],"medium_large":["https:\/\/quehacerpolitico.mx\/wp-content\/uploads\/2024\/12\/IMG_9397-768x426.jpeg",640,355,true],"large":["https:\/\/quehacerpolitico.mx\/wp-content\/uploads\/2024\/12\/IMG_9397-1024x568.jpeg",640,355,true],"1536x1536":["https:\/\/quehacerpolitico.mx\/wp-content\/uploads\/2024\/12\/IMG_9397.jpeg",1474,818,false],"2048x2048":["https:\/\/quehacerpolitico.mx\/wp-content\/uploads\/2024\/12\/IMG_9397.jpeg",1474,818,false],"covernews-featured":["https:\/\/quehacerpolitico.mx\/wp-content\/uploads\/2024\/12\/IMG_9397-1024x568.jpeg",1024,568,true],"covernews-medium":["https:\/\/quehacerpolitico.mx\/wp-content\/uploads\/2024\/12\/IMG_9397-540x340.jpeg",540,340,true]},"author_info":{"display_name":"Redacci\u00f3n QP","author_link":"https:\/\/quehacerpolitico.mx\/?author=2"},"category_info":"<a href=\"https:\/\/quehacerpolitico.mx\/?cat=58\" rel=\"category\">Cultura y Entretenimiento<\/a>","tag_info":"Cultura y Entretenimiento","comment_count":"0","_links":{"self":[{"href":"https:\/\/quehacerpolitico.mx\/index.php?rest_route=\/wp\/v2\/posts\/113622","targetHints":{"allow":["GET"]}}],"collection":[{"href":"https:\/\/quehacerpolitico.mx\/index.php?rest_route=\/wp\/v2\/posts"}],"about":[{"href":"https:\/\/quehacerpolitico.mx\/index.php?rest_route=\/wp\/v2\/types\/post"}],"author":[{"embeddable":true,"href":"https:\/\/quehacerpolitico.mx\/index.php?rest_route=\/wp\/v2\/users\/2"}],"replies":[{"embeddable":true,"href":"https:\/\/quehacerpolitico.mx\/index.php?rest_route=%2Fwp%2Fv2%2Fcomments&post=113622"}],"version-history":[{"count":1,"href":"https:\/\/quehacerpolitico.mx\/index.php?rest_route=\/wp\/v2\/posts\/113622\/revisions"}],"predecessor-version":[{"id":113626,"href":"https:\/\/quehacerpolitico.mx\/index.php?rest_route=\/wp\/v2\/posts\/113622\/revisions\/113626"}],"wp:featuredmedia":[{"embeddable":true,"href":"https:\/\/quehacerpolitico.mx\/index.php?rest_route=\/wp\/v2\/media\/113623"}],"wp:attachment":[{"href":"https:\/\/quehacerpolitico.mx\/index.php?rest_route=%2Fwp%2Fv2%2Fmedia&parent=113622"}],"wp:term":[{"taxonomy":"category","embeddable":true,"href":"https:\/\/quehacerpolitico.mx\/index.php?rest_route=%2Fwp%2Fv2%2Fcategories&post=113622"},{"taxonomy":"post_tag","embeddable":true,"href":"https:\/\/quehacerpolitico.mx\/index.php?rest_route=%2Fwp%2Fv2%2Ftags&post=113622"}],"curies":[{"name":"wp","href":"https:\/\/api.w.org\/{rel}","templated":true}]}}