{"id":113607,"date":"2024-12-02T20:39:30","date_gmt":"2024-12-03T02:39:30","guid":{"rendered":"https:\/\/quehacerpolitico.mx\/?p=113607"},"modified":"2024-12-02T20:39:32","modified_gmt":"2024-12-03T02:39:32","slug":"benito-taibo-presenta-su-nuevo-libro-cuchara-y-memoria","status":"publish","type":"post","link":"https:\/\/quehacerpolitico.mx\/?p=113607","title":{"rendered":"Benito Taibo presenta su nuevo libro \u00a0\u201cCuchara y memoria\u201d"},"content":{"rendered":"\n<p>Por Redacci\u00f3n QP<\/p>\n\n\n\n<p>Benito Taibo es una de las figuras m\u00e1s emblem\u00e1ticas de la FIL que se deja querer por todos, siempre atento y c\u00e1lido como su reciente libro \u201cCuchara y memoria\u201d<\/p>\n\n\n\n<p>Siempre divertido y bonach\u00f3n,&nbsp;<strong>Benito Taibo es una de las figuras m\u00e1s emblem\u00e1ticas de la FIL que se deja querer por todos, siempre atento y c\u00e1lido como su reciente libro \u201cCuchara y memoria\u201d<\/strong>(Planeta 2024) donde hace un viaje por aquellos sabores, texturas, olores y sobremesas que lo han marcado a lo largo de su vida, como el saz\u00f3n de su madre, por ejemplo. \u201cLa memoria es el ant\u00eddoto para derrotar a la muerte\u201d, cuenta en entrevista.<\/p>\n\n\n\n<figure class=\"wp-block-embed is-type-video is-provider-youtube wp-block-embed-youtube wp-embed-aspect-16-9 wp-has-aspect-ratio\"><div class=\"wp-block-embed__wrapper\">\n<iframe loading=\"lazy\" title=\"Nuestro lector favorito, entrevista a Benito Taibo\" width=\"640\" height=\"360\" src=\"https:\/\/www.youtube.com\/embed\/RMQF45YKhes?feature=oembed\" frameborder=\"0\" allow=\"accelerometer; autoplay; clipboard-write; encrypted-media; gyroscope; picture-in-picture; web-share\" referrerpolicy=\"strict-origin-when-cross-origin\" allowfullscreen><\/iframe>\n<\/div><\/figure>\n\n\n\n<p>Adem\u00e1s, hace \u00e9nfasis en que una cosa es comer y otra es alimentarse. \u201cCualquier ser vivo se alimenta, como un protozoario o una ballena azul, pero comer es un acto social, cultural, de transmisi\u00f3n de conocimiento, de herencia, de poes\u00eda y de amor. Nos reunimos desde tiempos inmemoriales, desde el paleol\u00edtico alrededor de una piedra que luego se fue convirtiendo en una mesa para contar historias.&nbsp;Estamos todo el tiempo alrededor de la mesa contando las historias de la tribu sobre de d\u00f3nde venimos, qui\u00e9nes somos, qu\u00e9 actos heroicos o terribles sucedieron en nuestras vidas y nos hacen ser quienes somos\u201d.<\/p>\n\n\n\n<figure class=\"wp-block-image size-full\"><img loading=\"lazy\" decoding=\"async\" width=\"320\" height=\"320\" src=\"https:\/\/quehacerpolitico.mx\/wp-content\/uploads\/2024\/12\/image-3.jpeg\" alt=\"\" class=\"wp-image-113609\" srcset=\"https:\/\/quehacerpolitico.mx\/wp-content\/uploads\/2024\/12\/image-3.jpeg 320w, https:\/\/quehacerpolitico.mx\/wp-content\/uploads\/2024\/12\/image-3-300x300.jpeg 300w, https:\/\/quehacerpolitico.mx\/wp-content\/uploads\/2024\/12\/image-3-150x150.jpeg 150w\" sizes=\"auto, (max-width: 320px) 100vw, 320px\" \/><\/figure>\n\n\n\n<p>Sobre c\u00f3mo era el acto de comer y c\u00f3mo lo es ahora para Benito, responde: \u201cSiempre ha sido un acto celebratorio y divertido. Yo amo comer y se me nota, mi panza me delata. En mi casa la comida siempre fue un acto generoso, solidario y celebratorio, de gran cari\u00f1o. Por la mesa de la casa de mis padres pasaron todos los exilios desde los a\u00f1os 70. Y recibieron no solo un plato, tambi\u00e9n solidaridad, amor y cari\u00f1o, pues a pesar de haberlo perdido todo, ten\u00edan un asidero a la esperanza\u201d.<\/p>\n\n\n\n<p><strong>El ritual de la reuni\u00f3n en la mesa es un punto importante porque ah\u00ed se suceden muchas cosas, refrenda<\/strong>. \u201cLa mesa es importante, as\u00ed como la botana y el primero y el segundo plato, m\u00e1s el fuerte y el postre, pero m\u00e1s importante es la sobremesa, porque es donde se toman las decisiones y se celebran los pactos. La historia de M\u00e9xico est\u00e1 asignada por grandes acontecimientos culinarios aunque suene a una exotiquez. El tlatoani Moctezuma \u00a0recibi\u00f3 a esos hombres barbudos que ven\u00edan montados en unas bestias enormes y les da una comida de 300 platos; estaba entregando de alguna manera su coraz\u00f3n y lamentablemente no acab\u00f3 como lo hubi\u00e9ramos pensado. Villa y Zapata se reunieron a las afueras de Xochimilco para entrar a la Ciudad de M\u00e9xico y se meten una barbacoa entre pecho y espalda para asignar ese pacto\u201d. Tambi\u00e9n confiesa como parte de esas an\u00e9cdotas que Frida Kahlo y Diego Rivera recibieron con un mole a Le\u00f3n Trotsky en su casa de Coyoac\u00e1n.<\/p>\n\n\n\n<p>\u201cLas grandes decisiones de mi vida han sido tomadas en una mesa tras una comida. En una cena, Imelda y yo decidimos casarnos; en una comida decidimos c\u00f3mo ser\u00eda nuestro destino. Yo he decidido qu\u00e9 voy a escribir en medio de una comida. Insisto, este es un acto civilizatorio, evolutivo y maravilloso que nos hace ser humanos\u201d.<\/p>\n\n\n\n<figure class=\"wp-block-image size-large\"><img loading=\"lazy\" decoding=\"async\" width=\"760\" height=\"1024\" src=\"https:\/\/quehacerpolitico.mx\/wp-content\/uploads\/2024\/12\/image-4-760x1024.jpeg\" alt=\"\" class=\"wp-image-113610\" srcset=\"https:\/\/quehacerpolitico.mx\/wp-content\/uploads\/2024\/12\/image-4-760x1024.jpeg 760w, https:\/\/quehacerpolitico.mx\/wp-content\/uploads\/2024\/12\/image-4-223x300.jpeg 223w, https:\/\/quehacerpolitico.mx\/wp-content\/uploads\/2024\/12\/image-4-768x1035.jpeg 768w, https:\/\/quehacerpolitico.mx\/wp-content\/uploads\/2024\/12\/image-4-1140x1536.jpeg 1140w, https:\/\/quehacerpolitico.mx\/wp-content\/uploads\/2024\/12\/image-4-1024x1380.jpeg 1024w, https:\/\/quehacerpolitico.mx\/wp-content\/uploads\/2024\/12\/image-4.jpeg 1520w\" sizes=\"auto, (max-width: 760px) 100vw, 760px\" \/><\/figure>\n\n\n\n<p>Adem\u00e1s,&nbsp;su esposa Imelda y \u00e9l siguen probando cosas que nunca habr\u00edan imaginado, dej\u00e1ndose maravillar por la cocina. \u201cMi padre ten\u00eda una palabra m\u00e1gica que era \u2018prueba\u2019. Entonces, por m\u00e1s extra\u00f1a que se vea la comida sobre el plato, la l\u00f3gica era probar y despu\u00e9s decidir, porque no puedes hacer lo contrario. Probar es el principio del asombro, de la esperanza y de la sorpresa, as\u00ed que yo pruebo todo. Comer es un ritual celebratorio donde se sellan los pactos de amor y amistad para siempre\u201d.<\/p>\n\n\n\n<p>\u00bfPero qu\u00e9 disfruta m\u00e1s Benito? \u201cYo disfruto m\u00e1s lo popular que lo gourmet. Yo prefiero que el plato sea m\u00e1s vasto que toda esta fusi\u00f3n y el minimalismo en la comida, porque para probaditas, mejor voy al super y busco el jam\u00f3n serrano que est\u00e1 en los anaqueles\u201d. En cuanto a las recetas que son clave en su vida, refiere que son muchas, pero tal vez el gazpacho es una de sus favoritas, \u201cyo que casi no como verduras, esa es la v\u00eda de admisi\u00f3n para m\u00ed, esto es una joya refrescante donde adem\u00e1s yo le pongo pedacitos de mango y crotones de pan en esa mezcla de aceite de oliva, jitomate, pepino, pimiento y un chorrito de vinagre\u201d.\u00a0<strong>Benito no solo es un amante de la comida, tambi\u00e9n la prepara, una de sus especialidades es la paella<\/strong>. \u201cCuchara y memoria\u201d es apenas el primer tomo que ha dividido de la \u201cA\u201d a la \u201cK\u201d, el segundo tomo que prepara comenzar\u00e1 con la letra \u201cL\u201d abarcando todo lo que tenga que ver con la literatura.<\/p>\n","protected":false},"excerpt":{"rendered":"<p>Por Redacci\u00f3n QP Benito Taibo es una de las figuras m\u00e1s emblem\u00e1ticas de la FIL&#8230;<\/p>\n","protected":false},"author":2,"featured_media":113608,"comment_status":"open","ping_status":"open","sticky":false,"template":"","format":"standard","meta":{"_monsterinsights_skip_tracking":false,"_monsterinsights_sitenote_active":false,"_monsterinsights_sitenote_note":"","_monsterinsights_sitenote_category":0,"footnotes":""},"categories":[58],"tags":[],"class_list":["post-113607","post","type-post","status-publish","format-standard","has-post-thumbnail","hentry","category-cultura"],"yoast_head":"<!-- This site is optimized with the Yoast SEO plugin v27.3 - https:\/\/yoast.com\/product\/yoast-seo-wordpress\/ -->\n<title>Benito Taibo presenta su nuevo libro \u00a0\u201cCuchara y memoria\u201d -<\/title>\n<meta name=\"robots\" content=\"index, follow, max-snippet:-1, max-image-preview:large, max-video-preview:-1\" \/>\n<link rel=\"canonical\" href=\"https:\/\/quehacerpolitico.mx\/?p=113607\" \/>\n<meta property=\"og:locale\" content=\"es_MX\" \/>\n<meta property=\"og:type\" content=\"article\" \/>\n<meta property=\"og:title\" content=\"Benito Taibo presenta su nuevo libro \u00a0\u201cCuchara y memoria\u201d -\" \/>\n<meta property=\"og:description\" content=\"Por Redacci\u00f3n QP Benito Taibo es una de las figuras m\u00e1s emblem\u00e1ticas de la FIL...\" \/>\n<meta property=\"og:url\" content=\"https:\/\/quehacerpolitico.mx\/?p=113607\" \/>\n<meta property=\"article:published_time\" content=\"2024-12-03T02:39:30+00:00\" \/>\n<meta property=\"article:modified_time\" content=\"2024-12-03T02:39:32+00:00\" \/>\n<meta property=\"og:image\" content=\"https:\/\/quehacerpolitico.mx\/wp-content\/uploads\/2024\/12\/IMG_9379.jpeg\" \/>\n\t<meta property=\"og:image:width\" content=\"678\" \/>\n\t<meta property=\"og:image:height\" content=\"452\" \/>\n\t<meta property=\"og:image:type\" content=\"image\/jpeg\" \/>\n<meta name=\"author\" content=\"Redacci\u00f3n QP\" \/>\n<meta name=\"twitter:card\" content=\"summary_large_image\" \/>\n<meta name=\"twitter:label1\" content=\"Escrito por\" \/>\n\t<meta name=\"twitter:data1\" content=\"Redacci\u00f3n QP\" \/>\n\t<meta name=\"twitter:label2\" content=\"Tiempo de lectura\" \/>\n\t<meta name=\"twitter:data2\" content=\"4 minutos\" \/>\n<script type=\"application\/ld+json\" class=\"yoast-schema-graph\">{\"@context\":\"https:\\\/\\\/schema.org\",\"@graph\":[{\"@type\":\"Article\",\"@id\":\"https:\\\/\\\/quehacerpolitico.mx\\\/?p=113607#article\",\"isPartOf\":{\"@id\":\"https:\\\/\\\/quehacerpolitico.mx\\\/?p=113607\"},\"author\":{\"name\":\"Redacci\u00f3n QP\",\"@id\":\"https:\\\/\\\/quehacerpolitico.mx\\\/#\\\/schema\\\/person\\\/496d8ad2d1d3f8036101dca7ee39e585\"},\"headline\":\"Benito Taibo presenta su nuevo libro \u00a0\u201cCuchara y memoria\u201d\",\"datePublished\":\"2024-12-03T02:39:30+00:00\",\"dateModified\":\"2024-12-03T02:39:32+00:00\",\"mainEntityOfPage\":{\"@id\":\"https:\\\/\\\/quehacerpolitico.mx\\\/?p=113607\"},\"wordCount\":858,\"commentCount\":0,\"image\":{\"@id\":\"https:\\\/\\\/quehacerpolitico.mx\\\/?p=113607#primaryimage\"},\"thumbnailUrl\":\"https:\\\/\\\/quehacerpolitico.mx\\\/wp-content\\\/uploads\\\/2024\\\/12\\\/IMG_9379.jpeg\",\"articleSection\":[\"Cultura y Entretenimiento\"],\"inLanguage\":\"es\",\"potentialAction\":[{\"@type\":\"CommentAction\",\"name\":\"Comment\",\"target\":[\"https:\\\/\\\/quehacerpolitico.mx\\\/?p=113607#respond\"]}]},{\"@type\":\"WebPage\",\"@id\":\"https:\\\/\\\/quehacerpolitico.mx\\\/?p=113607\",\"url\":\"https:\\\/\\\/quehacerpolitico.mx\\\/?p=113607\",\"name\":\"Benito Taibo presenta su nuevo libro \u00a0\u201cCuchara y memoria\u201d -\",\"isPartOf\":{\"@id\":\"https:\\\/\\\/quehacerpolitico.mx\\\/#website\"},\"primaryImageOfPage\":{\"@id\":\"https:\\\/\\\/quehacerpolitico.mx\\\/?p=113607#primaryimage\"},\"image\":{\"@id\":\"https:\\\/\\\/quehacerpolitico.mx\\\/?p=113607#primaryimage\"},\"thumbnailUrl\":\"https:\\\/\\\/quehacerpolitico.mx\\\/wp-content\\\/uploads\\\/2024\\\/12\\\/IMG_9379.jpeg\",\"datePublished\":\"2024-12-03T02:39:30+00:00\",\"dateModified\":\"2024-12-03T02:39:32+00:00\",\"author\":{\"@id\":\"https:\\\/\\\/quehacerpolitico.mx\\\/#\\\/schema\\\/person\\\/496d8ad2d1d3f8036101dca7ee39e585\"},\"breadcrumb\":{\"@id\":\"https:\\\/\\\/quehacerpolitico.mx\\\/?p=113607#breadcrumb\"},\"inLanguage\":\"es\",\"potentialAction\":[{\"@type\":\"ReadAction\",\"target\":[\"https:\\\/\\\/quehacerpolitico.mx\\\/?p=113607\"]}]},{\"@type\":\"ImageObject\",\"inLanguage\":\"es\",\"@id\":\"https:\\\/\\\/quehacerpolitico.mx\\\/?p=113607#primaryimage\",\"url\":\"https:\\\/\\\/quehacerpolitico.mx\\\/wp-content\\\/uploads\\\/2024\\\/12\\\/IMG_9379.jpeg\",\"contentUrl\":\"https:\\\/\\\/quehacerpolitico.mx\\\/wp-content\\\/uploads\\\/2024\\\/12\\\/IMG_9379.jpeg\",\"width\":678,\"height\":452},{\"@type\":\"BreadcrumbList\",\"@id\":\"https:\\\/\\\/quehacerpolitico.mx\\\/?p=113607#breadcrumb\",\"itemListElement\":[{\"@type\":\"ListItem\",\"position\":1,\"name\":\"Inicio\",\"item\":\"https:\\\/\\\/quehacerpolitico.mx\\\/\"},{\"@type\":\"ListItem\",\"position\":2,\"name\":\"Benito Taibo presenta su nuevo libro \u00a0\u201cCuchara y memoria\u201d\"}]},{\"@type\":\"WebSite\",\"@id\":\"https:\\\/\\\/quehacerpolitico.mx\\\/#website\",\"url\":\"https:\\\/\\\/quehacerpolitico.mx\\\/\",\"name\":\"\",\"description\":\"\",\"potentialAction\":[{\"@type\":\"SearchAction\",\"target\":{\"@type\":\"EntryPoint\",\"urlTemplate\":\"https:\\\/\\\/quehacerpolitico.mx\\\/?s={search_term_string}\"},\"query-input\":{\"@type\":\"PropertyValueSpecification\",\"valueRequired\":true,\"valueName\":\"search_term_string\"}}],\"inLanguage\":\"es\"},{\"@type\":\"Person\",\"@id\":\"https:\\\/\\\/quehacerpolitico.mx\\\/#\\\/schema\\\/person\\\/496d8ad2d1d3f8036101dca7ee39e585\",\"name\":\"Redacci\u00f3n QP\",\"image\":{\"@type\":\"ImageObject\",\"inLanguage\":\"es\",\"@id\":\"https:\\\/\\\/secure.gravatar.com\\\/avatar\\\/c7164ed6fdec453195284ad24a5ae5b6e1eed2b848477fa2a4787ba9adf39a41?s=96&d=mm&r=g\",\"url\":\"https:\\\/\\\/secure.gravatar.com\\\/avatar\\\/c7164ed6fdec453195284ad24a5ae5b6e1eed2b848477fa2a4787ba9adf39a41?s=96&d=mm&r=g\",\"contentUrl\":\"https:\\\/\\\/secure.gravatar.com\\\/avatar\\\/c7164ed6fdec453195284ad24a5ae5b6e1eed2b848477fa2a4787ba9adf39a41?s=96&d=mm&r=g\",\"caption\":\"Redacci\u00f3n QP\"},\"url\":\"https:\\\/\\\/quehacerpolitico.mx\\\/?author=2\"}]}<\/script>\n<!-- \/ Yoast SEO plugin. -->","yoast_head_json":{"title":"Benito Taibo presenta su nuevo libro \u00a0\u201cCuchara y memoria\u201d -","robots":{"index":"index","follow":"follow","max-snippet":"max-snippet:-1","max-image-preview":"max-image-preview:large","max-video-preview":"max-video-preview:-1"},"canonical":"https:\/\/quehacerpolitico.mx\/?p=113607","og_locale":"es_MX","og_type":"article","og_title":"Benito Taibo presenta su nuevo libro \u00a0\u201cCuchara y memoria\u201d -","og_description":"Por Redacci\u00f3n QP Benito Taibo es una de las figuras m\u00e1s emblem\u00e1ticas de la FIL...","og_url":"https:\/\/quehacerpolitico.mx\/?p=113607","article_published_time":"2024-12-03T02:39:30+00:00","article_modified_time":"2024-12-03T02:39:32+00:00","og_image":[{"width":678,"height":452,"url":"https:\/\/quehacerpolitico.mx\/wp-content\/uploads\/2024\/12\/IMG_9379.jpeg","type":"image\/jpeg"}],"author":"Redacci\u00f3n QP","twitter_card":"summary_large_image","twitter_misc":{"Escrito por":"Redacci\u00f3n QP","Tiempo de lectura":"4 minutos"},"schema":{"@context":"https:\/\/schema.org","@graph":[{"@type":"Article","@id":"https:\/\/quehacerpolitico.mx\/?p=113607#article","isPartOf":{"@id":"https:\/\/quehacerpolitico.mx\/?p=113607"},"author":{"name":"Redacci\u00f3n QP","@id":"https:\/\/quehacerpolitico.mx\/#\/schema\/person\/496d8ad2d1d3f8036101dca7ee39e585"},"headline":"Benito Taibo presenta su nuevo libro \u00a0\u201cCuchara y memoria\u201d","datePublished":"2024-12-03T02:39:30+00:00","dateModified":"2024-12-03T02:39:32+00:00","mainEntityOfPage":{"@id":"https:\/\/quehacerpolitico.mx\/?p=113607"},"wordCount":858,"commentCount":0,"image":{"@id":"https:\/\/quehacerpolitico.mx\/?p=113607#primaryimage"},"thumbnailUrl":"https:\/\/quehacerpolitico.mx\/wp-content\/uploads\/2024\/12\/IMG_9379.jpeg","articleSection":["Cultura y Entretenimiento"],"inLanguage":"es","potentialAction":[{"@type":"CommentAction","name":"Comment","target":["https:\/\/quehacerpolitico.mx\/?p=113607#respond"]}]},{"@type":"WebPage","@id":"https:\/\/quehacerpolitico.mx\/?p=113607","url":"https:\/\/quehacerpolitico.mx\/?p=113607","name":"Benito Taibo presenta su nuevo libro \u00a0\u201cCuchara y memoria\u201d -","isPartOf":{"@id":"https:\/\/quehacerpolitico.mx\/#website"},"primaryImageOfPage":{"@id":"https:\/\/quehacerpolitico.mx\/?p=113607#primaryimage"},"image":{"@id":"https:\/\/quehacerpolitico.mx\/?p=113607#primaryimage"},"thumbnailUrl":"https:\/\/quehacerpolitico.mx\/wp-content\/uploads\/2024\/12\/IMG_9379.jpeg","datePublished":"2024-12-03T02:39:30+00:00","dateModified":"2024-12-03T02:39:32+00:00","author":{"@id":"https:\/\/quehacerpolitico.mx\/#\/schema\/person\/496d8ad2d1d3f8036101dca7ee39e585"},"breadcrumb":{"@id":"https:\/\/quehacerpolitico.mx\/?p=113607#breadcrumb"},"inLanguage":"es","potentialAction":[{"@type":"ReadAction","target":["https:\/\/quehacerpolitico.mx\/?p=113607"]}]},{"@type":"ImageObject","inLanguage":"es","@id":"https:\/\/quehacerpolitico.mx\/?p=113607#primaryimage","url":"https:\/\/quehacerpolitico.mx\/wp-content\/uploads\/2024\/12\/IMG_9379.jpeg","contentUrl":"https:\/\/quehacerpolitico.mx\/wp-content\/uploads\/2024\/12\/IMG_9379.jpeg","width":678,"height":452},{"@type":"BreadcrumbList","@id":"https:\/\/quehacerpolitico.mx\/?p=113607#breadcrumb","itemListElement":[{"@type":"ListItem","position":1,"name":"Inicio","item":"https:\/\/quehacerpolitico.mx\/"},{"@type":"ListItem","position":2,"name":"Benito Taibo presenta su nuevo libro \u00a0\u201cCuchara y memoria\u201d"}]},{"@type":"WebSite","@id":"https:\/\/quehacerpolitico.mx\/#website","url":"https:\/\/quehacerpolitico.mx\/","name":"","description":"","potentialAction":[{"@type":"SearchAction","target":{"@type":"EntryPoint","urlTemplate":"https:\/\/quehacerpolitico.mx\/?s={search_term_string}"},"query-input":{"@type":"PropertyValueSpecification","valueRequired":true,"valueName":"search_term_string"}}],"inLanguage":"es"},{"@type":"Person","@id":"https:\/\/quehacerpolitico.mx\/#\/schema\/person\/496d8ad2d1d3f8036101dca7ee39e585","name":"Redacci\u00f3n QP","image":{"@type":"ImageObject","inLanguage":"es","@id":"https:\/\/secure.gravatar.com\/avatar\/c7164ed6fdec453195284ad24a5ae5b6e1eed2b848477fa2a4787ba9adf39a41?s=96&d=mm&r=g","url":"https:\/\/secure.gravatar.com\/avatar\/c7164ed6fdec453195284ad24a5ae5b6e1eed2b848477fa2a4787ba9adf39a41?s=96&d=mm&r=g","contentUrl":"https:\/\/secure.gravatar.com\/avatar\/c7164ed6fdec453195284ad24a5ae5b6e1eed2b848477fa2a4787ba9adf39a41?s=96&d=mm&r=g","caption":"Redacci\u00f3n QP"},"url":"https:\/\/quehacerpolitico.mx\/?author=2"}]}},"featured_image_urls":{"full":["https:\/\/quehacerpolitico.mx\/wp-content\/uploads\/2024\/12\/IMG_9379.jpeg",678,452,false],"thumbnail":["https:\/\/quehacerpolitico.mx\/wp-content\/uploads\/2024\/12\/IMG_9379-150x150.jpeg",150,150,true],"medium":["https:\/\/quehacerpolitico.mx\/wp-content\/uploads\/2024\/12\/IMG_9379-300x200.jpeg",300,200,true],"medium_large":["https:\/\/quehacerpolitico.mx\/wp-content\/uploads\/2024\/12\/IMG_9379.jpeg",640,427,false],"large":["https:\/\/quehacerpolitico.mx\/wp-content\/uploads\/2024\/12\/IMG_9379.jpeg",640,427,false],"1536x1536":["https:\/\/quehacerpolitico.mx\/wp-content\/uploads\/2024\/12\/IMG_9379.jpeg",678,452,false],"2048x2048":["https:\/\/quehacerpolitico.mx\/wp-content\/uploads\/2024\/12\/IMG_9379.jpeg",678,452,false],"covernews-featured":["https:\/\/quehacerpolitico.mx\/wp-content\/uploads\/2024\/12\/IMG_9379.jpeg",678,452,false],"covernews-medium":["https:\/\/quehacerpolitico.mx\/wp-content\/uploads\/2024\/12\/IMG_9379-540x340.jpeg",540,340,true]},"author_info":{"display_name":"Redacci\u00f3n QP","author_link":"https:\/\/quehacerpolitico.mx\/?author=2"},"category_info":"<a href=\"https:\/\/quehacerpolitico.mx\/?cat=58\" rel=\"category\">Cultura y Entretenimiento<\/a>","tag_info":"Cultura y Entretenimiento","comment_count":"0","_links":{"self":[{"href":"https:\/\/quehacerpolitico.mx\/index.php?rest_route=\/wp\/v2\/posts\/113607","targetHints":{"allow":["GET"]}}],"collection":[{"href":"https:\/\/quehacerpolitico.mx\/index.php?rest_route=\/wp\/v2\/posts"}],"about":[{"href":"https:\/\/quehacerpolitico.mx\/index.php?rest_route=\/wp\/v2\/types\/post"}],"author":[{"embeddable":true,"href":"https:\/\/quehacerpolitico.mx\/index.php?rest_route=\/wp\/v2\/users\/2"}],"replies":[{"embeddable":true,"href":"https:\/\/quehacerpolitico.mx\/index.php?rest_route=%2Fwp%2Fv2%2Fcomments&post=113607"}],"version-history":[{"count":1,"href":"https:\/\/quehacerpolitico.mx\/index.php?rest_route=\/wp\/v2\/posts\/113607\/revisions"}],"predecessor-version":[{"id":113611,"href":"https:\/\/quehacerpolitico.mx\/index.php?rest_route=\/wp\/v2\/posts\/113607\/revisions\/113611"}],"wp:featuredmedia":[{"embeddable":true,"href":"https:\/\/quehacerpolitico.mx\/index.php?rest_route=\/wp\/v2\/media\/113608"}],"wp:attachment":[{"href":"https:\/\/quehacerpolitico.mx\/index.php?rest_route=%2Fwp%2Fv2%2Fmedia&parent=113607"}],"wp:term":[{"taxonomy":"category","embeddable":true,"href":"https:\/\/quehacerpolitico.mx\/index.php?rest_route=%2Fwp%2Fv2%2Fcategories&post=113607"},{"taxonomy":"post_tag","embeddable":true,"href":"https:\/\/quehacerpolitico.mx\/index.php?rest_route=%2Fwp%2Fv2%2Ftags&post=113607"}],"curies":[{"name":"wp","href":"https:\/\/api.w.org\/{rel}","templated":true}]}}