{"id":113558,"date":"2024-11-28T21:07:46","date_gmt":"2024-11-29T03:07:46","guid":{"rendered":"https:\/\/quehacerpolitico.mx\/?p=113558"},"modified":"2024-11-28T21:07:46","modified_gmt":"2024-11-29T03:07:46","slug":"el-quehacer-politico-internacional-a-traves-carolina-alonso-romei-biden-responde-a-la-amenaza-de-aranceles-de-trump-a-mexico-y-canada","status":"publish","type":"post","link":"https:\/\/quehacerpolitico.mx\/?p=113558","title":{"rendered":"El Quehacer Pol\u00edtico Internacional a trav\u00e9s\/\/\/Carolina Alonso Romei\/\/\/Biden responde a la amenaza de aranceles de Trump a M\u00e9xico y Canad\u00e1"},"content":{"rendered":"<p>Por Carolina Alonso Romei<\/p>\n<p>Internacionalista<\/p>\n<p>&#8220;Quiero asegurarme de que esta transici\u00f3n se desarrolle sin problemas&#8221;, se\u00f1al\u00f3 el actual mandatario<\/p>\n<p>Este jueves, el presidente de Estados Unidos, Joe Biden, responde: dice que espera que su sucesor, Donald Trump (2017-2021), reconsidere sus planes de imponer aranceles a las mercanc\u00edas que entran en su pa\u00eds tanto de M\u00e9xico como de Canad\u00e1, unas medidas que a su juicio ser\u00edan contraproducentes.<\/p>\n<p><strong>&#8220;Espero que lo reconsidere. Creo que es algo contraproducente&#8221;,<\/strong> afirm\u00f3 Biden a un grupo de medios de comunicaci\u00f3n que presenciaron su visita a una estaci\u00f3n de bomberos en el D\u00eda de Acci\u00f3n de Gracias.<\/p>\n<p><iframe loading=\"lazy\" title=\"ARANCELES | &quot;Espero que Trump lo reconsidere&quot;: Joe Biden\" width=\"640\" height=\"360\" src=\"https:\/\/www.youtube.com\/embed\/JV-QSPb1150?feature=oembed\" frameborder=\"0\" allow=\"accelerometer; autoplay; clipboard-write; encrypted-media; gyroscope; picture-in-picture; web-share\" referrerpolicy=\"strict-origin-when-cross-origin\" allowfullscreen><\/iframe><\/p>\n<p>Trump, presidente electo de Estados Unidos, anunci\u00f3 <strong>un recargo del 25% a todos los bienes importados desde M\u00e9xico y Canad\u00e1, as\u00ed como un arancel adicional del 10% a los productos chinos, hasta que estos pa\u00edses -que son sus principales socios comerciales- frenen la llegada de inmigraci\u00f3n ilegal y drogas.<\/strong><\/p>\n<p>&#8220;Estamos rodeados por el oc\u00e9ano Pac\u00edfico, el oc\u00e9ano Atl\u00e1ntico y dos aliados, M\u00e9xico y Canad\u00e1. Lo \u00faltimo que necesitamos hacer es empezar a arruinar esas relaciones&#8221;, apunt\u00f3 Biden desde la ciudad de Nantucket, Massachusetts, donde se encuentra con su familia para celebrar la fiesta m\u00e1s tradicional para los estadounidenses.<\/p>\n<p>El presidente, que ceder\u00e1 el testigo a Donald Trump el pr\u00f3ximo 20 de enero, visit\u00f3 la estaci\u00f3n del Departamento de Bomberos y Rescate de Nantucket junto con su esposa, la primera dama Jill Biden, y uno de sus nietos para agradecer a los rescatistas su labor y llevarles unos pasteles de calabaza.<\/p>\n<p><strong>&#8220;Quiero asegurarme de que esta transici\u00f3n se desarrolle sin problemas&#8221;,<\/strong> apunt\u00f3 Biden.<\/p>\n<p>Seg\u00fan advierten expertos y analistas, los aranceles anunciados por Trump tendr\u00edan costosas consecuencias econ\u00f3micas para todos los pa\u00edses implicados y es de esperar que produzcan una nueva oleada de disputas comerciales en el seno de la Organizaci\u00f3n Mundial del Comercio (PMC), que puede autorizar sanciones.<\/p>\n<p>EU es el pa\u00eds al que M\u00e9xico env\u00eda el 80% de sus exportaciones, en su mayor\u00eda componentes de autom\u00f3viles, veh\u00edculos ligeros, camiones, procesadores de datos y tractores, seg\u00fan la Secretar\u00eda de Econom\u00eda de M\u00e9xico. Y la Presidenta Claudia Sheinbaum ha advertido que un arancel traer\u00e1 &#8220;otro en respuesta&#8221;.<\/p>\n<p><strong>El temor en Canad\u00e1 es que incluso unos aranceles del 10% costar\u00edan a la econom\u00eda canadiense alrededor de un 1% de su PIB, mientras que un recargo del 25% sumir\u00eda al pa\u00eds en una profunda recesi\u00f3n<\/strong>, lo que ha llevado al primer ministro, Justin Trudeau, a convocar una reuni\u00f3n de emergencia con las provincias del pa\u00eds para acordar una estrategia.<\/p>\n<p>Con informaci\u00f3n de EFE<\/p>\n","protected":false},"excerpt":{"rendered":"<p>Por Carolina Alonso Romei Internacionalista &#8220;Quiero asegurarme de que esta transici\u00f3n se desarrolle sin problemas&#8221;,&#8230;<\/p>\n","protected":false},"author":2,"featured_media":113559,"comment_status":"open","ping_status":"open","sticky":false,"template":"","format":"standard","meta":{"_monsterinsights_skip_tracking":false,"_monsterinsights_sitenote_active":false,"_monsterinsights_sitenote_note":"","_monsterinsights_sitenote_category":0,"footnotes":""},"categories":[1],"tags":[],"class_list":["post-113558","post","type-post","status-publish","format-standard","has-post-thumbnail","hentry","category-sin-categoria"],"yoast_head":"<!-- This site is optimized with the Yoast SEO plugin v27.3 - https:\/\/yoast.com\/product\/yoast-seo-wordpress\/ -->\n<title>El Quehacer Pol\u00edtico Internacional a trav\u00e9s\/\/\/Carolina Alonso Romei\/\/\/Biden responde a la amenaza de aranceles de Trump a M\u00e9xico y Canad\u00e1 -<\/title>\n<meta name=\"robots\" content=\"index, follow, max-snippet:-1, max-image-preview:large, max-video-preview:-1\" \/>\n<link rel=\"canonical\" href=\"https:\/\/quehacerpolitico.mx\/?p=113558\" \/>\n<meta property=\"og:locale\" content=\"es_MX\" \/>\n<meta property=\"og:type\" content=\"article\" \/>\n<meta property=\"og:title\" content=\"El Quehacer Pol\u00edtico Internacional a trav\u00e9s\/\/\/Carolina Alonso Romei\/\/\/Biden responde a la amenaza de aranceles de Trump a M\u00e9xico y Canad\u00e1 -\" \/>\n<meta property=\"og:description\" content=\"Por Carolina Alonso Romei Internacionalista &#8220;Quiero asegurarme de que esta transici\u00f3n se desarrolle sin problemas&#8221;,...\" \/>\n<meta property=\"og:url\" content=\"https:\/\/quehacerpolitico.mx\/?p=113558\" \/>\n<meta property=\"article:published_time\" content=\"2024-11-29T03:07:46+00:00\" \/>\n<meta property=\"og:image\" content=\"https:\/\/quehacerpolitico.mx\/wp-content\/uploads\/2024\/11\/03fa6135-c3fe-44b7-8e96-c6ca323ffebb-6.jpeg\" \/>\n\t<meta property=\"og:image:width\" content=\"963\" \/>\n\t<meta property=\"og:image:height\" content=\"493\" \/>\n\t<meta property=\"og:image:type\" content=\"image\/jpeg\" \/>\n<meta name=\"author\" content=\"Redacci\u00f3n QP\" \/>\n<meta name=\"twitter:card\" content=\"summary_large_image\" \/>\n<meta name=\"twitter:label1\" content=\"Escrito por\" \/>\n\t<meta name=\"twitter:data1\" content=\"Redacci\u00f3n QP\" \/>\n\t<meta name=\"twitter:label2\" content=\"Tiempo de lectura\" \/>\n\t<meta name=\"twitter:data2\" content=\"2 minutos\" \/>\n<script type=\"application\/ld+json\" class=\"yoast-schema-graph\">{\"@context\":\"https:\\\/\\\/schema.org\",\"@graph\":[{\"@type\":\"Article\",\"@id\":\"https:\\\/\\\/quehacerpolitico.mx\\\/?p=113558#article\",\"isPartOf\":{\"@id\":\"https:\\\/\\\/quehacerpolitico.mx\\\/?p=113558\"},\"author\":{\"name\":\"Redacci\u00f3n QP\",\"@id\":\"https:\\\/\\\/quehacerpolitico.mx\\\/#\\\/schema\\\/person\\\/496d8ad2d1d3f8036101dca7ee39e585\"},\"headline\":\"El Quehacer Pol\u00edtico Internacional a trav\u00e9s\\\/\\\/\\\/Carolina Alonso Romei\\\/\\\/\\\/Biden responde a la amenaza de aranceles de Trump a M\u00e9xico y Canad\u00e1\",\"datePublished\":\"2024-11-29T03:07:46+00:00\",\"mainEntityOfPage\":{\"@id\":\"https:\\\/\\\/quehacerpolitico.mx\\\/?p=113558\"},\"wordCount\":489,\"commentCount\":0,\"image\":{\"@id\":\"https:\\\/\\\/quehacerpolitico.mx\\\/?p=113558#primaryimage\"},\"thumbnailUrl\":\"https:\\\/\\\/quehacerpolitico.mx\\\/wp-content\\\/uploads\\\/2024\\\/11\\\/03fa6135-c3fe-44b7-8e96-c6ca323ffebb-6.jpeg\",\"articleSection\":[\"Internacionales\"],\"inLanguage\":\"es\",\"potentialAction\":[{\"@type\":\"CommentAction\",\"name\":\"Comment\",\"target\":[\"https:\\\/\\\/quehacerpolitico.mx\\\/?p=113558#respond\"]}]},{\"@type\":\"WebPage\",\"@id\":\"https:\\\/\\\/quehacerpolitico.mx\\\/?p=113558\",\"url\":\"https:\\\/\\\/quehacerpolitico.mx\\\/?p=113558\",\"name\":\"El Quehacer Pol\u00edtico Internacional a trav\u00e9s\\\/\\\/\\\/Carolina Alonso Romei\\\/\\\/\\\/Biden responde a la amenaza de aranceles de Trump a M\u00e9xico y Canad\u00e1 -\",\"isPartOf\":{\"@id\":\"https:\\\/\\\/quehacerpolitico.mx\\\/#website\"},\"primaryImageOfPage\":{\"@id\":\"https:\\\/\\\/quehacerpolitico.mx\\\/?p=113558#primaryimage\"},\"image\":{\"@id\":\"https:\\\/\\\/quehacerpolitico.mx\\\/?p=113558#primaryimage\"},\"thumbnailUrl\":\"https:\\\/\\\/quehacerpolitico.mx\\\/wp-content\\\/uploads\\\/2024\\\/11\\\/03fa6135-c3fe-44b7-8e96-c6ca323ffebb-6.jpeg\",\"datePublished\":\"2024-11-29T03:07:46+00:00\",\"author\":{\"@id\":\"https:\\\/\\\/quehacerpolitico.mx\\\/#\\\/schema\\\/person\\\/496d8ad2d1d3f8036101dca7ee39e585\"},\"breadcrumb\":{\"@id\":\"https:\\\/\\\/quehacerpolitico.mx\\\/?p=113558#breadcrumb\"},\"inLanguage\":\"es\",\"potentialAction\":[{\"@type\":\"ReadAction\",\"target\":[\"https:\\\/\\\/quehacerpolitico.mx\\\/?p=113558\"]}]},{\"@type\":\"ImageObject\",\"inLanguage\":\"es\",\"@id\":\"https:\\\/\\\/quehacerpolitico.mx\\\/?p=113558#primaryimage\",\"url\":\"https:\\\/\\\/quehacerpolitico.mx\\\/wp-content\\\/uploads\\\/2024\\\/11\\\/03fa6135-c3fe-44b7-8e96-c6ca323ffebb-6.jpeg\",\"contentUrl\":\"https:\\\/\\\/quehacerpolitico.mx\\\/wp-content\\\/uploads\\\/2024\\\/11\\\/03fa6135-c3fe-44b7-8e96-c6ca323ffebb-6.jpeg\",\"width\":963,\"height\":493},{\"@type\":\"BreadcrumbList\",\"@id\":\"https:\\\/\\\/quehacerpolitico.mx\\\/?p=113558#breadcrumb\",\"itemListElement\":[{\"@type\":\"ListItem\",\"position\":1,\"name\":\"Inicio\",\"item\":\"https:\\\/\\\/quehacerpolitico.mx\\\/\"},{\"@type\":\"ListItem\",\"position\":2,\"name\":\"El Quehacer Pol\u00edtico Internacional a trav\u00e9s\\\/\\\/\\\/Carolina Alonso Romei\\\/\\\/\\\/Biden responde a la amenaza de aranceles de Trump a M\u00e9xico y Canad\u00e1\"}]},{\"@type\":\"WebSite\",\"@id\":\"https:\\\/\\\/quehacerpolitico.mx\\\/#website\",\"url\":\"https:\\\/\\\/quehacerpolitico.mx\\\/\",\"name\":\"\",\"description\":\"\",\"potentialAction\":[{\"@type\":\"SearchAction\",\"target\":{\"@type\":\"EntryPoint\",\"urlTemplate\":\"https:\\\/\\\/quehacerpolitico.mx\\\/?s={search_term_string}\"},\"query-input\":{\"@type\":\"PropertyValueSpecification\",\"valueRequired\":true,\"valueName\":\"search_term_string\"}}],\"inLanguage\":\"es\"},{\"@type\":\"Person\",\"@id\":\"https:\\\/\\\/quehacerpolitico.mx\\\/#\\\/schema\\\/person\\\/496d8ad2d1d3f8036101dca7ee39e585\",\"name\":\"Redacci\u00f3n QP\",\"image\":{\"@type\":\"ImageObject\",\"inLanguage\":\"es\",\"@id\":\"https:\\\/\\\/secure.gravatar.com\\\/avatar\\\/c7164ed6fdec453195284ad24a5ae5b6e1eed2b848477fa2a4787ba9adf39a41?s=96&d=mm&r=g\",\"url\":\"https:\\\/\\\/secure.gravatar.com\\\/avatar\\\/c7164ed6fdec453195284ad24a5ae5b6e1eed2b848477fa2a4787ba9adf39a41?s=96&d=mm&r=g\",\"contentUrl\":\"https:\\\/\\\/secure.gravatar.com\\\/avatar\\\/c7164ed6fdec453195284ad24a5ae5b6e1eed2b848477fa2a4787ba9adf39a41?s=96&d=mm&r=g\",\"caption\":\"Redacci\u00f3n QP\"},\"url\":\"https:\\\/\\\/quehacerpolitico.mx\\\/?author=2\"}]}<\/script>\n<!-- \/ Yoast SEO plugin. -->","yoast_head_json":{"title":"El Quehacer Pol\u00edtico Internacional a trav\u00e9s\/\/\/Carolina Alonso Romei\/\/\/Biden responde a la amenaza de aranceles de Trump a M\u00e9xico y Canad\u00e1 -","robots":{"index":"index","follow":"follow","max-snippet":"max-snippet:-1","max-image-preview":"max-image-preview:large","max-video-preview":"max-video-preview:-1"},"canonical":"https:\/\/quehacerpolitico.mx\/?p=113558","og_locale":"es_MX","og_type":"article","og_title":"El Quehacer Pol\u00edtico Internacional a trav\u00e9s\/\/\/Carolina Alonso Romei\/\/\/Biden responde a la amenaza de aranceles de Trump a M\u00e9xico y Canad\u00e1 -","og_description":"Por Carolina Alonso Romei Internacionalista &#8220;Quiero asegurarme de que esta transici\u00f3n se desarrolle sin problemas&#8221;,...","og_url":"https:\/\/quehacerpolitico.mx\/?p=113558","article_published_time":"2024-11-29T03:07:46+00:00","og_image":[{"width":963,"height":493,"url":"https:\/\/quehacerpolitico.mx\/wp-content\/uploads\/2024\/11\/03fa6135-c3fe-44b7-8e96-c6ca323ffebb-6.jpeg","type":"image\/jpeg"}],"author":"Redacci\u00f3n QP","twitter_card":"summary_large_image","twitter_misc":{"Escrito por":"Redacci\u00f3n QP","Tiempo de lectura":"2 minutos"},"schema":{"@context":"https:\/\/schema.org","@graph":[{"@type":"Article","@id":"https:\/\/quehacerpolitico.mx\/?p=113558#article","isPartOf":{"@id":"https:\/\/quehacerpolitico.mx\/?p=113558"},"author":{"name":"Redacci\u00f3n QP","@id":"https:\/\/quehacerpolitico.mx\/#\/schema\/person\/496d8ad2d1d3f8036101dca7ee39e585"},"headline":"El Quehacer Pol\u00edtico Internacional a trav\u00e9s\/\/\/Carolina Alonso Romei\/\/\/Biden responde a la amenaza de aranceles de Trump a M\u00e9xico y Canad\u00e1","datePublished":"2024-11-29T03:07:46+00:00","mainEntityOfPage":{"@id":"https:\/\/quehacerpolitico.mx\/?p=113558"},"wordCount":489,"commentCount":0,"image":{"@id":"https:\/\/quehacerpolitico.mx\/?p=113558#primaryimage"},"thumbnailUrl":"https:\/\/quehacerpolitico.mx\/wp-content\/uploads\/2024\/11\/03fa6135-c3fe-44b7-8e96-c6ca323ffebb-6.jpeg","articleSection":["Internacionales"],"inLanguage":"es","potentialAction":[{"@type":"CommentAction","name":"Comment","target":["https:\/\/quehacerpolitico.mx\/?p=113558#respond"]}]},{"@type":"WebPage","@id":"https:\/\/quehacerpolitico.mx\/?p=113558","url":"https:\/\/quehacerpolitico.mx\/?p=113558","name":"El Quehacer Pol\u00edtico Internacional a trav\u00e9s\/\/\/Carolina Alonso Romei\/\/\/Biden responde a la amenaza de aranceles de Trump a M\u00e9xico y Canad\u00e1 -","isPartOf":{"@id":"https:\/\/quehacerpolitico.mx\/#website"},"primaryImageOfPage":{"@id":"https:\/\/quehacerpolitico.mx\/?p=113558#primaryimage"},"image":{"@id":"https:\/\/quehacerpolitico.mx\/?p=113558#primaryimage"},"thumbnailUrl":"https:\/\/quehacerpolitico.mx\/wp-content\/uploads\/2024\/11\/03fa6135-c3fe-44b7-8e96-c6ca323ffebb-6.jpeg","datePublished":"2024-11-29T03:07:46+00:00","author":{"@id":"https:\/\/quehacerpolitico.mx\/#\/schema\/person\/496d8ad2d1d3f8036101dca7ee39e585"},"breadcrumb":{"@id":"https:\/\/quehacerpolitico.mx\/?p=113558#breadcrumb"},"inLanguage":"es","potentialAction":[{"@type":"ReadAction","target":["https:\/\/quehacerpolitico.mx\/?p=113558"]}]},{"@type":"ImageObject","inLanguage":"es","@id":"https:\/\/quehacerpolitico.mx\/?p=113558#primaryimage","url":"https:\/\/quehacerpolitico.mx\/wp-content\/uploads\/2024\/11\/03fa6135-c3fe-44b7-8e96-c6ca323ffebb-6.jpeg","contentUrl":"https:\/\/quehacerpolitico.mx\/wp-content\/uploads\/2024\/11\/03fa6135-c3fe-44b7-8e96-c6ca323ffebb-6.jpeg","width":963,"height":493},{"@type":"BreadcrumbList","@id":"https:\/\/quehacerpolitico.mx\/?p=113558#breadcrumb","itemListElement":[{"@type":"ListItem","position":1,"name":"Inicio","item":"https:\/\/quehacerpolitico.mx\/"},{"@type":"ListItem","position":2,"name":"El Quehacer Pol\u00edtico Internacional a trav\u00e9s\/\/\/Carolina Alonso Romei\/\/\/Biden responde a la amenaza de aranceles de Trump a M\u00e9xico y Canad\u00e1"}]},{"@type":"WebSite","@id":"https:\/\/quehacerpolitico.mx\/#website","url":"https:\/\/quehacerpolitico.mx\/","name":"","description":"","potentialAction":[{"@type":"SearchAction","target":{"@type":"EntryPoint","urlTemplate":"https:\/\/quehacerpolitico.mx\/?s={search_term_string}"},"query-input":{"@type":"PropertyValueSpecification","valueRequired":true,"valueName":"search_term_string"}}],"inLanguage":"es"},{"@type":"Person","@id":"https:\/\/quehacerpolitico.mx\/#\/schema\/person\/496d8ad2d1d3f8036101dca7ee39e585","name":"Redacci\u00f3n QP","image":{"@type":"ImageObject","inLanguage":"es","@id":"https:\/\/secure.gravatar.com\/avatar\/c7164ed6fdec453195284ad24a5ae5b6e1eed2b848477fa2a4787ba9adf39a41?s=96&d=mm&r=g","url":"https:\/\/secure.gravatar.com\/avatar\/c7164ed6fdec453195284ad24a5ae5b6e1eed2b848477fa2a4787ba9adf39a41?s=96&d=mm&r=g","contentUrl":"https:\/\/secure.gravatar.com\/avatar\/c7164ed6fdec453195284ad24a5ae5b6e1eed2b848477fa2a4787ba9adf39a41?s=96&d=mm&r=g","caption":"Redacci\u00f3n QP"},"url":"https:\/\/quehacerpolitico.mx\/?author=2"}]}},"featured_image_urls":{"full":["https:\/\/quehacerpolitico.mx\/wp-content\/uploads\/2024\/11\/03fa6135-c3fe-44b7-8e96-c6ca323ffebb-6.jpeg",963,493,false],"thumbnail":["https:\/\/quehacerpolitico.mx\/wp-content\/uploads\/2024\/11\/03fa6135-c3fe-44b7-8e96-c6ca323ffebb-6-150x150.jpeg",150,150,true],"medium":["https:\/\/quehacerpolitico.mx\/wp-content\/uploads\/2024\/11\/03fa6135-c3fe-44b7-8e96-c6ca323ffebb-6-300x154.jpeg",300,154,true],"medium_large":["https:\/\/quehacerpolitico.mx\/wp-content\/uploads\/2024\/11\/03fa6135-c3fe-44b7-8e96-c6ca323ffebb-6-768x393.jpeg",640,328,true],"large":["https:\/\/quehacerpolitico.mx\/wp-content\/uploads\/2024\/11\/03fa6135-c3fe-44b7-8e96-c6ca323ffebb-6.jpeg",640,328,false],"1536x1536":["https:\/\/quehacerpolitico.mx\/wp-content\/uploads\/2024\/11\/03fa6135-c3fe-44b7-8e96-c6ca323ffebb-6.jpeg",963,493,false],"2048x2048":["https:\/\/quehacerpolitico.mx\/wp-content\/uploads\/2024\/11\/03fa6135-c3fe-44b7-8e96-c6ca323ffebb-6.jpeg",963,493,false],"covernews-featured":["https:\/\/quehacerpolitico.mx\/wp-content\/uploads\/2024\/11\/03fa6135-c3fe-44b7-8e96-c6ca323ffebb-6.jpeg",963,493,false],"covernews-medium":["https:\/\/quehacerpolitico.mx\/wp-content\/uploads\/2024\/11\/03fa6135-c3fe-44b7-8e96-c6ca323ffebb-6-540x340.jpeg",540,340,true]},"author_info":{"display_name":"Redacci\u00f3n QP","author_link":"https:\/\/quehacerpolitico.mx\/?author=2"},"category_info":"<a href=\"https:\/\/quehacerpolitico.mx\/?cat=1\" rel=\"category\">Internacionales<\/a>","tag_info":"Internacionales","comment_count":"0","_links":{"self":[{"href":"https:\/\/quehacerpolitico.mx\/index.php?rest_route=\/wp\/v2\/posts\/113558","targetHints":{"allow":["GET"]}}],"collection":[{"href":"https:\/\/quehacerpolitico.mx\/index.php?rest_route=\/wp\/v2\/posts"}],"about":[{"href":"https:\/\/quehacerpolitico.mx\/index.php?rest_route=\/wp\/v2\/types\/post"}],"author":[{"embeddable":true,"href":"https:\/\/quehacerpolitico.mx\/index.php?rest_route=\/wp\/v2\/users\/2"}],"replies":[{"embeddable":true,"href":"https:\/\/quehacerpolitico.mx\/index.php?rest_route=%2Fwp%2Fv2%2Fcomments&post=113558"}],"version-history":[{"count":1,"href":"https:\/\/quehacerpolitico.mx\/index.php?rest_route=\/wp\/v2\/posts\/113558\/revisions"}],"predecessor-version":[{"id":113560,"href":"https:\/\/quehacerpolitico.mx\/index.php?rest_route=\/wp\/v2\/posts\/113558\/revisions\/113560"}],"wp:featuredmedia":[{"embeddable":true,"href":"https:\/\/quehacerpolitico.mx\/index.php?rest_route=\/wp\/v2\/media\/113559"}],"wp:attachment":[{"href":"https:\/\/quehacerpolitico.mx\/index.php?rest_route=%2Fwp%2Fv2%2Fmedia&parent=113558"}],"wp:term":[{"taxonomy":"category","embeddable":true,"href":"https:\/\/quehacerpolitico.mx\/index.php?rest_route=%2Fwp%2Fv2%2Fcategories&post=113558"},{"taxonomy":"post_tag","embeddable":true,"href":"https:\/\/quehacerpolitico.mx\/index.php?rest_route=%2Fwp%2Fv2%2Ftags&post=113558"}],"curies":[{"name":"wp","href":"https:\/\/api.w.org\/{rel}","templated":true}]}}