{"id":113470,"date":"2024-11-21T12:55:09","date_gmt":"2024-11-21T18:55:09","guid":{"rendered":"https:\/\/quehacerpolitico.mx\/?p=113470"},"modified":"2024-11-21T12:55:09","modified_gmt":"2024-11-21T18:55:09","slug":"alcaldias-miguel-hidalgo-y-alvaro-obregon-dan-inicio-a-operativo-en-conjunto","status":"publish","type":"post","link":"https:\/\/quehacerpolitico.mx\/?p=113470","title":{"rendered":"Alcald\u00edas Miguel Hidalgo y \u00c1lvaro Obreg\u00f3n dan inicio a operativo en conjunto"},"content":{"rendered":"<p>Por Redacci\u00f3n QP<\/p>\n<p>Con el banderazo de arranque del Operativo Conjunto \u2018Prevenci\u00f3n del Delito\u2019 entre las alcald\u00edas Miguel Hidalgo y \u00c1lvaro Obreg\u00f3n, se busca coordinar esfuerzos para reforzar la seguridad y brindar tranquilidad a los habitantes de ambas demarcaciones.<\/p>\n<p>Mauricio Tabe, alcalde de Miguel Hidalgo asegur\u00f3 que en seguridad no debe haber colores, ni recelos, ni reservas, porque a la hora de enfrentar los problemas que le preocupan a la gente, los gobiernos tienen que trabajar por el mismo prop\u00f3sito.<\/p>\n<p>\u201cEste operativo conjunto es muestra de la voluntad que hay de los gobiernos para trabajar en un mismo fin, que es garantizar que nuestras vecinas y vecinos se sientan mucho m\u00e1s seguros, aqu\u00ed demostramos que la seguridad nos une, que la seguridad no tiene colores ni tampoco fronteras, sino que tenemos que trabajar en el mismo prop\u00f3sito\u201d, indic\u00f3.<\/p>\n<p><img loading=\"lazy\" decoding=\"async\" class=\"alignnone size-full wp-image-162767 entered embed-vis lazyloaded\" src=\"http:\/\/capital-cdmx.org\/wp-content\/uploads\/2024\/11\/Arrancan-operativo-conjunto-Miguel-Hidalgo-y-Alvaro-Obregon1.jpg\" alt=\"Arrancan operativo conjunto Miguel Hidalgo y \u00c1lvaro Obreg\u00f3n\" width=\"1280\" height=\"855\" data-lazy-src=\"http:\/\/capital-cdmx.org\/wp-content\/uploads\/2024\/11\/Arrancan-operativo-conjunto-Miguel-Hidalgo-y-Alvaro-Obregon1.jpg\" data-ll-status=\"loaded\" \/><\/p>\n<h6>Arrancan operativo conjunto Miguel Hidalgo y \u00c1lvaro Obreg\u00f3n<\/h6>\n<p>Sostuvo que con este dispositivo no s\u00f3lo mejorar\u00e1n la seguridad en sus demarcaciones, sino que pondr\u00e1n un \u2018granito de arena\u2019 para que la Ciudad sea mucho m\u00e1s segura, y adelant\u00f3 que en MH instalar\u00e1n c\u00e1maras de videovigilancia, lo que permitir\u00e1 compartir informaci\u00f3n de los delitos para los trabajos de investigaci\u00f3n que realicen ambas alcald\u00edas.<\/p>\n<p>https:\/\/x.com\/alcaldiamhmx\/status\/1859384059954114712?s=46&#038;t=pyttrToxhaPYSt_hljQQ_g<\/p>\n<p>Agreg\u00f3 que en colonias como 16 de septiembre, Am\u00e9rica, Observatorio y Daniel Garza, se cumplir\u00e1 el compromiso de mejorar la seguridad.<\/p>\n<p>Por su parte, para el alcalde en AO, Javier L\u00f3pez Casar\u00edn, el dispositivo es un ejemplo de la colaboraci\u00f3n institucional que debe existir, m\u00e1s all\u00e1 de las preferencias pol\u00edticas.<\/p>\n<p><img loading=\"lazy\" decoding=\"async\" class=\"alignnone size-full wp-image-162769 entered lazyloaded embed-vis\" src=\"http:\/\/capital-cdmx.org\/wp-content\/uploads\/2024\/11\/Arrancan-operativo-conjunto-Miguel-Hidalgo-y-Alvaro-Obregon3.jpg\" alt=\"Arrancan operativo conjunto Miguel Hidalgo y \u00c1lvaro Obreg\u00f3n\" width=\"1280\" height=\"855\" data-lazy-src=\"http:\/\/capital-cdmx.org\/wp-content\/uploads\/2024\/11\/Arrancan-operativo-conjunto-Miguel-Hidalgo-y-Alvaro-Obregon3.jpg\" data-ll-status=\"loaded\" \/><\/p>\n<h6>\u201cQue \u00e9ste sea un ejemplo del ejercicio de colaboraci\u00f3n que debe haber entre los gobiernos, en beneficio de las y los vecinos\u201d, dijo el titular de la \u00c1O.<\/h6>\n<p>Agreg\u00f3 que recientemente la Alcald\u00eda implement\u00f3 una nueva estrategia de seguridad, en la que se privilegia la coordinaci\u00f3n institucional, el aprovechamiento de nuevas tecnolog\u00edas, as\u00ed como acciones para fortalecer el tejido social.<\/p>\n<p>\u201cLa semana pasada presentamos el Sistema Integral de Seguridad 360 que tiene un componente esencial: la coordinaci\u00f3n con las autoridades del Gobierno de la CDMX y de nuestras alcald\u00edas vecinas\u201d.<\/p>\n<p>\u201cEntendemos que la seguridad tiene un car\u00e1cter colaborativo, donde debemos hacer equipo con la ciudadan\u00eda para recuperar la paz y la tranquilidad que merecen nuestras familias\u201d, indic\u00f3 L\u00f3pez Casar\u00edn.<\/p>\n<p>Luego de dar el banderazo de salida, el contingente encabezado por los alcaldes, realiz\u00f3 un recorrido por la zona lim\u00edtrofe entre ambas alcald\u00edas.<\/p>\n<p><img loading=\"lazy\" decoding=\"async\" class=\"alignnone size-full wp-image-162768 entered lazyloaded embed-vis\" src=\"http:\/\/capital-cdmx.org\/wp-content\/uploads\/2024\/11\/Arrancan-operativo-conjunto-Miguel-Hidalgo-y-Alvaro-Obregon2.jpg\" alt=\"Arrancan operativo conjunto Miguel Hidalgo y \u00c1lvaro Obreg\u00f3n\" width=\"1280\" height=\"858\" data-lazy-src=\"http:\/\/capital-cdmx.org\/wp-content\/uploads\/2024\/11\/Arrancan-operativo-conjunto-Miguel-Hidalgo-y-Alvaro-Obregon2.jpg\" data-ll-status=\"loaded\" \/><\/p>\n<p>Estuvieron presentes en el evento por parte de \u00c1lvaro Obreg\u00f3n: Andr\u00e9s Pelcastre Gonz\u00e1lez, Director de Seguridad Ciudadana; Humberto Gonz\u00e1lez D\u00edaz, Jefe de Oficina; Oscar Juan Alonso, Capit\u00e1n de la Guardia Nacional; Carlos Alberto G\u00f3mez Hern\u00e1ndez, Director General de Obras y Desarrollo Urbano, as\u00ed como Oswaldo Rivera Villar, de la Polic\u00eda Bancaria Industrial.<\/p>\n<p>Por Miguel Hidalgo, Marcela G\u00f3mez Zalce, Comisionada en Seguridad Ciudadana; Jos\u00e9 Antonio Pati\u00f1o Pastrana, Jefe de Oficina; Jos\u00e9 Bautista Mart\u00ednez, Sub agente de la Guardia Nacional y Oswaldo Antonio Briones Hern\u00e1ndez, Jefe del Sector Tacubaya.<\/p>\n","protected":false},"excerpt":{"rendered":"<p>Por Redacci\u00f3n QP Con el banderazo de arranque del Operativo Conjunto \u2018Prevenci\u00f3n del Delito\u2019 entre&#8230;<\/p>\n","protected":false},"author":2,"featured_media":113471,"comment_status":"open","ping_status":"open","sticky":false,"template":"","format":"standard","meta":{"_monsterinsights_skip_tracking":false,"_monsterinsights_sitenote_active":false,"_monsterinsights_sitenote_note":"","_monsterinsights_sitenote_category":0,"footnotes":""},"categories":[55],"tags":[],"class_list":["post-113470","post","type-post","status-publish","format-standard","has-post-thumbnail","hentry","category-cdmx"],"yoast_head":"<!-- This site is optimized with the Yoast SEO plugin v27.3 - https:\/\/yoast.com\/product\/yoast-seo-wordpress\/ -->\n<title>Alcald\u00edas Miguel Hidalgo y \u00c1lvaro Obreg\u00f3n dan inicio a operativo en conjunto -<\/title>\n<meta name=\"robots\" content=\"index, follow, max-snippet:-1, max-image-preview:large, max-video-preview:-1\" \/>\n<link rel=\"canonical\" href=\"https:\/\/quehacerpolitico.mx\/?p=113470\" \/>\n<meta property=\"og:locale\" content=\"es_MX\" \/>\n<meta property=\"og:type\" content=\"article\" \/>\n<meta property=\"og:title\" content=\"Alcald\u00edas Miguel Hidalgo y \u00c1lvaro Obreg\u00f3n dan inicio a operativo en conjunto -\" \/>\n<meta property=\"og:description\" content=\"Por Redacci\u00f3n QP Con el banderazo de arranque del Operativo Conjunto \u2018Prevenci\u00f3n del Delito\u2019 entre...\" \/>\n<meta property=\"og:url\" content=\"https:\/\/quehacerpolitico.mx\/?p=113470\" \/>\n<meta property=\"article:published_time\" content=\"2024-11-21T18:55:09+00:00\" \/>\n<meta property=\"og:image\" content=\"https:\/\/quehacerpolitico.mx\/wp-content\/uploads\/2024\/11\/IMG_9187.jpeg\" \/>\n\t<meta property=\"og:image:width\" content=\"1280\" \/>\n\t<meta property=\"og:image:height\" content=\"858\" \/>\n\t<meta property=\"og:image:type\" content=\"image\/jpeg\" \/>\n<meta name=\"author\" content=\"Redacci\u00f3n QP\" \/>\n<meta name=\"twitter:card\" content=\"summary_large_image\" \/>\n<meta name=\"twitter:label1\" content=\"Escrito por\" \/>\n\t<meta name=\"twitter:data1\" content=\"Redacci\u00f3n QP\" \/>\n\t<meta name=\"twitter:label2\" content=\"Tiempo de lectura\" \/>\n\t<meta name=\"twitter:data2\" content=\"3 minutos\" \/>\n<script type=\"application\/ld+json\" class=\"yoast-schema-graph\">{\"@context\":\"https:\\\/\\\/schema.org\",\"@graph\":[{\"@type\":\"Article\",\"@id\":\"https:\\\/\\\/quehacerpolitico.mx\\\/?p=113470#article\",\"isPartOf\":{\"@id\":\"https:\\\/\\\/quehacerpolitico.mx\\\/?p=113470\"},\"author\":{\"name\":\"Redacci\u00f3n QP\",\"@id\":\"https:\\\/\\\/quehacerpolitico.mx\\\/#\\\/schema\\\/person\\\/496d8ad2d1d3f8036101dca7ee39e585\"},\"headline\":\"Alcald\u00edas Miguel Hidalgo y \u00c1lvaro Obreg\u00f3n dan inicio a operativo en conjunto\",\"datePublished\":\"2024-11-21T18:55:09+00:00\",\"mainEntityOfPage\":{\"@id\":\"https:\\\/\\\/quehacerpolitico.mx\\\/?p=113470\"},\"wordCount\":550,\"commentCount\":0,\"image\":{\"@id\":\"https:\\\/\\\/quehacerpolitico.mx\\\/?p=113470#primaryimage\"},\"thumbnailUrl\":\"https:\\\/\\\/quehacerpolitico.mx\\\/wp-content\\\/uploads\\\/2024\\\/11\\\/IMG_9187.jpeg\",\"articleSection\":[\"CDMX\"],\"inLanguage\":\"es\",\"potentialAction\":[{\"@type\":\"CommentAction\",\"name\":\"Comment\",\"target\":[\"https:\\\/\\\/quehacerpolitico.mx\\\/?p=113470#respond\"]}]},{\"@type\":\"WebPage\",\"@id\":\"https:\\\/\\\/quehacerpolitico.mx\\\/?p=113470\",\"url\":\"https:\\\/\\\/quehacerpolitico.mx\\\/?p=113470\",\"name\":\"Alcald\u00edas Miguel Hidalgo y \u00c1lvaro Obreg\u00f3n dan inicio a operativo en conjunto -\",\"isPartOf\":{\"@id\":\"https:\\\/\\\/quehacerpolitico.mx\\\/#website\"},\"primaryImageOfPage\":{\"@id\":\"https:\\\/\\\/quehacerpolitico.mx\\\/?p=113470#primaryimage\"},\"image\":{\"@id\":\"https:\\\/\\\/quehacerpolitico.mx\\\/?p=113470#primaryimage\"},\"thumbnailUrl\":\"https:\\\/\\\/quehacerpolitico.mx\\\/wp-content\\\/uploads\\\/2024\\\/11\\\/IMG_9187.jpeg\",\"datePublished\":\"2024-11-21T18:55:09+00:00\",\"author\":{\"@id\":\"https:\\\/\\\/quehacerpolitico.mx\\\/#\\\/schema\\\/person\\\/496d8ad2d1d3f8036101dca7ee39e585\"},\"breadcrumb\":{\"@id\":\"https:\\\/\\\/quehacerpolitico.mx\\\/?p=113470#breadcrumb\"},\"inLanguage\":\"es\",\"potentialAction\":[{\"@type\":\"ReadAction\",\"target\":[\"https:\\\/\\\/quehacerpolitico.mx\\\/?p=113470\"]}]},{\"@type\":\"ImageObject\",\"inLanguage\":\"es\",\"@id\":\"https:\\\/\\\/quehacerpolitico.mx\\\/?p=113470#primaryimage\",\"url\":\"https:\\\/\\\/quehacerpolitico.mx\\\/wp-content\\\/uploads\\\/2024\\\/11\\\/IMG_9187.jpeg\",\"contentUrl\":\"https:\\\/\\\/quehacerpolitico.mx\\\/wp-content\\\/uploads\\\/2024\\\/11\\\/IMG_9187.jpeg\",\"width\":1280,\"height\":858},{\"@type\":\"BreadcrumbList\",\"@id\":\"https:\\\/\\\/quehacerpolitico.mx\\\/?p=113470#breadcrumb\",\"itemListElement\":[{\"@type\":\"ListItem\",\"position\":1,\"name\":\"Inicio\",\"item\":\"https:\\\/\\\/quehacerpolitico.mx\\\/\"},{\"@type\":\"ListItem\",\"position\":2,\"name\":\"Alcald\u00edas Miguel Hidalgo y \u00c1lvaro Obreg\u00f3n dan inicio a operativo en conjunto\"}]},{\"@type\":\"WebSite\",\"@id\":\"https:\\\/\\\/quehacerpolitico.mx\\\/#website\",\"url\":\"https:\\\/\\\/quehacerpolitico.mx\\\/\",\"name\":\"\",\"description\":\"\",\"potentialAction\":[{\"@type\":\"SearchAction\",\"target\":{\"@type\":\"EntryPoint\",\"urlTemplate\":\"https:\\\/\\\/quehacerpolitico.mx\\\/?s={search_term_string}\"},\"query-input\":{\"@type\":\"PropertyValueSpecification\",\"valueRequired\":true,\"valueName\":\"search_term_string\"}}],\"inLanguage\":\"es\"},{\"@type\":\"Person\",\"@id\":\"https:\\\/\\\/quehacerpolitico.mx\\\/#\\\/schema\\\/person\\\/496d8ad2d1d3f8036101dca7ee39e585\",\"name\":\"Redacci\u00f3n QP\",\"image\":{\"@type\":\"ImageObject\",\"inLanguage\":\"es\",\"@id\":\"https:\\\/\\\/secure.gravatar.com\\\/avatar\\\/c7164ed6fdec453195284ad24a5ae5b6e1eed2b848477fa2a4787ba9adf39a41?s=96&d=mm&r=g\",\"url\":\"https:\\\/\\\/secure.gravatar.com\\\/avatar\\\/c7164ed6fdec453195284ad24a5ae5b6e1eed2b848477fa2a4787ba9adf39a41?s=96&d=mm&r=g\",\"contentUrl\":\"https:\\\/\\\/secure.gravatar.com\\\/avatar\\\/c7164ed6fdec453195284ad24a5ae5b6e1eed2b848477fa2a4787ba9adf39a41?s=96&d=mm&r=g\",\"caption\":\"Redacci\u00f3n QP\"},\"url\":\"https:\\\/\\\/quehacerpolitico.mx\\\/?author=2\"}]}<\/script>\n<!-- \/ Yoast SEO plugin. -->","yoast_head_json":{"title":"Alcald\u00edas Miguel Hidalgo y \u00c1lvaro Obreg\u00f3n dan inicio a operativo en conjunto -","robots":{"index":"index","follow":"follow","max-snippet":"max-snippet:-1","max-image-preview":"max-image-preview:large","max-video-preview":"max-video-preview:-1"},"canonical":"https:\/\/quehacerpolitico.mx\/?p=113470","og_locale":"es_MX","og_type":"article","og_title":"Alcald\u00edas Miguel Hidalgo y \u00c1lvaro Obreg\u00f3n dan inicio a operativo en conjunto -","og_description":"Por Redacci\u00f3n QP Con el banderazo de arranque del Operativo Conjunto \u2018Prevenci\u00f3n del Delito\u2019 entre...","og_url":"https:\/\/quehacerpolitico.mx\/?p=113470","article_published_time":"2024-11-21T18:55:09+00:00","og_image":[{"width":1280,"height":858,"url":"https:\/\/quehacerpolitico.mx\/wp-content\/uploads\/2024\/11\/IMG_9187.jpeg","type":"image\/jpeg"}],"author":"Redacci\u00f3n QP","twitter_card":"summary_large_image","twitter_misc":{"Escrito por":"Redacci\u00f3n QP","Tiempo de lectura":"3 minutos"},"schema":{"@context":"https:\/\/schema.org","@graph":[{"@type":"Article","@id":"https:\/\/quehacerpolitico.mx\/?p=113470#article","isPartOf":{"@id":"https:\/\/quehacerpolitico.mx\/?p=113470"},"author":{"name":"Redacci\u00f3n QP","@id":"https:\/\/quehacerpolitico.mx\/#\/schema\/person\/496d8ad2d1d3f8036101dca7ee39e585"},"headline":"Alcald\u00edas Miguel Hidalgo y \u00c1lvaro Obreg\u00f3n dan inicio a operativo en conjunto","datePublished":"2024-11-21T18:55:09+00:00","mainEntityOfPage":{"@id":"https:\/\/quehacerpolitico.mx\/?p=113470"},"wordCount":550,"commentCount":0,"image":{"@id":"https:\/\/quehacerpolitico.mx\/?p=113470#primaryimage"},"thumbnailUrl":"https:\/\/quehacerpolitico.mx\/wp-content\/uploads\/2024\/11\/IMG_9187.jpeg","articleSection":["CDMX"],"inLanguage":"es","potentialAction":[{"@type":"CommentAction","name":"Comment","target":["https:\/\/quehacerpolitico.mx\/?p=113470#respond"]}]},{"@type":"WebPage","@id":"https:\/\/quehacerpolitico.mx\/?p=113470","url":"https:\/\/quehacerpolitico.mx\/?p=113470","name":"Alcald\u00edas Miguel Hidalgo y \u00c1lvaro Obreg\u00f3n dan inicio a operativo en conjunto -","isPartOf":{"@id":"https:\/\/quehacerpolitico.mx\/#website"},"primaryImageOfPage":{"@id":"https:\/\/quehacerpolitico.mx\/?p=113470#primaryimage"},"image":{"@id":"https:\/\/quehacerpolitico.mx\/?p=113470#primaryimage"},"thumbnailUrl":"https:\/\/quehacerpolitico.mx\/wp-content\/uploads\/2024\/11\/IMG_9187.jpeg","datePublished":"2024-11-21T18:55:09+00:00","author":{"@id":"https:\/\/quehacerpolitico.mx\/#\/schema\/person\/496d8ad2d1d3f8036101dca7ee39e585"},"breadcrumb":{"@id":"https:\/\/quehacerpolitico.mx\/?p=113470#breadcrumb"},"inLanguage":"es","potentialAction":[{"@type":"ReadAction","target":["https:\/\/quehacerpolitico.mx\/?p=113470"]}]},{"@type":"ImageObject","inLanguage":"es","@id":"https:\/\/quehacerpolitico.mx\/?p=113470#primaryimage","url":"https:\/\/quehacerpolitico.mx\/wp-content\/uploads\/2024\/11\/IMG_9187.jpeg","contentUrl":"https:\/\/quehacerpolitico.mx\/wp-content\/uploads\/2024\/11\/IMG_9187.jpeg","width":1280,"height":858},{"@type":"BreadcrumbList","@id":"https:\/\/quehacerpolitico.mx\/?p=113470#breadcrumb","itemListElement":[{"@type":"ListItem","position":1,"name":"Inicio","item":"https:\/\/quehacerpolitico.mx\/"},{"@type":"ListItem","position":2,"name":"Alcald\u00edas Miguel Hidalgo y \u00c1lvaro Obreg\u00f3n dan inicio a operativo en conjunto"}]},{"@type":"WebSite","@id":"https:\/\/quehacerpolitico.mx\/#website","url":"https:\/\/quehacerpolitico.mx\/","name":"","description":"","potentialAction":[{"@type":"SearchAction","target":{"@type":"EntryPoint","urlTemplate":"https:\/\/quehacerpolitico.mx\/?s={search_term_string}"},"query-input":{"@type":"PropertyValueSpecification","valueRequired":true,"valueName":"search_term_string"}}],"inLanguage":"es"},{"@type":"Person","@id":"https:\/\/quehacerpolitico.mx\/#\/schema\/person\/496d8ad2d1d3f8036101dca7ee39e585","name":"Redacci\u00f3n QP","image":{"@type":"ImageObject","inLanguage":"es","@id":"https:\/\/secure.gravatar.com\/avatar\/c7164ed6fdec453195284ad24a5ae5b6e1eed2b848477fa2a4787ba9adf39a41?s=96&d=mm&r=g","url":"https:\/\/secure.gravatar.com\/avatar\/c7164ed6fdec453195284ad24a5ae5b6e1eed2b848477fa2a4787ba9adf39a41?s=96&d=mm&r=g","contentUrl":"https:\/\/secure.gravatar.com\/avatar\/c7164ed6fdec453195284ad24a5ae5b6e1eed2b848477fa2a4787ba9adf39a41?s=96&d=mm&r=g","caption":"Redacci\u00f3n QP"},"url":"https:\/\/quehacerpolitico.mx\/?author=2"}]}},"featured_image_urls":{"full":["https:\/\/quehacerpolitico.mx\/wp-content\/uploads\/2024\/11\/IMG_9187.jpeg",1280,858,false],"thumbnail":["https:\/\/quehacerpolitico.mx\/wp-content\/uploads\/2024\/11\/IMG_9187-150x150.jpeg",150,150,true],"medium":["https:\/\/quehacerpolitico.mx\/wp-content\/uploads\/2024\/11\/IMG_9187-300x201.jpeg",300,201,true],"medium_large":["https:\/\/quehacerpolitico.mx\/wp-content\/uploads\/2024\/11\/IMG_9187-768x515.jpeg",640,429,true],"large":["https:\/\/quehacerpolitico.mx\/wp-content\/uploads\/2024\/11\/IMG_9187-1024x686.jpeg",640,429,true],"1536x1536":["https:\/\/quehacerpolitico.mx\/wp-content\/uploads\/2024\/11\/IMG_9187.jpeg",1280,858,false],"2048x2048":["https:\/\/quehacerpolitico.mx\/wp-content\/uploads\/2024\/11\/IMG_9187.jpeg",1280,858,false],"covernews-featured":["https:\/\/quehacerpolitico.mx\/wp-content\/uploads\/2024\/11\/IMG_9187-1024x686.jpeg",1024,686,true],"covernews-medium":["https:\/\/quehacerpolitico.mx\/wp-content\/uploads\/2024\/11\/IMG_9187-540x340.jpeg",540,340,true]},"author_info":{"display_name":"Redacci\u00f3n QP","author_link":"https:\/\/quehacerpolitico.mx\/?author=2"},"category_info":"<a href=\"https:\/\/quehacerpolitico.mx\/?cat=55\" rel=\"category\">CDMX<\/a>","tag_info":"CDMX","comment_count":"0","_links":{"self":[{"href":"https:\/\/quehacerpolitico.mx\/index.php?rest_route=\/wp\/v2\/posts\/113470","targetHints":{"allow":["GET"]}}],"collection":[{"href":"https:\/\/quehacerpolitico.mx\/index.php?rest_route=\/wp\/v2\/posts"}],"about":[{"href":"https:\/\/quehacerpolitico.mx\/index.php?rest_route=\/wp\/v2\/types\/post"}],"author":[{"embeddable":true,"href":"https:\/\/quehacerpolitico.mx\/index.php?rest_route=\/wp\/v2\/users\/2"}],"replies":[{"embeddable":true,"href":"https:\/\/quehacerpolitico.mx\/index.php?rest_route=%2Fwp%2Fv2%2Fcomments&post=113470"}],"version-history":[{"count":1,"href":"https:\/\/quehacerpolitico.mx\/index.php?rest_route=\/wp\/v2\/posts\/113470\/revisions"}],"predecessor-version":[{"id":113472,"href":"https:\/\/quehacerpolitico.mx\/index.php?rest_route=\/wp\/v2\/posts\/113470\/revisions\/113472"}],"wp:featuredmedia":[{"embeddable":true,"href":"https:\/\/quehacerpolitico.mx\/index.php?rest_route=\/wp\/v2\/media\/113471"}],"wp:attachment":[{"href":"https:\/\/quehacerpolitico.mx\/index.php?rest_route=%2Fwp%2Fv2%2Fmedia&parent=113470"}],"wp:term":[{"taxonomy":"category","embeddable":true,"href":"https:\/\/quehacerpolitico.mx\/index.php?rest_route=%2Fwp%2Fv2%2Fcategories&post=113470"},{"taxonomy":"post_tag","embeddable":true,"href":"https:\/\/quehacerpolitico.mx\/index.php?rest_route=%2Fwp%2Fv2%2Ftags&post=113470"}],"curies":[{"name":"wp","href":"https:\/\/api.w.org\/{rel}","templated":true}]}}