{"id":113264,"date":"2024-10-29T13:01:07","date_gmt":"2024-10-29T19:01:07","guid":{"rendered":"https:\/\/quehacerpolitico.mx\/?p=113264"},"modified":"2024-10-29T13:01:10","modified_gmt":"2024-10-29T19:01:10","slug":"alfredo-gutierrez-ortiz-mena-el-primero-en-presentar-se-renuncia-como-ministro-de-la-scjn-esta-renuncia-no-implica-una-aceptacion-tacita-de-la-constitucionalidad-de-la-reformaalpoderjudicial","status":"publish","type":"post","link":"https:\/\/quehacerpolitico.mx\/?p=113264","title":{"rendered":"Alfredo Guti\u00e9rrez Ortiz Mena, el primero en presentar se renuncia como ministro de la SCJN &#8220;Esta renuncia no implica una aceptaci\u00f3n t\u00e1cita de la constitucionalidad de la #ReformaAlPoderJudicial"},"content":{"rendered":"\n<p>Por Redacci\u00f3n QP<\/p>\n\n\n\n<p>Circul\u00f3 el escrito que envi\u00f3 el ministro Alfredo Guti\u00e9rrez Ortiz Mena al Senado en el que explic\u00f3 que no desea participar en el proceso de elecci\u00f3n el 2025<\/p>\n\n\n\n<p><strong>Alfredo Guti\u00e9rrez Ortiz Mena<\/strong>&nbsp;present\u00f3 su&nbsp;<strong>renuncia<\/strong>&nbsp;al cargo de&nbsp;<strong>ministro de la Suprema Corte de Justicia de la Naci\u00f3n&nbsp;<\/strong>(SCJN), que comenz\u00f3 en noviembre de 2012, en cumplimiento con la&nbsp;<strong>reforma judicial<\/strong>&nbsp;que establece que los integrantes del m\u00e1ximo tribunal deben renunciar a sus cargos antes del cierre de la convocatoria para el proceso electoral extraordinario que elegir\u00e1 a jueces, magistrados y ministros, pero puntualiz\u00f3 que su renuncia no implica aceptar la validez de la reforma.&nbsp;<\/p>\n\n\n\n<p>Previo al anuncio que har\u00e1n los\u00a0<strong>ministros<\/strong> este martes para declinar su participaci\u00f3n en la<strong>\u00a0elecci\u00f3n judicial<\/strong>, circul\u00f3 el escrito que envi\u00f3 e<strong>l ministro Guti\u00e9rrez Ortiz Mena<\/strong>\u00a0al Senado en el que explic\u00f3 que no desea participar en el proceso de elecci\u00f3n ya que no se considera un\u00a0<strong>candidato adecuado,<\/strong>\u00a0ya que la judicatura no es una funci\u00f3n que v\u00e1lida la voluntad de las mayor\u00edas, sino &#8220;resguardar los derechos de quienes m\u00e1s lo necesitan&#8221;.<\/p>\n\n\n\n<figure class=\"wp-block-image size-large\"><img loading=\"lazy\" decoding=\"async\" width=\"667\" height=\"1024\" src=\"https:\/\/quehacerpolitico.mx\/wp-content\/uploads\/2024\/10\/image-48-667x1024.jpeg\" alt=\"\" class=\"wp-image-113265\" srcset=\"https:\/\/quehacerpolitico.mx\/wp-content\/uploads\/2024\/10\/image-48-667x1024.jpeg 667w, https:\/\/quehacerpolitico.mx\/wp-content\/uploads\/2024\/10\/image-48-195x300.jpeg 195w, https:\/\/quehacerpolitico.mx\/wp-content\/uploads\/2024\/10\/image-48-768x1179.jpeg 768w, https:\/\/quehacerpolitico.mx\/wp-content\/uploads\/2024\/10\/image-48-1001x1536.jpeg 1001w, https:\/\/quehacerpolitico.mx\/wp-content\/uploads\/2024\/10\/image-48-1024x1572.jpeg 1024w, https:\/\/quehacerpolitico.mx\/wp-content\/uploads\/2024\/10\/image-48.jpeg 1284w\" sizes=\"auto, (max-width: 667px) 100vw, 667px\" \/><\/figure>\n\n\n\n<blockquote class=\"wp-block-quote is-layout-flow wp-block-quote-is-layout-flow\">\n<p>&#8220;Es necesario subrayar que esta&nbsp;<strong>renuncia<\/strong>&nbsp;no implica una aceptaci\u00f3n tacita de la constitucionalidad de la reforma, procedo conforme a la presunci\u00f3n de validez que toda norma merece. Esa presunci\u00f3n es provisional, fr\u00e1gil y tal vez destinada a desaparecer cuando la Corte emita su juicio final&#8221;, explic\u00f3 el ministro en el documento del que fuentes de la Corte confirmaron a&nbsp;<em>Latinus<\/em>&nbsp;su veracidad.<\/p>\n<\/blockquote>\n\n\n\n<p>La Corte hizo p\u00fablico este lunes el proyecto de sentencia que present\u00f3 el<strong>&nbsp;ministro Juan Luis Gonz\u00e1lez Alc\u00e1ntara Carranc\u00e1<\/strong>&nbsp;para resolver las&nbsp;<strong>impugnaciones<\/strong>&nbsp;en&nbsp;<strong>contra de la reforma judicial<\/strong>. En su proyecto, propone invalidar partes de la reforma judicial, como la figura de los jueces sin rostro, la supresi\u00f3n de los amparos con efectos generales y la elecci\u00f3n por voto popular de jueces y magistrados federales y juzgadores locales.&nbsp;<\/p>\n\n\n\n<p>Si dicho proyecto se aprueba sin cambios, se dejar\u00eda intacta la&nbsp;<strong>elecci\u00f3n de ministros<\/strong>, magistrados del Tribunal Electoral del Poder Judicial de la Federaci\u00f3n e integrantes del nuevo Tribunal de Disciplina Judicial, as\u00ed como la&nbsp;<strong>extinci\u00f3n de los fideicomisos judiciales,<\/strong>&nbsp;que existan plazos para que los juzgadores resuelvan asuntos fiscales y penales y la divisi\u00f3n del Consejo de la Judicatura Federal en el Tribunal de Disciplina Judicial y el \u00d3rgano de Administraci\u00f3n Judicial.<\/p>\n","protected":false},"excerpt":{"rendered":"<p>Por Redacci\u00f3n QP Circul\u00f3 el escrito que envi\u00f3 el ministro Alfredo Guti\u00e9rrez Ortiz Mena al&#8230;<\/p>\n","protected":false},"author":2,"featured_media":113266,"comment_status":"open","ping_status":"open","sticky":false,"template":"","format":"standard","meta":{"_monsterinsights_skip_tracking":false,"_monsterinsights_sitenote_active":false,"_monsterinsights_sitenote_note":"","_monsterinsights_sitenote_category":0,"footnotes":""},"categories":[280],"tags":[],"class_list":["post-113264","post","type-post","status-publish","format-standard","has-post-thumbnail","hentry","category-nacionales"],"yoast_head":"<!-- This site is optimized with the Yoast SEO plugin v27.3 - https:\/\/yoast.com\/product\/yoast-seo-wordpress\/ -->\n<title>Alfredo Guti\u00e9rrez Ortiz Mena, el primero en presentar se renuncia como ministro de la SCJN &quot;Esta renuncia no implica una aceptaci\u00f3n t\u00e1cita de la constitucionalidad de la #ReformaAlPoderJudicial -<\/title>\n<meta name=\"robots\" content=\"index, follow, max-snippet:-1, max-image-preview:large, max-video-preview:-1\" \/>\n<link rel=\"canonical\" href=\"https:\/\/quehacerpolitico.mx\/?p=113264\" \/>\n<meta property=\"og:locale\" content=\"es_MX\" \/>\n<meta property=\"og:type\" content=\"article\" \/>\n<meta property=\"og:title\" content=\"Alfredo Guti\u00e9rrez Ortiz Mena, el primero en presentar se renuncia como ministro de la SCJN &quot;Esta renuncia no implica una aceptaci\u00f3n t\u00e1cita de la constitucionalidad de la #ReformaAlPoderJudicial -\" \/>\n<meta property=\"og:description\" content=\"Por Redacci\u00f3n QP Circul\u00f3 el escrito que envi\u00f3 el ministro Alfredo Guti\u00e9rrez Ortiz Mena al...\" \/>\n<meta property=\"og:url\" content=\"https:\/\/quehacerpolitico.mx\/?p=113264\" \/>\n<meta property=\"article:published_time\" content=\"2024-10-29T19:01:07+00:00\" \/>\n<meta property=\"article:modified_time\" content=\"2024-10-29T19:01:10+00:00\" \/>\n<meta property=\"og:image\" content=\"https:\/\/quehacerpolitico.mx\/wp-content\/uploads\/2024\/10\/IMG_8910.jpeg\" \/>\n\t<meta property=\"og:image:width\" content=\"665\" \/>\n\t<meta property=\"og:image:height\" content=\"461\" \/>\n\t<meta property=\"og:image:type\" content=\"image\/jpeg\" \/>\n<meta name=\"author\" content=\"Redacci\u00f3n QP\" \/>\n<meta name=\"twitter:card\" content=\"summary_large_image\" \/>\n<meta name=\"twitter:label1\" content=\"Escrito por\" \/>\n\t<meta name=\"twitter:data1\" content=\"Redacci\u00f3n QP\" \/>\n\t<meta name=\"twitter:label2\" content=\"Tiempo de lectura\" \/>\n\t<meta name=\"twitter:data2\" content=\"2 minutos\" \/>\n<script type=\"application\/ld+json\" class=\"yoast-schema-graph\">{\"@context\":\"https:\\\/\\\/schema.org\",\"@graph\":[{\"@type\":\"Article\",\"@id\":\"https:\\\/\\\/quehacerpolitico.mx\\\/?p=113264#article\",\"isPartOf\":{\"@id\":\"https:\\\/\\\/quehacerpolitico.mx\\\/?p=113264\"},\"author\":{\"name\":\"Redacci\u00f3n QP\",\"@id\":\"https:\\\/\\\/quehacerpolitico.mx\\\/#\\\/schema\\\/person\\\/496d8ad2d1d3f8036101dca7ee39e585\"},\"headline\":\"Alfredo Guti\u00e9rrez Ortiz Mena, el primero en presentar se renuncia como ministro de la SCJN &#8220;Esta renuncia no implica una aceptaci\u00f3n t\u00e1cita de la constitucionalidad de la #ReformaAlPoderJudicial\",\"datePublished\":\"2024-10-29T19:01:07+00:00\",\"dateModified\":\"2024-10-29T19:01:10+00:00\",\"mainEntityOfPage\":{\"@id\":\"https:\\\/\\\/quehacerpolitico.mx\\\/?p=113264\"},\"wordCount\":467,\"commentCount\":0,\"image\":{\"@id\":\"https:\\\/\\\/quehacerpolitico.mx\\\/?p=113264#primaryimage\"},\"thumbnailUrl\":\"https:\\\/\\\/quehacerpolitico.mx\\\/wp-content\\\/uploads\\\/2024\\\/10\\\/IMG_8910.jpeg\",\"articleSection\":[\"Nacionales\"],\"inLanguage\":\"es\",\"potentialAction\":[{\"@type\":\"CommentAction\",\"name\":\"Comment\",\"target\":[\"https:\\\/\\\/quehacerpolitico.mx\\\/?p=113264#respond\"]}]},{\"@type\":\"WebPage\",\"@id\":\"https:\\\/\\\/quehacerpolitico.mx\\\/?p=113264\",\"url\":\"https:\\\/\\\/quehacerpolitico.mx\\\/?p=113264\",\"name\":\"Alfredo Guti\u00e9rrez Ortiz Mena, el primero en presentar se renuncia como ministro de la SCJN \\\"Esta renuncia no implica una aceptaci\u00f3n t\u00e1cita de la constitucionalidad de la #ReformaAlPoderJudicial -\",\"isPartOf\":{\"@id\":\"https:\\\/\\\/quehacerpolitico.mx\\\/#website\"},\"primaryImageOfPage\":{\"@id\":\"https:\\\/\\\/quehacerpolitico.mx\\\/?p=113264#primaryimage\"},\"image\":{\"@id\":\"https:\\\/\\\/quehacerpolitico.mx\\\/?p=113264#primaryimage\"},\"thumbnailUrl\":\"https:\\\/\\\/quehacerpolitico.mx\\\/wp-content\\\/uploads\\\/2024\\\/10\\\/IMG_8910.jpeg\",\"datePublished\":\"2024-10-29T19:01:07+00:00\",\"dateModified\":\"2024-10-29T19:01:10+00:00\",\"author\":{\"@id\":\"https:\\\/\\\/quehacerpolitico.mx\\\/#\\\/schema\\\/person\\\/496d8ad2d1d3f8036101dca7ee39e585\"},\"breadcrumb\":{\"@id\":\"https:\\\/\\\/quehacerpolitico.mx\\\/?p=113264#breadcrumb\"},\"inLanguage\":\"es\",\"potentialAction\":[{\"@type\":\"ReadAction\",\"target\":[\"https:\\\/\\\/quehacerpolitico.mx\\\/?p=113264\"]}]},{\"@type\":\"ImageObject\",\"inLanguage\":\"es\",\"@id\":\"https:\\\/\\\/quehacerpolitico.mx\\\/?p=113264#primaryimage\",\"url\":\"https:\\\/\\\/quehacerpolitico.mx\\\/wp-content\\\/uploads\\\/2024\\\/10\\\/IMG_8910.jpeg\",\"contentUrl\":\"https:\\\/\\\/quehacerpolitico.mx\\\/wp-content\\\/uploads\\\/2024\\\/10\\\/IMG_8910.jpeg\",\"width\":665,\"height\":461},{\"@type\":\"BreadcrumbList\",\"@id\":\"https:\\\/\\\/quehacerpolitico.mx\\\/?p=113264#breadcrumb\",\"itemListElement\":[{\"@type\":\"ListItem\",\"position\":1,\"name\":\"Inicio\",\"item\":\"https:\\\/\\\/quehacerpolitico.mx\\\/\"},{\"@type\":\"ListItem\",\"position\":2,\"name\":\"Alfredo Guti\u00e9rrez Ortiz Mena, el primero en presentar se renuncia como ministro de la SCJN &#8220;Esta renuncia no implica una aceptaci\u00f3n t\u00e1cita de la constitucionalidad de la #ReformaAlPoderJudicial\"}]},{\"@type\":\"WebSite\",\"@id\":\"https:\\\/\\\/quehacerpolitico.mx\\\/#website\",\"url\":\"https:\\\/\\\/quehacerpolitico.mx\\\/\",\"name\":\"\",\"description\":\"\",\"potentialAction\":[{\"@type\":\"SearchAction\",\"target\":{\"@type\":\"EntryPoint\",\"urlTemplate\":\"https:\\\/\\\/quehacerpolitico.mx\\\/?s={search_term_string}\"},\"query-input\":{\"@type\":\"PropertyValueSpecification\",\"valueRequired\":true,\"valueName\":\"search_term_string\"}}],\"inLanguage\":\"es\"},{\"@type\":\"Person\",\"@id\":\"https:\\\/\\\/quehacerpolitico.mx\\\/#\\\/schema\\\/person\\\/496d8ad2d1d3f8036101dca7ee39e585\",\"name\":\"Redacci\u00f3n QP\",\"image\":{\"@type\":\"ImageObject\",\"inLanguage\":\"es\",\"@id\":\"https:\\\/\\\/secure.gravatar.com\\\/avatar\\\/c7164ed6fdec453195284ad24a5ae5b6e1eed2b848477fa2a4787ba9adf39a41?s=96&d=mm&r=g\",\"url\":\"https:\\\/\\\/secure.gravatar.com\\\/avatar\\\/c7164ed6fdec453195284ad24a5ae5b6e1eed2b848477fa2a4787ba9adf39a41?s=96&d=mm&r=g\",\"contentUrl\":\"https:\\\/\\\/secure.gravatar.com\\\/avatar\\\/c7164ed6fdec453195284ad24a5ae5b6e1eed2b848477fa2a4787ba9adf39a41?s=96&d=mm&r=g\",\"caption\":\"Redacci\u00f3n QP\"},\"url\":\"https:\\\/\\\/quehacerpolitico.mx\\\/?author=2\"}]}<\/script>\n<!-- \/ Yoast SEO plugin. -->","yoast_head_json":{"title":"Alfredo Guti\u00e9rrez Ortiz Mena, el primero en presentar se renuncia como ministro de la SCJN \"Esta renuncia no implica una aceptaci\u00f3n t\u00e1cita de la constitucionalidad de la #ReformaAlPoderJudicial -","robots":{"index":"index","follow":"follow","max-snippet":"max-snippet:-1","max-image-preview":"max-image-preview:large","max-video-preview":"max-video-preview:-1"},"canonical":"https:\/\/quehacerpolitico.mx\/?p=113264","og_locale":"es_MX","og_type":"article","og_title":"Alfredo Guti\u00e9rrez Ortiz Mena, el primero en presentar se renuncia como ministro de la SCJN \"Esta renuncia no implica una aceptaci\u00f3n t\u00e1cita de la constitucionalidad de la #ReformaAlPoderJudicial -","og_description":"Por Redacci\u00f3n QP Circul\u00f3 el escrito que envi\u00f3 el ministro Alfredo Guti\u00e9rrez Ortiz Mena al...","og_url":"https:\/\/quehacerpolitico.mx\/?p=113264","article_published_time":"2024-10-29T19:01:07+00:00","article_modified_time":"2024-10-29T19:01:10+00:00","og_image":[{"width":665,"height":461,"url":"https:\/\/quehacerpolitico.mx\/wp-content\/uploads\/2024\/10\/IMG_8910.jpeg","type":"image\/jpeg"}],"author":"Redacci\u00f3n QP","twitter_card":"summary_large_image","twitter_misc":{"Escrito por":"Redacci\u00f3n QP","Tiempo de lectura":"2 minutos"},"schema":{"@context":"https:\/\/schema.org","@graph":[{"@type":"Article","@id":"https:\/\/quehacerpolitico.mx\/?p=113264#article","isPartOf":{"@id":"https:\/\/quehacerpolitico.mx\/?p=113264"},"author":{"name":"Redacci\u00f3n QP","@id":"https:\/\/quehacerpolitico.mx\/#\/schema\/person\/496d8ad2d1d3f8036101dca7ee39e585"},"headline":"Alfredo Guti\u00e9rrez Ortiz Mena, el primero en presentar se renuncia como ministro de la SCJN &#8220;Esta renuncia no implica una aceptaci\u00f3n t\u00e1cita de la constitucionalidad de la #ReformaAlPoderJudicial","datePublished":"2024-10-29T19:01:07+00:00","dateModified":"2024-10-29T19:01:10+00:00","mainEntityOfPage":{"@id":"https:\/\/quehacerpolitico.mx\/?p=113264"},"wordCount":467,"commentCount":0,"image":{"@id":"https:\/\/quehacerpolitico.mx\/?p=113264#primaryimage"},"thumbnailUrl":"https:\/\/quehacerpolitico.mx\/wp-content\/uploads\/2024\/10\/IMG_8910.jpeg","articleSection":["Nacionales"],"inLanguage":"es","potentialAction":[{"@type":"CommentAction","name":"Comment","target":["https:\/\/quehacerpolitico.mx\/?p=113264#respond"]}]},{"@type":"WebPage","@id":"https:\/\/quehacerpolitico.mx\/?p=113264","url":"https:\/\/quehacerpolitico.mx\/?p=113264","name":"Alfredo Guti\u00e9rrez Ortiz Mena, el primero en presentar se renuncia como ministro de la SCJN \"Esta renuncia no implica una aceptaci\u00f3n t\u00e1cita de la constitucionalidad de la #ReformaAlPoderJudicial -","isPartOf":{"@id":"https:\/\/quehacerpolitico.mx\/#website"},"primaryImageOfPage":{"@id":"https:\/\/quehacerpolitico.mx\/?p=113264#primaryimage"},"image":{"@id":"https:\/\/quehacerpolitico.mx\/?p=113264#primaryimage"},"thumbnailUrl":"https:\/\/quehacerpolitico.mx\/wp-content\/uploads\/2024\/10\/IMG_8910.jpeg","datePublished":"2024-10-29T19:01:07+00:00","dateModified":"2024-10-29T19:01:10+00:00","author":{"@id":"https:\/\/quehacerpolitico.mx\/#\/schema\/person\/496d8ad2d1d3f8036101dca7ee39e585"},"breadcrumb":{"@id":"https:\/\/quehacerpolitico.mx\/?p=113264#breadcrumb"},"inLanguage":"es","potentialAction":[{"@type":"ReadAction","target":["https:\/\/quehacerpolitico.mx\/?p=113264"]}]},{"@type":"ImageObject","inLanguage":"es","@id":"https:\/\/quehacerpolitico.mx\/?p=113264#primaryimage","url":"https:\/\/quehacerpolitico.mx\/wp-content\/uploads\/2024\/10\/IMG_8910.jpeg","contentUrl":"https:\/\/quehacerpolitico.mx\/wp-content\/uploads\/2024\/10\/IMG_8910.jpeg","width":665,"height":461},{"@type":"BreadcrumbList","@id":"https:\/\/quehacerpolitico.mx\/?p=113264#breadcrumb","itemListElement":[{"@type":"ListItem","position":1,"name":"Inicio","item":"https:\/\/quehacerpolitico.mx\/"},{"@type":"ListItem","position":2,"name":"Alfredo Guti\u00e9rrez Ortiz Mena, el primero en presentar se renuncia como ministro de la SCJN &#8220;Esta renuncia no implica una aceptaci\u00f3n t\u00e1cita de la constitucionalidad de la #ReformaAlPoderJudicial"}]},{"@type":"WebSite","@id":"https:\/\/quehacerpolitico.mx\/#website","url":"https:\/\/quehacerpolitico.mx\/","name":"","description":"","potentialAction":[{"@type":"SearchAction","target":{"@type":"EntryPoint","urlTemplate":"https:\/\/quehacerpolitico.mx\/?s={search_term_string}"},"query-input":{"@type":"PropertyValueSpecification","valueRequired":true,"valueName":"search_term_string"}}],"inLanguage":"es"},{"@type":"Person","@id":"https:\/\/quehacerpolitico.mx\/#\/schema\/person\/496d8ad2d1d3f8036101dca7ee39e585","name":"Redacci\u00f3n QP","image":{"@type":"ImageObject","inLanguage":"es","@id":"https:\/\/secure.gravatar.com\/avatar\/c7164ed6fdec453195284ad24a5ae5b6e1eed2b848477fa2a4787ba9adf39a41?s=96&d=mm&r=g","url":"https:\/\/secure.gravatar.com\/avatar\/c7164ed6fdec453195284ad24a5ae5b6e1eed2b848477fa2a4787ba9adf39a41?s=96&d=mm&r=g","contentUrl":"https:\/\/secure.gravatar.com\/avatar\/c7164ed6fdec453195284ad24a5ae5b6e1eed2b848477fa2a4787ba9adf39a41?s=96&d=mm&r=g","caption":"Redacci\u00f3n QP"},"url":"https:\/\/quehacerpolitico.mx\/?author=2"}]}},"featured_image_urls":{"full":["https:\/\/quehacerpolitico.mx\/wp-content\/uploads\/2024\/10\/IMG_8910.jpeg",665,461,false],"thumbnail":["https:\/\/quehacerpolitico.mx\/wp-content\/uploads\/2024\/10\/IMG_8910-150x150.jpeg",150,150,true],"medium":["https:\/\/quehacerpolitico.mx\/wp-content\/uploads\/2024\/10\/IMG_8910-300x208.jpeg",300,208,true],"medium_large":["https:\/\/quehacerpolitico.mx\/wp-content\/uploads\/2024\/10\/IMG_8910.jpeg",640,444,false],"large":["https:\/\/quehacerpolitico.mx\/wp-content\/uploads\/2024\/10\/IMG_8910.jpeg",640,444,false],"1536x1536":["https:\/\/quehacerpolitico.mx\/wp-content\/uploads\/2024\/10\/IMG_8910.jpeg",665,461,false],"2048x2048":["https:\/\/quehacerpolitico.mx\/wp-content\/uploads\/2024\/10\/IMG_8910.jpeg",665,461,false],"covernews-featured":["https:\/\/quehacerpolitico.mx\/wp-content\/uploads\/2024\/10\/IMG_8910.jpeg",665,461,false],"covernews-medium":["https:\/\/quehacerpolitico.mx\/wp-content\/uploads\/2024\/10\/IMG_8910-540x340.jpeg",540,340,true]},"author_info":{"display_name":"Redacci\u00f3n QP","author_link":"https:\/\/quehacerpolitico.mx\/?author=2"},"category_info":"<a href=\"https:\/\/quehacerpolitico.mx\/?cat=280\" rel=\"category\">Nacionales<\/a>","tag_info":"Nacionales","comment_count":"0","_links":{"self":[{"href":"https:\/\/quehacerpolitico.mx\/index.php?rest_route=\/wp\/v2\/posts\/113264","targetHints":{"allow":["GET"]}}],"collection":[{"href":"https:\/\/quehacerpolitico.mx\/index.php?rest_route=\/wp\/v2\/posts"}],"about":[{"href":"https:\/\/quehacerpolitico.mx\/index.php?rest_route=\/wp\/v2\/types\/post"}],"author":[{"embeddable":true,"href":"https:\/\/quehacerpolitico.mx\/index.php?rest_route=\/wp\/v2\/users\/2"}],"replies":[{"embeddable":true,"href":"https:\/\/quehacerpolitico.mx\/index.php?rest_route=%2Fwp%2Fv2%2Fcomments&post=113264"}],"version-history":[{"count":1,"href":"https:\/\/quehacerpolitico.mx\/index.php?rest_route=\/wp\/v2\/posts\/113264\/revisions"}],"predecessor-version":[{"id":113267,"href":"https:\/\/quehacerpolitico.mx\/index.php?rest_route=\/wp\/v2\/posts\/113264\/revisions\/113267"}],"wp:featuredmedia":[{"embeddable":true,"href":"https:\/\/quehacerpolitico.mx\/index.php?rest_route=\/wp\/v2\/media\/113266"}],"wp:attachment":[{"href":"https:\/\/quehacerpolitico.mx\/index.php?rest_route=%2Fwp%2Fv2%2Fmedia&parent=113264"}],"wp:term":[{"taxonomy":"category","embeddable":true,"href":"https:\/\/quehacerpolitico.mx\/index.php?rest_route=%2Fwp%2Fv2%2Fcategories&post=113264"},{"taxonomy":"post_tag","embeddable":true,"href":"https:\/\/quehacerpolitico.mx\/index.php?rest_route=%2Fwp%2Fv2%2Ftags&post=113264"}],"curies":[{"name":"wp","href":"https:\/\/api.w.org\/{rel}","templated":true}]}}